{"id":1424,"date":"1997-04-02T17:22:26","date_gmt":"1997-04-02T16:22:26","guid":{"rendered":"https:\/\/www.ac-am.fr\/?p=1424"},"modified":"2026-02-08T11:58:06","modified_gmt":"2026-02-08T10:58:06","slug":"les-sectes-suicidaires","status":"publish","type":"post","link":"https:\/\/www.ac-am.fr\/index.php\/1997\/04\/02\/les-sectes-suicidaires\/","title":{"rendered":"Les sectes suicidaires&#8230;"},"content":{"rendered":"<div style=\"background-image: url('\/wp-content\/uploads\/2025\/08\/granit_mv.gif'); background-attachment: fixed; border: 2px solid #000000; border-radius: 20px; opacity: 0.90;\">\n\n\n<figure class=\"wp-block-image aligncenter\"><img decoding=\"async\" src=\"https:\/\/www.ac-am.fr\/wp-content\/uploads\/2015\/09\/barre_mr.gif\" alt=\"barre marron\"\/><\/figure>\n\n\n\n<div class=\"wp-block-group is-content-justification-center is-nowrap is-layout-flex wp-container-core-group-is-layout-f56f9fcf wp-block-group-is-layout-flex\">\n<figure class=\"wp-block-image size-full\"><a href=\"https:\/\/www.ac-am.fr\/wp-content\/uploads\/2015\/10\/retepouv.gif\"><img loading=\"lazy\" decoding=\"async\" width=\"380\" height=\"100\" src=\"https:\/\/www.ac-am.fr\/wp-content\/uploads\/2015\/10\/retepouv.gif\" alt=\"Titre r\u00e9flexion et t\u00e9moignage\" class=\"wp-image-978\"\/><\/a><\/figure>\n\n\n\n<figure class=\"wp-block-image size-full\"><a href=\"https:\/\/www.ac-am.fr\/wp-content\/uploads\/2015\/09\/cal1997.gif\"><img decoding=\"async\" src=\"https:\/\/www.ac-am.fr\/wp-content\/uploads\/2015\/09\/cal1997.gif\" alt=\"Calendrier ann\u00e9e 1997\" class=\"wp-image-900\"\/><\/a><\/figure>\n<\/div>\n\n\n\n<figure class=\"wp-block-image aligncenter\"><img decoding=\"async\" src=\"https:\/\/www.ac-am.fr\/wp-content\/uploads\/2015\/09\/barre_mr.gif\" alt=\"barre marron\"\/><\/figure>\n\n\n\n<p class=\"wp-block-paragraph\"><img decoding=\"async\" src=\"https:\/\/www.ac-am.fr\/wp-content\/uploads\/2015\/09\/balle02.gif\" alt=\"\"> Je ne peux pas faire autrement que d&rsquo;\u00eatre d&rsquo;accord avec <a href=\"https:\/\/www.ac-am.fr\/index.php\/1997\/03\/29\/et-tout-continue\/\">l&rsquo;essentiel de vos propos.<\/a><\/p>\n\n\n\n<p class=\"wp-block-paragraph\"><img decoding=\"async\" src=\"https:\/\/www.ac-am.fr\/wp-content\/uploads\/2015\/09\/balle02.gif\" alt=\"\"> Je n&rsquo;aurais qu&rsquo;une petite chose \u00e0 pr\u00e9ciser que je calcule d&rsquo;une grande importance quant aux sectes suicidaires vers les Ordres initiatiques authentiques tels les Francs-Ma\u00e7ons, l&rsquo;Ordre de la Rose-Croix A.M.O.R.C. et l&rsquo;Ordre Martiniste Traditionnel. Les v\u00e9ritables fraternit\u00e9s initiatiques font tout en leur pouvoir pour faire comprendre \u00e0 leurs membres que la seule mort qui existe v\u00e9ritablement c&rsquo;est celle qui consiste \u00e0 mourir au n\u00e9gatif de nos vies, \u00e0 nos d\u00e9fauts afin de faire la transmutation mentale voulue pour que nos vies quotidiennes deviennent positives par le service et que les qualit\u00e9s et les vertus prennent toute la place dans le c\u0153ur de chaque adepte.<\/p>\n\n\n\n<p class=\"wp-block-paragraph\"><img decoding=\"async\" src=\"https:\/\/www.ac-am.fr\/wp-content\/uploads\/2015\/09\/balle02.gif\" alt=\"\"> Si chaque humain s&rsquo;effor\u00e7ait de se mettre \u00e0 l&rsquo;\u00e9coute de son Ma\u00eetre int\u00e9rieur et \u00e0 lui ob\u00e9ir, on n&rsquo;aurait pas besoin de gourou ni de ma\u00eetres \u00e0 penser \u00e0 qui on s&rsquo;abandonne corps et \u00e2me. Nous n&rsquo;avons pas \u00e0 juger ces pauvres \u00e2mes assoiff\u00e9es de spiritualit\u00e9, mais nous avons \u00e0 d\u00e9velopper un esprit critique \u00e0 l&rsquo;\u00e9gard de toutes ces sectes qui ali\u00e8nent l&rsquo;individu et r\u00e9duisent leurs membres \u00e0 l&rsquo;\u00e9tat d&rsquo;objet. On peut juger ces \u00ab\u00a0institutions\u00a0\u00bb, cependant on juge un arbre \u00e0 ses fruits. Ces fruits sont identifi\u00e9s \u00e0 des hallucinations, \u00e0 des absurdit\u00e9s qui tiennent de la science fiction, \u00e0 l&rsquo;exclusion de leur famille, de leur soci\u00e9t\u00e9 d&rsquo;origine, au repliement sur leur ego et sur le noyau dur du malade qu&rsquo;est leur gourou qui n&rsquo;engendre que la mort. Et pourtant, ces gens se recommandent souvent du Ma\u00eetre J\u00e9sus qui a dit : \u00ab\u00a0Je suis venu vous apporter la Vie et je veux que vous l\u2019ayez en abondance\u00a0\u00bb.<\/p>\n\n\n\n<p class=\"wp-block-paragraph\"><img decoding=\"async\" src=\"https:\/\/www.ac-am.fr\/wp-content\/uploads\/2015\/09\/balle02.gif\" alt=\"\"> Mon cher Claude B. devant de tels auto-massacres que s&rsquo;infligent nos fr\u00e8res et s\u0153urs humains \u00e0 l&rsquo;approche du 3\u00e8me mill\u00e9naire, nous nous sentons tristes et impuissants. Le seul moyen que je vois \u00e0 part l&rsquo;esprit critique que nous d\u00e9veloppons \u00e0 l&rsquo;endroit de ces groupuscules, c&rsquo;est d&rsquo;essayer, \u00e0 chaque jour de nourrir un plus \u00e0 nous-m\u00eames afin que le Principe Christique ou son Esprit envahisse chacune de nos cellules pour mieux impr\u00e9gner nos pens\u00e9es, nos paroles et nos actes. Selon le principe des vases communicants, puisque les humains ne forment qu&rsquo;Un dans le P\u00e8re, si chaque individu s&rsquo;am\u00e9liore, c&rsquo;est tout le niveau de conscience de l&rsquo;humanit\u00e9 qui s&rsquo;\u00e9largit et s&rsquo;\u00e9l\u00e8ve.<\/p>\n\n\n\n<p class=\"wp-block-paragraph\"><em>[<a href=\"https:\/\/www.ac-am.fr\/index.php\/contact-acam\/\">Maurice L. &#8211; le 02-04-97<\/a>]<\/em><\/p>\n\n\n<\/div><div style=\"padding-bottom:20px; padding-top:10px;\" class=\"hupso-share-buttons\"><!-- Hupso Share Buttons - https:\/\/www.hupso.com\/share\/ --><a class=\"hupso_toolbar\" href=\"https:\/\/www.hupso.com\/share\/\"><img decoding=\"async\" src=\"https:\/\/static.hupso.com\/share\/buttons\/lang\/fr\/share.png\" style=\"border:0px; padding-top: 5px; float:left;\" alt=\"Share Button\"\/><\/a><script type=\"text\/javascript\">var hupso_services_t=new Array(\"Twitter\",\"Facebook\",\"Google Plus\");var hupso_background_t=\"#EAF4FF\";var hupso_border_t=\"#66CCFF\";var hupso_toolbar_size_t=\"big\";var hupso_image_folder_url = \"\";var hupso_url_t=\"\";var hupso_title_t=\"Les%20sectes%20suicidaires...\";<\/script><script type=\"text\/javascript\" src=\"https:\/\/static.hupso.com\/share\/js\/share_toolbar.js\"><\/script><!-- Hupso Share Buttons --><\/div>","protected":false},"excerpt":{"rendered":"<p>Je ne peux pas faire autrement que d&rsquo;\u00eatre d&rsquo;accord avec l&rsquo;essentiel de vos propos. Je&#8230;<\/p>\n","protected":false},"author":9,"featured_media":5130,"comment_status":"closed","ping_status":"open","sticky":false,"template":"","format":"standard","meta":{"footnotes":""},"categories":[25],"tags":[],"class_list":["post-1424","post","type-post","status-publish","format-standard","has-post-thumbnail","hentry","category-1997-inities"],"yoast_head":"<!-- This site is optimized with the Yoast SEO plugin v28.3 - https:\/\/yoast.com\/product\/yoast-seo-wordpress\/ -->\n<title>Les sectes suicidaires... - Autre Conscience, Autre Monde<\/title>\n<meta name=\"description\" content=\"Et pourtant, ces gens se recommandent souvent du Ma\u00eetre J\u00e9sus qui a dit : &quot;Je suis venu vous apporter la Vie...\" \/>\n<meta name=\"robots\" content=\"index, follow, max-snippet:-1, max-image-preview:large, max-video-preview:-1\" \/>\n<link rel=\"canonical\" href=\"https:\/\/www.ac-am.fr\/index.php\/1997\/04\/02\/les-sectes-suicidaires\/\" \/>\n<meta property=\"og:locale\" content=\"fr_FR\" \/>\n<meta property=\"og:type\" content=\"article\" \/>\n<meta property=\"og:title\" content=\"Les sectes suicidaires... - Autre Conscience, Autre Monde\" \/>\n<meta property=\"og:description\" content=\"Et pourtant, ces gens se recommandent souvent du Ma\u00eetre J\u00e9sus qui a dit : &quot;Je suis venu vous apporter la Vie...\" \/>\n<meta property=\"og:url\" content=\"https:\/\/www.ac-am.fr\/index.php\/1997\/04\/02\/les-sectes-suicidaires\/\" \/>\n<meta property=\"og:site_name\" content=\"Autre Conscience, Autre Monde\" \/>\n<meta property=\"article:publisher\" content=\"https:\/\/fr-fr.facebook.com\/claude.acam\/\" \/>\n<meta property=\"article:published_time\" content=\"1997-04-02T16:22:26+00:00\" \/>\n<meta property=\"article:modified_time\" content=\"2026-02-08T10:58:06+00:00\" \/>\n<meta property=\"og:image\" content=\"https:\/\/www.ac-am.fr\/wp-content\/uploads\/1997\/04\/les_sectes_suicidaires_par_IA.jpg\" \/>\n\t<meta property=\"og:image:width\" content=\"800\" \/>\n\t<meta property=\"og:image:height\" content=\"800\" \/>\n\t<meta property=\"og:image:type\" content=\"image\/jpeg\" \/>\n<meta name=\"author\" content=\"Maurice L.\" \/>\n<meta name=\"twitter:card\" content=\"summary_large_image\" \/>\n<meta name=\"twitter:label1\" content=\"\u00c9crit par\" \/>\n\t<meta name=\"twitter:data1\" content=\"Maurice L.\" \/>\n\t<meta name=\"twitter:label2\" content=\"Dur\u00e9e de lecture estim\u00e9e\" \/>\n\t<meta name=\"twitter:data2\" content=\"4 minutes\" \/>\n<script type=\"application\/ld+json\" class=\"yoast-schema-graph\">{\"@context\":\"https:\\\/\\\/schema.org\",\"@graph\":[{\"@type\":\"Article\",\"@id\":\"https:\\\/\\\/www.ac-am.fr\\\/index.php\\\/1997\\\/04\\\/02\\\/les-sectes-suicidaires\\\/#article\",\"isPartOf\":{\"@id\":\"https:\\\/\\\/www.ac-am.fr\\\/index.php\\\/1997\\\/04\\\/02\\\/les-sectes-suicidaires\\\/\"},\"author\":{\"name\":\"Maurice L.\",\"@id\":\"https:\\\/\\\/www.ac-am.fr\\\/#\\\/schema\\\/person\\\/cef0c12408e95610602510c0ce127013\"},\"headline\":\"Les sectes suicidaires&#8230;\",\"datePublished\":\"1997-04-02T16:22:26+00:00\",\"dateModified\":\"2026-02-08T10:58:06+00:00\",\"mainEntityOfPage\":{\"@id\":\"https:\\\/\\\/www.ac-am.fr\\\/index.php\\\/1997\\\/04\\\/02\\\/les-sectes-suicidaires\\\/\"},\"wordCount\":443,\"publisher\":{\"@id\":\"https:\\\/\\\/www.ac-am.fr\\\/#organization\"},\"image\":{\"@id\":\"https:\\\/\\\/www.ac-am.fr\\\/index.php\\\/1997\\\/04\\\/02\\\/les-sectes-suicidaires\\\/#primaryimage\"},\"thumbnailUrl\":\"https:\\\/\\\/www.ac-am.fr\\\/wp-content\\\/uploads\\\/1997\\\/04\\\/les_sectes_suicidaires_par_IA.jpg\",\"articleSection\":[\"1997 - INITI\u00c9S\"],\"inLanguage\":\"fr-FR\"},{\"@type\":\"WebPage\",\"@id\":\"https:\\\/\\\/www.ac-am.fr\\\/index.php\\\/1997\\\/04\\\/02\\\/les-sectes-suicidaires\\\/\",\"url\":\"https:\\\/\\\/www.ac-am.fr\\\/index.php\\\/1997\\\/04\\\/02\\\/les-sectes-suicidaires\\\/\",\"name\":\"Les sectes suicidaires... - Autre Conscience, Autre Monde\",\"isPartOf\":{\"@id\":\"https:\\\/\\\/www.ac-am.fr\\\/#website\"},\"primaryImageOfPage\":{\"@id\":\"https:\\\/\\\/www.ac-am.fr\\\/index.php\\\/1997\\\/04\\\/02\\\/les-sectes-suicidaires\\\/#primaryimage\"},\"image\":{\"@id\":\"https:\\\/\\\/www.ac-am.fr\\\/index.php\\\/1997\\\/04\\\/02\\\/les-sectes-suicidaires\\\/#primaryimage\"},\"thumbnailUrl\":\"https:\\\/\\\/www.ac-am.fr\\\/wp-content\\\/uploads\\\/1997\\\/04\\\/les_sectes_suicidaires_par_IA.jpg\",\"datePublished\":\"1997-04-02T16:22:26+00:00\",\"dateModified\":\"2026-02-08T10:58:06+00:00\",\"description\":\"Et pourtant, ces gens se recommandent souvent du Ma\u00eetre J\u00e9sus qui a dit : \\\"Je suis venu vous apporter la Vie...\",\"breadcrumb\":{\"@id\":\"https:\\\/\\\/www.ac-am.fr\\\/index.php\\\/1997\\\/04\\\/02\\\/les-sectes-suicidaires\\\/#breadcrumb\"},\"inLanguage\":\"fr-FR\",\"potentialAction\":[{\"@type\":\"ReadAction\",\"target\":[\"https:\\\/\\\/www.ac-am.fr\\\/index.php\\\/1997\\\/04\\\/02\\\/les-sectes-suicidaires\\\/\"]}]},{\"@type\":\"ImageObject\",\"inLanguage\":\"fr-FR\",\"@id\":\"https:\\\/\\\/www.ac-am.fr\\\/index.php\\\/1997\\\/04\\\/02\\\/les-sectes-suicidaires\\\/#primaryimage\",\"url\":\"https:\\\/\\\/www.ac-am.fr\\\/wp-content\\\/uploads\\\/1997\\\/04\\\/les_sectes_suicidaires_par_IA.jpg\",\"contentUrl\":\"https:\\\/\\\/www.ac-am.fr\\\/wp-content\\\/uploads\\\/1997\\\/04\\\/les_sectes_suicidaires_par_IA.jpg\",\"width\":800,\"height\":800,\"caption\":\"Les sectes suicidaires fabriqu\u00e9es par l'IA\"},{\"@type\":\"BreadcrumbList\",\"@id\":\"https:\\\/\\\/www.ac-am.fr\\\/index.php\\\/1997\\\/04\\\/02\\\/les-sectes-suicidaires\\\/#breadcrumb\",\"itemListElement\":[{\"@type\":\"ListItem\",\"position\":1,\"name\":\"Accueil\",\"item\":\"https:\\\/\\\/www.ac-am.fr\\\/\"},{\"@type\":\"ListItem\",\"position\":2,\"name\":\"Les sectes suicidaires&#8230;\"}]},{\"@type\":\"WebSite\",\"@id\":\"https:\\\/\\\/www.ac-am.fr\\\/#website\",\"url\":\"https:\\\/\\\/www.ac-am.fr\\\/\",\"name\":\"Autre Conscience, Autre Monde\",\"description\":\"\",\"publisher\":{\"@id\":\"https:\\\/\\\/www.ac-am.fr\\\/#organization\"},\"potentialAction\":[{\"@type\":\"SearchAction\",\"target\":{\"@type\":\"EntryPoint\",\"urlTemplate\":\"https:\\\/\\\/www.ac-am.fr\\\/?s={search_term_string}\"},\"query-input\":{\"@type\":\"PropertyValueSpecification\",\"valueRequired\":true,\"valueName\":\"search_term_string\"}}],\"inLanguage\":\"fr-FR\"},{\"@type\":\"Organization\",\"@id\":\"https:\\\/\\\/www.ac-am.fr\\\/#organization\",\"name\":\"Autre Conscience, Autre Monde\",\"url\":\"https:\\\/\\\/www.ac-am.fr\\\/\",\"logo\":{\"@type\":\"ImageObject\",\"inLanguage\":\"fr-FR\",\"@id\":\"https:\\\/\\\/www.ac-am.fr\\\/#\\\/schema\\\/logo\\\/image\\\/\",\"url\":\"https:\\\/\\\/www.ac-am.fr\\\/wp-content\\\/uploads\\\/2015\\\/10\\\/bd_ac_am.gif\",\"contentUrl\":\"https:\\\/\\\/www.ac-am.fr\\\/wp-content\\\/uploads\\\/2015\\\/10\\\/bd_ac_am.gif\",\"width\":370,\"height\":65,\"caption\":\"Autre Conscience, Autre Monde\"},\"image\":{\"@id\":\"https:\\\/\\\/www.ac-am.fr\\\/#\\\/schema\\\/logo\\\/image\\\/\"},\"sameAs\":[\"https:\\\/\\\/fr-fr.facebook.com\\\/claude.acam\\\/\",\"https:\\\/\\\/www.youtube.com\\\/user\\\/consciencemonde\"]},{\"@type\":\"Person\",\"@id\":\"https:\\\/\\\/www.ac-am.fr\\\/#\\\/schema\\\/person\\\/cef0c12408e95610602510c0ce127013\",\"name\":\"Maurice L.\",\"image\":{\"@type\":\"ImageObject\",\"inLanguage\":\"fr-FR\",\"@id\":\"https:\\\/\\\/secure.gravatar.com\\\/avatar\\\/3761b5f745dac7ddc8d348d20e1cec31d8d3948a2509edcd6e9d2eccc8b359e4?s=96&d=identicon&r=g\",\"url\":\"https:\\\/\\\/secure.gravatar.com\\\/avatar\\\/3761b5f745dac7ddc8d348d20e1cec31d8d3948a2509edcd6e9d2eccc8b359e4?s=96&d=identicon&r=g\",\"contentUrl\":\"https:\\\/\\\/secure.gravatar.com\\\/avatar\\\/3761b5f745dac7ddc8d348d20e1cec31d8d3948a2509edcd6e9d2eccc8b359e4?s=96&d=identicon&r=g\",\"caption\":\"Maurice L.\"},\"url\":\"https:\\\/\\\/www.ac-am.fr\\\/index.php\\\/author\\\/maurice-l\\\/\"}]}<\/script>\n<!-- \/ Yoast SEO plugin. -->","yoast_head_json":{"title":"Les sectes suicidaires... - Autre Conscience, Autre Monde","description":"Et pourtant, ces gens se recommandent souvent du Ma\u00eetre J\u00e9sus qui a dit : \"Je suis venu vous apporter la Vie...","robots":{"index":"index","follow":"follow","max-snippet":"max-snippet:-1","max-image-preview":"max-image-preview:large","max-video-preview":"max-video-preview:-1"},"canonical":"https:\/\/www.ac-am.fr\/index.php\/1997\/04\/02\/les-sectes-suicidaires\/","og_locale":"fr_FR","og_type":"article","og_title":"Les sectes suicidaires... - Autre Conscience, Autre Monde","og_description":"Et pourtant, ces gens se recommandent souvent du Ma\u00eetre J\u00e9sus qui a dit : \"Je suis venu vous apporter la Vie...","og_url":"https:\/\/www.ac-am.fr\/index.php\/1997\/04\/02\/les-sectes-suicidaires\/","og_site_name":"Autre Conscience, Autre Monde","article_publisher":"https:\/\/fr-fr.facebook.com\/claude.acam\/","article_published_time":"1997-04-02T16:22:26+00:00","article_modified_time":"2026-02-08T10:58:06+00:00","og_image":[{"width":800,"height":800,"url":"https:\/\/www.ac-am.fr\/wp-content\/uploads\/1997\/04\/les_sectes_suicidaires_par_IA.jpg","type":"image\/jpeg"}],"author":"Maurice L.","twitter_card":"summary_large_image","twitter_misc":{"\u00c9crit par":"Maurice L.","Dur\u00e9e de lecture estim\u00e9e":"4 minutes"},"schema":{"@context":"https:\/\/schema.org","@graph":[{"@type":"Article","@id":"https:\/\/www.ac-am.fr\/index.php\/1997\/04\/02\/les-sectes-suicidaires\/#article","isPartOf":{"@id":"https:\/\/www.ac-am.fr\/index.php\/1997\/04\/02\/les-sectes-suicidaires\/"},"author":{"name":"Maurice L.","@id":"https:\/\/www.ac-am.fr\/#\/schema\/person\/cef0c12408e95610602510c0ce127013"},"headline":"Les sectes suicidaires&#8230;","datePublished":"1997-04-02T16:22:26+00:00","dateModified":"2026-02-08T10:58:06+00:00","mainEntityOfPage":{"@id":"https:\/\/www.ac-am.fr\/index.php\/1997\/04\/02\/les-sectes-suicidaires\/"},"wordCount":443,"publisher":{"@id":"https:\/\/www.ac-am.fr\/#organization"},"image":{"@id":"https:\/\/www.ac-am.fr\/index.php\/1997\/04\/02\/les-sectes-suicidaires\/#primaryimage"},"thumbnailUrl":"https:\/\/www.ac-am.fr\/wp-content\/uploads\/1997\/04\/les_sectes_suicidaires_par_IA.jpg","articleSection":["1997 - INITI\u00c9S"],"inLanguage":"fr-FR"},{"@type":"WebPage","@id":"https:\/\/www.ac-am.fr\/index.php\/1997\/04\/02\/les-sectes-suicidaires\/","url":"https:\/\/www.ac-am.fr\/index.php\/1997\/04\/02\/les-sectes-suicidaires\/","name":"Les sectes suicidaires... - Autre Conscience, Autre Monde","isPartOf":{"@id":"https:\/\/www.ac-am.fr\/#website"},"primaryImageOfPage":{"@id":"https:\/\/www.ac-am.fr\/index.php\/1997\/04\/02\/les-sectes-suicidaires\/#primaryimage"},"image":{"@id":"https:\/\/www.ac-am.fr\/index.php\/1997\/04\/02\/les-sectes-suicidaires\/#primaryimage"},"thumbnailUrl":"https:\/\/www.ac-am.fr\/wp-content\/uploads\/1997\/04\/les_sectes_suicidaires_par_IA.jpg","datePublished":"1997-04-02T16:22:26+00:00","dateModified":"2026-02-08T10:58:06+00:00","description":"Et pourtant, ces gens se recommandent souvent du Ma\u00eetre J\u00e9sus qui a dit : \"Je suis venu vous apporter la Vie...","breadcrumb":{"@id":"https:\/\/www.ac-am.fr\/index.php\/1997\/04\/02\/les-sectes-suicidaires\/#breadcrumb"},"inLanguage":"fr-FR","potentialAction":[{"@type":"ReadAction","target":["https:\/\/www.ac-am.fr\/index.php\/1997\/04\/02\/les-sectes-suicidaires\/"]}]},{"@type":"ImageObject","inLanguage":"fr-FR","@id":"https:\/\/www.ac-am.fr\/index.php\/1997\/04\/02\/les-sectes-suicidaires\/#primaryimage","url":"https:\/\/www.ac-am.fr\/wp-content\/uploads\/1997\/04\/les_sectes_suicidaires_par_IA.jpg","contentUrl":"https:\/\/www.ac-am.fr\/wp-content\/uploads\/1997\/04\/les_sectes_suicidaires_par_IA.jpg","width":800,"height":800,"caption":"Les sectes suicidaires fabriqu\u00e9es par l'IA"},{"@type":"BreadcrumbList","@id":"https:\/\/www.ac-am.fr\/index.php\/1997\/04\/02\/les-sectes-suicidaires\/#breadcrumb","itemListElement":[{"@type":"ListItem","position":1,"name":"Accueil","item":"https:\/\/www.ac-am.fr\/"},{"@type":"ListItem","position":2,"name":"Les sectes suicidaires&#8230;"}]},{"@type":"WebSite","@id":"https:\/\/www.ac-am.fr\/#website","url":"https:\/\/www.ac-am.fr\/","name":"Autre Conscience, Autre Monde","description":"","publisher":{"@id":"https:\/\/www.ac-am.fr\/#organization"},"potentialAction":[{"@type":"SearchAction","target":{"@type":"EntryPoint","urlTemplate":"https:\/\/www.ac-am.fr\/?s={search_term_string}"},"query-input":{"@type":"PropertyValueSpecification","valueRequired":true,"valueName":"search_term_string"}}],"inLanguage":"fr-FR"},{"@type":"Organization","@id":"https:\/\/www.ac-am.fr\/#organization","name":"Autre Conscience, Autre Monde","url":"https:\/\/www.ac-am.fr\/","logo":{"@type":"ImageObject","inLanguage":"fr-FR","@id":"https:\/\/www.ac-am.fr\/#\/schema\/logo\/image\/","url":"https:\/\/www.ac-am.fr\/wp-content\/uploads\/2015\/10\/bd_ac_am.gif","contentUrl":"https:\/\/www.ac-am.fr\/wp-content\/uploads\/2015\/10\/bd_ac_am.gif","width":370,"height":65,"caption":"Autre Conscience, Autre Monde"},"image":{"@id":"https:\/\/www.ac-am.fr\/#\/schema\/logo\/image\/"},"sameAs":["https:\/\/fr-fr.facebook.com\/claude.acam\/","https:\/\/www.youtube.com\/user\/consciencemonde"]},{"@type":"Person","@id":"https:\/\/www.ac-am.fr\/#\/schema\/person\/cef0c12408e95610602510c0ce127013","name":"Maurice L.","image":{"@type":"ImageObject","inLanguage":"fr-FR","@id":"https:\/\/secure.gravatar.com\/avatar\/3761b5f745dac7ddc8d348d20e1cec31d8d3948a2509edcd6e9d2eccc8b359e4?s=96&d=identicon&r=g","url":"https:\/\/secure.gravatar.com\/avatar\/3761b5f745dac7ddc8d348d20e1cec31d8d3948a2509edcd6e9d2eccc8b359e4?s=96&d=identicon&r=g","contentUrl":"https:\/\/secure.gravatar.com\/avatar\/3761b5f745dac7ddc8d348d20e1cec31d8d3948a2509edcd6e9d2eccc8b359e4?s=96&d=identicon&r=g","caption":"Maurice L."},"url":"https:\/\/www.ac-am.fr\/index.php\/author\/maurice-l\/"}]}},"_links":{"self":[{"href":"https:\/\/www.ac-am.fr\/index.php\/wp-json\/wp\/v2\/posts\/1424","targetHints":{"allow":["GET"]}}],"collection":[{"href":"https:\/\/www.ac-am.fr\/index.php\/wp-json\/wp\/v2\/posts"}],"about":[{"href":"https:\/\/www.ac-am.fr\/index.php\/wp-json\/wp\/v2\/types\/post"}],"author":[{"embeddable":true,"href":"https:\/\/www.ac-am.fr\/index.php\/wp-json\/wp\/v2\/users\/9"}],"replies":[{"embeddable":true,"href":"https:\/\/www.ac-am.fr\/index.php\/wp-json\/wp\/v2\/comments?post=1424"}],"version-history":[{"count":4,"href":"https:\/\/www.ac-am.fr\/index.php\/wp-json\/wp\/v2\/posts\/1424\/revisions"}],"predecessor-version":[{"id":5319,"href":"https:\/\/www.ac-am.fr\/index.php\/wp-json\/wp\/v2\/posts\/1424\/revisions\/5319"}],"wp:featuredmedia":[{"embeddable":true,"href":"https:\/\/www.ac-am.fr\/index.php\/wp-json\/wp\/v2\/media\/5130"}],"wp:attachment":[{"href":"https:\/\/www.ac-am.fr\/index.php\/wp-json\/wp\/v2\/media?parent=1424"}],"wp:term":[{"taxonomy":"category","embeddable":true,"href":"https:\/\/www.ac-am.fr\/index.php\/wp-json\/wp\/v2\/categories?post=1424"},{"taxonomy":"post_tag","embeddable":true,"href":"https:\/\/www.ac-am.fr\/index.php\/wp-json\/wp\/v2\/tags?post=1424"}],"curies":[{"name":"wp","href":"https:\/\/api.w.org\/{rel}","templated":true}]}}