{"id":1436,"date":"1998-03-27T17:39:42","date_gmt":"1998-03-27T16:39:42","guid":{"rendered":"https:\/\/www.ac-am.fr\/?p=1436"},"modified":"2015-11-13T14:40:17","modified_gmt":"2015-11-13T13:40:17","slug":"lesprit-dans-la-lettre","status":"publish","type":"post","link":"https:\/\/www.ac-am.fr\/index.php\/1998\/03\/27\/lesprit-dans-la-lettre\/","title":{"rendered":"L&rsquo;Esprit dans la Lettre."},"content":{"rendered":"<div id=\"inities\" style=\"background-attachment: fixed; border: 2px solid #FF9900; border-radius: 10px; opacity: 0.90;\">\n<table class=\"aligncenter\" style=\"width: 600px;\" border=\"0\">\n<tbody>\n<tr>\n<td>\n<table class=\"aligncenter\" style=\"width: 567px; height: 190px;\" border=\"0\">\n<tbody>\n<tr>\n<td><img decoding=\"async\" class=\"aligncenter\" src=\"http:\/\/www.ac-am.fr\/wp-content\/uploads\/2015\/09\/barre_mr.gif\" alt=\"\" border=\"0\" \/><\/td>\n<\/tr>\n<tr>\n<td style=\"text-align: left;\"><img loading=\"lazy\" decoding=\"async\" src=\"http:\/\/www.ac-am.fr\/wp-content\/uploads\/2015\/10\/retepouv.gif\" alt=\"R\u00e9flexions et T\u00e9moignages\" width=\"380\" height=\"100\" border=\"0\" \/><img loading=\"lazy\" decoding=\"async\" src=\"http:\/\/www.ac-am.fr\/wp-content\/uploads\/2015\/10\/cal1998.gif\" alt=\"Ann\u00e9e 1998\" width=\"150\" height=\"100\" border=\"0\" \/><\/td>\n<\/tr>\n<tr>\n<td><img decoding=\"async\" class=\"aligncenter\" src=\"http:\/\/www.ac-am.fr\/wp-content\/uploads\/2015\/09\/barre_mr.gif\" alt=\"\" border=\"0\" \/><\/td>\n<\/tr>\n<\/tbody>\n<\/table>\n<table class=\"aligncenter\" style=\"width: 590px;\" border=\"0\">\n<tbody>\n<tr>\n<td><a name=\"Jean_Samuel01_initie98_03\"><\/a><b class=\"ntitre1\">L&rsquo;Esprit dans la Lettre.<\/b><\/td>\n<\/tr>\n<tr>\n<td colspan=\"2\"><img decoding=\"async\" class=\"aligncenter\" src=\"http:\/\/www.ac-am.fr\/wp-content\/uploads\/2015\/09\/barre_rd.gif\" alt=\"\" border=\"0\" \/><\/td>\n<\/tr>\n<tr>\n<td style=\"text-align: left;\"><span class=\"gmoyen\"><img decoding=\"async\" src=\"http:\/\/www.ac-am.fr\/wp-content\/uploads\/2015\/09\/balle02.gif\" alt=\"\" border=\"0\" \/> Essayer de faire sentir l&rsquo;influence de l&rsquo;Esprit dans les \u00e9crits des individus \u00e0 travers les mill\u00e9naires est un sujet bien ardu puisqu&rsquo;il s&rsquo;agit de d\u00e9busquer le r\u00f4le de l&rsquo;Esprit et son action, cach\u00e9e le plus souvent dans des livres qui aujourd&rsquo;hui encore sont les sources vers lesquelles les \u00catres vont pour d\u00e9salt\u00e9rer leurs \u00c2mes \u00e0 la recherche de la V\u00e9rit\u00e9.<\/span><\/p>\n<p> <span class=\"gmoyen\"><img decoding=\"async\" src=\"http:\/\/www.ac-am.fr\/wp-content\/uploads\/2015\/09\/balle02.gif\" alt=\"\" border=\"0\" \/> Comprendre le r\u00f4le de l&rsquo;Esprit suppose d\u00e9j\u00e0 conna\u00eetre la nature de l&rsquo;Esprit; autant dire que nous abordons l\u00e0 le myst\u00e8re de l&rsquo;Univers. Cependant, J\u00e9sus nous a r\u00e9v\u00e9l\u00e9 que l&rsquo;Esprit-Saint; la troisi\u00e8me figure de la Trinit\u00e9 est le trait d&rsquo;union entre Lui- m\u00eame et Dieu, le P\u00e8re, que cet Esprit-Saint est de m\u00eame nature que Lui-m\u00eame et que Dieu, Le P\u00e8re et que ces trois figures, cette Trinit\u00e9, ne forme qu&rsquo;un seul et unique \u00catre.<\/span><\/p>\n<p> <span class=\"gmoyen\"><img decoding=\"async\" src=\"http:\/\/www.ac-am.fr\/wp-content\/uploads\/2015\/09\/balle02.gif\" alt=\"\" border=\"0\" \/> J\u00e9sus nous donne la cl\u00e9 nous permettant d&rsquo;entrevoir l&rsquo;Esprit-Saint et son r\u00f4le dans le monde. L&rsquo;Esprit-Saint est la manifestation par laquelle le Christ peut agir, vivre et rayonner, et par laquelle Dieu a cr\u00e9\u00e9 l&rsquo;Univers. Cette nature inconnue permet l&rsquo;action de l&rsquo;une et de l&rsquo;autre, est \u00e0 l&rsquo;origine de l&rsquo;une et de l&rsquo;autre et, partant de l&rsquo;Univers; cette nature, c&rsquo;est l&rsquo;AMOUR. L&rsquo;AMOUR est un \u00catre vivant inconcevable pour nous les humains, mais r\u00e9el, \u00e9ternel, agissant et l&rsquo;Esprit-Saint \u00ab\u00a0AMOUR\u00a0\u00bb n&rsquo;agit et ne respire que pour conduire la cr\u00e9ation vers un \u00e9tat sublime d&rsquo;harmonie.<\/span><\/p>\n<p class=\"retrait\"><span class=\"gmoyen\" style=\"color: #abc999;\">S\u00e9dir, nous dit :<\/span><\/p>\n<p class=\"retrait\"><span class=\"gmoyen\" style=\"color: #abc999;\"><i>\u00ab\u00a0Ce monde, le genre humain, la nature, c&rsquo;est la mati\u00e8re premi\u00e8re, une et triple d&rsquo;un immense grand-oeuvre dont le Fils est l&rsquo;alchimiste et le Feu secret\u00a0\u00bb.<\/i><\/span><\/p>\n<p><span class=\"gmoyen\"><img decoding=\"async\" src=\"http:\/\/www.ac-am.fr\/wp-content\/uploads\/2015\/09\/balle02.gif\" alt=\"\" border=\"0\" \/> Notre propos n&rsquo;est pas ici d&rsquo;analyser les \u00e9crits de l&rsquo;\u00catre depuis l&rsquo;origine des temps jusqu&rsquo;\u00e0 nos jours. Nous nous proposons seulement de d\u00e9gager des montagnes d&rsquo;\u00e9crits, quelques uns d&rsquo;entre eux, g\u00e9n\u00e9ralement les plus connus et de chercher en eux l&rsquo;influence de l&rsquo;Esprit-Saint.<\/span><\/p>\n<p> <span class=\"gmoyen\"><img decoding=\"async\" src=\"http:\/\/www.ac-am.fr\/wp-content\/uploads\/2015\/09\/balle02.gif\" alt=\"\" border=\"0\" \/> Nous d\u00e9buterons notre \u00e9tude au moment o\u00f9 l&rsquo;humanit\u00e9 est arriv\u00e9e \u00e0 un degr\u00e9 d&rsquo;\u00e9volution tel que, sous forme de signes grav\u00e9s dans la pierre, peints sur des feuilles de palmier ou de papyrus, les \u00catres peuvent transmettre leurs connaissances, leurs id\u00e9es, leurs r\u00e9v\u00e9lations et surtout en perp\u00e9tuer la trace. Les \u00e9crits d&rsquo;Orient ou d&rsquo;Occident de cette \u00e9poque sont pr\u00e9cieux doublement par leur sens sacr\u00e9 et par la possibilit\u00e9 que nous avons de les rapprocher pour en faire une \u00e9tude comparative.<\/span><\/p>\n<p> <span class=\"gmoyen\"><img decoding=\"async\" src=\"http:\/\/www.ac-am.fr\/wp-content\/uploads\/2015\/09\/balle02.gif\" alt=\"\" border=\"0\" \/> \u00ab\u00a0L&rsquo;Esprit souffle o\u00f9 il veut\u00a0\u00bb, son action est de pr\u00e9parer progressivement l&rsquo;\u00c2me humaine \u00e0 recevoir la V\u00c9RIT\u00c9, but ultime de l&rsquo;\u00e9volution des \u00c2mes. La lettre qui est cr\u00e9ation humaine, semble \u00eatre un terrain propice pour imprimer une influence qui restera ind\u00e9l\u00e9bile. L&rsquo;Esprit qui est l&rsquo;AMOUR et l&rsquo;AMOUR qui est l&rsquo;unique V\u00c9RIT\u00c9 va donc, par l&rsquo;interm\u00e9diaire de missionn\u00e9s, de proph\u00e8tes, d&rsquo;envoy\u00e9s, faire v\u00e9hiculer par des \u00e9crits et des livres, les r\u00e9v\u00e9lations, les v\u00e9rit\u00e9s premi\u00e8res permettant aux \u00c2mes de sentir l&rsquo;Harmonie Universelle et de d\u00e9sirer \u00e9voluer vers le principe qui l&rsquo;anime.<\/span><\/p>\n<p> <span class=\"gmoyen\"><img decoding=\"async\" src=\"http:\/\/www.ac-am.fr\/wp-content\/uploads\/2015\/09\/balle02.gif\" alt=\"\" border=\"0\" \/> Au troisi\u00e8me mill\u00e9naire avant J\u00e9sus-Christ, aux Indes, les plus anciens \u00e9crits sacr\u00e9s de V\u00e9das parlaient de la doctrine trinitaire de Krishna, doctrine qui \u00e9voquait la triple nature du Cr\u00e9ateur et, en Egypte, les pr\u00eatres d&rsquo;Amon R\u00e2 professaient la m\u00eame haute m\u00e9taphysique. Ces doctrines servirent de base \u00e0 des religions qui vivent encore de nos jours. Il est int\u00e9ressant de constater que les doctrines de base des religions issues de peuples diff\u00e9rents sont semblables, ce qui laisse deviner que l&rsquo;origine en fut la m\u00eame et que la V\u00c9RIT\u00c9 est une. Rien apparemment ne rapprochait les antiques civilisations du Gange et celles du Nil. Et pourtant, en ces deux creusets de l&rsquo;humanit\u00e9, apparaissaient des traditions et des croyances semblables, que la nature de ces peuples allait conduire vers un avenir et souvent vers une servitude que, seule, une nouvelle intervention de l&rsquo;Esprit pouvait permettre de transcender.<\/span><\/p>\n<p> <span class=\"gmoyen\"><img decoding=\"async\" src=\"http:\/\/www.ac-am.fr\/wp-content\/uploads\/2015\/09\/balle02.gif\" alt=\"\" border=\"0\" \/> Nous parlions des V\u00e9das et de la connaissance transmise par KRISHNA au peuple hindou d&rsquo;un principe cr\u00e9ateur trinitaire. Nous lisons dans les Oupanishads: \u00ab\u00a0Celui qui cr\u00e9e sans cesse les mondes est triple. Il est Brahma, le P\u00e8re, il est Maya, la m\u00e8re, il est Vishnou, le Fils. Essence, Substance et Vie. Chacun renferme les deux autres et tous trois sont UN dans l&rsquo;ineffable\u00a0\u00bb. Cette connaissance est, au fond, accessoire puisqu&rsquo;elle n&rsquo;atteint qu&rsquo;au plan m\u00e9taphysique le probl\u00e8me de nos origines. Pourtant, cette doctrine trinitaire que J\u00e9sus nous enseignera \u00e0 nouveau plusieurs mill\u00e9naires apr\u00e8s, nous permet, en la rapprochant d&rsquo;une autre affirmation de l&rsquo;\u00c9vangile : \u00ab\u00a0L&rsquo;\u00catre est fait \u00e0 l&rsquo;image de Dieu\u00a0\u00bb, de comprendre le sens de cette connaissance, c&rsquo;est-\u00e0-dire de permettre \u00e0 l&rsquo;\u00catre de savoir le sens de sa r\u00e9alit\u00e9 \u00e9ternelle compos\u00e9e d&rsquo;un Esprit enrob\u00e9 dans l&rsquo;\u00c2me et dont le Corps est le support et dont l&rsquo;Esprit est le principe d&rsquo;union, moteur \u00e9volutif et centre d&rsquo;harmonie avec le Cr\u00e9ateur.<\/span><\/p>\n<p class=\"retrait\"><span class=\"gmoyen\" style=\"color: #abc999;\">Nous citerons encore cette phrase relev\u00e9e dans la plus sacr\u00e9 des \u00e9crits hindous, le Bhagavad-Gita :<\/span><\/p>\n<p class=\"retrait\"><span class=\"gmoyen\" style=\"color: #abc999;\"><i>\u00ab\u00a0Tu portes en toi-m\u00eame un ami sublime que tu ne connais pas. Car Dieu r\u00e9side dans l&rsquo;int\u00e9rieur de tous les \u00catres, mais peu savent le trouver. L&rsquo;\u00catre qui fait le sacrifice de ses d\u00e9sirs et de ses oeuvres \u00e0 l&rsquo;\u00catre d&rsquo;o\u00f9 proc\u00e8dent les principes de toute chose et par qui l&rsquo;univers a \u00e9t\u00e9 form\u00e9 obtient par ce sacrifice la perfection. Car celui qui trouve en lui-m\u00eame son bonheur et sa joie, et en lui-m\u00eame aussi sa lumi\u00e8re, est un avec Dieu. Or, sache le, l&rsquo;\u00c2me qui a trouv\u00e9 Dieu est d\u00e9livr\u00e9 de la renaissance et de la mort, de la vieillesse et de la douleur et boit l&rsquo;eau de l&rsquo;immortalit\u00e9\u00a0\u00bb.<\/i><\/span><\/p>\n<p><span class=\"gmoyen\"><img decoding=\"async\" src=\"http:\/\/www.ac-am.fr\/wp-content\/uploads\/2015\/09\/balle02.gif\" alt=\"\" border=\"0\" \/> L&rsquo;hindou nomme sa m\u00e9thode de salut; le Yoga, c&rsquo;est-\u00e0-dire en traduction du sanscrit, \u00ab\u00a0UNION\u00a0\u00bb, cela consiste \u00e0 trouver en soi-m\u00eame le moyen de son salut, en ayant comme but la d\u00e9livrance du soi, du je, par une absorption dans le soi universel. Les textes parlent de l&rsquo;AMOUR qui n&rsquo;appara\u00eet que comme un moyen, puisque le but recherch\u00e9 est la d\u00e9livrance de sa propre impression d&rsquo;existence.<\/span><\/p>\n<p> <span class=\"gmoyen\"><img decoding=\"async\" src=\"http:\/\/www.ac-am.fr\/wp-content\/uploads\/2015\/09\/balle02.gif\" alt=\"\" border=\"0\" \/> Toujours dans cette m\u00eame r\u00e9gion du monde, vers le cinqui\u00e8me si\u00e8cle avant J\u00e9sus-Christ; Boudha transforme l&rsquo;antique religion Brahmanique. Les autres \u00e9crits que nous ont laiss\u00e9s ses disciples composent les recueils de ses maximes, en voici une essentielle :<\/span><center><\/center><\/td>\n<\/tr>\n<\/tbody>\n<\/table>\n<table class=\"aligncenter\" style=\"width: 500px; border: 2px solid #FF9900; border-radius: 10px;\">\n<tbody>\n<tr>\n<td style=\"text-align: left;\"><span class=\"nnormal\" style=\"color: #fca994;\">\u00ab\u00a0Il n&rsquo;y a qu&rsquo;une \u00c2me Universelle et qui est l&rsquo;Esprit de Dieu, c&rsquo;est-\u00e0-dire l&rsquo;AMOUR. L&rsquo;espace, l&rsquo;air, l&rsquo;oc\u00e9an, la terre, les animaux, les plantes, les astres, les parfums, les sons, tout cela c&rsquo;est L&rsquo;AMOUR qui a pris toutes ces formes\u00a0\u00bb.<\/span><\/td>\n<\/tr>\n<\/tbody>\n<\/table>\n<table class=\"aligncenter\" style=\"width: 590px;\" border=\"0\">\n<tbody>\n<tr>\n<td style=\"text-align: left;\"><span class=\"gmoyen\"><img decoding=\"async\" src=\"http:\/\/www.ac-am.fr\/wp-content\/uploads\/2015\/09\/balle02.gif\" alt=\"\" border=\"0\" \/> La philosophie Bouddhique institu\u00e9e par Cakya-Muni pr\u00eache aussi la sympathie envers les peines et les joies des cr\u00e9atures, le d\u00e9go\u00fbt du corps et de ce qui s&rsquo;y rapporte. Le syst\u00e8me de pens\u00e9e Bouddhiste semble s\u00e9duisant, mais nous voyons qu&rsquo;il repose sur la n\u00e9gation de la vie, puisque le Bouddha voit la r\u00e9alit\u00e9 objective de l&rsquo;Univers comme produite par l&rsquo;illusion du moi et l&rsquo;irr\u00e9alit\u00e9 m\u00eame de ce moi :<\/span><\/p>\n<p class=\"retrait\"><span class=\"gmoyen\" style=\"color: #abc999;\"><i>\u00ab\u00a0&#8230; que tout s&rsquo;\u00e9vanouisse dans le vice &#8230;\u00a0\u00bb,<\/i><\/span><\/p>\n<p class=\"retrait\"><span class=\"gmoyen\" style=\"color: #abc999;\">voil\u00e0, selon lui, la d\u00e9livrance. Nous lisons en effet dans le \u00ab\u00a0Sutra Immuable\u00a0\u00bb :<\/span><\/p>\n<p class=\"retrait\"><span class=\"gmoyen\" style=\"color: #abc999;\">\u00ab\u00a0Les ph\u00e9nom\u00e8nes de la vie peuvent \u00eatre compar\u00e9s \u00e0 un r\u00eave, fantasme, une bulle d&rsquo;air, une ombre, la ros\u00e9e miroitante, la lueur de l&rsquo;\u00e9clair et ainsi doivent-ils \u00eatre contempl\u00e9s\u00a0\u00bb.<\/span><\/p>\n<p class=\"retrait\"><span class=\"gmoyen\" style=\"color: #abc999;\">Le Christ, quelques si\u00e8cles apr\u00e8s nous dira :<\/span><\/p>\n<p class=\"retrait\"><span class=\"gmoyen\" style=\"color: #abc999;\"><i>\u00ab\u00a0Le royaume de mon P\u00e8re est la vie \u00e9ternelle\u00a0\u00bb.<\/i><\/span><\/p>\n<p><span class=\"gmoyen\"><img decoding=\"async\" src=\"http:\/\/www.ac-am.fr\/wp-content\/uploads\/2015\/09\/balle02.gif\" alt=\"\" border=\"0\" \/> Nous \u00e9tions tout \u00e0 l&rsquo;heure sur les rives du Gange et de l&rsquo;Indus, mais revenons maintenant aux rives de Nil. Notre propre civilisation doit beaucoup \u00e0 la civilisation, la culture, la pens\u00e9e religieuse \u00c9gyptienne, celles-ci nous ayant \u00e9t\u00e9 transmises par la Gr\u00e8ce et Isra\u00ebl. Sans parler des anc\u00eatres Atlantes, consid\u00e9rons la somme de connaissances et le degr\u00e9 d&rsquo;\u00e9l\u00e9vation de la pens\u00e9e \u00c9gyptienne, dont l&rsquo;origine se perd dans la nuit des temps, et dont les pyramides restent le symbole et le souvenir. HERM\u00c9S TRISMEGISTE est, de m\u00e9moire d&rsquo;homme le plus ancien et le premier initiateur du syst\u00e8me religieux \u00c9gyptien; il n&rsquo;y avait \u00e0 son \u00e9poque aucune \u00e9criture phon\u00e9tique, mais l&rsquo;id\u00e9ologie sacr\u00e9e existait d\u00e9j\u00e0 et la science du sacerdoce \u00e9tait inscrite en hi\u00e9roglyphiques sur les murs des temples.<\/span><\/p>\n<p> <span class=\"gmoyen\"><img decoding=\"async\" src=\"http:\/\/www.ac-am.fr\/wp-content\/uploads\/2015\/09\/balle02.gif\" alt=\"\" border=\"0\" \/> La doctrine du Feu-Principe et Verbe Lumi\u00e8re, renferm\u00e9e dans la \u00ab\u00a0Vision d&rsquo;Herm\u00e9s\u00a0\u00bb restera le sommet et le centre de l&rsquo;initiation \u00c9gyptienne. La \u00ab\u00a0Vision d&rsquo;Herm\u00e9s\u00a0\u00bb est un document qui nous est parvenu par la Gr\u00e8ce, en le lisant nous y d\u00e9couvrons la connaissance du Dieu Monoth\u00e9iste sous sa triple nature; le culte d&rsquo;Isis, d&rsquo;Osiris et d&rsquo;Horus en sera l&rsquo;aspect ext\u00e9rieur. L&rsquo;Initiation secr\u00e8te des Temples \u00c9gyptiens apprend donc au n\u00e9ophyte l&rsquo;existence d&rsquo;un Dieu unique. Nous lisons \u00e9galement dans la vision d&rsquo;Herm\u00e9s qu&rsquo;il indiquait deux cl\u00e9s principales du savoir de toute chose :<\/span><\/p>\n<p class=\"retrait\"><span class=\"gmoyen\" style=\"color: #abc999;\"><u>La premi\u00e8re<\/u> :<\/span><\/p>\n<p class=\"retrait\"><span class=\"gmoyen\" style=\"color: #abc999;\"><i>\u00ab\u00a0Que le dehors est comme le dedans, le petit est comme le grand, ce qui est en bas est comme ce qui est en haut\u00a0\u00bb.<\/i><\/span><\/p>\n<p class=\"retrait\"><span class=\"gmoyen\" style=\"color: #abc999;\"><u>La deuxi\u00e8me<\/u> :<\/span><\/p>\n<p class=\"retrait\"><span class=\"gmoyen\" style=\"color: #abc999;\"><i>\u00ab\u00a0Les hommes sont des dieux mortels et les dieux des hommes sont immortels\u00a0\u00bb.<\/i><\/span><\/p>\n<p><span class=\"gmoyen\"><img decoding=\"async\" src=\"http:\/\/www.ac-am.fr\/wp-content\/uploads\/2015\/09\/balle02.gif\" alt=\"\" border=\"0\" \/> Au douzi\u00e8me si\u00e8cle avant J\u00e9sus-Christ, \u00e0 l&rsquo;\u00e9poque de Rams\u00e8s, nous voyons arriver le grandiose personnage de Mo\u00efse. Ce dernier va jeter \u00e0 travers un peuple rude, fier, et d\u00e9j\u00e0 pr\u00e9par\u00e9, les bases d&rsquo;une nouvelle religion, d&rsquo;une nouvelle alliance de Dieu avec l&rsquo;humanit\u00e9. D\u00e9j\u00e0, les patriarches anciens de ce peuple, ABRAHAM, ISAAC ET JACOB, enseignaient l&rsquo;existence d&rsquo;un Dieu unique; L&rsquo;\u00c9ternel leur ayant parl\u00e9, ils transmettaient la connaissance d&rsquo;AELOHIM. <a href=\"conseils.htm#Traduction\">Les tribus h\u00e9bra\u00efques<\/a>, fr\u00e8res des Arabes, \u00e9taient connues depuis des milliers d&rsquo;ann\u00e9es; monades infatigables, ils parcouraient les vastes d\u00e9serts de Perse, d&rsquo;Afrique du Nord ou d&rsquo;\u00c9gypte; certaines tribus s&rsquo;\u00e9taient fix\u00e9es en \u00c9gypte et vivaient en servitude sous le nom des \u00ab\u00a0B\u00e9ni-Jacob \u00ab\u00a0.<\/span><\/p>\n<p> <span class=\"gmoyen\"><img decoding=\"async\" src=\"http:\/\/www.ac-am.fr\/wp-content\/uploads\/2015\/09\/balle02.gif\" alt=\"\" border=\"0\" \/> Mo\u00efse, fils adoptif de la soeur du Pharaon RAMS\u00c8S II, fut initi\u00e9 dans les Temples de Memphis. L&rsquo;historien \u00c9gyptien Man\u00e9thon affirme qu&rsquo;il fut pr\u00eatre d&rsquo;Osiris; son nom \u00c9gyptien d&rsquo;alors \u00e9tait HOSARSIPH. La Bible nous explique sa profonde attirance envers les h\u00e9breux et comment, apr\u00e8s avoir tu\u00e9 un garde \u00c9gyptien qui les malmenait, il s&rsquo;exila dans le d\u00e9sert aupr\u00e8s du sage J\u00e9tro. Il ne s&rsquo;agit pas ici de refaire l&rsquo;historique de Mo\u00efse; mais ces quelques rappels nous permettent de situer Mo\u00efse et de comprendre que Dieu le pr\u00e9parait en secret, depuis l&rsquo;origine de la cr\u00e9ation et \u00e0 travers certainement d&rsquo;innombrables existences successives, afin qu&rsquo;il poss\u00e8de alors en lui toutes les qualit\u00e9s pour servir de canal entre l&rsquo;\u00c9ternel et l&rsquo;humanit\u00e9; qu&rsquo;il guide le peuple \u00e9lu sur la route de l&rsquo;alliance nouvelle.<\/span><\/p>\n<p><span class=\"gmoyen\"><img decoding=\"async\" src=\"http:\/\/www.ac-am.fr\/wp-content\/uploads\/2015\/09\/balle02.gif\" alt=\"\" border=\"0\" \/> La Bible est compos\u00e9e de nombreux livres \u00e9crits \u00e0 des \u00e9poques diverses par les patriarches ou des envoy\u00e9s divins; mais c&rsquo;est \u00e0 Mo\u00efse que nous devons le premier livre de la Bible; le S\u00e9pher B\u00e9reschit ou cosmogonie de Mo\u00efse qui, bien que compos\u00e9 apr\u00e8s de nombreux autre livres, fut plac\u00e9 en t\u00eate du recueil sacr\u00e9. Sachons que l&rsquo;ensemble des livres de l&rsquo;Ancien Testament est \u00e9crit en langage analogique et que le sens que nous en percevons n&rsquo;est qu&rsquo;ext\u00e9rieur. La cosmogonie de Mo\u00efse vraisemblablement \u00e9crite \u00e0 l&rsquo;origine en \u00e9gyptien, puis traduite par la suite en h\u00e9breu, en aram\u00e9en, en grec et en latin semble enfantine aujourd&rsquo;hui dans la conception qu&rsquo;elle nous donne de la cr\u00e9ation et de l&rsquo;origine de l&rsquo;homme.<\/span><\/p>\n<p> <span class=\"gmoyen\"><img decoding=\"async\" src=\"http:\/\/www.ac-am.fr\/wp-content\/uploads\/2015\/09\/balle02.gif\" alt=\"\" border=\"0\" \/> Pourtant, dans le Sepher B\u00e9reschit, Mo\u00efse transmet la synth\u00e8se concentr\u00e9e de toute la science pass\u00e9e et le cadre de la science future (l&rsquo;\u00e9tude magistrale de Fabre d&rsquo;Olivet, dans son livre : \u00ab\u00a0LA LANGUE H\u00c9BRA\u00cfQUE RESTITU\u00c9E\u00a0\u00bb, peut utilement nous renseigner sur le sujet). Les autres livres de la Bible, particuli\u00e8rement, le Deut\u00e9ronome, sont l&rsquo;exemple clair et direct que ces ouvrages sont le produit de l&rsquo;intervention de l&rsquo;Esprit cr\u00e9ateur; il y est fait mention d&rsquo;innombrables fois de la Voix de Yavh\u00e9 remettant \u00e0 Mo\u00efse les bases de la religion Juda\u00efque et surtout lui transmettant au Mont Horeb, (site du Monast\u00e8re Sainte Catherine, de moines Coptes Chr\u00e9tiens) les dix commandements principaux.<\/span><\/p>\n<p> <span class=\"gmoyen\"><img decoding=\"async\" src=\"http:\/\/www.ac-am.fr\/wp-content\/uploads\/2015\/09\/balle02.gif\" alt=\"\" border=\"0\" \/> Yavh\u00e9 indiquera d&rsquo;ailleurs que ces commandements n&rsquo;ont pour but que de rendre l&rsquo;homme heureux, s&rsquo;il accepte de les suivre. Ils sont institu\u00e9s pour prot\u00e9ger l&rsquo;homme contre lui-m\u00eame et ils constituent une marche suppl\u00e9mentaire offerte \u00e0 l&rsquo;humanit\u00e9 pour gravir le chemin qui m\u00e8ne vers Dieu. \u00c0 ce peuple rude, la loi en est elle-m\u00eame est aussi tr\u00e8s rude : c&rsquo;est celle du Talioon. Un pas d\u00e9cisif vient d&rsquo;\u00eatre accompli dans l&rsquo;histoire de l&rsquo;humanit\u00e9, Mo\u00efse vient de remettre par son canal la cr\u00e9ation de la religion du P\u00e8re.<\/span><\/p>\n<p> <span class=\"gmoyen\"><img decoding=\"async\" src=\"http:\/\/www.ac-am.fr\/wp-content\/uploads\/2015\/09\/balle02.gif\" alt=\"\" border=\"0\" \/> A ce stade de notre analyse, nous pourrions nous poser la question suivante : n&rsquo;existe-t-il en seulement que deux types d&rsquo;\u00e9crits, ceux influenc\u00e9s par l&rsquo;Esprit-Saint et ceux qui ne le sont pas ? Nous croyons que ce n&rsquo;est pas en ces termes que se pr\u00e9sente le probl\u00e8me :<\/span><\/p>\n<p class=\"retrait\"><span class=\"gmoyen\" style=\"color: #abc999;\">&#8211; L&rsquo;Esprit-Saint \u00e9tant omnipr\u00e9sent et \u00e9ternel, son influence est universelle et, de plus, elle s&rsquo;inscrit toujours dans les respect de la libert\u00e9 individuelle; le \u00ab\u00a0Libre Arbitre\u00a0\u00bb atteint par l&rsquo;\u00e9volution du \u00ab\u00a0Niveau De Conscience\u00a0\u00bb. Rien de ce qui est \u00e9crit n&rsquo;est cr\u00e9ation humaine, l&rsquo;homme ne cr\u00e9e pas, il d\u00e9crit ce qu&rsquo;il comprend de l&rsquo;univers, ce qu&rsquo;il en voit, ce qui lui est r\u00e9v\u00e9l\u00e9.<\/span><\/p>\n<p class=\"retrait\"><span class=\"gmoyen\" style=\"color: #abc999;\">&#8211; Suivant les paysages \u00e0 travers lesquels il se dirige, l&rsquo;homme c\u00f4toie alors diverses sources d&rsquo;influences. Si, en lui, l&rsquo;organe de l&rsquo;intelligence est tr\u00e8s d\u00e9velopp\u00e9, il d\u00e9crira sous forme analytique ou descriptive ce qu&rsquo;il en a per\u00e7u; si, en lui le coeur est br\u00fblant, il transmettra dans ses \u00e9crits la r\u00e9sonnance ressentis, L&rsquo;AMOUR re\u00e7u.<\/span><\/p>\n<p class=\"retrait\"><span class=\"gmoyen\" style=\"color: #abc999;\">&#8211; Les \u00e9crits sont souvent des compos\u00e9s d&rsquo;influences diverses et il est difficile de savoir distinguer en leur sein ce qui vient de l&rsquo;intelligence et ce qui vient de l&rsquo;AMOUR.<\/span><\/p>\n<p class=\"retrait\"><span class=\"gmoyen\" style=\"color: #abc999;\">&#8211; Rappelons que l&rsquo;intelligence peut \u00eatre au service du bien comme du mal alors que L&rsquo;AMOUR, par nature, rayonne vers le bon et le vrai. Il arrive d&rsquo;ailleurs que l&rsquo;AMOUR soit interpr\u00e9t\u00e9e par l&rsquo;intelligence et finalement d\u00e9natur\u00e9. Ce qu&rsquo;il faut en retenir, c&rsquo;est qu&rsquo;en d\u00e9finitive l&rsquo;Esprit s&rsquo;offre toujours \u00e0 la lettre mais il est difficile qu&rsquo;un livre ne contienne seulement que l&rsquo;influence de l&rsquo;Esprit.<\/span><\/p>\n<p> <span class=\"gmoyen\"><img decoding=\"async\" src=\"http:\/\/www.ac-am.fr\/wp-content\/uploads\/2015\/09\/balle02.gif\" alt=\"\" border=\"0\" \/> Dieu a donn\u00e9 \u00e0 l&rsquo;\u00catre une force bien plus haute que l&rsquo;intelligence et par laquelle il peut distinguer le fond de toute chose; \u00ab\u00a0Le COEUR\u00a0\u00bb. Si, int\u00e9rieurement, Le \u00ab\u00a0Coeur\u00a0\u00bb est suffisamment d\u00e9velopp\u00e9, si L&rsquo;AMOUR en lui domine, il retiendra les \u00e9crits qui viennent de l&rsquo;AMOUR et saura distinguer ceux qui, tout en parlant de L&rsquo;AMOUR, ne le consid\u00e8rent que comme moyen et non comme un but \u00e0 atteindre.<\/span><\/p>\n<p> <span class=\"gmoyen\"><img decoding=\"async\" src=\"http:\/\/www.ac-am.fr\/wp-content\/uploads\/2015\/09\/balle02.gif\" alt=\"\" border=\"0\" \/> Nous en arrivons maintenant \u00e0 consid\u00e9rer l&rsquo;Islam. Par la parole r\u00e9v\u00e9l\u00e9e du Coran, se trouve situ\u00e9e la mission de Muhammad, proph\u00e8te de l&rsquo;Islam, dans le cadre de la R\u00e9v\u00e9lation universelle. Le plus grand bonheur de l&rsquo;Islam, tout en \u00e9tant le plus grand malheur du Christianisme, fut deux personnages port\u00e9s en pro\u00e9minence, et qui model\u00e8rent la pens\u00e9e surtout Occidentale; l&rsquo;Empereur Constantin d&rsquo;une part et Descartes d&rsquo;autre part. Tel une \u00c8ve, sans malice pr\u00e9con\u00e7ue, Constantin pr\u00e9senta la \u00ab\u00a0pomme\u00a0\u00bb du pouvoir politique tout autant qu&rsquo;\u00e9conomique \u00e0 l&rsquo;\u00c9glise de Rome.<\/span><\/p>\n<p> <span class=\"gmoyen\"><img decoding=\"async\" src=\"http:\/\/www.ac-am.fr\/wp-content\/uploads\/2015\/09\/balle02.gif\" alt=\"\" border=\"0\" \/> Qui, comme Adam se l&rsquo;appropri\u00e2t pour en faire son bonheur. Beaucoup plus tard, Descartes lui, sans m\u00eame trop le savoir \u00e0 l&rsquo;\u00e9poque, nous pr\u00e9senta l&rsquo;h\u00e9ritage, de ne rien accepter qui ne soit pas mesurable; la philosophie du gabarit; le m\u00e8tre et l&rsquo;\u00e9prouvette, de sorte que, les chr\u00e9tiens y ont perdu l&rsquo;\u00e9merveillement de la pens\u00e9e, que J\u00e9sus nous avait pourtant enseign\u00e9 : \u00ab\u00a0Laissez venir \u00e0 moi les petits enfants !\u00a0\u00bb L&rsquo;Islam a conserv\u00e9 cette candeur vis-\u00e0-vis de Dieu; l&rsquo;\u00catre Supr\u00eame fait parti de leur quotidien, tout s&rsquo;inspire de l&rsquo;enseignement de Muhammad.<\/span> <span class=\"gmoyen\"><img decoding=\"async\" src=\"http:\/\/www.ac-am.fr\/wp-content\/uploads\/2015\/09\/balle02.gif\" alt=\"\" border=\"0\" \/> Pendant que le, Chef de Rome, s&rsquo;efforce de donner des directives (des ordres) qui sont rarement accept\u00e9s et encore moins suivis, les Islamistes de par leur foi, de par cette m\u00eame candeur du surr\u00e9alisme spirituel, se donnent encore Corps et \u00c2me \u00e0 Allah ! Car, il ne faut surtout pas oublier que par la foi de l&rsquo;Islam, J\u00e9sus est le plus Grand Proph\u00e8te apr\u00e8s Muhammad ! Muhammad, n&rsquo;avait pas une formation vraiment spirituel; mais devenu adulte, il re\u00e7u d&rsquo;un Rabin Juif, un r\u00e9veil spirituel qui le stimula dans ce rationnel qu&rsquo;est l&rsquo;Islam. En approfondissant la Th\u00e9ologie Islamique, un \u00e9tudiant y trouve les traces profondes de l&rsquo;H\u00e9bra\u00efsme. Nous sommes donc de la m\u00eame famille souche; d&rsquo;ailleurs Ishma\u00ebl n&rsquo;\u00e9tait-il pas le fils d&rsquo;Abraham ?<\/span><\/p>\n<p> <span class=\"gmoyen\"><img decoding=\"async\" src=\"http:\/\/www.ac-am.fr\/wp-content\/uploads\/2015\/09\/balle02.gif\" alt=\"\" border=\"0\" \/> Mais l&rsquo;\u00catre \u00e9tant ce qu&rsquo;il est, avec une vision d&rsquo;\u0153ill\u00e8re, se cr\u00e9e d&rsquo;\u00e9normes difficult\u00e9s, de peines, de probl\u00e8mes pour sa vie durant; quand le vraie message doit en \u00eatre un D&rsquo;HARMONIE. Avec Muhammad \u00ab\u00a0sceau des Proph\u00e8tes\u00a0\u00bb le cycle de la R\u00e9v\u00e9lation a \u00e9t\u00e9 clos. Effectivement, aucune religion majeure n&rsquo;a \u00e9t\u00e9 fond\u00e9e apr\u00e8s lui et aucune personnalit\u00e9 comparable \u00e0 la sienne n&rsquo;est apparue dans l&rsquo;histoire de l&rsquo;humanit\u00e9.<\/span><\/p>\n<p> <span class=\"gmoyen\"><img decoding=\"async\" src=\"http:\/\/www.ac-am.fr\/wp-content\/uploads\/2015\/09\/balle02.gif\" alt=\"\" border=\"0\" \/> Les formes de la R\u00e9v\u00e9lation ont pu varier consid\u00e9rablement depuis No\u00e9 et m\u00eame Adam, mais certains \u00e9l\u00e9ments restent constants dans toutes les traditions authentiques remontant \u00e0 une source non humaine, c&rsquo;est-\u00e0-dire sacr\u00e9s. Le principal de ces \u00e9l\u00e9ments est d&rsquo;ordre m\u00e9taphysique, c&rsquo;est l&rsquo;affirmation d&rsquo;une R\u00e9alit\u00e9 transcendante, exclusive et d\u00e9tentrice d&rsquo;un pouvoir absolu. Il ne s&rsquo;agit de rien d&rsquo;autre, en somme, que de la Shab\u00e2da islamique: L\u00e2 il\u00e2ha illa&rsquo;Ll\u00e2h, \u00ab\u00a0il n&rsquo;est de divinit\u00e9 que Allah (Dieu)\u00a0\u00bb, qui, dans une formulation digne de la perfection divine, r\u00e9sume la v\u00e9rit\u00e9 fondamentale que connaissaient d\u00e9j\u00e0 la sagesse antique et les pr\u00e9c\u00e9dentes R\u00e9v\u00e9lations, mais sans l&rsquo;exprimer avec la m\u00eame densit\u00e9.<\/span><\/p>\n<p> <span class=\"gmoyen\"><img decoding=\"async\" src=\"http:\/\/www.ac-am.fr\/wp-content\/uploads\/2015\/09\/balle02.gif\" alt=\"\" border=\"0\" \/> Si nous revenons un peu en arri\u00e8re, sur la terre, dans un petit village de Galil\u00e9e, l&rsquo;Esprit cr\u00e9ateur se fait homme et s&rsquo;incarne en J\u00e9sus, (Y\u00e9ushoua), et cela aussi discr\u00e8tement qu&rsquo;il avait souffl\u00e9 les bases de la V\u00e9rit\u00e9 aux Initiateurs des peuples anciens. Le myst\u00e8re, le Cr\u00e9ateur, l&rsquo;Unique V\u00e9rit\u00e9, L&rsquo;AMOUR se fait homme. Son passage sur terre va d\u00e9finitivement, et \u00e0 travers Lui, ouvrir une route directe entre la Terre et Dieu. Ses pr\u00eatres vont nous transmettre son enseignement, enti\u00e8rement vou\u00e9 \u00e0 l&rsquo;AMOUR, par les \u00c9vangiles, qu&rsquo;ils r\u00e9digeront apr\u00e8s son d\u00e9part. Mais les \u00c9vangiles ont, en r\u00e9alit\u00e9, \u00e9t\u00e9 \u00e9crits directement par l&rsquo;Esprit-Saint Lui-m\u00eame. Ils nous transmettent l&rsquo;essentiel de ce qu&rsquo;il nous faut savoir. Tout ce qui a \u00e9t\u00e9 \u00e9crit avant eux est transcend\u00e9 et tout ce qui sera \u00e9crit par la suite ne pourra jamais atteindre la pl\u00e9nitude de leur essence qui est la Parole de DIEU :<\/span><\/p>\n<p class=\"retrait\"><span class=\"gmoyen\" style=\"color: #abc999;\"><i>\u00ab\u00a0Ne vous amassez pas de tr\u00e9sor sur la terre o\u00f9 la rouille et les vers d\u00e9truisent, et o\u00f9 les voleurs percent et d\u00e9robent, mais amassez-vous des tr\u00e9sors dans le Ciel o\u00f9 ni la rouille, ni les vers ne percent, ni de d\u00e9robent. Car l\u00e0 o\u00f9 est ton tr\u00e9sor, l\u00e0 aussi est ton COEUR\u00a0\u00bb.<\/i><\/span><\/p>\n<p class=\"retrait\"><span class=\"gmoyen\" style=\"color: #abc999;\">Seule cette m\u00e9thode nous indique et r\u00e9sume les \u00c9vangiles qui est :<\/span><\/p>\n<p class=\"retrait\"><span class=\"gmoyen\" style=\"color: #abc999;\"><i>\u00ab\u00a0AIMEZ-VOUS LES UNS LES AUTRES et tout le reste vous sera donn\u00e9 par surcro\u00eet\u00a0\u00bb.<\/i><\/span><\/p>\n<p class=\"retrait\"><span class=\"gmoyen\" style=\"color: #abc999;\">N&rsquo;est-ce pas l\u00e0, la CANDEUR avec laquelle \u00e0 chaque instant, \u00e0 chaque jour nous devons vivre notre VIE ?<\/span><\/p>\n<p class=\"retrait\"><span class=\"gmoyen\" style=\"color: #abc999;\"><u>Plus loin on peut lire<\/u> :<\/span><\/p>\n<p class=\"retrait\"><span class=\"gmoyen\" style=\"color: #abc999;\"><i>\u00ab\u00a0L&rsquo;HEURE VIENT, ET ELLE EST D\u00c9J\u00c0 VENUE, O\u00d9 LES VRAIS ADORATEURS; adorerons le P\u00e8re, en Esprit et en V\u00e9rit\u00e9; car ce sont de tels adorateurs que cherche le P\u00e8re. Dieu , qu&rsquo;il soit connu comme Y\u00e9ushoua, ou Allah, est Esprit et non seulement il le faut , mais c&rsquo;est la seule fa\u00e7on par laquelle, ceux qui l&rsquo;adorent; l&rsquo;adorent en Esprit et en V\u00e9rit\u00e9.\u00a0\u00bb<\/i><\/span><\/p>\n<p> <span class=\"gmoyen\"><img decoding=\"async\" src=\"http:\/\/www.ac-am.fr\/wp-content\/uploads\/2015\/09\/balle02.gif\" alt=\"\" border=\"0\" \/> Depuis Adam, depuis Abraham, depuis Jacob, depuis Mo\u00efse, depuis Krishna, depuis J\u00e9sus, depuis Muhammad; l&rsquo;humanit\u00e9 avance vers cette finalit\u00e9 :<\/span><\/p>\n<p class=\"gmoyen\" style=\"text-align: center;\"><span style=\"color: #abc999;\"><i>\u00ab\u00a0Adorer en Esprit et en V\u00e9rit\u00e9\u00a0\u00bb<\/i><\/span><\/p>\n<p><span class=\"gmoyen\"><img decoding=\"async\" src=\"http:\/\/www.ac-am.fr\/wp-content\/uploads\/2015\/09\/balle02.gif\" alt=\"\" border=\"0\" \/> Et depuis toujours l&rsquo;Esprit-Saint jalonne notre chemin d&rsquo;\u00catres dont la vie est exemplaire et de Penseurs, qui sont envoy\u00e9s du Ciel, pour nous transmettre encore plus de lumi\u00e8re pour rafra\u00eechir nos Esprit, enrob\u00e9 dans nos \u00c2mes pour activer nos Corps, qui ont trop tendances \u00e0 prendre la voie facile, celle qui satisfait nos besoins \u00e9go\u00efstes et imm\u00e9diats. Les Tr\u00e8s Grands Proph\u00e8tes, autant de l&rsquo;antiquit\u00e9 que contemporains; nous pr\u00e9disent : \u00ab\u00a0Que l&rsquo;homme deviendra son propre Pr\u00eatre\u00a0\u00bb.<\/span><\/p>\n<p> <span class=\"gmoyen\"><img decoding=\"async\" src=\"http:\/\/www.ac-am.fr\/wp-content\/uploads\/2015\/09\/balle02.gif\" alt=\"\" border=\"0\" \/> Nous aurions pu parler aussi des penseurs Chinois, de Lao-Tseu, de Confucius, de l&rsquo;essai de cr\u00e9ation d&rsquo;une religion au service du Bien et de l&rsquo;AMOUR, celle de Zoroastre, mais qui fut d\u00e9truite par la puissance aveugle, brutale et idol\u00e2tre de Babylone.<\/span><\/p>\n<p> <span class=\"gmoyen\"><img decoding=\"async\" src=\"http:\/\/www.ac-am.fr\/wp-content\/uploads\/2015\/09\/balle02.gif\" alt=\"\" border=\"0\" \/> Ce que nous avons cherch\u00e9 \u00e0 d\u00e9montrer, c&rsquo;est l&rsquo;influence de l&rsquo;Esprit Cr\u00e9ateur dans la Conscience Humaine, et dont les Niveaux de Conscience, peuvent \u00eatre acquise, \u00e0 la mesure de l&rsquo;effort que l&rsquo;\u00catre consent \u00e0 faire, \u00e0 travers tous les \u00e9crits de l&rsquo;humanit\u00e9; nous avons essay\u00e9 de dire comment cette influence \u00e0 pu, par touches successives permettre \u00e0 l&rsquo;Esprit humain de recevoir enfin le message total et vivant de l&rsquo;AMOUR, de la recherche de s&rsquo;assouvir dans L&rsquo;HARMONIE. Aussi, nous avons cherch\u00e9 \u00e0 d\u00e9montrer que l&rsquo;Esprit-Saint influence l&rsquo;humanit\u00e9 en prenant, selon les temps et les lieux, des formes diff\u00e9rentes adapt\u00e9es aux cultures et aux coutumes des peuples concern\u00e9s. En laissant aux hommes la libert\u00e9 d&rsquo;accepter ou de refuser, son seul but est de leur proposer une route meilleure et d&rsquo;amener, petit \u00e0 petit , l&rsquo;ensemble de l&rsquo;humanit\u00e9 \u00e0 percevoir la seule r\u00e9alit\u00e9 qui sera, un jour, comprise comme \u00e9tant la religion ?<\/span><\/p>\n<p class=\"gmoyen\" style=\"text-align: center;\"><span style=\"color: #abc999;\">\u00ab\u00a0LA RELIGION NATURELLE\u00a0\u00bb<\/span><\/p>\n<p class=\"gmoyen\" style=\"text-align: center;\"><span style=\"color: #abc999;\">La Religion du Coeur, la Religion universelle, la Religion Libre !<\/span><\/p>\n<p class=\"ntitre1\" style=\"text-align: center;\"><span style=\"color: #abc999;\">L&rsquo;AMOUR<\/span><\/p>\n<p><span class=\"gmoyen\"><i>[<a href=\"boites.htm#Jean_Samuel01_G\">Jean-Samuel G. &#8211; le 27-03-98<\/a>]<\/i><\/span><a href=\"http:\/\/www.ac-am.fr\/index.php\/jean-samuel-g-pardon\/\" target=\"_self\"><img loading=\"lazy\" decoding=\"async\" src=\"http:\/\/www.ac-am.fr\/wp-content\/uploads\/2015\/10\/ecrits2.gif\" alt=\"\" width=\"50\" height=\"36\" border=\"0\" hspace=\"10\" \/><\/a><\/p>\n<\/td>\n<\/tr>\n<\/tbody>\n<\/table>\n<\/td>\n<\/tr>\n<\/tbody>\n<\/table>\n<\/div>\n<div style=\"padding-bottom:20px; padding-top:10px;\" class=\"hupso-share-buttons\"><!-- Hupso Share Buttons - https:\/\/www.hupso.com\/share\/ --><a class=\"hupso_toolbar\" href=\"https:\/\/www.hupso.com\/share\/\"><img decoding=\"async\" src=\"https:\/\/static.hupso.com\/share\/buttons\/lang\/fr\/share.png\" style=\"border:0px; padding-top: 5px; float:left;\" alt=\"Share Button\"\/><\/a><script type=\"text\/javascript\">var hupso_services_t=new Array(\"Twitter\",\"Facebook\",\"Google Plus\");var hupso_background_t=\"#EAF4FF\";var hupso_border_t=\"#66CCFF\";var hupso_toolbar_size_t=\"big\";var hupso_image_folder_url = \"\";var hupso_url_t=\"\";var hupso_title_t=\"L%27Esprit%20dans%20la%20Lettre.\";<\/script><script type=\"text\/javascript\" src=\"https:\/\/static.hupso.com\/share\/js\/share_toolbar.js\"><\/script><!-- Hupso Share Buttons --><\/div>","protected":false},"excerpt":{"rendered":"<p>L&rsquo;Esprit dans la Lettre. Essayer de faire sentir l&rsquo;influence de l&rsquo;Esprit dans les \u00e9crits des&#8230;<\/p>\n","protected":false},"author":4,"featured_media":0,"comment_status":"closed","ping_status":"open","sticky":false,"template":"","format":"standard","meta":{"footnotes":""},"categories":[26],"tags":[],"class_list":["post-1436","post","type-post","status-publish","format-standard","hentry","category-1998-inities"],"yoast_head":"<!-- This site is optimized with the Yoast SEO plugin v26.9 - https:\/\/yoast.com\/product\/yoast-seo-wordpress\/ -->\n<title>L&#039;Esprit dans la Lettre. - Autre Conscience, Autre Monde<\/title>\n<meta name=\"robots\" content=\"index, follow, max-snippet:-1, max-image-preview:large, max-video-preview:-1\" \/>\n<link rel=\"canonical\" href=\"https:\/\/www.ac-am.fr\/index.php\/1998\/03\/27\/lesprit-dans-la-lettre\/\" \/>\n<meta property=\"og:locale\" content=\"fr_FR\" \/>\n<meta property=\"og:type\" content=\"article\" \/>\n<meta property=\"og:title\" content=\"L&#039;Esprit dans la Lettre. - Autre Conscience, Autre Monde\" \/>\n<meta property=\"og:description\" content=\"L&rsquo;Esprit dans la Lettre. Essayer de faire sentir l&rsquo;influence de l&rsquo;Esprit dans les \u00e9crits des...\" \/>\n<meta property=\"og:url\" content=\"https:\/\/www.ac-am.fr\/index.php\/1998\/03\/27\/lesprit-dans-la-lettre\/\" \/>\n<meta property=\"og:site_name\" content=\"Autre Conscience, Autre Monde\" \/>\n<meta property=\"article:publisher\" content=\"https:\/\/fr-fr.facebook.com\/claude.acam\/\" \/>\n<meta property=\"article:published_time\" content=\"1998-03-27T16:39:42+00:00\" \/>\n<meta property=\"article:modified_time\" content=\"2015-11-13T13:40:17+00:00\" \/>\n<meta property=\"og:image\" content=\"http:\/\/www.ac-am.fr\/wp-content\/uploads\/2015\/09\/barre_mr.gif\" \/>\n<meta name=\"author\" content=\"Jean-Samuel G.\" \/>\n<meta name=\"twitter:card\" content=\"summary_large_image\" \/>\n<meta name=\"twitter:label1\" content=\"\u00c9crit par\" \/>\n\t<meta name=\"twitter:data1\" content=\"Jean-Samuel G.\" \/>\n\t<meta name=\"twitter:label2\" content=\"Dur\u00e9e de lecture estim\u00e9e\" \/>\n\t<meta name=\"twitter:data2\" content=\"19 minutes\" \/>\n<script type=\"application\/ld+json\" class=\"yoast-schema-graph\">{\"@context\":\"https:\/\/schema.org\",\"@graph\":[{\"@type\":\"Article\",\"@id\":\"https:\/\/www.ac-am.fr\/index.php\/1998\/03\/27\/lesprit-dans-la-lettre\/#article\",\"isPartOf\":{\"@id\":\"https:\/\/www.ac-am.fr\/index.php\/1998\/03\/27\/lesprit-dans-la-lettre\/\"},\"author\":{\"name\":\"Jean-Samuel G.\",\"@id\":\"https:\/\/www.ac-am.fr\/#\/schema\/person\/8ba4336baa9f23867a7f37ed189bef96\"},\"headline\":\"L&rsquo;Esprit dans la Lettre.\",\"datePublished\":\"1998-03-27T16:39:42+00:00\",\"dateModified\":\"2015-11-13T13:40:17+00:00\",\"mainEntityOfPage\":{\"@id\":\"https:\/\/www.ac-am.fr\/index.php\/1998\/03\/27\/lesprit-dans-la-lettre\/\"},\"wordCount\":4015,\"publisher\":{\"@id\":\"https:\/\/www.ac-am.fr\/#organization\"},\"image\":{\"@id\":\"https:\/\/www.ac-am.fr\/index.php\/1998\/03\/27\/lesprit-dans-la-lettre\/#primaryimage\"},\"thumbnailUrl\":\"http:\/\/www.ac-am.fr\/wp-content\/uploads\/2015\/09\/barre_mr.gif\",\"articleSection\":[\"1998 \u2013 INITI\u00c9S\"],\"inLanguage\":\"fr-FR\"},{\"@type\":\"WebPage\",\"@id\":\"https:\/\/www.ac-am.fr\/index.php\/1998\/03\/27\/lesprit-dans-la-lettre\/\",\"url\":\"https:\/\/www.ac-am.fr\/index.php\/1998\/03\/27\/lesprit-dans-la-lettre\/\",\"name\":\"L'Esprit dans la Lettre. - Autre Conscience, Autre Monde\",\"isPartOf\":{\"@id\":\"https:\/\/www.ac-am.fr\/#website\"},\"primaryImageOfPage\":{\"@id\":\"https:\/\/www.ac-am.fr\/index.php\/1998\/03\/27\/lesprit-dans-la-lettre\/#primaryimage\"},\"image\":{\"@id\":\"https:\/\/www.ac-am.fr\/index.php\/1998\/03\/27\/lesprit-dans-la-lettre\/#primaryimage\"},\"thumbnailUrl\":\"http:\/\/www.ac-am.fr\/wp-content\/uploads\/2015\/09\/barre_mr.gif\",\"datePublished\":\"1998-03-27T16:39:42+00:00\",\"dateModified\":\"2015-11-13T13:40:17+00:00\",\"breadcrumb\":{\"@id\":\"https:\/\/www.ac-am.fr\/index.php\/1998\/03\/27\/lesprit-dans-la-lettre\/#breadcrumb\"},\"inLanguage\":\"fr-FR\",\"potentialAction\":[{\"@type\":\"ReadAction\",\"target\":[\"https:\/\/www.ac-am.fr\/index.php\/1998\/03\/27\/lesprit-dans-la-lettre\/\"]}]},{\"@type\":\"ImageObject\",\"inLanguage\":\"fr-FR\",\"@id\":\"https:\/\/www.ac-am.fr\/index.php\/1998\/03\/27\/lesprit-dans-la-lettre\/#primaryimage\",\"url\":\"https:\/\/www.ac-am.fr\/wp-content\/uploads\/2015\/09\/barre_mr.gif\",\"contentUrl\":\"https:\/\/www.ac-am.fr\/wp-content\/uploads\/2015\/09\/barre_mr.gif\",\"width\":550,\"height\":7,\"caption\":\"barre marron\"},{\"@type\":\"BreadcrumbList\",\"@id\":\"https:\/\/www.ac-am.fr\/index.php\/1998\/03\/27\/lesprit-dans-la-lettre\/#breadcrumb\",\"itemListElement\":[{\"@type\":\"ListItem\",\"position\":1,\"name\":\"Accueil\",\"item\":\"https:\/\/www.ac-am.fr\/\"},{\"@type\":\"ListItem\",\"position\":2,\"name\":\"L&rsquo;Esprit dans la Lettre.\"}]},{\"@type\":\"WebSite\",\"@id\":\"https:\/\/www.ac-am.fr\/#website\",\"url\":\"https:\/\/www.ac-am.fr\/\",\"name\":\"Autre Conscience, Autre Monde\",\"description\":\"\",\"publisher\":{\"@id\":\"https:\/\/www.ac-am.fr\/#organization\"},\"potentialAction\":[{\"@type\":\"SearchAction\",\"target\":{\"@type\":\"EntryPoint\",\"urlTemplate\":\"https:\/\/www.ac-am.fr\/?s={search_term_string}\"},\"query-input\":{\"@type\":\"PropertyValueSpecification\",\"valueRequired\":true,\"valueName\":\"search_term_string\"}}],\"inLanguage\":\"fr-FR\"},{\"@type\":\"Organization\",\"@id\":\"https:\/\/www.ac-am.fr\/#organization\",\"name\":\"Autre Conscience, Autre Monde\",\"url\":\"https:\/\/www.ac-am.fr\/\",\"logo\":{\"@type\":\"ImageObject\",\"inLanguage\":\"fr-FR\",\"@id\":\"https:\/\/www.ac-am.fr\/#\/schema\/logo\/image\/\",\"url\":\"https:\/\/www.ac-am.fr\/wp-content\/uploads\/2015\/10\/bd_ac_am.gif\",\"contentUrl\":\"https:\/\/www.ac-am.fr\/wp-content\/uploads\/2015\/10\/bd_ac_am.gif\",\"width\":370,\"height\":65,\"caption\":\"Autre Conscience, Autre Monde\"},\"image\":{\"@id\":\"https:\/\/www.ac-am.fr\/#\/schema\/logo\/image\/\"},\"sameAs\":[\"https:\/\/fr-fr.facebook.com\/claude.acam\/\",\"https:\/\/www.youtube.com\/user\/consciencemonde\"]},{\"@type\":\"Person\",\"@id\":\"https:\/\/www.ac-am.fr\/#\/schema\/person\/8ba4336baa9f23867a7f37ed189bef96\",\"name\":\"Jean-Samuel G.\",\"image\":{\"@type\":\"ImageObject\",\"inLanguage\":\"fr-FR\",\"@id\":\"https:\/\/www.ac-am.fr\/#\/schema\/person\/image\/\",\"url\":\"https:\/\/secure.gravatar.com\/avatar\/f2363bb60723dc8df83367598e801f39544f6ea45e89f440ded40fd90b76d38a?s=96&d=identicon&r=g\",\"contentUrl\":\"https:\/\/secure.gravatar.com\/avatar\/f2363bb60723dc8df83367598e801f39544f6ea45e89f440ded40fd90b76d38a?s=96&d=identicon&r=g\",\"caption\":\"Jean-Samuel G.\"},\"url\":\"https:\/\/www.ac-am.fr\/index.php\/author\/jean-samuel-g\/\"}]}<\/script>\n<!-- \/ Yoast SEO plugin. -->","yoast_head_json":{"title":"L'Esprit dans la Lettre. - Autre Conscience, Autre Monde","robots":{"index":"index","follow":"follow","max-snippet":"max-snippet:-1","max-image-preview":"max-image-preview:large","max-video-preview":"max-video-preview:-1"},"canonical":"https:\/\/www.ac-am.fr\/index.php\/1998\/03\/27\/lesprit-dans-la-lettre\/","og_locale":"fr_FR","og_type":"article","og_title":"L'Esprit dans la Lettre. - Autre Conscience, Autre Monde","og_description":"L&rsquo;Esprit dans la Lettre. Essayer de faire sentir l&rsquo;influence de l&rsquo;Esprit dans les \u00e9crits des...","og_url":"https:\/\/www.ac-am.fr\/index.php\/1998\/03\/27\/lesprit-dans-la-lettre\/","og_site_name":"Autre Conscience, Autre Monde","article_publisher":"https:\/\/fr-fr.facebook.com\/claude.acam\/","article_published_time":"1998-03-27T16:39:42+00:00","article_modified_time":"2015-11-13T13:40:17+00:00","og_image":[{"url":"http:\/\/www.ac-am.fr\/wp-content\/uploads\/2015\/09\/barre_mr.gif","type":"","width":"","height":""}],"author":"Jean-Samuel G.","twitter_card":"summary_large_image","twitter_misc":{"\u00c9crit par":"Jean-Samuel G.","Dur\u00e9e de lecture estim\u00e9e":"19 minutes"},"schema":{"@context":"https:\/\/schema.org","@graph":[{"@type":"Article","@id":"https:\/\/www.ac-am.fr\/index.php\/1998\/03\/27\/lesprit-dans-la-lettre\/#article","isPartOf":{"@id":"https:\/\/www.ac-am.fr\/index.php\/1998\/03\/27\/lesprit-dans-la-lettre\/"},"author":{"name":"Jean-Samuel G.","@id":"https:\/\/www.ac-am.fr\/#\/schema\/person\/8ba4336baa9f23867a7f37ed189bef96"},"headline":"L&rsquo;Esprit dans la Lettre.","datePublished":"1998-03-27T16:39:42+00:00","dateModified":"2015-11-13T13:40:17+00:00","mainEntityOfPage":{"@id":"https:\/\/www.ac-am.fr\/index.php\/1998\/03\/27\/lesprit-dans-la-lettre\/"},"wordCount":4015,"publisher":{"@id":"https:\/\/www.ac-am.fr\/#organization"},"image":{"@id":"https:\/\/www.ac-am.fr\/index.php\/1998\/03\/27\/lesprit-dans-la-lettre\/#primaryimage"},"thumbnailUrl":"http:\/\/www.ac-am.fr\/wp-content\/uploads\/2015\/09\/barre_mr.gif","articleSection":["1998 \u2013 INITI\u00c9S"],"inLanguage":"fr-FR"},{"@type":"WebPage","@id":"https:\/\/www.ac-am.fr\/index.php\/1998\/03\/27\/lesprit-dans-la-lettre\/","url":"https:\/\/www.ac-am.fr\/index.php\/1998\/03\/27\/lesprit-dans-la-lettre\/","name":"L'Esprit dans la Lettre. - Autre Conscience, Autre Monde","isPartOf":{"@id":"https:\/\/www.ac-am.fr\/#website"},"primaryImageOfPage":{"@id":"https:\/\/www.ac-am.fr\/index.php\/1998\/03\/27\/lesprit-dans-la-lettre\/#primaryimage"},"image":{"@id":"https:\/\/www.ac-am.fr\/index.php\/1998\/03\/27\/lesprit-dans-la-lettre\/#primaryimage"},"thumbnailUrl":"http:\/\/www.ac-am.fr\/wp-content\/uploads\/2015\/09\/barre_mr.gif","datePublished":"1998-03-27T16:39:42+00:00","dateModified":"2015-11-13T13:40:17+00:00","breadcrumb":{"@id":"https:\/\/www.ac-am.fr\/index.php\/1998\/03\/27\/lesprit-dans-la-lettre\/#breadcrumb"},"inLanguage":"fr-FR","potentialAction":[{"@type":"ReadAction","target":["https:\/\/www.ac-am.fr\/index.php\/1998\/03\/27\/lesprit-dans-la-lettre\/"]}]},{"@type":"ImageObject","inLanguage":"fr-FR","@id":"https:\/\/www.ac-am.fr\/index.php\/1998\/03\/27\/lesprit-dans-la-lettre\/#primaryimage","url":"https:\/\/www.ac-am.fr\/wp-content\/uploads\/2015\/09\/barre_mr.gif","contentUrl":"https:\/\/www.ac-am.fr\/wp-content\/uploads\/2015\/09\/barre_mr.gif","width":550,"height":7,"caption":"barre marron"},{"@type":"BreadcrumbList","@id":"https:\/\/www.ac-am.fr\/index.php\/1998\/03\/27\/lesprit-dans-la-lettre\/#breadcrumb","itemListElement":[{"@type":"ListItem","position":1,"name":"Accueil","item":"https:\/\/www.ac-am.fr\/"},{"@type":"ListItem","position":2,"name":"L&rsquo;Esprit dans la Lettre."}]},{"@type":"WebSite","@id":"https:\/\/www.ac-am.fr\/#website","url":"https:\/\/www.ac-am.fr\/","name":"Autre Conscience, Autre Monde","description":"","publisher":{"@id":"https:\/\/www.ac-am.fr\/#organization"},"potentialAction":[{"@type":"SearchAction","target":{"@type":"EntryPoint","urlTemplate":"https:\/\/www.ac-am.fr\/?s={search_term_string}"},"query-input":{"@type":"PropertyValueSpecification","valueRequired":true,"valueName":"search_term_string"}}],"inLanguage":"fr-FR"},{"@type":"Organization","@id":"https:\/\/www.ac-am.fr\/#organization","name":"Autre Conscience, Autre Monde","url":"https:\/\/www.ac-am.fr\/","logo":{"@type":"ImageObject","inLanguage":"fr-FR","@id":"https:\/\/www.ac-am.fr\/#\/schema\/logo\/image\/","url":"https:\/\/www.ac-am.fr\/wp-content\/uploads\/2015\/10\/bd_ac_am.gif","contentUrl":"https:\/\/www.ac-am.fr\/wp-content\/uploads\/2015\/10\/bd_ac_am.gif","width":370,"height":65,"caption":"Autre Conscience, Autre Monde"},"image":{"@id":"https:\/\/www.ac-am.fr\/#\/schema\/logo\/image\/"},"sameAs":["https:\/\/fr-fr.facebook.com\/claude.acam\/","https:\/\/www.youtube.com\/user\/consciencemonde"]},{"@type":"Person","@id":"https:\/\/www.ac-am.fr\/#\/schema\/person\/8ba4336baa9f23867a7f37ed189bef96","name":"Jean-Samuel G.","image":{"@type":"ImageObject","inLanguage":"fr-FR","@id":"https:\/\/www.ac-am.fr\/#\/schema\/person\/image\/","url":"https:\/\/secure.gravatar.com\/avatar\/f2363bb60723dc8df83367598e801f39544f6ea45e89f440ded40fd90b76d38a?s=96&d=identicon&r=g","contentUrl":"https:\/\/secure.gravatar.com\/avatar\/f2363bb60723dc8df83367598e801f39544f6ea45e89f440ded40fd90b76d38a?s=96&d=identicon&r=g","caption":"Jean-Samuel G."},"url":"https:\/\/www.ac-am.fr\/index.php\/author\/jean-samuel-g\/"}]}},"_links":{"self":[{"href":"https:\/\/www.ac-am.fr\/index.php\/wp-json\/wp\/v2\/posts\/1436","targetHints":{"allow":["GET"]}}],"collection":[{"href":"https:\/\/www.ac-am.fr\/index.php\/wp-json\/wp\/v2\/posts"}],"about":[{"href":"https:\/\/www.ac-am.fr\/index.php\/wp-json\/wp\/v2\/types\/post"}],"author":[{"embeddable":true,"href":"https:\/\/www.ac-am.fr\/index.php\/wp-json\/wp\/v2\/users\/4"}],"replies":[{"embeddable":true,"href":"https:\/\/www.ac-am.fr\/index.php\/wp-json\/wp\/v2\/comments?post=1436"}],"version-history":[{"count":6,"href":"https:\/\/www.ac-am.fr\/index.php\/wp-json\/wp\/v2\/posts\/1436\/revisions"}],"predecessor-version":[{"id":1559,"href":"https:\/\/www.ac-am.fr\/index.php\/wp-json\/wp\/v2\/posts\/1436\/revisions\/1559"}],"wp:attachment":[{"href":"https:\/\/www.ac-am.fr\/index.php\/wp-json\/wp\/v2\/media?parent=1436"}],"wp:term":[{"taxonomy":"category","embeddable":true,"href":"https:\/\/www.ac-am.fr\/index.php\/wp-json\/wp\/v2\/categories?post=1436"},{"taxonomy":"post_tag","embeddable":true,"href":"https:\/\/www.ac-am.fr\/index.php\/wp-json\/wp\/v2\/tags?post=1436"}],"curies":[{"name":"wp","href":"https:\/\/api.w.org\/{rel}","templated":true}]}}