{"id":1440,"date":"1998-10-17T17:48:53","date_gmt":"1998-10-17T16:48:53","guid":{"rendered":"https:\/\/www.ac-am.fr\/?p=1440"},"modified":"2015-11-13T14:44:02","modified_gmt":"2015-11-13T13:44:02","slug":"la-parole-ou-le-verbe-naquit","status":"publish","type":"post","link":"https:\/\/www.ac-am.fr\/index.php\/1998\/10\/17\/la-parole-ou-le-verbe-naquit\/","title":{"rendered":"La parole ou le Verbe naquit&#8230;"},"content":{"rendered":"<div id=\"inities\" style=\"background-attachment: fixed; border: 2px solid #FF9900; border-radius: 10px; opacity: 0.90;\">\n<table class=\"aligncenter\" style=\"width: 600px;\" border=\"0\">\n<tbody>\n<tr>\n<td>\n<table class=\"aligncenter\" style=\"width: 567px; height: 190px;\" border=\"0\">\n<tbody>\n<tr>\n<td><img decoding=\"async\" class=\"aligncenter\" src=\"http:\/\/www.ac-am.fr\/wp-content\/uploads\/2015\/09\/barre_mr.gif\" alt=\"\" border=\"0\" \/><\/td>\n<\/tr>\n<tr>\n<td style=\"text-align: left;\"><img loading=\"lazy\" decoding=\"async\" src=\"http:\/\/www.ac-am.fr\/wp-content\/uploads\/2015\/10\/retepouv.gif\" alt=\"R\u00e9flexions et T\u00e9moignages\" width=\"380\" height=\"100\" border=\"0\" \/><img loading=\"lazy\" decoding=\"async\" src=\"http:\/\/www.ac-am.fr\/wp-content\/uploads\/2015\/10\/cal1998.gif\" alt=\"Ann\u00e9e 1998\" width=\"150\" height=\"100\" border=\"0\" \/><\/td>\n<\/tr>\n<tr>\n<td><img decoding=\"async\" class=\"aligncenter\" src=\"http:\/\/www.ac-am.fr\/wp-content\/uploads\/2015\/09\/barre_mr.gif\" alt=\"\" border=\"0\" \/><\/td>\n<\/tr>\n<\/tbody>\n<\/table>\n<table class=\"aligncenter\" style=\"width: 590px;\" border=\"0\">\n<tbody>\n<tr>\n<td><a name=\"Jean_Samuel01_initie98_04\"><\/a><b class=\"ntitre1\">La parole ou le Verbe naquit&#8230;<\/b><\/td>\n<\/tr>\n<tr>\n<td colspan=\"2\"><img decoding=\"async\" class=\"aligncenter\" src=\"http:\/\/www.ac-am.fr\/wp-content\/uploads\/2015\/09\/barre_rd.gif\" alt=\"\" border=\"0\" \/><\/td>\n<\/tr>\n<tr>\n<td style=\"text-align: left;\"><span class=\"gmoyen\"><img decoding=\"async\" src=\"http:\/\/www.ac-am.fr\/wp-content\/uploads\/2015\/09\/balle02.gif\" alt=\"\" border=\"0\" \/> LA PAROLE, ce sujet qui dans les \u00e9crits bibliques est mentionn\u00e9 comme \u00e9tant LE VERBE !<\/span><\/p>\n<p> <span class=\"gmoyen\"><img decoding=\"async\" src=\"http:\/\/www.ac-am.fr\/wp-content\/uploads\/2015\/09\/balle02.gif\" alt=\"\" border=\"0\" \/> Quand l&rsquo;\u00eatre humain aujourd&rsquo;hui en 1998 parle du Verbe, il n&rsquo;entend habituellement par l\u00e0 que la parole humaine (des mots qui sortent de sa bouche), pourtant si faible, si insignifiante devant la majest\u00e9 de l&rsquo;Univers. Mais nous savons que l&rsquo;\u00e9vangile (selon) Saint Jean commence avec ces paroles lourdes de sens : \u00ab\u00a0Au commencement \u00e9tait le Verbe (Le Logos), et le Verbe \u00e9tait en Dieu. Et le Verbe \u00e9tait un Dieu\u00a0\u00bb.<\/span><\/p>\n<p> <span class=\"gmoyen\"><img decoding=\"async\" src=\"http:\/\/www.ac-am.fr\/wp-content\/uploads\/2015\/09\/balle02.gif\" alt=\"\" border=\"0\" \/> Celui qui r\u00e9fl\u00e9chit sur ce d\u00e9but de texte, qui prend une importance telle, une importance particuli\u00e8re sur les autres \u00e9crits, mais si plein de sens devra se demander : \u00e0 quoi exactement nous renvoie-t-on quand on place le Verbe au commencement de toutes choses ? Qu&rsquo;est-ce qu&rsquo;on entend par ce Verbe, ce Logos ? Quel rapport cela peut-il avoir avec la parole humaine, si faible en face de la majest\u00e9 de l&rsquo;Univers. Surtout lorsqu&rsquo;on consid\u00e8re, combien notre langage s&rsquo;est empli de fausset\u00e9s, d&rsquo;erreurs, et de mauvais sens par une quantit\u00e9 incroyable d&rsquo;interpr\u00e9tations \u00ab\u00a0individuelles\u00a0\u00bb.<\/span><\/p>\n<p> <span class=\"gmoyen\"><img decoding=\"async\" src=\"http:\/\/www.ac-am.fr\/wp-content\/uploads\/2015\/09\/balle02.gif\" alt=\"\" border=\"0\" \/> Le nom de Jean se rattache aussi \u00e0 la ville d&rsquo;\u00c9ph\u00e8se. Et celui qui, arm\u00e9 de la vision imaginative de l&rsquo;histoire du monde rencontre ces paroles si pleines de sens : \u00ab\u00a0Au commencement \u00e9tait le Verbe. Et le Verbe \u00e9tait en Dieu.\u00a0\u00bb, celui-l\u00e0 est toujours ramen\u00e9 vers l&rsquo;antique temple de Diane \u00e0 \u00c9ph\u00e8se. Cette \u00e9nigme des premiers versets de l&rsquo;\u00e9vangile de Jean renvoie celui qui a atteint un certain degr\u00e9 d&rsquo;initiation aux myst\u00e8res du monde, au temple de Diane \u00e0 \u00c9ph\u00e8se, aux Myst\u00e8res d&rsquo;Art\u00e9mis. Et il lui appara\u00eet que la r\u00e9v\u00e9lation donn\u00e9e par les Myst\u00e8res d&rsquo;\u00c9ph\u00e8se peut \u00e9clairer la compr\u00e9hension du d\u00e9but de cet \u00e9vangile.<\/span><\/p>\n<p> <span class=\"gmoyen\"><img decoding=\"async\" src=\"http:\/\/www.ac-am.fr\/wp-content\/uploads\/2015\/09\/balle02.gif\" alt=\"\" border=\"0\" \/> Munis des indications donn\u00e9es \u00e0 nos Esprits, tournons-nous vers les secrets, les myst\u00e8res du Temple de Diane \u00e0 \u00c9ph\u00e8se, et jetons un coup d&rsquo;\u0153il dans ce 6\u00b0 et 7\u00b0 si\u00e8cle avant J.-C&#8230; ou m\u00eame plus t\u00f4t encore, pour voir ce qu&rsquo;on s&rsquo;effor\u00e7ait d&rsquo;atteindre dans ce lieu si sacr\u00e9, si v\u00e9n\u00e9r\u00e9 des \u00ab\u00a0Anciens\u00a0\u00bb (comme dit notre Ami Claude). Nous constatons alors que l&rsquo;enseignement des Myst\u00e8res \u00e0 \u00c9ph\u00e8se concernait d&rsquo;abord ce qui r\u00e9sonne dans la parole humaine. Nous apprenons, non pas par un expos\u00e9 historique fauss\u00e9 par la barbarie humaine, mais bien par la chronique \u00e9th\u00e9rique des pens\u00e9es, accessible \u00e0 la connaissance spirituelle et dans laquelle les \u00e9v\u00e9nements de l&rsquo;\u00e9volution sont consign\u00e9s, nous pouvons percevoir ce qui se passait \u00e0 l&rsquo;int\u00e9rieur des Myst\u00e8res d&rsquo;\u00c9ph\u00e8se, (les documents Acachiques).<\/span><\/p>\n<p> <span class=\"gmoyen\"><img decoding=\"async\" src=\"http:\/\/www.ac-am.fr\/wp-content\/uploads\/2015\/09\/balle02.gif\" alt=\"\" border=\"0\" \/> L\u00e0, se d\u00e9voile \u00e0 la vision comment le ma\u00eetre orientait d&rsquo;abord son \u00e9l\u00e8ve vers la parole humaine et comment, constamment, il l&rsquo;exhortait ainsi : \u00ab\u00a0Ressens dans tes propres organes ce qui se passe r\u00e9ellement quand tu parles\u00a0\u00bb. Les processus qui se d\u00e9roulent quand on parle ne peuvent \u00eatre per\u00e7us par une sensibilit\u00e9 ordinaire car ils sont intimes et subtils. Nous consid\u00e9rons d&rsquo;abord ce qui dans la parole est ext\u00e9rieur, et c&rsquo;est de cet ext\u00e9rieur qu&rsquo;on partait dans l&rsquo;enseignement des Myst\u00e8res d&rsquo;\u00c9ph\u00e8se.<\/span><\/p>\n<p> <span class=\"gmoyen\"><img decoding=\"async\" src=\"http:\/\/www.ac-am.fr\/wp-content\/uploads\/2015\/09\/balle02.gif\" alt=\"\" border=\"0\" \/> On attirait l&rsquo;attention de l&rsquo;\u00e9l\u00e8ve sur la mani\u00e8re dont la parole r\u00e9sonne de la bouche humaine. On lui r\u00e9p\u00e9tait mainte et mainte fois : \u00ab\u00a0Remarques bien ce que tu ressens quand la parole r\u00e9sonne de tes l\u00e8vres\u00a0\u00bb. Et l&rsquo;\u00e9l\u00e8ve devait percevoir comment, de la parole, quelque chose se tourne vers le haut pour prendre en soi la pens\u00e9e de la t\u00eate. Et comment \u00e0 nouveau quelque chose de cette m\u00eame parole se dirige vers le bas pour en rendre le contenu int\u00e9rieurement vivant.<\/span><\/p>\n<p> <span class=\"gmoyen\"><img decoding=\"async\" src=\"http:\/\/www.ac-am.fr\/wp-content\/uploads\/2015\/09\/balle02.gif\" alt=\"\" border=\"0\" \/> On entra\u00eenait continuellement \u00e0 pousser \u00e0 travers le larynx ce qu&rsquo;il y a de plus ext\u00e9rieur dans le parler et \u00e0 percevoir alors dans la parole qui sort du larynx cette alternance vers le haut et vers le bas. \u00ab\u00a0Je suis, je ne suis pas,&#8230;\u00a0\u00bb, cette assertion positive, suivie de cette assertion n\u00e9gative, l&rsquo;\u00e9l\u00e8ve devait les faire r\u00e9sonner \u00e0 travers la gorge en les articulant le plus nettement possible, et observer comment il ressentait dans le \u00ab\u00a0Je suis\u00a0\u00bb davantage la mont\u00e9 et dans le \u00ab\u00a0Je ne suis pas\u00a0\u00bb la direction vers le bas.<\/span><\/p>\n<p> <span class=\"gmoyen\"><img decoding=\"async\" src=\"http:\/\/www.ac-am.fr\/wp-content\/uploads\/2015\/09\/balle02.gif\" alt=\"\" border=\"0\" \/> Mais ensuite, l&rsquo;\u00e9l\u00e8ve \u00e9tait conduit vers des exp\u00e9riences plus int\u00e9rieures encore et plus intimes : \u00e0 la mani\u00e8re dont il pouvait percevoir que de la parole quelque chose s&rsquo;\u00e9l\u00e8ve vers la t\u00eate comme de la chaleur&#8230; et cette chaleur, ce feu saisit la pens\u00e9e. Vers le bas s&rsquo;\u00e9coule quelque chose comme un \u00e9l\u00e9ment aqueux, qui s&rsquo;\u00e9panche comme s&rsquo;\u00e9panche dans l&rsquo;\u00eatre, une s\u00e9cr\u00e9tion glandulaire. L&rsquo;\u00catre se sert de l&rsquo;air, on l&rsquo;expliquait tr\u00e8s clairement \u00e0 l&rsquo;\u00e9l\u00e8ve, pour faire r\u00e9sonner la parole; pendant qu&rsquo;il parle, cet air se transforme en l&rsquo;\u00e9l\u00e9ment le plus voisin, en feu, en chaleur, qui va chercher la pens\u00e9e dans le haut de la t\u00eate pour l&rsquo;amener en bas et se l&rsquo;incorporer.<\/span><\/p>\n<p> <span class=\"gmoyen\"><img decoding=\"async\" src=\"http:\/\/www.ac-am.fr\/wp-content\/uploads\/2015\/09\/balle02.gif\" alt=\"\" border=\"0\" \/> Ensuite, cela change : tandis que l&rsquo;air est mont\u00e9 vers le haut, ce qui repose dans la parole descend, l&rsquo;air retombe vers la bas comme une s\u00e9cr\u00e9tion glandulaire fluide comme l&rsquo;eau. Et gr\u00e2ce \u00e0 cela, la parole devient int\u00e9rieurement sensible pour l&rsquo;\u00catre. La parole s&rsquo;\u00e9goutte vers le bas comme un \u00e9l\u00e9ment fluant.<\/span><\/p>\n<p> <span class=\"gmoyen\"><img decoding=\"async\" src=\"http:\/\/www.ac-am.fr\/wp-content\/uploads\/2015\/09\/balle02.gif\" alt=\"\" border=\"0\" \/> Ainsi l&rsquo;\u00e9l\u00e8ve \u00e9tait introduit dans le myst\u00e8re r\u00e9el de la parole. Mais ce myst\u00e8re se relie au myst\u00e8re de l&rsquo;\u00catre qui est aujourd&rsquo;hui absolument ferm\u00e9 \u00e0 la mentalit\u00e9 scientifique qui place en t\u00eate de toute r\u00e9flexion la plus incroyable caricature de la v\u00e9rit\u00e9, c&rsquo;est-\u00e0-dire cette pr\u00e9tendue connaissance de la conservation de l&rsquo;\u00e9nergie et de la mati\u00e8re. En l&rsquo;\u00catre, la substance se transforme continuellement; elle ne reste pas. L&rsquo;air qui sort par la gorge se transforme alternativement en l&rsquo;\u00e9l\u00e9ment le plus proche, plus \u00e9lev\u00e9 que lui, en chaleur ou feu, et \u00e0 nouveau en eau : feu, eau, \u2026 feu, eau.<\/span><\/p>\n<p> <span class=\"gmoyen\"><img decoding=\"async\" src=\"http:\/\/www.ac-am.fr\/wp-content\/uploads\/2015\/09\/balle02.gif\" alt=\"\" border=\"0\" \/> \u00c0 \u00c9ph\u00e8se, on faisait donc remarquer \u00e0 l&rsquo;\u00e9l\u00e8ve : \u00ab\u00a0Pendant que tu parles, une sorte d&rsquo;ondulation sort de ta bouche; feu, eau; feu, eau\u00a0\u00bb. Ce n&rsquo;est rien d&rsquo;autre que la mont\u00e9e de la parole vers la pens\u00e9e, et le goutte \u00e0 goutte de la parole vers le sentiment. Ainsi, dans l&rsquo;action de parler, la pens\u00e9e et le sentiment tissent en commun la parole; de ce fait les ondes vivantes de la parole deviennent plus subtiles, passent de l&rsquo;air au feu, puis se condensent en eau et ainsi de suite.<\/span><\/p>\n<p> <span class=\"gmoyen\"><img decoding=\"async\" src=\"http:\/\/www.ac-am.fr\/wp-content\/uploads\/2015\/09\/balle02.gif\" alt=\"\" border=\"0\" \/> Lorsque la connaissance s&rsquo;approfondit; que cette compr\u00e9hension envers cette Grande Science qu&rsquo;est l&rsquo;Alchimie, (et je ne parle pas de l&rsquo;Alchimie des \u00e9prouvettes) mais que l&rsquo;on peut approcher de l&rsquo;Alchimie Spirituelle, pour passer de la connaissance au \u00ab\u00a0savoir\u00a0\u00bb comme l&rsquo;a si bien d\u00e9fini Ouspenski&#8230;<\/span><\/p>\n<p> <span class=\"gmoyen\"><img decoding=\"async\" src=\"http:\/\/www.ac-am.fr\/wp-content\/uploads\/2015\/09\/balle02.gif\" alt=\"\" border=\"0\" \/> On arrive \u00e0 la conclusion, que nous sommes honn\u00eatement, v\u00e9ritablement et consciencieusement incarn\u00e9s pour apprendre. Que la seul raison de notre incarnation est d&rsquo;apprendre dans le service des autres. Jusqu&rsquo;\u00e0 quel point nous avons&#8230;, nous devons&#8230;, que c&rsquo;est notre t\u00e2che primordiale D&rsquo;\u00c9VOLUER, de se prendre en main, D&rsquo;ACQU\u00c9RIR LA MA\u00ceTRISE DE SOI.<\/span><\/p>\n<p> <span class=\"gmoyen\"><i>[<a href=\"boites.htm#Jean_Samuel01_G\">Jean-Samuel G. &#8211; le 17-10-98<\/a>]<\/i><\/span><a href=\"http:\/\/www.ac-am.fr\/index.php\/jean-samuel-g-pardon\/\" target=\"_self\"><img loading=\"lazy\" decoding=\"async\" src=\"http:\/\/www.ac-am.fr\/wp-content\/uploads\/2015\/10\/ecrits2.gif\" alt=\"\" width=\"50\" height=\"36\" border=\"0\" hspace=\"10\" \/><\/a><\/td>\n<\/tr>\n<\/tbody>\n<\/table>\n<\/td>\n<\/tr>\n<\/tbody>\n<\/table>\n<\/div>\n<div style=\"padding-bottom:20px; padding-top:10px;\" class=\"hupso-share-buttons\"><!-- Hupso Share Buttons - https:\/\/www.hupso.com\/share\/ --><a class=\"hupso_toolbar\" href=\"https:\/\/www.hupso.com\/share\/\"><img decoding=\"async\" src=\"https:\/\/static.hupso.com\/share\/buttons\/lang\/fr\/share.png\" style=\"border:0px; padding-top: 5px; float:left;\" alt=\"Share Button\"\/><\/a><script type=\"text\/javascript\">var hupso_services_t=new Array(\"Twitter\",\"Facebook\",\"Google Plus\");var hupso_background_t=\"#EAF4FF\";var hupso_border_t=\"#66CCFF\";var hupso_toolbar_size_t=\"big\";var hupso_image_folder_url = \"\";var hupso_url_t=\"\";var hupso_title_t=\"La%20parole%20ou%20le%20Verbe%20naquit...\";<\/script><script type=\"text\/javascript\" src=\"https:\/\/static.hupso.com\/share\/js\/share_toolbar.js\"><\/script><!-- Hupso Share Buttons --><\/div>","protected":false},"excerpt":{"rendered":"<p>La parole ou le Verbe naquit&#8230; LA PAROLE, ce sujet qui dans les \u00e9crits bibliques&#8230;<\/p>\n","protected":false},"author":4,"featured_media":0,"comment_status":"closed","ping_status":"open","sticky":false,"template":"","format":"standard","meta":{"footnotes":""},"categories":[26],"tags":[],"class_list":["post-1440","post","type-post","status-publish","format-standard","hentry","category-1998-inities"],"yoast_head":"<!-- This site is optimized with the Yoast SEO plugin v26.9 - https:\/\/yoast.com\/product\/yoast-seo-wordpress\/ -->\n<title>La parole ou le Verbe naquit... - Autre Conscience, Autre Monde<\/title>\n<meta name=\"robots\" content=\"index, follow, max-snippet:-1, max-image-preview:large, max-video-preview:-1\" \/>\n<link rel=\"canonical\" href=\"https:\/\/www.ac-am.fr\/index.php\/1998\/10\/17\/la-parole-ou-le-verbe-naquit\/\" \/>\n<meta property=\"og:locale\" content=\"fr_FR\" \/>\n<meta property=\"og:type\" content=\"article\" \/>\n<meta property=\"og:title\" content=\"La parole ou le Verbe naquit... - Autre Conscience, Autre Monde\" \/>\n<meta property=\"og:description\" content=\"La parole ou le Verbe naquit&#8230; LA PAROLE, ce sujet qui dans les \u00e9crits bibliques...\" \/>\n<meta property=\"og:url\" content=\"https:\/\/www.ac-am.fr\/index.php\/1998\/10\/17\/la-parole-ou-le-verbe-naquit\/\" \/>\n<meta property=\"og:site_name\" content=\"Autre Conscience, Autre Monde\" \/>\n<meta property=\"article:publisher\" content=\"https:\/\/fr-fr.facebook.com\/claude.acam\/\" \/>\n<meta property=\"article:published_time\" content=\"1998-10-17T16:48:53+00:00\" \/>\n<meta property=\"article:modified_time\" content=\"2015-11-13T13:44:02+00:00\" \/>\n<meta property=\"og:image\" content=\"http:\/\/www.ac-am.fr\/wp-content\/uploads\/2015\/09\/barre_mr.gif\" \/>\n<meta name=\"author\" content=\"Jean-Samuel G.\" \/>\n<meta name=\"twitter:card\" content=\"summary_large_image\" \/>\n<meta name=\"twitter:label1\" content=\"\u00c9crit par\" \/>\n\t<meta name=\"twitter:data1\" content=\"Jean-Samuel G.\" \/>\n\t<meta name=\"twitter:label2\" content=\"Dur\u00e9e de lecture estim\u00e9e\" \/>\n\t<meta name=\"twitter:data2\" content=\"6 minutes\" \/>\n<script type=\"application\/ld+json\" class=\"yoast-schema-graph\">{\"@context\":\"https:\/\/schema.org\",\"@graph\":[{\"@type\":\"Article\",\"@id\":\"https:\/\/www.ac-am.fr\/index.php\/1998\/10\/17\/la-parole-ou-le-verbe-naquit\/#article\",\"isPartOf\":{\"@id\":\"https:\/\/www.ac-am.fr\/index.php\/1998\/10\/17\/la-parole-ou-le-verbe-naquit\/\"},\"author\":{\"name\":\"Jean-Samuel G.\",\"@id\":\"https:\/\/www.ac-am.fr\/#\/schema\/person\/8ba4336baa9f23867a7f37ed189bef96\"},\"headline\":\"La parole ou le Verbe naquit&#8230;\",\"datePublished\":\"1998-10-17T16:48:53+00:00\",\"dateModified\":\"2015-11-13T13:44:02+00:00\",\"mainEntityOfPage\":{\"@id\":\"https:\/\/www.ac-am.fr\/index.php\/1998\/10\/17\/la-parole-ou-le-verbe-naquit\/\"},\"wordCount\":1292,\"publisher\":{\"@id\":\"https:\/\/www.ac-am.fr\/#organization\"},\"image\":{\"@id\":\"https:\/\/www.ac-am.fr\/index.php\/1998\/10\/17\/la-parole-ou-le-verbe-naquit\/#primaryimage\"},\"thumbnailUrl\":\"http:\/\/www.ac-am.fr\/wp-content\/uploads\/2015\/09\/barre_mr.gif\",\"articleSection\":[\"1998 \u2013 INITI\u00c9S\"],\"inLanguage\":\"fr-FR\"},{\"@type\":\"WebPage\",\"@id\":\"https:\/\/www.ac-am.fr\/index.php\/1998\/10\/17\/la-parole-ou-le-verbe-naquit\/\",\"url\":\"https:\/\/www.ac-am.fr\/index.php\/1998\/10\/17\/la-parole-ou-le-verbe-naquit\/\",\"name\":\"La parole ou le Verbe naquit... - Autre Conscience, Autre Monde\",\"isPartOf\":{\"@id\":\"https:\/\/www.ac-am.fr\/#website\"},\"primaryImageOfPage\":{\"@id\":\"https:\/\/www.ac-am.fr\/index.php\/1998\/10\/17\/la-parole-ou-le-verbe-naquit\/#primaryimage\"},\"image\":{\"@id\":\"https:\/\/www.ac-am.fr\/index.php\/1998\/10\/17\/la-parole-ou-le-verbe-naquit\/#primaryimage\"},\"thumbnailUrl\":\"http:\/\/www.ac-am.fr\/wp-content\/uploads\/2015\/09\/barre_mr.gif\",\"datePublished\":\"1998-10-17T16:48:53+00:00\",\"dateModified\":\"2015-11-13T13:44:02+00:00\",\"breadcrumb\":{\"@id\":\"https:\/\/www.ac-am.fr\/index.php\/1998\/10\/17\/la-parole-ou-le-verbe-naquit\/#breadcrumb\"},\"inLanguage\":\"fr-FR\",\"potentialAction\":[{\"@type\":\"ReadAction\",\"target\":[\"https:\/\/www.ac-am.fr\/index.php\/1998\/10\/17\/la-parole-ou-le-verbe-naquit\/\"]}]},{\"@type\":\"ImageObject\",\"inLanguage\":\"fr-FR\",\"@id\":\"https:\/\/www.ac-am.fr\/index.php\/1998\/10\/17\/la-parole-ou-le-verbe-naquit\/#primaryimage\",\"url\":\"https:\/\/www.ac-am.fr\/wp-content\/uploads\/2015\/09\/barre_mr.gif\",\"contentUrl\":\"https:\/\/www.ac-am.fr\/wp-content\/uploads\/2015\/09\/barre_mr.gif\",\"width\":550,\"height\":7,\"caption\":\"barre marron\"},{\"@type\":\"BreadcrumbList\",\"@id\":\"https:\/\/www.ac-am.fr\/index.php\/1998\/10\/17\/la-parole-ou-le-verbe-naquit\/#breadcrumb\",\"itemListElement\":[{\"@type\":\"ListItem\",\"position\":1,\"name\":\"Accueil\",\"item\":\"https:\/\/www.ac-am.fr\/\"},{\"@type\":\"ListItem\",\"position\":2,\"name\":\"La parole ou le Verbe naquit&#8230;\"}]},{\"@type\":\"WebSite\",\"@id\":\"https:\/\/www.ac-am.fr\/#website\",\"url\":\"https:\/\/www.ac-am.fr\/\",\"name\":\"Autre Conscience, Autre Monde\",\"description\":\"\",\"publisher\":{\"@id\":\"https:\/\/www.ac-am.fr\/#organization\"},\"potentialAction\":[{\"@type\":\"SearchAction\",\"target\":{\"@type\":\"EntryPoint\",\"urlTemplate\":\"https:\/\/www.ac-am.fr\/?s={search_term_string}\"},\"query-input\":{\"@type\":\"PropertyValueSpecification\",\"valueRequired\":true,\"valueName\":\"search_term_string\"}}],\"inLanguage\":\"fr-FR\"},{\"@type\":\"Organization\",\"@id\":\"https:\/\/www.ac-am.fr\/#organization\",\"name\":\"Autre Conscience, Autre Monde\",\"url\":\"https:\/\/www.ac-am.fr\/\",\"logo\":{\"@type\":\"ImageObject\",\"inLanguage\":\"fr-FR\",\"@id\":\"https:\/\/www.ac-am.fr\/#\/schema\/logo\/image\/\",\"url\":\"https:\/\/www.ac-am.fr\/wp-content\/uploads\/2015\/10\/bd_ac_am.gif\",\"contentUrl\":\"https:\/\/www.ac-am.fr\/wp-content\/uploads\/2015\/10\/bd_ac_am.gif\",\"width\":370,\"height\":65,\"caption\":\"Autre Conscience, Autre Monde\"},\"image\":{\"@id\":\"https:\/\/www.ac-am.fr\/#\/schema\/logo\/image\/\"},\"sameAs\":[\"https:\/\/fr-fr.facebook.com\/claude.acam\/\",\"https:\/\/www.youtube.com\/user\/consciencemonde\"]},{\"@type\":\"Person\",\"@id\":\"https:\/\/www.ac-am.fr\/#\/schema\/person\/8ba4336baa9f23867a7f37ed189bef96\",\"name\":\"Jean-Samuel G.\",\"image\":{\"@type\":\"ImageObject\",\"inLanguage\":\"fr-FR\",\"@id\":\"https:\/\/www.ac-am.fr\/#\/schema\/person\/image\/\",\"url\":\"https:\/\/secure.gravatar.com\/avatar\/f2363bb60723dc8df83367598e801f39544f6ea45e89f440ded40fd90b76d38a?s=96&d=identicon&r=g\",\"contentUrl\":\"https:\/\/secure.gravatar.com\/avatar\/f2363bb60723dc8df83367598e801f39544f6ea45e89f440ded40fd90b76d38a?s=96&d=identicon&r=g\",\"caption\":\"Jean-Samuel G.\"},\"url\":\"https:\/\/www.ac-am.fr\/index.php\/author\/jean-samuel-g\/\"}]}<\/script>\n<!-- \/ Yoast SEO plugin. -->","yoast_head_json":{"title":"La parole ou le Verbe naquit... - Autre Conscience, Autre Monde","robots":{"index":"index","follow":"follow","max-snippet":"max-snippet:-1","max-image-preview":"max-image-preview:large","max-video-preview":"max-video-preview:-1"},"canonical":"https:\/\/www.ac-am.fr\/index.php\/1998\/10\/17\/la-parole-ou-le-verbe-naquit\/","og_locale":"fr_FR","og_type":"article","og_title":"La parole ou le Verbe naquit... - Autre Conscience, Autre Monde","og_description":"La parole ou le Verbe naquit&#8230; LA PAROLE, ce sujet qui dans les \u00e9crits bibliques...","og_url":"https:\/\/www.ac-am.fr\/index.php\/1998\/10\/17\/la-parole-ou-le-verbe-naquit\/","og_site_name":"Autre Conscience, Autre Monde","article_publisher":"https:\/\/fr-fr.facebook.com\/claude.acam\/","article_published_time":"1998-10-17T16:48:53+00:00","article_modified_time":"2015-11-13T13:44:02+00:00","og_image":[{"url":"http:\/\/www.ac-am.fr\/wp-content\/uploads\/2015\/09\/barre_mr.gif","type":"","width":"","height":""}],"author":"Jean-Samuel G.","twitter_card":"summary_large_image","twitter_misc":{"\u00c9crit par":"Jean-Samuel G.","Dur\u00e9e de lecture estim\u00e9e":"6 minutes"},"schema":{"@context":"https:\/\/schema.org","@graph":[{"@type":"Article","@id":"https:\/\/www.ac-am.fr\/index.php\/1998\/10\/17\/la-parole-ou-le-verbe-naquit\/#article","isPartOf":{"@id":"https:\/\/www.ac-am.fr\/index.php\/1998\/10\/17\/la-parole-ou-le-verbe-naquit\/"},"author":{"name":"Jean-Samuel G.","@id":"https:\/\/www.ac-am.fr\/#\/schema\/person\/8ba4336baa9f23867a7f37ed189bef96"},"headline":"La parole ou le Verbe naquit&#8230;","datePublished":"1998-10-17T16:48:53+00:00","dateModified":"2015-11-13T13:44:02+00:00","mainEntityOfPage":{"@id":"https:\/\/www.ac-am.fr\/index.php\/1998\/10\/17\/la-parole-ou-le-verbe-naquit\/"},"wordCount":1292,"publisher":{"@id":"https:\/\/www.ac-am.fr\/#organization"},"image":{"@id":"https:\/\/www.ac-am.fr\/index.php\/1998\/10\/17\/la-parole-ou-le-verbe-naquit\/#primaryimage"},"thumbnailUrl":"http:\/\/www.ac-am.fr\/wp-content\/uploads\/2015\/09\/barre_mr.gif","articleSection":["1998 \u2013 INITI\u00c9S"],"inLanguage":"fr-FR"},{"@type":"WebPage","@id":"https:\/\/www.ac-am.fr\/index.php\/1998\/10\/17\/la-parole-ou-le-verbe-naquit\/","url":"https:\/\/www.ac-am.fr\/index.php\/1998\/10\/17\/la-parole-ou-le-verbe-naquit\/","name":"La parole ou le Verbe naquit... - Autre Conscience, Autre Monde","isPartOf":{"@id":"https:\/\/www.ac-am.fr\/#website"},"primaryImageOfPage":{"@id":"https:\/\/www.ac-am.fr\/index.php\/1998\/10\/17\/la-parole-ou-le-verbe-naquit\/#primaryimage"},"image":{"@id":"https:\/\/www.ac-am.fr\/index.php\/1998\/10\/17\/la-parole-ou-le-verbe-naquit\/#primaryimage"},"thumbnailUrl":"http:\/\/www.ac-am.fr\/wp-content\/uploads\/2015\/09\/barre_mr.gif","datePublished":"1998-10-17T16:48:53+00:00","dateModified":"2015-11-13T13:44:02+00:00","breadcrumb":{"@id":"https:\/\/www.ac-am.fr\/index.php\/1998\/10\/17\/la-parole-ou-le-verbe-naquit\/#breadcrumb"},"inLanguage":"fr-FR","potentialAction":[{"@type":"ReadAction","target":["https:\/\/www.ac-am.fr\/index.php\/1998\/10\/17\/la-parole-ou-le-verbe-naquit\/"]}]},{"@type":"ImageObject","inLanguage":"fr-FR","@id":"https:\/\/www.ac-am.fr\/index.php\/1998\/10\/17\/la-parole-ou-le-verbe-naquit\/#primaryimage","url":"https:\/\/www.ac-am.fr\/wp-content\/uploads\/2015\/09\/barre_mr.gif","contentUrl":"https:\/\/www.ac-am.fr\/wp-content\/uploads\/2015\/09\/barre_mr.gif","width":550,"height":7,"caption":"barre marron"},{"@type":"BreadcrumbList","@id":"https:\/\/www.ac-am.fr\/index.php\/1998\/10\/17\/la-parole-ou-le-verbe-naquit\/#breadcrumb","itemListElement":[{"@type":"ListItem","position":1,"name":"Accueil","item":"https:\/\/www.ac-am.fr\/"},{"@type":"ListItem","position":2,"name":"La parole ou le Verbe naquit&#8230;"}]},{"@type":"WebSite","@id":"https:\/\/www.ac-am.fr\/#website","url":"https:\/\/www.ac-am.fr\/","name":"Autre Conscience, Autre Monde","description":"","publisher":{"@id":"https:\/\/www.ac-am.fr\/#organization"},"potentialAction":[{"@type":"SearchAction","target":{"@type":"EntryPoint","urlTemplate":"https:\/\/www.ac-am.fr\/?s={search_term_string}"},"query-input":{"@type":"PropertyValueSpecification","valueRequired":true,"valueName":"search_term_string"}}],"inLanguage":"fr-FR"},{"@type":"Organization","@id":"https:\/\/www.ac-am.fr\/#organization","name":"Autre Conscience, Autre Monde","url":"https:\/\/www.ac-am.fr\/","logo":{"@type":"ImageObject","inLanguage":"fr-FR","@id":"https:\/\/www.ac-am.fr\/#\/schema\/logo\/image\/","url":"https:\/\/www.ac-am.fr\/wp-content\/uploads\/2015\/10\/bd_ac_am.gif","contentUrl":"https:\/\/www.ac-am.fr\/wp-content\/uploads\/2015\/10\/bd_ac_am.gif","width":370,"height":65,"caption":"Autre Conscience, Autre Monde"},"image":{"@id":"https:\/\/www.ac-am.fr\/#\/schema\/logo\/image\/"},"sameAs":["https:\/\/fr-fr.facebook.com\/claude.acam\/","https:\/\/www.youtube.com\/user\/consciencemonde"]},{"@type":"Person","@id":"https:\/\/www.ac-am.fr\/#\/schema\/person\/8ba4336baa9f23867a7f37ed189bef96","name":"Jean-Samuel G.","image":{"@type":"ImageObject","inLanguage":"fr-FR","@id":"https:\/\/www.ac-am.fr\/#\/schema\/person\/image\/","url":"https:\/\/secure.gravatar.com\/avatar\/f2363bb60723dc8df83367598e801f39544f6ea45e89f440ded40fd90b76d38a?s=96&d=identicon&r=g","contentUrl":"https:\/\/secure.gravatar.com\/avatar\/f2363bb60723dc8df83367598e801f39544f6ea45e89f440ded40fd90b76d38a?s=96&d=identicon&r=g","caption":"Jean-Samuel G."},"url":"https:\/\/www.ac-am.fr\/index.php\/author\/jean-samuel-g\/"}]}},"_links":{"self":[{"href":"https:\/\/www.ac-am.fr\/index.php\/wp-json\/wp\/v2\/posts\/1440","targetHints":{"allow":["GET"]}}],"collection":[{"href":"https:\/\/www.ac-am.fr\/index.php\/wp-json\/wp\/v2\/posts"}],"about":[{"href":"https:\/\/www.ac-am.fr\/index.php\/wp-json\/wp\/v2\/types\/post"}],"author":[{"embeddable":true,"href":"https:\/\/www.ac-am.fr\/index.php\/wp-json\/wp\/v2\/users\/4"}],"replies":[{"embeddable":true,"href":"https:\/\/www.ac-am.fr\/index.php\/wp-json\/wp\/v2\/comments?post=1440"}],"version-history":[{"count":5,"href":"https:\/\/www.ac-am.fr\/index.php\/wp-json\/wp\/v2\/posts\/1440\/revisions"}],"predecessor-version":[{"id":1564,"href":"https:\/\/www.ac-am.fr\/index.php\/wp-json\/wp\/v2\/posts\/1440\/revisions\/1564"}],"wp:attachment":[{"href":"https:\/\/www.ac-am.fr\/index.php\/wp-json\/wp\/v2\/media?parent=1440"}],"wp:term":[{"taxonomy":"category","embeddable":true,"href":"https:\/\/www.ac-am.fr\/index.php\/wp-json\/wp\/v2\/categories?post=1440"},{"taxonomy":"post_tag","embeddable":true,"href":"https:\/\/www.ac-am.fr\/index.php\/wp-json\/wp\/v2\/tags?post=1440"}],"curies":[{"name":"wp","href":"https:\/\/api.w.org\/{rel}","templated":true}]}}