{"id":1572,"date":"1999-12-29T22:26:19","date_gmt":"1999-12-29T21:26:19","guid":{"rendered":"https:\/\/www.ac-am.fr\/?p=1572"},"modified":"2015-11-13T16:21:53","modified_gmt":"2015-11-13T15:21:53","slug":"le-nouvel-an-initiatique","status":"publish","type":"post","link":"https:\/\/www.ac-am.fr\/index.php\/1999\/12\/29\/le-nouvel-an-initiatique\/","title":{"rendered":"Le nouvel An Initiatique."},"content":{"rendered":"<div id=\"inities\" style=\"background-attachment: fixed; border: 2px solid #FF9900; border-radius: 10px; opacity: 0.90;\">\n<table class=\"aligncenter\" style=\"width: 600px;\" border=\"0\">\n<tbody>\n<tr>\n<td>\n<table class=\"aligncenter\" style=\"width: 567px; height: 190px;\" border=\"0\">\n<tbody>\n<tr>\n<td><img decoding=\"async\" class=\"aligncenter\" src=\"http:\/\/www.ac-am.fr\/wp-content\/uploads\/2015\/09\/barre_mr.gif\" alt=\"\" border=\"0\" \/><\/td>\n<\/tr>\n<tr>\n<td style=\"text-align: left;\"><img loading=\"lazy\" decoding=\"async\" src=\"http:\/\/www.ac-am.fr\/wp-content\/uploads\/2015\/10\/retepouv.gif\" alt=\"R\u00e9flexions et T\u00e9moignages\" width=\"380\" height=\"100\" border=\"0\" \/><img loading=\"lazy\" decoding=\"async\" src=\"http:\/\/www.ac-am.fr\/wp-content\/uploads\/2015\/10\/cal1999.gif\" alt=\"Ann\u00e9e 1999\" width=\"150\" height=\"100\" border=\"0\" \/><\/td>\n<\/tr>\n<tr>\n<td><img decoding=\"async\" class=\"aligncenter\" src=\"http:\/\/www.ac-am.fr\/wp-content\/uploads\/2015\/09\/barre_mr.gif\" alt=\"\" border=\"0\" \/><\/td>\n<\/tr>\n<\/tbody>\n<\/table>\n<table class=\"aligncenter\" style=\"width: 590px;\" border=\"0\">\n<tbody>\n<tr>\n<td><a name=\"Francois01B_initie99_01\"><\/a><b class=\"ntitre1\">Le nouvel An Initiatique.<\/b><\/td>\n<\/tr>\n<tr>\n<td colspan=\"2\"><img decoding=\"async\" class=\"aligncenter\" src=\"http:\/\/www.ac-am.fr\/wp-content\/uploads\/2015\/09\/barre_rd.gif\" alt=\"\" border=\"0\" \/><\/td>\n<\/tr>\n<tr>\n<td style=\"text-align: left;\"><span class=\"gmoyen\"><img decoding=\"async\" src=\"http:\/\/www.ac-am.fr\/wp-content\/uploads\/2015\/09\/balle02.gif\" alt=\"\" border=\"0\" \/> Vive le nouvel An, Jour de F\u00eate, satur\u00e9 de musique, de nourriture lourde et de boisson alcoolis\u00e9e! Commen\u00e7ant l&rsquo;ann\u00e9e de cette fa\u00e7on. Les autres jours seront fortement marqu\u00e9s par ce \u00ab\u00a0mauvais\u00a0\u00bb commencement.<\/span><\/p>\n<p> <span class=\"gmoyen\"><img decoding=\"async\" src=\"http:\/\/www.ac-am.fr\/wp-content\/uploads\/2015\/09\/balle02.gif\" alt=\"\" border=\"0\" \/> Une plante devient ce qu&rsquo;est la graine d&rsquo;origine. Si le premier jour tu plantes de bonnes intentions, dans l&rsquo;ann\u00e9e tu feras des belles r\u00e9coltes.<\/span><\/p>\n<p> <span class=\"gmoyen\"><img decoding=\"async\" src=\"http:\/\/www.ac-am.fr\/wp-content\/uploads\/2015\/09\/balle02.gif\" alt=\"\" border=\"0\" \/> CE PREMIER JOUR EST HAUTEMENT SPIRITUEL ET MAGIQUE AU POSSIBLE.<\/span><\/p>\n<p> <span class=\"gmoyen\"><img decoding=\"async\" src=\"http:\/\/www.ac-am.fr\/wp-content\/uploads\/2015\/09\/balle02.gif\" alt=\"\" border=\"0\" \/> La naissance d&rsquo;une nouvelle ann\u00e9e est semblable \u00e0 celle d&rsquo;un b\u00e9b\u00e9 qui vient de na\u00eetre.<\/span><\/p>\n<p> <span class=\"gmoyen\"><img decoding=\"async\" src=\"http:\/\/www.ac-am.fr\/wp-content\/uploads\/2015\/09\/balle02.gif\" alt=\"\" border=\"0\" \/> Une nouvelle ann\u00e9e est une bande vierge de magn\u00e9toscope sur laquelle toute une vie va s&rsquo;inscrire, exactement comme un film, mais cette bande est aussi riche des ann\u00e9es pr\u00e9c\u00e9dentes. Ce qui fait que la bande magn\u00e9tique toute neuve est malgr\u00e9 tout marqu\u00e9e par les tribulations du pass\u00e9. L&rsquo;ann\u00e9e est neuve, mais tu as du mal \u00e0 la vivre lib\u00e9r\u00e9 de ton v\u00e9cu ant\u00e9rieur. Ce v\u00e9cu ant\u00e9rieur peut reprendre le dessus, si tu n&rsquo;y prends garde. C&rsquo;est ainsi que d&rsquo;ann\u00e9e en ann\u00e9e, rien ne change, rien ne s&rsquo;am\u00e9liore vraiment. Beaucoup prennent quelques bonnes r\u00e9solutions, cela s&rsquo;arr\u00eate l\u00e0. L&rsquo;illusion fait croire et dire \u00ab\u00a0cette ann\u00e9e cela va changer, on va voir ce qu&rsquo;on va voir\u00a0\u00bb.<\/span><\/p>\n<p> <span class=\"gmoyen\"><img decoding=\"async\" src=\"http:\/\/www.ac-am.fr\/wp-content\/uploads\/2015\/09\/balle02.gif\" alt=\"\" border=\"0\" \/> En fait, on ne voit rien de plus que l&rsquo;ann\u00e9e pr\u00e9c\u00e9dente. Si ce n&rsquo;est parfois une aggravation des situations en cours. Rien de s\u00e9rieux, rien de vraiment neuf n&rsquo;est profond\u00e9ment plant\u00e9 dans la nouvelle terre, inutile d&rsquo;esp\u00e9rer dans ce cas de belles fleurs, de beaux fruits. L&rsquo;esp\u00e9rance ne suffit pas \u00e0 faire germer une graine. qui n&rsquo;a pas \u00e9t\u00e9 plant\u00e9e !<\/span><\/p>\n<p> <span class=\"gmoyen\"><img decoding=\"async\" src=\"http:\/\/www.ac-am.fr\/wp-content\/uploads\/2015\/09\/balle02.gif\" alt=\"\" border=\"0\" \/> La nouvelle ann\u00e9e n&rsquo;est jamais vraiment s\u00e9par\u00e9e de l&rsquo;ancienne pourtant d\u00e8s le premier jour, elle est immacul\u00e9e. Cela ne va pas durer. D\u00e8s les premiers instants elle subit les pens\u00e9es et les actions que tu mets en route. L&rsquo;ann\u00e9e est nouvelle, mais l&rsquo;homme est vieux avec ses habitudes, ses sentiments, ses \u00e9motions. La nouvelle ann\u00e9e, le Premier Jour de l&rsquo;An, se pr\u00e9pare en commen\u00e7ant par vider vos vieilleries d\u00e8s le Solstice d&rsquo;hiver. Ainsi les cadeaux merveilleux de Nouvel An, car le ciel t&rsquo;offre des cadeaux comme le font ta famille et tes amis, peuvent te profiter.<\/span><\/p>\n<p> <span class=\"gmoyen\"><img decoding=\"async\" src=\"http:\/\/www.ac-am.fr\/wp-content\/uploads\/2015\/09\/balle02.gif\" alt=\"\" border=\"0\" \/> La Kabbale apprend que la nouvelle ann\u00e9e subit l&rsquo;influence des \u00e9toiles comme un enfant qui vient de na\u00eetre. Le premier jour de l&rsquo;enfant va d\u00e9terminer son premier mois, le second jour, second mois etc. Cela veut dire, qu&rsquo;il faut se comporter le mieux possible &#8211; Au moins les douze premiers jours ! &#8211; Ainsi s&rsquo;\u00e9tablit une base de lumi\u00e8re, de bon sens, d&rsquo;\u00e9quilibre et d&rsquo;harmonie. Ainsi, tu es s\u00fbr que les douze mois \u00e0 venir seront influenc\u00e9s et programm\u00e9s automatiquement pour le bien.<\/span><\/p>\n<p> <span class=\"gmoyen\"><img decoding=\"async\" src=\"http:\/\/www.ac-am.fr\/wp-content\/uploads\/2015\/09\/balle02.gif\" alt=\"\" border=\"0\" \/> Le premier jour et la premi\u00e8re heure de ta nouvelle naissance, surveilles tes pens\u00e9es, tes gestes, tes actions, surtout ce que tu vas dire, surveilles tes paroles, mets de l&rsquo;amour et de la compassion dans ta communication avec autrui. Le lendemain, fait aussi attention. Car si le premier jour conditionne le premier mois de l&rsquo;ann\u00e9e, le second jour conditionne le second mois&#8230; Ainsi de suite jusqu&rsquo;au douzi\u00e8me jour qui correspond au douzi\u00e8me mois. Si tu dois de l&rsquo;argent \u00e0 quelqu&rsquo;un, argent que tu as emprunt\u00e9 l&rsquo;ann\u00e9e pr\u00e9c\u00e9dente, essaies de rembourser avant le premier janvier.<\/span><\/p>\n<p> <span class=\"gmoyen\"><img decoding=\"async\" src=\"http:\/\/www.ac-am.fr\/wp-content\/uploads\/2015\/09\/balle02.gif\" alt=\"\" border=\"0\" \/> Si tu as insult\u00e9 gravement quelqu&rsquo;un, vas t&rsquo;excuser car sa frustration ou sa haine te polluera l&rsquo;ann\u00e9e qui vient.<\/span><\/p>\n<p> <span class=\"gmoyen\"><span class=\"gmoyen\"><img decoding=\"async\" src=\"http:\/\/www.ac-am.fr\/wp-content\/uploads\/2015\/09\/balle02.gif\" alt=\"\" border=\"0\" \/> Le premier jour, l\u00e8ves-toi. Pries, m\u00e9dites, offres cette premi\u00e8re heure, cette premi\u00e8re journ\u00e9e \u00e0 Divine Providence. Cette premi\u00e8re heure, ce premier jour s&rsquo;inscrivent dans l&rsquo;Akasha comme moment d&rsquo;amour et de recueillement envers Dieu.<\/span><\/p>\n<p> <span class=\"gmoyen\"><img decoding=\"async\" src=\"http:\/\/www.ac-am.fr\/wp-content\/uploads\/2015\/09\/balle02.gif\" alt=\"\" border=\"0\" \/> En faisant cela, tu aides l&rsquo;humanit\u00e9 \u00e0 entrer de plein pied dans le Royaume&#8230; et tu adoucis tes karmas.<\/span><\/p>\n<p> <span class=\"gmoyen\"><img decoding=\"async\" src=\"http:\/\/www.ac-am.fr\/wp-content\/uploads\/2015\/09\/balle02.gif\" alt=\"\" border=\"0\" \/> Si chaque nouvel an est important, combien l&rsquo;est celui du passage du mill\u00e9naire. Bien s\u00fbr qu&rsquo;il faut faire la f\u00eate et \u00eatre dans la joie le 31 \u00e0 minuit, mais sachez que si vous avez la gueule de bois ou \u00eates malade, le lendemain, vous vous coupez de beaucoup de choses et c&rsquo;est dommage.<\/span><\/p>\n<p> <span class=\"gmoyen\"><img decoding=\"async\" src=\"http:\/\/www.ac-am.fr\/wp-content\/uploads\/2015\/09\/balle02.gif\" alt=\"\" border=\"0\" \/> Ces propos, je les ai re\u00e7u d&rsquo;un authentique Initi\u00e9 et je vous les livre tel quel.<\/span><\/p>\n<p> <span class=\"gmoyen\"><i>[<a href=\"boites.htm#Francois01_B\">Fran\u00e7ois B. &#8211; le 29-12-99<\/a>]<\/i><\/span><\/span><\/td>\n<\/tr>\n<\/tbody>\n<\/table>\n<\/td>\n<\/tr>\n<\/tbody>\n<\/table>\n<\/div>\n<div style=\"padding-bottom:20px; padding-top:10px;\" class=\"hupso-share-buttons\"><!-- Hupso Share Buttons - https:\/\/www.hupso.com\/share\/ --><a class=\"hupso_toolbar\" href=\"https:\/\/www.hupso.com\/share\/\"><img decoding=\"async\" src=\"https:\/\/static.hupso.com\/share\/buttons\/lang\/fr\/share.png\" style=\"border:0px; padding-top: 5px; float:left;\" alt=\"Share Button\"\/><\/a><script type=\"text\/javascript\">var hupso_services_t=new Array(\"Twitter\",\"Facebook\",\"Google Plus\");var hupso_background_t=\"#EAF4FF\";var hupso_border_t=\"#66CCFF\";var hupso_toolbar_size_t=\"big\";var hupso_image_folder_url = \"\";var hupso_url_t=\"\";var hupso_title_t=\"Le%20nouvel%20An%20Initiatique.\";<\/script><script type=\"text\/javascript\" src=\"https:\/\/static.hupso.com\/share\/js\/share_toolbar.js\"><\/script><!-- Hupso Share Buttons --><\/div>","protected":false},"excerpt":{"rendered":"<p>Le nouvel An Initiatique. Vive le nouvel An, Jour de F\u00eate, satur\u00e9 de musique, de&#8230;<\/p>\n","protected":false},"author":18,"featured_media":0,"comment_status":"closed","ping_status":"open","sticky":false,"template":"","format":"standard","meta":{"footnotes":""},"categories":[27],"tags":[],"class_list":["post-1572","post","type-post","status-publish","format-standard","hentry","category-1999-inities"],"yoast_head":"<!-- This site is optimized with the Yoast SEO plugin v26.9 - https:\/\/yoast.com\/product\/yoast-seo-wordpress\/ -->\n<title>Le nouvel An Initiatique. - Autre Conscience, Autre Monde<\/title>\n<meta name=\"robots\" content=\"index, follow, max-snippet:-1, max-image-preview:large, max-video-preview:-1\" \/>\n<link rel=\"canonical\" href=\"https:\/\/www.ac-am.fr\/index.php\/1999\/12\/29\/le-nouvel-an-initiatique\/\" \/>\n<meta property=\"og:locale\" content=\"fr_FR\" \/>\n<meta property=\"og:type\" content=\"article\" \/>\n<meta property=\"og:title\" content=\"Le nouvel An Initiatique. - Autre Conscience, Autre Monde\" \/>\n<meta property=\"og:description\" content=\"Le nouvel An Initiatique. Vive le nouvel An, Jour de F\u00eate, satur\u00e9 de musique, de...\" \/>\n<meta property=\"og:url\" content=\"https:\/\/www.ac-am.fr\/index.php\/1999\/12\/29\/le-nouvel-an-initiatique\/\" \/>\n<meta property=\"og:site_name\" content=\"Autre Conscience, Autre Monde\" \/>\n<meta property=\"article:publisher\" content=\"https:\/\/fr-fr.facebook.com\/claude.acam\/\" \/>\n<meta property=\"article:published_time\" content=\"1999-12-29T21:26:19+00:00\" \/>\n<meta property=\"article:modified_time\" content=\"2015-11-13T15:21:53+00:00\" \/>\n<meta property=\"og:image\" content=\"http:\/\/www.ac-am.fr\/wp-content\/uploads\/2015\/09\/barre_mr.gif\" \/>\n<meta name=\"author\" content=\"Francois B.\" \/>\n<meta name=\"twitter:card\" content=\"summary_large_image\" \/>\n<meta name=\"twitter:label1\" content=\"\u00c9crit par\" \/>\n\t<meta name=\"twitter:data1\" content=\"Francois B.\" \/>\n\t<meta name=\"twitter:label2\" content=\"Dur\u00e9e de lecture estim\u00e9e\" \/>\n\t<meta name=\"twitter:data2\" content=\"4 minutes\" \/>\n<script type=\"application\/ld+json\" class=\"yoast-schema-graph\">{\"@context\":\"https:\/\/schema.org\",\"@graph\":[{\"@type\":\"Article\",\"@id\":\"https:\/\/www.ac-am.fr\/index.php\/1999\/12\/29\/le-nouvel-an-initiatique\/#article\",\"isPartOf\":{\"@id\":\"https:\/\/www.ac-am.fr\/index.php\/1999\/12\/29\/le-nouvel-an-initiatique\/\"},\"author\":{\"name\":\"Francois B.\",\"@id\":\"https:\/\/www.ac-am.fr\/#\/schema\/person\/a27d92a78a52784063ed106b428a8408\"},\"headline\":\"Le nouvel An Initiatique.\",\"datePublished\":\"1999-12-29T21:26:19+00:00\",\"dateModified\":\"2015-11-13T15:21:53+00:00\",\"mainEntityOfPage\":{\"@id\":\"https:\/\/www.ac-am.fr\/index.php\/1999\/12\/29\/le-nouvel-an-initiatique\/\"},\"wordCount\":800,\"publisher\":{\"@id\":\"https:\/\/www.ac-am.fr\/#organization\"},\"image\":{\"@id\":\"https:\/\/www.ac-am.fr\/index.php\/1999\/12\/29\/le-nouvel-an-initiatique\/#primaryimage\"},\"thumbnailUrl\":\"http:\/\/www.ac-am.fr\/wp-content\/uploads\/2015\/09\/barre_mr.gif\",\"articleSection\":[\"1999 \u2013 INITI\u00c9S\"],\"inLanguage\":\"fr-FR\"},{\"@type\":\"WebPage\",\"@id\":\"https:\/\/www.ac-am.fr\/index.php\/1999\/12\/29\/le-nouvel-an-initiatique\/\",\"url\":\"https:\/\/www.ac-am.fr\/index.php\/1999\/12\/29\/le-nouvel-an-initiatique\/\",\"name\":\"Le nouvel An Initiatique. - Autre Conscience, Autre Monde\",\"isPartOf\":{\"@id\":\"https:\/\/www.ac-am.fr\/#website\"},\"primaryImageOfPage\":{\"@id\":\"https:\/\/www.ac-am.fr\/index.php\/1999\/12\/29\/le-nouvel-an-initiatique\/#primaryimage\"},\"image\":{\"@id\":\"https:\/\/www.ac-am.fr\/index.php\/1999\/12\/29\/le-nouvel-an-initiatique\/#primaryimage\"},\"thumbnailUrl\":\"http:\/\/www.ac-am.fr\/wp-content\/uploads\/2015\/09\/barre_mr.gif\",\"datePublished\":\"1999-12-29T21:26:19+00:00\",\"dateModified\":\"2015-11-13T15:21:53+00:00\",\"breadcrumb\":{\"@id\":\"https:\/\/www.ac-am.fr\/index.php\/1999\/12\/29\/le-nouvel-an-initiatique\/#breadcrumb\"},\"inLanguage\":\"fr-FR\",\"potentialAction\":[{\"@type\":\"ReadAction\",\"target\":[\"https:\/\/www.ac-am.fr\/index.php\/1999\/12\/29\/le-nouvel-an-initiatique\/\"]}]},{\"@type\":\"ImageObject\",\"inLanguage\":\"fr-FR\",\"@id\":\"https:\/\/www.ac-am.fr\/index.php\/1999\/12\/29\/le-nouvel-an-initiatique\/#primaryimage\",\"url\":\"https:\/\/www.ac-am.fr\/wp-content\/uploads\/2015\/09\/barre_mr.gif\",\"contentUrl\":\"https:\/\/www.ac-am.fr\/wp-content\/uploads\/2015\/09\/barre_mr.gif\",\"width\":550,\"height\":7,\"caption\":\"barre marron\"},{\"@type\":\"BreadcrumbList\",\"@id\":\"https:\/\/www.ac-am.fr\/index.php\/1999\/12\/29\/le-nouvel-an-initiatique\/#breadcrumb\",\"itemListElement\":[{\"@type\":\"ListItem\",\"position\":1,\"name\":\"Accueil\",\"item\":\"https:\/\/www.ac-am.fr\/\"},{\"@type\":\"ListItem\",\"position\":2,\"name\":\"Le nouvel An Initiatique.\"}]},{\"@type\":\"WebSite\",\"@id\":\"https:\/\/www.ac-am.fr\/#website\",\"url\":\"https:\/\/www.ac-am.fr\/\",\"name\":\"Autre Conscience, Autre Monde\",\"description\":\"\",\"publisher\":{\"@id\":\"https:\/\/www.ac-am.fr\/#organization\"},\"potentialAction\":[{\"@type\":\"SearchAction\",\"target\":{\"@type\":\"EntryPoint\",\"urlTemplate\":\"https:\/\/www.ac-am.fr\/?s={search_term_string}\"},\"query-input\":{\"@type\":\"PropertyValueSpecification\",\"valueRequired\":true,\"valueName\":\"search_term_string\"}}],\"inLanguage\":\"fr-FR\"},{\"@type\":\"Organization\",\"@id\":\"https:\/\/www.ac-am.fr\/#organization\",\"name\":\"Autre Conscience, Autre Monde\",\"url\":\"https:\/\/www.ac-am.fr\/\",\"logo\":{\"@type\":\"ImageObject\",\"inLanguage\":\"fr-FR\",\"@id\":\"https:\/\/www.ac-am.fr\/#\/schema\/logo\/image\/\",\"url\":\"https:\/\/www.ac-am.fr\/wp-content\/uploads\/2015\/10\/bd_ac_am.gif\",\"contentUrl\":\"https:\/\/www.ac-am.fr\/wp-content\/uploads\/2015\/10\/bd_ac_am.gif\",\"width\":370,\"height\":65,\"caption\":\"Autre Conscience, Autre Monde\"},\"image\":{\"@id\":\"https:\/\/www.ac-am.fr\/#\/schema\/logo\/image\/\"},\"sameAs\":[\"https:\/\/fr-fr.facebook.com\/claude.acam\/\",\"https:\/\/www.youtube.com\/user\/consciencemonde\"]},{\"@type\":\"Person\",\"@id\":\"https:\/\/www.ac-am.fr\/#\/schema\/person\/a27d92a78a52784063ed106b428a8408\",\"name\":\"Francois B.\",\"image\":{\"@type\":\"ImageObject\",\"inLanguage\":\"fr-FR\",\"@id\":\"https:\/\/www.ac-am.fr\/#\/schema\/person\/image\/\",\"url\":\"https:\/\/secure.gravatar.com\/avatar\/05e352fcbf85f500ba1b1e19e90699ba9a87b906087ffa45797c41f48bd69dfa?s=96&d=identicon&r=g\",\"contentUrl\":\"https:\/\/secure.gravatar.com\/avatar\/05e352fcbf85f500ba1b1e19e90699ba9a87b906087ffa45797c41f48bd69dfa?s=96&d=identicon&r=g\",\"caption\":\"Francois B.\"},\"url\":\"https:\/\/www.ac-am.fr\/index.php\/author\/francois-b\/\"}]}<\/script>\n<!-- \/ Yoast SEO plugin. -->","yoast_head_json":{"title":"Le nouvel An Initiatique. - Autre Conscience, Autre Monde","robots":{"index":"index","follow":"follow","max-snippet":"max-snippet:-1","max-image-preview":"max-image-preview:large","max-video-preview":"max-video-preview:-1"},"canonical":"https:\/\/www.ac-am.fr\/index.php\/1999\/12\/29\/le-nouvel-an-initiatique\/","og_locale":"fr_FR","og_type":"article","og_title":"Le nouvel An Initiatique. - Autre Conscience, Autre Monde","og_description":"Le nouvel An Initiatique. Vive le nouvel An, Jour de F\u00eate, satur\u00e9 de musique, de...","og_url":"https:\/\/www.ac-am.fr\/index.php\/1999\/12\/29\/le-nouvel-an-initiatique\/","og_site_name":"Autre Conscience, Autre Monde","article_publisher":"https:\/\/fr-fr.facebook.com\/claude.acam\/","article_published_time":"1999-12-29T21:26:19+00:00","article_modified_time":"2015-11-13T15:21:53+00:00","og_image":[{"url":"http:\/\/www.ac-am.fr\/wp-content\/uploads\/2015\/09\/barre_mr.gif","type":"","width":"","height":""}],"author":"Francois B.","twitter_card":"summary_large_image","twitter_misc":{"\u00c9crit par":"Francois B.","Dur\u00e9e de lecture estim\u00e9e":"4 minutes"},"schema":{"@context":"https:\/\/schema.org","@graph":[{"@type":"Article","@id":"https:\/\/www.ac-am.fr\/index.php\/1999\/12\/29\/le-nouvel-an-initiatique\/#article","isPartOf":{"@id":"https:\/\/www.ac-am.fr\/index.php\/1999\/12\/29\/le-nouvel-an-initiatique\/"},"author":{"name":"Francois B.","@id":"https:\/\/www.ac-am.fr\/#\/schema\/person\/a27d92a78a52784063ed106b428a8408"},"headline":"Le nouvel An Initiatique.","datePublished":"1999-12-29T21:26:19+00:00","dateModified":"2015-11-13T15:21:53+00:00","mainEntityOfPage":{"@id":"https:\/\/www.ac-am.fr\/index.php\/1999\/12\/29\/le-nouvel-an-initiatique\/"},"wordCount":800,"publisher":{"@id":"https:\/\/www.ac-am.fr\/#organization"},"image":{"@id":"https:\/\/www.ac-am.fr\/index.php\/1999\/12\/29\/le-nouvel-an-initiatique\/#primaryimage"},"thumbnailUrl":"http:\/\/www.ac-am.fr\/wp-content\/uploads\/2015\/09\/barre_mr.gif","articleSection":["1999 \u2013 INITI\u00c9S"],"inLanguage":"fr-FR"},{"@type":"WebPage","@id":"https:\/\/www.ac-am.fr\/index.php\/1999\/12\/29\/le-nouvel-an-initiatique\/","url":"https:\/\/www.ac-am.fr\/index.php\/1999\/12\/29\/le-nouvel-an-initiatique\/","name":"Le nouvel An Initiatique. - Autre Conscience, Autre Monde","isPartOf":{"@id":"https:\/\/www.ac-am.fr\/#website"},"primaryImageOfPage":{"@id":"https:\/\/www.ac-am.fr\/index.php\/1999\/12\/29\/le-nouvel-an-initiatique\/#primaryimage"},"image":{"@id":"https:\/\/www.ac-am.fr\/index.php\/1999\/12\/29\/le-nouvel-an-initiatique\/#primaryimage"},"thumbnailUrl":"http:\/\/www.ac-am.fr\/wp-content\/uploads\/2015\/09\/barre_mr.gif","datePublished":"1999-12-29T21:26:19+00:00","dateModified":"2015-11-13T15:21:53+00:00","breadcrumb":{"@id":"https:\/\/www.ac-am.fr\/index.php\/1999\/12\/29\/le-nouvel-an-initiatique\/#breadcrumb"},"inLanguage":"fr-FR","potentialAction":[{"@type":"ReadAction","target":["https:\/\/www.ac-am.fr\/index.php\/1999\/12\/29\/le-nouvel-an-initiatique\/"]}]},{"@type":"ImageObject","inLanguage":"fr-FR","@id":"https:\/\/www.ac-am.fr\/index.php\/1999\/12\/29\/le-nouvel-an-initiatique\/#primaryimage","url":"https:\/\/www.ac-am.fr\/wp-content\/uploads\/2015\/09\/barre_mr.gif","contentUrl":"https:\/\/www.ac-am.fr\/wp-content\/uploads\/2015\/09\/barre_mr.gif","width":550,"height":7,"caption":"barre marron"},{"@type":"BreadcrumbList","@id":"https:\/\/www.ac-am.fr\/index.php\/1999\/12\/29\/le-nouvel-an-initiatique\/#breadcrumb","itemListElement":[{"@type":"ListItem","position":1,"name":"Accueil","item":"https:\/\/www.ac-am.fr\/"},{"@type":"ListItem","position":2,"name":"Le nouvel An Initiatique."}]},{"@type":"WebSite","@id":"https:\/\/www.ac-am.fr\/#website","url":"https:\/\/www.ac-am.fr\/","name":"Autre Conscience, Autre Monde","description":"","publisher":{"@id":"https:\/\/www.ac-am.fr\/#organization"},"potentialAction":[{"@type":"SearchAction","target":{"@type":"EntryPoint","urlTemplate":"https:\/\/www.ac-am.fr\/?s={search_term_string}"},"query-input":{"@type":"PropertyValueSpecification","valueRequired":true,"valueName":"search_term_string"}}],"inLanguage":"fr-FR"},{"@type":"Organization","@id":"https:\/\/www.ac-am.fr\/#organization","name":"Autre Conscience, Autre Monde","url":"https:\/\/www.ac-am.fr\/","logo":{"@type":"ImageObject","inLanguage":"fr-FR","@id":"https:\/\/www.ac-am.fr\/#\/schema\/logo\/image\/","url":"https:\/\/www.ac-am.fr\/wp-content\/uploads\/2015\/10\/bd_ac_am.gif","contentUrl":"https:\/\/www.ac-am.fr\/wp-content\/uploads\/2015\/10\/bd_ac_am.gif","width":370,"height":65,"caption":"Autre Conscience, Autre Monde"},"image":{"@id":"https:\/\/www.ac-am.fr\/#\/schema\/logo\/image\/"},"sameAs":["https:\/\/fr-fr.facebook.com\/claude.acam\/","https:\/\/www.youtube.com\/user\/consciencemonde"]},{"@type":"Person","@id":"https:\/\/www.ac-am.fr\/#\/schema\/person\/a27d92a78a52784063ed106b428a8408","name":"Francois B.","image":{"@type":"ImageObject","inLanguage":"fr-FR","@id":"https:\/\/www.ac-am.fr\/#\/schema\/person\/image\/","url":"https:\/\/secure.gravatar.com\/avatar\/05e352fcbf85f500ba1b1e19e90699ba9a87b906087ffa45797c41f48bd69dfa?s=96&d=identicon&r=g","contentUrl":"https:\/\/secure.gravatar.com\/avatar\/05e352fcbf85f500ba1b1e19e90699ba9a87b906087ffa45797c41f48bd69dfa?s=96&d=identicon&r=g","caption":"Francois B."},"url":"https:\/\/www.ac-am.fr\/index.php\/author\/francois-b\/"}]}},"_links":{"self":[{"href":"https:\/\/www.ac-am.fr\/index.php\/wp-json\/wp\/v2\/posts\/1572","targetHints":{"allow":["GET"]}}],"collection":[{"href":"https:\/\/www.ac-am.fr\/index.php\/wp-json\/wp\/v2\/posts"}],"about":[{"href":"https:\/\/www.ac-am.fr\/index.php\/wp-json\/wp\/v2\/types\/post"}],"author":[{"embeddable":true,"href":"https:\/\/www.ac-am.fr\/index.php\/wp-json\/wp\/v2\/users\/18"}],"replies":[{"embeddable":true,"href":"https:\/\/www.ac-am.fr\/index.php\/wp-json\/wp\/v2\/comments?post=1572"}],"version-history":[{"count":3,"href":"https:\/\/www.ac-am.fr\/index.php\/wp-json\/wp\/v2\/posts\/1572\/revisions"}],"predecessor-version":[{"id":1598,"href":"https:\/\/www.ac-am.fr\/index.php\/wp-json\/wp\/v2\/posts\/1572\/revisions\/1598"}],"wp:attachment":[{"href":"https:\/\/www.ac-am.fr\/index.php\/wp-json\/wp\/v2\/media?parent=1572"}],"wp:term":[{"taxonomy":"category","embeddable":true,"href":"https:\/\/www.ac-am.fr\/index.php\/wp-json\/wp\/v2\/categories?post=1572"},{"taxonomy":"post_tag","embeddable":true,"href":"https:\/\/www.ac-am.fr\/index.php\/wp-json\/wp\/v2\/tags?post=1572"}],"curies":[{"name":"wp","href":"https:\/\/api.w.org\/{rel}","templated":true}]}}