{"id":1775,"date":"1998-01-26T19:49:39","date_gmt":"1998-01-26T18:49:39","guid":{"rendered":"https:\/\/www.ac-am.fr\/?p=1775"},"modified":"2016-12-31T19:15:22","modified_gmt":"2016-12-31T18:15:22","slug":"le-theme-de-la-mort","status":"publish","type":"post","link":"https:\/\/www.ac-am.fr\/index.php\/1998\/01\/26\/le-theme-de-la-mort\/","title":{"rendered":"Le th\u00e8me de la mort."},"content":{"rendered":"<div id=\"mort\" style=\"background-attachment: fixed; border: 2px solid #FF9900; border-radius: 10px; opacity: 0.90;\">\n<table class=\"aligncenter\" style=\"width: 600px;\" border=\"0\">\n<tbody>\n<tr>\n<td>\n<table class=\"aligncenter\" style=\"width: 567px; height: 190px;\" border=\"0\">\n<tbody>\n<tr>\n<td><img decoding=\"async\" class=\"aligncenter\" src=\"http:\/\/www.ac-am.fr\/wp-content\/uploads\/2015\/09\/barre_rd.gif\" alt=\"\" border=\"0\" \/><\/td>\n<\/tr>\n<tr>\n<td style=\"text-align: left;\"><img loading=\"lazy\" decoding=\"async\" src=\"http:\/\/www.ac-am.fr\/wp-content\/uploads\/2015\/11\/retemort.gif\" alt=\"R\u00e9flexions et T\u00e9moignages\" width=\"380\" height=\"100\" border=\"0\" \/><img loading=\"lazy\" decoding=\"async\" src=\"http:\/\/www.ac-am.fr\/wp-content\/uploads\/2015\/10\/cal1998.gif\" alt=\"Ann\u00e9e 1998\" width=\"150\" height=\"100\" border=\"0\" \/><\/td>\n<\/tr>\n<tr>\n<td><img decoding=\"async\" class=\"aligncenter\" src=\"http:\/\/www.ac-am.fr\/wp-content\/uploads\/2015\/09\/barre_rd.gif\" alt=\"\" border=\"0\" \/><\/td>\n<\/tr>\n<\/tbody>\n<\/table>\n<table class=\"aligncenter\" style=\"width: 590px;\" border=\"0\">\n<tbody>\n<tr>\n<td><a name=\"Daniel01M_Mort98_01\"><\/a><b class=\"ntitre1\">Le th\u00e8me de la mort.<\/b><\/td>\n<\/tr>\n<tr>\n<td colspan=\"2\"><img decoding=\"async\" class=\"aligncenter\" src=\"http:\/\/www.ac-am.fr\/wp-content\/uploads\/2015\/09\/barre_rd.gif\" alt=\"\" border=\"0\" \/><\/td>\n<\/tr>\n<tr>\n<td style=\"text-align: left;\"><span class=\"gmoyen\"><img decoding=\"async\" src=\"http:\/\/www.ac-am.fr\/wp-content\/uploads\/2015\/09\/balle02.gif\" alt=\"\" border=\"0\" \/> Le th\u00e8me de la mort est sans doute celui qui demeure le plus sensible, le plus d\u00e9rangeant, en ces temps o\u00f9 la divinisation des corps, lamentable hypocrisie envers soi-m\u00eame, est le r\u00e9v\u00e9lateur d&rsquo;une s\u00e9cheresse spirituelle d\u00e9sesp\u00e9rante.<\/span><\/p>\n<p> <span class=\"gmoyen\"><img decoding=\"async\" src=\"http:\/\/www.ac-am.fr\/wp-content\/uploads\/2015\/09\/balle02.gif\" alt=\"\" border=\"0\" \/> La d\u00e9cr\u00e9pitude de la chair, son pourrissement, devient plus que jamais insupportable aux partisans d&rsquo;une plastique glorifi\u00e9e \u00e0 l&rsquo;extr\u00eame ; puisqu&rsquo;il n&rsquo;est de vie, \u00e0 leurs yeux, que dans son expression mat\u00e9rielle.<\/span><\/p>\n<p> <span class=\"gmoyen\"><img decoding=\"async\" src=\"http:\/\/www.ac-am.fr\/wp-content\/uploads\/2015\/09\/balle02.gif\" alt=\"\" border=\"0\" \/> Par son retentissement sur la conception que chacun se fait de l&rsquo;existence, il est rassurant de d\u00e9couvrir un espace de r\u00e9flexion consacr\u00e9 \u00e0 cette d\u00e9licate question. J&rsquo;oserai m\u00eame avancer que, en ce sens, le site de Claude fait oeuvre de salubrit\u00e9 publique.<\/span><\/p>\n<p> <span class=\"gmoyen\"><img decoding=\"async\" src=\"http:\/\/www.ac-am.fr\/wp-content\/uploads\/2015\/09\/balle02.gif\" alt=\"\" border=\"0\" \/> Quelles significations r\u00e9servons-nous \u00e0 la mort ? Et quelles r\u00e9actions suscite-t-elle de notre part ?<\/span><\/p>\n<p> <span class=\"gmoyen\"><img decoding=\"async\" src=\"http:\/\/www.ac-am.fr\/wp-content\/uploads\/2015\/09\/balle02.gif\" alt=\"\" border=\"0\" \/> Questions d&rsquo;importance car le sens qu&rsquo;un individu attribue \u00e0 la mort conditionne pour une grande part celui qu&rsquo;il r\u00e9serve \u00e0 sa propre vie. Et \u00e0 cet \u00e9gard on ne peut que d\u00e9plorer la puissance du d\u00e9ni que nos soci\u00e9t\u00e9s modernes opposent \u00e0 la mort ; un d\u00e9ni r\u00e9v\u00e9lateur d&rsquo;une r\u00e9elle perte du sens de la vie.<\/span><\/p>\n<p> <span class=\"gmoyen\"><img decoding=\"async\" src=\"http:\/\/www.ac-am.fr\/wp-content\/uploads\/2015\/09\/balle02.gif\" alt=\"\" border=\"0\" \/> Car depuis la nuit des temps, et jusqu&rsquo;il y a peu donc, l&rsquo;homme a toujours su trouver une r\u00e9ponse lui permettant de surmonter la mort de son corps, de m\u00eame que sa mort sociale. Si elle a \u00e9volu\u00e9 au fil du temps, cette r\u00e9ponse s&rsquo;est longtemps d\u00e9marqu\u00e9e d&rsquo;une corporalit\u00e9 qu&rsquo;il savait \u00e9ph\u00e9m\u00e8re.<\/span><\/p>\n<p> <span class=\"gmoyen\"><img decoding=\"async\" src=\"http:\/\/www.ac-am.fr\/wp-content\/uploads\/2015\/09\/balle02.gif\" alt=\"\" border=\"0\" \/> Il est probable que les primitifs partageaient la certitude d&rsquo;une conscience qui, \u00e0 l&rsquo;instant ultime, rejoindrait celle des anc\u00eatres dans un monde tr\u00e8s \u00e9loign\u00e9 ; situ\u00e9 en tout cas bien au-del\u00e0 de la ligne d&rsquo;horizon. \u00c0 moins que notre lointain a\u00efeul ne songe\u00e2t qu&rsquo;aux derniers instants de son existence d&rsquo;invisibles forces de la nature, venues d&rsquo;une autre sph\u00e8re, se saisiraient de son esprit pour le guider vers les lieux myst\u00e9rieux de l&rsquo;apr\u00e8s-vie. En tout \u00e9tat de cause son intuition ne pouvait le tromper. Il \u00e9tait persuad\u00e9 que la vie de cette entit\u00e9 qui avait habit\u00e9 son corps, intelligente et dou\u00e9e de sentiments, se poursuivrait bien apr\u00e8s la mort de celui-ci.<\/span><\/p>\n<p> <span class=\"gmoyen\"><img decoding=\"async\" src=\"http:\/\/www.ac-am.fr\/wp-content\/uploads\/2015\/09\/balle02.gif\" alt=\"\" border=\"0\" \/> Cette croyance \u00e0 laquelle adh\u00e9raient les premiers \u00eatres humains semble confirm\u00e9e par la d\u00e9couverte de s\u00e9pultures vieilles de plus de 50.000 ans. Des restes de n\u00e9andertaliens y \u00e9taient accompagn\u00e9s d&rsquo;objets usuels : outils, silex, armes, en pr\u00e9vision d&rsquo;une vie renouvel\u00e9e dans l&rsquo;au-del\u00e0.<\/span><\/p>\n<p> <span class=\"gmoyen\"><img decoding=\"async\" src=\"http:\/\/www.ac-am.fr\/wp-content\/uploads\/2015\/09\/balle02.gif\" alt=\"\" border=\"0\" \/> Plus pr\u00e8s de nous, dans un but identique, on sait que la barque fun\u00e9raire du pharaon d\u00e9c\u00e9d\u00e9 contenait une cargaison autrement plus pr\u00e9cieuse en rapport du maigre viatique des hominid\u00e9s.<\/span><\/p>\n<p> <span class=\"gmoyen\"><img decoding=\"async\" src=\"http:\/\/www.ac-am.fr\/wp-content\/uploads\/2015\/09\/balle02.gif\" alt=\"\" border=\"0\" \/> En d\u00e9finitive rassurante, la certitude d&rsquo;une forme de survie dans un monde sublim\u00e9 perdura des mill\u00e9naires. Mais voici peu, relativement \u00e0 l&rsquo;\u00e9volution du genre humain, \u00e9merg\u00e8rent des fa\u00e7ons de penser plus \u00e9labor\u00e9es si l&rsquo;on en croit leurs partisans. Parmi celles-ci, les id\u00e9es d\u00e9velopp\u00e9es par les religions monoth\u00e9istes s&rsquo;impos\u00e8rent peu \u00e0 peu. Ces religions, tout en conservant une partie de l&rsquo;h\u00e9ritage des primitifs, r\u00e9am\u00e9nag\u00e8rent sensiblement cette id\u00e9e de la survie d&rsquo;une entit\u00e9 consciente. Cette entit\u00e9 serait appel\u00e9e \u00e2me et d\u00e9cr\u00e9t\u00e9e immortelle, puisque d&rsquo;essence exclusivement spirituelle.<\/span><\/p>\n<p> <span class=\"gmoyen\"><img decoding=\"async\" src=\"http:\/\/www.ac-am.fr\/wp-content\/uploads\/2015\/09\/balle02.gif\" alt=\"\" border=\"0\" \/> Quelques-unes de ces religions d\u00e9crivirent, avec une grande pr\u00e9cision parfois, l&rsquo;ensemble des lieux o\u00f9 cette \u00e2me \u00e9tait cens\u00e9e migrer en fonction de la qualit\u00e9 du v\u00e9cu terrestre de son \u00a0\u00bb ex-usufruitier \u00ab\u00a0. Un label de qualit\u00e9 fond\u00e9 en tout premier lieu sur le respect que cet utilisateur temporaire, seul responsable des actes de l&rsquo;\u00e2me qui lui est momentan\u00e9ment allou\u00e9e, avait accord\u00e9 aux pr\u00e9ceptes impos\u00e9s par la doctrine.<\/span><\/p>\n<p> <span class=\"gmoyen\"><img decoding=\"async\" src=\"http:\/\/www.ac-am.fr\/wp-content\/uploads\/2015\/09\/balle02.gif\" alt=\"\" border=\"0\" \/> Au fil du temps ces contraintes, auxquelles s&rsquo;ajout\u00e8rent bien d&rsquo;autres griefs, rendirent l&rsquo;explication du devenir post-mortem de l&rsquo;\u00e2me beaucoup moins attractive. Ainsi, une autre fa\u00e7on de penser, issue d&rsquo;une meilleure connaissance des ph\u00e9nom\u00e8nes de la nature, vint concurrencer, sinon supplanter, des croyances religieuses fig\u00e9es dans leur vision surnaturelle du monde. Mais si la science \u00e9mergente des XVII\u00e8 et XVIII\u00e8 si\u00e8cles, respectueuse de l&rsquo;ordre divin \u00e9tabli, limitait le champ de ses investigations \u00e0 la seule mati\u00e8re que Dieu, par autorit\u00e9s eccl\u00e9siastiques interpos\u00e9es, avait mis \u00e0 la disposition de l&rsquo;homme, il n&rsquo;en ira plus de m\u00eame par la suite. L&rsquo;Alliance sera d\u00e9nonc\u00e9e et la religion verra son pouvoir de plus en plus contest\u00e9.<\/span><\/p>\n<p> <span class=\"gmoyen\"><img decoding=\"async\" src=\"http:\/\/www.ac-am.fr\/wp-content\/uploads\/2015\/09\/balle02.gif\" alt=\"\" border=\"0\" \/> Les esprits se sont apais\u00e9s depuis sans que les derni\u00e8res g\u00e9n\u00e9rations de scientifiques ne souscrivent pour autant aux dogmes de la religion. Devant l&rsquo;impossibilit\u00e9 d&rsquo;\u00e9valuer les propri\u00e9t\u00e9s de l&rsquo;\u00e2me (qu&rsquo;on l&rsquo;appelle esprit ou conscience n&rsquo;y change rien) la plupart des scientifiques, mais ils ne sont pas les seuls, jugent que celle-ci ne recouvre aucune esp\u00e8ce de r\u00e9alit\u00e9 ; elle s&rsquo;inscrit dans une tradition superstitieuse dont la fonction \u00e9tait de rassurer une humanit\u00e9 immature. C&rsquo;est pourquoi ils estiment que l&rsquo;homme, ayant atteint l&rsquo;\u00e2ge de raison, se doit d\u00e9sormais d&rsquo;assumer son enti\u00e8re mat\u00e9rialit\u00e9 et, corollaire peu r\u00e9jouissant, la n\u00e9antisation absolue \u00e0 l&rsquo;heure de sa mort.<\/span><\/p>\n<p> <span class=\"gmoyen\"><img decoding=\"async\" src=\"http:\/\/www.ac-am.fr\/wp-content\/uploads\/2015\/09\/balle02.gif\" alt=\"\" border=\"0\" \/> Mais cette vision dite r\u00e9aliste, tragique pour le plus grand nombre, rel\u00e8ve avant tout d&rsquo;une attitude philosophique et non d&rsquo;une d\u00e9monstration scientifique. Venu \u00e0 point nomm\u00e9, l&rsquo;existentialisme d\u00e9sesp\u00e9rant que sugg\u00e8re cette attitude offre un mobile id\u00e9al au vernis mat\u00e9rialiste de notre \u00e9poque. Un vernis qui se fissure malgr\u00e9 tout car la croyance dans une forme de vie apr\u00e8s la mort rena\u00eet semble-t-il de ses cendres et appara\u00eet plus vivace que jamais. Certaines informations tendent m\u00eame \u00e0 indiquer que la croyance dans une existence post-mortem est majoritaire dans nombre de pays.<\/span><\/p>\n<p> <span class=\"gmoyen\"><img decoding=\"async\" src=\"http:\/\/www.ac-am.fr\/wp-content\/uploads\/2015\/09\/balle02.gif\" alt=\"\" border=\"0\" \/> En fait l&rsquo;individu est souvent perm\u00e9able \u00e0 ces deux croyances, surtout dans le monde occidental, jusqu&rsquo;\u00e0 tenir un double discours selon les circonstances. Il t\u00e9moigne ainsi d&rsquo;un jugement peu assur\u00e9, \u00e9cartel\u00e9 qu&rsquo;il est entre l&rsquo;intuition d&rsquo;une vie apr\u00e8s la mort, qui lui permettrait d&rsquo;\u00e9chapper au n\u00e9ant, et une r\u00e9alit\u00e9 quotidienne en apparence contradictoire.<\/span><\/p>\n<p> <span class=\"gmoyen\"><img decoding=\"async\" src=\"http:\/\/www.ac-am.fr\/wp-content\/uploads\/2015\/09\/balle02.gif\" alt=\"\" border=\"0\" \/> Lorsque l&rsquo;intuition et la raison tentent de r\u00e9soudre une m\u00eame \u00e9nigme il en r\u00e9sulte \u00e9videmment une ambivalence difficile \u00e0 g\u00e9rer ; que ce soit au niveau individuel ou collectif. Car les paradoxes d&rsquo;une soci\u00e9t\u00e9 r\u00e9sultent de la somme des contradictions des individus qui la composent.<\/span><\/p>\n<p> <span class=\"gmoyen\"><img decoding=\"async\" src=\"http:\/\/www.ac-am.fr\/wp-content\/uploads\/2015\/09\/balle02.gif\" alt=\"\" border=\"0\" \/> Une chose est s\u00fbre, les \u00eatres humains ont un grand respect de la mort ; surtout de la leur. Avant tout, peut-\u00eatre, parce qu&rsquo;ils \u00e9prouvent une irr\u00e9pressible crainte de l&rsquo;inconnu, du grand myst\u00e8re final. Une crainte que certains tenteront de masquer en affectant la d\u00e9rision. Mais ce stratag\u00e8me d\u00e9fensif ne trompe pas grand monde et il est peu probable qu&rsquo;ils s&rsquo;y laissent prendre eux-m\u00eames tr\u00e8s longtemps.<\/span><\/p>\n<p> <span class=\"gmoyen\"><img decoding=\"async\" src=\"http:\/\/www.ac-am.fr\/wp-content\/uploads\/2015\/09\/balle02.gif\" alt=\"\" border=\"0\" \/> Par del\u00e0 l&rsquo;ambivalence que l&rsquo;on vient d&rsquo;\u00e9voquer et les incertitudes des uns ou des autres, on peut estimer que les opinions sur la question scindent grosso modo la soci\u00e9t\u00e9 en trois groupes :<\/span><\/p>\n<p class=\"retrait\"><span class=\"nnormal\" style=\"color: #f8b767;\">&#8211; les mat\u00e9rialistes, \u00e9galement d\u00e9nomm\u00e9s cart\u00e9siens, rationalistes, scientistes, sceptiques, etc., qui sont les partisans d&rsquo;un an\u00e9antissement total ;<\/span><\/p>\n<p class=\"retrait\"><span class=\"nnormal\" style=\"color: #f8b767;\">&#8211; les survivalistes, ou encore spiritualistes, adeptes de la r\u00e9surrection de la chair, de la renaissance, de la r\u00e9incarnation ou tout simplement d&rsquo;une forme non d\u00e9finie d&rsquo;immortalit\u00e9 ;<\/span><\/p>\n<p class=\"retrait\"><span class=\"nnormal\" style=\"color: #f8b767;\">&#8211; les ind\u00e9cis, qui oscillent entre ces deux options et, le plus souvent, se r\u00e9fugient derri\u00e8re un agnosticisme prudent.<\/span><\/p>\n<p><span class=\"gmoyen\"><img decoding=\"async\" src=\"http:\/\/www.ac-am.fr\/wp-content\/uploads\/2015\/09\/balle02.gif\" alt=\"\" border=\"0\" \/> Les qualifications de ces trois cat\u00e9gories para\u00eetront \u00e9videntes, voire simplistes, et peuvent \u00eatre compar\u00e9es aux trois tendances qui se d\u00e9gagent habituellement lorsqu&rsquo;il s&rsquo;agit de donner un avis quelconque : \u00ab\u00a0d&rsquo;accord, pas d&rsquo;accord ou indiff\u00e9rent\u00a0\u00bb. Mais cette cat\u00e9gorisation \u00e9l\u00e9mentaire vaut avant tout par son aspect pratique, m\u00eame si les opinions de la plupart d&rsquo;entre nous ne sont pas aussi tranch\u00e9es et sont l&rsquo;objet de remaniements ponctuels. Car, progressivement, au fil de l&rsquo;existence, tout un chacun en arrive \u00e0 personnaliser son id\u00e9e sur la question de la mort, empilant au fond de son jardin secret les synth\u00e8ses de ses cogitations successives. Convenons donc simplement qu&rsquo;il est bien d\u00e9licat de savoir au juste \u00e0 quelle conception de la mort se r\u00e9f\u00e8re le bien nomm\u00e9 commun des mortels.<\/span><\/p>\n<p> <span class=\"gmoyen\"><img decoding=\"async\" src=\"http:\/\/www.ac-am.fr\/wp-content\/uploads\/2015\/09\/balle02.gif\" alt=\"\" border=\"0\" \/> En tout \u00e9tat de cause, quelle que soit votre propre opinion, vous trouverez dans cette page consacr\u00e9e \u00e0 \u00ab\u00a0L&rsquo;homme face \u00e0 sa mort\u00a0\u00bb nombre d&rsquo;informations et de t\u00e9moignages propices \u00e0 alimenter votre r\u00e9flexion. Je vous souhaite d&rsquo;en tirer le meilleur profit et vous demande le plus grand respect \u00e0 l&rsquo;\u00e9gard des r\u00e9cits dont vous serez les d\u00e9positaires. Un grand merci \u00e0 Claude et aux t\u00e9moins qui ont consenti \u00e0 lui ouvrir leurs coeurs.<\/span><\/p>\n<p> <span class=\"gmoyen\">[<i><a href=\"boites.htm#Daniel01M\">Daniel Maurer &#8211; le 26-01-98<\/a><\/i>]<\/span><a href=\"http:\/\/www.ac-am.fr\/index.php\/la-mort-ou-lapres-vie#Ramure\" target=\"_self\"><img loading=\"lazy\" decoding=\"async\" src=\"http:\/\/www.ac-am.fr\/wp-content\/uploads\/2015\/10\/ouvrage2.gif\" alt=\"\" width=\"45\" height=\"36\" border=\"0\" hspace=\"10\" \/><\/a><a href=\"http:\/\/www.ac-am.fr\/index.php\/les-mysteres-de-notre-monde-interieur-et-exterieur\/#vie_corps_perdu\" target=\"_self\"><img loading=\"lazy\" decoding=\"async\" src=\"http:\/\/www.ac-am.fr\/wp-content\/uploads\/2015\/09\/sphere.gif\" alt=\"\" width=\"36\" height=\"36\" border=\"0\" hspace=\"10\" \/><\/a><\/td>\n<\/tr>\n<\/tbody>\n<\/table>\n<\/td>\n<\/tr>\n<\/tbody>\n<\/table>\n<\/div>\n<div style=\"padding-bottom:20px; padding-top:10px;\" class=\"hupso-share-buttons\"><!-- Hupso Share Buttons - https:\/\/www.hupso.com\/share\/ --><a class=\"hupso_toolbar\" href=\"https:\/\/www.hupso.com\/share\/\"><img decoding=\"async\" src=\"https:\/\/static.hupso.com\/share\/buttons\/lang\/fr\/share.png\" style=\"border:0px; padding-top: 5px; float:left;\" alt=\"Share Button\"\/><\/a><script type=\"text\/javascript\">var hupso_services_t=new Array(\"Twitter\",\"Facebook\",\"Google Plus\");var hupso_background_t=\"#EAF4FF\";var hupso_border_t=\"#66CCFF\";var hupso_toolbar_size_t=\"big\";var hupso_image_folder_url = \"\";var hupso_url_t=\"\";var hupso_title_t=\"Le%20th%C3%A8me%20de%20la%20mort.\";<\/script><script type=\"text\/javascript\" src=\"https:\/\/static.hupso.com\/share\/js\/share_toolbar.js\"><\/script><!-- Hupso Share Buttons --><\/div>","protected":false},"excerpt":{"rendered":"<p>Le th\u00e8me de la mort. Le th\u00e8me de la mort est sans doute celui qui&#8230;<\/p>\n","protected":false},"author":10,"featured_media":0,"comment_status":"closed","ping_status":"open","sticky":false,"template":"","format":"standard","meta":{"footnotes":""},"categories":[195],"tags":[],"class_list":["post-1775","post","type-post","status-publish","format-standard","hentry","category-1998-mort"],"yoast_head":"<!-- This site is optimized with the Yoast SEO plugin v26.9 - https:\/\/yoast.com\/product\/yoast-seo-wordpress\/ -->\n<title>Le th\u00e8me de la mort. - Autre Conscience, Autre Monde<\/title>\n<meta name=\"robots\" content=\"index, follow, max-snippet:-1, max-image-preview:large, max-video-preview:-1\" \/>\n<link rel=\"canonical\" href=\"https:\/\/www.ac-am.fr\/index.php\/1998\/01\/26\/le-theme-de-la-mort\/\" \/>\n<meta property=\"og:locale\" content=\"fr_FR\" \/>\n<meta property=\"og:type\" content=\"article\" \/>\n<meta property=\"og:title\" content=\"Le th\u00e8me de la mort. - Autre Conscience, Autre Monde\" \/>\n<meta property=\"og:description\" content=\"Le th\u00e8me de la mort. Le th\u00e8me de la mort est sans doute celui qui...\" \/>\n<meta property=\"og:url\" content=\"https:\/\/www.ac-am.fr\/index.php\/1998\/01\/26\/le-theme-de-la-mort\/\" \/>\n<meta property=\"og:site_name\" content=\"Autre Conscience, Autre Monde\" \/>\n<meta property=\"article:publisher\" content=\"https:\/\/fr-fr.facebook.com\/claude.acam\/\" \/>\n<meta property=\"article:published_time\" content=\"1998-01-26T18:49:39+00:00\" \/>\n<meta property=\"article:modified_time\" content=\"2016-12-31T18:15:22+00:00\" \/>\n<meta property=\"og:image\" content=\"http:\/\/www.ac-am.fr\/wp-content\/uploads\/2015\/09\/barre_rd.gif\" \/>\n<meta name=\"author\" content=\"Daniel Maurer\" \/>\n<meta name=\"twitter:card\" content=\"summary_large_image\" \/>\n<meta name=\"twitter:label1\" content=\"\u00c9crit par\" \/>\n\t<meta name=\"twitter:data1\" content=\"Daniel Maurer\" \/>\n\t<meta name=\"twitter:label2\" content=\"Dur\u00e9e de lecture estim\u00e9e\" \/>\n\t<meta name=\"twitter:data2\" content=\"7 minutes\" \/>\n<script type=\"application\/ld+json\" class=\"yoast-schema-graph\">{\"@context\":\"https:\/\/schema.org\",\"@graph\":[{\"@type\":\"Article\",\"@id\":\"https:\/\/www.ac-am.fr\/index.php\/1998\/01\/26\/le-theme-de-la-mort\/#article\",\"isPartOf\":{\"@id\":\"https:\/\/www.ac-am.fr\/index.php\/1998\/01\/26\/le-theme-de-la-mort\/\"},\"author\":{\"name\":\"Daniel Maurer\",\"@id\":\"https:\/\/www.ac-am.fr\/#\/schema\/person\/57a851b34596f10fd6294b84e4f856c1\"},\"headline\":\"Le th\u00e8me de la mort.\",\"datePublished\":\"1998-01-26T18:49:39+00:00\",\"dateModified\":\"2016-12-31T18:15:22+00:00\",\"mainEntityOfPage\":{\"@id\":\"https:\/\/www.ac-am.fr\/index.php\/1998\/01\/26\/le-theme-de-la-mort\/\"},\"wordCount\":1567,\"publisher\":{\"@id\":\"https:\/\/www.ac-am.fr\/#organization\"},\"image\":{\"@id\":\"https:\/\/www.ac-am.fr\/index.php\/1998\/01\/26\/le-theme-de-la-mort\/#primaryimage\"},\"thumbnailUrl\":\"http:\/\/www.ac-am.fr\/wp-content\/uploads\/2015\/09\/barre_rd.gif\",\"articleSection\":[\"1998 \u2013 MORT\"],\"inLanguage\":\"fr-FR\"},{\"@type\":\"WebPage\",\"@id\":\"https:\/\/www.ac-am.fr\/index.php\/1998\/01\/26\/le-theme-de-la-mort\/\",\"url\":\"https:\/\/www.ac-am.fr\/index.php\/1998\/01\/26\/le-theme-de-la-mort\/\",\"name\":\"Le th\u00e8me de la mort. - Autre Conscience, Autre Monde\",\"isPartOf\":{\"@id\":\"https:\/\/www.ac-am.fr\/#website\"},\"primaryImageOfPage\":{\"@id\":\"https:\/\/www.ac-am.fr\/index.php\/1998\/01\/26\/le-theme-de-la-mort\/#primaryimage\"},\"image\":{\"@id\":\"https:\/\/www.ac-am.fr\/index.php\/1998\/01\/26\/le-theme-de-la-mort\/#primaryimage\"},\"thumbnailUrl\":\"http:\/\/www.ac-am.fr\/wp-content\/uploads\/2015\/09\/barre_rd.gif\",\"datePublished\":\"1998-01-26T18:49:39+00:00\",\"dateModified\":\"2016-12-31T18:15:22+00:00\",\"breadcrumb\":{\"@id\":\"https:\/\/www.ac-am.fr\/index.php\/1998\/01\/26\/le-theme-de-la-mort\/#breadcrumb\"},\"inLanguage\":\"fr-FR\",\"potentialAction\":[{\"@type\":\"ReadAction\",\"target\":[\"https:\/\/www.ac-am.fr\/index.php\/1998\/01\/26\/le-theme-de-la-mort\/\"]}]},{\"@type\":\"ImageObject\",\"inLanguage\":\"fr-FR\",\"@id\":\"https:\/\/www.ac-am.fr\/index.php\/1998\/01\/26\/le-theme-de-la-mort\/#primaryimage\",\"url\":\"https:\/\/www.ac-am.fr\/wp-content\/uploads\/2015\/09\/barre_rd.gif\",\"contentUrl\":\"https:\/\/www.ac-am.fr\/wp-content\/uploads\/2015\/09\/barre_rd.gif\",\"width\":550,\"height\":7},{\"@type\":\"BreadcrumbList\",\"@id\":\"https:\/\/www.ac-am.fr\/index.php\/1998\/01\/26\/le-theme-de-la-mort\/#breadcrumb\",\"itemListElement\":[{\"@type\":\"ListItem\",\"position\":1,\"name\":\"Accueil\",\"item\":\"https:\/\/www.ac-am.fr\/\"},{\"@type\":\"ListItem\",\"position\":2,\"name\":\"Le th\u00e8me de la mort.\"}]},{\"@type\":\"WebSite\",\"@id\":\"https:\/\/www.ac-am.fr\/#website\",\"url\":\"https:\/\/www.ac-am.fr\/\",\"name\":\"Autre Conscience, Autre Monde\",\"description\":\"\",\"publisher\":{\"@id\":\"https:\/\/www.ac-am.fr\/#organization\"},\"potentialAction\":[{\"@type\":\"SearchAction\",\"target\":{\"@type\":\"EntryPoint\",\"urlTemplate\":\"https:\/\/www.ac-am.fr\/?s={search_term_string}\"},\"query-input\":{\"@type\":\"PropertyValueSpecification\",\"valueRequired\":true,\"valueName\":\"search_term_string\"}}],\"inLanguage\":\"fr-FR\"},{\"@type\":\"Organization\",\"@id\":\"https:\/\/www.ac-am.fr\/#organization\",\"name\":\"Autre Conscience, Autre Monde\",\"url\":\"https:\/\/www.ac-am.fr\/\",\"logo\":{\"@type\":\"ImageObject\",\"inLanguage\":\"fr-FR\",\"@id\":\"https:\/\/www.ac-am.fr\/#\/schema\/logo\/image\/\",\"url\":\"https:\/\/www.ac-am.fr\/wp-content\/uploads\/2015\/10\/bd_ac_am.gif\",\"contentUrl\":\"https:\/\/www.ac-am.fr\/wp-content\/uploads\/2015\/10\/bd_ac_am.gif\",\"width\":370,\"height\":65,\"caption\":\"Autre Conscience, Autre Monde\"},\"image\":{\"@id\":\"https:\/\/www.ac-am.fr\/#\/schema\/logo\/image\/\"},\"sameAs\":[\"https:\/\/fr-fr.facebook.com\/claude.acam\/\",\"https:\/\/www.youtube.com\/user\/consciencemonde\"]},{\"@type\":\"Person\",\"@id\":\"https:\/\/www.ac-am.fr\/#\/schema\/person\/57a851b34596f10fd6294b84e4f856c1\",\"name\":\"Daniel Maurer\",\"image\":{\"@type\":\"ImageObject\",\"inLanguage\":\"fr-FR\",\"@id\":\"https:\/\/www.ac-am.fr\/#\/schema\/person\/image\/\",\"url\":\"https:\/\/secure.gravatar.com\/avatar\/f8e7ddddbb40f795f252e4acfd759e41187ad581d7e3831d32d64267c6b28c08?s=96&d=identicon&r=g\",\"contentUrl\":\"https:\/\/secure.gravatar.com\/avatar\/f8e7ddddbb40f795f252e4acfd759e41187ad581d7e3831d32d64267c6b28c08?s=96&d=identicon&r=g\",\"caption\":\"Daniel Maurer\"},\"url\":\"https:\/\/www.ac-am.fr\/index.php\/author\/daniel-maurer\/\"}]}<\/script>\n<!-- \/ Yoast SEO plugin. -->","yoast_head_json":{"title":"Le th\u00e8me de la mort. - Autre Conscience, Autre Monde","robots":{"index":"index","follow":"follow","max-snippet":"max-snippet:-1","max-image-preview":"max-image-preview:large","max-video-preview":"max-video-preview:-1"},"canonical":"https:\/\/www.ac-am.fr\/index.php\/1998\/01\/26\/le-theme-de-la-mort\/","og_locale":"fr_FR","og_type":"article","og_title":"Le th\u00e8me de la mort. - Autre Conscience, Autre Monde","og_description":"Le th\u00e8me de la mort. Le th\u00e8me de la mort est sans doute celui qui...","og_url":"https:\/\/www.ac-am.fr\/index.php\/1998\/01\/26\/le-theme-de-la-mort\/","og_site_name":"Autre Conscience, Autre Monde","article_publisher":"https:\/\/fr-fr.facebook.com\/claude.acam\/","article_published_time":"1998-01-26T18:49:39+00:00","article_modified_time":"2016-12-31T18:15:22+00:00","og_image":[{"url":"http:\/\/www.ac-am.fr\/wp-content\/uploads\/2015\/09\/barre_rd.gif","type":"","width":"","height":""}],"author":"Daniel Maurer","twitter_card":"summary_large_image","twitter_misc":{"\u00c9crit par":"Daniel Maurer","Dur\u00e9e de lecture estim\u00e9e":"7 minutes"},"schema":{"@context":"https:\/\/schema.org","@graph":[{"@type":"Article","@id":"https:\/\/www.ac-am.fr\/index.php\/1998\/01\/26\/le-theme-de-la-mort\/#article","isPartOf":{"@id":"https:\/\/www.ac-am.fr\/index.php\/1998\/01\/26\/le-theme-de-la-mort\/"},"author":{"name":"Daniel Maurer","@id":"https:\/\/www.ac-am.fr\/#\/schema\/person\/57a851b34596f10fd6294b84e4f856c1"},"headline":"Le th\u00e8me de la mort.","datePublished":"1998-01-26T18:49:39+00:00","dateModified":"2016-12-31T18:15:22+00:00","mainEntityOfPage":{"@id":"https:\/\/www.ac-am.fr\/index.php\/1998\/01\/26\/le-theme-de-la-mort\/"},"wordCount":1567,"publisher":{"@id":"https:\/\/www.ac-am.fr\/#organization"},"image":{"@id":"https:\/\/www.ac-am.fr\/index.php\/1998\/01\/26\/le-theme-de-la-mort\/#primaryimage"},"thumbnailUrl":"http:\/\/www.ac-am.fr\/wp-content\/uploads\/2015\/09\/barre_rd.gif","articleSection":["1998 \u2013 MORT"],"inLanguage":"fr-FR"},{"@type":"WebPage","@id":"https:\/\/www.ac-am.fr\/index.php\/1998\/01\/26\/le-theme-de-la-mort\/","url":"https:\/\/www.ac-am.fr\/index.php\/1998\/01\/26\/le-theme-de-la-mort\/","name":"Le th\u00e8me de la mort. - Autre Conscience, Autre Monde","isPartOf":{"@id":"https:\/\/www.ac-am.fr\/#website"},"primaryImageOfPage":{"@id":"https:\/\/www.ac-am.fr\/index.php\/1998\/01\/26\/le-theme-de-la-mort\/#primaryimage"},"image":{"@id":"https:\/\/www.ac-am.fr\/index.php\/1998\/01\/26\/le-theme-de-la-mort\/#primaryimage"},"thumbnailUrl":"http:\/\/www.ac-am.fr\/wp-content\/uploads\/2015\/09\/barre_rd.gif","datePublished":"1998-01-26T18:49:39+00:00","dateModified":"2016-12-31T18:15:22+00:00","breadcrumb":{"@id":"https:\/\/www.ac-am.fr\/index.php\/1998\/01\/26\/le-theme-de-la-mort\/#breadcrumb"},"inLanguage":"fr-FR","potentialAction":[{"@type":"ReadAction","target":["https:\/\/www.ac-am.fr\/index.php\/1998\/01\/26\/le-theme-de-la-mort\/"]}]},{"@type":"ImageObject","inLanguage":"fr-FR","@id":"https:\/\/www.ac-am.fr\/index.php\/1998\/01\/26\/le-theme-de-la-mort\/#primaryimage","url":"https:\/\/www.ac-am.fr\/wp-content\/uploads\/2015\/09\/barre_rd.gif","contentUrl":"https:\/\/www.ac-am.fr\/wp-content\/uploads\/2015\/09\/barre_rd.gif","width":550,"height":7},{"@type":"BreadcrumbList","@id":"https:\/\/www.ac-am.fr\/index.php\/1998\/01\/26\/le-theme-de-la-mort\/#breadcrumb","itemListElement":[{"@type":"ListItem","position":1,"name":"Accueil","item":"https:\/\/www.ac-am.fr\/"},{"@type":"ListItem","position":2,"name":"Le th\u00e8me de la mort."}]},{"@type":"WebSite","@id":"https:\/\/www.ac-am.fr\/#website","url":"https:\/\/www.ac-am.fr\/","name":"Autre Conscience, Autre Monde","description":"","publisher":{"@id":"https:\/\/www.ac-am.fr\/#organization"},"potentialAction":[{"@type":"SearchAction","target":{"@type":"EntryPoint","urlTemplate":"https:\/\/www.ac-am.fr\/?s={search_term_string}"},"query-input":{"@type":"PropertyValueSpecification","valueRequired":true,"valueName":"search_term_string"}}],"inLanguage":"fr-FR"},{"@type":"Organization","@id":"https:\/\/www.ac-am.fr\/#organization","name":"Autre Conscience, Autre Monde","url":"https:\/\/www.ac-am.fr\/","logo":{"@type":"ImageObject","inLanguage":"fr-FR","@id":"https:\/\/www.ac-am.fr\/#\/schema\/logo\/image\/","url":"https:\/\/www.ac-am.fr\/wp-content\/uploads\/2015\/10\/bd_ac_am.gif","contentUrl":"https:\/\/www.ac-am.fr\/wp-content\/uploads\/2015\/10\/bd_ac_am.gif","width":370,"height":65,"caption":"Autre Conscience, Autre Monde"},"image":{"@id":"https:\/\/www.ac-am.fr\/#\/schema\/logo\/image\/"},"sameAs":["https:\/\/fr-fr.facebook.com\/claude.acam\/","https:\/\/www.youtube.com\/user\/consciencemonde"]},{"@type":"Person","@id":"https:\/\/www.ac-am.fr\/#\/schema\/person\/57a851b34596f10fd6294b84e4f856c1","name":"Daniel Maurer","image":{"@type":"ImageObject","inLanguage":"fr-FR","@id":"https:\/\/www.ac-am.fr\/#\/schema\/person\/image\/","url":"https:\/\/secure.gravatar.com\/avatar\/f8e7ddddbb40f795f252e4acfd759e41187ad581d7e3831d32d64267c6b28c08?s=96&d=identicon&r=g","contentUrl":"https:\/\/secure.gravatar.com\/avatar\/f8e7ddddbb40f795f252e4acfd759e41187ad581d7e3831d32d64267c6b28c08?s=96&d=identicon&r=g","caption":"Daniel Maurer"},"url":"https:\/\/www.ac-am.fr\/index.php\/author\/daniel-maurer\/"}]}},"_links":{"self":[{"href":"https:\/\/www.ac-am.fr\/index.php\/wp-json\/wp\/v2\/posts\/1775","targetHints":{"allow":["GET"]}}],"collection":[{"href":"https:\/\/www.ac-am.fr\/index.php\/wp-json\/wp\/v2\/posts"}],"about":[{"href":"https:\/\/www.ac-am.fr\/index.php\/wp-json\/wp\/v2\/types\/post"}],"author":[{"embeddable":true,"href":"https:\/\/www.ac-am.fr\/index.php\/wp-json\/wp\/v2\/users\/10"}],"replies":[{"embeddable":true,"href":"https:\/\/www.ac-am.fr\/index.php\/wp-json\/wp\/v2\/comments?post=1775"}],"version-history":[{"count":4,"href":"https:\/\/www.ac-am.fr\/index.php\/wp-json\/wp\/v2\/posts\/1775\/revisions"}],"predecessor-version":[{"id":2182,"href":"https:\/\/www.ac-am.fr\/index.php\/wp-json\/wp\/v2\/posts\/1775\/revisions\/2182"}],"wp:attachment":[{"href":"https:\/\/www.ac-am.fr\/index.php\/wp-json\/wp\/v2\/media?parent=1775"}],"wp:term":[{"taxonomy":"category","embeddable":true,"href":"https:\/\/www.ac-am.fr\/index.php\/wp-json\/wp\/v2\/categories?post=1775"},{"taxonomy":"post_tag","embeddable":true,"href":"https:\/\/www.ac-am.fr\/index.php\/wp-json\/wp\/v2\/tags?post=1775"}],"curies":[{"name":"wp","href":"https:\/\/api.w.org\/{rel}","templated":true}]}}