{"id":1793,"date":"1999-03-07T22:36:43","date_gmt":"1999-03-07T21:36:43","guid":{"rendered":"https:\/\/www.ac-am.fr\/?p=1793"},"modified":"2015-11-18T11:48:28","modified_gmt":"2015-11-18T10:48:28","slug":"incarnation-et-reincarnation","status":"publish","type":"post","link":"https:\/\/www.ac-am.fr\/index.php\/1999\/03\/07\/incarnation-et-reincarnation\/","title":{"rendered":"Incarnation et r\u00e9incarnation."},"content":{"rendered":"<div id=\"mort\" style=\"background-attachment: fixed; border: 2px solid #FF9900; border-radius: 10px; opacity: 0.90;\">\n<table class=\"aligncenter\" style=\"width: 600px;\" border=\"0\">\n<tbody>\n<tr>\n<td>\n<table class=\"aligncenter\" style=\"width: 567px; height: 190px;\" border=\"0\">\n<tbody>\n<tr>\n<td><img decoding=\"async\" class=\"aligncenter\" src=\"http:\/\/www.ac-am.fr\/wp-content\/uploads\/2015\/09\/barre_rd.gif\" alt=\"\" border=\"0\" \/><\/td>\n<\/tr>\n<tr>\n<td style=\"text-align: left;\"><img loading=\"lazy\" decoding=\"async\" src=\"http:\/\/www.ac-am.fr\/wp-content\/uploads\/2015\/11\/retemort.gif\" alt=\"R\u00e9flexions et T\u00e9moignages\" width=\"380\" height=\"100\" border=\"0\" \/><img loading=\"lazy\" decoding=\"async\" src=\"http:\/\/www.ac-am.fr\/wp-content\/uploads\/2015\/10\/cal1999.gif\" alt=\"Ann\u00e9e 1999\" width=\"150\" height=\"100\" border=\"0\" \/><\/td>\n<\/tr>\n<tr>\n<td><img decoding=\"async\" class=\"aligncenter\" src=\"http:\/\/www.ac-am.fr\/wp-content\/uploads\/2015\/09\/barre_rd.gif\" alt=\"\" border=\"0\" \/><\/td>\n<\/tr>\n<\/tbody>\n<\/table>\n<table class=\"aligncenter\" style=\"width: 590px;\" border=\"0\">\n<tbody>\n<tr>\n<td><a name=\"Sony01_Mort99_01\"><\/a><b class=\"ntitre1\">Incarnation et r\u00e9incarnation.<\/b><\/td>\n<\/tr>\n<tr>\n<td colspan=\"2\"><img decoding=\"async\" class=\"aligncenter\" src=\"http:\/\/www.ac-am.fr\/wp-content\/uploads\/2015\/09\/barre_rd.gif\" alt=\"\" border=\"0\" \/><\/td>\n<\/tr>\n<tr>\n<td style=\"text-align: left;\"><span class=\"gmoyen\"><img decoding=\"async\" src=\"http:\/\/www.ac-am.fr\/wp-content\/uploads\/2015\/09\/balle02.gif\" alt=\"\" border=\"0\" \/> Ce que nous sommes depuis la cr\u00e9ation existe \u00e0 jamais ; pour les \u00catres, il y a eu un commencement, le moment de l&rsquo;explosion &#8211; le big-bang de la science -, le moment o\u00f9 l&rsquo;Absolu a jet\u00e9 les bases de la cr\u00e9ation.<\/span><\/p>\n<p> <span class=\"gmoyen\"><img decoding=\"async\" src=\"http:\/\/www.ac-am.fr\/wp-content\/uploads\/2015\/09\/balle02.gif\" alt=\"\" border=\"0\" \/> Depuis ce temps-l\u00e0, nous existons; nous avons exist\u00e9 comme un point, qui existe toujours, mais qui n&rsquo;avait pas de densit\u00e9. Celle-ci est apparue au fur et \u00e0 mesure que les fr\u00e9quences de <a href=\"http:\/\/www.ac-am.fr\/index.php\/1999\/01\/24\/les-vibrations\/\">vibration<\/a>, et surtout de rythme, se sont alourdies. <br \/>\nNous sommes devenus plus lourds et, petit \u00e0 petit, nous sommes entr\u00e9s dans le monde manifest\u00e9, dans le monde relatif.<\/span><\/p>\n<p> <span class=\"gmoyen\"><img decoding=\"async\" src=\"http:\/\/www.ac-am.fr\/wp-content\/uploads\/2015\/09\/balle02.gif\" alt=\"\" border=\"0\" \/> Ce que nous \u00e9tions, \u00e0 ce moment l\u00e0, avait besoin d&rsquo;un corps pour pouvoir vivre, se manifester et faire son travail. C&rsquo;est pourquoi il y a eu le corps. <br \/>\nMais ce corps vient de loin : nous avons \u00e9t\u00e9 \u00ab\u00a0amibe\u00a0\u00bb, toutes sortes de choses jusqu&rsquo;\u00e0 \u00eatre ce que nous sommes maintenant.<\/span><\/p>\n<p> <span class=\"gmoyen\"><span class=\"gmoyen\"><img decoding=\"async\" src=\"http:\/\/www.ac-am.fr\/wp-content\/uploads\/2015\/09\/balle02.gif\" alt=\"\" border=\"0\" \/> Celui qui est \u00ab\u00a0dans le corps\u00a0\u00bb est \u00e9ternel. Il n&rsquo;y a pas de mort; l&rsquo;\u00catre sort de ce corps \u00e0 un certain moment, il continue sa vie jusqu&rsquo;\u00e0 un autre moment o\u00f9 il devra entrer dans un autre corps pour un autre travail.<\/p>\n<p> <span class=\"gmoyen\"><img decoding=\"async\" src=\"http:\/\/www.ac-am.fr\/wp-content\/uploads\/2015\/09\/balle02.gif\" alt=\"\" border=\"0\" \/> Pour entrer dans ce corps, il faudra qu&rsquo;il passe par le corps d&rsquo;une femme et qu&rsquo;il naisse ; ce qui est le plus difficile c&rsquo;est la naissance, qui est tr\u00e8s douloureuse pour l&rsquo;\u00catre qui va s&rsquo;incarner car il n&rsquo;y a pas d&rsquo;incarnation dans le corps de la m\u00e8re, il n&rsquo;y a incarnation qu&rsquo;avec le premier souffle, c&rsquo;est l\u00e0 que l&rsquo;\u00e2me entre dans le corps avec beaucoup d&rsquo;autres choses.<\/span><\/p>\n<p> <span class=\"gmoyen\"><img decoding=\"async\" src=\"http:\/\/www.ac-am.fr\/wp-content\/uploads\/2015\/09\/balle02.gif\" alt=\"\" border=\"0\" \/> Pouvons-nous parler d&rsquo;incarnation ou de r\u00e9incarnation, puisque c&rsquo;est toujours le m\u00eame \u00catre?&#8230;. C&rsquo;est un mot qui a \u00e9t\u00e9 cr\u00e9\u00e9 pour dire que nous changeons de corps&#8230; C&rsquo;est tout.<\/span><\/p>\n<p> <span class=\"gmoyen\"><img decoding=\"async\" src=\"http:\/\/www.ac-am.fr\/wp-content\/uploads\/2015\/09\/balle02.gif\" alt=\"\" border=\"0\" \/> Mais, c&rsquo;est toujours Moi, le \u00ab\u00a0Je Suis\u00a0\u00bb initial. Nous pouvons toujours dire:<\/span><\/span><\/span><\/p>\n<p class=\"retrait\"><span class=\"gmoyen\">\u00ab\u00a0Je suis celui qui a \u00e9t\u00e9, qui est et qui sera. Il n&rsquo;a pas eu de commencement et il n&rsquo;aura pas de fin, car il n&rsquo;a pas eu de commencement dans un corps, il a \u00e9t\u00e9 un point de Force Originelle et d&rsquo;Esprit Originel, dans la Cr\u00e9ation divine\u00a0\u00bb.<\/span><\/p>\n<p><span class=\"gmoyen\"><span class=\"gmoyen\"><img decoding=\"async\" src=\"http:\/\/www.ac-am.fr\/wp-content\/uploads\/2015\/09\/balle02.gif\" alt=\"\" border=\"0\" \/> C&rsquo;est ce mot : r\u00e9incarnation qui ne me convient pas bien mais il est coutumier de l&#8217;employer pour dire que nous changeons de vie, que nous partons dans un autre monde et que nous revenons avec un autre corps. <br \/>\nEn r\u00e9alit\u00e9, nous ne faisons que changer d&rsquo;enveloppe, ce que nous appelons le corps.<\/span><\/p>\n<p> <span class=\"gmoyen\"><img decoding=\"async\" src=\"http:\/\/www.ac-am.fr\/wp-content\/uploads\/2015\/09\/balle02.gif\" alt=\"\" border=\"0\" \/> Mais, le point d&rsquo;\u00e9volution o\u00f9 nous en sommes, avec les humanit\u00e9s successives, fait que nous n&rsquo;avons plus besoin d&rsquo;\u00eatre min\u00e9ral, v\u00e9g\u00e9tal, animal; nous venons tout de suite en humain. Une femme porte un enfant avec son corps. Cela s&rsquo;est fait avec l&rsquo;\u00e9volution pendant les mill\u00e9naires.<\/span><\/p>\n<p> <span class=\"gmoyen\"><img decoding=\"async\" src=\"http:\/\/www.ac-am.fr\/wp-content\/uploads\/2015\/09\/balle02.gif\" alt=\"\" border=\"0\" \/> <u>Pourquoi parler de r\u00e9incarnation<\/u> ?\u2026<\/span><\/p>\n<p> <span class=\"gmoyen\"><img decoding=\"async\" src=\"http:\/\/www.ac-am.fr\/wp-content\/uploads\/2015\/09\/balle02.gif\" alt=\"\" border=\"0\" \/> Il faut comprendre que la naissance est quelque chose de tr\u00e8s douloureux et est accept\u00e9e par l&rsquo;\u00catre, le \u00ab\u00a0Je Suis\u00a0\u00bb.<\/span><\/p>\n<p> <span class=\"gmoyen\"><img decoding=\"async\" src=\"http:\/\/www.ac-am.fr\/wp-content\/uploads\/2015\/09\/balle02.gif\" alt=\"\" border=\"0\" \/> Il accepte de revenir dans un corps; il ne peut pas le construire, il faut donc qu&rsquo;il passe par la f\u00e9condation. Au moment de la conception, un corps va se construire, mais c&rsquo;est un corps de chair et d&rsquo;os qui va se faire petit \u00e0 petit. L\u00e0, les trois r\u00e8gnes vont se retrouver et le quatri\u00e8me r\u00e8gne, malgr\u00e9 la forme, ne sortira qu&rsquo;avec la premi\u00e8re respiration.<\/span><\/p>\n<p> <span class=\"gmoyen\"><img decoding=\"async\" src=\"http:\/\/www.ac-am.fr\/wp-content\/uploads\/2015\/09\/balle02.gif\" alt=\"\" border=\"0\" \/> C&rsquo;est cela l&rsquo;important, ce qu&rsquo;il faut savoir pour avancer. Ce sont des notions de toute premi\u00e8re importance de savoir qu&rsquo;il n&rsquo;y a ni mort, ni naissance; ce sont des incidents de parcours de \u00ab\u00a0Je Suis\u00a0\u00bb &#8211; j&rsquo;ose le dire &#8211; qui sont douloureux. <br \/>\nLa naissance est toujours douloureuse pour l&rsquo;enfant, la mort ne l&rsquo;est pas toujours pour l&rsquo;homme qui s&rsquo;en va de l&rsquo;autre c\u00f4t\u00e9, mais elle peut l&rsquo;\u00eatre selon la cause de la mort.<\/span><\/p>\n<p> <span class=\"gmoyen\">[<span style=\"color: #fffddd;\"><i>Sony K. &#8211; le 07-03-99<\/i><\/span>]<\/span><\/span><\/td>\n<\/tr>\n<\/tbody>\n<\/table>\n<\/td>\n<\/tr>\n<\/tbody>\n<\/table>\n<\/div>\n<div style=\"padding-bottom:20px; padding-top:10px;\" class=\"hupso-share-buttons\"><!-- Hupso Share Buttons - https:\/\/www.hupso.com\/share\/ --><a class=\"hupso_toolbar\" href=\"https:\/\/www.hupso.com\/share\/\"><img decoding=\"async\" src=\"https:\/\/static.hupso.com\/share\/buttons\/lang\/fr\/share.png\" style=\"border:0px; padding-top: 5px; float:left;\" alt=\"Share Button\"\/><\/a><script type=\"text\/javascript\">var hupso_services_t=new Array(\"Twitter\",\"Facebook\",\"Google Plus\");var hupso_background_t=\"#EAF4FF\";var hupso_border_t=\"#66CCFF\";var hupso_toolbar_size_t=\"big\";var hupso_image_folder_url = \"\";var hupso_url_t=\"\";var hupso_title_t=\"Incarnation%20et%20r%C3%A9incarnation.\";<\/script><script type=\"text\/javascript\" src=\"https:\/\/static.hupso.com\/share\/js\/share_toolbar.js\"><\/script><!-- Hupso Share Buttons --><\/div>","protected":false},"excerpt":{"rendered":"<p>Incarnation et r\u00e9incarnation. Ce que nous sommes depuis la cr\u00e9ation existe \u00e0 jamais ; pour&#8230;<\/p>\n","protected":false},"author":11,"featured_media":0,"comment_status":"closed","ping_status":"open","sticky":false,"template":"","format":"standard","meta":{"footnotes":""},"categories":[197],"tags":[],"class_list":["post-1793","post","type-post","status-publish","format-standard","hentry","category-1999-mort"],"yoast_head":"<!-- This site is optimized with the Yoast SEO plugin v26.9 - https:\/\/yoast.com\/product\/yoast-seo-wordpress\/ -->\n<title>Incarnation et r\u00e9incarnation. - Autre Conscience, Autre Monde<\/title>\n<meta name=\"robots\" content=\"index, follow, max-snippet:-1, max-image-preview:large, max-video-preview:-1\" \/>\n<link rel=\"canonical\" href=\"https:\/\/www.ac-am.fr\/index.php\/1999\/03\/07\/incarnation-et-reincarnation\/\" \/>\n<meta property=\"og:locale\" content=\"fr_FR\" \/>\n<meta property=\"og:type\" content=\"article\" \/>\n<meta property=\"og:title\" content=\"Incarnation et r\u00e9incarnation. - Autre Conscience, Autre Monde\" \/>\n<meta property=\"og:description\" content=\"Incarnation et r\u00e9incarnation. Ce que nous sommes depuis la cr\u00e9ation existe \u00e0 jamais ; pour...\" \/>\n<meta property=\"og:url\" content=\"https:\/\/www.ac-am.fr\/index.php\/1999\/03\/07\/incarnation-et-reincarnation\/\" \/>\n<meta property=\"og:site_name\" content=\"Autre Conscience, Autre Monde\" \/>\n<meta property=\"article:publisher\" content=\"https:\/\/fr-fr.facebook.com\/claude.acam\/\" \/>\n<meta property=\"article:published_time\" content=\"1999-03-07T21:36:43+00:00\" \/>\n<meta property=\"article:modified_time\" content=\"2015-11-18T10:48:28+00:00\" \/>\n<meta property=\"og:image\" content=\"http:\/\/www.ac-am.fr\/wp-content\/uploads\/2015\/09\/barre_rd.gif\" \/>\n<meta name=\"author\" content=\"Sony K.\" \/>\n<meta name=\"twitter:card\" content=\"summary_large_image\" \/>\n<meta name=\"twitter:label1\" content=\"\u00c9crit par\" \/>\n\t<meta name=\"twitter:data1\" content=\"Sony K.\" \/>\n\t<meta name=\"twitter:label2\" content=\"Dur\u00e9e de lecture estim\u00e9e\" \/>\n\t<meta name=\"twitter:data2\" content=\"3 minutes\" \/>\n<script type=\"application\/ld+json\" class=\"yoast-schema-graph\">{\"@context\":\"https:\/\/schema.org\",\"@graph\":[{\"@type\":\"Article\",\"@id\":\"https:\/\/www.ac-am.fr\/index.php\/1999\/03\/07\/incarnation-et-reincarnation\/#article\",\"isPartOf\":{\"@id\":\"https:\/\/www.ac-am.fr\/index.php\/1999\/03\/07\/incarnation-et-reincarnation\/\"},\"author\":{\"name\":\"Sony K.\",\"@id\":\"https:\/\/www.ac-am.fr\/#\/schema\/person\/92952d9d6a60b271f708233612c6f98b\"},\"headline\":\"Incarnation et r\u00e9incarnation.\",\"datePublished\":\"1999-03-07T21:36:43+00:00\",\"dateModified\":\"2015-11-18T10:48:28+00:00\",\"mainEntityOfPage\":{\"@id\":\"https:\/\/www.ac-am.fr\/index.php\/1999\/03\/07\/incarnation-et-reincarnation\/\"},\"wordCount\":698,\"publisher\":{\"@id\":\"https:\/\/www.ac-am.fr\/#organization\"},\"image\":{\"@id\":\"https:\/\/www.ac-am.fr\/index.php\/1999\/03\/07\/incarnation-et-reincarnation\/#primaryimage\"},\"thumbnailUrl\":\"http:\/\/www.ac-am.fr\/wp-content\/uploads\/2015\/09\/barre_rd.gif\",\"articleSection\":[\"1999 \u2013 MORT\"],\"inLanguage\":\"fr-FR\"},{\"@type\":\"WebPage\",\"@id\":\"https:\/\/www.ac-am.fr\/index.php\/1999\/03\/07\/incarnation-et-reincarnation\/\",\"url\":\"https:\/\/www.ac-am.fr\/index.php\/1999\/03\/07\/incarnation-et-reincarnation\/\",\"name\":\"Incarnation et r\u00e9incarnation. - Autre Conscience, Autre Monde\",\"isPartOf\":{\"@id\":\"https:\/\/www.ac-am.fr\/#website\"},\"primaryImageOfPage\":{\"@id\":\"https:\/\/www.ac-am.fr\/index.php\/1999\/03\/07\/incarnation-et-reincarnation\/#primaryimage\"},\"image\":{\"@id\":\"https:\/\/www.ac-am.fr\/index.php\/1999\/03\/07\/incarnation-et-reincarnation\/#primaryimage\"},\"thumbnailUrl\":\"http:\/\/www.ac-am.fr\/wp-content\/uploads\/2015\/09\/barre_rd.gif\",\"datePublished\":\"1999-03-07T21:36:43+00:00\",\"dateModified\":\"2015-11-18T10:48:28+00:00\",\"breadcrumb\":{\"@id\":\"https:\/\/www.ac-am.fr\/index.php\/1999\/03\/07\/incarnation-et-reincarnation\/#breadcrumb\"},\"inLanguage\":\"fr-FR\",\"potentialAction\":[{\"@type\":\"ReadAction\",\"target\":[\"https:\/\/www.ac-am.fr\/index.php\/1999\/03\/07\/incarnation-et-reincarnation\/\"]}]},{\"@type\":\"ImageObject\",\"inLanguage\":\"fr-FR\",\"@id\":\"https:\/\/www.ac-am.fr\/index.php\/1999\/03\/07\/incarnation-et-reincarnation\/#primaryimage\",\"url\":\"https:\/\/www.ac-am.fr\/wp-content\/uploads\/2015\/09\/barre_rd.gif\",\"contentUrl\":\"https:\/\/www.ac-am.fr\/wp-content\/uploads\/2015\/09\/barre_rd.gif\",\"width\":550,\"height\":7},{\"@type\":\"BreadcrumbList\",\"@id\":\"https:\/\/www.ac-am.fr\/index.php\/1999\/03\/07\/incarnation-et-reincarnation\/#breadcrumb\",\"itemListElement\":[{\"@type\":\"ListItem\",\"position\":1,\"name\":\"Accueil\",\"item\":\"https:\/\/www.ac-am.fr\/\"},{\"@type\":\"ListItem\",\"position\":2,\"name\":\"Incarnation et r\u00e9incarnation.\"}]},{\"@type\":\"WebSite\",\"@id\":\"https:\/\/www.ac-am.fr\/#website\",\"url\":\"https:\/\/www.ac-am.fr\/\",\"name\":\"Autre Conscience, Autre Monde\",\"description\":\"\",\"publisher\":{\"@id\":\"https:\/\/www.ac-am.fr\/#organization\"},\"potentialAction\":[{\"@type\":\"SearchAction\",\"target\":{\"@type\":\"EntryPoint\",\"urlTemplate\":\"https:\/\/www.ac-am.fr\/?s={search_term_string}\"},\"query-input\":{\"@type\":\"PropertyValueSpecification\",\"valueRequired\":true,\"valueName\":\"search_term_string\"}}],\"inLanguage\":\"fr-FR\"},{\"@type\":\"Organization\",\"@id\":\"https:\/\/www.ac-am.fr\/#organization\",\"name\":\"Autre Conscience, Autre Monde\",\"url\":\"https:\/\/www.ac-am.fr\/\",\"logo\":{\"@type\":\"ImageObject\",\"inLanguage\":\"fr-FR\",\"@id\":\"https:\/\/www.ac-am.fr\/#\/schema\/logo\/image\/\",\"url\":\"https:\/\/www.ac-am.fr\/wp-content\/uploads\/2015\/10\/bd_ac_am.gif\",\"contentUrl\":\"https:\/\/www.ac-am.fr\/wp-content\/uploads\/2015\/10\/bd_ac_am.gif\",\"width\":370,\"height\":65,\"caption\":\"Autre Conscience, Autre Monde\"},\"image\":{\"@id\":\"https:\/\/www.ac-am.fr\/#\/schema\/logo\/image\/\"},\"sameAs\":[\"https:\/\/fr-fr.facebook.com\/claude.acam\/\",\"https:\/\/www.youtube.com\/user\/consciencemonde\"]},{\"@type\":\"Person\",\"@id\":\"https:\/\/www.ac-am.fr\/#\/schema\/person\/92952d9d6a60b271f708233612c6f98b\",\"name\":\"Sony K.\",\"image\":{\"@type\":\"ImageObject\",\"inLanguage\":\"fr-FR\",\"@id\":\"https:\/\/www.ac-am.fr\/#\/schema\/person\/image\/\",\"url\":\"https:\/\/secure.gravatar.com\/avatar\/ad26f4383c2ae07b525fda1127d1430b29686888fce9068a4aa794dee3a86867?s=96&d=identicon&r=g\",\"contentUrl\":\"https:\/\/secure.gravatar.com\/avatar\/ad26f4383c2ae07b525fda1127d1430b29686888fce9068a4aa794dee3a86867?s=96&d=identicon&r=g\",\"caption\":\"Sony K.\"},\"url\":\"https:\/\/www.ac-am.fr\/index.php\/author\/sony-k\/\"}]}<\/script>\n<!-- \/ Yoast SEO plugin. -->","yoast_head_json":{"title":"Incarnation et r\u00e9incarnation. - Autre Conscience, Autre Monde","robots":{"index":"index","follow":"follow","max-snippet":"max-snippet:-1","max-image-preview":"max-image-preview:large","max-video-preview":"max-video-preview:-1"},"canonical":"https:\/\/www.ac-am.fr\/index.php\/1999\/03\/07\/incarnation-et-reincarnation\/","og_locale":"fr_FR","og_type":"article","og_title":"Incarnation et r\u00e9incarnation. - Autre Conscience, Autre Monde","og_description":"Incarnation et r\u00e9incarnation. Ce que nous sommes depuis la cr\u00e9ation existe \u00e0 jamais ; pour...","og_url":"https:\/\/www.ac-am.fr\/index.php\/1999\/03\/07\/incarnation-et-reincarnation\/","og_site_name":"Autre Conscience, Autre Monde","article_publisher":"https:\/\/fr-fr.facebook.com\/claude.acam\/","article_published_time":"1999-03-07T21:36:43+00:00","article_modified_time":"2015-11-18T10:48:28+00:00","og_image":[{"url":"http:\/\/www.ac-am.fr\/wp-content\/uploads\/2015\/09\/barre_rd.gif","type":"","width":"","height":""}],"author":"Sony K.","twitter_card":"summary_large_image","twitter_misc":{"\u00c9crit par":"Sony K.","Dur\u00e9e de lecture estim\u00e9e":"3 minutes"},"schema":{"@context":"https:\/\/schema.org","@graph":[{"@type":"Article","@id":"https:\/\/www.ac-am.fr\/index.php\/1999\/03\/07\/incarnation-et-reincarnation\/#article","isPartOf":{"@id":"https:\/\/www.ac-am.fr\/index.php\/1999\/03\/07\/incarnation-et-reincarnation\/"},"author":{"name":"Sony K.","@id":"https:\/\/www.ac-am.fr\/#\/schema\/person\/92952d9d6a60b271f708233612c6f98b"},"headline":"Incarnation et r\u00e9incarnation.","datePublished":"1999-03-07T21:36:43+00:00","dateModified":"2015-11-18T10:48:28+00:00","mainEntityOfPage":{"@id":"https:\/\/www.ac-am.fr\/index.php\/1999\/03\/07\/incarnation-et-reincarnation\/"},"wordCount":698,"publisher":{"@id":"https:\/\/www.ac-am.fr\/#organization"},"image":{"@id":"https:\/\/www.ac-am.fr\/index.php\/1999\/03\/07\/incarnation-et-reincarnation\/#primaryimage"},"thumbnailUrl":"http:\/\/www.ac-am.fr\/wp-content\/uploads\/2015\/09\/barre_rd.gif","articleSection":["1999 \u2013 MORT"],"inLanguage":"fr-FR"},{"@type":"WebPage","@id":"https:\/\/www.ac-am.fr\/index.php\/1999\/03\/07\/incarnation-et-reincarnation\/","url":"https:\/\/www.ac-am.fr\/index.php\/1999\/03\/07\/incarnation-et-reincarnation\/","name":"Incarnation et r\u00e9incarnation. - Autre Conscience, Autre Monde","isPartOf":{"@id":"https:\/\/www.ac-am.fr\/#website"},"primaryImageOfPage":{"@id":"https:\/\/www.ac-am.fr\/index.php\/1999\/03\/07\/incarnation-et-reincarnation\/#primaryimage"},"image":{"@id":"https:\/\/www.ac-am.fr\/index.php\/1999\/03\/07\/incarnation-et-reincarnation\/#primaryimage"},"thumbnailUrl":"http:\/\/www.ac-am.fr\/wp-content\/uploads\/2015\/09\/barre_rd.gif","datePublished":"1999-03-07T21:36:43+00:00","dateModified":"2015-11-18T10:48:28+00:00","breadcrumb":{"@id":"https:\/\/www.ac-am.fr\/index.php\/1999\/03\/07\/incarnation-et-reincarnation\/#breadcrumb"},"inLanguage":"fr-FR","potentialAction":[{"@type":"ReadAction","target":["https:\/\/www.ac-am.fr\/index.php\/1999\/03\/07\/incarnation-et-reincarnation\/"]}]},{"@type":"ImageObject","inLanguage":"fr-FR","@id":"https:\/\/www.ac-am.fr\/index.php\/1999\/03\/07\/incarnation-et-reincarnation\/#primaryimage","url":"https:\/\/www.ac-am.fr\/wp-content\/uploads\/2015\/09\/barre_rd.gif","contentUrl":"https:\/\/www.ac-am.fr\/wp-content\/uploads\/2015\/09\/barre_rd.gif","width":550,"height":7},{"@type":"BreadcrumbList","@id":"https:\/\/www.ac-am.fr\/index.php\/1999\/03\/07\/incarnation-et-reincarnation\/#breadcrumb","itemListElement":[{"@type":"ListItem","position":1,"name":"Accueil","item":"https:\/\/www.ac-am.fr\/"},{"@type":"ListItem","position":2,"name":"Incarnation et r\u00e9incarnation."}]},{"@type":"WebSite","@id":"https:\/\/www.ac-am.fr\/#website","url":"https:\/\/www.ac-am.fr\/","name":"Autre Conscience, Autre Monde","description":"","publisher":{"@id":"https:\/\/www.ac-am.fr\/#organization"},"potentialAction":[{"@type":"SearchAction","target":{"@type":"EntryPoint","urlTemplate":"https:\/\/www.ac-am.fr\/?s={search_term_string}"},"query-input":{"@type":"PropertyValueSpecification","valueRequired":true,"valueName":"search_term_string"}}],"inLanguage":"fr-FR"},{"@type":"Organization","@id":"https:\/\/www.ac-am.fr\/#organization","name":"Autre Conscience, Autre Monde","url":"https:\/\/www.ac-am.fr\/","logo":{"@type":"ImageObject","inLanguage":"fr-FR","@id":"https:\/\/www.ac-am.fr\/#\/schema\/logo\/image\/","url":"https:\/\/www.ac-am.fr\/wp-content\/uploads\/2015\/10\/bd_ac_am.gif","contentUrl":"https:\/\/www.ac-am.fr\/wp-content\/uploads\/2015\/10\/bd_ac_am.gif","width":370,"height":65,"caption":"Autre Conscience, Autre Monde"},"image":{"@id":"https:\/\/www.ac-am.fr\/#\/schema\/logo\/image\/"},"sameAs":["https:\/\/fr-fr.facebook.com\/claude.acam\/","https:\/\/www.youtube.com\/user\/consciencemonde"]},{"@type":"Person","@id":"https:\/\/www.ac-am.fr\/#\/schema\/person\/92952d9d6a60b271f708233612c6f98b","name":"Sony K.","image":{"@type":"ImageObject","inLanguage":"fr-FR","@id":"https:\/\/www.ac-am.fr\/#\/schema\/person\/image\/","url":"https:\/\/secure.gravatar.com\/avatar\/ad26f4383c2ae07b525fda1127d1430b29686888fce9068a4aa794dee3a86867?s=96&d=identicon&r=g","contentUrl":"https:\/\/secure.gravatar.com\/avatar\/ad26f4383c2ae07b525fda1127d1430b29686888fce9068a4aa794dee3a86867?s=96&d=identicon&r=g","caption":"Sony K."},"url":"https:\/\/www.ac-am.fr\/index.php\/author\/sony-k\/"}]}},"_links":{"self":[{"href":"https:\/\/www.ac-am.fr\/index.php\/wp-json\/wp\/v2\/posts\/1793","targetHints":{"allow":["GET"]}}],"collection":[{"href":"https:\/\/www.ac-am.fr\/index.php\/wp-json\/wp\/v2\/posts"}],"about":[{"href":"https:\/\/www.ac-am.fr\/index.php\/wp-json\/wp\/v2\/types\/post"}],"author":[{"embeddable":true,"href":"https:\/\/www.ac-am.fr\/index.php\/wp-json\/wp\/v2\/users\/11"}],"replies":[{"embeddable":true,"href":"https:\/\/www.ac-am.fr\/index.php\/wp-json\/wp\/v2\/comments?post=1793"}],"version-history":[{"count":3,"href":"https:\/\/www.ac-am.fr\/index.php\/wp-json\/wp\/v2\/posts\/1793\/revisions"}],"predecessor-version":[{"id":1796,"href":"https:\/\/www.ac-am.fr\/index.php\/wp-json\/wp\/v2\/posts\/1793\/revisions\/1796"}],"wp:attachment":[{"href":"https:\/\/www.ac-am.fr\/index.php\/wp-json\/wp\/v2\/media?parent=1793"}],"wp:term":[{"taxonomy":"category","embeddable":true,"href":"https:\/\/www.ac-am.fr\/index.php\/wp-json\/wp\/v2\/categories?post=1793"},{"taxonomy":"post_tag","embeddable":true,"href":"https:\/\/www.ac-am.fr\/index.php\/wp-json\/wp\/v2\/tags?post=1793"}],"curies":[{"name":"wp","href":"https:\/\/api.w.org\/{rel}","templated":true}]}}