{"id":2133,"date":"2004-03-06T11:21:48","date_gmt":"2004-03-06T10:21:48","guid":{"rendered":"https:\/\/www.ac-am.fr\/?p=2133"},"modified":"2015-12-19T17:04:51","modified_gmt":"2015-12-19T16:04:51","slug":"une-extraordinaire-relation-entre-deux-mondes","status":"publish","type":"post","link":"https:\/\/www.ac-am.fr\/index.php\/2004\/03\/06\/une-extraordinaire-relation-entre-deux-mondes\/","title":{"rendered":"Une extraordinaire relation entre deux mondes."},"content":{"rendered":"<div id=\"mort\" style=\"background-attachment: fixed; border: 2px solid #FF9900; border-radius: 10px; opacity: 0.90;\">\n<table class=\"aligncenter\" style=\"width: 600px;\" border=\"0\">\n<tbody>\n<tr>\n<td>\n<table class=\"aligncenter\" style=\"width: 567px; height: 190px;\" border=\"0\">\n<tbody>\n<tr>\n<td><img decoding=\"async\" class=\"aligncenter\" src=\"http:\/\/www.ac-am.fr\/wp-content\/uploads\/2015\/09\/barre_rd.gif\" alt=\"\" border=\"0\" \/><\/td>\n<\/tr>\n<tr>\n<td style=\"text-align: left;\"><img loading=\"lazy\" decoding=\"async\" src=\"http:\/\/www.ac-am.fr\/wp-content\/uploads\/2015\/11\/retemort.gif\" alt=\"R\u00e9flexions et T\u00e9moignages\" width=\"380\" height=\"100\" border=\"0\" \/><img loading=\"lazy\" decoding=\"async\" src=\"http:\/\/www.ac-am.fr\/wp-content\/uploads\/2015\/10\/cal2004.gif\" alt=\"Ann\u00e9e 2004\" width=\"150\" height=\"100\" border=\"0\" \/><\/td>\n<\/tr>\n<tr>\n<td><img decoding=\"async\" class=\"aligncenter\" src=\"http:\/\/www.ac-am.fr\/wp-content\/uploads\/2015\/09\/barre_rd.gif\" alt=\"\" border=\"0\" \/><\/td>\n<\/tr>\n<\/tbody>\n<\/table>\n<table class=\"aligncenter\" style=\"width: 590px;\" border=\"0\">\n<tbody>\n<tr>\n<td><a name=\"Marie_Jose01M_mort04_01\"><\/a><b class=\"ntitre1\">Une extraordinaire relation entre deux mondes.<\/b><\/td>\n<\/tr>\n<tr>\n<td colspan=\"2\"><img decoding=\"async\" class=\"aligncenter\" src=\"http:\/\/www.ac-am.fr\/wp-content\/uploads\/2015\/09\/barre_rd.gif\" alt=\"\" border=\"0\" \/><\/td>\n<\/tr>\n<tr>\n<td style=\"text-align: left;\"><span class=\"gmoyen\"><img decoding=\"async\" src=\"http:\/\/www.ac-am.fr\/wp-content\/uploads\/2015\/09\/balle02.gif\" alt=\"\" border=\"0\" \/> Voici mon t\u00e9moignage entier et sinc\u00e8re tel que je l&rsquo;ai relat\u00e9 par \u00e9crit il y a plus de 13 ans, 2 semaines apr\u00e8s le d\u00e9c\u00e8s, \u00e0 46 ans, (accident m\u00e9dical) de mon mari.<br \/>\n Je vous le confie afin qu&rsquo;il apaise des douleurs morales comme il a apais\u00e9 la mienne:<\/span><\/p>\n<p> <span class=\"gmoyen\"><img decoding=\"async\" src=\"http:\/\/www.ac-am.fr\/wp-content\/uploads\/2015\/09\/balle02.gif\" alt=\"\" border=\"0\" \/> Il \u00e9tait environ 6 h 45, j&rsquo;\u00e9tais \u00e9veill\u00e9e depuis environ une heure de temps, lorsque je ressentis une impression tr\u00e8s forte : la pr\u00e9sence d&rsquo;un \u00eatre dans ma chambre (la porte du couloir \u00e9tait entr&rsquo;ouverte et un peu de lumi\u00e8re p\u00e9n\u00e9trait dans la chambre). Cet \u00eatre \u00e9tait debout, au pied de mon lit, il s&rsquo;approcha et se pencha pour s&rsquo;allonger \u00e0 mon c\u00f4t\u00e9, la premi\u00e8re pens\u00e9e qui me vint fut que cela lui serait impossible car j&rsquo;\u00e9tais tout au bord et il n&rsquo;y avait pas de place pr\u00e8s de moi!<\/span><\/p>\n<p> <span class=\"gmoyen\"><img decoding=\"async\" src=\"http:\/\/www.ac-am.fr\/wp-content\/uploads\/2015\/09\/balle02.gif\" alt=\"\" border=\"0\" \/> L&rsquo;\u00eatre s&rsquo;allongea tout pr\u00e8s de moi, comme si le lit \u00e9tait plus large qu&rsquo;en r\u00e9alit\u00e9. il me serra tr\u00e8s fort, je ressentis une joie ineffable de ce que j&rsquo;appelle \u00ab\u00a0une union d&rsquo;\u00e2mes\u00a0\u00bb!<\/span><\/p>\n<p> <span class=\"gmoyen\"><img decoding=\"async\" src=\"http:\/\/www.ac-am.fr\/wp-content\/uploads\/2015\/09\/balle02.gif\" alt=\"\" border=\"0\" \/> Puis je vis ses traits, sa t\u00eate \u00e9tait contre la mienne, nos cheveux se m\u00ealaient, je voyais les moindres d\u00e9tails de son visage tout pr\u00e8s du mien, et je reconnus mon mari. Son regard n&rsquo;\u00e9tait pas dirig\u00e9 vers moi, mais vers le plafond. Il ne parla pas, mais par une sorte de transmission de pens\u00e9e, j&rsquo;entendis sa voix dans ma t\u00eate. Il me donna ce message tr\u00e8s clair. J&rsquo;avais l&rsquo;impression que chaque mot \u00e9tait important et qu&rsquo;aucun terme n&rsquo;\u00e9tait superflu!<\/span><\/p>\n<p> <span class=\"gmoyen\" style=\"color: #99ffcc;\"><img decoding=\"async\" src=\"http:\/\/www.ac-am.fr\/wp-content\/uploads\/2015\/09\/balle02.gif\" alt=\"\" border=\"0\" \/> \u00ab\u00a0Je suis revenu pour te rassurer! J&rsquo;ai \u00e9t\u00e9 oblig\u00e9 de partir, je n&rsquo;avais pas le choix! Mon amour, ne t&rsquo;inqui\u00e8te pas; o\u00f9 que tu sois, je serai toujours pr\u00e8s de toi, je ne t&rsquo;abandonnerai jamais!<br \/>\n Prends ma force, je te la donne, c&rsquo;est la force que j&rsquo;avais ici -bas, elle passe en toi, je t&rsquo;en fais don!\u00a0\u00bb<\/span><\/p>\n<p> <span class=\"gmoyen\"><img decoding=\"async\" src=\"http:\/\/www.ac-am.fr\/wp-content\/uploads\/2015\/09\/balle02.gif\" alt=\"\" border=\"0\" \/> \u00c0 ce moment, il prit ma main, la serra tr\u00e8s fort et je sentis une chaleur intense passer de sa main vers la mienne et remonter dans mon bras. Puis peu \u00e0 peu, la chaleur s&rsquo;att\u00e9nua, disparut&#8230; La pr\u00e9sence se gomma et s&rsquo;effa\u00e7a avec une grande douceur!<\/span><\/p>\n<p> <span class=\"gmoyen\"><img decoding=\"async\" src=\"http:\/\/www.ac-am.fr\/wp-content\/uploads\/2015\/09\/balle02.gif\" alt=\"\" border=\"0\" \/> Depuis le d\u00e9but de cet \u00e9v\u00e9nement, je tentais d&rsquo;appeler ma fille qui se pr\u00e9parait dans la salle d&rsquo;eau voisine. Je n&rsquo;avais qu&rsquo;une id\u00e9e: lui crier: \u00ab\u00a0C\u00e9cile, viens vite, papa est l\u00e0!\u00a0\u00bb Mais malgr\u00e9 tous mes efforts, aucun son ne sortait de ma gorge, qui \u00e9tait absolument paralys\u00e9e comme s&rsquo;il m&rsquo;\u00e9tait interdit d&rsquo;appeler!<br \/>\n Quelques secondes apr\u00e8s la fin de cette apparition, ma gorge se d\u00e9noua et je pus enfin appeler!<\/span><\/p>\n<p> <span class=\"gmoyen\"><img decoding=\"async\" src=\"http:\/\/www.ac-am.fr\/wp-content\/uploads\/2015\/09\/balle02.gif\" alt=\"\" border=\"0\" \/> Aussit\u00f4t, des larmes inond\u00e8rent mon visage, tout \u00e0 la fois d&rsquo;\u00e9motion et de bonheur pour avoir eu la chance de conna\u00eetre cet instant extraordinaire de communion et de bonheur.<\/span><\/p>\n<p> <span class=\"gmoyen\"><img decoding=\"async\" src=\"http:\/\/www.ac-am.fr\/wp-content\/uploads\/2015\/09\/balle02.gif\" alt=\"\" border=\"0\" \/> Ma fille entra dans la chambre, car une voix int\u00e9rieure lui sugg\u00e9rait: \u00ab\u00a0Va voir maman, elle a besoin de toi!\u00a0\u00bb<\/span><\/p>\n<p> <span class=\"gmoyen\" style=\"color: #99ffcc;\"><img decoding=\"async\" src=\"http:\/\/www.ac-am.fr\/wp-content\/uploads\/2015\/09\/balle02.gif\" alt=\"\" border=\"0\" \/> Je dois aussi ajouter que la veille de ces faits, j&rsquo;avais par deux fois et \u00e0 2 personnes diff\u00e9rentes, affirm\u00e9 que je ne craignais nullement de recevoir un signe de l&rsquo;au-del\u00e0, s&rsquo;il existait ! Ce d\u00e9tail me semble important car j&rsquo;ai eu confirmation que signes et dialogues ne sont possibles que si la personne le souhaite sinc\u00e8rement et si elle est pr\u00eate psychiquement (les esprits des \u00eatres chers redoutent de nous effrayer!).<\/span><\/p>\n<p> <span class=\"gmoyen\" style=\"color: #99ffcc;\"><img decoding=\"async\" src=\"http:\/\/www.ac-am.fr\/wp-content\/uploads\/2015\/09\/balle02.gif\" alt=\"\" border=\"0\" \/> Comme preuve de ma bonne foi, je joins \u00e0 cette lettre la r\u00e9ponse que me fit H\u00e9l\u00e8ne Renard<a href=\"http:\/\/www.ac-am.fr\/wp-content\/pdf\/h_renard.pdf\" target=\"_blank\"><img loading=\"lazy\" decoding=\"async\" src=\"http:\/\/www.ac-am.fr\/wp-content\/uploads\/2015\/10\/Adobe_PDF_file_icon_32x32.png\" alt=\"\" width=\"32\" height=\"32\" align=\"absmiddle\" border=\"0\" hspace=\"5\" \/><\/a>(auteur des \u00ab\u00a0R\u00eaves et l&rsquo;au-del\u00e0\u00a0\u00bb Editions Philippe Lebaud et invit\u00e9e quotidienne de la 2\u00e8me cha\u00eene \u00e0 cette \u00e9poque pour ses \u00e9missions concernant les r\u00eaves et autres t\u00e9moignages).<\/span><\/p>\n<p> <span class=\"gmoyen\"><img decoding=\"async\" src=\"http:\/\/www.ac-am.fr\/wp-content\/uploads\/2015\/09\/balle02.gif\" alt=\"\" border=\"0\" \/> Je vous laisse imaginer le r\u00e9confort que m&rsquo;a apport\u00e9 cet \u00e9v\u00e9nement; par la suite j&rsquo;ai eu encore des ann\u00e9es de tristesse, mais plus jamais de d\u00e9sespoir, car je sais que tout ne s&rsquo;arr\u00eate pas \u00e0 la mort du corps physique! Le don de sa \u00ab\u00a0force vitale\u00a0\u00bb (lui qui en avait tant) m&rsquo;a aid\u00e9e en de nombreuses circonstances et je n&rsquo;ai plus jamais dout\u00e9 que nous nous retrouverions un jour!<\/span><\/td>\n<\/tr>\n<tr>\n<td style=\"text-align: right;\"><span class=\"gmoyen\">Cordiales salutations<\/span><\/td>\n<\/tr>\n<tr>\n<td style=\"text-align: left;\"><span class=\"gmoyen\">[<span style=\"color: #fffddd;\"><i><a href=\"boites.htm\">Marie-Jos\u00e9 M. &#8211; le 06-03-04<\/a><\/i><\/span>]<\/span><\/td>\n<\/tr>\n<\/tbody>\n<\/table>\n<\/td>\n<\/tr>\n<\/tbody>\n<\/table>\n<\/div>\n<div style=\"padding-bottom:20px; padding-top:10px;\" class=\"hupso-share-buttons\"><!-- Hupso Share Buttons - https:\/\/www.hupso.com\/share\/ --><a class=\"hupso_toolbar\" href=\"https:\/\/www.hupso.com\/share\/\"><img decoding=\"async\" src=\"https:\/\/static.hupso.com\/share\/buttons\/lang\/fr\/share.png\" style=\"border:0px; padding-top: 5px; float:left;\" alt=\"Share Button\"\/><\/a><script type=\"text\/javascript\">var hupso_services_t=new Array(\"Twitter\",\"Facebook\",\"Google Plus\");var hupso_background_t=\"#EAF4FF\";var hupso_border_t=\"#66CCFF\";var hupso_toolbar_size_t=\"big\";var hupso_image_folder_url = \"\";var hupso_url_t=\"\";var hupso_title_t=\"Une%20extraordinaire%20relation%20entre%20deux%20mondes.\";<\/script><script type=\"text\/javascript\" src=\"https:\/\/static.hupso.com\/share\/js\/share_toolbar.js\"><\/script><!-- Hupso Share Buttons --><\/div>","protected":false},"excerpt":{"rendered":"<p>Une extraordinaire relation entre deux mondes. Voici mon t\u00e9moignage entier et sinc\u00e8re tel que je&#8230;<\/p>\n","protected":false},"author":51,"featured_media":0,"comment_status":"closed","ping_status":"open","sticky":false,"template":"","format":"standard","meta":{"footnotes":""},"categories":[202],"tags":[],"class_list":["post-2133","post","type-post","status-publish","format-standard","hentry","category-2004-mort"],"yoast_head":"<!-- This site is optimized with the Yoast SEO plugin v26.9 - https:\/\/yoast.com\/product\/yoast-seo-wordpress\/ -->\n<title>Une extraordinaire relation entre deux mondes. - Autre Conscience, Autre Monde<\/title>\n<meta name=\"robots\" content=\"index, follow, max-snippet:-1, max-image-preview:large, max-video-preview:-1\" \/>\n<link rel=\"canonical\" href=\"https:\/\/www.ac-am.fr\/index.php\/2004\/03\/06\/une-extraordinaire-relation-entre-deux-mondes\/\" \/>\n<meta property=\"og:locale\" content=\"fr_FR\" \/>\n<meta property=\"og:type\" content=\"article\" \/>\n<meta property=\"og:title\" content=\"Une extraordinaire relation entre deux mondes. - Autre Conscience, Autre Monde\" \/>\n<meta property=\"og:description\" content=\"Une extraordinaire relation entre deux mondes. Voici mon t\u00e9moignage entier et sinc\u00e8re tel que je...\" \/>\n<meta property=\"og:url\" content=\"https:\/\/www.ac-am.fr\/index.php\/2004\/03\/06\/une-extraordinaire-relation-entre-deux-mondes\/\" \/>\n<meta property=\"og:site_name\" content=\"Autre Conscience, Autre Monde\" \/>\n<meta property=\"article:publisher\" content=\"https:\/\/fr-fr.facebook.com\/claude.acam\/\" \/>\n<meta property=\"article:published_time\" content=\"2004-03-06T10:21:48+00:00\" \/>\n<meta property=\"article:modified_time\" content=\"2015-12-19T16:04:51+00:00\" \/>\n<meta property=\"og:image\" content=\"http:\/\/www.ac-am.fr\/wp-content\/uploads\/2015\/09\/barre_rd.gif\" \/>\n<meta name=\"author\" content=\"Marie-Jose Mauny\" \/>\n<meta name=\"twitter:card\" content=\"summary_large_image\" \/>\n<meta name=\"twitter:label1\" content=\"\u00c9crit par\" \/>\n\t<meta name=\"twitter:data1\" content=\"Marie-Jose Mauny\" \/>\n\t<meta name=\"twitter:label2\" content=\"Dur\u00e9e de lecture estim\u00e9e\" \/>\n\t<meta name=\"twitter:data2\" content=\"4 minutes\" \/>\n<script type=\"application\/ld+json\" class=\"yoast-schema-graph\">{\"@context\":\"https:\/\/schema.org\",\"@graph\":[{\"@type\":\"Article\",\"@id\":\"https:\/\/www.ac-am.fr\/index.php\/2004\/03\/06\/une-extraordinaire-relation-entre-deux-mondes\/#article\",\"isPartOf\":{\"@id\":\"https:\/\/www.ac-am.fr\/index.php\/2004\/03\/06\/une-extraordinaire-relation-entre-deux-mondes\/\"},\"author\":{\"name\":\"Marie-Jose Mauny\",\"@id\":\"https:\/\/www.ac-am.fr\/#\/schema\/person\/405f2a3fa80eda2d38443383bcbb8de6\"},\"headline\":\"Une extraordinaire relation entre deux mondes.\",\"datePublished\":\"2004-03-06T10:21:48+00:00\",\"dateModified\":\"2015-12-19T16:04:51+00:00\",\"mainEntityOfPage\":{\"@id\":\"https:\/\/www.ac-am.fr\/index.php\/2004\/03\/06\/une-extraordinaire-relation-entre-deux-mondes\/\"},\"wordCount\":772,\"publisher\":{\"@id\":\"https:\/\/www.ac-am.fr\/#organization\"},\"image\":{\"@id\":\"https:\/\/www.ac-am.fr\/index.php\/2004\/03\/06\/une-extraordinaire-relation-entre-deux-mondes\/#primaryimage\"},\"thumbnailUrl\":\"http:\/\/www.ac-am.fr\/wp-content\/uploads\/2015\/09\/barre_rd.gif\",\"articleSection\":[\"2004 \u2013 MORT\"],\"inLanguage\":\"fr-FR\"},{\"@type\":\"WebPage\",\"@id\":\"https:\/\/www.ac-am.fr\/index.php\/2004\/03\/06\/une-extraordinaire-relation-entre-deux-mondes\/\",\"url\":\"https:\/\/www.ac-am.fr\/index.php\/2004\/03\/06\/une-extraordinaire-relation-entre-deux-mondes\/\",\"name\":\"Une extraordinaire relation entre deux mondes. - Autre Conscience, Autre Monde\",\"isPartOf\":{\"@id\":\"https:\/\/www.ac-am.fr\/#website\"},\"primaryImageOfPage\":{\"@id\":\"https:\/\/www.ac-am.fr\/index.php\/2004\/03\/06\/une-extraordinaire-relation-entre-deux-mondes\/#primaryimage\"},\"image\":{\"@id\":\"https:\/\/www.ac-am.fr\/index.php\/2004\/03\/06\/une-extraordinaire-relation-entre-deux-mondes\/#primaryimage\"},\"thumbnailUrl\":\"http:\/\/www.ac-am.fr\/wp-content\/uploads\/2015\/09\/barre_rd.gif\",\"datePublished\":\"2004-03-06T10:21:48+00:00\",\"dateModified\":\"2015-12-19T16:04:51+00:00\",\"breadcrumb\":{\"@id\":\"https:\/\/www.ac-am.fr\/index.php\/2004\/03\/06\/une-extraordinaire-relation-entre-deux-mondes\/#breadcrumb\"},\"inLanguage\":\"fr-FR\",\"potentialAction\":[{\"@type\":\"ReadAction\",\"target\":[\"https:\/\/www.ac-am.fr\/index.php\/2004\/03\/06\/une-extraordinaire-relation-entre-deux-mondes\/\"]}]},{\"@type\":\"ImageObject\",\"inLanguage\":\"fr-FR\",\"@id\":\"https:\/\/www.ac-am.fr\/index.php\/2004\/03\/06\/une-extraordinaire-relation-entre-deux-mondes\/#primaryimage\",\"url\":\"https:\/\/www.ac-am.fr\/wp-content\/uploads\/2015\/09\/barre_rd.gif\",\"contentUrl\":\"https:\/\/www.ac-am.fr\/wp-content\/uploads\/2015\/09\/barre_rd.gif\",\"width\":550,\"height\":7},{\"@type\":\"BreadcrumbList\",\"@id\":\"https:\/\/www.ac-am.fr\/index.php\/2004\/03\/06\/une-extraordinaire-relation-entre-deux-mondes\/#breadcrumb\",\"itemListElement\":[{\"@type\":\"ListItem\",\"position\":1,\"name\":\"Accueil\",\"item\":\"https:\/\/www.ac-am.fr\/\"},{\"@type\":\"ListItem\",\"position\":2,\"name\":\"Une extraordinaire relation entre deux mondes.\"}]},{\"@type\":\"WebSite\",\"@id\":\"https:\/\/www.ac-am.fr\/#website\",\"url\":\"https:\/\/www.ac-am.fr\/\",\"name\":\"Autre Conscience, Autre Monde\",\"description\":\"\",\"publisher\":{\"@id\":\"https:\/\/www.ac-am.fr\/#organization\"},\"potentialAction\":[{\"@type\":\"SearchAction\",\"target\":{\"@type\":\"EntryPoint\",\"urlTemplate\":\"https:\/\/www.ac-am.fr\/?s={search_term_string}\"},\"query-input\":{\"@type\":\"PropertyValueSpecification\",\"valueRequired\":true,\"valueName\":\"search_term_string\"}}],\"inLanguage\":\"fr-FR\"},{\"@type\":\"Organization\",\"@id\":\"https:\/\/www.ac-am.fr\/#organization\",\"name\":\"Autre Conscience, Autre Monde\",\"url\":\"https:\/\/www.ac-am.fr\/\",\"logo\":{\"@type\":\"ImageObject\",\"inLanguage\":\"fr-FR\",\"@id\":\"https:\/\/www.ac-am.fr\/#\/schema\/logo\/image\/\",\"url\":\"https:\/\/www.ac-am.fr\/wp-content\/uploads\/2015\/10\/bd_ac_am.gif\",\"contentUrl\":\"https:\/\/www.ac-am.fr\/wp-content\/uploads\/2015\/10\/bd_ac_am.gif\",\"width\":370,\"height\":65,\"caption\":\"Autre Conscience, Autre Monde\"},\"image\":{\"@id\":\"https:\/\/www.ac-am.fr\/#\/schema\/logo\/image\/\"},\"sameAs\":[\"https:\/\/fr-fr.facebook.com\/claude.acam\/\",\"https:\/\/www.youtube.com\/user\/consciencemonde\"]},{\"@type\":\"Person\",\"@id\":\"https:\/\/www.ac-am.fr\/#\/schema\/person\/405f2a3fa80eda2d38443383bcbb8de6\",\"name\":\"Marie-Jose Mauny\",\"image\":{\"@type\":\"ImageObject\",\"inLanguage\":\"fr-FR\",\"@id\":\"https:\/\/www.ac-am.fr\/#\/schema\/person\/image\/\",\"url\":\"https:\/\/secure.gravatar.com\/avatar\/54d36e30e54bb1fe6e8e9eb4125e00a440d07951166ad86452196032d8e7879e?s=96&d=identicon&r=g\",\"contentUrl\":\"https:\/\/secure.gravatar.com\/avatar\/54d36e30e54bb1fe6e8e9eb4125e00a440d07951166ad86452196032d8e7879e?s=96&d=identicon&r=g\",\"caption\":\"Marie-Jose Mauny\"},\"url\":\"https:\/\/www.ac-am.fr\/index.php\/author\/marie-jose-mauny\/\"}]}<\/script>\n<!-- \/ Yoast SEO plugin. -->","yoast_head_json":{"title":"Une extraordinaire relation entre deux mondes. - Autre Conscience, Autre Monde","robots":{"index":"index","follow":"follow","max-snippet":"max-snippet:-1","max-image-preview":"max-image-preview:large","max-video-preview":"max-video-preview:-1"},"canonical":"https:\/\/www.ac-am.fr\/index.php\/2004\/03\/06\/une-extraordinaire-relation-entre-deux-mondes\/","og_locale":"fr_FR","og_type":"article","og_title":"Une extraordinaire relation entre deux mondes. - Autre Conscience, Autre Monde","og_description":"Une extraordinaire relation entre deux mondes. Voici mon t\u00e9moignage entier et sinc\u00e8re tel que je...","og_url":"https:\/\/www.ac-am.fr\/index.php\/2004\/03\/06\/une-extraordinaire-relation-entre-deux-mondes\/","og_site_name":"Autre Conscience, Autre Monde","article_publisher":"https:\/\/fr-fr.facebook.com\/claude.acam\/","article_published_time":"2004-03-06T10:21:48+00:00","article_modified_time":"2015-12-19T16:04:51+00:00","og_image":[{"url":"http:\/\/www.ac-am.fr\/wp-content\/uploads\/2015\/09\/barre_rd.gif","type":"","width":"","height":""}],"author":"Marie-Jose Mauny","twitter_card":"summary_large_image","twitter_misc":{"\u00c9crit par":"Marie-Jose Mauny","Dur\u00e9e de lecture estim\u00e9e":"4 minutes"},"schema":{"@context":"https:\/\/schema.org","@graph":[{"@type":"Article","@id":"https:\/\/www.ac-am.fr\/index.php\/2004\/03\/06\/une-extraordinaire-relation-entre-deux-mondes\/#article","isPartOf":{"@id":"https:\/\/www.ac-am.fr\/index.php\/2004\/03\/06\/une-extraordinaire-relation-entre-deux-mondes\/"},"author":{"name":"Marie-Jose Mauny","@id":"https:\/\/www.ac-am.fr\/#\/schema\/person\/405f2a3fa80eda2d38443383bcbb8de6"},"headline":"Une extraordinaire relation entre deux mondes.","datePublished":"2004-03-06T10:21:48+00:00","dateModified":"2015-12-19T16:04:51+00:00","mainEntityOfPage":{"@id":"https:\/\/www.ac-am.fr\/index.php\/2004\/03\/06\/une-extraordinaire-relation-entre-deux-mondes\/"},"wordCount":772,"publisher":{"@id":"https:\/\/www.ac-am.fr\/#organization"},"image":{"@id":"https:\/\/www.ac-am.fr\/index.php\/2004\/03\/06\/une-extraordinaire-relation-entre-deux-mondes\/#primaryimage"},"thumbnailUrl":"http:\/\/www.ac-am.fr\/wp-content\/uploads\/2015\/09\/barre_rd.gif","articleSection":["2004 \u2013 MORT"],"inLanguage":"fr-FR"},{"@type":"WebPage","@id":"https:\/\/www.ac-am.fr\/index.php\/2004\/03\/06\/une-extraordinaire-relation-entre-deux-mondes\/","url":"https:\/\/www.ac-am.fr\/index.php\/2004\/03\/06\/une-extraordinaire-relation-entre-deux-mondes\/","name":"Une extraordinaire relation entre deux mondes. - Autre Conscience, Autre Monde","isPartOf":{"@id":"https:\/\/www.ac-am.fr\/#website"},"primaryImageOfPage":{"@id":"https:\/\/www.ac-am.fr\/index.php\/2004\/03\/06\/une-extraordinaire-relation-entre-deux-mondes\/#primaryimage"},"image":{"@id":"https:\/\/www.ac-am.fr\/index.php\/2004\/03\/06\/une-extraordinaire-relation-entre-deux-mondes\/#primaryimage"},"thumbnailUrl":"http:\/\/www.ac-am.fr\/wp-content\/uploads\/2015\/09\/barre_rd.gif","datePublished":"2004-03-06T10:21:48+00:00","dateModified":"2015-12-19T16:04:51+00:00","breadcrumb":{"@id":"https:\/\/www.ac-am.fr\/index.php\/2004\/03\/06\/une-extraordinaire-relation-entre-deux-mondes\/#breadcrumb"},"inLanguage":"fr-FR","potentialAction":[{"@type":"ReadAction","target":["https:\/\/www.ac-am.fr\/index.php\/2004\/03\/06\/une-extraordinaire-relation-entre-deux-mondes\/"]}]},{"@type":"ImageObject","inLanguage":"fr-FR","@id":"https:\/\/www.ac-am.fr\/index.php\/2004\/03\/06\/une-extraordinaire-relation-entre-deux-mondes\/#primaryimage","url":"https:\/\/www.ac-am.fr\/wp-content\/uploads\/2015\/09\/barre_rd.gif","contentUrl":"https:\/\/www.ac-am.fr\/wp-content\/uploads\/2015\/09\/barre_rd.gif","width":550,"height":7},{"@type":"BreadcrumbList","@id":"https:\/\/www.ac-am.fr\/index.php\/2004\/03\/06\/une-extraordinaire-relation-entre-deux-mondes\/#breadcrumb","itemListElement":[{"@type":"ListItem","position":1,"name":"Accueil","item":"https:\/\/www.ac-am.fr\/"},{"@type":"ListItem","position":2,"name":"Une extraordinaire relation entre deux mondes."}]},{"@type":"WebSite","@id":"https:\/\/www.ac-am.fr\/#website","url":"https:\/\/www.ac-am.fr\/","name":"Autre Conscience, Autre Monde","description":"","publisher":{"@id":"https:\/\/www.ac-am.fr\/#organization"},"potentialAction":[{"@type":"SearchAction","target":{"@type":"EntryPoint","urlTemplate":"https:\/\/www.ac-am.fr\/?s={search_term_string}"},"query-input":{"@type":"PropertyValueSpecification","valueRequired":true,"valueName":"search_term_string"}}],"inLanguage":"fr-FR"},{"@type":"Organization","@id":"https:\/\/www.ac-am.fr\/#organization","name":"Autre Conscience, Autre Monde","url":"https:\/\/www.ac-am.fr\/","logo":{"@type":"ImageObject","inLanguage":"fr-FR","@id":"https:\/\/www.ac-am.fr\/#\/schema\/logo\/image\/","url":"https:\/\/www.ac-am.fr\/wp-content\/uploads\/2015\/10\/bd_ac_am.gif","contentUrl":"https:\/\/www.ac-am.fr\/wp-content\/uploads\/2015\/10\/bd_ac_am.gif","width":370,"height":65,"caption":"Autre Conscience, Autre Monde"},"image":{"@id":"https:\/\/www.ac-am.fr\/#\/schema\/logo\/image\/"},"sameAs":["https:\/\/fr-fr.facebook.com\/claude.acam\/","https:\/\/www.youtube.com\/user\/consciencemonde"]},{"@type":"Person","@id":"https:\/\/www.ac-am.fr\/#\/schema\/person\/405f2a3fa80eda2d38443383bcbb8de6","name":"Marie-Jose Mauny","image":{"@type":"ImageObject","inLanguage":"fr-FR","@id":"https:\/\/www.ac-am.fr\/#\/schema\/person\/image\/","url":"https:\/\/secure.gravatar.com\/avatar\/54d36e30e54bb1fe6e8e9eb4125e00a440d07951166ad86452196032d8e7879e?s=96&d=identicon&r=g","contentUrl":"https:\/\/secure.gravatar.com\/avatar\/54d36e30e54bb1fe6e8e9eb4125e00a440d07951166ad86452196032d8e7879e?s=96&d=identicon&r=g","caption":"Marie-Jose Mauny"},"url":"https:\/\/www.ac-am.fr\/index.php\/author\/marie-jose-mauny\/"}]}},"_links":{"self":[{"href":"https:\/\/www.ac-am.fr\/index.php\/wp-json\/wp\/v2\/posts\/2133","targetHints":{"allow":["GET"]}}],"collection":[{"href":"https:\/\/www.ac-am.fr\/index.php\/wp-json\/wp\/v2\/posts"}],"about":[{"href":"https:\/\/www.ac-am.fr\/index.php\/wp-json\/wp\/v2\/types\/post"}],"author":[{"embeddable":true,"href":"https:\/\/www.ac-am.fr\/index.php\/wp-json\/wp\/v2\/users\/51"}],"replies":[{"embeddable":true,"href":"https:\/\/www.ac-am.fr\/index.php\/wp-json\/wp\/v2\/comments?post=2133"}],"version-history":[{"count":4,"href":"https:\/\/www.ac-am.fr\/index.php\/wp-json\/wp\/v2\/posts\/2133\/revisions"}],"predecessor-version":[{"id":2138,"href":"https:\/\/www.ac-am.fr\/index.php\/wp-json\/wp\/v2\/posts\/2133\/revisions\/2138"}],"wp:attachment":[{"href":"https:\/\/www.ac-am.fr\/index.php\/wp-json\/wp\/v2\/media?parent=2133"}],"wp:term":[{"taxonomy":"category","embeddable":true,"href":"https:\/\/www.ac-am.fr\/index.php\/wp-json\/wp\/v2\/categories?post=2133"},{"taxonomy":"post_tag","embeddable":true,"href":"https:\/\/www.ac-am.fr\/index.php\/wp-json\/wp\/v2\/tags?post=2133"}],"curies":[{"name":"wp","href":"https:\/\/api.w.org\/{rel}","templated":true}]}}