{"id":2294,"date":"1998-11-06T20:14:40","date_gmt":"1998-11-06T19:14:40","guid":{"rendered":"https:\/\/www.ac-am.fr\/?p=2294"},"modified":"2015-12-11T22:50:21","modified_gmt":"2015-12-11T21:50:21","slug":"sur-le-chemin-de-la-conscience","status":"publish","type":"post","link":"https:\/\/www.ac-am.fr\/index.php\/1998\/11\/06\/sur-le-chemin-de-la-conscience\/","title":{"rendered":"Sur le chemin de la conscience."},"content":{"rendered":"<div id=\"pouvoir\" style=\"background-attachment: fixed; border: 2px solid #dfe6de; border-radius: 10px; opacity: 0.90;\">\n<table class=\"aligncenter\" style=\"width: 600px;\" border=\"0\">\n<tbody>\n<tr>\n<td>\n<table class=\"aligncenter\" style=\"width: 567px; height: 190px;\" border=\"0\">\n<tbody>\n<tr>\n<td><img decoding=\"async\" class=\"aligncenter\" src=\"http:\/\/www.ac-am.fr\/wp-content\/uploads\/2015\/09\/barre_mr.gif\" alt=\"\" border=\"0\" \/><\/td>\n<\/tr>\n<tr>\n<td style=\"text-align: left;\"><img loading=\"lazy\" decoding=\"async\" src=\"http:\/\/www.ac-am.fr\/wp-content\/uploads\/2015\/10\/retepouv.gif\" alt=\"R\u00e9flexions et T\u00e9moignages\" width=\"380\" height=\"100\" border=\"0\" \/><img loading=\"lazy\" decoding=\"async\" src=\"http:\/\/www.ac-am.fr\/wp-content\/uploads\/2015\/10\/cal1998.gif\" alt=\"Ann\u00e9e 1998\" width=\"150\" height=\"100\" border=\"0\" \/><\/td>\n<\/tr>\n<tr>\n<td><img decoding=\"async\" class=\"aligncenter\" src=\"http:\/\/www.ac-am.fr\/wp-content\/uploads\/2015\/09\/barre_mr.gif\" alt=\"\" border=\"0\" \/><\/td>\n<\/tr>\n<\/tbody>\n<\/table>\n<table class=\"aligncenter\" style=\"width: 590px;\" border=\"0\">\n<tbody>\n<tr>\n<td><a name=\"Claude_D01_pouv98_01\"><\/a><b class=\"ntitre1\">Sur le chemin de la conscience.<\/b><\/td>\n<\/tr>\n<tr>\n<td colspan=\"2\"><img decoding=\"async\" class=\"aligncenter\" src=\"http:\/\/www.ac-am.fr\/wp-content\/uploads\/2015\/09\/barre_mr.gif\" alt=\"\" border=\"0\" \/><\/td>\n<\/tr>\n<tr>\n<td style=\"text-align: left;\"><span class=\"gmoyen\"><img decoding=\"async\" src=\"http:\/\/www.ac-am.fr\/wp-content\/uploads\/2015\/09\/ball_bf.gif\" alt=\"\" border=\"0\" \/> Claude, je suis content de savoir que tu t&rsquo;int\u00e9resses au d\u00e9veloppement de la conscience&#8230;<\/span><\/p>\n<p> <span class=\"gmoyen\"><img decoding=\"async\" src=\"http:\/\/www.ac-am.fr\/wp-content\/uploads\/2015\/09\/ball_bf.gif\" alt=\"\" border=\"0\" \/> Moi aussi \u00e7a fait longtemps&#8230; 10 ans environs et j&rsquo;ai 25 ans alors j&rsquo;ai commenc\u00e9 jeune, tu t&rsquo;imagines&#8230;<\/span><\/p>\n<p> <span class=\"gmoyen\"><img decoding=\"async\" src=\"http:\/\/www.ac-am.fr\/wp-content\/uploads\/2015\/09\/ball_bf.gif\" alt=\"\" border=\"0\" \/> Je m&rsquo;int\u00e9resse beaucoup aux \u00e9tats modifi\u00e9s de conscience, \u00e0 la peur, au doute, tout ce qui est l&rsquo;ombre, la lumi\u00e8re de l&rsquo;humain, tout ce que fuit l&rsquo;humain sans le savoir ou se l&rsquo;avouer et j&rsquo;y trouve les plus grandes r\u00e9ponses&#8230; Et les plus petites.<\/span><\/p>\n<p> <span class=\"gmoyen\"><img decoding=\"async\" src=\"http:\/\/www.ac-am.fr\/wp-content\/uploads\/2015\/09\/ball_bf.gif\" alt=\"\" border=\"0\" \/> J&rsquo;ai besoin d&rsquo;ami(e)s pour partager, pour raffermir en moi cette recherche et la faire \u00ab\u00a0descendre\u00a0\u00bb encore plus dans ma conscience, par des gens qui l&rsquo;expliquent avec des mots diff\u00e9rents, qui l&rsquo;approchent par diff\u00e9rentes nuances ou exp\u00e9riences&#8230; Plus on la concr\u00e9tise plus on l&rsquo;int\u00e8gre dans notre conscience et moins il y a de blocages d&rsquo;\u00e9nergie. L&rsquo;\u00e9nergie circule alors rapidement, d\u00e9fait les blocages car elle circule mieux et nous pousse \u00e0 aller plus loin&#8230; C&rsquo;est ce qui est compris clairement et facilement dans nos niveaux sup\u00e9rieurs de conscience.<\/span><\/p>\n<p> <span class=\"gmoyen\"><img decoding=\"async\" src=\"http:\/\/www.ac-am.fr\/wp-content\/uploads\/2015\/09\/ball_bf.gif\" alt=\"\" border=\"0\" \/> Il existe des dimensions plus sombres de notre \u00eatre vu par l&rsquo;ego qui d\u00e9forme la r\u00e9alit\u00e9 parce que dans la vraie r\u00e9alit\u00e9 de la conscience neutre, il y a ce qui n&rsquo;est point (pas d&rsquo;obscurit\u00e9 ni de lumi\u00e8re, ni chaud, ni froid, ni haut, ni bas). Ce qui est, transcende les lois de la relativit\u00e9 et les pol\u00e9miques qui y sont li\u00e9es n&rsquo;ont pas de raison d&rsquo;\u00eatre. Il n&rsquo;y a plus de relativit\u00e9, il y a ce qui est, la polarit\u00e9 n&rsquo;existe plus. (bien, mal, beau, laid, chaud, froid, etc\u2026)<\/span><\/p>\n<p> <span class=\"gmoyen\"><img decoding=\"async\" src=\"http:\/\/www.ac-am.fr\/wp-content\/uploads\/2015\/09\/ball_bf.gif\" alt=\"\" border=\"0\" \/> On ne peut comparer une chose \u00e0 elle-m\u00eame, c&rsquo;est la seule chose qui existe. Un exemple : une chose est comme elle est et la comparer \u00e0 ce qu&rsquo;elle devrait \u00eatre est sans fondement, elle est comme elle est et ne peut-\u00eatre autrement dans l&rsquo;instant pr\u00e9sent.<\/span><\/p>\n<p> <span class=\"gmoyen\"><img decoding=\"async\" src=\"http:\/\/www.ac-am.fr\/wp-content\/uploads\/2015\/09\/ball_bf.gif\" alt=\"\" border=\"0\" \/> Un autre exemple : cette personne est aussi belle qu&rsquo;elle est&#8230; On ne peut dire qu&rsquo;un \u00eatre est plus beau qu&rsquo;un autre car la beaut\u00e9 est relative \u00e0 nos besoin, nos crit\u00e8res. Plus on aime une personne plus elle devient belle. Un exemple concret : la belle et la b\u00eate est un film tr\u00e8s subjectif c&rsquo;est pour cela qu&rsquo;il n&rsquo;a pas d&rsquo;absolue v\u00e9rit\u00e9&#8230; C&rsquo;est ce qui fait que tous les go\u00fbts sont dans la nature&#8230;<\/span><\/p>\n<p> <span class=\"gmoyen\"><img decoding=\"async\" src=\"http:\/\/www.ac-am.fr\/wp-content\/uploads\/2015\/09\/ball_bf.gif\" alt=\"\" border=\"0\" \/> Souvent il nous faut nous le r\u00e9p\u00e9ter longtemps pour que la compr\u00e9hension d&rsquo;une information soit d\u00e9cod\u00e9e. Elle pourra ainsi s&rsquo;int\u00e9grer dans notre corps pas seulement dans notre \u00ab\u00a0t\u00eate\u00a0\u00bb , mais de la t\u00eate au pied comme on dit ! avant qu&rsquo;elle fasse vraiment partie de nous, en tout cas pour moi&#8230;<\/span><\/p>\n<p> <span class=\"gmoyen\"><img decoding=\"async\" src=\"http:\/\/www.ac-am.fr\/wp-content\/uploads\/2015\/09\/ball_bf.gif\" alt=\"\" border=\"0\" \/> Car dans notre \u00ab\u00a0t\u00eate\u00a0\u00bb on sait bien des chose mais dans nos \u00e9motions souvent la compr\u00e9hension n&rsquo;a pas \u00e9t\u00e9 assimil\u00e9e, appliqu\u00e9e, int\u00e9gr\u00e9e, conscientis\u00e9e&#8230; Cela on peut le savoir par le ressenti, par la v\u00e9rification dans l&rsquo;exp\u00e9rience et m\u00eame \u00e0 ce point, quand nous utilisons notre ressenti nous avons besoin encore de nous r\u00e9-impr\u00e9gner de certaines prises de conscience r\u00e9p\u00e9t\u00e9es, (C&rsquo;est parfois long et difficile mais c&rsquo;est une bonne fa\u00e7on de r\u00e9agir. C&rsquo;est une m\u00e9canique qui est comme cela de toute fa\u00e7on), et en plus nos \u00e9nergie serons plac\u00e9es de la meilleure fa\u00e7on pour se d\u00e9velopper, pour travailler en notre faveur&#8230;<\/span><\/p>\n<p> <span class=\"gmoyen\"><img decoding=\"async\" src=\"http:\/\/www.ac-am.fr\/wp-content\/uploads\/2015\/09\/ball_bf.gif\" alt=\"\" border=\"0\" \/> Comme l&rsquo;amour de soi et des autres, le non jugement de soi et des autres, l&rsquo;acceptation de notre \u00e9volution, de notre conscience comme elle est pour le moment, puis en travaillant sur la prise de conscience&#8230;<\/span><\/p>\n<p> <span class=\"gmoyen\"><img decoding=\"async\" src=\"http:\/\/www.ac-am.fr\/wp-content\/uploads\/2015\/09\/ball_bf.gif\" alt=\"\" border=\"0\" \/> M\u00eame si on le fait avec notre coeur et notre \u00ab\u00a0t\u00eate\u00a0\u00bb mais pas seulement dans notre \u00ab\u00a0t\u00eate\u00a0\u00bb, ce n&rsquo;est pas n\u00e9cessairement termin\u00e9, enregistr\u00e9, dans notre ADN, il y a alors une mutation \u00e0 effectuer et cela n&rsquo;est pas de la science-fiction, c&rsquo;est bien r\u00e9el&#8230; Un exemple : lorsque j&rsquo;ai peur qu&rsquo;une personne me trouve laide c&rsquo;est que moi-m\u00eame je suis en \u00e9tat d&rsquo;ins\u00e9curit\u00e9 face \u00e0 ma beaut\u00e9&#8230; <\/span><\/p>\n<p> <span class=\"gmoyen\"><img decoding=\"async\" src=\"http:\/\/www.ac-am.fr\/wp-content\/uploads\/2015\/09\/ball_bf.gif\" alt=\"\" border=\"0\" \/> La d\u00e9finition de cela c&rsquo;est qu&rsquo;on se dit : \u00ab\u00a0je n&rsquo;aurais pas du faire cela, je suis donc bien na\u00efve !\u00a0\u00bb, ou quand on se dit \u00ab\u00a0je savais que je n&rsquo;aurais pas du faire cela&#8230;\u00a0\u00bb, alors pourquoi l&rsquo;ai-je fait ?<\/span><\/p>\n<p> <span class=\"gmoyen\"><img decoding=\"async\" src=\"http:\/\/www.ac-am.fr\/wp-content\/uploads\/2015\/09\/ball_bf.gif\" alt=\"\" border=\"0\" \/> Certaines prises de conscience : \u00ab\u00a0je le savais, je n&rsquo;aurais pas du faire cela\u2026\u00a0\u00bb, ou on demande \u00e0 notre corps d&rsquo;ex\u00e9cuter certaines fonctions et il en ex\u00e9cute le contraire\u2026 Tout ceux qui ont fait des arts martiaux, l&rsquo;art de ma\u00eetriser le corps et l&rsquo;esprit pourraient nous donner des anecdotes plus pr\u00e9cises&#8230; On commence par se taper sur la t\u00eate&#8230; Souvent les gens se d\u00e9couragent et ont l&rsquo;impression qu&rsquo;ils n&rsquo;ont rien appris, qu&rsquo;ils n&rsquo;ont pas su avancer ou qu&rsquo;ils ont eu l&rsquo;illusion de comprendre&#8230;et se d\u00e9valoriser (ou s&rsquo;abaisser).<\/span><\/p>\n<p> <span class=\"gmoyen\"><img decoding=\"async\" src=\"http:\/\/www.ac-am.fr\/wp-content\/uploads\/2015\/09\/ball_bf.gif\" alt=\"\" border=\"0\" \/> Alors que souvent ce n&rsquo;est pas vrai. Ils ont compris quand ils ont compris, avanc\u00e9, \u00e9volu\u00e9. C&rsquo;\u00e9tait vrai dans l&rsquo;air leur milieu dans leur \u00ab\u00a0atmosph\u00e8re psychique\u00a0\u00bb, dans le corps. En r\u00e9alit\u00e9 c&rsquo;est que la fusion avec leur \u00ab\u00a0t\u00eate\u00a0\u00bb et leurs \u00e9motions ne c&rsquo;est pas faite \u00e0 100% dans leur ego et la pluralit\u00e9 des petites voies que l&rsquo;on incarne&#8230; certains diront que la fusion avec le double \u00e9th\u00e9rique ne s&rsquo;est pas effectu\u00e9e&#8230;<\/span><\/p>\n<p> <span class=\"gmoyen\"><img decoding=\"async\" src=\"http:\/\/www.ac-am.fr\/wp-content\/uploads\/2015\/09\/ball_bf.gif\" alt=\"\" border=\"0\" \/> C&rsquo;est que la transmutation des \u00e9nergies ne s&rsquo;est pas effectu\u00e9e dans le corps des cellules, ce que l&rsquo;on appelle commun\u00e9ment : LA CELLULARISATION&#8230;<\/span><\/p>\n<p> <span class=\"gmoyen\"><img decoding=\"async\" src=\"http:\/\/www.ac-am.fr\/wp-content\/uploads\/2015\/09\/ball_bf.gif\" alt=\"\" border=\"0\" \/> L&rsquo;adaptation des \u00e9motions \u00e0 la conscience ne s&rsquo;est pas effectu\u00e9e, elle n&rsquo;a pas eu le temps, l&rsquo;espace de suivre car la vitesse du mental a int\u00e9gr\u00e9 les choses beaucoup plus rapidement que les \u00e9motions ne peuvent le faire&#8230;<\/span><\/p>\n<p> <span class=\"gmoyen\"><img decoding=\"async\" src=\"http:\/\/www.ac-am.fr\/wp-content\/uploads\/2015\/09\/ball_bf.gif\" alt=\"\" border=\"0\" \/> C&rsquo;est pour cela qu&rsquo;en th\u00e9rapie souvent un individu va avoir une prise de conscience et il va \u00eatre estomaqu\u00e9, il faudra faire une pose dans ses \u00e9motions.<\/span><\/p>\n<p> <span class=\"gmoyen\"><img decoding=\"async\" src=\"http:\/\/www.ac-am.fr\/wp-content\/uploads\/2015\/09\/ball_bf.gif\" alt=\"\" border=\"0\" \/> Dans son mental il comprendra facilement, mais les \u00e9motions ne suivent pas il a besoin de les int\u00e9grer car dans le corps il y a vraiment une division cellulaire qui se fait, c&rsquo;est physique, la chimie du corps change et cela demande une certaine adaptation et c&rsquo;est important d&rsquo;\u00eatre r\u00e9ceptif pour ne pas vivre sa prise de conscience uniquement dans sa t\u00eate ou uniquement dans ses \u00e9motions. Cela demande un certain discernement.<\/span><\/p>\n<p> <span class=\"gmoyen\"><img decoding=\"async\" src=\"http:\/\/www.ac-am.fr\/wp-content\/uploads\/2015\/09\/ball_bf.gif\" alt=\"\" border=\"0\" \/> C&rsquo;est souvent ce que les gens oublis ou n&rsquo;ont pas cette prise de conscience&#8230; ils se tapent sur la t\u00eate pourtant, il y a eu un avancement. C&rsquo;est que ces personnes ne comprennent pas le processus, et c&rsquo;est normal\u2026Cela se transforme ainsi en une involution, en d\u00e9pression etc\u2026<\/span><\/p>\n<p> <span class=\"gmoyen\"><img decoding=\"async\" src=\"http:\/\/www.ac-am.fr\/wp-content\/uploads\/2015\/09\/ball_bf.gif\" alt=\"\" border=\"0\" \/> Un dernier d\u00e9tail; Il y a des gens qui apprennent des choses et c&rsquo;est \u00ab\u00a0r\u00e9cup\u00e9r\u00e9\u00a0\u00bb par leur orgueil, leur ego, lorsqu&rsquo;il y a une prise de conscience, cela ne se vit plus au niveau du mental, de la conscience mais des \u00e9motions de l&rsquo;ego lui-m\u00eame. Enfin le plus important dans tout cela c&rsquo;est de vivre un jour \u00e0 la fois, d&rsquo;\u00eatre bien entour\u00e9 et de s&rsquo;\u00e9couter\u2026<\/span><\/p>\n<p> <span class=\"gmoyen\"><i>[<a href=\"boites.htm#Claude01_D\">Claude D. &#8211; le 06-11-98<\/a>]<\/i><\/span><\/td>\n<\/tr>\n<\/tbody>\n<\/table>\n<\/td>\n<\/tr>\n<\/tbody>\n<\/table>\n<\/div>\n<div style=\"padding-bottom:20px; padding-top:10px;\" class=\"hupso-share-buttons\"><!-- Hupso Share Buttons - https:\/\/www.hupso.com\/share\/ --><a class=\"hupso_toolbar\" href=\"https:\/\/www.hupso.com\/share\/\"><img decoding=\"async\" src=\"https:\/\/static.hupso.com\/share\/buttons\/lang\/fr\/share.png\" style=\"border:0px; padding-top: 5px; float:left;\" alt=\"Share Button\"\/><\/a><script type=\"text\/javascript\">var hupso_services_t=new Array(\"Twitter\",\"Facebook\",\"Google Plus\");var hupso_background_t=\"#EAF4FF\";var hupso_border_t=\"#66CCFF\";var hupso_toolbar_size_t=\"big\";var hupso_image_folder_url = \"\";var hupso_url_t=\"\";var hupso_title_t=\"Sur%20le%20chemin%20de%20la%20conscience.\";<\/script><script type=\"text\/javascript\" src=\"https:\/\/static.hupso.com\/share\/js\/share_toolbar.js\"><\/script><!-- Hupso Share Buttons --><\/div>","protected":false},"excerpt":{"rendered":"<p>Sur le chemin de la conscience. Claude, je suis content de savoir que tu t&rsquo;int\u00e9resses&#8230;<\/p>\n","protected":false},"author":62,"featured_media":0,"comment_status":"closed","ping_status":"open","sticky":false,"template":"","format":"standard","meta":{"footnotes":""},"categories":[217],"tags":[],"class_list":["post-2294","post","type-post","status-publish","format-standard","hentry","category-1998-pouvoirs-caches"],"yoast_head":"<!-- This site is optimized with the Yoast SEO plugin v26.9 - https:\/\/yoast.com\/product\/yoast-seo-wordpress\/ -->\n<title>Sur le chemin de la conscience. - Autre Conscience, Autre Monde<\/title>\n<meta name=\"robots\" content=\"index, follow, max-snippet:-1, max-image-preview:large, max-video-preview:-1\" \/>\n<link rel=\"canonical\" href=\"https:\/\/www.ac-am.fr\/index.php\/1998\/11\/06\/sur-le-chemin-de-la-conscience\/\" \/>\n<meta property=\"og:locale\" content=\"fr_FR\" \/>\n<meta property=\"og:type\" content=\"article\" \/>\n<meta property=\"og:title\" content=\"Sur le chemin de la conscience. - Autre Conscience, Autre Monde\" \/>\n<meta property=\"og:description\" content=\"Sur le chemin de la conscience. Claude, je suis content de savoir que tu t&rsquo;int\u00e9resses...\" \/>\n<meta property=\"og:url\" content=\"https:\/\/www.ac-am.fr\/index.php\/1998\/11\/06\/sur-le-chemin-de-la-conscience\/\" \/>\n<meta property=\"og:site_name\" content=\"Autre Conscience, Autre Monde\" \/>\n<meta property=\"article:publisher\" content=\"https:\/\/fr-fr.facebook.com\/claude.acam\/\" \/>\n<meta property=\"article:published_time\" content=\"1998-11-06T19:14:40+00:00\" \/>\n<meta property=\"article:modified_time\" content=\"2015-12-11T21:50:21+00:00\" \/>\n<meta property=\"og:image\" content=\"http:\/\/www.ac-am.fr\/wp-content\/uploads\/2015\/09\/barre_mr.gif\" \/>\n<meta name=\"author\" content=\"Claude D.\" \/>\n<meta name=\"twitter:card\" content=\"summary_large_image\" \/>\n<meta name=\"twitter:label1\" content=\"\u00c9crit par\" \/>\n\t<meta name=\"twitter:data1\" content=\"Claude D.\" \/>\n\t<meta name=\"twitter:label2\" content=\"Dur\u00e9e de lecture estim\u00e9e\" \/>\n\t<meta name=\"twitter:data2\" content=\"6 minutes\" \/>\n<script type=\"application\/ld+json\" class=\"yoast-schema-graph\">{\"@context\":\"https:\/\/schema.org\",\"@graph\":[{\"@type\":\"Article\",\"@id\":\"https:\/\/www.ac-am.fr\/index.php\/1998\/11\/06\/sur-le-chemin-de-la-conscience\/#article\",\"isPartOf\":{\"@id\":\"https:\/\/www.ac-am.fr\/index.php\/1998\/11\/06\/sur-le-chemin-de-la-conscience\/\"},\"author\":{\"name\":\"Claude D.\",\"@id\":\"https:\/\/www.ac-am.fr\/#\/schema\/person\/c0727aa8954bb9518c9cd39559de503c\"},\"headline\":\"Sur le chemin de la conscience.\",\"datePublished\":\"1998-11-06T19:14:40+00:00\",\"dateModified\":\"2015-12-11T21:50:21+00:00\",\"mainEntityOfPage\":{\"@id\":\"https:\/\/www.ac-am.fr\/index.php\/1998\/11\/06\/sur-le-chemin-de-la-conscience\/\"},\"wordCount\":1287,\"publisher\":{\"@id\":\"https:\/\/www.ac-am.fr\/#organization\"},\"image\":{\"@id\":\"https:\/\/www.ac-am.fr\/index.php\/1998\/11\/06\/sur-le-chemin-de-la-conscience\/#primaryimage\"},\"thumbnailUrl\":\"http:\/\/www.ac-am.fr\/wp-content\/uploads\/2015\/09\/barre_mr.gif\",\"articleSection\":[\"1998 \u2013 POUVOIRS CACH\u00c9S\"],\"inLanguage\":\"fr-FR\"},{\"@type\":\"WebPage\",\"@id\":\"https:\/\/www.ac-am.fr\/index.php\/1998\/11\/06\/sur-le-chemin-de-la-conscience\/\",\"url\":\"https:\/\/www.ac-am.fr\/index.php\/1998\/11\/06\/sur-le-chemin-de-la-conscience\/\",\"name\":\"Sur le chemin de la conscience. - Autre Conscience, Autre Monde\",\"isPartOf\":{\"@id\":\"https:\/\/www.ac-am.fr\/#website\"},\"primaryImageOfPage\":{\"@id\":\"https:\/\/www.ac-am.fr\/index.php\/1998\/11\/06\/sur-le-chemin-de-la-conscience\/#primaryimage\"},\"image\":{\"@id\":\"https:\/\/www.ac-am.fr\/index.php\/1998\/11\/06\/sur-le-chemin-de-la-conscience\/#primaryimage\"},\"thumbnailUrl\":\"http:\/\/www.ac-am.fr\/wp-content\/uploads\/2015\/09\/barre_mr.gif\",\"datePublished\":\"1998-11-06T19:14:40+00:00\",\"dateModified\":\"2015-12-11T21:50:21+00:00\",\"breadcrumb\":{\"@id\":\"https:\/\/www.ac-am.fr\/index.php\/1998\/11\/06\/sur-le-chemin-de-la-conscience\/#breadcrumb\"},\"inLanguage\":\"fr-FR\",\"potentialAction\":[{\"@type\":\"ReadAction\",\"target\":[\"https:\/\/www.ac-am.fr\/index.php\/1998\/11\/06\/sur-le-chemin-de-la-conscience\/\"]}]},{\"@type\":\"ImageObject\",\"inLanguage\":\"fr-FR\",\"@id\":\"https:\/\/www.ac-am.fr\/index.php\/1998\/11\/06\/sur-le-chemin-de-la-conscience\/#primaryimage\",\"url\":\"https:\/\/www.ac-am.fr\/wp-content\/uploads\/2015\/09\/barre_mr.gif\",\"contentUrl\":\"https:\/\/www.ac-am.fr\/wp-content\/uploads\/2015\/09\/barre_mr.gif\",\"width\":550,\"height\":7,\"caption\":\"barre marron\"},{\"@type\":\"BreadcrumbList\",\"@id\":\"https:\/\/www.ac-am.fr\/index.php\/1998\/11\/06\/sur-le-chemin-de-la-conscience\/#breadcrumb\",\"itemListElement\":[{\"@type\":\"ListItem\",\"position\":1,\"name\":\"Accueil\",\"item\":\"https:\/\/www.ac-am.fr\/\"},{\"@type\":\"ListItem\",\"position\":2,\"name\":\"Sur le chemin de la conscience.\"}]},{\"@type\":\"WebSite\",\"@id\":\"https:\/\/www.ac-am.fr\/#website\",\"url\":\"https:\/\/www.ac-am.fr\/\",\"name\":\"Autre Conscience, Autre Monde\",\"description\":\"\",\"publisher\":{\"@id\":\"https:\/\/www.ac-am.fr\/#organization\"},\"potentialAction\":[{\"@type\":\"SearchAction\",\"target\":{\"@type\":\"EntryPoint\",\"urlTemplate\":\"https:\/\/www.ac-am.fr\/?s={search_term_string}\"},\"query-input\":{\"@type\":\"PropertyValueSpecification\",\"valueRequired\":true,\"valueName\":\"search_term_string\"}}],\"inLanguage\":\"fr-FR\"},{\"@type\":\"Organization\",\"@id\":\"https:\/\/www.ac-am.fr\/#organization\",\"name\":\"Autre Conscience, Autre Monde\",\"url\":\"https:\/\/www.ac-am.fr\/\",\"logo\":{\"@type\":\"ImageObject\",\"inLanguage\":\"fr-FR\",\"@id\":\"https:\/\/www.ac-am.fr\/#\/schema\/logo\/image\/\",\"url\":\"https:\/\/www.ac-am.fr\/wp-content\/uploads\/2015\/10\/bd_ac_am.gif\",\"contentUrl\":\"https:\/\/www.ac-am.fr\/wp-content\/uploads\/2015\/10\/bd_ac_am.gif\",\"width\":370,\"height\":65,\"caption\":\"Autre Conscience, Autre Monde\"},\"image\":{\"@id\":\"https:\/\/www.ac-am.fr\/#\/schema\/logo\/image\/\"},\"sameAs\":[\"https:\/\/fr-fr.facebook.com\/claude.acam\/\",\"https:\/\/www.youtube.com\/user\/consciencemonde\"]},{\"@type\":\"Person\",\"@id\":\"https:\/\/www.ac-am.fr\/#\/schema\/person\/c0727aa8954bb9518c9cd39559de503c\",\"name\":\"Claude D.\",\"image\":{\"@type\":\"ImageObject\",\"inLanguage\":\"fr-FR\",\"@id\":\"https:\/\/www.ac-am.fr\/#\/schema\/person\/image\/\",\"url\":\"https:\/\/secure.gravatar.com\/avatar\/e50c43f1fcc8dc06f6d2b373a7c3524a484172c6213f8793113781b174e15500?s=96&d=identicon&r=g\",\"contentUrl\":\"https:\/\/secure.gravatar.com\/avatar\/e50c43f1fcc8dc06f6d2b373a7c3524a484172c6213f8793113781b174e15500?s=96&d=identicon&r=g\",\"caption\":\"Claude D.\"},\"url\":\"https:\/\/www.ac-am.fr\/index.php\/author\/claude-d\/\"}]}<\/script>\n<!-- \/ Yoast SEO plugin. -->","yoast_head_json":{"title":"Sur le chemin de la conscience. - Autre Conscience, Autre Monde","robots":{"index":"index","follow":"follow","max-snippet":"max-snippet:-1","max-image-preview":"max-image-preview:large","max-video-preview":"max-video-preview:-1"},"canonical":"https:\/\/www.ac-am.fr\/index.php\/1998\/11\/06\/sur-le-chemin-de-la-conscience\/","og_locale":"fr_FR","og_type":"article","og_title":"Sur le chemin de la conscience. - Autre Conscience, Autre Monde","og_description":"Sur le chemin de la conscience. Claude, je suis content de savoir que tu t&rsquo;int\u00e9resses...","og_url":"https:\/\/www.ac-am.fr\/index.php\/1998\/11\/06\/sur-le-chemin-de-la-conscience\/","og_site_name":"Autre Conscience, Autre Monde","article_publisher":"https:\/\/fr-fr.facebook.com\/claude.acam\/","article_published_time":"1998-11-06T19:14:40+00:00","article_modified_time":"2015-12-11T21:50:21+00:00","og_image":[{"url":"http:\/\/www.ac-am.fr\/wp-content\/uploads\/2015\/09\/barre_mr.gif","type":"","width":"","height":""}],"author":"Claude D.","twitter_card":"summary_large_image","twitter_misc":{"\u00c9crit par":"Claude D.","Dur\u00e9e de lecture estim\u00e9e":"6 minutes"},"schema":{"@context":"https:\/\/schema.org","@graph":[{"@type":"Article","@id":"https:\/\/www.ac-am.fr\/index.php\/1998\/11\/06\/sur-le-chemin-de-la-conscience\/#article","isPartOf":{"@id":"https:\/\/www.ac-am.fr\/index.php\/1998\/11\/06\/sur-le-chemin-de-la-conscience\/"},"author":{"name":"Claude D.","@id":"https:\/\/www.ac-am.fr\/#\/schema\/person\/c0727aa8954bb9518c9cd39559de503c"},"headline":"Sur le chemin de la conscience.","datePublished":"1998-11-06T19:14:40+00:00","dateModified":"2015-12-11T21:50:21+00:00","mainEntityOfPage":{"@id":"https:\/\/www.ac-am.fr\/index.php\/1998\/11\/06\/sur-le-chemin-de-la-conscience\/"},"wordCount":1287,"publisher":{"@id":"https:\/\/www.ac-am.fr\/#organization"},"image":{"@id":"https:\/\/www.ac-am.fr\/index.php\/1998\/11\/06\/sur-le-chemin-de-la-conscience\/#primaryimage"},"thumbnailUrl":"http:\/\/www.ac-am.fr\/wp-content\/uploads\/2015\/09\/barre_mr.gif","articleSection":["1998 \u2013 POUVOIRS CACH\u00c9S"],"inLanguage":"fr-FR"},{"@type":"WebPage","@id":"https:\/\/www.ac-am.fr\/index.php\/1998\/11\/06\/sur-le-chemin-de-la-conscience\/","url":"https:\/\/www.ac-am.fr\/index.php\/1998\/11\/06\/sur-le-chemin-de-la-conscience\/","name":"Sur le chemin de la conscience. - Autre Conscience, Autre Monde","isPartOf":{"@id":"https:\/\/www.ac-am.fr\/#website"},"primaryImageOfPage":{"@id":"https:\/\/www.ac-am.fr\/index.php\/1998\/11\/06\/sur-le-chemin-de-la-conscience\/#primaryimage"},"image":{"@id":"https:\/\/www.ac-am.fr\/index.php\/1998\/11\/06\/sur-le-chemin-de-la-conscience\/#primaryimage"},"thumbnailUrl":"http:\/\/www.ac-am.fr\/wp-content\/uploads\/2015\/09\/barre_mr.gif","datePublished":"1998-11-06T19:14:40+00:00","dateModified":"2015-12-11T21:50:21+00:00","breadcrumb":{"@id":"https:\/\/www.ac-am.fr\/index.php\/1998\/11\/06\/sur-le-chemin-de-la-conscience\/#breadcrumb"},"inLanguage":"fr-FR","potentialAction":[{"@type":"ReadAction","target":["https:\/\/www.ac-am.fr\/index.php\/1998\/11\/06\/sur-le-chemin-de-la-conscience\/"]}]},{"@type":"ImageObject","inLanguage":"fr-FR","@id":"https:\/\/www.ac-am.fr\/index.php\/1998\/11\/06\/sur-le-chemin-de-la-conscience\/#primaryimage","url":"https:\/\/www.ac-am.fr\/wp-content\/uploads\/2015\/09\/barre_mr.gif","contentUrl":"https:\/\/www.ac-am.fr\/wp-content\/uploads\/2015\/09\/barre_mr.gif","width":550,"height":7,"caption":"barre marron"},{"@type":"BreadcrumbList","@id":"https:\/\/www.ac-am.fr\/index.php\/1998\/11\/06\/sur-le-chemin-de-la-conscience\/#breadcrumb","itemListElement":[{"@type":"ListItem","position":1,"name":"Accueil","item":"https:\/\/www.ac-am.fr\/"},{"@type":"ListItem","position":2,"name":"Sur le chemin de la conscience."}]},{"@type":"WebSite","@id":"https:\/\/www.ac-am.fr\/#website","url":"https:\/\/www.ac-am.fr\/","name":"Autre Conscience, Autre Monde","description":"","publisher":{"@id":"https:\/\/www.ac-am.fr\/#organization"},"potentialAction":[{"@type":"SearchAction","target":{"@type":"EntryPoint","urlTemplate":"https:\/\/www.ac-am.fr\/?s={search_term_string}"},"query-input":{"@type":"PropertyValueSpecification","valueRequired":true,"valueName":"search_term_string"}}],"inLanguage":"fr-FR"},{"@type":"Organization","@id":"https:\/\/www.ac-am.fr\/#organization","name":"Autre Conscience, Autre Monde","url":"https:\/\/www.ac-am.fr\/","logo":{"@type":"ImageObject","inLanguage":"fr-FR","@id":"https:\/\/www.ac-am.fr\/#\/schema\/logo\/image\/","url":"https:\/\/www.ac-am.fr\/wp-content\/uploads\/2015\/10\/bd_ac_am.gif","contentUrl":"https:\/\/www.ac-am.fr\/wp-content\/uploads\/2015\/10\/bd_ac_am.gif","width":370,"height":65,"caption":"Autre Conscience, Autre Monde"},"image":{"@id":"https:\/\/www.ac-am.fr\/#\/schema\/logo\/image\/"},"sameAs":["https:\/\/fr-fr.facebook.com\/claude.acam\/","https:\/\/www.youtube.com\/user\/consciencemonde"]},{"@type":"Person","@id":"https:\/\/www.ac-am.fr\/#\/schema\/person\/c0727aa8954bb9518c9cd39559de503c","name":"Claude D.","image":{"@type":"ImageObject","inLanguage":"fr-FR","@id":"https:\/\/www.ac-am.fr\/#\/schema\/person\/image\/","url":"https:\/\/secure.gravatar.com\/avatar\/e50c43f1fcc8dc06f6d2b373a7c3524a484172c6213f8793113781b174e15500?s=96&d=identicon&r=g","contentUrl":"https:\/\/secure.gravatar.com\/avatar\/e50c43f1fcc8dc06f6d2b373a7c3524a484172c6213f8793113781b174e15500?s=96&d=identicon&r=g","caption":"Claude D."},"url":"https:\/\/www.ac-am.fr\/index.php\/author\/claude-d\/"}]}},"_links":{"self":[{"href":"https:\/\/www.ac-am.fr\/index.php\/wp-json\/wp\/v2\/posts\/2294","targetHints":{"allow":["GET"]}}],"collection":[{"href":"https:\/\/www.ac-am.fr\/index.php\/wp-json\/wp\/v2\/posts"}],"about":[{"href":"https:\/\/www.ac-am.fr\/index.php\/wp-json\/wp\/v2\/types\/post"}],"author":[{"embeddable":true,"href":"https:\/\/www.ac-am.fr\/index.php\/wp-json\/wp\/v2\/users\/62"}],"replies":[{"embeddable":true,"href":"https:\/\/www.ac-am.fr\/index.php\/wp-json\/wp\/v2\/comments?post=2294"}],"version-history":[{"count":2,"href":"https:\/\/www.ac-am.fr\/index.php\/wp-json\/wp\/v2\/posts\/2294\/revisions"}],"predecessor-version":[{"id":2296,"href":"https:\/\/www.ac-am.fr\/index.php\/wp-json\/wp\/v2\/posts\/2294\/revisions\/2296"}],"wp:attachment":[{"href":"https:\/\/www.ac-am.fr\/index.php\/wp-json\/wp\/v2\/media?parent=2294"}],"wp:term":[{"taxonomy":"category","embeddable":true,"href":"https:\/\/www.ac-am.fr\/index.php\/wp-json\/wp\/v2\/categories?post=2294"},{"taxonomy":"post_tag","embeddable":true,"href":"https:\/\/www.ac-am.fr\/index.php\/wp-json\/wp\/v2\/tags?post=2294"}],"curies":[{"name":"wp","href":"https:\/\/api.w.org\/{rel}","templated":true}]}}