{"id":2316,"date":"1999-07-02T10:13:38","date_gmt":"1999-07-02T09:13:38","guid":{"rendered":"https:\/\/www.ac-am.fr\/?p=2316"},"modified":"2015-12-12T10:35:55","modified_gmt":"2015-12-12T09:35:55","slug":"un-voyage-hors-du-corps","status":"publish","type":"post","link":"https:\/\/www.ac-am.fr\/index.php\/1999\/07\/02\/un-voyage-hors-du-corps\/","title":{"rendered":"Un voyage hors du corps."},"content":{"rendered":"<div id=\"pouvoir\" style=\"background-attachment: fixed; border: 2px solid #dfe6de; border-radius: 10px; opacity: 0.90;\">\n<table class=\"aligncenter\" style=\"width: 600px;\" border=\"0\">\n<tbody>\n<tr>\n<td>\n<table class=\"aligncenter\" style=\"width: 567px; height: 190px;\" border=\"0\">\n<tbody>\n<tr>\n<td><img decoding=\"async\" class=\"aligncenter\" src=\"http:\/\/www.ac-am.fr\/wp-content\/uploads\/2015\/09\/barre_mr.gif\" alt=\"\" border=\"0\" \/><\/td>\n<\/tr>\n<tr>\n<td style=\"text-align: left;\"><img loading=\"lazy\" decoding=\"async\" src=\"http:\/\/www.ac-am.fr\/wp-content\/uploads\/2015\/10\/retepouv.gif\" alt=\"R\u00e9flexions et T\u00e9moignages\" width=\"380\" height=\"100\" border=\"0\" \/><img loading=\"lazy\" decoding=\"async\" src=\"http:\/\/www.ac-am.fr\/wp-content\/uploads\/2015\/10\/cal1998.gif\" alt=\"Ann\u00e9e 1998\" width=\"150\" height=\"100\" border=\"0\" \/><\/td>\n<\/tr>\n<tr>\n<td><img decoding=\"async\" class=\"aligncenter\" src=\"http:\/\/www.ac-am.fr\/wp-content\/uploads\/2015\/09\/barre_mr.gif\" alt=\"\" border=\"0\" \/><\/td>\n<\/tr>\n<\/tbody>\n<\/table>\n<table class=\"aligncenter\" style=\"width: 590px;\" border=\"0\">\n<tbody>\n<tr>\n<td><a name=\"Michel01O_pouv99_01\"><\/a><b class=\"ntitre1\">Un voyage hors du corps.<\/b><\/td>\n<\/tr>\n<tr>\n<td colspan=\"2\"><img decoding=\"async\" class=\"aligncenter\" src=\"http:\/\/www.ac-am.fr\/wp-content\/uploads\/2015\/09\/barre_mr.gif\" alt=\"\" border=\"0\" \/><\/td>\n<\/tr>\n<tr>\n<td style=\"text-align: left;\"><span class=\"gmoyen\"><img decoding=\"async\" src=\"http:\/\/www.ac-am.fr\/wp-content\/uploads\/2015\/09\/ball_bf.gif\" alt=\"\" border=\"0\" \/> Un jour de week-end, alors que je vaquais (?) \u00e0 mes occupations, je ressentis comme un appel pressent qui me demandait de me rendre aux cours de tennis pr\u00e8s de mon domicile (je venais d&rsquo;abandonner le foot). Ce que je fis.<\/span><\/p>\n<p> <span class=\"gmoyen\"><img decoding=\"async\" src=\"http:\/\/www.ac-am.fr\/wp-content\/uploads\/2015\/09\/ball_bf.gif\" alt=\"\" border=\"0\" \/> En arrivant pr\u00e8s du \u00ab\u00a0mur\u00a0\u00bb (pour l&rsquo;entra\u00eenement), \u00e0 quelques m\u00e8tres d&rsquo;un homme brun, le cr\u00e2ne assez d\u00e9garni, je me sentis comme t\u00e9l\u00e9guid\u00e9, hors de ma volont\u00e9, pour venir me placer en face de lui. Puis imm\u00e9diatement, je <a href=\"http:\/\/www.ac-am.fr\/index.php\/les-enseignants\/#Muldoon\" target=\"_self\">quittais mon corps<\/a> pour \u00ab\u00a0me\u00a0\u00bb propulser tr\u00e8s haut dans le Ciel (enfin , je le suppose), et je baignais dans un monde fait de \u00ab\u00a0nuages couleur jaune safran\u00a0\u00bb tr\u00e8s beau, au point que j&rsquo;aurais voulu avaler ce genre de nuages!!<\/span><\/p>\n<p> <span class=\"gmoyen\"><img decoding=\"async\" src=\"http:\/\/www.ac-am.fr\/wp-content\/uploads\/2015\/09\/ball_bf.gif\" alt=\"\" border=\"0\" \/> Je sus par la suite que c&rsquo;\u00e9tait la \u00ab\u00a0Gloire du Christ\u00a0\u00bb. Puis je descendis (je ne pourrais dire combien de temps cela avait dur\u00e9) lentement, reconnaissant parfaitement \u00ab\u00a0l&rsquo;homme\u00a0\u00bb qui, regardant juste au-dessus de ma t\u00eate, sembla soudain comme effray\u00e9. \u00ab\u00a0J&rsquo;atterrissais\u00a0\u00bb donc, et une fois dans mon corps physique, l\u00e0 encore (d\u00e9cid\u00e9ment!!) je ne me pr\u00e9cipitais pas vers cet homme qui venait d&rsquo;accomplir un \u00ab\u00a0miracle\u00a0\u00bb pour ma fragile conscience!<\/span><\/p>\n<p> <span class=\"gmoyen\"><img decoding=\"async\" src=\"http:\/\/www.ac-am.fr\/wp-content\/uploads\/2015\/09\/ball_bf.gif\" alt=\"\" border=\"0\" \/> Je me souviens avoir plaisant\u00e9 avec une personne qui passait tout pr\u00e8s et \u00ab\u00a0l&rsquo;homme\u00a0\u00bb semblait tr\u00e8s en col\u00e8re; puis il s&rsquo;en alla, tr\u00e8s d\u00e9\u00e7u me semblait-il. Et moi, j&rsquo;allais faire quelques balles?!!! Curieux tout de m\u00eame ce genre de r\u00e9action! Mais c&rsquo;est ainsi&#8230;<\/span><\/p>\n<p> <span class=\"gmoyen\"><img decoding=\"async\" src=\"http:\/\/www.ac-am.fr\/wp-content\/uploads\/2015\/09\/ball_bf.gif\" alt=\"\" border=\"0\" \/> J&rsquo;appris bien plus tard, qu&rsquo;en fait, cet \u00ab\u00a0homme\u00a0\u00bb \u00e9tait un \u00ab\u00a0fr\u00e8re noir\u00a0\u00bb, et comme il savait ma v\u00e9n\u00e9ration pour le Christ, il voulait \u00ab\u00a0m&rsquo;attraper\u00a0\u00bb en se faisant passer pour un grand serviteur du Christ!! Nos Fr\u00e8res de Lumi\u00e8re veillaient encore et toujours! Gloire leur soit rendue!<\/span><\/p>\n<p> <span class=\"gmoyen\"><img decoding=\"async\" src=\"http:\/\/www.ac-am.fr\/wp-content\/uploads\/2015\/09\/ball_bf.gif\" alt=\"\" border=\"0\" \/> Bien s\u00fbr, l&rsquo;histoire ne s&rsquo;arr\u00eate pas l\u00e0, d&rsquo;autant plus que j&rsquo;ai eu maintes occasions de rencontrer aussi des \u00ab\u00a0Ma\u00eetres f\u00e9minins\u00a0\u00bb, et je dois dire que leur beaut\u00e9 surpasse en splendeur ce que l&rsquo;on peut rencontrer sur cette Terre, car leur beaut\u00e9 int\u00e9rieure se voit fortement \u00e0 l&rsquo;ext\u00e9rieur&#8230; et une grande joie m&rsquo;envahit chaque fois que j&rsquo;entre dans leur sph\u00e8re d&rsquo;influence, et chaque fois encore, c&rsquo;est tout juste si je ne me pr\u00e9cipite pas pour leur embrasser les pieds!! Curieux non?!!<\/span><\/p>\n<p> <span class=\"gmoyen\"><i>[<a href=\"boites.htm#Michel01_O\">Michel O. &#8211; le 02-07-99<\/a>]<\/i><\/span><\/td>\n<\/tr>\n<\/tbody>\n<\/table>\n<\/td>\n<\/tr>\n<\/tbody>\n<\/table>\n<\/div>\n<div style=\"padding-bottom:20px; padding-top:10px;\" class=\"hupso-share-buttons\"><!-- Hupso Share Buttons - https:\/\/www.hupso.com\/share\/ --><a class=\"hupso_toolbar\" href=\"https:\/\/www.hupso.com\/share\/\"><img decoding=\"async\" src=\"https:\/\/static.hupso.com\/share\/buttons\/lang\/fr\/share.png\" style=\"border:0px; padding-top: 5px; float:left;\" alt=\"Share Button\"\/><\/a><script type=\"text\/javascript\">var hupso_services_t=new Array(\"Twitter\",\"Facebook\",\"Google Plus\");var hupso_background_t=\"#EAF4FF\";var hupso_border_t=\"#66CCFF\";var hupso_toolbar_size_t=\"big\";var hupso_image_folder_url = \"\";var hupso_url_t=\"\";var hupso_title_t=\"Un%20voyage%20hors%20du%20corps.\";<\/script><script type=\"text\/javascript\" src=\"https:\/\/static.hupso.com\/share\/js\/share_toolbar.js\"><\/script><!-- Hupso Share Buttons --><\/div>","protected":false},"excerpt":{"rendered":"<p>Un voyage hors du corps. Un jour de week-end, alors que je vaquais (?) \u00e0&#8230;<\/p>\n","protected":false},"author":65,"featured_media":0,"comment_status":"closed","ping_status":"open","sticky":false,"template":"","format":"standard","meta":{"footnotes":""},"categories":[218],"tags":[],"class_list":["post-2316","post","type-post","status-publish","format-standard","hentry","category-1999-pouvoirs-caches"],"yoast_head":"<!-- This site is optimized with the Yoast SEO plugin v26.9 - https:\/\/yoast.com\/product\/yoast-seo-wordpress\/ -->\n<title>Un voyage hors du corps. - Autre Conscience, Autre Monde<\/title>\n<meta name=\"robots\" content=\"index, follow, max-snippet:-1, max-image-preview:large, max-video-preview:-1\" \/>\n<link rel=\"canonical\" href=\"https:\/\/www.ac-am.fr\/index.php\/1999\/07\/02\/un-voyage-hors-du-corps\/\" \/>\n<meta property=\"og:locale\" content=\"fr_FR\" \/>\n<meta property=\"og:type\" content=\"article\" \/>\n<meta property=\"og:title\" content=\"Un voyage hors du corps. - Autre Conscience, Autre Monde\" \/>\n<meta property=\"og:description\" content=\"Un voyage hors du corps. Un jour de week-end, alors que je vaquais (?) \u00e0...\" \/>\n<meta property=\"og:url\" content=\"https:\/\/www.ac-am.fr\/index.php\/1999\/07\/02\/un-voyage-hors-du-corps\/\" \/>\n<meta property=\"og:site_name\" content=\"Autre Conscience, Autre Monde\" \/>\n<meta property=\"article:publisher\" content=\"https:\/\/fr-fr.facebook.com\/claude.acam\/\" \/>\n<meta property=\"article:published_time\" content=\"1999-07-02T09:13:38+00:00\" \/>\n<meta property=\"article:modified_time\" content=\"2015-12-12T09:35:55+00:00\" \/>\n<meta property=\"og:image\" content=\"http:\/\/www.ac-am.fr\/wp-content\/uploads\/2015\/09\/barre_mr.gif\" \/>\n<meta name=\"author\" content=\"Michel O.\" \/>\n<meta name=\"twitter:card\" content=\"summary_large_image\" \/>\n<meta name=\"twitter:label1\" content=\"\u00c9crit par\" \/>\n\t<meta name=\"twitter:data1\" content=\"Michel O.\" \/>\n\t<meta name=\"twitter:label2\" content=\"Dur\u00e9e de lecture estim\u00e9e\" \/>\n\t<meta name=\"twitter:data2\" content=\"2 minutes\" \/>\n<script type=\"application\/ld+json\" class=\"yoast-schema-graph\">{\"@context\":\"https:\/\/schema.org\",\"@graph\":[{\"@type\":\"Article\",\"@id\":\"https:\/\/www.ac-am.fr\/index.php\/1999\/07\/02\/un-voyage-hors-du-corps\/#article\",\"isPartOf\":{\"@id\":\"https:\/\/www.ac-am.fr\/index.php\/1999\/07\/02\/un-voyage-hors-du-corps\/\"},\"author\":{\"name\":\"Michel O.\",\"@id\":\"https:\/\/www.ac-am.fr\/#\/schema\/person\/24ab6470f137a4b865974f09aa354bbf\"},\"headline\":\"Un voyage hors du corps.\",\"datePublished\":\"1999-07-02T09:13:38+00:00\",\"dateModified\":\"2015-12-12T09:35:55+00:00\",\"mainEntityOfPage\":{\"@id\":\"https:\/\/www.ac-am.fr\/index.php\/1999\/07\/02\/un-voyage-hors-du-corps\/\"},\"wordCount\":426,\"publisher\":{\"@id\":\"https:\/\/www.ac-am.fr\/#organization\"},\"image\":{\"@id\":\"https:\/\/www.ac-am.fr\/index.php\/1999\/07\/02\/un-voyage-hors-du-corps\/#primaryimage\"},\"thumbnailUrl\":\"http:\/\/www.ac-am.fr\/wp-content\/uploads\/2015\/09\/barre_mr.gif\",\"articleSection\":[\"1999 \u2013 POUVOIRS CACH\u00c9S\"],\"inLanguage\":\"fr-FR\"},{\"@type\":\"WebPage\",\"@id\":\"https:\/\/www.ac-am.fr\/index.php\/1999\/07\/02\/un-voyage-hors-du-corps\/\",\"url\":\"https:\/\/www.ac-am.fr\/index.php\/1999\/07\/02\/un-voyage-hors-du-corps\/\",\"name\":\"Un voyage hors du corps. - Autre Conscience, Autre Monde\",\"isPartOf\":{\"@id\":\"https:\/\/www.ac-am.fr\/#website\"},\"primaryImageOfPage\":{\"@id\":\"https:\/\/www.ac-am.fr\/index.php\/1999\/07\/02\/un-voyage-hors-du-corps\/#primaryimage\"},\"image\":{\"@id\":\"https:\/\/www.ac-am.fr\/index.php\/1999\/07\/02\/un-voyage-hors-du-corps\/#primaryimage\"},\"thumbnailUrl\":\"http:\/\/www.ac-am.fr\/wp-content\/uploads\/2015\/09\/barre_mr.gif\",\"datePublished\":\"1999-07-02T09:13:38+00:00\",\"dateModified\":\"2015-12-12T09:35:55+00:00\",\"breadcrumb\":{\"@id\":\"https:\/\/www.ac-am.fr\/index.php\/1999\/07\/02\/un-voyage-hors-du-corps\/#breadcrumb\"},\"inLanguage\":\"fr-FR\",\"potentialAction\":[{\"@type\":\"ReadAction\",\"target\":[\"https:\/\/www.ac-am.fr\/index.php\/1999\/07\/02\/un-voyage-hors-du-corps\/\"]}]},{\"@type\":\"ImageObject\",\"inLanguage\":\"fr-FR\",\"@id\":\"https:\/\/www.ac-am.fr\/index.php\/1999\/07\/02\/un-voyage-hors-du-corps\/#primaryimage\",\"url\":\"https:\/\/www.ac-am.fr\/wp-content\/uploads\/2015\/09\/barre_mr.gif\",\"contentUrl\":\"https:\/\/www.ac-am.fr\/wp-content\/uploads\/2015\/09\/barre_mr.gif\",\"width\":550,\"height\":7,\"caption\":\"barre marron\"},{\"@type\":\"BreadcrumbList\",\"@id\":\"https:\/\/www.ac-am.fr\/index.php\/1999\/07\/02\/un-voyage-hors-du-corps\/#breadcrumb\",\"itemListElement\":[{\"@type\":\"ListItem\",\"position\":1,\"name\":\"Accueil\",\"item\":\"https:\/\/www.ac-am.fr\/\"},{\"@type\":\"ListItem\",\"position\":2,\"name\":\"Un voyage hors du corps.\"}]},{\"@type\":\"WebSite\",\"@id\":\"https:\/\/www.ac-am.fr\/#website\",\"url\":\"https:\/\/www.ac-am.fr\/\",\"name\":\"Autre Conscience, Autre Monde\",\"description\":\"\",\"publisher\":{\"@id\":\"https:\/\/www.ac-am.fr\/#organization\"},\"potentialAction\":[{\"@type\":\"SearchAction\",\"target\":{\"@type\":\"EntryPoint\",\"urlTemplate\":\"https:\/\/www.ac-am.fr\/?s={search_term_string}\"},\"query-input\":{\"@type\":\"PropertyValueSpecification\",\"valueRequired\":true,\"valueName\":\"search_term_string\"}}],\"inLanguage\":\"fr-FR\"},{\"@type\":\"Organization\",\"@id\":\"https:\/\/www.ac-am.fr\/#organization\",\"name\":\"Autre Conscience, Autre Monde\",\"url\":\"https:\/\/www.ac-am.fr\/\",\"logo\":{\"@type\":\"ImageObject\",\"inLanguage\":\"fr-FR\",\"@id\":\"https:\/\/www.ac-am.fr\/#\/schema\/logo\/image\/\",\"url\":\"https:\/\/www.ac-am.fr\/wp-content\/uploads\/2015\/10\/bd_ac_am.gif\",\"contentUrl\":\"https:\/\/www.ac-am.fr\/wp-content\/uploads\/2015\/10\/bd_ac_am.gif\",\"width\":370,\"height\":65,\"caption\":\"Autre Conscience, Autre Monde\"},\"image\":{\"@id\":\"https:\/\/www.ac-am.fr\/#\/schema\/logo\/image\/\"},\"sameAs\":[\"https:\/\/fr-fr.facebook.com\/claude.acam\/\",\"https:\/\/www.youtube.com\/user\/consciencemonde\"]},{\"@type\":\"Person\",\"@id\":\"https:\/\/www.ac-am.fr\/#\/schema\/person\/24ab6470f137a4b865974f09aa354bbf\",\"name\":\"Michel O.\",\"image\":{\"@type\":\"ImageObject\",\"inLanguage\":\"fr-FR\",\"@id\":\"https:\/\/www.ac-am.fr\/#\/schema\/person\/image\/\",\"url\":\"https:\/\/secure.gravatar.com\/avatar\/00bed1db60da435ea80afac9318f181cbd38b7eb37b49533db6310745494a634?s=96&d=identicon&r=g\",\"contentUrl\":\"https:\/\/secure.gravatar.com\/avatar\/00bed1db60da435ea80afac9318f181cbd38b7eb37b49533db6310745494a634?s=96&d=identicon&r=g\",\"caption\":\"Michel O.\"},\"url\":\"https:\/\/www.ac-am.fr\/index.php\/author\/michel-o\/\"}]}<\/script>\n<!-- \/ Yoast SEO plugin. -->","yoast_head_json":{"title":"Un voyage hors du corps. - Autre Conscience, Autre Monde","robots":{"index":"index","follow":"follow","max-snippet":"max-snippet:-1","max-image-preview":"max-image-preview:large","max-video-preview":"max-video-preview:-1"},"canonical":"https:\/\/www.ac-am.fr\/index.php\/1999\/07\/02\/un-voyage-hors-du-corps\/","og_locale":"fr_FR","og_type":"article","og_title":"Un voyage hors du corps. - Autre Conscience, Autre Monde","og_description":"Un voyage hors du corps. Un jour de week-end, alors que je vaquais (?) \u00e0...","og_url":"https:\/\/www.ac-am.fr\/index.php\/1999\/07\/02\/un-voyage-hors-du-corps\/","og_site_name":"Autre Conscience, Autre Monde","article_publisher":"https:\/\/fr-fr.facebook.com\/claude.acam\/","article_published_time":"1999-07-02T09:13:38+00:00","article_modified_time":"2015-12-12T09:35:55+00:00","og_image":[{"url":"http:\/\/www.ac-am.fr\/wp-content\/uploads\/2015\/09\/barre_mr.gif","type":"","width":"","height":""}],"author":"Michel O.","twitter_card":"summary_large_image","twitter_misc":{"\u00c9crit par":"Michel O.","Dur\u00e9e de lecture estim\u00e9e":"2 minutes"},"schema":{"@context":"https:\/\/schema.org","@graph":[{"@type":"Article","@id":"https:\/\/www.ac-am.fr\/index.php\/1999\/07\/02\/un-voyage-hors-du-corps\/#article","isPartOf":{"@id":"https:\/\/www.ac-am.fr\/index.php\/1999\/07\/02\/un-voyage-hors-du-corps\/"},"author":{"name":"Michel O.","@id":"https:\/\/www.ac-am.fr\/#\/schema\/person\/24ab6470f137a4b865974f09aa354bbf"},"headline":"Un voyage hors du corps.","datePublished":"1999-07-02T09:13:38+00:00","dateModified":"2015-12-12T09:35:55+00:00","mainEntityOfPage":{"@id":"https:\/\/www.ac-am.fr\/index.php\/1999\/07\/02\/un-voyage-hors-du-corps\/"},"wordCount":426,"publisher":{"@id":"https:\/\/www.ac-am.fr\/#organization"},"image":{"@id":"https:\/\/www.ac-am.fr\/index.php\/1999\/07\/02\/un-voyage-hors-du-corps\/#primaryimage"},"thumbnailUrl":"http:\/\/www.ac-am.fr\/wp-content\/uploads\/2015\/09\/barre_mr.gif","articleSection":["1999 \u2013 POUVOIRS CACH\u00c9S"],"inLanguage":"fr-FR"},{"@type":"WebPage","@id":"https:\/\/www.ac-am.fr\/index.php\/1999\/07\/02\/un-voyage-hors-du-corps\/","url":"https:\/\/www.ac-am.fr\/index.php\/1999\/07\/02\/un-voyage-hors-du-corps\/","name":"Un voyage hors du corps. - Autre Conscience, Autre Monde","isPartOf":{"@id":"https:\/\/www.ac-am.fr\/#website"},"primaryImageOfPage":{"@id":"https:\/\/www.ac-am.fr\/index.php\/1999\/07\/02\/un-voyage-hors-du-corps\/#primaryimage"},"image":{"@id":"https:\/\/www.ac-am.fr\/index.php\/1999\/07\/02\/un-voyage-hors-du-corps\/#primaryimage"},"thumbnailUrl":"http:\/\/www.ac-am.fr\/wp-content\/uploads\/2015\/09\/barre_mr.gif","datePublished":"1999-07-02T09:13:38+00:00","dateModified":"2015-12-12T09:35:55+00:00","breadcrumb":{"@id":"https:\/\/www.ac-am.fr\/index.php\/1999\/07\/02\/un-voyage-hors-du-corps\/#breadcrumb"},"inLanguage":"fr-FR","potentialAction":[{"@type":"ReadAction","target":["https:\/\/www.ac-am.fr\/index.php\/1999\/07\/02\/un-voyage-hors-du-corps\/"]}]},{"@type":"ImageObject","inLanguage":"fr-FR","@id":"https:\/\/www.ac-am.fr\/index.php\/1999\/07\/02\/un-voyage-hors-du-corps\/#primaryimage","url":"https:\/\/www.ac-am.fr\/wp-content\/uploads\/2015\/09\/barre_mr.gif","contentUrl":"https:\/\/www.ac-am.fr\/wp-content\/uploads\/2015\/09\/barre_mr.gif","width":550,"height":7,"caption":"barre marron"},{"@type":"BreadcrumbList","@id":"https:\/\/www.ac-am.fr\/index.php\/1999\/07\/02\/un-voyage-hors-du-corps\/#breadcrumb","itemListElement":[{"@type":"ListItem","position":1,"name":"Accueil","item":"https:\/\/www.ac-am.fr\/"},{"@type":"ListItem","position":2,"name":"Un voyage hors du corps."}]},{"@type":"WebSite","@id":"https:\/\/www.ac-am.fr\/#website","url":"https:\/\/www.ac-am.fr\/","name":"Autre Conscience, Autre Monde","description":"","publisher":{"@id":"https:\/\/www.ac-am.fr\/#organization"},"potentialAction":[{"@type":"SearchAction","target":{"@type":"EntryPoint","urlTemplate":"https:\/\/www.ac-am.fr\/?s={search_term_string}"},"query-input":{"@type":"PropertyValueSpecification","valueRequired":true,"valueName":"search_term_string"}}],"inLanguage":"fr-FR"},{"@type":"Organization","@id":"https:\/\/www.ac-am.fr\/#organization","name":"Autre Conscience, Autre Monde","url":"https:\/\/www.ac-am.fr\/","logo":{"@type":"ImageObject","inLanguage":"fr-FR","@id":"https:\/\/www.ac-am.fr\/#\/schema\/logo\/image\/","url":"https:\/\/www.ac-am.fr\/wp-content\/uploads\/2015\/10\/bd_ac_am.gif","contentUrl":"https:\/\/www.ac-am.fr\/wp-content\/uploads\/2015\/10\/bd_ac_am.gif","width":370,"height":65,"caption":"Autre Conscience, Autre Monde"},"image":{"@id":"https:\/\/www.ac-am.fr\/#\/schema\/logo\/image\/"},"sameAs":["https:\/\/fr-fr.facebook.com\/claude.acam\/","https:\/\/www.youtube.com\/user\/consciencemonde"]},{"@type":"Person","@id":"https:\/\/www.ac-am.fr\/#\/schema\/person\/24ab6470f137a4b865974f09aa354bbf","name":"Michel O.","image":{"@type":"ImageObject","inLanguage":"fr-FR","@id":"https:\/\/www.ac-am.fr\/#\/schema\/person\/image\/","url":"https:\/\/secure.gravatar.com\/avatar\/00bed1db60da435ea80afac9318f181cbd38b7eb37b49533db6310745494a634?s=96&d=identicon&r=g","contentUrl":"https:\/\/secure.gravatar.com\/avatar\/00bed1db60da435ea80afac9318f181cbd38b7eb37b49533db6310745494a634?s=96&d=identicon&r=g","caption":"Michel O."},"url":"https:\/\/www.ac-am.fr\/index.php\/author\/michel-o\/"}]}},"_links":{"self":[{"href":"https:\/\/www.ac-am.fr\/index.php\/wp-json\/wp\/v2\/posts\/2316","targetHints":{"allow":["GET"]}}],"collection":[{"href":"https:\/\/www.ac-am.fr\/index.php\/wp-json\/wp\/v2\/posts"}],"about":[{"href":"https:\/\/www.ac-am.fr\/index.php\/wp-json\/wp\/v2\/types\/post"}],"author":[{"embeddable":true,"href":"https:\/\/www.ac-am.fr\/index.php\/wp-json\/wp\/v2\/users\/65"}],"replies":[{"embeddable":true,"href":"https:\/\/www.ac-am.fr\/index.php\/wp-json\/wp\/v2\/comments?post=2316"}],"version-history":[{"count":3,"href":"https:\/\/www.ac-am.fr\/index.php\/wp-json\/wp\/v2\/posts\/2316\/revisions"}],"predecessor-version":[{"id":2319,"href":"https:\/\/www.ac-am.fr\/index.php\/wp-json\/wp\/v2\/posts\/2316\/revisions\/2319"}],"wp:attachment":[{"href":"https:\/\/www.ac-am.fr\/index.php\/wp-json\/wp\/v2\/media?parent=2316"}],"wp:term":[{"taxonomy":"category","embeddable":true,"href":"https:\/\/www.ac-am.fr\/index.php\/wp-json\/wp\/v2\/categories?post=2316"},{"taxonomy":"post_tag","embeddable":true,"href":"https:\/\/www.ac-am.fr\/index.php\/wp-json\/wp\/v2\/tags?post=2316"}],"curies":[{"name":"wp","href":"https:\/\/api.w.org\/{rel}","templated":true}]}}