{"id":2486,"date":"1997-04-23T12:17:39","date_gmt":"1997-04-23T11:17:39","guid":{"rendered":"https:\/\/www.ac-am.fr\/?p=2486"},"modified":"2016-01-06T20:14:56","modified_gmt":"2016-01-06T19:14:56","slug":"deuxieme-temoignage-de-daniel","status":"publish","type":"post","link":"https:\/\/www.ac-am.fr\/index.php\/1997\/04\/23\/deuxieme-temoignage-de-daniel\/","title":{"rendered":"Deuxi\u00e8me t\u00e9moignage de Daniel&#8230;"},"content":{"rendered":"<div id=\"vie_ET\" style=\"background-attachment: fixed; border: 2px solid #dfe6de; border-radius: 10px; opacity: 0.90;\">\n<table class=\"aligncenter\" style=\"width: 600px;\" border=\"0\">\n<tbody>\n<tr>\n<td>\n<table class=\"aligncenter\" style=\"width: 567px; height: 190px;\" border=\"0\">\n<tbody>\n<tr>\n<td><img decoding=\"async\" class=\"aligncenter\" src=\"http:\/\/www.ac-am.fr\/wp-content\/uploads\/2015\/09\/barre_vt.gif\" alt=\"\" border=\"0\" \/><\/td>\n<\/tr>\n<tr>\n<td style=\"text-align: left;\"><img loading=\"lazy\" decoding=\"async\" src=\"http:\/\/www.ac-am.fr\/wp-content\/uploads\/2015\/11\/retedest.gif\" alt=\"R\u00e9flexions et T\u00e9moignages\" width=\"380\" height=\"100\" border=\"0\" \/><img loading=\"lazy\" decoding=\"async\" src=\"http:\/\/www.ac-am.fr\/wp-content\/uploads\/2015\/09\/cal1997.gif\" alt=\"Ann\u00e9e 1997\" width=\"150\" height=\"100\" border=\"0\" \/><\/td>\n<\/tr>\n<tr>\n<td><img decoding=\"async\" class=\"aligncenter\" src=\"http:\/\/www.ac-am.fr\/wp-content\/uploads\/2015\/09\/barre_vt.gif\" alt=\"\" border=\"0\" \/><\/td>\n<\/tr>\n<\/tbody>\n<\/table>\n<table class=\"aligncenter\" style=\"width: 590px;\" border=\"0\">\n<tbody>\n<tr>\n<td><a name=\"Daniel01_ET97_01\"><\/a><b class=\"ntitre1\">Deuxi\u00e8me t\u00e9moignage de Daniel&#8230;<\/b><\/td>\n<\/tr>\n<tr>\n<td colspan=\"2\"><img decoding=\"async\" class=\"aligncenter\" src=\"http:\/\/www.ac-am.fr\/wp-content\/uploads\/2015\/09\/barre_mr.gif\" alt=\"\" border=\"0\" \/><\/td>\n<\/tr>\n<tr>\n<td style=\"text-align: left;\"><span class=\"gmoyen\"><img decoding=\"async\" src=\"http:\/\/www.ac-am.fr\/wp-content\/uploads\/2015\/09\/ball01.gif\" alt=\"\" border=\"0\" \/> Voici donc mon <a href=\"http:\/\/www.ac-am.fr\/index.php\/1996\/12\/08\/un-tres-beau-temoignage-de-daniel-b\/\">deuxi\u00e8me t\u00e9moignage<\/a> \u00e0 propos d&rsquo;un objet volant quelque peu inusit\u00e9.<\/span><\/p>\n<p> <span class=\"gmoyen\"><img decoding=\"async\" src=\"http:\/\/www.ac-am.fr\/wp-content\/uploads\/2015\/09\/ball01.gif\" alt=\"\" border=\"0\" \/> Un beau soir d&rsquo;hiver de 1980 ou 81, le ciel est d\u00e9gag\u00e9, le froid sec, et la neige crisse sous nos pas. Mon copain et moi marchons dans la cour chez mes parents, question de se d\u00e9gourdir un peu. La maison se trouve en campagne, entre les petites villes de Windsor et Richmond, dans la province de Qu\u00e9bec, au Canada.<\/span><\/p>\n<p> <span class=\"gmoyen\"><img decoding=\"async\" src=\"http:\/\/www.ac-am.fr\/wp-content\/uploads\/2015\/09\/ball01.gif\" alt=\"\" border=\"0\" \/> Comme j&rsquo;ai l&rsquo;habitude d&rsquo;observer la vo\u00fbte \u00e9toil\u00e9e, je suis tout \u00e0 coup intrigu\u00e9 par un corps c\u00e9leste inhabituel, \u00e0 l&rsquo;ouest, brillant comme une grosse \u00e9toile, scintillant de rouge, de vert, et de bleu. Apr\u00e8s avoir march\u00e9 quelques allers et retours, l&rsquo;objet ne bouge toujours pas. Sans doute \u00e0 force de l&rsquo;observer, j&rsquo;ai de plus en plus la certitude qu&rsquo;il s&rsquo;agit de quelque chose de relativement pr\u00e8s de nous, et par cons\u00e9quent, ce ne peut \u00eatre un corps c\u00e9leste. Intrigu\u00e9, je me pr\u00e9cipite \u00e0 la maison pour y prendre l&rsquo;unique instrument d&rsquo;observation disponible : une paire de jumelle 7X35.<\/span><\/p>\n<p> <span class=\"gmoyen\"><img decoding=\"async\" src=\"http:\/\/www.ac-am.fr\/wp-content\/uploads\/2015\/09\/ball01.gif\" alt=\"\" border=\"0\" \/> A ma grande surprise, lorsque j&rsquo;arrive \u00e0 l&rsquo;ext\u00e9rieur, l&rsquo;objet se d\u00e9place en direction sud-ouest. J&rsquo;appuie les jumelles contre un arbre et j&rsquo;observe ceci :<\/span><\/td>\n<\/tr>\n<tr>\n<td style=\"text-align: left;\">\n<table class=\"aligncenter\" style=\"width: 585px;\" border=\"0\">\n<tbody>\n<tr>\n<td style=\"text-align: left;\" colspan=\"2\"><span class=\"gmoyen\"><img decoding=\"async\" src=\"http:\/\/www.ac-am.fr\/wp-content\/uploads\/2015\/09\/ball01.gif\" alt=\"\" border=\"0\" \/> Un objet ayant la forme d&rsquo;une demi-sph\u00e8re, surface courbe vers le haut, sur laquelle tournent trois couleurs de forte intensit\u00e9, l&rsquo;une derri\u00e8re l&rsquo;autre. La demi-sph\u00e8re devient tant\u00f4t presque enti\u00e8rement rouge, tant\u00f4t presque enti\u00e8rement verte ou bleue. Le cycle giratoire est d&rsquo;environ une seconde. Sous la demi-sph\u00e8re, une autre demi-sph\u00e8re plus petite,<\/span><\/td>\n<\/tr>\n<tr>\n<td style=\"text-align: left;\"><span class=\"gmoyen\">invers\u00e9e par rapport \u00e0 la plus grosse et directement juxtapos\u00e9e sous cette derni\u00e8re, au centre, \u00e9met une puissante lumi\u00e8re blanche et diffuse.<\/span><\/td>\n<td style=\"text-align: left; vertical-align: middle;\"><img decoding=\"async\" src=\"http:\/\/www.ac-am.fr\/wp-content\/uploads\/2015\/12\/ovni_dan.gif\" alt=\"\" align=\"RIGHT\" border=\"0\" hspace=\"5\" \/><\/td>\n<\/tr>\n<tr>\n<td style=\"text-align: left;\" colspan=\"2\"><span class=\"gmoyen\">Je pourrais presque ne pas remarquer deux traits obliques jaunes de chaque c\u00f4t\u00e9 de l&rsquo;objet, et \u00e0 \u00e9gale distance de lui. Ces traits, je ne me rappelle pas avec pr\u00e9cision si leur sommet s&rsquo;\u00e9l\u00e8ve plus haut que la base de la grande demi-sph\u00e8re, mais je me souviens tr\u00e8s bien que la majeure partie se situe sous la base.<\/span><\/td>\n<\/tr>\n<\/tbody>\n<\/table>\n<\/td>\n<\/tr>\n<tr>\n<td style=\"text-align: left;\"><span class=\"gmoyen\"><img decoding=\"async\" src=\"http:\/\/www.ac-am.fr\/wp-content\/uploads\/2015\/09\/ball01.gif\" alt=\"\" border=\"0\" \/> L&rsquo;objet garda le cap et l&rsquo;altitude jusqu&rsquo;\u00e0 perte de vue, et aucun son ne fut entendu, en aucun moment.<\/span><\/p>\n<p> <span class=\"gmoyen\">[<a href=\"boites.htm#Daniel01\">Daniel B. &#8211; le 23-04-97<\/a>]<\/span><\/td>\n<\/tr>\n<\/tbody>\n<\/table>\n<\/td>\n<\/tr>\n<\/tbody>\n<\/table>\n<\/div>\n<div style=\"padding-bottom:20px; padding-top:10px;\" class=\"hupso-share-buttons\"><!-- Hupso Share Buttons - https:\/\/www.hupso.com\/share\/ --><a class=\"hupso_toolbar\" href=\"https:\/\/www.hupso.com\/share\/\"><img decoding=\"async\" src=\"https:\/\/static.hupso.com\/share\/buttons\/lang\/fr\/share.png\" style=\"border:0px; padding-top: 5px; float:left;\" alt=\"Share Button\"\/><\/a><script type=\"text\/javascript\">var hupso_services_t=new Array(\"Twitter\",\"Facebook\",\"Google Plus\");var hupso_background_t=\"#EAF4FF\";var hupso_border_t=\"#66CCFF\";var hupso_toolbar_size_t=\"big\";var hupso_image_folder_url = \"\";var hupso_url_t=\"\";var hupso_title_t=\"Deuxi%C3%A8me%20t%C3%A9moignage%20de%20Daniel...\";<\/script><script type=\"text\/javascript\" src=\"https:\/\/static.hupso.com\/share\/js\/share_toolbar.js\"><\/script><!-- Hupso Share Buttons --><\/div>","protected":false},"excerpt":{"rendered":"<p>Deuxi\u00e8me t\u00e9moignage de Daniel&#8230; Voici donc mon deuxi\u00e8me t\u00e9moignage \u00e0 propos d&rsquo;un objet volant quelque&#8230;<\/p>\n","protected":false},"author":75,"featured_media":0,"comment_status":"closed","ping_status":"open","sticky":false,"template":"","format":"standard","meta":{"footnotes":""},"categories":[253],"tags":[],"class_list":["post-2486","post","type-post","status-publish","format-standard","hentry","category-1997-vie-extraterrestre"],"yoast_head":"<!-- This site is optimized with the Yoast SEO plugin v26.9 - https:\/\/yoast.com\/product\/yoast-seo-wordpress\/ -->\n<title>Deuxi\u00e8me t\u00e9moignage de Daniel... - Autre Conscience, Autre Monde<\/title>\n<meta name=\"robots\" content=\"index, follow, max-snippet:-1, max-image-preview:large, max-video-preview:-1\" \/>\n<link rel=\"canonical\" href=\"https:\/\/www.ac-am.fr\/index.php\/1997\/04\/23\/deuxieme-temoignage-de-daniel\/\" \/>\n<meta property=\"og:locale\" content=\"fr_FR\" \/>\n<meta property=\"og:type\" content=\"article\" \/>\n<meta property=\"og:title\" content=\"Deuxi\u00e8me t\u00e9moignage de Daniel... - Autre Conscience, Autre Monde\" \/>\n<meta property=\"og:description\" content=\"Deuxi\u00e8me t\u00e9moignage de Daniel&#8230; Voici donc mon deuxi\u00e8me t\u00e9moignage \u00e0 propos d&rsquo;un objet volant quelque...\" \/>\n<meta property=\"og:url\" content=\"https:\/\/www.ac-am.fr\/index.php\/1997\/04\/23\/deuxieme-temoignage-de-daniel\/\" \/>\n<meta property=\"og:site_name\" content=\"Autre Conscience, Autre Monde\" \/>\n<meta property=\"article:publisher\" content=\"https:\/\/fr-fr.facebook.com\/claude.acam\/\" \/>\n<meta property=\"article:published_time\" content=\"1997-04-23T11:17:39+00:00\" \/>\n<meta property=\"article:modified_time\" content=\"2016-01-06T19:14:56+00:00\" \/>\n<meta property=\"og:image\" content=\"http:\/\/www.ac-am.fr\/wp-content\/uploads\/2015\/09\/barre_vt.gif\" \/>\n<meta name=\"author\" content=\"Daniel B.\" \/>\n<meta name=\"twitter:card\" content=\"summary_large_image\" \/>\n<meta name=\"twitter:label1\" content=\"\u00c9crit par\" \/>\n\t<meta name=\"twitter:data1\" content=\"Daniel B.\" \/>\n\t<meta name=\"twitter:label2\" content=\"Dur\u00e9e de lecture estim\u00e9e\" \/>\n\t<meta name=\"twitter:data2\" content=\"2 minutes\" \/>\n<script type=\"application\/ld+json\" class=\"yoast-schema-graph\">{\"@context\":\"https:\/\/schema.org\",\"@graph\":[{\"@type\":\"Article\",\"@id\":\"https:\/\/www.ac-am.fr\/index.php\/1997\/04\/23\/deuxieme-temoignage-de-daniel\/#article\",\"isPartOf\":{\"@id\":\"https:\/\/www.ac-am.fr\/index.php\/1997\/04\/23\/deuxieme-temoignage-de-daniel\/\"},\"author\":{\"name\":\"Daniel B.\",\"@id\":\"https:\/\/www.ac-am.fr\/#\/schema\/person\/d120aba079794ac54fe83a40f8c50c57\"},\"headline\":\"Deuxi\u00e8me t\u00e9moignage de Daniel&#8230;\",\"datePublished\":\"1997-04-23T11:17:39+00:00\",\"dateModified\":\"2016-01-06T19:14:56+00:00\",\"mainEntityOfPage\":{\"@id\":\"https:\/\/www.ac-am.fr\/index.php\/1997\/04\/23\/deuxieme-temoignage-de-daniel\/\"},\"wordCount\":410,\"publisher\":{\"@id\":\"https:\/\/www.ac-am.fr\/#organization\"},\"image\":{\"@id\":\"https:\/\/www.ac-am.fr\/index.php\/1997\/04\/23\/deuxieme-temoignage-de-daniel\/#primaryimage\"},\"thumbnailUrl\":\"http:\/\/www.ac-am.fr\/wp-content\/uploads\/2015\/09\/barre_vt.gif\",\"articleSection\":[\"1997 \u2013 VIE EXTRATERRESTRE\"],\"inLanguage\":\"fr-FR\"},{\"@type\":\"WebPage\",\"@id\":\"https:\/\/www.ac-am.fr\/index.php\/1997\/04\/23\/deuxieme-temoignage-de-daniel\/\",\"url\":\"https:\/\/www.ac-am.fr\/index.php\/1997\/04\/23\/deuxieme-temoignage-de-daniel\/\",\"name\":\"Deuxi\u00e8me t\u00e9moignage de Daniel... - Autre Conscience, Autre Monde\",\"isPartOf\":{\"@id\":\"https:\/\/www.ac-am.fr\/#website\"},\"primaryImageOfPage\":{\"@id\":\"https:\/\/www.ac-am.fr\/index.php\/1997\/04\/23\/deuxieme-temoignage-de-daniel\/#primaryimage\"},\"image\":{\"@id\":\"https:\/\/www.ac-am.fr\/index.php\/1997\/04\/23\/deuxieme-temoignage-de-daniel\/#primaryimage\"},\"thumbnailUrl\":\"http:\/\/www.ac-am.fr\/wp-content\/uploads\/2015\/09\/barre_vt.gif\",\"datePublished\":\"1997-04-23T11:17:39+00:00\",\"dateModified\":\"2016-01-06T19:14:56+00:00\",\"breadcrumb\":{\"@id\":\"https:\/\/www.ac-am.fr\/index.php\/1997\/04\/23\/deuxieme-temoignage-de-daniel\/#breadcrumb\"},\"inLanguage\":\"fr-FR\",\"potentialAction\":[{\"@type\":\"ReadAction\",\"target\":[\"https:\/\/www.ac-am.fr\/index.php\/1997\/04\/23\/deuxieme-temoignage-de-daniel\/\"]}]},{\"@type\":\"ImageObject\",\"inLanguage\":\"fr-FR\",\"@id\":\"https:\/\/www.ac-am.fr\/index.php\/1997\/04\/23\/deuxieme-temoignage-de-daniel\/#primaryimage\",\"url\":\"https:\/\/www.ac-am.fr\/wp-content\/uploads\/2015\/09\/barre_vt.gif\",\"contentUrl\":\"https:\/\/www.ac-am.fr\/wp-content\/uploads\/2015\/09\/barre_vt.gif\",\"width\":550,\"height\":7,\"caption\":\"Barre verte\"},{\"@type\":\"BreadcrumbList\",\"@id\":\"https:\/\/www.ac-am.fr\/index.php\/1997\/04\/23\/deuxieme-temoignage-de-daniel\/#breadcrumb\",\"itemListElement\":[{\"@type\":\"ListItem\",\"position\":1,\"name\":\"Accueil\",\"item\":\"https:\/\/www.ac-am.fr\/\"},{\"@type\":\"ListItem\",\"position\":2,\"name\":\"Deuxi\u00e8me t\u00e9moignage de Daniel&#8230;\"}]},{\"@type\":\"WebSite\",\"@id\":\"https:\/\/www.ac-am.fr\/#website\",\"url\":\"https:\/\/www.ac-am.fr\/\",\"name\":\"Autre Conscience, Autre Monde\",\"description\":\"\",\"publisher\":{\"@id\":\"https:\/\/www.ac-am.fr\/#organization\"},\"potentialAction\":[{\"@type\":\"SearchAction\",\"target\":{\"@type\":\"EntryPoint\",\"urlTemplate\":\"https:\/\/www.ac-am.fr\/?s={search_term_string}\"},\"query-input\":{\"@type\":\"PropertyValueSpecification\",\"valueRequired\":true,\"valueName\":\"search_term_string\"}}],\"inLanguage\":\"fr-FR\"},{\"@type\":\"Organization\",\"@id\":\"https:\/\/www.ac-am.fr\/#organization\",\"name\":\"Autre Conscience, Autre Monde\",\"url\":\"https:\/\/www.ac-am.fr\/\",\"logo\":{\"@type\":\"ImageObject\",\"inLanguage\":\"fr-FR\",\"@id\":\"https:\/\/www.ac-am.fr\/#\/schema\/logo\/image\/\",\"url\":\"https:\/\/www.ac-am.fr\/wp-content\/uploads\/2015\/10\/bd_ac_am.gif\",\"contentUrl\":\"https:\/\/www.ac-am.fr\/wp-content\/uploads\/2015\/10\/bd_ac_am.gif\",\"width\":370,\"height\":65,\"caption\":\"Autre Conscience, Autre Monde\"},\"image\":{\"@id\":\"https:\/\/www.ac-am.fr\/#\/schema\/logo\/image\/\"},\"sameAs\":[\"https:\/\/fr-fr.facebook.com\/claude.acam\/\",\"https:\/\/www.youtube.com\/user\/consciencemonde\"]},{\"@type\":\"Person\",\"@id\":\"https:\/\/www.ac-am.fr\/#\/schema\/person\/d120aba079794ac54fe83a40f8c50c57\",\"name\":\"Daniel B.\",\"image\":{\"@type\":\"ImageObject\",\"inLanguage\":\"fr-FR\",\"@id\":\"https:\/\/www.ac-am.fr\/#\/schema\/person\/image\/\",\"url\":\"https:\/\/secure.gravatar.com\/avatar\/0d41aa7f57bf204277278c76b8f3a0627a60bb4c44c6c8c482a47d03d0f20dd0?s=96&d=identicon&r=g\",\"contentUrl\":\"https:\/\/secure.gravatar.com\/avatar\/0d41aa7f57bf204277278c76b8f3a0627a60bb4c44c6c8c482a47d03d0f20dd0?s=96&d=identicon&r=g\",\"caption\":\"Daniel B.\"},\"url\":\"https:\/\/www.ac-am.fr\/index.php\/author\/daniel-b\/\"}]}<\/script>\n<!-- \/ Yoast SEO plugin. -->","yoast_head_json":{"title":"Deuxi\u00e8me t\u00e9moignage de Daniel... - Autre Conscience, Autre Monde","robots":{"index":"index","follow":"follow","max-snippet":"max-snippet:-1","max-image-preview":"max-image-preview:large","max-video-preview":"max-video-preview:-1"},"canonical":"https:\/\/www.ac-am.fr\/index.php\/1997\/04\/23\/deuxieme-temoignage-de-daniel\/","og_locale":"fr_FR","og_type":"article","og_title":"Deuxi\u00e8me t\u00e9moignage de Daniel... - Autre Conscience, Autre Monde","og_description":"Deuxi\u00e8me t\u00e9moignage de Daniel&#8230; Voici donc mon deuxi\u00e8me t\u00e9moignage \u00e0 propos d&rsquo;un objet volant quelque...","og_url":"https:\/\/www.ac-am.fr\/index.php\/1997\/04\/23\/deuxieme-temoignage-de-daniel\/","og_site_name":"Autre Conscience, Autre Monde","article_publisher":"https:\/\/fr-fr.facebook.com\/claude.acam\/","article_published_time":"1997-04-23T11:17:39+00:00","article_modified_time":"2016-01-06T19:14:56+00:00","og_image":[{"url":"http:\/\/www.ac-am.fr\/wp-content\/uploads\/2015\/09\/barre_vt.gif","type":"","width":"","height":""}],"author":"Daniel B.","twitter_card":"summary_large_image","twitter_misc":{"\u00c9crit par":"Daniel B.","Dur\u00e9e de lecture estim\u00e9e":"2 minutes"},"schema":{"@context":"https:\/\/schema.org","@graph":[{"@type":"Article","@id":"https:\/\/www.ac-am.fr\/index.php\/1997\/04\/23\/deuxieme-temoignage-de-daniel\/#article","isPartOf":{"@id":"https:\/\/www.ac-am.fr\/index.php\/1997\/04\/23\/deuxieme-temoignage-de-daniel\/"},"author":{"name":"Daniel B.","@id":"https:\/\/www.ac-am.fr\/#\/schema\/person\/d120aba079794ac54fe83a40f8c50c57"},"headline":"Deuxi\u00e8me t\u00e9moignage de Daniel&#8230;","datePublished":"1997-04-23T11:17:39+00:00","dateModified":"2016-01-06T19:14:56+00:00","mainEntityOfPage":{"@id":"https:\/\/www.ac-am.fr\/index.php\/1997\/04\/23\/deuxieme-temoignage-de-daniel\/"},"wordCount":410,"publisher":{"@id":"https:\/\/www.ac-am.fr\/#organization"},"image":{"@id":"https:\/\/www.ac-am.fr\/index.php\/1997\/04\/23\/deuxieme-temoignage-de-daniel\/#primaryimage"},"thumbnailUrl":"http:\/\/www.ac-am.fr\/wp-content\/uploads\/2015\/09\/barre_vt.gif","articleSection":["1997 \u2013 VIE EXTRATERRESTRE"],"inLanguage":"fr-FR"},{"@type":"WebPage","@id":"https:\/\/www.ac-am.fr\/index.php\/1997\/04\/23\/deuxieme-temoignage-de-daniel\/","url":"https:\/\/www.ac-am.fr\/index.php\/1997\/04\/23\/deuxieme-temoignage-de-daniel\/","name":"Deuxi\u00e8me t\u00e9moignage de Daniel... - Autre Conscience, Autre Monde","isPartOf":{"@id":"https:\/\/www.ac-am.fr\/#website"},"primaryImageOfPage":{"@id":"https:\/\/www.ac-am.fr\/index.php\/1997\/04\/23\/deuxieme-temoignage-de-daniel\/#primaryimage"},"image":{"@id":"https:\/\/www.ac-am.fr\/index.php\/1997\/04\/23\/deuxieme-temoignage-de-daniel\/#primaryimage"},"thumbnailUrl":"http:\/\/www.ac-am.fr\/wp-content\/uploads\/2015\/09\/barre_vt.gif","datePublished":"1997-04-23T11:17:39+00:00","dateModified":"2016-01-06T19:14:56+00:00","breadcrumb":{"@id":"https:\/\/www.ac-am.fr\/index.php\/1997\/04\/23\/deuxieme-temoignage-de-daniel\/#breadcrumb"},"inLanguage":"fr-FR","potentialAction":[{"@type":"ReadAction","target":["https:\/\/www.ac-am.fr\/index.php\/1997\/04\/23\/deuxieme-temoignage-de-daniel\/"]}]},{"@type":"ImageObject","inLanguage":"fr-FR","@id":"https:\/\/www.ac-am.fr\/index.php\/1997\/04\/23\/deuxieme-temoignage-de-daniel\/#primaryimage","url":"https:\/\/www.ac-am.fr\/wp-content\/uploads\/2015\/09\/barre_vt.gif","contentUrl":"https:\/\/www.ac-am.fr\/wp-content\/uploads\/2015\/09\/barre_vt.gif","width":550,"height":7,"caption":"Barre verte"},{"@type":"BreadcrumbList","@id":"https:\/\/www.ac-am.fr\/index.php\/1997\/04\/23\/deuxieme-temoignage-de-daniel\/#breadcrumb","itemListElement":[{"@type":"ListItem","position":1,"name":"Accueil","item":"https:\/\/www.ac-am.fr\/"},{"@type":"ListItem","position":2,"name":"Deuxi\u00e8me t\u00e9moignage de Daniel&#8230;"}]},{"@type":"WebSite","@id":"https:\/\/www.ac-am.fr\/#website","url":"https:\/\/www.ac-am.fr\/","name":"Autre Conscience, Autre Monde","description":"","publisher":{"@id":"https:\/\/www.ac-am.fr\/#organization"},"potentialAction":[{"@type":"SearchAction","target":{"@type":"EntryPoint","urlTemplate":"https:\/\/www.ac-am.fr\/?s={search_term_string}"},"query-input":{"@type":"PropertyValueSpecification","valueRequired":true,"valueName":"search_term_string"}}],"inLanguage":"fr-FR"},{"@type":"Organization","@id":"https:\/\/www.ac-am.fr\/#organization","name":"Autre Conscience, Autre Monde","url":"https:\/\/www.ac-am.fr\/","logo":{"@type":"ImageObject","inLanguage":"fr-FR","@id":"https:\/\/www.ac-am.fr\/#\/schema\/logo\/image\/","url":"https:\/\/www.ac-am.fr\/wp-content\/uploads\/2015\/10\/bd_ac_am.gif","contentUrl":"https:\/\/www.ac-am.fr\/wp-content\/uploads\/2015\/10\/bd_ac_am.gif","width":370,"height":65,"caption":"Autre Conscience, Autre Monde"},"image":{"@id":"https:\/\/www.ac-am.fr\/#\/schema\/logo\/image\/"},"sameAs":["https:\/\/fr-fr.facebook.com\/claude.acam\/","https:\/\/www.youtube.com\/user\/consciencemonde"]},{"@type":"Person","@id":"https:\/\/www.ac-am.fr\/#\/schema\/person\/d120aba079794ac54fe83a40f8c50c57","name":"Daniel B.","image":{"@type":"ImageObject","inLanguage":"fr-FR","@id":"https:\/\/www.ac-am.fr\/#\/schema\/person\/image\/","url":"https:\/\/secure.gravatar.com\/avatar\/0d41aa7f57bf204277278c76b8f3a0627a60bb4c44c6c8c482a47d03d0f20dd0?s=96&d=identicon&r=g","contentUrl":"https:\/\/secure.gravatar.com\/avatar\/0d41aa7f57bf204277278c76b8f3a0627a60bb4c44c6c8c482a47d03d0f20dd0?s=96&d=identicon&r=g","caption":"Daniel B."},"url":"https:\/\/www.ac-am.fr\/index.php\/author\/daniel-b\/"}]}},"_links":{"self":[{"href":"https:\/\/www.ac-am.fr\/index.php\/wp-json\/wp\/v2\/posts\/2486","targetHints":{"allow":["GET"]}}],"collection":[{"href":"https:\/\/www.ac-am.fr\/index.php\/wp-json\/wp\/v2\/posts"}],"about":[{"href":"https:\/\/www.ac-am.fr\/index.php\/wp-json\/wp\/v2\/types\/post"}],"author":[{"embeddable":true,"href":"https:\/\/www.ac-am.fr\/index.php\/wp-json\/wp\/v2\/users\/75"}],"replies":[{"embeddable":true,"href":"https:\/\/www.ac-am.fr\/index.php\/wp-json\/wp\/v2\/comments?post=2486"}],"version-history":[{"count":4,"href":"https:\/\/www.ac-am.fr\/index.php\/wp-json\/wp\/v2\/posts\/2486\/revisions"}],"predecessor-version":[{"id":2493,"href":"https:\/\/www.ac-am.fr\/index.php\/wp-json\/wp\/v2\/posts\/2486\/revisions\/2493"}],"wp:attachment":[{"href":"https:\/\/www.ac-am.fr\/index.php\/wp-json\/wp\/v2\/media?parent=2486"}],"wp:term":[{"taxonomy":"category","embeddable":true,"href":"https:\/\/www.ac-am.fr\/index.php\/wp-json\/wp\/v2\/categories?post=2486"},{"taxonomy":"post_tag","embeddable":true,"href":"https:\/\/www.ac-am.fr\/index.php\/wp-json\/wp\/v2\/tags?post=2486"}],"curies":[{"name":"wp","href":"https:\/\/api.w.org\/{rel}","templated":true}]}}