{"id":2527,"date":"1997-09-14T19:26:33","date_gmt":"1997-09-14T18:26:33","guid":{"rendered":"https:\/\/www.ac-am.fr\/?p=2527"},"modified":"2016-01-10T12:06:02","modified_gmt":"2016-01-10T11:06:02","slug":"pourquoi-chercher-si-loin","status":"publish","type":"post","link":"https:\/\/www.ac-am.fr\/index.php\/1997\/09\/14\/pourquoi-chercher-si-loin\/","title":{"rendered":"Pourquoi chercher si loin ?"},"content":{"rendered":"<div id=\"vie_ET\" style=\"background-attachment: fixed; border: 2px solid #dfe6de; border-radius: 10px; opacity: 0.90;\">\n<table class=\"aligncenter\" style=\"width: 600px;\" border=\"0\">\n<tbody>\n<tr>\n<td>\n<table class=\"aligncenter\" style=\"width: 567px; height: 190px;\" border=\"0\">\n<tbody>\n<tr>\n<td><img decoding=\"async\" class=\"aligncenter\" src=\"http:\/\/www.ac-am.fr\/wp-content\/uploads\/2015\/09\/barre_vt.gif\" alt=\"\" border=\"0\" \/><\/td>\n<\/tr>\n<tr>\n<td style=\"text-align: left;\"><img loading=\"lazy\" decoding=\"async\" src=\"http:\/\/www.ac-am.fr\/wp-content\/uploads\/2015\/11\/retedest.gif\" alt=\"R\u00e9flexions et T\u00e9moignages\" width=\"380\" height=\"100\" border=\"0\" \/><img loading=\"lazy\" decoding=\"async\" src=\"http:\/\/www.ac-am.fr\/wp-content\/uploads\/2015\/09\/cal1997.gif\" alt=\"Ann\u00e9e 1997\" width=\"150\" height=\"100\" border=\"0\" \/><\/td>\n<\/tr>\n<tr>\n<td><img decoding=\"async\" class=\"aligncenter\" src=\"http:\/\/www.ac-am.fr\/wp-content\/uploads\/2015\/09\/barre_vt.gif\" alt=\"\" border=\"0\" \/><\/td>\n<\/tr>\n<\/tbody>\n<\/table>\n<table class=\"aligncenter\" style=\"width: 590px;\" border=\"0\">\n<tbody>\n<tr>\n<td><a name=\"Claude01_ET97_03\"><\/a><b class=\"ntitre1\">Pourquoi chercher si loin ?<\/b><img decoding=\"async\" src=\"http:\/\/www.ac-am.fr\/wp-content\/uploads\/2015\/12\/bt_bc.gif\" alt=\"\" border=\"0\" hspace=\"5\" \/><\/td>\n<\/tr>\n<tr>\n<td colspan=\"2\"><img decoding=\"async\" class=\"aligncenter\" src=\"http:\/\/www.ac-am.fr\/wp-content\/uploads\/2015\/09\/barre_mr.gif\" alt=\"\" border=\"0\" \/><\/td>\n<\/tr>\n<tr>\n<td>R\u00e9ponse des Auteurs\t\t\t<div class=\"textwidget\"><tr>\r\n<td style=\"text-align: left;\"><script language=\"JavaScript\">\r\nfunction  boutonET97_01_recherche(){\r\nif (document.ET97_01.IndexET97_01.options[document.ET97_01.IndexET97_01.selectedIndex]) {\r\nlocation = document.ET97_01.IndexET97_01.options[document.ET97_01.IndexET97_01.selectedIndex].value\r\n}\r\n}\r\ndocument.write('<left>');\r\ndocument.write('<form name=\"ET97_01\"><select name=\"IndexET97_01\" size=1>');\r\ndocument.write('<option value=\"http:\/\/www.ac-am.fr\/index.php\/1997\/08\/12\/quest-quune-entite-biologique-extraterrestre-e-b-e\/\">1 - Laurent A. [12-08-97]');\r\ndocument.write('<option value=\"http:\/\/www.ac-am.fr\/index.php\/1997\/09\/16\/les-petits-kidnappeurs-gris\/\">2 - Arcmap [16-09-97]');\r\ndocument.write('<option value=\"http:\/\/www.ac-am.fr\/index.php\/1997\/09\/25\/laffaire-des-enlevements\/\">3 - Damien D. [25-09-97]');\r\ndocument.write('<option value=\"http:\/\/www.ac-am.fr\/index.php\/1997\/09\/26\/le-phenomene-des-gris\/\">4 - Antas [26-09-97]');\r\ndocument.write('<option value=\"http:\/\/www.ac-am.fr\/index.php\/1997\/09\/29\/point-de-vue-religieux\/\">5 - C. Ribelier [29-09-97]');\r\ndocument.write('<option value=\"http:\/\/www.ac-am.fr\/index.php\/1997\/09\/30\/recherche-contact\/\">6 - Jean-Jacque G. [30-09-97]');\r\ndocument.write('<option value=\"http:\/\/www.ac-am.fr\/index.php\/1997\/12\/11\/face-aux-gouvernements-la-verite-existe-t-elle\/\">7 - Gislyne I. [11-12-97]');\r\ndocument.write('<option value=\"http:\/\/www.ac-am.fr\/index.php\/1998\/01\/03\/enlevement-ou-deplacement-de-conscience-une-extraordinaire-aventure\/\">8 - Jean-Pierre B. [03-01-98]');\r\ndocument.write('<option value=\"http:\/\/www.ac-am.fr\/index.php\/1998\/01\/24\/ovni-extraterrestres-et-enlevements\/\">9 - Gislyne I. [24-01-98]');\r\ndocument.write('<option value=\"http:\/\/www.ac-am.fr\/index.php\/1998\/02\/15\/la-psychologie-utilisee-par-ces-entites-qui-nous-manipulent\/\">10 - Gislyne I. [15-02-98]');\r\ndocument.write('<option value=\"http:\/\/www.ac-am.fr\/index.php\/1998\/05\/22\/jai-ete-dans-un-ovni-enlevement\/\">11 - Gislyne I. [22-05-98]');\r\ndocument.write('<\/select>');     \r\ndocument.write('&nbsp;&nbsp;<INPUT TYPE=\"button\" VALUE=\"R&eacute;ponse\" onclick=\"boutonET97_01_recherche()\">');\r\ndocument.write('<\/form>');\r\ndocument.write('<\/left>');\r\n<\/script>\r\n<\/td><\/tr>\r\n<\/div>\n\t\t<\/td>\n<\/tr>\n<tr>\n<td style=\"text-align: left;\"><span class=\"gmoyen\"><img decoding=\"async\" src=\"http:\/\/www.ac-am.fr\/wp-content\/uploads\/2015\/09\/ball01.gif\" alt=\"\" border=\"0\" \/> Une cassette vid\u00e9o devait sortir, aux \u00c9tats-Unis, d\u00e9but juillet donnant enfin la preuve d&rsquo;un contact entre <a href=\"http:\/\/www.ac-am.fr\/index.php\/1997\/06\/27\/a-quoi-samuse-larmee-americaine\/\">l&rsquo;arm\u00e9e am\u00e9ricaine<\/a> et une race provenant d&rsquo;un autre univers&#8230; mais toujours rien&#8230; Canal + a pr\u00e9sent\u00e9, pour \u00ab\u00a0la nuit des OVNI\u00a0\u00bb, un petit bout de film o\u00f9 l&rsquo;on voit cette entit\u00e9 parler&#8230; Est-ce une invention ou une certaine r\u00e9alit\u00e9&#8230; Toujours est-il qu&rsquo;un silence total r\u00e8gne sur cette vid\u00e9o&#8230;<\/span><\/p>\n<p> <span class=\"gmoyen\"><img decoding=\"async\" src=\"http:\/\/www.ac-am.fr\/wp-content\/uploads\/2015\/09\/ball01.gif\" alt=\"\" border=\"0\" \/> Que font les gouvernements sur ce sujet ? Pourquoi ce silence ? Pourquoi ne pas nous d\u00e9clarer une fois pour toute que tout ceci est faux !&#8230; Curieux, non !&#8230; L&rsquo;arm\u00e9e poursuit le m\u00eame but&#8230; d\u00e9nigrement de toutes sortes et pression sur les t\u00e9moins. Plusieurs millions de \u00ab\u00a0terriens\u00a0\u00bb ont \u00e9t\u00e9 confront\u00e9s \u00e0 ce ph\u00e9nom\u00e8ne. Ils sont parfaitement conscients de leur exp\u00e9rience traumatisante ou extraordinaire suivant la personnalit\u00e9 de chacun.<\/span><\/p>\n<p> <span class=\"gmoyen\"><img decoding=\"async\" src=\"http:\/\/www.ac-am.fr\/wp-content\/uploads\/2015\/09\/ball01.gif\" alt=\"\" border=\"0\" \/> Aussi il serait int\u00e9ressant de parler de ce sujet d\u00e9rangeant, qui peut \u00eatre une des clefs de notre \u00e9volution en tant qu&rsquo;humain. Je souhaiterais avoir votre avis sur la plus curieuse des interventions, celle des petits hommes gris qui participent aux enl\u00e8vements des humains pour leurs faire passer des examens m\u00e9dicaux et cr\u00e9er \u00e9galement une race hybride&#8230; Avez-vous lu le livre de John E. Mack &#8211; <a href=\"http:\/\/www.ac-am.fr\/index.php\/la-vie-extraterrestre\/#Mack\">DOSSIER EXTRATERRESTRE<\/a>. L&rsquo;affaire des enl\u00e8vements ou celui de David M.Jacobs &#8211; <a href=\"http:\/\/www.ac-am.fr\/index.php\/la-vie-extraterrestre\/#Jacobs\">LES KIDNAPPEURS D&rsquo;UN AUTRE MONDE. 60 survivants t\u00e9moignent<\/a>. Ces deux ouvrages sont assez extraordinaires et les t\u00e9moignages sont des moments tr\u00e8s forts pour le lecteur&#8230; Ces deux psychiatres ont, je crois, eu le choc de leur vie&#8230; et ont d\u00e9couvert une facette de notre destin qu&rsquo;ils \u00e9taient loin de soup\u00e7onner&#8230;<\/span><\/p>\n<p> <span class=\"gmoyen\">[<a href=\"boites.htm#Claude01\">Claude B. &#8211; le 14-09-97<\/a>]<\/span><\/td>\n<\/tr>\n<\/tbody>\n<\/table>\n<\/td>\n<\/tr>\n<\/tbody>\n<\/table>\n<\/div>\n<div style=\"padding-bottom:20px; padding-top:10px;\" class=\"hupso-share-buttons\"><!-- Hupso Share Buttons - https:\/\/www.hupso.com\/share\/ --><a class=\"hupso_toolbar\" href=\"https:\/\/www.hupso.com\/share\/\"><img decoding=\"async\" src=\"https:\/\/static.hupso.com\/share\/buttons\/lang\/fr\/share.png\" style=\"border:0px; padding-top: 5px; float:left;\" alt=\"Share Button\"\/><\/a><script type=\"text\/javascript\">var hupso_services_t=new Array(\"Twitter\",\"Facebook\",\"Google Plus\");var hupso_background_t=\"#EAF4FF\";var hupso_border_t=\"#66CCFF\";var hupso_toolbar_size_t=\"big\";var hupso_image_folder_url = \"\";var hupso_url_t=\"\";var hupso_title_t=\"Pourquoi%20chercher%20si%20loin%20%3F\";<\/script><script type=\"text\/javascript\" src=\"https:\/\/static.hupso.com\/share\/js\/share_toolbar.js\"><\/script><!-- Hupso Share Buttons --><\/div>","protected":false},"excerpt":{"rendered":"<p>Pourquoi chercher si loin ? Une cassette vid\u00e9o devait sortir, aux \u00c9tats-Unis, d\u00e9but juillet donnant&#8230;<\/p>\n","protected":false},"author":2,"featured_media":0,"comment_status":"closed","ping_status":"open","sticky":false,"template":"","format":"standard","meta":{"footnotes":""},"categories":[253],"tags":[],"class_list":["post-2527","post","type-post","status-publish","format-standard","hentry","category-1997-vie-extraterrestre"],"yoast_head":"<!-- This site is optimized with the Yoast SEO plugin v28.3 - https:\/\/yoast.com\/product\/yoast-seo-wordpress\/ -->\n<title>Pourquoi chercher si loin ? - Autre Conscience, Autre Monde<\/title>\n<meta name=\"robots\" content=\"index, follow, max-snippet:-1, max-image-preview:large, max-video-preview:-1\" \/>\n<link rel=\"canonical\" href=\"https:\/\/www.ac-am.fr\/index.php\/1997\/09\/14\/pourquoi-chercher-si-loin\/\" \/>\n<meta property=\"og:locale\" content=\"fr_FR\" \/>\n<meta property=\"og:type\" content=\"article\" \/>\n<meta property=\"og:title\" content=\"Pourquoi chercher si loin ? - Autre Conscience, Autre Monde\" \/>\n<meta property=\"og:description\" content=\"Pourquoi chercher si loin ? Une cassette vid\u00e9o devait sortir, aux \u00c9tats-Unis, d\u00e9but juillet donnant...\" \/>\n<meta property=\"og:url\" content=\"https:\/\/www.ac-am.fr\/index.php\/1997\/09\/14\/pourquoi-chercher-si-loin\/\" \/>\n<meta property=\"og:site_name\" content=\"Autre Conscience, Autre Monde\" \/>\n<meta property=\"article:publisher\" content=\"https:\/\/fr-fr.facebook.com\/claude.acam\/\" \/>\n<meta property=\"article:published_time\" content=\"1997-09-14T18:26:33+00:00\" \/>\n<meta property=\"article:modified_time\" content=\"2016-01-10T11:06:02+00:00\" \/>\n<meta property=\"og:image\" content=\"http:\/\/www.ac-am.fr\/wp-content\/uploads\/2015\/09\/barre_vt.gif\" \/>\n<meta name=\"author\" content=\"Claude ACAM\" \/>\n<meta name=\"twitter:card\" content=\"summary_large_image\" \/>\n<meta name=\"twitter:label1\" content=\"\u00c9crit par\" \/>\n\t<meta name=\"twitter:data1\" content=\"Claude ACAM\" \/>\n\t<meta name=\"twitter:label2\" content=\"Dur\u00e9e de lecture estim\u00e9e\" \/>\n\t<meta name=\"twitter:data2\" content=\"1 minute\" \/>\n<script type=\"application\/ld+json\" class=\"yoast-schema-graph\">{\"@context\":\"https:\\\/\\\/schema.org\",\"@graph\":[{\"@type\":\"Article\",\"@id\":\"https:\\\/\\\/www.ac-am.fr\\\/index.php\\\/1997\\\/09\\\/14\\\/pourquoi-chercher-si-loin\\\/#article\",\"isPartOf\":{\"@id\":\"https:\\\/\\\/www.ac-am.fr\\\/index.php\\\/1997\\\/09\\\/14\\\/pourquoi-chercher-si-loin\\\/\"},\"author\":{\"name\":\"Claude ACAM\",\"@id\":\"https:\\\/\\\/www.ac-am.fr\\\/#\\\/schema\\\/person\\\/f6920100a1eee321181b2d8606edb6ee\"},\"headline\":\"Pourquoi chercher si loin ?\",\"datePublished\":\"1997-09-14T18:26:33+00:00\",\"dateModified\":\"2016-01-10T11:06:02+00:00\",\"mainEntityOfPage\":{\"@id\":\"https:\\\/\\\/www.ac-am.fr\\\/index.php\\\/1997\\\/09\\\/14\\\/pourquoi-chercher-si-loin\\\/\"},\"wordCount\":311,\"publisher\":{\"@id\":\"https:\\\/\\\/www.ac-am.fr\\\/#organization\"},\"image\":{\"@id\":\"https:\\\/\\\/www.ac-am.fr\\\/index.php\\\/1997\\\/09\\\/14\\\/pourquoi-chercher-si-loin\\\/#primaryimage\"},\"thumbnailUrl\":\"http:\\\/\\\/www.ac-am.fr\\\/wp-content\\\/uploads\\\/2015\\\/09\\\/barre_vt.gif\",\"articleSection\":[\"1997 \u2013 VIE EXTRATERRESTRE\"],\"inLanguage\":\"fr-FR\"},{\"@type\":\"WebPage\",\"@id\":\"https:\\\/\\\/www.ac-am.fr\\\/index.php\\\/1997\\\/09\\\/14\\\/pourquoi-chercher-si-loin\\\/\",\"url\":\"https:\\\/\\\/www.ac-am.fr\\\/index.php\\\/1997\\\/09\\\/14\\\/pourquoi-chercher-si-loin\\\/\",\"name\":\"Pourquoi chercher si loin ? - Autre Conscience, Autre Monde\",\"isPartOf\":{\"@id\":\"https:\\\/\\\/www.ac-am.fr\\\/#website\"},\"primaryImageOfPage\":{\"@id\":\"https:\\\/\\\/www.ac-am.fr\\\/index.php\\\/1997\\\/09\\\/14\\\/pourquoi-chercher-si-loin\\\/#primaryimage\"},\"image\":{\"@id\":\"https:\\\/\\\/www.ac-am.fr\\\/index.php\\\/1997\\\/09\\\/14\\\/pourquoi-chercher-si-loin\\\/#primaryimage\"},\"thumbnailUrl\":\"http:\\\/\\\/www.ac-am.fr\\\/wp-content\\\/uploads\\\/2015\\\/09\\\/barre_vt.gif\",\"datePublished\":\"1997-09-14T18:26:33+00:00\",\"dateModified\":\"2016-01-10T11:06:02+00:00\",\"breadcrumb\":{\"@id\":\"https:\\\/\\\/www.ac-am.fr\\\/index.php\\\/1997\\\/09\\\/14\\\/pourquoi-chercher-si-loin\\\/#breadcrumb\"},\"inLanguage\":\"fr-FR\",\"potentialAction\":[{\"@type\":\"ReadAction\",\"target\":[\"https:\\\/\\\/www.ac-am.fr\\\/index.php\\\/1997\\\/09\\\/14\\\/pourquoi-chercher-si-loin\\\/\"]}]},{\"@type\":\"ImageObject\",\"inLanguage\":\"fr-FR\",\"@id\":\"https:\\\/\\\/www.ac-am.fr\\\/index.php\\\/1997\\\/09\\\/14\\\/pourquoi-chercher-si-loin\\\/#primaryimage\",\"url\":\"https:\\\/\\\/www.ac-am.fr\\\/wp-content\\\/uploads\\\/2015\\\/09\\\/barre_vt.gif\",\"contentUrl\":\"https:\\\/\\\/www.ac-am.fr\\\/wp-content\\\/uploads\\\/2015\\\/09\\\/barre_vt.gif\",\"width\":550,\"height\":7,\"caption\":\"Barre verte\"},{\"@type\":\"BreadcrumbList\",\"@id\":\"https:\\\/\\\/www.ac-am.fr\\\/index.php\\\/1997\\\/09\\\/14\\\/pourquoi-chercher-si-loin\\\/#breadcrumb\",\"itemListElement\":[{\"@type\":\"ListItem\",\"position\":1,\"name\":\"Accueil\",\"item\":\"https:\\\/\\\/www.ac-am.fr\\\/\"},{\"@type\":\"ListItem\",\"position\":2,\"name\":\"Pourquoi chercher si loin ?\"}]},{\"@type\":\"WebSite\",\"@id\":\"https:\\\/\\\/www.ac-am.fr\\\/#website\",\"url\":\"https:\\\/\\\/www.ac-am.fr\\\/\",\"name\":\"Autre Conscience, Autre Monde\",\"description\":\"\",\"publisher\":{\"@id\":\"https:\\\/\\\/www.ac-am.fr\\\/#organization\"},\"potentialAction\":[{\"@type\":\"SearchAction\",\"target\":{\"@type\":\"EntryPoint\",\"urlTemplate\":\"https:\\\/\\\/www.ac-am.fr\\\/?s={search_term_string}\"},\"query-input\":{\"@type\":\"PropertyValueSpecification\",\"valueRequired\":true,\"valueName\":\"search_term_string\"}}],\"inLanguage\":\"fr-FR\"},{\"@type\":\"Organization\",\"@id\":\"https:\\\/\\\/www.ac-am.fr\\\/#organization\",\"name\":\"Autre Conscience, Autre Monde\",\"url\":\"https:\\\/\\\/www.ac-am.fr\\\/\",\"logo\":{\"@type\":\"ImageObject\",\"inLanguage\":\"fr-FR\",\"@id\":\"https:\\\/\\\/www.ac-am.fr\\\/#\\\/schema\\\/logo\\\/image\\\/\",\"url\":\"https:\\\/\\\/www.ac-am.fr\\\/wp-content\\\/uploads\\\/2015\\\/10\\\/bd_ac_am.gif\",\"contentUrl\":\"https:\\\/\\\/www.ac-am.fr\\\/wp-content\\\/uploads\\\/2015\\\/10\\\/bd_ac_am.gif\",\"width\":370,\"height\":65,\"caption\":\"Autre Conscience, Autre Monde\"},\"image\":{\"@id\":\"https:\\\/\\\/www.ac-am.fr\\\/#\\\/schema\\\/logo\\\/image\\\/\"},\"sameAs\":[\"https:\\\/\\\/fr-fr.facebook.com\\\/claude.acam\\\/\",\"https:\\\/\\\/www.youtube.com\\\/user\\\/consciencemonde\"]},{\"@type\":\"Person\",\"@id\":\"https:\\\/\\\/www.ac-am.fr\\\/#\\\/schema\\\/person\\\/f6920100a1eee321181b2d8606edb6ee\",\"name\":\"Claude ACAM\",\"image\":{\"@type\":\"ImageObject\",\"inLanguage\":\"fr-FR\",\"@id\":\"https:\\\/\\\/secure.gravatar.com\\\/avatar\\\/e09e4cf5d19c14eb87ca16e06420f2d1dfe3e8967072c4616fd0fdf3e8855650?s=96&d=identicon&r=g\",\"url\":\"https:\\\/\\\/secure.gravatar.com\\\/avatar\\\/e09e4cf5d19c14eb87ca16e06420f2d1dfe3e8967072c4616fd0fdf3e8855650?s=96&d=identicon&r=g\",\"contentUrl\":\"https:\\\/\\\/secure.gravatar.com\\\/avatar\\\/e09e4cf5d19c14eb87ca16e06420f2d1dfe3e8967072c4616fd0fdf3e8855650?s=96&d=identicon&r=g\",\"caption\":\"Claude ACAM\"},\"sameAs\":[\"http:\\\/\\\/www.ac-am.fr\\\/\"],\"url\":\"https:\\\/\\\/www.ac-am.fr\\\/index.php\\\/author\\\/claude-b\\\/\"}]}<\/script>\n<!-- \/ Yoast SEO plugin. -->","yoast_head_json":{"title":"Pourquoi chercher si loin ? - Autre Conscience, Autre Monde","robots":{"index":"index","follow":"follow","max-snippet":"max-snippet:-1","max-image-preview":"max-image-preview:large","max-video-preview":"max-video-preview:-1"},"canonical":"https:\/\/www.ac-am.fr\/index.php\/1997\/09\/14\/pourquoi-chercher-si-loin\/","og_locale":"fr_FR","og_type":"article","og_title":"Pourquoi chercher si loin ? - Autre Conscience, Autre Monde","og_description":"Pourquoi chercher si loin ? Une cassette vid\u00e9o devait sortir, aux \u00c9tats-Unis, d\u00e9but juillet donnant...","og_url":"https:\/\/www.ac-am.fr\/index.php\/1997\/09\/14\/pourquoi-chercher-si-loin\/","og_site_name":"Autre Conscience, Autre Monde","article_publisher":"https:\/\/fr-fr.facebook.com\/claude.acam\/","article_published_time":"1997-09-14T18:26:33+00:00","article_modified_time":"2016-01-10T11:06:02+00:00","og_image":[{"url":"http:\/\/www.ac-am.fr\/wp-content\/uploads\/2015\/09\/barre_vt.gif","type":"","width":"","height":""}],"author":"Claude ACAM","twitter_card":"summary_large_image","twitter_misc":{"\u00c9crit par":"Claude ACAM","Dur\u00e9e de lecture estim\u00e9e":"1 minute"},"schema":{"@context":"https:\/\/schema.org","@graph":[{"@type":"Article","@id":"https:\/\/www.ac-am.fr\/index.php\/1997\/09\/14\/pourquoi-chercher-si-loin\/#article","isPartOf":{"@id":"https:\/\/www.ac-am.fr\/index.php\/1997\/09\/14\/pourquoi-chercher-si-loin\/"},"author":{"name":"Claude ACAM","@id":"https:\/\/www.ac-am.fr\/#\/schema\/person\/f6920100a1eee321181b2d8606edb6ee"},"headline":"Pourquoi chercher si loin ?","datePublished":"1997-09-14T18:26:33+00:00","dateModified":"2016-01-10T11:06:02+00:00","mainEntityOfPage":{"@id":"https:\/\/www.ac-am.fr\/index.php\/1997\/09\/14\/pourquoi-chercher-si-loin\/"},"wordCount":311,"publisher":{"@id":"https:\/\/www.ac-am.fr\/#organization"},"image":{"@id":"https:\/\/www.ac-am.fr\/index.php\/1997\/09\/14\/pourquoi-chercher-si-loin\/#primaryimage"},"thumbnailUrl":"http:\/\/www.ac-am.fr\/wp-content\/uploads\/2015\/09\/barre_vt.gif","articleSection":["1997 \u2013 VIE EXTRATERRESTRE"],"inLanguage":"fr-FR"},{"@type":"WebPage","@id":"https:\/\/www.ac-am.fr\/index.php\/1997\/09\/14\/pourquoi-chercher-si-loin\/","url":"https:\/\/www.ac-am.fr\/index.php\/1997\/09\/14\/pourquoi-chercher-si-loin\/","name":"Pourquoi chercher si loin ? - Autre Conscience, Autre Monde","isPartOf":{"@id":"https:\/\/www.ac-am.fr\/#website"},"primaryImageOfPage":{"@id":"https:\/\/www.ac-am.fr\/index.php\/1997\/09\/14\/pourquoi-chercher-si-loin\/#primaryimage"},"image":{"@id":"https:\/\/www.ac-am.fr\/index.php\/1997\/09\/14\/pourquoi-chercher-si-loin\/#primaryimage"},"thumbnailUrl":"http:\/\/www.ac-am.fr\/wp-content\/uploads\/2015\/09\/barre_vt.gif","datePublished":"1997-09-14T18:26:33+00:00","dateModified":"2016-01-10T11:06:02+00:00","breadcrumb":{"@id":"https:\/\/www.ac-am.fr\/index.php\/1997\/09\/14\/pourquoi-chercher-si-loin\/#breadcrumb"},"inLanguage":"fr-FR","potentialAction":[{"@type":"ReadAction","target":["https:\/\/www.ac-am.fr\/index.php\/1997\/09\/14\/pourquoi-chercher-si-loin\/"]}]},{"@type":"ImageObject","inLanguage":"fr-FR","@id":"https:\/\/www.ac-am.fr\/index.php\/1997\/09\/14\/pourquoi-chercher-si-loin\/#primaryimage","url":"https:\/\/www.ac-am.fr\/wp-content\/uploads\/2015\/09\/barre_vt.gif","contentUrl":"https:\/\/www.ac-am.fr\/wp-content\/uploads\/2015\/09\/barre_vt.gif","width":550,"height":7,"caption":"Barre verte"},{"@type":"BreadcrumbList","@id":"https:\/\/www.ac-am.fr\/index.php\/1997\/09\/14\/pourquoi-chercher-si-loin\/#breadcrumb","itemListElement":[{"@type":"ListItem","position":1,"name":"Accueil","item":"https:\/\/www.ac-am.fr\/"},{"@type":"ListItem","position":2,"name":"Pourquoi chercher si loin ?"}]},{"@type":"WebSite","@id":"https:\/\/www.ac-am.fr\/#website","url":"https:\/\/www.ac-am.fr\/","name":"Autre Conscience, Autre Monde","description":"","publisher":{"@id":"https:\/\/www.ac-am.fr\/#organization"},"potentialAction":[{"@type":"SearchAction","target":{"@type":"EntryPoint","urlTemplate":"https:\/\/www.ac-am.fr\/?s={search_term_string}"},"query-input":{"@type":"PropertyValueSpecification","valueRequired":true,"valueName":"search_term_string"}}],"inLanguage":"fr-FR"},{"@type":"Organization","@id":"https:\/\/www.ac-am.fr\/#organization","name":"Autre Conscience, Autre Monde","url":"https:\/\/www.ac-am.fr\/","logo":{"@type":"ImageObject","inLanguage":"fr-FR","@id":"https:\/\/www.ac-am.fr\/#\/schema\/logo\/image\/","url":"https:\/\/www.ac-am.fr\/wp-content\/uploads\/2015\/10\/bd_ac_am.gif","contentUrl":"https:\/\/www.ac-am.fr\/wp-content\/uploads\/2015\/10\/bd_ac_am.gif","width":370,"height":65,"caption":"Autre Conscience, Autre Monde"},"image":{"@id":"https:\/\/www.ac-am.fr\/#\/schema\/logo\/image\/"},"sameAs":["https:\/\/fr-fr.facebook.com\/claude.acam\/","https:\/\/www.youtube.com\/user\/consciencemonde"]},{"@type":"Person","@id":"https:\/\/www.ac-am.fr\/#\/schema\/person\/f6920100a1eee321181b2d8606edb6ee","name":"Claude ACAM","image":{"@type":"ImageObject","inLanguage":"fr-FR","@id":"https:\/\/secure.gravatar.com\/avatar\/e09e4cf5d19c14eb87ca16e06420f2d1dfe3e8967072c4616fd0fdf3e8855650?s=96&d=identicon&r=g","url":"https:\/\/secure.gravatar.com\/avatar\/e09e4cf5d19c14eb87ca16e06420f2d1dfe3e8967072c4616fd0fdf3e8855650?s=96&d=identicon&r=g","contentUrl":"https:\/\/secure.gravatar.com\/avatar\/e09e4cf5d19c14eb87ca16e06420f2d1dfe3e8967072c4616fd0fdf3e8855650?s=96&d=identicon&r=g","caption":"Claude ACAM"},"sameAs":["http:\/\/www.ac-am.fr\/"],"url":"https:\/\/www.ac-am.fr\/index.php\/author\/claude-b\/"}]}},"_links":{"self":[{"href":"https:\/\/www.ac-am.fr\/index.php\/wp-json\/wp\/v2\/posts\/2527","targetHints":{"allow":["GET"]}}],"collection":[{"href":"https:\/\/www.ac-am.fr\/index.php\/wp-json\/wp\/v2\/posts"}],"about":[{"href":"https:\/\/www.ac-am.fr\/index.php\/wp-json\/wp\/v2\/types\/post"}],"author":[{"embeddable":true,"href":"https:\/\/www.ac-am.fr\/index.php\/wp-json\/wp\/v2\/users\/2"}],"replies":[{"embeddable":true,"href":"https:\/\/www.ac-am.fr\/index.php\/wp-json\/wp\/v2\/comments?post=2527"}],"version-history":[{"count":6,"href":"https:\/\/www.ac-am.fr\/index.php\/wp-json\/wp\/v2\/posts\/2527\/revisions"}],"predecessor-version":[{"id":2689,"href":"https:\/\/www.ac-am.fr\/index.php\/wp-json\/wp\/v2\/posts\/2527\/revisions\/2689"}],"wp:attachment":[{"href":"https:\/\/www.ac-am.fr\/index.php\/wp-json\/wp\/v2\/media?parent=2527"}],"wp:term":[{"taxonomy":"category","embeddable":true,"href":"https:\/\/www.ac-am.fr\/index.php\/wp-json\/wp\/v2\/categories?post=2527"},{"taxonomy":"post_tag","embeddable":true,"href":"https:\/\/www.ac-am.fr\/index.php\/wp-json\/wp\/v2\/tags?post=2527"}],"curies":[{"name":"wp","href":"https:\/\/api.w.org\/{rel}","templated":true}]}}