{"id":2587,"date":"1998-01-24T18:35:18","date_gmt":"1998-01-24T17:35:18","guid":{"rendered":"https:\/\/www.ac-am.fr\/?p=2587"},"modified":"2016-01-12T11:50:55","modified_gmt":"2016-01-12T10:50:55","slug":"ovni-extraterrestres-et-enlevements","status":"publish","type":"post","link":"https:\/\/www.ac-am.fr\/index.php\/1998\/01\/24\/ovni-extraterrestres-et-enlevements\/","title":{"rendered":"OVNI, Extraterrestres et enl\u00e8vements&#8230;"},"content":{"rendered":"<div id=\"vie_ET\" style=\"background-attachment: fixed; border: 2px solid #dfe6de; border-radius: 10px; opacity: 0.90;\">\n<table class=\"aligncenter\" style=\"width: 600px;\" border=\"0\">\n<tbody>\n<tr>\n<td>\n<table class=\"aligncenter\" style=\"width: 567px; height: 190px;\" border=\"0\">\n<tbody>\n<tr>\n<td><img decoding=\"async\" class=\"aligncenter\" src=\"http:\/\/www.ac-am.fr\/wp-content\/uploads\/2015\/09\/barre_vt.gif\" alt=\"\" border=\"0\" \/><\/td>\n<\/tr>\n<tr>\n<td style=\"text-align: left;\"><img loading=\"lazy\" decoding=\"async\" src=\"http:\/\/www.ac-am.fr\/wp-content\/uploads\/2015\/11\/retedest.gif\" alt=\"R\u00e9flexions et T\u00e9moignages\" width=\"380\" height=\"100\" border=\"0\" \/><img loading=\"lazy\" decoding=\"async\" src=\"http:\/\/www.ac-am.fr\/wp-content\/uploads\/2015\/10\/cal1998.gif\" alt=\"Ann\u00e9e 1998\" width=\"150\" height=\"100\" border=\"0\" \/><\/td>\n<\/tr>\n<tr>\n<td><img decoding=\"async\" class=\"aligncenter\" src=\"http:\/\/www.ac-am.fr\/wp-content\/uploads\/2015\/09\/barre_vt.gif\" alt=\"\" border=\"0\" \/><\/td>\n<\/tr>\n<\/tbody>\n<\/table>\n<table class=\"aligncenter\" style=\"width: 590px;\" border=\"0\">\n<tbody>\n<tr>\n<td><a name=\"Gislyne01_ET98_01\"><\/a><b class=\"ntitre1\">OVNI, Extraterrestres et enl\u00e8vements&#8230;<\/b><a href=\"http:\/\/www.ac-am.fr\/index.php\/1997\/09\/14\/pourquoi-chercher-si-loin\/\"><b class=\"ntitre1\"><img decoding=\"async\" src=\"http:\/\/www.ac-am.fr\/wp-content\/uploads\/2015\/12\/bt_bc.gif\" alt=\"\" border=\"0\" hspace=\"5\" \/><\/b><\/a><\/td>\n<\/tr>\n<tr>\n<td colspan=\"2\"><img decoding=\"async\" class=\"aligncenter\" src=\"http:\/\/www.ac-am.fr\/wp-content\/uploads\/2015\/09\/barre_mr.gif\" alt=\"\" border=\"0\" \/><\/td>\n<\/tr>\n<tr>\n<td style=\"text-align: left;\"><span class=\"gmoyen\"><img decoding=\"async\" src=\"http:\/\/www.ac-am.fr\/wp-content\/uploads\/2015\/09\/ball01.gif\" alt=\"\" border=\"0\" \/> Les gens vivent vraiment des <a href=\"http:\/\/www.ac-am.fr\/index.php\/la-vie-extraterrestre\/#Jacobs\">enl\u00e8vements<\/a> par des \u00ab\u00a0\u00eatres\u00a0\u00bb venus \u00ab\u00a0d&rsquo;ailleurs\u00a0\u00bb, aucun doute ne subsiste l\u00e0-dessus. Je vais vous donner une comparaison pour bien comprendre les enl\u00e8vements et pourquoi ils agissent ainsi.<\/span><\/p>\n<p> <span class=\"gmoyen\"><img decoding=\"async\" src=\"http:\/\/www.ac-am.fr\/wp-content\/uploads\/2015\/09\/ball01.gif\" alt=\"\" border=\"0\" \/> Imaginez des \u00eatres humains tous petits, vivants dans une bo\u00eete \u00e0 souliers, sans couvercle. Vous \u00eates au-dessus et vous observez ce qui se passe \u00e0 l&rsquo;int\u00e9rieur, les gens s&rsquo;y prom\u00e8nent et vivent dans cette bo\u00eete, qui repr\u00e9sente seulement deux dimensions, c&rsquo;est \u00e0 dire largeur et longueur, ils ne connaissent absolument pas l&rsquo;autre dimension, la hauteur. Maintenant, vous d\u00e9cidez d&rsquo;enlever un de ces petits humains, vous le ferez par la dimension qui leur est inconnue\u2026<\/span><\/p>\n<p> <span class=\"gmoyen\"><img decoding=\"async\" src=\"http:\/\/www.ac-am.fr\/wp-content\/uploads\/2015\/09\/ball01.gif\" alt=\"\" border=\"0\" \/> Et hop ! vous en prenez un et vous le sortez de son monde, vous lui montrez ce que vous avez pr\u00e9par\u00e9 &#8211; un lieu, des \u00ab\u00a0\u00eatres\u00a0\u00bb, un sc\u00e9nario, une mise en sc\u00e8ne, puis vous le ramenez dans son milieu, vous l&rsquo;avez donc instruit comme vous le vouliez parce que vous savez qu&rsquo;il prendra connaissance, seulement de ce que vous avez voulu lui apprendre. En le ramenant dans son monde (petite bo\u00eete), vous pouvez laisser les indices que vous d\u00e9sirez ou vous laissez ce que vous voulez qu&rsquo;il croit de vous ou tout simplement vous ne laissez rien. C&rsquo;est vous qui d\u00e9cidez d&rsquo;apr\u00e8s un plan bien \u00e9tabli, pour leur faire croire fermement ce que vous voulez leur faire croire.<\/span><\/p>\n<p> <span class=\"gmoyen\"><img decoding=\"async\" src=\"http:\/\/www.ac-am.fr\/wp-content\/uploads\/2015\/09\/ball01.gif\" alt=\"\" border=\"0\" \/> C&rsquo;est le m\u00eame principe ici sur terre, ils enl\u00e8vent des gens, les placent dans des situations X, leur font voir des \u00ab\u00a0\u00eatres\u00a0\u00bb dans des lieux choisis, en donnant parfois une information et puis les ram\u00e8nent sur terre&#8230; Et ceux qui manipulent l&rsquo;\u00e9v\u00e9nement, au fond leur montrent bien un aper\u00e7u d&rsquo;un monde \u00ab\u00a0d&rsquo;ailleurs\u00a0\u00bb comme eux veulent bien leur faire conna\u00eetre.<br \/>\n Ils pourraient les enlever d\u00e9finitivement, au contraire ils les d\u00e9posent ensuite \u00e0 un endroit sur terre, alors pourquoi les ram\u00e8nent-ils? <\/span><\/p>\n<p> <span class=\"gmoyen\"><img decoding=\"async\" src=\"http:\/\/www.ac-am.fr\/wp-content\/uploads\/2015\/09\/ball01.gif\" alt=\"\" border=\"0\" \/> Qu&rsquo;arrive-t-il quand un t\u00e9moin a vu des \u00e9v\u00e9nements qui sortent de l&rsquo;ordinaires ? Parfois tr\u00e8s rapidement et d&rsquo;autrefois sur un temps plus long, il raconte son histoire, il dit ce qu&rsquo;il a vu et entendu pour finalement tout d\u00e9crire dans les moindres d\u00e9tails, il conte l&rsquo;\u00e9v\u00e9nement qui lui est arriv\u00e9. Par son t\u00e9moignage, il explique ce qu&rsquo;ils lui ont fait, les lieux, le temps, comment cela c&rsquo;est pass\u00e9, s&rsquo;ils lui ont parl\u00e9, s&rsquo;il a vu des ufonautes et donne la description de ceux-ci&#8230; etc\u2026<\/span><\/p>\n<p> <span class=\"gmoyen\"><img decoding=\"async\" src=\"http:\/\/www.ac-am.fr\/wp-content\/uploads\/2015\/09\/ball01.gif\" alt=\"\" border=\"0\" \/> Par le simple fait de d\u00e9voiler leur histoire, les t\u00e9moins deviennent des enseignants pour d&rsquo;autres personnes sur terre qui eux n&rsquo;ont pas vu ou v\u00e9cu ces \u00e9v\u00e9nements&#8230; Ces t\u00e9moins sont utilis\u00e9s par un monde \u00ab\u00a0d&rsquo;ailleurs\u00a0\u00bb dans un but tr\u00e8s pr\u00e9cis; informer le reste des individus. Ces \u00ab\u00a0\u00eatres\u00a0\u00bb, d&rsquo;une autre dimension, emploient ce moyen \u00ab\u00a0\u00eatre humain\u00a0\u00bb pour faire voir et conna\u00eetre un monde \u00ab\u00a0d&rsquo;ailleurs\u00a0\u00bb en transportant des humains et ensuite quand ils les ram\u00e8nent, ces \u00ab\u00a0\u00eatres\u00a0\u00bb savent automatiquement que par l&rsquo;entremise de leurs t\u00e9moignages, l&rsquo;information arrivera aux autres individus et ainsi se dispersera l&rsquo;histoire sur les ovni, <a href=\"http:\/\/www.ac-am.fr\/index.php\/la-vie-extraterrestre\/\">les extraterrestres<\/a>, un peu partout sur terre.<\/span><\/p>\n<p> <span class=\"gmoyen\"><img decoding=\"async\" src=\"http:\/\/www.ac-am.fr\/wp-content\/uploads\/2015\/09\/ball01.gif\" alt=\"\" border=\"0\" \/> Les t\u00e9moins servent \u00e0 \u00e9duquer le reste des personnes non t\u00e9moins, et cette \u00e9ducation a pour effet avec le temps de s&rsquo;incorporer dans le mental humain, et aussi de disperser l&rsquo;information, pour cr\u00e9er un r\u00e9seau d&rsquo;id\u00e9es sur le ph\u00e9nom\u00e8ne ovni et extraterrestre qui finit par s&rsquo;\u00e9tendre mondialement et influencer inconsciemment les mentalit\u00e9s.<\/span><\/p>\n<p> <span class=\"gmoyen\"><img decoding=\"async\" src=\"http:\/\/www.ac-am.fr\/wp-content\/uploads\/2015\/09\/ball01.gif\" alt=\"\" border=\"0\" \/> Les r\u00e9cits de t\u00e9moignages forment dans l&rsquo;esprit humain, un stimulant d&rsquo;images mentales correspondant \u00e0 un autre monde ext\u00e9rieur \u00e0 cette terre, susceptible d&rsquo;\u00eatre consid\u00e9r\u00e9 en parti vrai et ainsi s&rsquo;ancrer dans le mental. C&rsquo;est voulu \u00e0 un autre niveau, pour que tout ce qui englobe le ph\u00e9nom\u00e8ne s&rsquo;int\u00e8gre dans la mentalit\u00e9 humaine, cette conception visible pr\u00e9fabriqu\u00e9 par ces \u00ab\u00a0\u00eatres\u00a0\u00bb n&rsquo;est que pour mieux influencer l&rsquo;individu, sur une vision ext\u00e9rieure de son propre monde, de ces entit\u00e9s qui visitent la terre et de leur monde.<\/span><\/p>\n<p> <span class=\"gmoyen\"><img decoding=\"async\" src=\"http:\/\/www.ac-am.fr\/wp-content\/uploads\/2015\/09\/ball01.gif\" alt=\"\" border=\"0\" \/> Ils transforment la vraie r\u00e9alit\u00e9 en s&rsquo;amusant \u00e0 mentir dans leurs v\u00e9ritables intentions, ils bernent les t\u00e9moins mais en m\u00eame temps, ils bernent aussi les autres non t\u00e9moins, dans une forme d&rsquo;\u00e9ducation psychologique qu&rsquo;ils produisent un peu partout sur la plan\u00e8te. <\/span><\/p>\n<p> <span class=\"gmoyen\"><img decoding=\"async\" src=\"http:\/\/www.ac-am.fr\/wp-content\/uploads\/2015\/09\/ball01.gif\" alt=\"\" border=\"0\" \/> Et pour que cette technique d&rsquo;\u00e9ducation psychologique puisse fonctionner, ces \u00ab\u00a0\u00eatres\u00a0\u00bb venant d&rsquo;une autre dimension se servent de \u00ab\u00a0l&rsquo;\u00eatre humain t\u00e9moin\u00a0\u00bb partout sur terre comme interm\u00e9diaire entre ces \u00ab\u00a0\u00eatres\u00a0\u00bb qui nous visitent et les non t\u00e9moins. Ils utilisent le t\u00e9moin comme \u00ab\u00a0instrument\u00a0\u00bb quand ils l&rsquo;enl\u00e8vent et lui font voir des sc\u00e9narios X, pour que s&#8217;emmagasine en celui-ci l&rsquo;\u00e9v\u00e9nement visuel ou auditif.<\/span><\/p>\n<p> <span class=\"gmoyen\"><img decoding=\"async\" src=\"http:\/\/www.ac-am.fr\/wp-content\/uploads\/2015\/09\/ball01.gif\" alt=\"\" border=\"0\" \/> Le t\u00e9moin de par ses fonctions c\u00e9r\u00e9brales devient le r\u00e9cepteur \u00ab\u00a0informatique\u00a0\u00bb de la pi\u00e8ce qui est jou\u00e9e pour lui et quand ils le ram\u00e8nent, il devient un transmetteur d&rsquo;informations vers les non t\u00e9moins. Ils savent de quelle mani\u00e8re l&rsquo;individu est construit psychiquement et physiquement et qu&rsquo;\u00e0 partir de ses fonctions, un proc\u00e9d\u00e9 d&rsquo;entr\u00e9e et de sortie d&rsquo;informations s&rsquo;engendrera machinalement sans forcer quoi que ce soit.<\/span><\/p>\n<p> <span class=\"gmoyen\"><img decoding=\"async\" src=\"http:\/\/www.ac-am.fr\/wp-content\/uploads\/2015\/09\/ball01.gif\" alt=\"\" border=\"0\" \/> Le t\u00e9moin devient l&rsquo;objet vivant et ils s&rsquo;en servent comme d&rsquo;un jouet entre ces \u00ab\u00a0\u00eatres\u00a0\u00bb qui visitent notre monde exactement comme quelqu&rsquo;un qui utiliserait un syst\u00e8me vid\u00e9o et enregistrerait l&rsquo;information visuelle et auditive, except\u00e9 qu&rsquo;ici c&rsquo;est le t\u00e9moin qui sert d&rsquo;outil \u00e0 cette usage.<\/span><\/p>\n<p> <span class=\"gmoyen\"><img decoding=\"async\" src=\"http:\/\/www.ac-am.fr\/wp-content\/uploads\/2015\/09\/ball01.gif\" alt=\"\" border=\"0\" \/> Le t\u00e9moin repr\u00e9sente \u00e0 leur yeux, l&rsquo;objet vivant qui par le support de ses fonctions humaines emmagasine spontan\u00e9ment l&rsquo;information et la redonne aussi naturellement dans tous les d\u00e9tails, parce que celui-ci est construit ainsi (sauf t\u00e9moin avec amn\u00e9sie, l&rsquo;information est en eux mais non encore conscientis\u00e9e), c&rsquo;est pour cela que les t\u00e9moins par leurs explications deviennent le lien entre deux mondes, ils sont l&rsquo;\u00e9l\u00e9ment indispensable pour un monde \u00ab\u00a0d&rsquo;ailleurs\u00a0\u00bb parce qu&rsquo;ils ont vu et entendu . Ils transmettent en racontant les faits qu&rsquo;ils ont v\u00e9cu.<\/span><\/p>\n<p> <span class=\"gmoyen\"><img decoding=\"async\" src=\"http:\/\/www.ac-am.fr\/wp-content\/uploads\/2015\/09\/ball01.gif\" alt=\"\" border=\"0\" \/> Ces t\u00e9moins sont le centre \u00ab\u00a0cl\u00e9\u00a0\u00bb r\u00e9unissant ces deux dimensions et par le fait m\u00eame, l&rsquo;instrument psychique d&rsquo;un autre monde, pour propager de l&rsquo;information et promouvoir une r\u00e9alit\u00e9 du ph\u00e9nom\u00e8ne mais aussi activer une repr\u00e9sentation publicitaire, sur ceux qui visitent cette terre. Avec l&rsquo;aide de ces t\u00e9moignages, ceux qui \u00e9coutent ou seront \u00e0 la recherche d&rsquo;informations se forgeront une opinion des faits relat\u00e9s, sur les \u00ab\u00a0\u00eatres\u00a0\u00bb qui nous visitent et aussi sur leur technologie.<\/span><\/p>\n<p> <span class=\"gmoyen\"><img decoding=\"async\" src=\"http:\/\/www.ac-am.fr\/wp-content\/uploads\/2015\/09\/ball01.gif\" alt=\"\" border=\"0\" \/> Le T\u00c9MOIN est instruit par le CONTACT avec ces \u00ab\u00a0\u00caTRES\u00a0\u00bb. Le NON T\u00c9MOIN est instruit par le CONTACT avec le T\u00c9MOIN ou ses \u00c9CRITS ou R\u00c9CITS&#8230; Ainsi ces t\u00e9moignages qui circulent donnent une ouverture \u00e0 des millions d&rsquo;autres personnes qui cr\u00e9ent d&rsquo;autres r\u00e9seaux sur le sujet, permettant \u00e0 ceux-ci de circuler et se disperser en s&rsquo;\u00e9tirant dans tous les directions, (revue, livre, conf\u00e9rence, enqu\u00eateur, film).<\/span><\/p>\n<p> <span class=\"gmoyen\"><img decoding=\"async\" src=\"http:\/\/www.ac-am.fr\/wp-content\/uploads\/2015\/09\/ball01.gif\" alt=\"\" border=\"0\" \/> La m\u00e9diatisation sur les diff\u00e9rents sujets reli\u00e9s au ph\u00e9nom\u00e8ne ovni forme une \u00e9norme toile qui n&rsquo;arr\u00eate jamais de s&rsquo;agrandir. C&rsquo;est exactement ce qui est voulu \u00e0 un autre niveau en dehors de cette terre et c&rsquo;est pour eux le but recherch\u00e9, faire que l&rsquo;homme entende parler et connaisse tout ce qui est reli\u00e9 aux ovni et extraterrestres mais comme eux d\u00e9sirent le d\u00e9voiler.<\/span><\/p>\n<p> <span class=\"gmoyen\"><img decoding=\"async\" src=\"http:\/\/www.ac-am.fr\/wp-content\/uploads\/2015\/09\/ball01.gif\" alt=\"\" border=\"0\" \/> <u>L&rsquo;\u00e9ducation se fait \u00e0 deux niveaux par rapport <a href=\"http:\/\/www.ac-am.fr\/index.php\/la-vie-extraterrestre\/#Good\">aux ovni<\/a>&#8230;<\/u><\/span><\/p>\n<p class=\"retrait\"><span class=\"gmoyen\" style=\"color: #d0d000;\">Le premier niveau est tr\u00e8s peu perceptible&#8230; Ils veulent que l&rsquo;\u00eatre humain prenne conscience d&rsquo;un autre monde avec une existence diff\u00e9rente, qui peut \u00eatre pr\u00e9sent sur notre Terre, que leur technologie d\u00e9passe et surpasse largement notre propre technologie.<\/span><\/p>\n<p class=\"retrait\"><span class=\"gmoyen\" style=\"color: #d0d000;\">Donc \u00e0 ce niveau, ils s&rsquo;arrangent pour faire \u00ab\u00a0conscientiser\u00a0\u00bb mentalement \u00e0 l&rsquo;\u00eatre humain qu&rsquo;il n&rsquo;est pas seul dans l&rsquo;univers, pour que cela s&rsquo;infiltre psychologiquement dans nos pens\u00e9es, qu&rsquo;un monde diff\u00e9rent puisse \u00eatre pr\u00e9sent pour que l&rsquo;individu et la masse s&rsquo;habituent \u00e0 en entendre parler et que cela devienne familier et courant dans notre existence.<\/span><\/p>\n<p class=\"retrait\"><span class=\"gmoyen\" style=\"color: #d0d000;\">Le deuxi\u00e8me niveau tr\u00e8s perceptible\u2026 Une \u00e9ducation fausse\u2026 L&rsquo;information qu&rsquo;ils r\u00e9ussissent \u00e0 envoyer sur les \u00ab\u00a0\u00eatres d&rsquo;ailleurs\u00a0\u00bb, devient de la d\u00e9sinformation en nous montrant de faux sc\u00e9narios construits de toute pi\u00e8ce, pour que l&rsquo;individu s&rsquo;imagine que tout vient de ces \u00ab\u00a0\u00eatres\u00a0\u00bb (\u00ab\u00a0petits gris\u00a0\u00bb, par exemple), que leur monde est en p\u00e9ril, qu&rsquo;ils ne peuvent se reproduire (?), qu&rsquo;ils viennent \u00e9tudier la terre et bien autre chose, qui au bout du compte, nous fait conna\u00eetre un autre monde qui parfois manque \u00e9norm\u00e9ment de logique.<\/span><\/p>\n<p><span class=\"gmoyen\"><span class=\"gmoyen\"><span class=\"gmoyen\"><span class=\"gmoyen\"><span class=\"gmoyen\"><span class=\"gmoyen\"><span class=\"gmoyen\"><img decoding=\"async\" src=\"http:\/\/www.ac-am.fr\/wp-content\/uploads\/2015\/09\/ball01.gif\" alt=\"\" border=\"0\" \/> Certain affirmeront m\u00eame \u00ab\u00a0Je pense que le ph\u00e9nom\u00e8ne est intelligent\u00a0\u00bb; moi je r\u00e9pondrai qu&rsquo;il n&rsquo;est pas juste intelligent mais extr\u00eamement intelligent et tout ce qui \u00e0 nos yeux parfois semble idiot de leur part, n&rsquo;est qu&rsquo;au fond qu&rsquo;une fa\u00e7ade ou un angle qu&rsquo;ils d\u00e9voilent pour justement jouer sur notre psychologie humaine, qui a parfois du mal \u00e0 suivre leurs strat\u00e9gies de comportement. S&rsquo;il font ces actions d\u00e9pourvues d&rsquo;intelligence c&rsquo;est parce que eux veulent se montrer de cette fa\u00e7on, il ne faut pas les sous-estimer dans leurs capacit\u00e9s pour autant, pour eux ce ne sont que des jeux pour mieux conduire nos r\u00e9flexions dans des impasses.<\/span><\/p>\n<p> <span class=\"gmoyen\">[<a href=\"boites.htm#Gislyne01\">Gislyne I. &#8211; le 24-01-98<\/a>]<\/span><\/span><\/span><\/span><\/span><\/span><\/span><\/td>\n<\/tr>\n<\/tbody>\n<\/table>\n<\/td>\n<\/tr>\n<\/tbody>\n<\/table>\n<\/div>\n<div style=\"padding-bottom:20px; padding-top:10px;\" class=\"hupso-share-buttons\"><!-- Hupso Share Buttons - https:\/\/www.hupso.com\/share\/ --><a class=\"hupso_toolbar\" href=\"https:\/\/www.hupso.com\/share\/\"><img decoding=\"async\" src=\"https:\/\/static.hupso.com\/share\/buttons\/lang\/fr\/share.png\" style=\"border:0px; padding-top: 5px; float:left;\" alt=\"Share Button\"\/><\/a><script type=\"text\/javascript\">var hupso_services_t=new Array(\"Twitter\",\"Facebook\",\"Google Plus\");var hupso_background_t=\"#EAF4FF\";var hupso_border_t=\"#66CCFF\";var hupso_toolbar_size_t=\"big\";var hupso_image_folder_url = \"\";var hupso_url_t=\"\";var hupso_title_t=\"OVNI%2C%20Extraterrestres%20et%20enl%C3%A8vements...\";<\/script><script type=\"text\/javascript\" src=\"https:\/\/static.hupso.com\/share\/js\/share_toolbar.js\"><\/script><!-- Hupso Share Buttons --><\/div>","protected":false},"excerpt":{"rendered":"<p>OVNI, Extraterrestres et enl\u00e8vements&#8230; Les gens vivent vraiment des enl\u00e8vements par des \u00ab\u00a0\u00eatres\u00a0\u00bb venus \u00ab\u00a0d&rsquo;ailleurs\u00a0\u00bb,&#8230;<\/p>\n","protected":false},"author":21,"featured_media":0,"comment_status":"closed","ping_status":"open","sticky":false,"template":"","format":"standard","meta":{"footnotes":""},"categories":[254],"tags":[],"class_list":["post-2587","post","type-post","status-publish","format-standard","hentry","category-1998-vie-extraterrestre"],"yoast_head":"<!-- This site is optimized with the Yoast SEO plugin v26.9 - https:\/\/yoast.com\/product\/yoast-seo-wordpress\/ -->\n<title>OVNI, Extraterrestres et enl\u00e8vements... - Autre Conscience, Autre Monde<\/title>\n<meta name=\"robots\" content=\"index, follow, max-snippet:-1, max-image-preview:large, max-video-preview:-1\" \/>\n<link rel=\"canonical\" href=\"https:\/\/www.ac-am.fr\/index.php\/1998\/01\/24\/ovni-extraterrestres-et-enlevements\/\" \/>\n<meta property=\"og:locale\" content=\"fr_FR\" \/>\n<meta property=\"og:type\" content=\"article\" \/>\n<meta property=\"og:title\" content=\"OVNI, Extraterrestres et enl\u00e8vements... - Autre Conscience, Autre Monde\" \/>\n<meta property=\"og:description\" content=\"OVNI, Extraterrestres et enl\u00e8vements&#8230; Les gens vivent vraiment des enl\u00e8vements par des \u00ab\u00a0\u00eatres\u00a0\u00bb venus \u00ab\u00a0d&rsquo;ailleurs\u00a0\u00bb,...\" \/>\n<meta property=\"og:url\" content=\"https:\/\/www.ac-am.fr\/index.php\/1998\/01\/24\/ovni-extraterrestres-et-enlevements\/\" \/>\n<meta property=\"og:site_name\" content=\"Autre Conscience, Autre Monde\" \/>\n<meta property=\"article:publisher\" content=\"https:\/\/fr-fr.facebook.com\/claude.acam\/\" \/>\n<meta property=\"article:published_time\" content=\"1998-01-24T17:35:18+00:00\" \/>\n<meta property=\"article:modified_time\" content=\"2016-01-12T10:50:55+00:00\" \/>\n<meta property=\"og:image\" content=\"http:\/\/www.ac-am.fr\/wp-content\/uploads\/2015\/09\/barre_vt.gif\" \/>\n<meta name=\"author\" content=\"Gislyne I.\" \/>\n<meta name=\"twitter:card\" content=\"summary_large_image\" \/>\n<meta name=\"twitter:label1\" content=\"\u00c9crit par\" \/>\n\t<meta name=\"twitter:data1\" content=\"Gislyne I.\" \/>\n\t<meta name=\"twitter:label2\" content=\"Dur\u00e9e de lecture estim\u00e9e\" \/>\n\t<meta name=\"twitter:data2\" content=\"8 minutes\" \/>\n<script type=\"application\/ld+json\" class=\"yoast-schema-graph\">{\"@context\":\"https:\/\/schema.org\",\"@graph\":[{\"@type\":\"Article\",\"@id\":\"https:\/\/www.ac-am.fr\/index.php\/1998\/01\/24\/ovni-extraterrestres-et-enlevements\/#article\",\"isPartOf\":{\"@id\":\"https:\/\/www.ac-am.fr\/index.php\/1998\/01\/24\/ovni-extraterrestres-et-enlevements\/\"},\"author\":{\"name\":\"Gislyne I.\",\"@id\":\"https:\/\/www.ac-am.fr\/#\/schema\/person\/eb9105082ed891fd014126ad289dd462\"},\"headline\":\"OVNI, Extraterrestres et enl\u00e8vements&#8230;\",\"datePublished\":\"1998-01-24T17:35:18+00:00\",\"dateModified\":\"2016-01-12T10:50:55+00:00\",\"mainEntityOfPage\":{\"@id\":\"https:\/\/www.ac-am.fr\/index.php\/1998\/01\/24\/ovni-extraterrestres-et-enlevements\/\"},\"wordCount\":1673,\"publisher\":{\"@id\":\"https:\/\/www.ac-am.fr\/#organization\"},\"image\":{\"@id\":\"https:\/\/www.ac-am.fr\/index.php\/1998\/01\/24\/ovni-extraterrestres-et-enlevements\/#primaryimage\"},\"thumbnailUrl\":\"http:\/\/www.ac-am.fr\/wp-content\/uploads\/2015\/09\/barre_vt.gif\",\"articleSection\":[\"1998 \u2013 VIE EXTRATERRESTRE\"],\"inLanguage\":\"fr-FR\"},{\"@type\":\"WebPage\",\"@id\":\"https:\/\/www.ac-am.fr\/index.php\/1998\/01\/24\/ovni-extraterrestres-et-enlevements\/\",\"url\":\"https:\/\/www.ac-am.fr\/index.php\/1998\/01\/24\/ovni-extraterrestres-et-enlevements\/\",\"name\":\"OVNI, Extraterrestres et enl\u00e8vements... - Autre Conscience, Autre Monde\",\"isPartOf\":{\"@id\":\"https:\/\/www.ac-am.fr\/#website\"},\"primaryImageOfPage\":{\"@id\":\"https:\/\/www.ac-am.fr\/index.php\/1998\/01\/24\/ovni-extraterrestres-et-enlevements\/#primaryimage\"},\"image\":{\"@id\":\"https:\/\/www.ac-am.fr\/index.php\/1998\/01\/24\/ovni-extraterrestres-et-enlevements\/#primaryimage\"},\"thumbnailUrl\":\"http:\/\/www.ac-am.fr\/wp-content\/uploads\/2015\/09\/barre_vt.gif\",\"datePublished\":\"1998-01-24T17:35:18+00:00\",\"dateModified\":\"2016-01-12T10:50:55+00:00\",\"breadcrumb\":{\"@id\":\"https:\/\/www.ac-am.fr\/index.php\/1998\/01\/24\/ovni-extraterrestres-et-enlevements\/#breadcrumb\"},\"inLanguage\":\"fr-FR\",\"potentialAction\":[{\"@type\":\"ReadAction\",\"target\":[\"https:\/\/www.ac-am.fr\/index.php\/1998\/01\/24\/ovni-extraterrestres-et-enlevements\/\"]}]},{\"@type\":\"ImageObject\",\"inLanguage\":\"fr-FR\",\"@id\":\"https:\/\/www.ac-am.fr\/index.php\/1998\/01\/24\/ovni-extraterrestres-et-enlevements\/#primaryimage\",\"url\":\"https:\/\/www.ac-am.fr\/wp-content\/uploads\/2015\/09\/barre_vt.gif\",\"contentUrl\":\"https:\/\/www.ac-am.fr\/wp-content\/uploads\/2015\/09\/barre_vt.gif\",\"width\":550,\"height\":7,\"caption\":\"Barre verte\"},{\"@type\":\"BreadcrumbList\",\"@id\":\"https:\/\/www.ac-am.fr\/index.php\/1998\/01\/24\/ovni-extraterrestres-et-enlevements\/#breadcrumb\",\"itemListElement\":[{\"@type\":\"ListItem\",\"position\":1,\"name\":\"Accueil\",\"item\":\"https:\/\/www.ac-am.fr\/\"},{\"@type\":\"ListItem\",\"position\":2,\"name\":\"OVNI, Extraterrestres et enl\u00e8vements&#8230;\"}]},{\"@type\":\"WebSite\",\"@id\":\"https:\/\/www.ac-am.fr\/#website\",\"url\":\"https:\/\/www.ac-am.fr\/\",\"name\":\"Autre Conscience, Autre Monde\",\"description\":\"\",\"publisher\":{\"@id\":\"https:\/\/www.ac-am.fr\/#organization\"},\"potentialAction\":[{\"@type\":\"SearchAction\",\"target\":{\"@type\":\"EntryPoint\",\"urlTemplate\":\"https:\/\/www.ac-am.fr\/?s={search_term_string}\"},\"query-input\":{\"@type\":\"PropertyValueSpecification\",\"valueRequired\":true,\"valueName\":\"search_term_string\"}}],\"inLanguage\":\"fr-FR\"},{\"@type\":\"Organization\",\"@id\":\"https:\/\/www.ac-am.fr\/#organization\",\"name\":\"Autre Conscience, Autre Monde\",\"url\":\"https:\/\/www.ac-am.fr\/\",\"logo\":{\"@type\":\"ImageObject\",\"inLanguage\":\"fr-FR\",\"@id\":\"https:\/\/www.ac-am.fr\/#\/schema\/logo\/image\/\",\"url\":\"https:\/\/www.ac-am.fr\/wp-content\/uploads\/2015\/10\/bd_ac_am.gif\",\"contentUrl\":\"https:\/\/www.ac-am.fr\/wp-content\/uploads\/2015\/10\/bd_ac_am.gif\",\"width\":370,\"height\":65,\"caption\":\"Autre Conscience, Autre Monde\"},\"image\":{\"@id\":\"https:\/\/www.ac-am.fr\/#\/schema\/logo\/image\/\"},\"sameAs\":[\"https:\/\/fr-fr.facebook.com\/claude.acam\/\",\"https:\/\/www.youtube.com\/user\/consciencemonde\"]},{\"@type\":\"Person\",\"@id\":\"https:\/\/www.ac-am.fr\/#\/schema\/person\/eb9105082ed891fd014126ad289dd462\",\"name\":\"Gislyne I.\",\"image\":{\"@type\":\"ImageObject\",\"inLanguage\":\"fr-FR\",\"@id\":\"https:\/\/www.ac-am.fr\/#\/schema\/person\/image\/\",\"url\":\"https:\/\/secure.gravatar.com\/avatar\/4e257615371f193cddf2a31063096b138479e14997283da54b6b14d25691f846?s=96&d=identicon&r=g\",\"contentUrl\":\"https:\/\/secure.gravatar.com\/avatar\/4e257615371f193cddf2a31063096b138479e14997283da54b6b14d25691f846?s=96&d=identicon&r=g\",\"caption\":\"Gislyne I.\"},\"url\":\"https:\/\/www.ac-am.fr\/index.php\/author\/gislyne-i\/\"}]}<\/script>\n<!-- \/ Yoast SEO plugin. -->","yoast_head_json":{"title":"OVNI, Extraterrestres et enl\u00e8vements... - Autre Conscience, Autre Monde","robots":{"index":"index","follow":"follow","max-snippet":"max-snippet:-1","max-image-preview":"max-image-preview:large","max-video-preview":"max-video-preview:-1"},"canonical":"https:\/\/www.ac-am.fr\/index.php\/1998\/01\/24\/ovni-extraterrestres-et-enlevements\/","og_locale":"fr_FR","og_type":"article","og_title":"OVNI, Extraterrestres et enl\u00e8vements... - Autre Conscience, Autre Monde","og_description":"OVNI, Extraterrestres et enl\u00e8vements&#8230; Les gens vivent vraiment des enl\u00e8vements par des \u00ab\u00a0\u00eatres\u00a0\u00bb venus \u00ab\u00a0d&rsquo;ailleurs\u00a0\u00bb,...","og_url":"https:\/\/www.ac-am.fr\/index.php\/1998\/01\/24\/ovni-extraterrestres-et-enlevements\/","og_site_name":"Autre Conscience, Autre Monde","article_publisher":"https:\/\/fr-fr.facebook.com\/claude.acam\/","article_published_time":"1998-01-24T17:35:18+00:00","article_modified_time":"2016-01-12T10:50:55+00:00","og_image":[{"url":"http:\/\/www.ac-am.fr\/wp-content\/uploads\/2015\/09\/barre_vt.gif","type":"","width":"","height":""}],"author":"Gislyne I.","twitter_card":"summary_large_image","twitter_misc":{"\u00c9crit par":"Gislyne I.","Dur\u00e9e de lecture estim\u00e9e":"8 minutes"},"schema":{"@context":"https:\/\/schema.org","@graph":[{"@type":"Article","@id":"https:\/\/www.ac-am.fr\/index.php\/1998\/01\/24\/ovni-extraterrestres-et-enlevements\/#article","isPartOf":{"@id":"https:\/\/www.ac-am.fr\/index.php\/1998\/01\/24\/ovni-extraterrestres-et-enlevements\/"},"author":{"name":"Gislyne I.","@id":"https:\/\/www.ac-am.fr\/#\/schema\/person\/eb9105082ed891fd014126ad289dd462"},"headline":"OVNI, Extraterrestres et enl\u00e8vements&#8230;","datePublished":"1998-01-24T17:35:18+00:00","dateModified":"2016-01-12T10:50:55+00:00","mainEntityOfPage":{"@id":"https:\/\/www.ac-am.fr\/index.php\/1998\/01\/24\/ovni-extraterrestres-et-enlevements\/"},"wordCount":1673,"publisher":{"@id":"https:\/\/www.ac-am.fr\/#organization"},"image":{"@id":"https:\/\/www.ac-am.fr\/index.php\/1998\/01\/24\/ovni-extraterrestres-et-enlevements\/#primaryimage"},"thumbnailUrl":"http:\/\/www.ac-am.fr\/wp-content\/uploads\/2015\/09\/barre_vt.gif","articleSection":["1998 \u2013 VIE EXTRATERRESTRE"],"inLanguage":"fr-FR"},{"@type":"WebPage","@id":"https:\/\/www.ac-am.fr\/index.php\/1998\/01\/24\/ovni-extraterrestres-et-enlevements\/","url":"https:\/\/www.ac-am.fr\/index.php\/1998\/01\/24\/ovni-extraterrestres-et-enlevements\/","name":"OVNI, Extraterrestres et enl\u00e8vements... - Autre Conscience, Autre Monde","isPartOf":{"@id":"https:\/\/www.ac-am.fr\/#website"},"primaryImageOfPage":{"@id":"https:\/\/www.ac-am.fr\/index.php\/1998\/01\/24\/ovni-extraterrestres-et-enlevements\/#primaryimage"},"image":{"@id":"https:\/\/www.ac-am.fr\/index.php\/1998\/01\/24\/ovni-extraterrestres-et-enlevements\/#primaryimage"},"thumbnailUrl":"http:\/\/www.ac-am.fr\/wp-content\/uploads\/2015\/09\/barre_vt.gif","datePublished":"1998-01-24T17:35:18+00:00","dateModified":"2016-01-12T10:50:55+00:00","breadcrumb":{"@id":"https:\/\/www.ac-am.fr\/index.php\/1998\/01\/24\/ovni-extraterrestres-et-enlevements\/#breadcrumb"},"inLanguage":"fr-FR","potentialAction":[{"@type":"ReadAction","target":["https:\/\/www.ac-am.fr\/index.php\/1998\/01\/24\/ovni-extraterrestres-et-enlevements\/"]}]},{"@type":"ImageObject","inLanguage":"fr-FR","@id":"https:\/\/www.ac-am.fr\/index.php\/1998\/01\/24\/ovni-extraterrestres-et-enlevements\/#primaryimage","url":"https:\/\/www.ac-am.fr\/wp-content\/uploads\/2015\/09\/barre_vt.gif","contentUrl":"https:\/\/www.ac-am.fr\/wp-content\/uploads\/2015\/09\/barre_vt.gif","width":550,"height":7,"caption":"Barre verte"},{"@type":"BreadcrumbList","@id":"https:\/\/www.ac-am.fr\/index.php\/1998\/01\/24\/ovni-extraterrestres-et-enlevements\/#breadcrumb","itemListElement":[{"@type":"ListItem","position":1,"name":"Accueil","item":"https:\/\/www.ac-am.fr\/"},{"@type":"ListItem","position":2,"name":"OVNI, Extraterrestres et enl\u00e8vements&#8230;"}]},{"@type":"WebSite","@id":"https:\/\/www.ac-am.fr\/#website","url":"https:\/\/www.ac-am.fr\/","name":"Autre Conscience, Autre Monde","description":"","publisher":{"@id":"https:\/\/www.ac-am.fr\/#organization"},"potentialAction":[{"@type":"SearchAction","target":{"@type":"EntryPoint","urlTemplate":"https:\/\/www.ac-am.fr\/?s={search_term_string}"},"query-input":{"@type":"PropertyValueSpecification","valueRequired":true,"valueName":"search_term_string"}}],"inLanguage":"fr-FR"},{"@type":"Organization","@id":"https:\/\/www.ac-am.fr\/#organization","name":"Autre Conscience, Autre Monde","url":"https:\/\/www.ac-am.fr\/","logo":{"@type":"ImageObject","inLanguage":"fr-FR","@id":"https:\/\/www.ac-am.fr\/#\/schema\/logo\/image\/","url":"https:\/\/www.ac-am.fr\/wp-content\/uploads\/2015\/10\/bd_ac_am.gif","contentUrl":"https:\/\/www.ac-am.fr\/wp-content\/uploads\/2015\/10\/bd_ac_am.gif","width":370,"height":65,"caption":"Autre Conscience, Autre Monde"},"image":{"@id":"https:\/\/www.ac-am.fr\/#\/schema\/logo\/image\/"},"sameAs":["https:\/\/fr-fr.facebook.com\/claude.acam\/","https:\/\/www.youtube.com\/user\/consciencemonde"]},{"@type":"Person","@id":"https:\/\/www.ac-am.fr\/#\/schema\/person\/eb9105082ed891fd014126ad289dd462","name":"Gislyne I.","image":{"@type":"ImageObject","inLanguage":"fr-FR","@id":"https:\/\/www.ac-am.fr\/#\/schema\/person\/image\/","url":"https:\/\/secure.gravatar.com\/avatar\/4e257615371f193cddf2a31063096b138479e14997283da54b6b14d25691f846?s=96&d=identicon&r=g","contentUrl":"https:\/\/secure.gravatar.com\/avatar\/4e257615371f193cddf2a31063096b138479e14997283da54b6b14d25691f846?s=96&d=identicon&r=g","caption":"Gislyne I."},"url":"https:\/\/www.ac-am.fr\/index.php\/author\/gislyne-i\/"}]}},"_links":{"self":[{"href":"https:\/\/www.ac-am.fr\/index.php\/wp-json\/wp\/v2\/posts\/2587","targetHints":{"allow":["GET"]}}],"collection":[{"href":"https:\/\/www.ac-am.fr\/index.php\/wp-json\/wp\/v2\/posts"}],"about":[{"href":"https:\/\/www.ac-am.fr\/index.php\/wp-json\/wp\/v2\/types\/post"}],"author":[{"embeddable":true,"href":"https:\/\/www.ac-am.fr\/index.php\/wp-json\/wp\/v2\/users\/21"}],"replies":[{"embeddable":true,"href":"https:\/\/www.ac-am.fr\/index.php\/wp-json\/wp\/v2\/comments?post=2587"}],"version-history":[{"count":3,"href":"https:\/\/www.ac-am.fr\/index.php\/wp-json\/wp\/v2\/posts\/2587\/revisions"}],"predecessor-version":[{"id":2590,"href":"https:\/\/www.ac-am.fr\/index.php\/wp-json\/wp\/v2\/posts\/2587\/revisions\/2590"}],"wp:attachment":[{"href":"https:\/\/www.ac-am.fr\/index.php\/wp-json\/wp\/v2\/media?parent=2587"}],"wp:term":[{"taxonomy":"category","embeddable":true,"href":"https:\/\/www.ac-am.fr\/index.php\/wp-json\/wp\/v2\/categories?post=2587"},{"taxonomy":"post_tag","embeddable":true,"href":"https:\/\/www.ac-am.fr\/index.php\/wp-json\/wp\/v2\/tags?post=2587"}],"curies":[{"name":"wp","href":"https:\/\/api.w.org\/{rel}","templated":true}]}}