{"id":2711,"date":"1998-08-26T11:36:47","date_gmt":"1998-08-26T10:36:47","guid":{"rendered":"https:\/\/www.ac-am.fr\/?p=2711"},"modified":"2016-01-12T11:50:55","modified_gmt":"2016-01-12T10:50:55","slug":"lumieres-rouges-dans-la-nuit","status":"publish","type":"post","link":"https:\/\/www.ac-am.fr\/index.php\/1998\/08\/26\/lumieres-rouges-dans-la-nuit\/","title":{"rendered":"Lumi\u00e8res rouges dans la nuit."},"content":{"rendered":"<div id=\"vie_ET\" style=\"background-attachment: fixed; border: 2px solid #dfe6de; border-radius: 10px; opacity: 0.90;\">\n<table class=\"aligncenter\" style=\"width: 600px;\" border=\"0\">\n<tbody>\n<tr>\n<td>\n<table class=\"aligncenter\" style=\"width: 567px; height: 190px;\" border=\"0\">\n<tbody>\n<tr>\n<td><img decoding=\"async\" class=\"aligncenter\" src=\"http:\/\/www.ac-am.fr\/wp-content\/uploads\/2015\/09\/barre_vt.gif\" alt=\"\" border=\"0\" \/><\/td>\n<\/tr>\n<tr>\n<td style=\"text-align: left;\"><img loading=\"lazy\" decoding=\"async\" src=\"http:\/\/www.ac-am.fr\/wp-content\/uploads\/2015\/11\/retedest.gif\" alt=\"R\u00e9flexions et T\u00e9moignages\" width=\"380\" height=\"100\" border=\"0\" \/><img loading=\"lazy\" decoding=\"async\" src=\"http:\/\/www.ac-am.fr\/wp-content\/uploads\/2015\/10\/cal1998.gif\" alt=\"Ann\u00e9e 1998\" width=\"150\" height=\"100\" border=\"0\" \/><\/td>\n<\/tr>\n<tr>\n<td><img decoding=\"async\" class=\"aligncenter\" src=\"http:\/\/www.ac-am.fr\/wp-content\/uploads\/2015\/09\/barre_vt.gif\" alt=\"\" border=\"0\" \/><\/td>\n<\/tr>\n<\/tbody>\n<\/table>\n<table class=\"aligncenter\" style=\"width: 590px;\" border=\"0\">\n<tbody>\n<tr>\n<td><a name=\"Dina01_ET98_01\"><\/a><b class=\"ntitre1\">Lumi\u00e8res rouges dans la nuit.<\/b><\/td>\n<\/tr>\n<tr>\n<td colspan=\"2\"><img decoding=\"async\" class=\"aligncenter\" src=\"http:\/\/www.ac-am.fr\/wp-content\/uploads\/2015\/09\/barre_mr.gif\" alt=\"\" border=\"0\" \/><\/td>\n<\/tr>\n<tr>\n<td style=\"text-align: left;\"><span class=\"gmoyen\"><img decoding=\"async\" src=\"http:\/\/www.ac-am.fr\/wp-content\/uploads\/2015\/09\/ball01.gif\" alt=\"\" border=\"0\" \/> \u00c0 propos de mes exp\u00e9riences Ufo, j&rsquo;ai eu la premi\u00e8re quand j&rsquo;avais 17 ans et que j&rsquo;\u00e9tudiais aux \u00c9tats-Unis.<\/span><\/p>\n<p> <span class=\"gmoyen\"><img decoding=\"async\" src=\"http:\/\/www.ac-am.fr\/wp-content\/uploads\/2015\/09\/ball01.gif\" alt=\"\" border=\"0\" \/> L&rsquo;objet avait une lumi\u00e8re rouge et est rest\u00e9 suspendu au-dessus des arbres pendant dix minutes. Des dizaines d&rsquo;\u00e9l\u00e8ves l&rsquo;ont vu.<\/span><\/p>\n<p> <span class=\"gmoyen\"><img decoding=\"async\" src=\"http:\/\/www.ac-am.fr\/wp-content\/uploads\/2015\/09\/ball01.gif\" alt=\"\" border=\"0\" \/> \u00c0 cette \u00e9poque 1967, je ne m&rsquo;int\u00e9ressais pas aux OVNIs. Nous avons appel\u00e9 l&rsquo;a\u00e9roport et ceux de la tour de contr\u00f4le nous ont dit qu&rsquo;ils l&rsquo;avaient d\u00e9tect\u00e9 mais que l&rsquo;objet ne r\u00e9pondait pas.<\/span><\/p>\n<p> <span class=\"gmoyen\"><img decoding=\"async\" src=\"http:\/\/www.ac-am.fr\/wp-content\/uploads\/2015\/09\/ball01.gif\" alt=\"\" border=\"0\" \/> J&rsquo;ai habit\u00e9 en Colombie, ensuite en Isra\u00ebl et un jour pr\u00e8s de la plage une lumi\u00e8re rouge type laser, n&rsquo;\u00e9tant \u00e9mise de nulle part m&rsquo;a suivie jusqu&rsquo;\u00e0 mon appartement.<\/span><\/p>\n<p> <span class=\"gmoyen\"><img decoding=\"async\" src=\"http:\/\/www.ac-am.fr\/wp-content\/uploads\/2015\/09\/ball01.gif\" alt=\"\" border=\"0\" \/> Plus tard en Colombie j&rsquo;ai vu des OVNIs, une vingtaine de fois, \u00e7a fait plusieurs ann\u00e9es. Quelques fois mon mari recevait des signaux t\u00e9l\u00e9pathiques sur le lieu de la vision. Il a re\u00e7u la visite d&rsquo;\u00eatres identiques \u00e0 ceux que d\u00e9crit Whitley Strieber. Je pense que ces entit\u00e9s ne sont pas tellement \u00e9volu\u00e9es. Tout ceci je vous le dis confidentiellement, car je vis ma propre vie.<\/span><\/p>\n<p> <span class=\"gmoyen\"><img decoding=\"async\" src=\"http:\/\/www.ac-am.fr\/wp-content\/uploads\/2015\/09\/ball01.gif\" alt=\"\" border=\"0\" \/> Comme vous voyez, j&rsquo;ai vu des OVNIs dans les trois pays o\u00f9 j&rsquo;ai habit\u00e9, mais je ne pense pas qu&rsquo;ils aient chang\u00e9 ma vie. Par contre, les messages des \u00eatres <a href=\"http:\/\/www.ac-am.fr\/index.php\/1996\/01\/08\/les-ummites-bizarre-bizarre\/\">d&rsquo;UMMO<\/a>, s&rsquo;ils existent et ne sont pas invent\u00e9s, m&rsquo;ont donn\u00e9 une grande esp\u00e9rance vers une certaine \u00e9volution.<\/span><\/p>\n<p> <span class=\"gmoyen\">[Dina V. &#8211; le 26-08-98]<\/span><\/td>\n<\/tr>\n<\/tbody>\n<\/table>\n<\/td>\n<\/tr>\n<\/tbody>\n<\/table>\n<\/div>\n<div style=\"padding-bottom:20px; padding-top:10px;\" class=\"hupso-share-buttons\"><!-- Hupso Share Buttons - https:\/\/www.hupso.com\/share\/ --><a class=\"hupso_toolbar\" href=\"https:\/\/www.hupso.com\/share\/\"><img decoding=\"async\" src=\"https:\/\/static.hupso.com\/share\/buttons\/lang\/fr\/share.png\" style=\"border:0px; padding-top: 5px; float:left;\" alt=\"Share Button\"\/><\/a><script type=\"text\/javascript\">var hupso_services_t=new Array(\"Twitter\",\"Facebook\",\"Google Plus\");var hupso_background_t=\"#EAF4FF\";var hupso_border_t=\"#66CCFF\";var hupso_toolbar_size_t=\"big\";var hupso_image_folder_url = \"\";var hupso_url_t=\"\";var hupso_title_t=\"Lumi%C3%A8res%20rouges%20dans%20la%20nuit.\";<\/script><script type=\"text\/javascript\" src=\"https:\/\/static.hupso.com\/share\/js\/share_toolbar.js\"><\/script><!-- Hupso Share Buttons --><\/div>","protected":false},"excerpt":{"rendered":"<p>Lumi\u00e8res rouges dans la nuit. \u00c0 propos de mes exp\u00e9riences Ufo, j&rsquo;ai eu la premi\u00e8re&#8230;<\/p>\n","protected":false},"author":83,"featured_media":0,"comment_status":"closed","ping_status":"open","sticky":false,"template":"","format":"standard","meta":{"footnotes":""},"categories":[254],"tags":[],"class_list":["post-2711","post","type-post","status-publish","format-standard","hentry","category-1998-vie-extraterrestre"],"yoast_head":"<!-- This site is optimized with the Yoast SEO plugin v26.9 - https:\/\/yoast.com\/product\/yoast-seo-wordpress\/ -->\n<title>Lumi\u00e8res rouges dans la nuit. - Autre Conscience, Autre Monde<\/title>\n<meta name=\"robots\" content=\"index, follow, max-snippet:-1, max-image-preview:large, max-video-preview:-1\" \/>\n<link rel=\"canonical\" href=\"https:\/\/www.ac-am.fr\/index.php\/1998\/08\/26\/lumieres-rouges-dans-la-nuit\/\" \/>\n<meta property=\"og:locale\" content=\"fr_FR\" \/>\n<meta property=\"og:type\" content=\"article\" \/>\n<meta property=\"og:title\" content=\"Lumi\u00e8res rouges dans la nuit. - Autre Conscience, Autre Monde\" \/>\n<meta property=\"og:description\" content=\"Lumi\u00e8res rouges dans la nuit. \u00c0 propos de mes exp\u00e9riences Ufo, j&rsquo;ai eu la premi\u00e8re...\" \/>\n<meta property=\"og:url\" content=\"https:\/\/www.ac-am.fr\/index.php\/1998\/08\/26\/lumieres-rouges-dans-la-nuit\/\" \/>\n<meta property=\"og:site_name\" content=\"Autre Conscience, Autre Monde\" \/>\n<meta property=\"article:publisher\" content=\"https:\/\/fr-fr.facebook.com\/claude.acam\/\" \/>\n<meta property=\"article:published_time\" content=\"1998-08-26T10:36:47+00:00\" \/>\n<meta property=\"article:modified_time\" content=\"2016-01-12T10:50:55+00:00\" \/>\n<meta property=\"og:image\" content=\"http:\/\/www.ac-am.fr\/wp-content\/uploads\/2015\/09\/barre_vt.gif\" \/>\n<meta name=\"author\" content=\"Dina V.\" \/>\n<meta name=\"twitter:card\" content=\"summary_large_image\" \/>\n<meta name=\"twitter:label1\" content=\"\u00c9crit par\" \/>\n\t<meta name=\"twitter:data1\" content=\"Dina V.\" \/>\n\t<meta name=\"twitter:label2\" content=\"Dur\u00e9e de lecture estim\u00e9e\" \/>\n\t<meta name=\"twitter:data2\" content=\"1 minute\" \/>\n<script type=\"application\/ld+json\" class=\"yoast-schema-graph\">{\"@context\":\"https:\/\/schema.org\",\"@graph\":[{\"@type\":\"Article\",\"@id\":\"https:\/\/www.ac-am.fr\/index.php\/1998\/08\/26\/lumieres-rouges-dans-la-nuit\/#article\",\"isPartOf\":{\"@id\":\"https:\/\/www.ac-am.fr\/index.php\/1998\/08\/26\/lumieres-rouges-dans-la-nuit\/\"},\"author\":{\"name\":\"Dina V.\",\"@id\":\"https:\/\/www.ac-am.fr\/#\/schema\/person\/dd9807c6735b462fc7fa4feedfb34cfd\"},\"headline\":\"Lumi\u00e8res rouges dans la nuit.\",\"datePublished\":\"1998-08-26T10:36:47+00:00\",\"dateModified\":\"2016-01-12T10:50:55+00:00\",\"mainEntityOfPage\":{\"@id\":\"https:\/\/www.ac-am.fr\/index.php\/1998\/08\/26\/lumieres-rouges-dans-la-nuit\/\"},\"wordCount\":270,\"publisher\":{\"@id\":\"https:\/\/www.ac-am.fr\/#organization\"},\"image\":{\"@id\":\"https:\/\/www.ac-am.fr\/index.php\/1998\/08\/26\/lumieres-rouges-dans-la-nuit\/#primaryimage\"},\"thumbnailUrl\":\"http:\/\/www.ac-am.fr\/wp-content\/uploads\/2015\/09\/barre_vt.gif\",\"articleSection\":[\"1998 \u2013 VIE EXTRATERRESTRE\"],\"inLanguage\":\"fr-FR\"},{\"@type\":\"WebPage\",\"@id\":\"https:\/\/www.ac-am.fr\/index.php\/1998\/08\/26\/lumieres-rouges-dans-la-nuit\/\",\"url\":\"https:\/\/www.ac-am.fr\/index.php\/1998\/08\/26\/lumieres-rouges-dans-la-nuit\/\",\"name\":\"Lumi\u00e8res rouges dans la nuit. - Autre Conscience, Autre Monde\",\"isPartOf\":{\"@id\":\"https:\/\/www.ac-am.fr\/#website\"},\"primaryImageOfPage\":{\"@id\":\"https:\/\/www.ac-am.fr\/index.php\/1998\/08\/26\/lumieres-rouges-dans-la-nuit\/#primaryimage\"},\"image\":{\"@id\":\"https:\/\/www.ac-am.fr\/index.php\/1998\/08\/26\/lumieres-rouges-dans-la-nuit\/#primaryimage\"},\"thumbnailUrl\":\"http:\/\/www.ac-am.fr\/wp-content\/uploads\/2015\/09\/barre_vt.gif\",\"datePublished\":\"1998-08-26T10:36:47+00:00\",\"dateModified\":\"2016-01-12T10:50:55+00:00\",\"breadcrumb\":{\"@id\":\"https:\/\/www.ac-am.fr\/index.php\/1998\/08\/26\/lumieres-rouges-dans-la-nuit\/#breadcrumb\"},\"inLanguage\":\"fr-FR\",\"potentialAction\":[{\"@type\":\"ReadAction\",\"target\":[\"https:\/\/www.ac-am.fr\/index.php\/1998\/08\/26\/lumieres-rouges-dans-la-nuit\/\"]}]},{\"@type\":\"ImageObject\",\"inLanguage\":\"fr-FR\",\"@id\":\"https:\/\/www.ac-am.fr\/index.php\/1998\/08\/26\/lumieres-rouges-dans-la-nuit\/#primaryimage\",\"url\":\"https:\/\/www.ac-am.fr\/wp-content\/uploads\/2015\/09\/barre_vt.gif\",\"contentUrl\":\"https:\/\/www.ac-am.fr\/wp-content\/uploads\/2015\/09\/barre_vt.gif\",\"width\":550,\"height\":7,\"caption\":\"Barre verte\"},{\"@type\":\"BreadcrumbList\",\"@id\":\"https:\/\/www.ac-am.fr\/index.php\/1998\/08\/26\/lumieres-rouges-dans-la-nuit\/#breadcrumb\",\"itemListElement\":[{\"@type\":\"ListItem\",\"position\":1,\"name\":\"Accueil\",\"item\":\"https:\/\/www.ac-am.fr\/\"},{\"@type\":\"ListItem\",\"position\":2,\"name\":\"Lumi\u00e8res rouges dans la nuit.\"}]},{\"@type\":\"WebSite\",\"@id\":\"https:\/\/www.ac-am.fr\/#website\",\"url\":\"https:\/\/www.ac-am.fr\/\",\"name\":\"Autre Conscience, Autre Monde\",\"description\":\"\",\"publisher\":{\"@id\":\"https:\/\/www.ac-am.fr\/#organization\"},\"potentialAction\":[{\"@type\":\"SearchAction\",\"target\":{\"@type\":\"EntryPoint\",\"urlTemplate\":\"https:\/\/www.ac-am.fr\/?s={search_term_string}\"},\"query-input\":{\"@type\":\"PropertyValueSpecification\",\"valueRequired\":true,\"valueName\":\"search_term_string\"}}],\"inLanguage\":\"fr-FR\"},{\"@type\":\"Organization\",\"@id\":\"https:\/\/www.ac-am.fr\/#organization\",\"name\":\"Autre Conscience, Autre Monde\",\"url\":\"https:\/\/www.ac-am.fr\/\",\"logo\":{\"@type\":\"ImageObject\",\"inLanguage\":\"fr-FR\",\"@id\":\"https:\/\/www.ac-am.fr\/#\/schema\/logo\/image\/\",\"url\":\"https:\/\/www.ac-am.fr\/wp-content\/uploads\/2015\/10\/bd_ac_am.gif\",\"contentUrl\":\"https:\/\/www.ac-am.fr\/wp-content\/uploads\/2015\/10\/bd_ac_am.gif\",\"width\":370,\"height\":65,\"caption\":\"Autre Conscience, Autre Monde\"},\"image\":{\"@id\":\"https:\/\/www.ac-am.fr\/#\/schema\/logo\/image\/\"},\"sameAs\":[\"https:\/\/fr-fr.facebook.com\/claude.acam\/\",\"https:\/\/www.youtube.com\/user\/consciencemonde\"]},{\"@type\":\"Person\",\"@id\":\"https:\/\/www.ac-am.fr\/#\/schema\/person\/dd9807c6735b462fc7fa4feedfb34cfd\",\"name\":\"Dina V.\",\"image\":{\"@type\":\"ImageObject\",\"inLanguage\":\"fr-FR\",\"@id\":\"https:\/\/www.ac-am.fr\/#\/schema\/person\/image\/\",\"url\":\"https:\/\/secure.gravatar.com\/avatar\/bbf8a0ec31fcd707dc7ebe469f7097b8d1def238f1119d6898d1bb661236eae1?s=96&d=identicon&r=g\",\"contentUrl\":\"https:\/\/secure.gravatar.com\/avatar\/bbf8a0ec31fcd707dc7ebe469f7097b8d1def238f1119d6898d1bb661236eae1?s=96&d=identicon&r=g\",\"caption\":\"Dina V.\"},\"url\":\"https:\/\/www.ac-am.fr\/index.php\/author\/dina-v\/\"}]}<\/script>\n<!-- \/ Yoast SEO plugin. -->","yoast_head_json":{"title":"Lumi\u00e8res rouges dans la nuit. - Autre Conscience, Autre Monde","robots":{"index":"index","follow":"follow","max-snippet":"max-snippet:-1","max-image-preview":"max-image-preview:large","max-video-preview":"max-video-preview:-1"},"canonical":"https:\/\/www.ac-am.fr\/index.php\/1998\/08\/26\/lumieres-rouges-dans-la-nuit\/","og_locale":"fr_FR","og_type":"article","og_title":"Lumi\u00e8res rouges dans la nuit. - Autre Conscience, Autre Monde","og_description":"Lumi\u00e8res rouges dans la nuit. \u00c0 propos de mes exp\u00e9riences Ufo, j&rsquo;ai eu la premi\u00e8re...","og_url":"https:\/\/www.ac-am.fr\/index.php\/1998\/08\/26\/lumieres-rouges-dans-la-nuit\/","og_site_name":"Autre Conscience, Autre Monde","article_publisher":"https:\/\/fr-fr.facebook.com\/claude.acam\/","article_published_time":"1998-08-26T10:36:47+00:00","article_modified_time":"2016-01-12T10:50:55+00:00","og_image":[{"url":"http:\/\/www.ac-am.fr\/wp-content\/uploads\/2015\/09\/barre_vt.gif","type":"","width":"","height":""}],"author":"Dina V.","twitter_card":"summary_large_image","twitter_misc":{"\u00c9crit par":"Dina V.","Dur\u00e9e de lecture estim\u00e9e":"1 minute"},"schema":{"@context":"https:\/\/schema.org","@graph":[{"@type":"Article","@id":"https:\/\/www.ac-am.fr\/index.php\/1998\/08\/26\/lumieres-rouges-dans-la-nuit\/#article","isPartOf":{"@id":"https:\/\/www.ac-am.fr\/index.php\/1998\/08\/26\/lumieres-rouges-dans-la-nuit\/"},"author":{"name":"Dina V.","@id":"https:\/\/www.ac-am.fr\/#\/schema\/person\/dd9807c6735b462fc7fa4feedfb34cfd"},"headline":"Lumi\u00e8res rouges dans la nuit.","datePublished":"1998-08-26T10:36:47+00:00","dateModified":"2016-01-12T10:50:55+00:00","mainEntityOfPage":{"@id":"https:\/\/www.ac-am.fr\/index.php\/1998\/08\/26\/lumieres-rouges-dans-la-nuit\/"},"wordCount":270,"publisher":{"@id":"https:\/\/www.ac-am.fr\/#organization"},"image":{"@id":"https:\/\/www.ac-am.fr\/index.php\/1998\/08\/26\/lumieres-rouges-dans-la-nuit\/#primaryimage"},"thumbnailUrl":"http:\/\/www.ac-am.fr\/wp-content\/uploads\/2015\/09\/barre_vt.gif","articleSection":["1998 \u2013 VIE EXTRATERRESTRE"],"inLanguage":"fr-FR"},{"@type":"WebPage","@id":"https:\/\/www.ac-am.fr\/index.php\/1998\/08\/26\/lumieres-rouges-dans-la-nuit\/","url":"https:\/\/www.ac-am.fr\/index.php\/1998\/08\/26\/lumieres-rouges-dans-la-nuit\/","name":"Lumi\u00e8res rouges dans la nuit. - Autre Conscience, Autre Monde","isPartOf":{"@id":"https:\/\/www.ac-am.fr\/#website"},"primaryImageOfPage":{"@id":"https:\/\/www.ac-am.fr\/index.php\/1998\/08\/26\/lumieres-rouges-dans-la-nuit\/#primaryimage"},"image":{"@id":"https:\/\/www.ac-am.fr\/index.php\/1998\/08\/26\/lumieres-rouges-dans-la-nuit\/#primaryimage"},"thumbnailUrl":"http:\/\/www.ac-am.fr\/wp-content\/uploads\/2015\/09\/barre_vt.gif","datePublished":"1998-08-26T10:36:47+00:00","dateModified":"2016-01-12T10:50:55+00:00","breadcrumb":{"@id":"https:\/\/www.ac-am.fr\/index.php\/1998\/08\/26\/lumieres-rouges-dans-la-nuit\/#breadcrumb"},"inLanguage":"fr-FR","potentialAction":[{"@type":"ReadAction","target":["https:\/\/www.ac-am.fr\/index.php\/1998\/08\/26\/lumieres-rouges-dans-la-nuit\/"]}]},{"@type":"ImageObject","inLanguage":"fr-FR","@id":"https:\/\/www.ac-am.fr\/index.php\/1998\/08\/26\/lumieres-rouges-dans-la-nuit\/#primaryimage","url":"https:\/\/www.ac-am.fr\/wp-content\/uploads\/2015\/09\/barre_vt.gif","contentUrl":"https:\/\/www.ac-am.fr\/wp-content\/uploads\/2015\/09\/barre_vt.gif","width":550,"height":7,"caption":"Barre verte"},{"@type":"BreadcrumbList","@id":"https:\/\/www.ac-am.fr\/index.php\/1998\/08\/26\/lumieres-rouges-dans-la-nuit\/#breadcrumb","itemListElement":[{"@type":"ListItem","position":1,"name":"Accueil","item":"https:\/\/www.ac-am.fr\/"},{"@type":"ListItem","position":2,"name":"Lumi\u00e8res rouges dans la nuit."}]},{"@type":"WebSite","@id":"https:\/\/www.ac-am.fr\/#website","url":"https:\/\/www.ac-am.fr\/","name":"Autre Conscience, Autre Monde","description":"","publisher":{"@id":"https:\/\/www.ac-am.fr\/#organization"},"potentialAction":[{"@type":"SearchAction","target":{"@type":"EntryPoint","urlTemplate":"https:\/\/www.ac-am.fr\/?s={search_term_string}"},"query-input":{"@type":"PropertyValueSpecification","valueRequired":true,"valueName":"search_term_string"}}],"inLanguage":"fr-FR"},{"@type":"Organization","@id":"https:\/\/www.ac-am.fr\/#organization","name":"Autre Conscience, Autre Monde","url":"https:\/\/www.ac-am.fr\/","logo":{"@type":"ImageObject","inLanguage":"fr-FR","@id":"https:\/\/www.ac-am.fr\/#\/schema\/logo\/image\/","url":"https:\/\/www.ac-am.fr\/wp-content\/uploads\/2015\/10\/bd_ac_am.gif","contentUrl":"https:\/\/www.ac-am.fr\/wp-content\/uploads\/2015\/10\/bd_ac_am.gif","width":370,"height":65,"caption":"Autre Conscience, Autre Monde"},"image":{"@id":"https:\/\/www.ac-am.fr\/#\/schema\/logo\/image\/"},"sameAs":["https:\/\/fr-fr.facebook.com\/claude.acam\/","https:\/\/www.youtube.com\/user\/consciencemonde"]},{"@type":"Person","@id":"https:\/\/www.ac-am.fr\/#\/schema\/person\/dd9807c6735b462fc7fa4feedfb34cfd","name":"Dina V.","image":{"@type":"ImageObject","inLanguage":"fr-FR","@id":"https:\/\/www.ac-am.fr\/#\/schema\/person\/image\/","url":"https:\/\/secure.gravatar.com\/avatar\/bbf8a0ec31fcd707dc7ebe469f7097b8d1def238f1119d6898d1bb661236eae1?s=96&d=identicon&r=g","contentUrl":"https:\/\/secure.gravatar.com\/avatar\/bbf8a0ec31fcd707dc7ebe469f7097b8d1def238f1119d6898d1bb661236eae1?s=96&d=identicon&r=g","caption":"Dina V."},"url":"https:\/\/www.ac-am.fr\/index.php\/author\/dina-v\/"}]}},"_links":{"self":[{"href":"https:\/\/www.ac-am.fr\/index.php\/wp-json\/wp\/v2\/posts\/2711","targetHints":{"allow":["GET"]}}],"collection":[{"href":"https:\/\/www.ac-am.fr\/index.php\/wp-json\/wp\/v2\/posts"}],"about":[{"href":"https:\/\/www.ac-am.fr\/index.php\/wp-json\/wp\/v2\/types\/post"}],"author":[{"embeddable":true,"href":"https:\/\/www.ac-am.fr\/index.php\/wp-json\/wp\/v2\/users\/83"}],"replies":[{"embeddable":true,"href":"https:\/\/www.ac-am.fr\/index.php\/wp-json\/wp\/v2\/comments?post=2711"}],"version-history":[{"count":2,"href":"https:\/\/www.ac-am.fr\/index.php\/wp-json\/wp\/v2\/posts\/2711\/revisions"}],"predecessor-version":[{"id":2713,"href":"https:\/\/www.ac-am.fr\/index.php\/wp-json\/wp\/v2\/posts\/2711\/revisions\/2713"}],"wp:attachment":[{"href":"https:\/\/www.ac-am.fr\/index.php\/wp-json\/wp\/v2\/media?parent=2711"}],"wp:term":[{"taxonomy":"category","embeddable":true,"href":"https:\/\/www.ac-am.fr\/index.php\/wp-json\/wp\/v2\/categories?post=2711"},{"taxonomy":"post_tag","embeddable":true,"href":"https:\/\/www.ac-am.fr\/index.php\/wp-json\/wp\/v2\/tags?post=2711"}],"curies":[{"name":"wp","href":"https:\/\/api.w.org\/{rel}","templated":true}]}}