{"id":2818,"date":"2002-07-29T20:50:27","date_gmt":"2002-07-29T19:50:27","guid":{"rendered":"https:\/\/www.ac-am.fr\/?p=2818"},"modified":"2016-01-22T21:51:55","modified_gmt":"2016-01-22T20:51:55","slug":"une-curieuse-similitude-reptilienne","status":"publish","type":"post","link":"https:\/\/www.ac-am.fr\/index.php\/2002\/07\/29\/une-curieuse-similitude-reptilienne\/","title":{"rendered":"Une curieuse similitude reptilienne."},"content":{"rendered":"<div id=\"vie_ET\" style=\"background-attachment: fixed; border: 2px solid #dfe6de; border-radius: 10px; opacity: 0.90;\">\n<table class=\"aligncenter\" style=\"width: 600px;\" border=\"0\">\n<tbody>\n<tr>\n<td>\n<table class=\"aligncenter\" style=\"width: 567px; height: 190px;\" border=\"0\">\n<tbody>\n<tr>\n<td><img decoding=\"async\" class=\"aligncenter\" src=\"http:\/\/www.ac-am.fr\/wp-content\/uploads\/2015\/09\/barre_vt.gif\" alt=\"\" border=\"0\" \/><\/td>\n<\/tr>\n<tr>\n<td style=\"text-align: left;\"><img loading=\"lazy\" decoding=\"async\" src=\"http:\/\/www.ac-am.fr\/wp-content\/uploads\/2015\/11\/retedest.gif\" alt=\"R\u00e9flexions et T\u00e9moignages\" width=\"380\" height=\"100\" border=\"0\" \/><img loading=\"lazy\" decoding=\"async\" src=\"http:\/\/www.ac-am.fr\/wp-content\/uploads\/2015\/10\/cal2002.gif\" alt=\"Ann\u00e9e 2002\" width=\"150\" height=\"100\" border=\"0\" \/><\/td>\n<\/tr>\n<tr>\n<td><img decoding=\"async\" class=\"aligncenter\" src=\"http:\/\/www.ac-am.fr\/wp-content\/uploads\/2015\/09\/barre_vt.gif\" alt=\"\" border=\"0\" \/><\/td>\n<\/tr>\n<\/tbody>\n<\/table>\n<table class=\"aligncenter\" style=\"width: 590px;\" border=\"0\">\n<tbody>\n<tr>\n<td><a name=\"Fabrice01S_ET02_01\"><\/a><b class=\"ntitre1\">Une curieuse similitude reptilienne.<\/b><\/td>\n<\/tr>\n<tr>\n<td colspan=\"2\"><img decoding=\"async\" class=\"aligncenter\" src=\"http:\/\/www.ac-am.fr\/wp-content\/uploads\/2015\/09\/barre_mr.gif\" alt=\"\" border=\"0\" \/><\/td>\n<\/tr>\n<tr>\n<td style=\"text-align: left;\"><span class=\"gmoyen\"><img decoding=\"async\" src=\"http:\/\/www.ac-am.fr\/wp-content\/uploads\/2015\/09\/ball01.gif\" alt=\"\" border=\"0\" \/> Je viens d&rsquo;envoyer par mail \u00e0 Fabrice Bonvin le r\u00e9cit d&rsquo;un \u00ab\u00a0r\u00eave\u00a0\u00bb d&rsquo;enl\u00e8vement e.b.e et chose curieuse j&rsquo;ai trouv\u00e9 sur votre site un <a href=\"http:\/\/www.ac-am.fr\/index.php\/1999\/01\/15\/protection-contre-abduction\/\">t\u00e9moignage<\/a> en tout point similaire !!! <br \/>\nIl s&rsquo;agissait d&rsquo;une entit\u00e9 de type \u00ab\u00a0reptilien\u00a0\u00bb contre laquelle j&rsquo;ai lutt\u00e9 en puisant au fond de mon \u00e2me pour me d\u00e9barrasser de son emprise magn\u00e9tique tr\u00e9s puissante et douloureuse.<\/span><\/p>\n<p> <span class=\"gmoyen\"><u>Voici le r\u00e9cit<\/u> :<\/span><\/p>\n<p> <span class=\"gmoyen\"><img decoding=\"async\" src=\"http:\/\/www.ac-am.fr\/wp-content\/uploads\/2015\/09\/ball01.gif\" alt=\"\" border=\"0\" \/> J&rsquo;ai fait ce \u00ab\u00a0r\u00eave\u00a0\u00bb il y a 4 ou 5 ans \u00e0 Marseille, ville dans laquelle j&rsquo;habite depuis 14 ans. Curieusement tout cela se passait \u00e0 Troyes (ma ville d&rsquo;origine) dans la maison de mon adolescence. Il y a donc un d\u00e9calage temporel malgr\u00e9 le \u00ab\u00a0senti\u00a0\u00bb en direct des \u00e9v\u00e9nements.<\/span><\/p>\n<p> <span class=\"gmoyen\"><img decoding=\"async\" src=\"http:\/\/www.ac-am.fr\/wp-content\/uploads\/2015\/09\/ball01.gif\" alt=\"\" border=\"0\" \/> Au d\u00e9but il y avait dans la cour de ma maison 20 ou 30 personnes que je ne connaissais pas du tout, tr\u00e8s effray\u00e9es par l&rsquo;approche d&rsquo;un ovni mais \u00e9galement par le fait de ne pas savoir comment ils s&rsquo;\u00e9taient retrouv\u00e9 l\u00e0. En m\u00eame temps la foule semblait conna\u00eetre pour quel motif cet ovni les survolait&#8230;<\/span><\/p>\n<p> <span class=\"gmoyen\"><img decoding=\"async\" src=\"http:\/\/www.ac-am.fr\/wp-content\/uploads\/2015\/09\/ball01.gif\" alt=\"\" border=\"0\" \/> En tout cas moi je le savais fort bien (tentative d&rsquo;enl\u00e8vement extraterrestre). Je me souviens avoir attir\u00e9 l&rsquo;attention de l&rsquo;ovni afin de lib\u00e9rer les gens de l&rsquo;oppression et de la peur. \u00c0 ce moment l&rsquo;ovni m&rsquo;a cibl\u00e9 et je me suis retrouv\u00e9 dans mon lit paralys\u00e9 par une intense force magn\u00e9tique tr\u00e8s douloureuse mais que je savais issue d&rsquo;une entit\u00e9 intelligente non-humaine. J&rsquo;ai lutt\u00e9 du tr\u00e9fonds de mon \u00e2me pour me lib\u00e9rer de cette force et pour ce, j&rsquo;ai appel\u00e9 \u00e0 l&rsquo;aide J\u00e9sus. Apr\u00e8s des efforts surhumains son nom est sorti de ma gorge dans un grand r\u00e2le d&rsquo;outre-tombe, \u00e0 ce moment m\u00eame la paralysie et l&rsquo;entrave ont cess\u00e9es et je me suis retrouv\u00e9 une nouvelle fois dans la cour de ma maison. L\u00e0, l&rsquo;entit\u00e9 tentait de m&rsquo;enlever de force, physiquement cette fois, mais je lui ai fait l\u00e2ch\u00e9 prise. Ph\u00e9nom\u00e8ne curieux : L&rsquo;entit\u00e9 et le vaisseau spatial ne faisaient qu&rsquo;un et pouvaient se transformer soit en ovni soit en cr\u00e9ature. Au moment de la tentative de capture physique (en me tenant par la main et l&rsquo;extr\u00e9mit\u00e9 du bras) je me souviens parfaitement que l&rsquo;ovni et l&rsquo;\u00eatre \u00e9taient indivisibles et que la partie e.b.e essayait de m&rsquo;amener dans la partie ovni tout en se recomposant en engin spatial. Quand l&rsquo;entit\u00e9 a l\u00e2ch\u00e9e prise c&rsquo;est un ovni de type soucoupe qui s&rsquo;est \u00e9vanoui dans le ciel. Il s&rsquo;agissait d&rsquo;un \u00eatre humano\u00efde d&rsquo;environ 1,90 m \u00e0 2 m de type \u00ab\u00a0reptilien\u00a0\u00bb \u00e0 la peau vert olive fonc\u00e9e, form\u00e9e, me semble t-il, de fines plaques. Comme une peau de cuir fin \u00e9cailleuse mais lisse.<\/span><\/p>\n<p> <span class=\"gmoyen\"><img decoding=\"async\" src=\"http:\/\/www.ac-am.fr\/wp-content\/uploads\/2015\/09\/ball01.gif\" alt=\"\" border=\"0\" \/> J&rsquo;ai employ\u00e9 le terme \u00ab\u00a0reptilien\u00a0\u00bb mais je tiens \u00e0 pr\u00e9ciser qu&rsquo;il ne s&rsquo;agit pas d&rsquo;un \u00ab\u00a0gros iguane tragico-comique\u00a0\u00bb comme l&rsquo;on en voit dans les films de science-fiction \u00ab\u00a0kitch\u00a0\u00bb ou de s\u00e9rie b&#8230;<\/span><\/p>\n<p> <span class=\"gmoyen\"><img decoding=\"async\" src=\"http:\/\/www.ac-am.fr\/wp-content\/uploads\/2015\/09\/ball01.gif\" alt=\"\" border=\"0\" \/> Dans la journ\u00e9e j&rsquo;ai racont\u00e9 ce r\u00eave lucide \u00e0 mon amie Sabine qui m&rsquo;a avou\u00e9e faire de nombreux r\u00eaves d&rsquo;ovnis mais surtout de boules lumineuses intelligentes qui \u00ab\u00a0attaquent\u00a0\u00bb les populations, dont elle, en les paralysant. Il me semble important de communiquer que ces boules lumineuses ont chacune une cible humaine bien pr\u00e9cise, elles ne frappent pas au hasard.<\/span><\/p>\n<p> <span class=\"gmoyen\">[<a href=\"boites.htm#Fabrice01_S\">Fabrice S. &#8211; le 29-07-02<\/a>]<\/span><\/td>\n<\/tr>\n<\/tbody>\n<\/table>\n<\/td>\n<\/tr>\n<\/tbody>\n<\/table>\n<\/div>\n<div style=\"padding-bottom:20px; padding-top:10px;\" class=\"hupso-share-buttons\"><!-- Hupso Share Buttons - https:\/\/www.hupso.com\/share\/ --><a class=\"hupso_toolbar\" href=\"https:\/\/www.hupso.com\/share\/\"><img decoding=\"async\" src=\"https:\/\/static.hupso.com\/share\/buttons\/lang\/fr\/share.png\" style=\"border:0px; padding-top: 5px; float:left;\" alt=\"Share Button\"\/><\/a><script type=\"text\/javascript\">var hupso_services_t=new Array(\"Twitter\",\"Facebook\",\"Google Plus\");var hupso_background_t=\"#EAF4FF\";var hupso_border_t=\"#66CCFF\";var hupso_toolbar_size_t=\"big\";var hupso_image_folder_url = \"\";var hupso_url_t=\"\";var hupso_title_t=\"Une%20curieuse%20similitude%20reptilienne.\";<\/script><script type=\"text\/javascript\" src=\"https:\/\/static.hupso.com\/share\/js\/share_toolbar.js\"><\/script><!-- Hupso Share Buttons --><\/div>","protected":false},"excerpt":{"rendered":"<p>Une curieuse similitude reptilienne. Je viens d&rsquo;envoyer par mail \u00e0 Fabrice Bonvin le r\u00e9cit d&rsquo;un&#8230;<\/p>\n","protected":false},"author":44,"featured_media":0,"comment_status":"closed","ping_status":"open","sticky":false,"template":"","format":"standard","meta":{"footnotes":""},"categories":[258],"tags":[],"class_list":["post-2818","post","type-post","status-publish","format-standard","hentry","category-2002-vie-extraterrestre"],"yoast_head":"<!-- This site is optimized with the Yoast SEO plugin v26.9 - https:\/\/yoast.com\/product\/yoast-seo-wordpress\/ -->\n<title>Une curieuse similitude reptilienne. - Autre Conscience, Autre Monde<\/title>\n<meta name=\"robots\" content=\"index, follow, max-snippet:-1, max-image-preview:large, max-video-preview:-1\" \/>\n<link rel=\"canonical\" href=\"https:\/\/www.ac-am.fr\/index.php\/2002\/07\/29\/une-curieuse-similitude-reptilienne\/\" \/>\n<meta property=\"og:locale\" content=\"fr_FR\" \/>\n<meta property=\"og:type\" content=\"article\" \/>\n<meta property=\"og:title\" content=\"Une curieuse similitude reptilienne. - Autre Conscience, Autre Monde\" \/>\n<meta property=\"og:description\" content=\"Une curieuse similitude reptilienne. Je viens d&rsquo;envoyer par mail \u00e0 Fabrice Bonvin le r\u00e9cit d&rsquo;un...\" \/>\n<meta property=\"og:url\" content=\"https:\/\/www.ac-am.fr\/index.php\/2002\/07\/29\/une-curieuse-similitude-reptilienne\/\" \/>\n<meta property=\"og:site_name\" content=\"Autre Conscience, Autre Monde\" \/>\n<meta property=\"article:publisher\" content=\"https:\/\/fr-fr.facebook.com\/claude.acam\/\" \/>\n<meta property=\"article:published_time\" content=\"2002-07-29T19:50:27+00:00\" \/>\n<meta property=\"article:modified_time\" content=\"2016-01-22T20:51:55+00:00\" \/>\n<meta property=\"og:image\" content=\"http:\/\/www.ac-am.fr\/wp-content\/uploads\/2015\/09\/barre_vt.gif\" \/>\n<meta name=\"author\" content=\"Frabrice Sabatier\" \/>\n<meta name=\"twitter:card\" content=\"summary_large_image\" \/>\n<meta name=\"twitter:label1\" content=\"\u00c9crit par\" \/>\n\t<meta name=\"twitter:data1\" content=\"Frabrice Sabatier\" \/>\n\t<meta name=\"twitter:label2\" content=\"Dur\u00e9e de lecture estim\u00e9e\" \/>\n\t<meta name=\"twitter:data2\" content=\"3 minutes\" \/>\n<script type=\"application\/ld+json\" class=\"yoast-schema-graph\">{\"@context\":\"https:\/\/schema.org\",\"@graph\":[{\"@type\":\"Article\",\"@id\":\"https:\/\/www.ac-am.fr\/index.php\/2002\/07\/29\/une-curieuse-similitude-reptilienne\/#article\",\"isPartOf\":{\"@id\":\"https:\/\/www.ac-am.fr\/index.php\/2002\/07\/29\/une-curieuse-similitude-reptilienne\/\"},\"author\":{\"name\":\"Frabrice Sabatier\",\"@id\":\"https:\/\/www.ac-am.fr\/#\/schema\/person\/9cedc96bff12b894c3d0019e027cefe5\"},\"headline\":\"Une curieuse similitude reptilienne.\",\"datePublished\":\"2002-07-29T19:50:27+00:00\",\"dateModified\":\"2016-01-22T20:51:55+00:00\",\"mainEntityOfPage\":{\"@id\":\"https:\/\/www.ac-am.fr\/index.php\/2002\/07\/29\/une-curieuse-similitude-reptilienne\/\"},\"wordCount\":608,\"publisher\":{\"@id\":\"https:\/\/www.ac-am.fr\/#organization\"},\"image\":{\"@id\":\"https:\/\/www.ac-am.fr\/index.php\/2002\/07\/29\/une-curieuse-similitude-reptilienne\/#primaryimage\"},\"thumbnailUrl\":\"http:\/\/www.ac-am.fr\/wp-content\/uploads\/2015\/09\/barre_vt.gif\",\"articleSection\":[\"2002 \u2013 VIE EXTRATERRESTRE\"],\"inLanguage\":\"fr-FR\"},{\"@type\":\"WebPage\",\"@id\":\"https:\/\/www.ac-am.fr\/index.php\/2002\/07\/29\/une-curieuse-similitude-reptilienne\/\",\"url\":\"https:\/\/www.ac-am.fr\/index.php\/2002\/07\/29\/une-curieuse-similitude-reptilienne\/\",\"name\":\"Une curieuse similitude reptilienne. - Autre Conscience, Autre Monde\",\"isPartOf\":{\"@id\":\"https:\/\/www.ac-am.fr\/#website\"},\"primaryImageOfPage\":{\"@id\":\"https:\/\/www.ac-am.fr\/index.php\/2002\/07\/29\/une-curieuse-similitude-reptilienne\/#primaryimage\"},\"image\":{\"@id\":\"https:\/\/www.ac-am.fr\/index.php\/2002\/07\/29\/une-curieuse-similitude-reptilienne\/#primaryimage\"},\"thumbnailUrl\":\"http:\/\/www.ac-am.fr\/wp-content\/uploads\/2015\/09\/barre_vt.gif\",\"datePublished\":\"2002-07-29T19:50:27+00:00\",\"dateModified\":\"2016-01-22T20:51:55+00:00\",\"breadcrumb\":{\"@id\":\"https:\/\/www.ac-am.fr\/index.php\/2002\/07\/29\/une-curieuse-similitude-reptilienne\/#breadcrumb\"},\"inLanguage\":\"fr-FR\",\"potentialAction\":[{\"@type\":\"ReadAction\",\"target\":[\"https:\/\/www.ac-am.fr\/index.php\/2002\/07\/29\/une-curieuse-similitude-reptilienne\/\"]}]},{\"@type\":\"ImageObject\",\"inLanguage\":\"fr-FR\",\"@id\":\"https:\/\/www.ac-am.fr\/index.php\/2002\/07\/29\/une-curieuse-similitude-reptilienne\/#primaryimage\",\"url\":\"https:\/\/www.ac-am.fr\/wp-content\/uploads\/2015\/09\/barre_vt.gif\",\"contentUrl\":\"https:\/\/www.ac-am.fr\/wp-content\/uploads\/2015\/09\/barre_vt.gif\",\"width\":550,\"height\":7,\"caption\":\"Barre verte\"},{\"@type\":\"BreadcrumbList\",\"@id\":\"https:\/\/www.ac-am.fr\/index.php\/2002\/07\/29\/une-curieuse-similitude-reptilienne\/#breadcrumb\",\"itemListElement\":[{\"@type\":\"ListItem\",\"position\":1,\"name\":\"Accueil\",\"item\":\"https:\/\/www.ac-am.fr\/\"},{\"@type\":\"ListItem\",\"position\":2,\"name\":\"Une curieuse similitude reptilienne.\"}]},{\"@type\":\"WebSite\",\"@id\":\"https:\/\/www.ac-am.fr\/#website\",\"url\":\"https:\/\/www.ac-am.fr\/\",\"name\":\"Autre Conscience, Autre Monde\",\"description\":\"\",\"publisher\":{\"@id\":\"https:\/\/www.ac-am.fr\/#organization\"},\"potentialAction\":[{\"@type\":\"SearchAction\",\"target\":{\"@type\":\"EntryPoint\",\"urlTemplate\":\"https:\/\/www.ac-am.fr\/?s={search_term_string}\"},\"query-input\":{\"@type\":\"PropertyValueSpecification\",\"valueRequired\":true,\"valueName\":\"search_term_string\"}}],\"inLanguage\":\"fr-FR\"},{\"@type\":\"Organization\",\"@id\":\"https:\/\/www.ac-am.fr\/#organization\",\"name\":\"Autre Conscience, Autre Monde\",\"url\":\"https:\/\/www.ac-am.fr\/\",\"logo\":{\"@type\":\"ImageObject\",\"inLanguage\":\"fr-FR\",\"@id\":\"https:\/\/www.ac-am.fr\/#\/schema\/logo\/image\/\",\"url\":\"https:\/\/www.ac-am.fr\/wp-content\/uploads\/2015\/10\/bd_ac_am.gif\",\"contentUrl\":\"https:\/\/www.ac-am.fr\/wp-content\/uploads\/2015\/10\/bd_ac_am.gif\",\"width\":370,\"height\":65,\"caption\":\"Autre Conscience, Autre Monde\"},\"image\":{\"@id\":\"https:\/\/www.ac-am.fr\/#\/schema\/logo\/image\/\"},\"sameAs\":[\"https:\/\/fr-fr.facebook.com\/claude.acam\/\",\"https:\/\/www.youtube.com\/user\/consciencemonde\"]},{\"@type\":\"Person\",\"@id\":\"https:\/\/www.ac-am.fr\/#\/schema\/person\/9cedc96bff12b894c3d0019e027cefe5\",\"name\":\"Frabrice Sabatier\",\"image\":{\"@type\":\"ImageObject\",\"inLanguage\":\"fr-FR\",\"@id\":\"https:\/\/www.ac-am.fr\/#\/schema\/person\/image\/\",\"url\":\"https:\/\/secure.gravatar.com\/avatar\/a76abaafcb1aa76d39a207c9acee5833a5655bd55e41dfa750d9426ca5eae47a?s=96&d=identicon&r=g\",\"contentUrl\":\"https:\/\/secure.gravatar.com\/avatar\/a76abaafcb1aa76d39a207c9acee5833a5655bd55e41dfa750d9426ca5eae47a?s=96&d=identicon&r=g\",\"caption\":\"Frabrice Sabatier\"},\"url\":\"https:\/\/www.ac-am.fr\/index.php\/author\/frabrice-sabatier\/\"}]}<\/script>\n<!-- \/ Yoast SEO plugin. -->","yoast_head_json":{"title":"Une curieuse similitude reptilienne. - Autre Conscience, Autre Monde","robots":{"index":"index","follow":"follow","max-snippet":"max-snippet:-1","max-image-preview":"max-image-preview:large","max-video-preview":"max-video-preview:-1"},"canonical":"https:\/\/www.ac-am.fr\/index.php\/2002\/07\/29\/une-curieuse-similitude-reptilienne\/","og_locale":"fr_FR","og_type":"article","og_title":"Une curieuse similitude reptilienne. - Autre Conscience, Autre Monde","og_description":"Une curieuse similitude reptilienne. Je viens d&rsquo;envoyer par mail \u00e0 Fabrice Bonvin le r\u00e9cit d&rsquo;un...","og_url":"https:\/\/www.ac-am.fr\/index.php\/2002\/07\/29\/une-curieuse-similitude-reptilienne\/","og_site_name":"Autre Conscience, Autre Monde","article_publisher":"https:\/\/fr-fr.facebook.com\/claude.acam\/","article_published_time":"2002-07-29T19:50:27+00:00","article_modified_time":"2016-01-22T20:51:55+00:00","og_image":[{"url":"http:\/\/www.ac-am.fr\/wp-content\/uploads\/2015\/09\/barre_vt.gif","type":"","width":"","height":""}],"author":"Frabrice Sabatier","twitter_card":"summary_large_image","twitter_misc":{"\u00c9crit par":"Frabrice Sabatier","Dur\u00e9e de lecture estim\u00e9e":"3 minutes"},"schema":{"@context":"https:\/\/schema.org","@graph":[{"@type":"Article","@id":"https:\/\/www.ac-am.fr\/index.php\/2002\/07\/29\/une-curieuse-similitude-reptilienne\/#article","isPartOf":{"@id":"https:\/\/www.ac-am.fr\/index.php\/2002\/07\/29\/une-curieuse-similitude-reptilienne\/"},"author":{"name":"Frabrice Sabatier","@id":"https:\/\/www.ac-am.fr\/#\/schema\/person\/9cedc96bff12b894c3d0019e027cefe5"},"headline":"Une curieuse similitude reptilienne.","datePublished":"2002-07-29T19:50:27+00:00","dateModified":"2016-01-22T20:51:55+00:00","mainEntityOfPage":{"@id":"https:\/\/www.ac-am.fr\/index.php\/2002\/07\/29\/une-curieuse-similitude-reptilienne\/"},"wordCount":608,"publisher":{"@id":"https:\/\/www.ac-am.fr\/#organization"},"image":{"@id":"https:\/\/www.ac-am.fr\/index.php\/2002\/07\/29\/une-curieuse-similitude-reptilienne\/#primaryimage"},"thumbnailUrl":"http:\/\/www.ac-am.fr\/wp-content\/uploads\/2015\/09\/barre_vt.gif","articleSection":["2002 \u2013 VIE EXTRATERRESTRE"],"inLanguage":"fr-FR"},{"@type":"WebPage","@id":"https:\/\/www.ac-am.fr\/index.php\/2002\/07\/29\/une-curieuse-similitude-reptilienne\/","url":"https:\/\/www.ac-am.fr\/index.php\/2002\/07\/29\/une-curieuse-similitude-reptilienne\/","name":"Une curieuse similitude reptilienne. - Autre Conscience, Autre Monde","isPartOf":{"@id":"https:\/\/www.ac-am.fr\/#website"},"primaryImageOfPage":{"@id":"https:\/\/www.ac-am.fr\/index.php\/2002\/07\/29\/une-curieuse-similitude-reptilienne\/#primaryimage"},"image":{"@id":"https:\/\/www.ac-am.fr\/index.php\/2002\/07\/29\/une-curieuse-similitude-reptilienne\/#primaryimage"},"thumbnailUrl":"http:\/\/www.ac-am.fr\/wp-content\/uploads\/2015\/09\/barre_vt.gif","datePublished":"2002-07-29T19:50:27+00:00","dateModified":"2016-01-22T20:51:55+00:00","breadcrumb":{"@id":"https:\/\/www.ac-am.fr\/index.php\/2002\/07\/29\/une-curieuse-similitude-reptilienne\/#breadcrumb"},"inLanguage":"fr-FR","potentialAction":[{"@type":"ReadAction","target":["https:\/\/www.ac-am.fr\/index.php\/2002\/07\/29\/une-curieuse-similitude-reptilienne\/"]}]},{"@type":"ImageObject","inLanguage":"fr-FR","@id":"https:\/\/www.ac-am.fr\/index.php\/2002\/07\/29\/une-curieuse-similitude-reptilienne\/#primaryimage","url":"https:\/\/www.ac-am.fr\/wp-content\/uploads\/2015\/09\/barre_vt.gif","contentUrl":"https:\/\/www.ac-am.fr\/wp-content\/uploads\/2015\/09\/barre_vt.gif","width":550,"height":7,"caption":"Barre verte"},{"@type":"BreadcrumbList","@id":"https:\/\/www.ac-am.fr\/index.php\/2002\/07\/29\/une-curieuse-similitude-reptilienne\/#breadcrumb","itemListElement":[{"@type":"ListItem","position":1,"name":"Accueil","item":"https:\/\/www.ac-am.fr\/"},{"@type":"ListItem","position":2,"name":"Une curieuse similitude reptilienne."}]},{"@type":"WebSite","@id":"https:\/\/www.ac-am.fr\/#website","url":"https:\/\/www.ac-am.fr\/","name":"Autre Conscience, Autre Monde","description":"","publisher":{"@id":"https:\/\/www.ac-am.fr\/#organization"},"potentialAction":[{"@type":"SearchAction","target":{"@type":"EntryPoint","urlTemplate":"https:\/\/www.ac-am.fr\/?s={search_term_string}"},"query-input":{"@type":"PropertyValueSpecification","valueRequired":true,"valueName":"search_term_string"}}],"inLanguage":"fr-FR"},{"@type":"Organization","@id":"https:\/\/www.ac-am.fr\/#organization","name":"Autre Conscience, Autre Monde","url":"https:\/\/www.ac-am.fr\/","logo":{"@type":"ImageObject","inLanguage":"fr-FR","@id":"https:\/\/www.ac-am.fr\/#\/schema\/logo\/image\/","url":"https:\/\/www.ac-am.fr\/wp-content\/uploads\/2015\/10\/bd_ac_am.gif","contentUrl":"https:\/\/www.ac-am.fr\/wp-content\/uploads\/2015\/10\/bd_ac_am.gif","width":370,"height":65,"caption":"Autre Conscience, Autre Monde"},"image":{"@id":"https:\/\/www.ac-am.fr\/#\/schema\/logo\/image\/"},"sameAs":["https:\/\/fr-fr.facebook.com\/claude.acam\/","https:\/\/www.youtube.com\/user\/consciencemonde"]},{"@type":"Person","@id":"https:\/\/www.ac-am.fr\/#\/schema\/person\/9cedc96bff12b894c3d0019e027cefe5","name":"Frabrice Sabatier","image":{"@type":"ImageObject","inLanguage":"fr-FR","@id":"https:\/\/www.ac-am.fr\/#\/schema\/person\/image\/","url":"https:\/\/secure.gravatar.com\/avatar\/a76abaafcb1aa76d39a207c9acee5833a5655bd55e41dfa750d9426ca5eae47a?s=96&d=identicon&r=g","contentUrl":"https:\/\/secure.gravatar.com\/avatar\/a76abaafcb1aa76d39a207c9acee5833a5655bd55e41dfa750d9426ca5eae47a?s=96&d=identicon&r=g","caption":"Frabrice Sabatier"},"url":"https:\/\/www.ac-am.fr\/index.php\/author\/frabrice-sabatier\/"}]}},"_links":{"self":[{"href":"https:\/\/www.ac-am.fr\/index.php\/wp-json\/wp\/v2\/posts\/2818","targetHints":{"allow":["GET"]}}],"collection":[{"href":"https:\/\/www.ac-am.fr\/index.php\/wp-json\/wp\/v2\/posts"}],"about":[{"href":"https:\/\/www.ac-am.fr\/index.php\/wp-json\/wp\/v2\/types\/post"}],"author":[{"embeddable":true,"href":"https:\/\/www.ac-am.fr\/index.php\/wp-json\/wp\/v2\/users\/44"}],"replies":[{"embeddable":true,"href":"https:\/\/www.ac-am.fr\/index.php\/wp-json\/wp\/v2\/comments?post=2818"}],"version-history":[{"count":3,"href":"https:\/\/www.ac-am.fr\/index.php\/wp-json\/wp\/v2\/posts\/2818\/revisions"}],"predecessor-version":[{"id":2821,"href":"https:\/\/www.ac-am.fr\/index.php\/wp-json\/wp\/v2\/posts\/2818\/revisions\/2821"}],"wp:attachment":[{"href":"https:\/\/www.ac-am.fr\/index.php\/wp-json\/wp\/v2\/media?parent=2818"}],"wp:term":[{"taxonomy":"category","embeddable":true,"href":"https:\/\/www.ac-am.fr\/index.php\/wp-json\/wp\/v2\/categories?post=2818"},{"taxonomy":"post_tag","embeddable":true,"href":"https:\/\/www.ac-am.fr\/index.php\/wp-json\/wp\/v2\/tags?post=2818"}],"curies":[{"name":"wp","href":"https:\/\/api.w.org\/{rel}","templated":true}]}}