{"id":2881,"date":"1998-01-26T16:42:29","date_gmt":"1998-01-26T15:42:29","guid":{"rendered":"https:\/\/www.ac-am.fr\/?p=2881"},"modified":"2016-02-29T10:03:59","modified_gmt":"2016-02-29T09:03:59","slug":"la-psychologie-du-mysticisme","status":"publish","type":"post","link":"https:\/\/www.ac-am.fr\/index.php\/1998\/01\/26\/la-psychologie-du-mysticisme\/","title":{"rendered":"La psychologie du Mysticisme."},"content":{"rendered":"<div id=\"destin\" style=\"background-attachment: fixed; border: 2px solid #dfe6de; border-radius: 10px; opacity: 0.90;\">\n<table class=\"aligncenter\" style=\"width: 600px;\" border=\"0\">\n<tbody>\n<tr>\n<td>\n<table class=\"aligncenter\" style=\"width: 567px; height: 190px;\" border=\"0\">\n<tbody>\n<tr>\n<td><img decoding=\"async\" class=\"aligncenter\" src=\"http:\/\/www.ac-am.fr\/wp-content\/uploads\/2015\/09\/barre_vt.gif\" alt=\"\" border=\"0\" \/><\/td>\n<\/tr>\n<tr>\n<td style=\"text-align: left;\"><img loading=\"lazy\" decoding=\"async\" src=\"http:\/\/www.ac-am.fr\/wp-content\/uploads\/2015\/11\/retedest.gif\" alt=\"R\u00e9flexions et T\u00e9moignages\" width=\"380\" height=\"100\" border=\"0\" \/><img loading=\"lazy\" decoding=\"async\" src=\"http:\/\/www.ac-am.fr\/wp-content\/uploads\/2015\/10\/cal1998.gif\" alt=\"Ann\u00e9e 1998\" width=\"150\" height=\"100\" border=\"0\" \/><\/td>\n<\/tr>\n<tr>\n<td><img decoding=\"async\" class=\"aligncenter\" src=\"http:\/\/www.ac-am.fr\/wp-content\/uploads\/2015\/09\/barre_vt.gif\" alt=\"\" border=\"0\" \/><\/td>\n<\/tr>\n<\/tbody>\n<\/table>\n<table class=\"aligncenter\" style=\"width: 590px;\" border=\"0\">\n<tbody>\n<tr>\n<td><a name=\"JeanSamuel01_destin98_01\"><\/a><b class=\"ntitre1\">La psychologie du Mysticisme.<\/b><\/td>\n<\/tr>\n<tr>\n<td colspan=\"2\"><img decoding=\"async\" class=\"aligncenter\" src=\"http:\/\/www.ac-am.fr\/wp-content\/uploads\/2015\/09\/barre_vt.gif\" alt=\"\" border=\"0\" \/><\/td>\n<\/tr>\n<tr>\n<td style=\"text-align: left;\">\n<p class=\"retrait\"><span class=\"gmoyen\" style=\"color: #94ebbb;\"> <i>&#8211; Ensemble de croyances et de pratiques ayant pour objet une union intime de l&rsquo;\u00eatre et du principe de l&rsquo;\u00eatre; disposition psychique de ceux qui recherchent cette union.<\/i><\/span><\/p>\n<p class=\"retrait\"><span class=\"gmoyen\" style=\"color: #94ebbb;\"> <i>&#8211; Croyance, doctrine philosophique faisant une part surabondante au sentiments, \u00e0 l&rsquo;intuition.<\/i><\/span><\/p>\n<p> <span class=\"gmoyen\"><img decoding=\"async\" src=\"http:\/\/www.ac-am.fr\/wp-content\/uploads\/2015\/11\/ball_mf.gif\" alt=\"\" border=\"0\" \/> Le Mysticisme est un mot largement mal compris, surtout si l&rsquo;on prend en consid\u00e9ration que depuis le si\u00e8cle pass\u00e9 l&rsquo;avancement des sciences et de la technologie a propuls\u00e9 l&rsquo;\u00eatre \u00e0 accentuer sa propre pens\u00e9e, \u00e0 l&rsquo;accomplissement m\u00e9canique et objectif de la civilisation. C&rsquo;est pour cette raison que la plupart des concepts du mysticisme de la vie a \u00e9t\u00e9 rel\u00e9gu\u00e9 \u00e0 l&rsquo;arri\u00e8re plan, voir m\u00eame ignor\u00e9; tr\u00e8s peu de gens aujourd&rsquo;hui poss\u00e8dent une vue pr\u00e9cise de ce qu&rsquo;est le Mysticisme. Habituellement les gens le confondent avec une id\u00e9e fantastique quelconque ou encore pire \u00e0 une doctrine religieuse nouvellement cr\u00e9\u00e9e ou encore une secte (dans son sens p\u00e9joratif).<\/span><\/p>\n<p> <span class=\"gmoyen\"><img decoding=\"async\" src=\"http:\/\/www.ac-am.fr\/wp-content\/uploads\/2015\/11\/ball_mf.gif\" alt=\"\" border=\"0\" \/> Le Mysticisme pour un \u00ab\u00a0\u00e9sot\u00e9ricien\u00a0\u00bb chevronn\u00e9, comme cela devrait l&rsquo;\u00eatre pour un Philosophe, un Th\u00e9ologien et un Psychologue; ne s&rsquo;applique aucunement \u00e0 aucun de ces concepts. Pour lui c&rsquo;est essentiellement une d\u00e9claration de la relation de base de l&rsquo;\u00eatre avec les forces fondamentales de l&rsquo;univers, ou bien, tel qu&rsquo;il pr\u00e9f\u00e8re identifier ces forces, Le Cosmique, lequel a prescrit et cr\u00e9\u00e9 l&rsquo;univers ainsi que la vie qui s&rsquo;y manifeste. Nombre de th\u00e9ories scientifiques r\u00e9centes ont donn\u00e9 de plus en plus d&#8217;emphase au concept sous-jacent que toutes les \u00e9nergies sont une force fondamentale.<\/span><\/p>\n<p> <span class=\"retrait\"><span class=\"gmoyen\">L&rsquo;avancement dans l&rsquo;\u00e9tude de la physique nucl\u00e9aire, a dans la pens\u00e9e de nombreux scientifiques contribu\u00e9 \u00e0 une emphase particuli\u00e8re de ce principe. Ceci ne veut pas dire que la science est devenue plus mystique dans ses concepts, mais d\u00e9montre une tendance qui nous porte \u00e0 croire, ou tout le moins \u00e0 conclure qu&rsquo;il y a une certaine relation entre le mysticisme et les investigations modernes, les th\u00e9ories de conclusions scientifiques.<\/span><\/span><\/p>\n<p> <span class=\"gmoyen\"><img decoding=\"async\" src=\"http:\/\/www.ac-am.fr\/wp-content\/uploads\/2015\/11\/ball_mf.gif\" alt=\"\" border=\"0\" \/> Ce que l&rsquo;on appelle la \u00ab\u00a0vraie v\u00e9rit\u00e9 r\u00e9elle\u00a0\u00bb de l&rsquo;\u00e9nergie ou la force de motivation qui r\u00e9side derri\u00e8re les manifestations n&rsquo;a aucune importance. Les terminologies, apr\u00e8s tout, ne sont que des conventions humaines que l&rsquo;on utilise pour libeller, identifier ou \u00e9tiqueter un item auquel on d\u00e9sire attirer l&rsquo;attention, ou prendre en consid\u00e9ration. Dans la langue des \u00ab\u00a0\u00e9sot\u00e9riciens\u00a0\u00bb nous le nommons \u00ab\u00a0Nous\u00a0\u00bb, mais quelque soit le nom sa qualit\u00e9, sa raison d&rsquo;\u00eatre et son existence n&rsquo;en est aucunement modifi\u00e9. <\/span><\/p>\n<p> <span class=\"gmoyen\"><img decoding=\"async\" src=\"http:\/\/www.ac-am.fr\/wp-content\/uploads\/2015\/11\/ball_mf.gif\" alt=\"\" border=\"0\" \/> Le Mysticisme pour \u00ab\u00a0l&rsquo;\u00e9sot\u00e9ricien\u00a0\u00bb est le concept le plus simple. Premi\u00e8rement c&rsquo;est la conclusion auquel l&rsquo;\u00eatre en arrive, que la vie et toute chose sont la manifestation d&rsquo;une seul et unique force. Que nous options d&rsquo;appeler cette force Dieu (que son Saint Nom soit b\u00e9ni), le Cosmique, ou Nous, encore l\u00e0 nous ne faisons qu&rsquo;une distinction en ce qui concerne notre terminologie, et n&rsquo;apportons aucun changement \u00e0 la chose en elle-m\u00eame. En ce qui concerne la terminologie \u00e9sot\u00e9rique , nous faisons r\u00e9f\u00e9rence habituellement \u00e0 l&rsquo;\u00catre Supr\u00eame, \u00e0 Dieu; et nous faisons r\u00e9f\u00e9rence au Cosmique comme \u00e9tant sa manifestation, et au Nous comme \u00e9tant la force ou l&rsquo;\u00e9nergie sous-jacente de l&rsquo;univers mise en op\u00e9ration de fa\u00e7on manifeste par Dieu.<\/span><\/p>\n<p> <span class=\"gmoyen\"><img decoding=\"async\" src=\"http:\/\/www.ac-am.fr\/wp-content\/uploads\/2015\/11\/ball_mf.gif\" alt=\"\" border=\"0\" \/> Pour nous placer en relation plus \u00e9troite comme individus avec cette force et Dieu (que Son Saint Nom soit b\u00e9ni), lui qui l&rsquo;a command\u00e9, est le but premier du concept du Mysticisme. Ainsi, nous pouvons dire que le Mysticisme est le moyen par lequel notre conscience s&rsquo;\u00e9veille et r\u00e9alise l&rsquo;existence des Lois et des Principes Cosmiques par un processus diff\u00e9rent que celui d&rsquo;une enti\u00e8re d\u00e9pendance sur ses sens objectifs. En plus nous croyons que plus l&rsquo;\u00eatre entretient et s&rsquo;approche d&rsquo;une relation intime avec Dieu, sa compr\u00e9hension de Dieu et du Cosmique deviendra plus compl\u00e8te; ainsi sa conclusion naturelle est \u00e9vidente : l&rsquo;\u00catre est ainsi en meilleur position pour s&rsquo;\u00e9tablir lui-m\u00eame dans une relation plus harmonieuse, plus fluide avec l&rsquo;univers comme entit\u00e9 et de m\u00eame avec le but de sa propre vie.<\/span><\/p>\n<p> <span class=\"gmoyen\"><img decoding=\"async\" src=\"http:\/\/www.ac-am.fr\/wp-content\/uploads\/2015\/11\/ball_mf.gif\" alt=\"\" border=\"0\" \/> Il y a deux proc\u00e9d\u00e9s mentaux de base dans le cerveau humain : la perception et la conception. La Perception est usuellement en relation avec l&rsquo;objectivit\u00e9 des sens; ce que nous percevons par nos facult\u00e9s objectives par lesquelles nous venons en contact avec notre environnement physique. La Conception est la formation de la pens\u00e9e dans notre cerveau, c&rsquo;est le processus par lequel nous assemblons tout ce que nous percevons, sans \u00e9gard de sa source, de mani\u00e8re \u00e0 arriver \u00e0 certaines conclusions ou id\u00e9es. Des concepts qui sont les r\u00e9sultats de notre processus de la pens\u00e9e sont les conclusions lesquels nous avons atteints dans notre cerveau, bas\u00e9s sur nos perceptions, nos r\u00e9alisations, ou interpr\u00e9tations de tout les ph\u00e9nom\u00e8nes objectifs et subjectifs.<\/span><\/p>\n<p> <span class=\"gmoyen\"><img decoding=\"async\" src=\"http:\/\/www.ac-am.fr\/wp-content\/uploads\/2015\/11\/ball_mf.gif\" alt=\"\" border=\"0\" \/> Dans un sens, nos concepts sont plus importants pour soi que ce que nous percevons en vue de notre devenir, autant par la pens\u00e9e et notre comportement, d\u00e9pendant des conclusions que nous consid\u00e9rerons. Si nous pouvons rejoindre un point o\u00f9 nous pouvons \u00eatre conscient de notre place dans l&rsquo;univers et du but de notre vie, nous devons d\u00e9velopper un concept de notre relation avec Dieu (que Son Saint Nom soit b\u00e9ni), et \u00e0 ce m\u00eame moment, encourager en soi et en notre prochain les hauts id\u00e9aux de caract\u00e8re et de personnalit\u00e9 qui sont consistants avec les conclusions que nous atteignons.<\/span><\/p>\n<p> <span class=\"gmoyen\"><img decoding=\"async\" src=\"http:\/\/www.ac-am.fr\/wp-content\/uploads\/2015\/11\/ball_mf.gif\" alt=\"\" border=\"0\" \/> Un auteur a \u00e9crit: \u00ab\u00a0Une profonde vision dans le myst\u00e8re de la Cr\u00e9ation n&rsquo;existe pas, sans l&rsquo;int\u00e9grit\u00e9 et la simplicit\u00e9 de caract\u00e8re.\u00a0\u00bb Nous pouvons donc conclure que ceci est une d\u00e9claration simple du point vue mystique. Il d\u00e9peint l&rsquo;individu comme se pla\u00e7ant lui-m\u00eame en relation avec Dieu et le sch\u00e9ma Cosmique, de mani\u00e8re \u00e0 ce que l&rsquo;\u00catre, en qualit\u00e9 d&rsquo;expression individuelle de la vie, peut se lib\u00e9rer de tout attache qui l&#8217;emp\u00eacherait de visualiser au-del\u00e0 de l&rsquo;expression imm\u00e9diate de Dieu dans l&rsquo;univers qui l&rsquo;entoure.<\/span><\/p>\n<p> <span class=\"gmoyen\"><img decoding=\"async\" src=\"http:\/\/www.ac-am.fr\/wp-content\/uploads\/2015\/11\/ball_mf.gif\" alt=\"\" border=\"0\" \/> La plupart des dossiers sur les concepts mystiques sont extr\u00eamement directs et simples. Ils d\u00e9montrent les m\u00e9canismes du cerveau humain en comparaison avec son environnement imm\u00e9diat de fa\u00e7on \u00e0 ce que le concept ou la relation entre l&rsquo;\u00catre et Dieu (que Son Saint Nom soit b\u00e9ni), devient l&rsquo;illustration du simple ph\u00e9nom\u00e8ne de la vie que l&rsquo;on trouve autour de soi. Du point de vue mondial, la plupart des Grands Mystiques \u00e9taient les gens les plus simples. Jacob Boehme \u00e9tant un cordonnier, J\u00e9sus \u00e9tait un charpentier, Sweedenberg et autres dont nous pourrions donner comme exemple.<\/span><\/p>\n<p> <span class=\"gmoyen\"><img decoding=\"async\" src=\"http:\/\/www.ac-am.fr\/wp-content\/uploads\/2015\/11\/ball_mf.gif\" alt=\"\" border=\"0\" \/> Il y a un Mystique dont les paroles sont enregistr\u00e9es dans la litt\u00e9rature biblique et qui \u00e9tait un berger. Il est l&rsquo;auteur du vingt-septi\u00e8me Psaume passant ses journ\u00e9es, comme la plupart des nomades de son temps, prenant soin de son troupeau. Il \u00e9tait conscient que ses moutons d\u00e9pendaient de lui, le berger, pour leur alimentation et leur protection. <\/span><\/p>\n<p> <span class=\"gmoyen\"><img decoding=\"async\" src=\"http:\/\/www.ac-am.fr\/wp-content\/uploads\/2015\/11\/ball_mf.gif\" alt=\"\" border=\"0\" \/> Un jour il eut certainement l&rsquo;id\u00e9e dans les paroles c\u00e9l\u00e8bres: \u00ab\u00a0Le Seigneur est mon Berger, je n&rsquo;aurai plus faim.\u00a0\u00bb Cette r\u00e9alisation s&rsquo;\u00e9tait d\u00e9velopp\u00e9 dans son cerveau que tout comme le bon berger prenait soin de son troupeau, ainsi il doit exister une force, un pouvoir dans l&rsquo;univers prenant soin des \u00eatres humains. C&rsquo;est ainsi que lorsque nous r\u00e9p\u00e9tons les paroles bien connues de cet autre Psaume, le vingt-troisi\u00e8me, que ce simple mystique d&rsquo;il y a fort longtemps a compar\u00e9, pas \u00e0 pas, le m\u00eame type de soins, rendu par Dieu, avec lequel il \u00e9tait famili\u00e9 et sa propre vie par les soins qu&rsquo;il rendait \u00e0 son troupeau de moutons.<\/span><\/p>\n<p> <span class=\"gmoyen\"><img decoding=\"async\" src=\"http:\/\/www.ac-am.fr\/wp-content\/uploads\/2015\/11\/ball_mf.gif\" alt=\"\" border=\"0\" \/> Apr\u00e8s que ce berger ait compar\u00e9 les besoins physique de l&rsquo;\u00catre par rapport \u00e0 ceux de son troupeau dans ces mots : \u00ab\u00a0Sur de frais p\u00e2turage, il me fait coucher; pr\u00e8s des eaux de repos,\u00a0\u00bb et il ajoute une nouvelle id\u00e9e par les mots, \u00ab\u00a0\u2026il m\u00e8ne, il me ranime.\u00a0\u00bb Dans ces mots, fut exprim\u00e9s la r\u00e9alisation que pendant que le berger \u00e9tait limit\u00e9 dans les soins et les besoins physiques de son troupeau, Dieu \u00e9tait pr\u00e9occup\u00e9 autant avec l&rsquo;approche des besoins physique que spirituel du genre humain.<\/span><\/p>\n<p> <span class=\"gmoyen\"><img decoding=\"async\" src=\"http:\/\/www.ac-am.fr\/wp-content\/uploads\/2015\/11\/ball_mf.gif\" alt=\"\" border=\"0\" \/> Cette simple illustration bien que tr\u00e8s profonde d&rsquo;une philosophie mystique nous am\u00e8ne \u00e0 r\u00e9aliser que l&rsquo;activit\u00e9 mentale et le comportement de l&rsquo;\u00catre sont \u00e9tablis et bas\u00e9s sur le fait que l&rsquo;\u00catre est un compos\u00e9 triple; son corps, son \u00e2me et son esprit, et qu&rsquo;une approche psychologique du mysticisme prends n\u00e9cessairement en consid\u00e9ration les trois attributs de l&rsquo;existence de l&rsquo;\u00catre.<\/span><\/p>\n<p> <span class=\"gmoyen\"><img decoding=\"async\" src=\"http:\/\/www.ac-am.fr\/wp-content\/uploads\/2015\/11\/ball_mf.gif\" alt=\"\" border=\"0\" \/> Mysticisme est un mot ind\u00e9finissable, parce que les id\u00e9es qu&rsquo;il \u00e9voque sont les plus oppos\u00e9es, et constituent le plus vaste des horizons offerts \u00e0 l&rsquo;intelligence de l&rsquo;\u00catre. On les a appel\u00e9 ainsi des doctrines h\u00e9t\u00e9rodoxes : on a d\u00e9couvert des panth\u00e9ismes, des sciences, des mat\u00e9rialismes mystiques ! Tout est mystique, si l&rsquo;on veut, puisque l&rsquo;\u00catre ne conna\u00eet la raison de rien; il nous a \u00e9t\u00e9 donn\u00e9 de comprendre que les plus hauts g\u00e9nies, les po\u00e8tes et les artistes les plus sublimes, les savants les plus profonds, n&rsquo;ont connu qu&rsquo;un lambeau de la V\u00e9rit\u00e9 ou de la Beaut\u00e9; il y a quelque part dans le monde des \u00catres dont la conceptualit\u00e9 d\u00e9passe la n\u00f4tre dans la proportion, o\u00f9 la n\u00f4tre est au-dessus de celle d&rsquo;un caillou. Le myst\u00e8re est donc partout; o\u00f9 faut-il le chercher ? Non pas dans la forme mat\u00e9rielle des choses, non pas dans leur enveloppe seconde, mais dans leur essence animique. La science de la relation Esprit \u00e0 l&rsquo;\u00c2mes, tel est le mysticisme; et, comme l&rsquo;\u00c9sprit et l&rsquo;\u00c2me de l&rsquo;\u00catre, scell\u00e9e d&rsquo;un tel sceau que les anges m\u00eames ne la connaissent pas, contient en r\u00e9sum\u00e9 aussi bien l&rsquo;Esprit que l&rsquo;\u00c2me de toutes les cr\u00e9atures,<\/span><\/p>\n<p class=\"retrait\"><span class=\"gmoyen\" style=\"color: #94ebbb;\"> &#8211; Le mysticisme est la science de cette relation Esprit-\u00c2me.<\/span><\/p>\n<p> <span class=\"gmoyen\"><img decoding=\"async\" src=\"http:\/\/www.ac-am.fr\/wp-content\/uploads\/2015\/11\/ball_mf.gif\" alt=\"\" border=\"0\" \/> Science vaine, dira-t-on, puisque son objet est le perp\u00e9tuel inconnaissable; seule science certaine, parce qu&rsquo;elle r\u00e9side au-dessus des sciences humaines, parce que sa m\u00e9thode est en-dehors de la raison, parce que son but est l&rsquo;Absolu, parce que son fruit est la Vie \u00c9ternelle. Et par sciences humaines, nous n&rsquo;entendons pas seulement les sciences, les philosophies, la th\u00e9ologie enseign\u00e9s du haut des chaires; mais toutes les sciences dites occultes, les entra\u00eenements secrets qui d\u00e9cuplent la force de la pens\u00e9e, les contemplations du rationalisme transcendant, toute les magies, tous les yogas, tous les calculs. Tout cela c&rsquo;est de la science humaine, c&rsquo;est-\u00e0-dire qu&rsquo;\u00e0 un niveau donn\u00e9 l&rsquo;\u00catre peut l&rsquo;acqu\u00e9rir par sa propre force, sur cette terre ou dans tout autre point.<\/span><\/p>\n<p> <span class=\"gmoyen\"><img decoding=\"async\" src=\"http:\/\/www.ac-am.fr\/wp-content\/uploads\/2015\/11\/ball_mf.gif\" alt=\"\" border=\"0\" \/> Bien s\u00fbr; il peut y avoir des sciences ou des arts dont nos plus t\u00e9m\u00e9raires utopistes n&rsquo;ont pas os\u00e9 r\u00eaver; pourquoi n&rsquo;y aurait-il pas des espaces \u00e0 plus de trois dimensions ? Pourquoi la parole ne serait-elle pas diff\u00e9rente sur d&rsquo;autres plans ? Pourquoi les \u00eatres ne pourraient-ils se reproduire autrement que par les modes connus de nos naturalistes ? Pourquoi les pierres ne seraient-elles pas habit\u00e9es ? Et les flammes ? Et les espaces interplan\u00e9taires ? Toutes ces notions, l&rsquo;\u00catre peut les acqu\u00e9rir avec le temps; avec tous ces \u00catres, il peut esp\u00e9rer faire connaissance un jour; mais de tout cela, s&rsquo;il reste lui-m\u00eame, il ne pourra rien saisir que d\u00e9form\u00e9 par sa propre personnalit\u00e9; habitant la nature, il ne conna\u00eetra que le naturel.<\/span><\/p>\n<p> <span class=\"gmoyen\"><img decoding=\"async\" src=\"http:\/\/www.ac-am.fr\/wp-content\/uploads\/2015\/11\/ball_mf.gif\" alt=\"\" border=\"0\" \/> Le Mysticisme, au contraire, c&rsquo;est le v\u00e9ritable surnaturel, et le seul; il vise plus haut que les roues de feu, que les sph\u00e8res, que les animaux sacr\u00e9s; plus bas que les ab\u00eemes de l&rsquo;Enfer, plus loin que la pens\u00e9e humaine ne peut s&rsquo;avancer. Il faut donc, pour entrer dans sa voie, d\u00e9truire le naturel en nous, ou plut\u00f4t l&rsquo;abandonner. C&rsquo;est \u00e0 la fois un jeu d&rsquo;enfant qui peut \u00eatre r\u00e9alis\u00e9 en une heure, et un travail de g\u00e9ant, que des millions de si\u00e8cles sont \u00e0 peine suffisants pour accomplir.<\/span><\/p>\n<p> <span class=\"gmoyen\"><img decoding=\"async\" src=\"http:\/\/www.ac-am.fr\/wp-content\/uploads\/2015\/11\/ball_mf.gif\" alt=\"\" border=\"0\" \/> Ainsi, au mystique, toutes les religions, tous les rites, tous les secrets, toutes les lois, toutes les sciences sont inutiles. Et cependant, il s&rsquo;agenouille, il observe, il \u00e9tudie, il ob\u00e9it, comme si tout ce fatras lui \u00e9tait n\u00e9cessaire; il est la conciliation vivante de tous les initi\u00e9s, la r\u00e9solution de tous les contraires, l&rsquo;\u00e9quilibre actif et vivificateur. Il vit dans un pr\u00e9sent sans cesse renouvel\u00e9; le pass\u00e9 n&rsquo;existe plus, n&rsquo;a plus d&rsquo;utilit\u00e9 pour lui puisque l&rsquo;afflux incessant de la vie renouvelle ses forces \u00e0 mesure qu&rsquo;il les d\u00e9pense; l&rsquo;avenir, il ne s&rsquo;en soucie pas, puisqu&rsquo;il se sait guid\u00e9 dans chacun de ses mouvements; c&rsquo;est l&rsquo;esclavage de l&rsquo;Amour; la Nature se prosterne devant un tel esclave, et ne lui c\u00e8de aucun de ses tr\u00e9sors.<\/span><\/p>\n<p> <span class=\"gmoyen\"><img decoding=\"async\" src=\"http:\/\/www.ac-am.fr\/wp-content\/uploads\/2015\/11\/ball_mf.gif\" alt=\"\" border=\"0\" \/> Il y a peut-\u00eatre sur la terre deux ou trois \u00catres m\u00fbres, il y a un peu plus d&rsquo;adolescents; tout le reste, nous ne sommes que des enfants conduits en lisi\u00e8re; agitant les bras, nous nous croyons libres, et nous trouvons moyen de casser pas mal d&rsquo;objets fragiles autour de nous; nous sommes impatients, nous r\u00e9clamons \u00e0 cor et \u00e0 cri les confitures avant d&rsquo;avoir mang\u00e9 la soupe; aussi le Ciel nous donne-t-il de temps en temps un peu de dessert.<\/span><\/p>\n<p> <span class=\"gmoyen\"><img decoding=\"async\" src=\"http:\/\/www.ac-am.fr\/wp-content\/uploads\/2015\/11\/ball_mf.gif\" alt=\"\" border=\"0\" \/> C&rsquo;est pourquoi il n&rsquo;est pas excellent de prendre pour guide des \u00ab\u00a0hommes\u00a0\u00bb ou \u00ab\u00a0femmes\u00a0\u00bb c\u00e9l\u00e8bres. Savons-nous ce qu&rsquo;est devenu un Hom\u00e8re, un Napol\u00e9on, un saint Thomas ? Ils sont peut-\u00eatre \u00e0 c\u00f4t\u00e9 de nous, imb\u00e9ciles, mendiants ou pervers; ils ont peut-\u00eatre mang\u00e9 le g\u00e2teau d&rsquo;abord, avec beaucoup d&rsquo;efforts, et il leur faut ensuite manger leur pain sec.<\/span><\/p>\n<p> <span class=\"gmoyen\"><img decoding=\"async\" src=\"http:\/\/www.ac-am.fr\/wp-content\/uploads\/2015\/11\/ball_mf.gif\" alt=\"\" border=\"0\" \/> L&rsquo;extase n&rsquo;est pas autre chose; c&rsquo;est une g\u00e2terie qui sert \u00e0 nous faire patienter, ou qui nous r\u00e9compense d&rsquo;un peu de travail; le plus grand saint, quelle certitude a-t-il que ce soit le P\u00e8re qui lui parle ? Ne peut-il y avoir, dans l&rsquo;univers, des \u00catres tellement au-dessus de nous, que leur seule pr\u00e9sence nous fait perdre le sentiment ? S&rsquo;attarder \u00e0 cela, c&rsquo;est l\u00e2cher la proie pour l&rsquo;ombre; c&rsquo;est ce que font, c&rsquo;est ce qu&rsquo;on fait tous les hommes r\u00e9put\u00e9s sages : les Bramahs et les Rabbins disent en effet que la bonne \u0153uvre est m\u00e9ritoire, mais que l&rsquo;\u00e9tude de la Loi l&rsquo;est bien d&rsquo;avantage. C&rsquo;est le contraire qui est vrai; quand on vit dans un atelier de menuiserie, on ne peut pas s&rsquo;occuper de travailler le fer; ainsi, nous sommes sur terre, il faut faire du terrestre, agir mat\u00e9riellement, remplir son devoir vulgaire, prosa\u00efque et quotidien.<\/span><\/p>\n<p> <span class=\"gmoyen\"><img decoding=\"async\" src=\"http:\/\/www.ac-am.fr\/wp-content\/uploads\/2015\/11\/ball_mf.gif\" alt=\"\" border=\"0\" \/> Parcourons ensemble cet enivrant dithyrambe : <span style=\"color: #94ebbb;\">\u00ab\u00a0Si tu es dans l&rsquo;extase, et qu&rsquo;un malade r\u00e9clame du bouillon; quitte ton extase, et va apporter le bouillon.\u00a0\u00bb<\/span><\/span><\/p>\n<p> <span class=\"gmoyen\"><img decoding=\"async\" src=\"http:\/\/www.ac-am.fr\/wp-content\/uploads\/2015\/11\/ball_mf.gif\" alt=\"\" border=\"0\" \/> L&rsquo;\u00c9vangile ne dit pas nulle part que nous devions tendre vers les hauteurs de la contemplation; il nous recommande d&rsquo;aider seulement les autres, et tout le reste viendra par surcro\u00eet.<\/span><\/p>\n<p> <span class=\"gmoyen\"><img decoding=\"async\" src=\"http:\/\/www.ac-am.fr\/wp-content\/uploads\/2015\/11\/ball_mf.gif\" alt=\"\" border=\"0\" \/> C&rsquo;est ce qu&rsquo;a compris ce cher camarade anonyme qui m&rsquo;a fait l&rsquo;honneur de mettre dans son ouvrage quelques un de mes p\u00e9nibles efforts; c&rsquo;est parce qu&rsquo;il lui a \u00e9t\u00e9 donn\u00e9 de trouver les mots qui, aussi bien que l&rsquo;original Esprit Humain, expriment l&rsquo;inexprimable pour d\u00e9crire l&rsquo;invisible. Je souhaite de tout mon c\u0153ur que son exemple et ses efforts soient un r\u00e9confort \u00e0 tous ceux, jeunes et vieux (anciens); avides de Beaut\u00e9 et d&rsquo;Intelligence, et qui les cherchent trop souvent en dehors de l&rsquo;unique, de la sublime Sagesse : La Charit\u00e9. C&rsquo;est ce qu&rsquo;on retrouve si bien dans Autre Conscience, Autre Monde &#8230;.<\/span><\/p>\n<p> <span class=\"gmoyen\"><i>[<a href=\"boites.htm#Jean_Samuel01_G\">Jean-Samuel G. &#8211; le 26-01-98<\/a>]<\/i><\/span><a href=\"http:\/\/www.ac-am.fr\/index.php\/jean-samuel-g-pardon\/\" target=\"_self\"><img loading=\"lazy\" decoding=\"async\" src=\"http:\/\/www.ac-am.fr\/wp-content\/uploads\/2015\/10\/ecrits2.gif\" alt=\"\" width=\"50\" height=\"36\" border=\"0\" hspace=\"10\" \/><\/a><\/td>\n<\/tr>\n<\/tbody>\n<\/table>\n<\/td>\n<\/tr>\n<\/tbody>\n<\/table>\n<\/div>\n<div style=\"padding-bottom:20px; padding-top:10px;\" class=\"hupso-share-buttons\"><!-- Hupso Share Buttons - https:\/\/www.hupso.com\/share\/ --><a class=\"hupso_toolbar\" href=\"https:\/\/www.hupso.com\/share\/\"><img decoding=\"async\" src=\"https:\/\/static.hupso.com\/share\/buttons\/lang\/fr\/share.png\" style=\"border:0px; padding-top: 5px; float:left;\" alt=\"Share Button\"\/><\/a><script type=\"text\/javascript\">var hupso_services_t=new Array(\"Twitter\",\"Facebook\",\"Google Plus\");var hupso_background_t=\"#EAF4FF\";var hupso_border_t=\"#66CCFF\";var hupso_toolbar_size_t=\"big\";var hupso_image_folder_url = \"\";var hupso_url_t=\"\";var hupso_title_t=\"La%20psychologie%20du%20Mysticisme.\";<\/script><script type=\"text\/javascript\" src=\"https:\/\/static.hupso.com\/share\/js\/share_toolbar.js\"><\/script><!-- Hupso Share Buttons --><\/div>","protected":false},"excerpt":{"rendered":"<p>La psychologie du Mysticisme. &#8211; Ensemble de croyances et de pratiques ayant pour objet une&#8230;<\/p>\n","protected":false},"author":4,"featured_media":0,"comment_status":"closed","ping_status":"open","sticky":false,"template":"","format":"standard","meta":{"footnotes":""},"categories":[231],"tags":[],"class_list":["post-2881","post","type-post","status-publish","format-standard","hentry","category-1998-destin"],"yoast_head":"<!-- This site is optimized with the Yoast SEO plugin v26.9 - https:\/\/yoast.com\/product\/yoast-seo-wordpress\/ -->\n<title>La psychologie du Mysticisme. - Autre Conscience, Autre Monde<\/title>\n<meta name=\"robots\" content=\"index, follow, max-snippet:-1, max-image-preview:large, max-video-preview:-1\" \/>\n<link rel=\"canonical\" href=\"https:\/\/www.ac-am.fr\/index.php\/1998\/01\/26\/la-psychologie-du-mysticisme\/\" \/>\n<meta property=\"og:locale\" content=\"fr_FR\" \/>\n<meta property=\"og:type\" content=\"article\" \/>\n<meta property=\"og:title\" content=\"La psychologie du Mysticisme. - Autre Conscience, Autre Monde\" \/>\n<meta property=\"og:description\" content=\"La psychologie du Mysticisme. &#8211; Ensemble de croyances et de pratiques ayant pour objet une...\" \/>\n<meta property=\"og:url\" content=\"https:\/\/www.ac-am.fr\/index.php\/1998\/01\/26\/la-psychologie-du-mysticisme\/\" \/>\n<meta property=\"og:site_name\" content=\"Autre Conscience, Autre Monde\" \/>\n<meta property=\"article:publisher\" content=\"https:\/\/fr-fr.facebook.com\/claude.acam\/\" \/>\n<meta property=\"article:published_time\" content=\"1998-01-26T15:42:29+00:00\" \/>\n<meta property=\"article:modified_time\" content=\"2016-02-29T09:03:59+00:00\" \/>\n<meta property=\"og:image\" content=\"http:\/\/www.ac-am.fr\/wp-content\/uploads\/2015\/09\/barre_vt.gif\" \/>\n<meta name=\"author\" content=\"Jean-Samuel G.\" \/>\n<meta name=\"twitter:card\" content=\"summary_large_image\" \/>\n<meta name=\"twitter:label1\" content=\"\u00c9crit par\" \/>\n\t<meta name=\"twitter:data1\" content=\"Jean-Samuel G.\" \/>\n\t<meta name=\"twitter:label2\" content=\"Dur\u00e9e de lecture estim\u00e9e\" \/>\n\t<meta name=\"twitter:data2\" content=\"13 minutes\" \/>\n<script type=\"application\/ld+json\" class=\"yoast-schema-graph\">{\"@context\":\"https:\/\/schema.org\",\"@graph\":[{\"@type\":\"Article\",\"@id\":\"https:\/\/www.ac-am.fr\/index.php\/1998\/01\/26\/la-psychologie-du-mysticisme\/#article\",\"isPartOf\":{\"@id\":\"https:\/\/www.ac-am.fr\/index.php\/1998\/01\/26\/la-psychologie-du-mysticisme\/\"},\"author\":{\"name\":\"Jean-Samuel G.\",\"@id\":\"https:\/\/www.ac-am.fr\/#\/schema\/person\/8ba4336baa9f23867a7f37ed189bef96\"},\"headline\":\"La psychologie du Mysticisme.\",\"datePublished\":\"1998-01-26T15:42:29+00:00\",\"dateModified\":\"2016-02-29T09:03:59+00:00\",\"mainEntityOfPage\":{\"@id\":\"https:\/\/www.ac-am.fr\/index.php\/1998\/01\/26\/la-psychologie-du-mysticisme\/\"},\"wordCount\":2797,\"publisher\":{\"@id\":\"https:\/\/www.ac-am.fr\/#organization\"},\"image\":{\"@id\":\"https:\/\/www.ac-am.fr\/index.php\/1998\/01\/26\/la-psychologie-du-mysticisme\/#primaryimage\"},\"thumbnailUrl\":\"http:\/\/www.ac-am.fr\/wp-content\/uploads\/2015\/09\/barre_vt.gif\",\"articleSection\":[\"1998 \u2013 DESTIN\"],\"inLanguage\":\"fr-FR\"},{\"@type\":\"WebPage\",\"@id\":\"https:\/\/www.ac-am.fr\/index.php\/1998\/01\/26\/la-psychologie-du-mysticisme\/\",\"url\":\"https:\/\/www.ac-am.fr\/index.php\/1998\/01\/26\/la-psychologie-du-mysticisme\/\",\"name\":\"La psychologie du Mysticisme. - Autre Conscience, Autre Monde\",\"isPartOf\":{\"@id\":\"https:\/\/www.ac-am.fr\/#website\"},\"primaryImageOfPage\":{\"@id\":\"https:\/\/www.ac-am.fr\/index.php\/1998\/01\/26\/la-psychologie-du-mysticisme\/#primaryimage\"},\"image\":{\"@id\":\"https:\/\/www.ac-am.fr\/index.php\/1998\/01\/26\/la-psychologie-du-mysticisme\/#primaryimage\"},\"thumbnailUrl\":\"http:\/\/www.ac-am.fr\/wp-content\/uploads\/2015\/09\/barre_vt.gif\",\"datePublished\":\"1998-01-26T15:42:29+00:00\",\"dateModified\":\"2016-02-29T09:03:59+00:00\",\"breadcrumb\":{\"@id\":\"https:\/\/www.ac-am.fr\/index.php\/1998\/01\/26\/la-psychologie-du-mysticisme\/#breadcrumb\"},\"inLanguage\":\"fr-FR\",\"potentialAction\":[{\"@type\":\"ReadAction\",\"target\":[\"https:\/\/www.ac-am.fr\/index.php\/1998\/01\/26\/la-psychologie-du-mysticisme\/\"]}]},{\"@type\":\"ImageObject\",\"inLanguage\":\"fr-FR\",\"@id\":\"https:\/\/www.ac-am.fr\/index.php\/1998\/01\/26\/la-psychologie-du-mysticisme\/#primaryimage\",\"url\":\"https:\/\/www.ac-am.fr\/wp-content\/uploads\/2015\/09\/barre_vt.gif\",\"contentUrl\":\"https:\/\/www.ac-am.fr\/wp-content\/uploads\/2015\/09\/barre_vt.gif\",\"width\":550,\"height\":7,\"caption\":\"Barre verte\"},{\"@type\":\"BreadcrumbList\",\"@id\":\"https:\/\/www.ac-am.fr\/index.php\/1998\/01\/26\/la-psychologie-du-mysticisme\/#breadcrumb\",\"itemListElement\":[{\"@type\":\"ListItem\",\"position\":1,\"name\":\"Accueil\",\"item\":\"https:\/\/www.ac-am.fr\/\"},{\"@type\":\"ListItem\",\"position\":2,\"name\":\"La psychologie du Mysticisme.\"}]},{\"@type\":\"WebSite\",\"@id\":\"https:\/\/www.ac-am.fr\/#website\",\"url\":\"https:\/\/www.ac-am.fr\/\",\"name\":\"Autre Conscience, Autre Monde\",\"description\":\"\",\"publisher\":{\"@id\":\"https:\/\/www.ac-am.fr\/#organization\"},\"potentialAction\":[{\"@type\":\"SearchAction\",\"target\":{\"@type\":\"EntryPoint\",\"urlTemplate\":\"https:\/\/www.ac-am.fr\/?s={search_term_string}\"},\"query-input\":{\"@type\":\"PropertyValueSpecification\",\"valueRequired\":true,\"valueName\":\"search_term_string\"}}],\"inLanguage\":\"fr-FR\"},{\"@type\":\"Organization\",\"@id\":\"https:\/\/www.ac-am.fr\/#organization\",\"name\":\"Autre Conscience, Autre Monde\",\"url\":\"https:\/\/www.ac-am.fr\/\",\"logo\":{\"@type\":\"ImageObject\",\"inLanguage\":\"fr-FR\",\"@id\":\"https:\/\/www.ac-am.fr\/#\/schema\/logo\/image\/\",\"url\":\"https:\/\/www.ac-am.fr\/wp-content\/uploads\/2015\/10\/bd_ac_am.gif\",\"contentUrl\":\"https:\/\/www.ac-am.fr\/wp-content\/uploads\/2015\/10\/bd_ac_am.gif\",\"width\":370,\"height\":65,\"caption\":\"Autre Conscience, Autre Monde\"},\"image\":{\"@id\":\"https:\/\/www.ac-am.fr\/#\/schema\/logo\/image\/\"},\"sameAs\":[\"https:\/\/fr-fr.facebook.com\/claude.acam\/\",\"https:\/\/www.youtube.com\/user\/consciencemonde\"]},{\"@type\":\"Person\",\"@id\":\"https:\/\/www.ac-am.fr\/#\/schema\/person\/8ba4336baa9f23867a7f37ed189bef96\",\"name\":\"Jean-Samuel G.\",\"image\":{\"@type\":\"ImageObject\",\"inLanguage\":\"fr-FR\",\"@id\":\"https:\/\/www.ac-am.fr\/#\/schema\/person\/image\/\",\"url\":\"https:\/\/secure.gravatar.com\/avatar\/f2363bb60723dc8df83367598e801f39544f6ea45e89f440ded40fd90b76d38a?s=96&d=identicon&r=g\",\"contentUrl\":\"https:\/\/secure.gravatar.com\/avatar\/f2363bb60723dc8df83367598e801f39544f6ea45e89f440ded40fd90b76d38a?s=96&d=identicon&r=g\",\"caption\":\"Jean-Samuel G.\"},\"url\":\"https:\/\/www.ac-am.fr\/index.php\/author\/jean-samuel-g\/\"}]}<\/script>\n<!-- \/ Yoast SEO plugin. -->","yoast_head_json":{"title":"La psychologie du Mysticisme. - Autre Conscience, Autre Monde","robots":{"index":"index","follow":"follow","max-snippet":"max-snippet:-1","max-image-preview":"max-image-preview:large","max-video-preview":"max-video-preview:-1"},"canonical":"https:\/\/www.ac-am.fr\/index.php\/1998\/01\/26\/la-psychologie-du-mysticisme\/","og_locale":"fr_FR","og_type":"article","og_title":"La psychologie du Mysticisme. - Autre Conscience, Autre Monde","og_description":"La psychologie du Mysticisme. &#8211; Ensemble de croyances et de pratiques ayant pour objet une...","og_url":"https:\/\/www.ac-am.fr\/index.php\/1998\/01\/26\/la-psychologie-du-mysticisme\/","og_site_name":"Autre Conscience, Autre Monde","article_publisher":"https:\/\/fr-fr.facebook.com\/claude.acam\/","article_published_time":"1998-01-26T15:42:29+00:00","article_modified_time":"2016-02-29T09:03:59+00:00","og_image":[{"url":"http:\/\/www.ac-am.fr\/wp-content\/uploads\/2015\/09\/barre_vt.gif","type":"","width":"","height":""}],"author":"Jean-Samuel G.","twitter_card":"summary_large_image","twitter_misc":{"\u00c9crit par":"Jean-Samuel G.","Dur\u00e9e de lecture estim\u00e9e":"13 minutes"},"schema":{"@context":"https:\/\/schema.org","@graph":[{"@type":"Article","@id":"https:\/\/www.ac-am.fr\/index.php\/1998\/01\/26\/la-psychologie-du-mysticisme\/#article","isPartOf":{"@id":"https:\/\/www.ac-am.fr\/index.php\/1998\/01\/26\/la-psychologie-du-mysticisme\/"},"author":{"name":"Jean-Samuel G.","@id":"https:\/\/www.ac-am.fr\/#\/schema\/person\/8ba4336baa9f23867a7f37ed189bef96"},"headline":"La psychologie du Mysticisme.","datePublished":"1998-01-26T15:42:29+00:00","dateModified":"2016-02-29T09:03:59+00:00","mainEntityOfPage":{"@id":"https:\/\/www.ac-am.fr\/index.php\/1998\/01\/26\/la-psychologie-du-mysticisme\/"},"wordCount":2797,"publisher":{"@id":"https:\/\/www.ac-am.fr\/#organization"},"image":{"@id":"https:\/\/www.ac-am.fr\/index.php\/1998\/01\/26\/la-psychologie-du-mysticisme\/#primaryimage"},"thumbnailUrl":"http:\/\/www.ac-am.fr\/wp-content\/uploads\/2015\/09\/barre_vt.gif","articleSection":["1998 \u2013 DESTIN"],"inLanguage":"fr-FR"},{"@type":"WebPage","@id":"https:\/\/www.ac-am.fr\/index.php\/1998\/01\/26\/la-psychologie-du-mysticisme\/","url":"https:\/\/www.ac-am.fr\/index.php\/1998\/01\/26\/la-psychologie-du-mysticisme\/","name":"La psychologie du Mysticisme. - Autre Conscience, Autre Monde","isPartOf":{"@id":"https:\/\/www.ac-am.fr\/#website"},"primaryImageOfPage":{"@id":"https:\/\/www.ac-am.fr\/index.php\/1998\/01\/26\/la-psychologie-du-mysticisme\/#primaryimage"},"image":{"@id":"https:\/\/www.ac-am.fr\/index.php\/1998\/01\/26\/la-psychologie-du-mysticisme\/#primaryimage"},"thumbnailUrl":"http:\/\/www.ac-am.fr\/wp-content\/uploads\/2015\/09\/barre_vt.gif","datePublished":"1998-01-26T15:42:29+00:00","dateModified":"2016-02-29T09:03:59+00:00","breadcrumb":{"@id":"https:\/\/www.ac-am.fr\/index.php\/1998\/01\/26\/la-psychologie-du-mysticisme\/#breadcrumb"},"inLanguage":"fr-FR","potentialAction":[{"@type":"ReadAction","target":["https:\/\/www.ac-am.fr\/index.php\/1998\/01\/26\/la-psychologie-du-mysticisme\/"]}]},{"@type":"ImageObject","inLanguage":"fr-FR","@id":"https:\/\/www.ac-am.fr\/index.php\/1998\/01\/26\/la-psychologie-du-mysticisme\/#primaryimage","url":"https:\/\/www.ac-am.fr\/wp-content\/uploads\/2015\/09\/barre_vt.gif","contentUrl":"https:\/\/www.ac-am.fr\/wp-content\/uploads\/2015\/09\/barre_vt.gif","width":550,"height":7,"caption":"Barre verte"},{"@type":"BreadcrumbList","@id":"https:\/\/www.ac-am.fr\/index.php\/1998\/01\/26\/la-psychologie-du-mysticisme\/#breadcrumb","itemListElement":[{"@type":"ListItem","position":1,"name":"Accueil","item":"https:\/\/www.ac-am.fr\/"},{"@type":"ListItem","position":2,"name":"La psychologie du Mysticisme."}]},{"@type":"WebSite","@id":"https:\/\/www.ac-am.fr\/#website","url":"https:\/\/www.ac-am.fr\/","name":"Autre Conscience, Autre Monde","description":"","publisher":{"@id":"https:\/\/www.ac-am.fr\/#organization"},"potentialAction":[{"@type":"SearchAction","target":{"@type":"EntryPoint","urlTemplate":"https:\/\/www.ac-am.fr\/?s={search_term_string}"},"query-input":{"@type":"PropertyValueSpecification","valueRequired":true,"valueName":"search_term_string"}}],"inLanguage":"fr-FR"},{"@type":"Organization","@id":"https:\/\/www.ac-am.fr\/#organization","name":"Autre Conscience, Autre Monde","url":"https:\/\/www.ac-am.fr\/","logo":{"@type":"ImageObject","inLanguage":"fr-FR","@id":"https:\/\/www.ac-am.fr\/#\/schema\/logo\/image\/","url":"https:\/\/www.ac-am.fr\/wp-content\/uploads\/2015\/10\/bd_ac_am.gif","contentUrl":"https:\/\/www.ac-am.fr\/wp-content\/uploads\/2015\/10\/bd_ac_am.gif","width":370,"height":65,"caption":"Autre Conscience, Autre Monde"},"image":{"@id":"https:\/\/www.ac-am.fr\/#\/schema\/logo\/image\/"},"sameAs":["https:\/\/fr-fr.facebook.com\/claude.acam\/","https:\/\/www.youtube.com\/user\/consciencemonde"]},{"@type":"Person","@id":"https:\/\/www.ac-am.fr\/#\/schema\/person\/8ba4336baa9f23867a7f37ed189bef96","name":"Jean-Samuel G.","image":{"@type":"ImageObject","inLanguage":"fr-FR","@id":"https:\/\/www.ac-am.fr\/#\/schema\/person\/image\/","url":"https:\/\/secure.gravatar.com\/avatar\/f2363bb60723dc8df83367598e801f39544f6ea45e89f440ded40fd90b76d38a?s=96&d=identicon&r=g","contentUrl":"https:\/\/secure.gravatar.com\/avatar\/f2363bb60723dc8df83367598e801f39544f6ea45e89f440ded40fd90b76d38a?s=96&d=identicon&r=g","caption":"Jean-Samuel G."},"url":"https:\/\/www.ac-am.fr\/index.php\/author\/jean-samuel-g\/"}]}},"_links":{"self":[{"href":"https:\/\/www.ac-am.fr\/index.php\/wp-json\/wp\/v2\/posts\/2881","targetHints":{"allow":["GET"]}}],"collection":[{"href":"https:\/\/www.ac-am.fr\/index.php\/wp-json\/wp\/v2\/posts"}],"about":[{"href":"https:\/\/www.ac-am.fr\/index.php\/wp-json\/wp\/v2\/types\/post"}],"author":[{"embeddable":true,"href":"https:\/\/www.ac-am.fr\/index.php\/wp-json\/wp\/v2\/users\/4"}],"replies":[{"embeddable":true,"href":"https:\/\/www.ac-am.fr\/index.php\/wp-json\/wp\/v2\/comments?post=2881"}],"version-history":[{"count":3,"href":"https:\/\/www.ac-am.fr\/index.php\/wp-json\/wp\/v2\/posts\/2881\/revisions"}],"predecessor-version":[{"id":2883,"href":"https:\/\/www.ac-am.fr\/index.php\/wp-json\/wp\/v2\/posts\/2881\/revisions\/2883"}],"wp:attachment":[{"href":"https:\/\/www.ac-am.fr\/index.php\/wp-json\/wp\/v2\/media?parent=2881"}],"wp:term":[{"taxonomy":"category","embeddable":true,"href":"https:\/\/www.ac-am.fr\/index.php\/wp-json\/wp\/v2\/categories?post=2881"},{"taxonomy":"post_tag","embeddable":true,"href":"https:\/\/www.ac-am.fr\/index.php\/wp-json\/wp\/v2\/tags?post=2881"}],"curies":[{"name":"wp","href":"https:\/\/api.w.org\/{rel}","templated":true}]}}