{"id":2990,"date":"1998-02-02T10:18:50","date_gmt":"1998-02-02T09:18:50","guid":{"rendered":"https:\/\/www.ac-am.fr\/?p=2990"},"modified":"2016-02-29T10:03:59","modified_gmt":"2016-02-29T09:03:59","slug":"lettre-a-michel-le-devian-le-fondamental","status":"publish","type":"post","link":"https:\/\/www.ac-am.fr\/index.php\/1998\/02\/02\/lettre-a-michel-le-devian-le-fondamental\/","title":{"rendered":"Lettre \u00e0 Michel (le D\u00e9vian) : Le fondamental."},"content":{"rendered":"<div id=\"destin\" style=\"background-attachment: fixed; border: 2px solid #dfe6de; border-radius: 10px; opacity: 0.90;\">\n<table class=\"aligncenter\" style=\"width: 600px;\" border=\"0\">\n<tbody>\n<tr>\n<td>\n<table class=\"aligncenter\" style=\"width: 567px; height: 190px;\" border=\"0\">\n<tbody>\n<tr>\n<td><img decoding=\"async\" class=\"aligncenter\" src=\"http:\/\/www.ac-am.fr\/wp-content\/uploads\/2015\/09\/barre_vt.gif\" alt=\"\" border=\"0\" \/><\/td>\n<\/tr>\n<tr>\n<td style=\"text-align: left;\"><img loading=\"lazy\" decoding=\"async\" src=\"http:\/\/www.ac-am.fr\/wp-content\/uploads\/2015\/11\/retedest.gif\" alt=\"R\u00e9flexions et T\u00e9moignages\" width=\"380\" height=\"100\" border=\"0\" \/><img loading=\"lazy\" decoding=\"async\" src=\"http:\/\/www.ac-am.fr\/wp-content\/uploads\/2015\/10\/cal1998.gif\" alt=\"Ann\u00e9e 1998\" width=\"150\" height=\"100\" border=\"0\" \/><\/td>\n<\/tr>\n<tr>\n<td><img decoding=\"async\" class=\"aligncenter\" src=\"http:\/\/www.ac-am.fr\/wp-content\/uploads\/2015\/09\/barre_vt.gif\" alt=\"\" border=\"0\" \/><\/td>\n<\/tr>\n<\/tbody>\n<\/table>\n<table class=\"aligncenter\" style=\"width: 590px;\" border=\"0\">\n<tbody>\n<tr>\n<td><a name=\"JeanSamuel01_destin98_02\"><\/a><b class=\"ntitre1\">Lettre \u00e0 Michel (le D\u00e9vian) : Le fondamental.<\/b><\/td>\n<\/tr>\n<tr>\n<td colspan=\"2\"><img decoding=\"async\" class=\"aligncenter\" src=\"http:\/\/www.ac-am.fr\/wp-content\/uploads\/2015\/09\/barre_vt.gif\" alt=\"\" border=\"0\" \/><\/td>\n<\/tr>\n<tr>\n<td style=\"text-align: left;\">\n<p class=\"retrait\"><span class=\"gmoyen\" style=\"color: #94ebbb;\"> \u00ab\u00a0&#8230;nous voulons tous la m\u00eame chose, fondamentalement.\u00a0\u00bb <br \/>\n \u00ab\u00a0&#8230; Les hommes veulent-ils vraiment et fondamentalement la m\u00eame chose ?\u00a0\u00bb, <br \/>\n \u00ab\u00a0Pourquoi ?&#8230;plan particulier ? tous les plans ? Y aurait-il diff\u00e9rents plans ?\u00a0\u00bb, <br \/>\n \u00ab\u00a0Nous recherchons la m\u00eame chose ?\u00a0\u00bb<\/span><\/p>\n<p><span class=\"gmoyen\"><img decoding=\"async\" src=\"http:\/\/www.ac-am.fr\/wp-content\/uploads\/2015\/11\/ball_mf.gif\" alt=\"\" border=\"0\" \/> \u00c0 mon sens, je crois qu&rsquo;avec un petit effort de ma part, je peux venir apporter ce que l&rsquo;\u00e9sot\u00e9risme m&rsquo;a donn\u00e9, et qui me permet de vivre.<\/span><\/p>\n<p> <span class=\"gmoyen\"><img decoding=\"async\" src=\"http:\/\/www.ac-am.fr\/wp-content\/uploads\/2015\/11\/ball_mf.gif\" alt=\"\" border=\"0\" \/> Dans l&rsquo;oeuvre que je suis entrain d&rsquo;\u00e9crire, je parle de Dieu, du Cat\u00e9chisme de la Province de Qu\u00e9bec, d&rsquo;il y a bien des ann\u00e9es. Vers les ann\u00e9es 1930, lorsqu&rsquo;on commen\u00e7ait l&rsquo;\u00e9cole, le syllabus du cours primaire \u00e0 cette \u00e9poque; l&rsquo;item le plus important et impos\u00e9 a priori, \u00e9tait le \u00ab\u00a0petit\u00a0\u00bb Cat\u00e9chisme de la Province de Qu\u00e9bec. Soudain, on a eu droit de tout entendre. L&rsquo;instruction religieuse tout comme celle de la \u00ab\u00a0Biens\u00e9ance\u00a0\u00bb sont des formations archa\u00efques, pass\u00e9es, voir m\u00eame outr\u00e9es ! Nous en sommes donc \u00e0 une civilisation qui a perdu le sens \u00ab\u00a0du Savoir Vivre\u00a0\u00bb diront les personnes plus \u00e2g\u00e9es. Dans cet ouvrage, on disait que Dieu est Pur Esprit. Ensuite que les Anges sont \u00e9galement (mais \u00e0 un degr\u00e9 inf\u00e9rieur) de Purs Esprits. Plus loin, il \u00e9tait dit : Que Dieu cr\u00e9a l&rsquo;\u00catre \u00e0 son image et \u00e0 sa ressemblance.<\/span><\/p>\n<p> <span class=\"gmoyen\"><img decoding=\"async\" src=\"http:\/\/www.ac-am.fr\/wp-content\/uploads\/2015\/11\/ball_mf.gif\" alt=\"\" border=\"0\" \/> Je n&rsquo;ai pas la pr\u00e9tention d&rsquo;avoir l&rsquo;ultime v\u00e9rit\u00e9; je ne pr\u00e9tends pas non plus prendre la place des Conciles. Par contre avec ce recule dans le temps, avec un peu de \u00ab\u00a0Gros Bon Sens\u00a0\u00bb, je ferai la tentative, ou tout au moins l&rsquo;effort de mieux comprendre les dires et les faits, et d&rsquo;en obtenir l&rsquo;id\u00e9e la plus juste possible et ainsi nous conduire sur le sentier de l&rsquo;\u00e9volution \u00ab\u00a0saine\u00a0\u00bb de notre \u00ab\u00a0CULTE DE LATRIE\u00a0\u00bb.<\/span><\/p>\n<p> <span class=\"gmoyen\"><img decoding=\"async\" src=\"http:\/\/www.ac-am.fr\/wp-content\/uploads\/2015\/11\/ball_mf.gif\" alt=\"\" border=\"0\" \/> Nous en \u00e9tions \u00e0 la petite \u00e9cole, o\u00f9 \u00e0 plusieurs occasions nous rencontrions \u00e0 maintes reprises, l&rsquo;expression \u00ab\u00a0Pur Esprit\u00a0\u00bb de m\u00eame que le mot \u00ab\u00a0\u00c2me\u00a0\u00bb. Pour le moins une seule fois dans les d\u00e9finitions de base ! Pourquoi donc \u00e9tions nous de Purs Esprits ? DES ESPRITS \u00e0 l&rsquo;image et \u00e0 la ressemblance de Dieu, (l\u00e9g\u00e8rement sup\u00e9rieurs aux Anges) ! Ainsi, dans l&rsquo;\u00e9tat o\u00f9 nous \u00e9tions (soit de notre r\u00e9incarnation ou notre premi\u00e8re incarnation) nous jouissions d&rsquo;une esp\u00e8ce d&rsquo;euphorie, de b\u00e9atitude, toutes soumises \u00e0 \u00e9couter la musique des sylphes. Cet \u00e9tat ne pouvait \u00eatre que temporaire, ne pouvait pas \u00eatre permanent, ne devait certes pas \u00eatre satisfaisant pour le Cr\u00e9ateur, ni pour la Cr\u00e9ature. Sur les conseils d&rsquo;une entit\u00e9 Mentale, nous avons consir\u00e9r\u00e9 la possibilit\u00e9, de vivre une vie de Conscience incarn\u00e9 afin d&rsquo;\u00e9voluer plus rapidement, et ainsi atteindre un autre niveau de Conscience plus avanc\u00e9. <\/span><\/p>\n<p> <span class=\"gmoyen\"><img decoding=\"async\" src=\"http:\/\/www.ac-am.fr\/wp-content\/uploads\/2015\/11\/ball_mf.gif\" alt=\"\" border=\"0\" \/> Pour mieux nous pr\u00e9parer, nous avons consult\u00e9 une autre entit\u00e9 Emotionnelle, qui nous a aid\u00e9s \u00e0 nous pr\u00e9parer \u00e0 cette nouvelle exp\u00e9rience sur le plan de nos \u00e9motions. D\u00e8s lors, nous pouvions envisager directement l&rsquo;apport physique de l&rsquo;incarnation; avec l&rsquo;aide de cette troisi\u00e8me entit\u00e9 Physique, nous avons pu \u00ab\u00a0voir\u00a0\u00bb les \u00e9tapes principales de cette incarnation, les \u00catres avec lesquels nous poursuivrions l&rsquo;exp\u00e9rience, parents, parent\u00e9, les amis proches et les connaissances que nous y rencontrions. Nous avons peut-\u00eatre m\u00eame visit\u00e9 les parents les plus proches, afin de prendre la d\u00e9cision la plus \u00e9clair\u00e9e, car jusqu&rsquo;au dernier moment de l&rsquo;accouchement, il \u00e9tait possible d&rsquo;\u00e9changer ou simplement de refuser cette incarnation particuli\u00e8re.<\/span><\/p>\n<p> <span class=\"gmoyen\"><img decoding=\"async\" src=\"http:\/\/www.ac-am.fr\/wp-content\/uploads\/2015\/11\/ball_mf.gif\" alt=\"\" border=\"0\" \/> Sur entente mutuelle, une \u00e9preuve m\u00e9ritoire devait s&rsquo;instaurer, une \u00e9volution devenait essentielle, car autant le Cr\u00e9ateur voulait voir son Image se valoriser, de par une certaine autonomie, dans l&rsquo;exercice du \u00ab\u00a0Libre Arbitre\u00a0\u00bb, prendre sa place et devenir en quelque sorte un Dieu lui-m\u00eame ! De m\u00eame pour la Cr\u00e9ature, cr\u00e9\u00e9e \u00e0 l&rsquo;image de son Cr\u00e9ateur, recherchait \u00e0 se valoriser elle-m\u00eame dans un effort m\u00e9ritoire, prendre la place qui lui revenait de droit.<\/span><\/p>\n<p> <span class=\"gmoyen\"><img decoding=\"async\" src=\"http:\/\/www.ac-am.fr\/wp-content\/uploads\/2015\/11\/ball_mf.gif\" alt=\"\" border=\"0\" \/> Pendant de nombreuses ann\u00e9es, cette question m&rsquo;a toujours fascin\u00e9e. Du Cours Primaire, aux \u00e9tudes Classiques, du Grand s\u00e9minaire \u00e0 la Th\u00e9ologie; chaque fois que le mot Esprit \u00e9tait utilis\u00e9, soit \u00e0 mes oreilles ou \u00e0 mes yeux, un tiraillement int\u00e9rieur se manifestait. C&rsquo;est en 1962, que j&rsquo;ai pu apport\u00e9 \u00e0 ma conscience un certain baume de compr\u00e9hension, une certaine logique (un peu b\u00eate, vous me direz) mais qui m&rsquo;a permis de \u00ab\u00a0ME FAIRE UNE ID\u00c9E PLUS CONCISE\u00a0\u00bb; en transposant le mot \u00c2ME par le mot ESPRIT, et ensuite le mot ESPRIT par le mot \u00c9NERGIE. Il m&rsquo;a sembl\u00e9 qu&rsquo;enfin je voyais la lumi\u00e8re au bout du tunnel.<\/span><\/p>\n<p> <span class=\"gmoyen\"><img decoding=\"async\" src=\"http:\/\/www.ac-am.fr\/wp-content\/uploads\/2015\/11\/ball_mf.gif\" alt=\"\" border=\"0\" \/> Donc, cette recherche, devient d\u00e8s notre incarnation (ou r\u00e9incarnation) notre T\u00c2CHE primordiale. De ceci, j&rsquo;ai pu me faire une id\u00e9e qu&rsquo;un Pur Esprit est de l&rsquo;\u00c9nergie Pure; et que si cette \u00c9nergie Pure devait s&rsquo;incarner, comme \u00e7a, tout b\u00eatement; le corps de chair qui est mati\u00e8re, br\u00fblerait instantan\u00e9ment. C&rsquo;est donc pour cette raison que l&rsquo;Esprit Pur en s&rsquo;incarnant doit s&rsquo;envelopper d&rsquo;une esp\u00e8ce de protoplasme de protection, que l&rsquo;on appel \u00c2ME. De plus ce protoplasme est dou\u00e9 de certaines qualit\u00e9s sp\u00e9cifiques, telle une plaque photographique, qui conserve la m\u00e9moire des \u00e9v\u00e9nements de notre exp\u00e9rience sur terre.<\/span><\/p>\n<p> <span class=\"gmoyen\"><img decoding=\"async\" src=\"http:\/\/www.ac-am.fr\/wp-content\/uploads\/2015\/11\/ball_mf.gif\" alt=\"\" border=\"0\" \/> Si nous sommes dans un corps de chair aujourd&rsquo;hui, c&rsquo;est uniquement pour y faire des exp\u00e9riences, pour apprendre, pour \u00e9voluer. C&rsquo;est ainsi que prend naissance cet esprit de comp\u00e9tition, cette ambition, cette domination entre chacun. Mais ce sentiment, ne devrait pas \u00eatre consid\u00e9r\u00e9 (comme malheureusement il se produit trop souvent) une agression envers l&rsquo;autre; c&rsquo;est envers nous-m\u00eame que doit \u00eatre dirig\u00e9 cette volont\u00e9 de vaincre L&rsquo;IGNORANCE, et d&rsquo;acqu\u00e9rir LA CONNAISSANCE.<\/span><\/p>\n<p> <span class=\"gmoyen\"><img decoding=\"async\" src=\"http:\/\/www.ac-am.fr\/wp-content\/uploads\/2015\/11\/ball_mf.gif\" alt=\"\" border=\"0\" \/> Nous recevons en revanche de cet Esprit Dominateur, le Don de l&rsquo;AMOUR, c&rsquo;est ainsi qu&rsquo;avec cet outil nous pouvons mieux diriger cette volont\u00e9 dans le sens d&rsquo;apprendre et non de dominer. De l\u00e0 \u00e0 savoir, si il y a un apport g\u00e9n\u00e9tique; je ne pourrais le dire. Je suis un peu m\u00e9fiant de toute nouveaut\u00e9 ! L&rsquo;\u00catre existe depuis combien de temps ? Et \u00e0 venir ? Jusqu&rsquo;\u00e0 aujourd&rsquo;hui, il s&rsquo;est dr\u00f4lement accommod\u00e9 de la vie, de son existence, et de son \u00e9volution, n&rsquo;est-ce pas ? J&rsquo;accepte que nous puissions am\u00e9liorer ce qui est possible d&rsquo;am\u00e9liorer, mais soyons prudent; simplement parce que c&rsquo;est la mode ! je me refuse de tout mettre dans le m\u00eame sac de la g\u00e9n\u00e9tique.<\/span><\/p>\n<p> <span class=\"gmoyen\"><img decoding=\"async\" src=\"http:\/\/www.ac-am.fr\/wp-content\/uploads\/2015\/11\/ball_mf.gif\" alt=\"\" border=\"0\" \/> Je suis d&rsquo;autant plus convaincu que la violence s&rsquo;engendre habituellement par l&rsquo;ignorance, \u00e0 divers niveaux, diff\u00e9rents stages, diff\u00e9rentes conditions de l&rsquo;\u00e9volution humaine. Que lorsque la \u00ab\u00a0Domination\u00a0\u00bb s&rsquo;installe, en plus de l&rsquo;ignorance, c&rsquo;est le r\u00e9sultat de la peur, de la crainte; surtout de l&rsquo;inconnue, (surtout l&rsquo;inconnue de la mort).<\/span><\/p>\n<p> <span class=\"gmoyen\"><img decoding=\"async\" src=\"http:\/\/www.ac-am.fr\/wp-content\/uploads\/2015\/11\/ball_mf.gif\" alt=\"\" border=\"0\" \/> Cette recherche de notre apr\u00e8s-vie \u00c9VOLU\u00c9E, par ignorance, par la peur de l&rsquo;inconnue (manque de connaissance), la crainte de ce que l&rsquo;on ne conna\u00eet pas (la douleur, la faim et notre confort), nous entra\u00eene dans cet \u00e9tat psychologique de domination envers autrui. C&rsquo;est pourquoi l&rsquo;apprentissage de l&rsquo;AMOUR est si important. Pas pour la paix sociale, comme telle; c&rsquo;est que pendant que l&rsquo;on met tout nos efforts sur la domination de l&rsquo;autre, l&rsquo;on ne met pas les efforts n\u00e9cessaires sur la domination de nos penchants naturels d&rsquo;apprentissage, de paresseux, de recherche de notre confort et du moindre effort.<\/span><\/p>\n<p> <span class=\"gmoyen\"><img decoding=\"async\" src=\"http:\/\/www.ac-am.fr\/wp-content\/uploads\/2015\/11\/ball_mf.gif\" alt=\"\" border=\"0\" \/> Par contre, dans l&rsquo;exercice de cette \u00e9volution, dans le grand plan de la Cr\u00e9ation, de la Nature, la procr\u00e9ation nous est donn\u00e9e. Celle-ci ne se limite pas seulement \u00e0 l&rsquo;aspect biologique, il y a beaucoup plus; l&rsquo;\u00e9ducation de cette prog\u00e9niture. C&rsquo;est pour \u00e7a, que si il y a un Code G\u00e9n\u00e9tique pour cette facult\u00e9 de domination; c&rsquo;est afin que cette facult\u00e9 serve \u00e0 l&rsquo;\u00e9ducation de nos enfants, (pas n\u00e9cessairement l&rsquo;instruction, mais l&rsquo;\u00e9ducation \u00ab\u00a0familiale\u00a0\u00bb), pour transmettre les valeurs nationales, familiales, intellectuelles, de compr\u00e9hension, etc&#8230;<\/span><\/p>\n<p> <span class=\"gmoyen\"><i>[<a href=\"boites.htm#Jean_Samuel01_G\">Jean-Samuel G. &#8211; le 02-02-98<\/a>]<\/i><\/span><a href=\"http:\/\/www.ac-am.fr\/index.php\/jean-samuel-g-pardon\/\" target=\"_self\"><img loading=\"lazy\" decoding=\"async\" src=\"http:\/\/www.ac-am.fr\/wp-content\/uploads\/2015\/10\/ecrits2.gif\" alt=\"\" width=\"50\" height=\"36\" border=\"0\" hspace=\"10\" \/><\/a><\/td>\n<\/tr>\n<\/tbody>\n<\/table>\n<\/td>\n<\/tr>\n<\/tbody>\n<\/table>\n<\/div>\n<div style=\"padding-bottom:20px; padding-top:10px;\" class=\"hupso-share-buttons\"><!-- Hupso Share Buttons - https:\/\/www.hupso.com\/share\/ --><a class=\"hupso_toolbar\" href=\"https:\/\/www.hupso.com\/share\/\"><img decoding=\"async\" src=\"https:\/\/static.hupso.com\/share\/buttons\/lang\/fr\/share.png\" style=\"border:0px; padding-top: 5px; float:left;\" alt=\"Share Button\"\/><\/a><script type=\"text\/javascript\">var hupso_services_t=new Array(\"Twitter\",\"Facebook\",\"Google Plus\");var hupso_background_t=\"#EAF4FF\";var hupso_border_t=\"#66CCFF\";var hupso_toolbar_size_t=\"big\";var hupso_image_folder_url = \"\";var hupso_url_t=\"\";var hupso_title_t=\"Lettre%20%C3%A0%20Michel%20%28le%20D%C3%A9vian%29%20%3A%20Le%20fondamental.\";<\/script><script type=\"text\/javascript\" src=\"https:\/\/static.hupso.com\/share\/js\/share_toolbar.js\"><\/script><!-- Hupso Share Buttons --><\/div>","protected":false},"excerpt":{"rendered":"<p>Lettre \u00e0 Michel (le D\u00e9vian) : Le fondamental. \u00ab\u00a0&#8230;nous voulons tous la m\u00eame chose, fondamentalement.\u00a0\u00bb&#8230;<\/p>\n","protected":false},"author":4,"featured_media":0,"comment_status":"closed","ping_status":"open","sticky":false,"template":"","format":"standard","meta":{"footnotes":""},"categories":[231],"tags":[],"class_list":["post-2990","post","type-post","status-publish","format-standard","hentry","category-1998-destin"],"yoast_head":"<!-- This site is optimized with the Yoast SEO plugin v26.9 - https:\/\/yoast.com\/product\/yoast-seo-wordpress\/ -->\n<title>Lettre \u00e0 Michel (le D\u00e9vian) : Le fondamental. - Autre Conscience, Autre Monde<\/title>\n<meta name=\"robots\" content=\"index, follow, max-snippet:-1, max-image-preview:large, max-video-preview:-1\" \/>\n<link rel=\"canonical\" href=\"https:\/\/www.ac-am.fr\/index.php\/1998\/02\/02\/lettre-a-michel-le-devian-le-fondamental\/\" \/>\n<meta property=\"og:locale\" content=\"fr_FR\" \/>\n<meta property=\"og:type\" content=\"article\" \/>\n<meta property=\"og:title\" content=\"Lettre \u00e0 Michel (le D\u00e9vian) : Le fondamental. - Autre Conscience, Autre Monde\" \/>\n<meta property=\"og:description\" content=\"Lettre \u00e0 Michel (le D\u00e9vian) : Le fondamental. \u00ab\u00a0&#8230;nous voulons tous la m\u00eame chose, fondamentalement.\u00a0\u00bb...\" \/>\n<meta property=\"og:url\" content=\"https:\/\/www.ac-am.fr\/index.php\/1998\/02\/02\/lettre-a-michel-le-devian-le-fondamental\/\" \/>\n<meta property=\"og:site_name\" content=\"Autre Conscience, Autre Monde\" \/>\n<meta property=\"article:publisher\" content=\"https:\/\/fr-fr.facebook.com\/claude.acam\/\" \/>\n<meta property=\"article:published_time\" content=\"1998-02-02T09:18:50+00:00\" \/>\n<meta property=\"article:modified_time\" content=\"2016-02-29T09:03:59+00:00\" \/>\n<meta property=\"og:image\" content=\"http:\/\/www.ac-am.fr\/wp-content\/uploads\/2015\/09\/barre_vt.gif\" \/>\n<meta name=\"author\" content=\"Jean-Samuel G.\" \/>\n<meta name=\"twitter:card\" content=\"summary_large_image\" \/>\n<meta name=\"twitter:label1\" content=\"\u00c9crit par\" \/>\n\t<meta name=\"twitter:data1\" content=\"Jean-Samuel G.\" \/>\n\t<meta name=\"twitter:label2\" content=\"Dur\u00e9e de lecture estim\u00e9e\" \/>\n\t<meta name=\"twitter:data2\" content=\"7 minutes\" \/>\n<script type=\"application\/ld+json\" class=\"yoast-schema-graph\">{\"@context\":\"https:\/\/schema.org\",\"@graph\":[{\"@type\":\"Article\",\"@id\":\"https:\/\/www.ac-am.fr\/index.php\/1998\/02\/02\/lettre-a-michel-le-devian-le-fondamental\/#article\",\"isPartOf\":{\"@id\":\"https:\/\/www.ac-am.fr\/index.php\/1998\/02\/02\/lettre-a-michel-le-devian-le-fondamental\/\"},\"author\":{\"name\":\"Jean-Samuel G.\",\"@id\":\"https:\/\/www.ac-am.fr\/#\/schema\/person\/8ba4336baa9f23867a7f37ed189bef96\"},\"headline\":\"Lettre \u00e0 Michel (le D\u00e9vian) : Le fondamental.\",\"datePublished\":\"1998-02-02T09:18:50+00:00\",\"dateModified\":\"2016-02-29T09:03:59+00:00\",\"mainEntityOfPage\":{\"@id\":\"https:\/\/www.ac-am.fr\/index.php\/1998\/02\/02\/lettre-a-michel-le-devian-le-fondamental\/\"},\"wordCount\":1408,\"publisher\":{\"@id\":\"https:\/\/www.ac-am.fr\/#organization\"},\"image\":{\"@id\":\"https:\/\/www.ac-am.fr\/index.php\/1998\/02\/02\/lettre-a-michel-le-devian-le-fondamental\/#primaryimage\"},\"thumbnailUrl\":\"http:\/\/www.ac-am.fr\/wp-content\/uploads\/2015\/09\/barre_vt.gif\",\"articleSection\":[\"1998 \u2013 DESTIN\"],\"inLanguage\":\"fr-FR\"},{\"@type\":\"WebPage\",\"@id\":\"https:\/\/www.ac-am.fr\/index.php\/1998\/02\/02\/lettre-a-michel-le-devian-le-fondamental\/\",\"url\":\"https:\/\/www.ac-am.fr\/index.php\/1998\/02\/02\/lettre-a-michel-le-devian-le-fondamental\/\",\"name\":\"Lettre \u00e0 Michel (le D\u00e9vian) : Le fondamental. - Autre Conscience, Autre Monde\",\"isPartOf\":{\"@id\":\"https:\/\/www.ac-am.fr\/#website\"},\"primaryImageOfPage\":{\"@id\":\"https:\/\/www.ac-am.fr\/index.php\/1998\/02\/02\/lettre-a-michel-le-devian-le-fondamental\/#primaryimage\"},\"image\":{\"@id\":\"https:\/\/www.ac-am.fr\/index.php\/1998\/02\/02\/lettre-a-michel-le-devian-le-fondamental\/#primaryimage\"},\"thumbnailUrl\":\"http:\/\/www.ac-am.fr\/wp-content\/uploads\/2015\/09\/barre_vt.gif\",\"datePublished\":\"1998-02-02T09:18:50+00:00\",\"dateModified\":\"2016-02-29T09:03:59+00:00\",\"breadcrumb\":{\"@id\":\"https:\/\/www.ac-am.fr\/index.php\/1998\/02\/02\/lettre-a-michel-le-devian-le-fondamental\/#breadcrumb\"},\"inLanguage\":\"fr-FR\",\"potentialAction\":[{\"@type\":\"ReadAction\",\"target\":[\"https:\/\/www.ac-am.fr\/index.php\/1998\/02\/02\/lettre-a-michel-le-devian-le-fondamental\/\"]}]},{\"@type\":\"ImageObject\",\"inLanguage\":\"fr-FR\",\"@id\":\"https:\/\/www.ac-am.fr\/index.php\/1998\/02\/02\/lettre-a-michel-le-devian-le-fondamental\/#primaryimage\",\"url\":\"https:\/\/www.ac-am.fr\/wp-content\/uploads\/2015\/09\/barre_vt.gif\",\"contentUrl\":\"https:\/\/www.ac-am.fr\/wp-content\/uploads\/2015\/09\/barre_vt.gif\",\"width\":550,\"height\":7,\"caption\":\"Barre verte\"},{\"@type\":\"BreadcrumbList\",\"@id\":\"https:\/\/www.ac-am.fr\/index.php\/1998\/02\/02\/lettre-a-michel-le-devian-le-fondamental\/#breadcrumb\",\"itemListElement\":[{\"@type\":\"ListItem\",\"position\":1,\"name\":\"Accueil\",\"item\":\"https:\/\/www.ac-am.fr\/\"},{\"@type\":\"ListItem\",\"position\":2,\"name\":\"Lettre \u00e0 Michel (le D\u00e9vian) : Le fondamental.\"}]},{\"@type\":\"WebSite\",\"@id\":\"https:\/\/www.ac-am.fr\/#website\",\"url\":\"https:\/\/www.ac-am.fr\/\",\"name\":\"Autre Conscience, Autre Monde\",\"description\":\"\",\"publisher\":{\"@id\":\"https:\/\/www.ac-am.fr\/#organization\"},\"potentialAction\":[{\"@type\":\"SearchAction\",\"target\":{\"@type\":\"EntryPoint\",\"urlTemplate\":\"https:\/\/www.ac-am.fr\/?s={search_term_string}\"},\"query-input\":{\"@type\":\"PropertyValueSpecification\",\"valueRequired\":true,\"valueName\":\"search_term_string\"}}],\"inLanguage\":\"fr-FR\"},{\"@type\":\"Organization\",\"@id\":\"https:\/\/www.ac-am.fr\/#organization\",\"name\":\"Autre Conscience, Autre Monde\",\"url\":\"https:\/\/www.ac-am.fr\/\",\"logo\":{\"@type\":\"ImageObject\",\"inLanguage\":\"fr-FR\",\"@id\":\"https:\/\/www.ac-am.fr\/#\/schema\/logo\/image\/\",\"url\":\"https:\/\/www.ac-am.fr\/wp-content\/uploads\/2015\/10\/bd_ac_am.gif\",\"contentUrl\":\"https:\/\/www.ac-am.fr\/wp-content\/uploads\/2015\/10\/bd_ac_am.gif\",\"width\":370,\"height\":65,\"caption\":\"Autre Conscience, Autre Monde\"},\"image\":{\"@id\":\"https:\/\/www.ac-am.fr\/#\/schema\/logo\/image\/\"},\"sameAs\":[\"https:\/\/fr-fr.facebook.com\/claude.acam\/\",\"https:\/\/www.youtube.com\/user\/consciencemonde\"]},{\"@type\":\"Person\",\"@id\":\"https:\/\/www.ac-am.fr\/#\/schema\/person\/8ba4336baa9f23867a7f37ed189bef96\",\"name\":\"Jean-Samuel G.\",\"image\":{\"@type\":\"ImageObject\",\"inLanguage\":\"fr-FR\",\"@id\":\"https:\/\/www.ac-am.fr\/#\/schema\/person\/image\/\",\"url\":\"https:\/\/secure.gravatar.com\/avatar\/f2363bb60723dc8df83367598e801f39544f6ea45e89f440ded40fd90b76d38a?s=96&d=identicon&r=g\",\"contentUrl\":\"https:\/\/secure.gravatar.com\/avatar\/f2363bb60723dc8df83367598e801f39544f6ea45e89f440ded40fd90b76d38a?s=96&d=identicon&r=g\",\"caption\":\"Jean-Samuel G.\"},\"url\":\"https:\/\/www.ac-am.fr\/index.php\/author\/jean-samuel-g\/\"}]}<\/script>\n<!-- \/ Yoast SEO plugin. -->","yoast_head_json":{"title":"Lettre \u00e0 Michel (le D\u00e9vian) : Le fondamental. - Autre Conscience, Autre Monde","robots":{"index":"index","follow":"follow","max-snippet":"max-snippet:-1","max-image-preview":"max-image-preview:large","max-video-preview":"max-video-preview:-1"},"canonical":"https:\/\/www.ac-am.fr\/index.php\/1998\/02\/02\/lettre-a-michel-le-devian-le-fondamental\/","og_locale":"fr_FR","og_type":"article","og_title":"Lettre \u00e0 Michel (le D\u00e9vian) : Le fondamental. - Autre Conscience, Autre Monde","og_description":"Lettre \u00e0 Michel (le D\u00e9vian) : Le fondamental. \u00ab\u00a0&#8230;nous voulons tous la m\u00eame chose, fondamentalement.\u00a0\u00bb...","og_url":"https:\/\/www.ac-am.fr\/index.php\/1998\/02\/02\/lettre-a-michel-le-devian-le-fondamental\/","og_site_name":"Autre Conscience, Autre Monde","article_publisher":"https:\/\/fr-fr.facebook.com\/claude.acam\/","article_published_time":"1998-02-02T09:18:50+00:00","article_modified_time":"2016-02-29T09:03:59+00:00","og_image":[{"url":"http:\/\/www.ac-am.fr\/wp-content\/uploads\/2015\/09\/barre_vt.gif","type":"","width":"","height":""}],"author":"Jean-Samuel G.","twitter_card":"summary_large_image","twitter_misc":{"\u00c9crit par":"Jean-Samuel G.","Dur\u00e9e de lecture estim\u00e9e":"7 minutes"},"schema":{"@context":"https:\/\/schema.org","@graph":[{"@type":"Article","@id":"https:\/\/www.ac-am.fr\/index.php\/1998\/02\/02\/lettre-a-michel-le-devian-le-fondamental\/#article","isPartOf":{"@id":"https:\/\/www.ac-am.fr\/index.php\/1998\/02\/02\/lettre-a-michel-le-devian-le-fondamental\/"},"author":{"name":"Jean-Samuel G.","@id":"https:\/\/www.ac-am.fr\/#\/schema\/person\/8ba4336baa9f23867a7f37ed189bef96"},"headline":"Lettre \u00e0 Michel (le D\u00e9vian) : Le fondamental.","datePublished":"1998-02-02T09:18:50+00:00","dateModified":"2016-02-29T09:03:59+00:00","mainEntityOfPage":{"@id":"https:\/\/www.ac-am.fr\/index.php\/1998\/02\/02\/lettre-a-michel-le-devian-le-fondamental\/"},"wordCount":1408,"publisher":{"@id":"https:\/\/www.ac-am.fr\/#organization"},"image":{"@id":"https:\/\/www.ac-am.fr\/index.php\/1998\/02\/02\/lettre-a-michel-le-devian-le-fondamental\/#primaryimage"},"thumbnailUrl":"http:\/\/www.ac-am.fr\/wp-content\/uploads\/2015\/09\/barre_vt.gif","articleSection":["1998 \u2013 DESTIN"],"inLanguage":"fr-FR"},{"@type":"WebPage","@id":"https:\/\/www.ac-am.fr\/index.php\/1998\/02\/02\/lettre-a-michel-le-devian-le-fondamental\/","url":"https:\/\/www.ac-am.fr\/index.php\/1998\/02\/02\/lettre-a-michel-le-devian-le-fondamental\/","name":"Lettre \u00e0 Michel (le D\u00e9vian) : Le fondamental. - Autre Conscience, Autre Monde","isPartOf":{"@id":"https:\/\/www.ac-am.fr\/#website"},"primaryImageOfPage":{"@id":"https:\/\/www.ac-am.fr\/index.php\/1998\/02\/02\/lettre-a-michel-le-devian-le-fondamental\/#primaryimage"},"image":{"@id":"https:\/\/www.ac-am.fr\/index.php\/1998\/02\/02\/lettre-a-michel-le-devian-le-fondamental\/#primaryimage"},"thumbnailUrl":"http:\/\/www.ac-am.fr\/wp-content\/uploads\/2015\/09\/barre_vt.gif","datePublished":"1998-02-02T09:18:50+00:00","dateModified":"2016-02-29T09:03:59+00:00","breadcrumb":{"@id":"https:\/\/www.ac-am.fr\/index.php\/1998\/02\/02\/lettre-a-michel-le-devian-le-fondamental\/#breadcrumb"},"inLanguage":"fr-FR","potentialAction":[{"@type":"ReadAction","target":["https:\/\/www.ac-am.fr\/index.php\/1998\/02\/02\/lettre-a-michel-le-devian-le-fondamental\/"]}]},{"@type":"ImageObject","inLanguage":"fr-FR","@id":"https:\/\/www.ac-am.fr\/index.php\/1998\/02\/02\/lettre-a-michel-le-devian-le-fondamental\/#primaryimage","url":"https:\/\/www.ac-am.fr\/wp-content\/uploads\/2015\/09\/barre_vt.gif","contentUrl":"https:\/\/www.ac-am.fr\/wp-content\/uploads\/2015\/09\/barre_vt.gif","width":550,"height":7,"caption":"Barre verte"},{"@type":"BreadcrumbList","@id":"https:\/\/www.ac-am.fr\/index.php\/1998\/02\/02\/lettre-a-michel-le-devian-le-fondamental\/#breadcrumb","itemListElement":[{"@type":"ListItem","position":1,"name":"Accueil","item":"https:\/\/www.ac-am.fr\/"},{"@type":"ListItem","position":2,"name":"Lettre \u00e0 Michel (le D\u00e9vian) : Le fondamental."}]},{"@type":"WebSite","@id":"https:\/\/www.ac-am.fr\/#website","url":"https:\/\/www.ac-am.fr\/","name":"Autre Conscience, Autre Monde","description":"","publisher":{"@id":"https:\/\/www.ac-am.fr\/#organization"},"potentialAction":[{"@type":"SearchAction","target":{"@type":"EntryPoint","urlTemplate":"https:\/\/www.ac-am.fr\/?s={search_term_string}"},"query-input":{"@type":"PropertyValueSpecification","valueRequired":true,"valueName":"search_term_string"}}],"inLanguage":"fr-FR"},{"@type":"Organization","@id":"https:\/\/www.ac-am.fr\/#organization","name":"Autre Conscience, Autre Monde","url":"https:\/\/www.ac-am.fr\/","logo":{"@type":"ImageObject","inLanguage":"fr-FR","@id":"https:\/\/www.ac-am.fr\/#\/schema\/logo\/image\/","url":"https:\/\/www.ac-am.fr\/wp-content\/uploads\/2015\/10\/bd_ac_am.gif","contentUrl":"https:\/\/www.ac-am.fr\/wp-content\/uploads\/2015\/10\/bd_ac_am.gif","width":370,"height":65,"caption":"Autre Conscience, Autre Monde"},"image":{"@id":"https:\/\/www.ac-am.fr\/#\/schema\/logo\/image\/"},"sameAs":["https:\/\/fr-fr.facebook.com\/claude.acam\/","https:\/\/www.youtube.com\/user\/consciencemonde"]},{"@type":"Person","@id":"https:\/\/www.ac-am.fr\/#\/schema\/person\/8ba4336baa9f23867a7f37ed189bef96","name":"Jean-Samuel G.","image":{"@type":"ImageObject","inLanguage":"fr-FR","@id":"https:\/\/www.ac-am.fr\/#\/schema\/person\/image\/","url":"https:\/\/secure.gravatar.com\/avatar\/f2363bb60723dc8df83367598e801f39544f6ea45e89f440ded40fd90b76d38a?s=96&d=identicon&r=g","contentUrl":"https:\/\/secure.gravatar.com\/avatar\/f2363bb60723dc8df83367598e801f39544f6ea45e89f440ded40fd90b76d38a?s=96&d=identicon&r=g","caption":"Jean-Samuel G."},"url":"https:\/\/www.ac-am.fr\/index.php\/author\/jean-samuel-g\/"}]}},"_links":{"self":[{"href":"https:\/\/www.ac-am.fr\/index.php\/wp-json\/wp\/v2\/posts\/2990","targetHints":{"allow":["GET"]}}],"collection":[{"href":"https:\/\/www.ac-am.fr\/index.php\/wp-json\/wp\/v2\/posts"}],"about":[{"href":"https:\/\/www.ac-am.fr\/index.php\/wp-json\/wp\/v2\/types\/post"}],"author":[{"embeddable":true,"href":"https:\/\/www.ac-am.fr\/index.php\/wp-json\/wp\/v2\/users\/4"}],"replies":[{"embeddable":true,"href":"https:\/\/www.ac-am.fr\/index.php\/wp-json\/wp\/v2\/comments?post=2990"}],"version-history":[{"count":3,"href":"https:\/\/www.ac-am.fr\/index.php\/wp-json\/wp\/v2\/posts\/2990\/revisions"}],"predecessor-version":[{"id":2993,"href":"https:\/\/www.ac-am.fr\/index.php\/wp-json\/wp\/v2\/posts\/2990\/revisions\/2993"}],"wp:attachment":[{"href":"https:\/\/www.ac-am.fr\/index.php\/wp-json\/wp\/v2\/media?parent=2990"}],"wp:term":[{"taxonomy":"category","embeddable":true,"href":"https:\/\/www.ac-am.fr\/index.php\/wp-json\/wp\/v2\/categories?post=2990"},{"taxonomy":"post_tag","embeddable":true,"href":"https:\/\/www.ac-am.fr\/index.php\/wp-json\/wp\/v2\/tags?post=2990"}],"curies":[{"name":"wp","href":"https:\/\/api.w.org\/{rel}","templated":true}]}}