{"id":3007,"date":"1998-08-23T21:29:48","date_gmt":"1998-08-23T20:29:48","guid":{"rendered":"https:\/\/www.ac-am.fr\/?p=3007"},"modified":"2016-02-29T10:03:59","modified_gmt":"2016-02-29T09:03:59","slug":"ecrits-codes-niveaux-de-conscience-reunion-dopposes","status":"publish","type":"post","link":"https:\/\/www.ac-am.fr\/index.php\/1998\/08\/23\/ecrits-codes-niveaux-de-conscience-reunion-dopposes\/","title":{"rendered":"\u00c9crits cod\u00e9s, niveaux de conscience, r\u00e9union d&rsquo;oppos\u00e9s."},"content":{"rendered":"<div id=\"destin\" style=\"background-attachment: fixed; border: 2px solid #dfe6de; border-radius: 10px; opacity: 0.90;\">\n<table class=\"aligncenter\" style=\"width: 600px;\" border=\"0\">\n<tbody>\n<tr>\n<td>\n<table class=\"aligncenter\" style=\"width: 567px; height: 190px;\" border=\"0\">\n<tbody>\n<tr>\n<td><img decoding=\"async\" class=\"aligncenter\" src=\"http:\/\/www.ac-am.fr\/wp-content\/uploads\/2015\/09\/barre_vt.gif\" alt=\"\" border=\"0\" \/><\/td>\n<\/tr>\n<tr>\n<td style=\"text-align: left;\"><img loading=\"lazy\" decoding=\"async\" src=\"http:\/\/www.ac-am.fr\/wp-content\/uploads\/2015\/11\/retedest.gif\" alt=\"R\u00e9flexions et T\u00e9moignages\" width=\"380\" height=\"100\" border=\"0\" \/><img loading=\"lazy\" decoding=\"async\" src=\"http:\/\/www.ac-am.fr\/wp-content\/uploads\/2015\/10\/cal1998.gif\" alt=\"Ann\u00e9e 1998\" width=\"150\" height=\"100\" border=\"0\" \/><\/td>\n<\/tr>\n<tr>\n<td><img decoding=\"async\" class=\"aligncenter\" src=\"http:\/\/www.ac-am.fr\/wp-content\/uploads\/2015\/09\/barre_vt.gif\" alt=\"\" border=\"0\" \/><\/td>\n<\/tr>\n<\/tbody>\n<\/table>\n<table class=\"aligncenter\" style=\"width: 590px;\" border=\"0\">\n<tbody>\n<tr>\n<td><a name=\"MageGuerrier01_destin98_02\"><\/a><b class=\"ntitre1\">\u00c9crits cod\u00e9s, niveaux de conscience, r\u00e9union d&rsquo;oppos\u00e9s.<\/b><\/td>\n<\/tr>\n<tr>\n<td colspan=\"2\"><img decoding=\"async\" class=\"aligncenter\" src=\"http:\/\/www.ac-am.fr\/wp-content\/uploads\/2015\/09\/barre_vt.gif\" alt=\"\" border=\"0\" \/><\/td>\n<\/tr>\n<tr>\n<td style=\"text-align: left;\"><span class=\"gmoyen\"><img decoding=\"async\" src=\"http:\/\/www.ac-am.fr\/wp-content\/uploads\/2016\/02\/ball_ro.gif\" alt=\"\" border=\"0\" \/> Il est dit que certains textes \u00ab\u00a0sacr\u00e9s\u00a0\u00bb ou \u00ab\u00a0occultes\u00a0\u00bb sont \u00ab\u00a0cod\u00e9s\u00a0\u00bb pour \u00e9viter que les profanes puissent s&rsquo;attribuer leur v\u00e9ritable contenue&#8230; Source de \u00ab\u00a0savoir\u00a0\u00bb qui donne in\u00e9vitablement certains \u00ab\u00a0pouvoirs\u00a0\u00bb. Il faudrait donc poss\u00e9der certaines \u00ab\u00a0clefs occultes\u00a0\u00bb pour les \u00ab\u00a0d\u00e9coder\u00a0\u00bb.<\/span><br \/>\n\u00a0\u00a0<br \/>\n <span class=\"gmoyen\"><span class=\"gmoyen\"><img decoding=\"async\" src=\"http:\/\/www.ac-am.fr\/wp-content\/uploads\/2016\/02\/ball_ro.gif\" alt=\"\" border=\"0\" \/> Mais ce que la majorit\u00e9 ne semble pas comprendre c&rsquo;est que ces textes ne sont pas plus \u00ab\u00a0cod\u00e9s\u00a0\u00bb que dans la mesure o\u00f9 un illettr\u00e9 ne peut lire un simple \u00ab\u00a0livre de recettes\u00a0\u00bb par exemple. C&rsquo;est que ces textes ont \u00e9t\u00e9 \u00e9crits par des personnes qui avait un haut niveau de conscience. Ces textes ne sont donc \u00ab\u00a0cod\u00e9s\u00a0\u00bb que dans la mesure o\u00f9 il faut avoir le m\u00eame niveau de conscience que l&rsquo;auteur pour les \u00ab\u00a0d\u00e9coder\u00a0\u00bb, les comprendre.<\/span><\/p>\n<p> <span class=\"gmoyen\"><img decoding=\"async\" src=\"http:\/\/www.ac-am.fr\/wp-content\/uploads\/2016\/02\/ball_ro.gif\" alt=\"\" border=\"0\" \/> Il n&rsquo;y a pas n\u00e9cessairement de \u00ab\u00a0codes\u00a0\u00bb au sens commun, le texte en question se \u00ab\u00a0code\u00a0\u00bb lui-m\u00eame naturellement de par sa \u00ab\u00a0profondeur\u00a0\u00bb (niveau de conscience de l&rsquo;auteur), et ceci se manifeste gr\u00e2ce aux ph\u00e9nom\u00e8nes de la <a href=\"http:\/\/www.ac-am.fr\/index.php\/1998\/07\/31\/la-comprehension-entre-les-hommes\/\">\u00ab\u00a0relativit\u00e9 de la communication\u00a0\u00bb<\/a>, c&rsquo;est-\u00e0-dire que personne ne per\u00e7oit exactement la m\u00eame chose bien qu&rsquo;il peut lire un m\u00eame texte. \u00c9videmment, cela s&rsquo;applique \u00e9galement (avec moins de nuances cependant) aux \u00e9crits communs, car en tout temps les mots ne font pas resurgir exactement la m\u00eame id\u00e9e pour chacun, mais lorsqu&rsquo;il s&rsquo;agit d&rsquo;un texte \u00ab\u00a0intelligent\u00a0\u00bb, les diff\u00e9rences sont plus prononc\u00e9es car la plupart des gens auront des perceptions plus ou moins diff\u00e9rentes, mais toutes au \u00ab\u00a0premier niveau\u00a0\u00bb de compr\u00e9hension. Les plus intellectuels, capteront le \u00ab\u00a02i\u00e8me niveau\u00a0\u00bb de compr\u00e9hension que nous appelons plus commun\u00e9ment \u00ab\u00a0lire entre les lignes\u00a0\u00bb mais toujours avec des perceptions plus ou moins diff\u00e9rentes pour chacun.<\/span><\/p>\n<p> <span class=\"gmoyen\"><img decoding=\"async\" src=\"http:\/\/www.ac-am.fr\/wp-content\/uploads\/2016\/02\/ball_ro.gif\" alt=\"\" border=\"0\" \/> Ceux qui per\u00e7oivent le \u00ab\u00a03i\u00e8me niveau\u00a0\u00bb de compr\u00e9hension sont seulement les premiers \u00e0 vraiment comprendre le v\u00e9ritable sens de l&rsquo;\u00e9crit , et ce n&rsquo;est pas encore le sens le plus profond car il s&rsquo;en suit alors une \u00ab\u00a0\u00e9ternelle spirale\u00a0\u00bb dont ces personnes comprendront, \u00ab\u00a0d\u00e9coderont\u00a0\u00bb de plus en plus profond\u00e9ment le texte en le relisant, \u00e0 mesure que leur conscience se d\u00e9veloppera.<\/span><\/p>\n<p> <span class=\"gmoyen\"><img decoding=\"async\" src=\"http:\/\/www.ac-am.fr\/wp-content\/uploads\/2016\/02\/ball_ro.gif\" alt=\"\" border=\"0\" \/> Mais il y aura toujours de subtiles \u00ab\u00a0nuances\u00a0\u00bb de compr\u00e9hension entre les personnes puisque :<\/span><\/p>\n<p class=\"retrait\"><span class=\"gmoyen\">\u00ab\u00a0TOUT EST UNIQUE ET MULTIPLE\u00a0\u00bb et \u00ab\u00a0TOUT EST MULTIPLE ET UNIQUE\u00a0\u00bb \u00e0 la fois !<\/span><\/p>\n<p><span class=\"gmoyen\"><img decoding=\"async\" src=\"http:\/\/www.ac-am.fr\/wp-content\/uploads\/2016\/02\/ball_ro.gif\" alt=\"\" border=\"0\" \/> Le \u00ab\u00a0tout\u00a0\u00bb et \u00ab\u00a0l&rsquo;unique\u00a0\u00bb sont des oppos\u00e9s, mais ils cohabitent simultan\u00e9ment, et le simple \u00e9crit que vous lisez \u00e0 pr\u00e9sent le prouve, car les textes \u00ab\u00a0occultes\u00a0\u00bb ou \u00ab\u00a0sacr\u00e9s\u00a0\u00bb sont donc \u00ab\u00a0cod\u00e9s\u00a0\u00bb et \u00ab\u00a0non cod\u00e9s\u00a0\u00bb simultan\u00e9ment !, comprenez-vous bien ? (d\u00e9codez-vous ?).<\/span><\/p>\n<p> <span class=\"gmoyen\"><img decoding=\"async\" src=\"http:\/\/www.ac-am.fr\/wp-content\/uploads\/2016\/02\/ball_ro.gif\" alt=\"\" border=\"0\" \/> Plusieurs lecteurs ne comprendront pas ne sachant pas \u00ab\u00a0percer\u00a0\u00bb les mots et les autres, les \u00ab\u00a0plus conscients\u00a0\u00bb percevront l&rsquo;unique sens profond, mais d&rsquo;une mani\u00e8re diff\u00e9rente. Ne sommes-nous pas tous diff\u00e9rents ? (l&rsquo;auteur ne code rien, tout s&rsquo;effectue naturellement).<\/span><\/p>\n<p> <span class=\"gmoyen\"><img decoding=\"async\" src=\"http:\/\/www.ac-am.fr\/wp-content\/uploads\/2016\/02\/ball_ro.gif\" alt=\"\" border=\"0\" \/> Comprendre le myst\u00e8re des oppos\u00e9s, est le summum de la compr\u00e9hension mentale ou \u00ab\u00a0analytique\u00a0\u00bb (ce n&rsquo;est pas ce que j&rsquo;\u00e9cris qui importe, mais votre \u00ab\u00a0perception\u00a0\u00bb).<\/span><\/p>\n<p class=\"retrait\"><span class=\"gmoyen\">\u00ab\u00a0IL N&rsquo;Y A QU&rsquo;UN UNIQUE PRINCIPE, QUI S&rsquo;EXPRIME DE DIFF\u00c9RENTES FA\u00c7ONS\u00a0\u00bb. Ceci est une \u00ab\u00a0clef\u00a0\u00bb magique ! \u00ab\u00a0PROBL\u00c8ME DE PERCEPTION\u00a0\u00bb<\/span><\/p>\n<p><span class=\"gmoyen\"><img decoding=\"async\" src=\"http:\/\/www.ac-am.fr\/wp-content\/uploads\/2016\/02\/ball_ro.gif\" alt=\"\" border=\"0\" \/> Il n&rsquo;y a pas la \u00ab\u00a0lumi\u00e8re\u00a0\u00bb et son contraire \u00ab\u00a0l&rsquo;obscurit\u00e9\u00a0\u00bb, il y a la lumi\u00e8re c&rsquo;est tout. L&rsquo;obscurit\u00e9 fait partie de la \u00ab\u00a0lumi\u00e8re\u00a0\u00bb. \u00ab\u00a0L&rsquo;unique lumi\u00e8re\u00a0\u00bb est compos\u00e9e de 2 \u00e9l\u00e9ments, le \u00ab\u00a0blanc\u00a0\u00bb, le \u00ab\u00a0tout\u00a0\u00bb, la multitude de couleurs&#8230; Et du \u00ab\u00a0noir\u00a0\u00bb, l&rsquo;unique absence de couleurs !, qui forme lui-m\u00eame une \u00ab\u00a0couleur\u00a0\u00bb et qui de plus, est indispensable pour la \u00ab\u00a0vue\u00a0\u00bb de la multitude de couleurs parce que c&rsquo;est lui qui fait les \u00ab\u00a0tons\u00a0\u00bb et les \u00ab\u00a0contrastes\u00a0\u00bb etc\u2026<\/span><\/p>\n<p> <span class=\"gmoyen\"><img decoding=\"async\" src=\"http:\/\/www.ac-am.fr\/wp-content\/uploads\/2016\/02\/ball_ro.gif\" alt=\"\" border=\"0\" \/> Tout est un probl\u00e8me de perception et notre perception est directement li\u00e9e \u00e0 notre \u00ab\u00a0niveau de conscience\u00a0\u00bb, le niveau de conscience plan\u00e9taire est arr\u00eat\u00e9 au chiffre 2, \u00e0 la dualit\u00e9, elle ne voit pas le \u00ab\u00a0tout\u00a0\u00bb. La \u00ab\u00a0division\u00a0\u00bb, n&rsquo;a pas r\u00e9solue le myst\u00e8re des oppos\u00e9s.<\/span><\/p>\n<p> <span class=\"gmoyen\"><img decoding=\"async\" src=\"http:\/\/www.ac-am.fr\/wp-content\/uploads\/2016\/02\/ball_ro.gif\" alt=\"\" border=\"0\" \/> Il n&rsquo;y a pas d&rsquo;oppos\u00e9, c&rsquo;est nous qui les opposons de par notre perception. Les mots \u00ab\u00a0oppos\u00e9\u00a0\u00bb et \u00ab\u00a0contraire\u00a0\u00bb suscitent en nous des \u00ab\u00a0id\u00e9es\u00a0\u00bb que NOUS leurs avons attribu\u00e9s. Il convient de changer notre perception;<\/span><\/p>\n<p> <span class=\"gmoyen\"><img decoding=\"async\" src=\"http:\/\/www.ac-am.fr\/wp-content\/uploads\/2016\/02\/ball_ro.gif\" alt=\"\" border=\"0\" \/> Il y a la lumi\u00e8re (2) qui est compos\u00e9e de tout (couleurs) (1) et de rien (noir, obscurit\u00e9) (0). Tout ce qui est, est donc (3) et c&rsquo;est ici que commence le myst\u00e8re de la \u00ab\u00a0trinit\u00e9\u00a0\u00bb.<\/span><\/p>\n<p> <span class=\"gmoyen\"><img decoding=\"async\" src=\"http:\/\/www.ac-am.fr\/wp-content\/uploads\/2016\/02\/ball_ro.gif\" alt=\"\" border=\"0\" \/> Tout ce qui est form\u00e9 de (2)&#8230; qui sont&#8230; (1) et (0)\u2026 0+1+2=&#8230;3 !!!. Remarquez qu&rsquo;en g\u00e9om\u00e9trie, la premi\u00e8re forme stable est une forme poss\u00e9dant 3 lignes&#8230; le triangle.<\/span><\/p>\n<p> <span class=\"gmoyen\"><img decoding=\"async\" src=\"http:\/\/www.ac-am.fr\/wp-content\/uploads\/2016\/02\/ball_ro.gif\" alt=\"\" border=\"0\" \/> \u00ab\u00a0Tout\u00a0\u00bb et \u00ab\u00a0rien\u00a0\u00bb ne sont en fait que LES PERCEPTIONS LES PLUS DIAM\u00c9TRALEMENT OPPOS\u00c9ES de la seule et unique \u00ab\u00a0chose\u00a0\u00bb. Mais c&rsquo;est qu&rsquo;il n&rsquo;y a pas de mots pour d\u00e9signer \u00ab\u00a0l&rsquo;id\u00e9e\u00a0\u00bb de l&rsquo;unique \u00ab\u00a0chose\u00a0\u00bb. Ce que je veux dire c&rsquo;est qu&rsquo;en fait il y a\u2026 Inventons un mot&#8230; La \u00ab\u00a0vraie lumi\u00e8re\u00a0\u00bb qui est faite de lumi\u00e8re et d&rsquo;obscurit\u00e9. Donc lorsqu&rsquo;un auteur \u00ab\u00a0mystique\u00a0\u00bb parle de lumi\u00e8re, de quelle lumi\u00e8re parle-t-il ?<\/span><\/p>\n<p> <span class=\"gmoyen\"><img decoding=\"async\" src=\"http:\/\/www.ac-am.fr\/wp-content\/uploads\/2016\/02\/ball_ro.gif\" alt=\"\" border=\"0\" \/> Voici la trinit\u00e9 : le p\u00e8re, le fils et le saint esprit. Mais y a-t-il vraiment un \u00ab\u00a0p\u00e8re\u00a0\u00bb et un \u00ab\u00a0fils\u00a0\u00bb et un \u00ab\u00a0saint esprit\u00a0\u00bb ? c&rsquo;est un bel exemple de langage \u00ab\u00a0cod\u00e9\u00a0\u00bb&#8230; \u00c0 chacun sa perception mais quel que soit cette phrase elle exprime une v\u00e9rit\u00e9.<\/span><\/p>\n<p> <span class=\"gmoyen\"><img decoding=\"async\" src=\"http:\/\/www.ac-am.fr\/wp-content\/uploads\/2016\/02\/ball_ro.gif\" alt=\"\" border=\"0\" \/> Puisque \u00ab\u00a0l&rsquo;unique\u00a0\u00bb principe s&rsquo;exprime par \u00ab\u00a0multitude\u00a0\u00bb l&rsquo;unique est pr\u00e9sent dans chacune de ses parties et chacune de ses parties est pr\u00e9sente en lui. Donc tout ce qui \u00ab\u00a0est\u00a0\u00bb contient 1 et est 1, contient 2 et est 2, contient 3 et est 3.<\/span><\/p>\n<p> <span class=\"gmoyen\"><img decoding=\"async\" src=\"http:\/\/www.ac-am.fr\/wp-content\/uploads\/2016\/02\/ball_ro.gif\" alt=\"\" border=\"0\" \/> Donc, Dieu existe et n&rsquo;existe pas, simultan\u00e9ment et forme ? l&rsquo;amour existe et n&rsquo;existe pas, simultan\u00e9ment et forme ? La vie est et n&rsquo;est pas, simultan\u00e9ment et forme ? Le hasard existe mais n&rsquo;existe pas, simultan\u00e9ment et forme ? Certains \u00e9crits sont \u00ab\u00a0cod\u00e9s\u00a0\u00bb mais ne le sont pas, simultan\u00e9ment et forment ? La \u00ab\u00a0magie\u00a0\u00bb existe mais n&rsquo;existe pas, existe plus lorsque nous \u00ab\u00a0comprenons\u00a0\u00bb alors toute magie dispara\u00eet, mais ce qui est fantastique, c&rsquo;est que tout ceci est magique&#8230;<\/span><\/p>\n<p> <span class=\"gmoyen\"><img decoding=\"async\" src=\"http:\/\/www.ac-am.fr\/wp-content\/uploads\/2016\/02\/ball_ro.gif\" alt=\"\" border=\"0\" \/> Un dernier exemple : \u00ab\u00a0tout\u00a0\u00bb change mais rien ne change, puisque dans notre univers si tout est en perp\u00e9tuel changement (l&rsquo;environnement, le corps, les objets) rien n&rsquo;est immuable tout est constamment toujours entrain de changer, c&rsquo;est alors dire que rien ne change ! Le vrai changement serait d&rsquo;arr\u00eater de changer. Tout d\u00e9pend de notre perception du mot \u00ab\u00a0changer\u00a0\u00bb.<\/span><\/p>\n<p> <span class=\"gmoyen\"><img decoding=\"async\" src=\"http:\/\/www.ac-am.fr\/wp-content\/uploads\/2016\/02\/ball_ro.gif\" alt=\"\" border=\"0\" \/> Tout est perception et la perception de la majorit\u00e9 est une perception&#8230;\u00a0\u00bbbas de gamme\u00a0\u00bb : ((2), dualit\u00e9). Pourquoi pensez-vous que quelqu&rsquo;un de brillant r\u00e9ussit \u00e0 r\u00e9soudre un certain probl\u00e8me que d&rsquo;autres ne r\u00e9ussissent pas \u00e0 r\u00e9gler ? N\u00e9cessairement c&rsquo;est parce qu&rsquo;il n&rsquo;a pas la m\u00eame perception du probl\u00e8me !<\/span><\/p>\n<p> <span class=\"gmoyen\"><img decoding=\"async\" src=\"http:\/\/www.ac-am.fr\/wp-content\/uploads\/2016\/02\/ball_ro.gif\" alt=\"\" border=\"0\" \/> Pour percevoir (PERCER, VOIR !) il faut percer le voile de l&rsquo;illusion et cela ne se fait qu&rsquo;en osant d\u00e9placer notre \u00ab\u00a0point d&rsquo;assemblage\u00a0\u00bb de notre confortable r\u00e9alit\u00e9 habituelle et de ce fait :<\/span><\/p>\n<p class=\"retrait\"><span class=\"gmoyen\">TOUT ALORS CHANGERA&#8230; MAIS EN R\u00c9ALIT\u00c9, RIEN N&rsquo;AURA CHANG\u00c9&#8230; NOUS AURONS CHANG\u00c9&#8230; (cette phrase est une clef en elle-m\u00eame).<\/span><\/p>\n<p><span class=\"gmoyen\"><img decoding=\"async\" src=\"http:\/\/www.ac-am.fr\/wp-content\/uploads\/2016\/02\/ball_ro.gif\" alt=\"\" border=\"0\" \/> Disons que la perception de \u00ab\u00a0lire entre les lignes\u00a0\u00bb est une perception \u00ab\u00a0moyenne\u00a0\u00bb et que lorsque l&rsquo;on commence \u00e0 percevoir, \u00e0 comprendre le \u00ab\u00a0ternaire\u00a0\u00bb (3, trinit\u00e9) nous tombons dans la premi\u00e8re perception \u00ab\u00a0haut de gamme\u00a0\u00bb, mais il y a encore bien plus\u2026 4,5,6,7,8,9.<\/span><\/p>\n<p> <span class=\"gmoyen\"><img decoding=\"async\" src=\"http:\/\/www.ac-am.fr\/wp-content\/uploads\/2016\/02\/ball_ro.gif\" alt=\"\" border=\"0\" \/> Math\u00e9matiquement, tout ce qui est, est compos\u00e9 de 0 \u00e0 9 et le chiffre 10 est la Fin\u2026 Mais la fin contient le d\u00e9but, 10 s&rsquo;\u00e9crit 1, tout et 0, rien. Le 10 est un \u00ab\u00a0cycle\u00a0\u00bb complet, une \u00ab\u00a0mort\u00a0\u00bb, donc une \u00ab\u00a0naissance\u00a0\u00bb ! Pour v\u00e9rifier si nos perceptions personnelles ne sont pas que pures \u00ab\u00a0fantasmes\u00a0\u00bb, nous n&rsquo;avons qu&rsquo;\u00e0 les v\u00e9rifier par analogie car tout est pareil, mais exprim\u00e9 de diff\u00e9rentes fa\u00e7ons.<\/span><\/p>\n<p> <span class=\"gmoyen\"><img decoding=\"async\" src=\"http:\/\/www.ac-am.fr\/wp-content\/uploads\/2016\/02\/ball_ro.gif\" alt=\"\" border=\"0\" \/> La gestation chez la femme ne dure-t-elle pas 9 mois et au dixi\u00e8me, c&rsquo;est la naissance\u2026 Les multiples couleurs ne sont-elles pas form\u00e9es de 3 couleurs primaires ! Le chiffre 4, lui repr\u00e9sente le \u00ab\u00a0corps\u00a0\u00bb, \u00ab\u00a0l&rsquo;environnement\u00a0\u00bb.<\/span><\/p>\n<p class=\"retrait\"><span class=\"gmoyen\">\u00ab\u00a0TOUT EST PAREIL MAIS DIFF\u00c9REMMENT EXPRIM\u00c9\u00a0\u00bb est une des clefs de la perception. Alors TOUT EST DIFF\u00c9REMMENT PER\u00c7U&#8230; Tout d\u00e9pendant des gens, des sciences ou des arts\u2026<\/span><\/p>\n<p class=\"retrait\"><span class=\"gmoyen\">\u00ab\u00a0TOUT EST\u00a0\u00bb et \u00ab\u00a0RIEN N&rsquo;EST PAS\u00a0\u00bb<\/span><\/p>\n<p><span class=\"gmoyen\"><i>[<a href=\"boites.htm#Mage_Guerrier01\">Le Mage-Guerrier &#8211; le 23-08-98<\/a>]<\/i><\/span><\/td>\n<\/tr>\n<\/tbody>\n<\/table>\n<\/td>\n<\/tr>\n<\/tbody>\n<\/table>\n<\/div>\n<div style=\"padding-bottom:20px; padding-top:10px;\" class=\"hupso-share-buttons\"><!-- Hupso Share Buttons - https:\/\/www.hupso.com\/share\/ --><a class=\"hupso_toolbar\" href=\"https:\/\/www.hupso.com\/share\/\"><img decoding=\"async\" src=\"https:\/\/static.hupso.com\/share\/buttons\/lang\/fr\/share.png\" style=\"border:0px; padding-top: 5px; float:left;\" alt=\"Share Button\"\/><\/a><script type=\"text\/javascript\">var hupso_services_t=new Array(\"Twitter\",\"Facebook\",\"Google Plus\");var hupso_background_t=\"#EAF4FF\";var hupso_border_t=\"#66CCFF\";var hupso_toolbar_size_t=\"big\";var hupso_image_folder_url = \"\";var hupso_url_t=\"\";var hupso_title_t=\"%C3%89crits%20cod%C3%A9s%2C%20niveaux%20de%20conscience%2C%20r%C3%A9union%20d%27oppos%C3%A9s.\";<\/script><script type=\"text\/javascript\" src=\"https:\/\/static.hupso.com\/share\/js\/share_toolbar.js\"><\/script><!-- Hupso Share Buttons --><\/div>","protected":false},"excerpt":{"rendered":"<p>\u00c9crits cod\u00e9s, niveaux de conscience, r\u00e9union d&rsquo;oppos\u00e9s. Il est dit que certains textes \u00ab\u00a0sacr\u00e9s\u00a0\u00bb ou&#8230;<\/p>\n","protected":false},"author":92,"featured_media":0,"comment_status":"closed","ping_status":"open","sticky":false,"template":"","format":"standard","meta":{"footnotes":""},"categories":[231],"tags":[],"class_list":["post-3007","post","type-post","status-publish","format-standard","hentry","category-1998-destin"],"yoast_head":"<!-- This site is optimized with the Yoast SEO plugin v26.9 - https:\/\/yoast.com\/product\/yoast-seo-wordpress\/ -->\n<title>\u00c9crits cod\u00e9s, niveaux de conscience, r\u00e9union d&#039;oppos\u00e9s. - Autre Conscience, Autre Monde<\/title>\n<meta name=\"robots\" content=\"index, follow, max-snippet:-1, max-image-preview:large, max-video-preview:-1\" \/>\n<link rel=\"canonical\" href=\"https:\/\/www.ac-am.fr\/index.php\/1998\/08\/23\/ecrits-codes-niveaux-de-conscience-reunion-dopposes\/\" \/>\n<meta property=\"og:locale\" content=\"fr_FR\" \/>\n<meta property=\"og:type\" content=\"article\" \/>\n<meta property=\"og:title\" content=\"\u00c9crits cod\u00e9s, niveaux de conscience, r\u00e9union d&#039;oppos\u00e9s. - Autre Conscience, Autre Monde\" \/>\n<meta property=\"og:description\" content=\"\u00c9crits cod\u00e9s, niveaux de conscience, r\u00e9union d&rsquo;oppos\u00e9s. Il est dit que certains textes \u00ab\u00a0sacr\u00e9s\u00a0\u00bb ou...\" \/>\n<meta property=\"og:url\" content=\"https:\/\/www.ac-am.fr\/index.php\/1998\/08\/23\/ecrits-codes-niveaux-de-conscience-reunion-dopposes\/\" \/>\n<meta property=\"og:site_name\" content=\"Autre Conscience, Autre Monde\" \/>\n<meta property=\"article:publisher\" content=\"https:\/\/fr-fr.facebook.com\/claude.acam\/\" \/>\n<meta property=\"article:published_time\" content=\"1998-08-23T20:29:48+00:00\" \/>\n<meta property=\"article:modified_time\" content=\"2016-02-29T09:03:59+00:00\" \/>\n<meta property=\"og:image\" content=\"http:\/\/www.ac-am.fr\/wp-content\/uploads\/2015\/09\/barre_vt.gif\" \/>\n<meta name=\"author\" content=\"Le Mage Guerrier\" \/>\n<meta name=\"twitter:card\" content=\"summary_large_image\" \/>\n<meta name=\"twitter:label1\" content=\"\u00c9crit par\" \/>\n\t<meta name=\"twitter:data1\" content=\"Le Mage Guerrier\" \/>\n\t<meta name=\"twitter:label2\" content=\"Dur\u00e9e de lecture estim\u00e9e\" \/>\n\t<meta name=\"twitter:data2\" content=\"7 minutes\" \/>\n<script type=\"application\/ld+json\" class=\"yoast-schema-graph\">{\"@context\":\"https:\/\/schema.org\",\"@graph\":[{\"@type\":\"Article\",\"@id\":\"https:\/\/www.ac-am.fr\/index.php\/1998\/08\/23\/ecrits-codes-niveaux-de-conscience-reunion-dopposes\/#article\",\"isPartOf\":{\"@id\":\"https:\/\/www.ac-am.fr\/index.php\/1998\/08\/23\/ecrits-codes-niveaux-de-conscience-reunion-dopposes\/\"},\"author\":{\"name\":\"Le Mage Guerrier\",\"@id\":\"https:\/\/www.ac-am.fr\/#\/schema\/person\/6b0f5d587e06c896140aee8ba5a142f2\"},\"headline\":\"\u00c9crits cod\u00e9s, niveaux de conscience, r\u00e9union d&rsquo;oppos\u00e9s.\",\"datePublished\":\"1998-08-23T20:29:48+00:00\",\"dateModified\":\"2016-02-29T09:03:59+00:00\",\"mainEntityOfPage\":{\"@id\":\"https:\/\/www.ac-am.fr\/index.php\/1998\/08\/23\/ecrits-codes-niveaux-de-conscience-reunion-dopposes\/\"},\"wordCount\":1440,\"publisher\":{\"@id\":\"https:\/\/www.ac-am.fr\/#organization\"},\"image\":{\"@id\":\"https:\/\/www.ac-am.fr\/index.php\/1998\/08\/23\/ecrits-codes-niveaux-de-conscience-reunion-dopposes\/#primaryimage\"},\"thumbnailUrl\":\"http:\/\/www.ac-am.fr\/wp-content\/uploads\/2015\/09\/barre_vt.gif\",\"articleSection\":[\"1998 \u2013 DESTIN\"],\"inLanguage\":\"fr-FR\"},{\"@type\":\"WebPage\",\"@id\":\"https:\/\/www.ac-am.fr\/index.php\/1998\/08\/23\/ecrits-codes-niveaux-de-conscience-reunion-dopposes\/\",\"url\":\"https:\/\/www.ac-am.fr\/index.php\/1998\/08\/23\/ecrits-codes-niveaux-de-conscience-reunion-dopposes\/\",\"name\":\"\u00c9crits cod\u00e9s, niveaux de conscience, r\u00e9union d'oppos\u00e9s. - Autre Conscience, Autre Monde\",\"isPartOf\":{\"@id\":\"https:\/\/www.ac-am.fr\/#website\"},\"primaryImageOfPage\":{\"@id\":\"https:\/\/www.ac-am.fr\/index.php\/1998\/08\/23\/ecrits-codes-niveaux-de-conscience-reunion-dopposes\/#primaryimage\"},\"image\":{\"@id\":\"https:\/\/www.ac-am.fr\/index.php\/1998\/08\/23\/ecrits-codes-niveaux-de-conscience-reunion-dopposes\/#primaryimage\"},\"thumbnailUrl\":\"http:\/\/www.ac-am.fr\/wp-content\/uploads\/2015\/09\/barre_vt.gif\",\"datePublished\":\"1998-08-23T20:29:48+00:00\",\"dateModified\":\"2016-02-29T09:03:59+00:00\",\"breadcrumb\":{\"@id\":\"https:\/\/www.ac-am.fr\/index.php\/1998\/08\/23\/ecrits-codes-niveaux-de-conscience-reunion-dopposes\/#breadcrumb\"},\"inLanguage\":\"fr-FR\",\"potentialAction\":[{\"@type\":\"ReadAction\",\"target\":[\"https:\/\/www.ac-am.fr\/index.php\/1998\/08\/23\/ecrits-codes-niveaux-de-conscience-reunion-dopposes\/\"]}]},{\"@type\":\"ImageObject\",\"inLanguage\":\"fr-FR\",\"@id\":\"https:\/\/www.ac-am.fr\/index.php\/1998\/08\/23\/ecrits-codes-niveaux-de-conscience-reunion-dopposes\/#primaryimage\",\"url\":\"https:\/\/www.ac-am.fr\/wp-content\/uploads\/2015\/09\/barre_vt.gif\",\"contentUrl\":\"https:\/\/www.ac-am.fr\/wp-content\/uploads\/2015\/09\/barre_vt.gif\",\"width\":550,\"height\":7,\"caption\":\"Barre verte\"},{\"@type\":\"BreadcrumbList\",\"@id\":\"https:\/\/www.ac-am.fr\/index.php\/1998\/08\/23\/ecrits-codes-niveaux-de-conscience-reunion-dopposes\/#breadcrumb\",\"itemListElement\":[{\"@type\":\"ListItem\",\"position\":1,\"name\":\"Accueil\",\"item\":\"https:\/\/www.ac-am.fr\/\"},{\"@type\":\"ListItem\",\"position\":2,\"name\":\"\u00c9crits cod\u00e9s, niveaux de conscience, r\u00e9union d&rsquo;oppos\u00e9s.\"}]},{\"@type\":\"WebSite\",\"@id\":\"https:\/\/www.ac-am.fr\/#website\",\"url\":\"https:\/\/www.ac-am.fr\/\",\"name\":\"Autre Conscience, Autre Monde\",\"description\":\"\",\"publisher\":{\"@id\":\"https:\/\/www.ac-am.fr\/#organization\"},\"potentialAction\":[{\"@type\":\"SearchAction\",\"target\":{\"@type\":\"EntryPoint\",\"urlTemplate\":\"https:\/\/www.ac-am.fr\/?s={search_term_string}\"},\"query-input\":{\"@type\":\"PropertyValueSpecification\",\"valueRequired\":true,\"valueName\":\"search_term_string\"}}],\"inLanguage\":\"fr-FR\"},{\"@type\":\"Organization\",\"@id\":\"https:\/\/www.ac-am.fr\/#organization\",\"name\":\"Autre Conscience, Autre Monde\",\"url\":\"https:\/\/www.ac-am.fr\/\",\"logo\":{\"@type\":\"ImageObject\",\"inLanguage\":\"fr-FR\",\"@id\":\"https:\/\/www.ac-am.fr\/#\/schema\/logo\/image\/\",\"url\":\"https:\/\/www.ac-am.fr\/wp-content\/uploads\/2015\/10\/bd_ac_am.gif\",\"contentUrl\":\"https:\/\/www.ac-am.fr\/wp-content\/uploads\/2015\/10\/bd_ac_am.gif\",\"width\":370,\"height\":65,\"caption\":\"Autre Conscience, Autre Monde\"},\"image\":{\"@id\":\"https:\/\/www.ac-am.fr\/#\/schema\/logo\/image\/\"},\"sameAs\":[\"https:\/\/fr-fr.facebook.com\/claude.acam\/\",\"https:\/\/www.youtube.com\/user\/consciencemonde\"]},{\"@type\":\"Person\",\"@id\":\"https:\/\/www.ac-am.fr\/#\/schema\/person\/6b0f5d587e06c896140aee8ba5a142f2\",\"name\":\"Le Mage Guerrier\",\"image\":{\"@type\":\"ImageObject\",\"inLanguage\":\"fr-FR\",\"@id\":\"https:\/\/www.ac-am.fr\/#\/schema\/person\/image\/\",\"url\":\"https:\/\/secure.gravatar.com\/avatar\/012995efb89c3438d6e0c59381effb977b7ce6666c954bdb22fcad37933f0a01?s=96&d=identicon&r=g\",\"contentUrl\":\"https:\/\/secure.gravatar.com\/avatar\/012995efb89c3438d6e0c59381effb977b7ce6666c954bdb22fcad37933f0a01?s=96&d=identicon&r=g\",\"caption\":\"Le Mage Guerrier\"},\"url\":\"https:\/\/www.ac-am.fr\/index.php\/author\/le-mage-guerrier\/\"}]}<\/script>\n<!-- \/ Yoast SEO plugin. -->","yoast_head_json":{"title":"\u00c9crits cod\u00e9s, niveaux de conscience, r\u00e9union d'oppos\u00e9s. - Autre Conscience, Autre Monde","robots":{"index":"index","follow":"follow","max-snippet":"max-snippet:-1","max-image-preview":"max-image-preview:large","max-video-preview":"max-video-preview:-1"},"canonical":"https:\/\/www.ac-am.fr\/index.php\/1998\/08\/23\/ecrits-codes-niveaux-de-conscience-reunion-dopposes\/","og_locale":"fr_FR","og_type":"article","og_title":"\u00c9crits cod\u00e9s, niveaux de conscience, r\u00e9union d'oppos\u00e9s. - Autre Conscience, Autre Monde","og_description":"\u00c9crits cod\u00e9s, niveaux de conscience, r\u00e9union d&rsquo;oppos\u00e9s. Il est dit que certains textes \u00ab\u00a0sacr\u00e9s\u00a0\u00bb ou...","og_url":"https:\/\/www.ac-am.fr\/index.php\/1998\/08\/23\/ecrits-codes-niveaux-de-conscience-reunion-dopposes\/","og_site_name":"Autre Conscience, Autre Monde","article_publisher":"https:\/\/fr-fr.facebook.com\/claude.acam\/","article_published_time":"1998-08-23T20:29:48+00:00","article_modified_time":"2016-02-29T09:03:59+00:00","og_image":[{"url":"http:\/\/www.ac-am.fr\/wp-content\/uploads\/2015\/09\/barre_vt.gif","type":"","width":"","height":""}],"author":"Le Mage Guerrier","twitter_card":"summary_large_image","twitter_misc":{"\u00c9crit par":"Le Mage Guerrier","Dur\u00e9e de lecture estim\u00e9e":"7 minutes"},"schema":{"@context":"https:\/\/schema.org","@graph":[{"@type":"Article","@id":"https:\/\/www.ac-am.fr\/index.php\/1998\/08\/23\/ecrits-codes-niveaux-de-conscience-reunion-dopposes\/#article","isPartOf":{"@id":"https:\/\/www.ac-am.fr\/index.php\/1998\/08\/23\/ecrits-codes-niveaux-de-conscience-reunion-dopposes\/"},"author":{"name":"Le Mage Guerrier","@id":"https:\/\/www.ac-am.fr\/#\/schema\/person\/6b0f5d587e06c896140aee8ba5a142f2"},"headline":"\u00c9crits cod\u00e9s, niveaux de conscience, r\u00e9union d&rsquo;oppos\u00e9s.","datePublished":"1998-08-23T20:29:48+00:00","dateModified":"2016-02-29T09:03:59+00:00","mainEntityOfPage":{"@id":"https:\/\/www.ac-am.fr\/index.php\/1998\/08\/23\/ecrits-codes-niveaux-de-conscience-reunion-dopposes\/"},"wordCount":1440,"publisher":{"@id":"https:\/\/www.ac-am.fr\/#organization"},"image":{"@id":"https:\/\/www.ac-am.fr\/index.php\/1998\/08\/23\/ecrits-codes-niveaux-de-conscience-reunion-dopposes\/#primaryimage"},"thumbnailUrl":"http:\/\/www.ac-am.fr\/wp-content\/uploads\/2015\/09\/barre_vt.gif","articleSection":["1998 \u2013 DESTIN"],"inLanguage":"fr-FR"},{"@type":"WebPage","@id":"https:\/\/www.ac-am.fr\/index.php\/1998\/08\/23\/ecrits-codes-niveaux-de-conscience-reunion-dopposes\/","url":"https:\/\/www.ac-am.fr\/index.php\/1998\/08\/23\/ecrits-codes-niveaux-de-conscience-reunion-dopposes\/","name":"\u00c9crits cod\u00e9s, niveaux de conscience, r\u00e9union d'oppos\u00e9s. - Autre Conscience, Autre Monde","isPartOf":{"@id":"https:\/\/www.ac-am.fr\/#website"},"primaryImageOfPage":{"@id":"https:\/\/www.ac-am.fr\/index.php\/1998\/08\/23\/ecrits-codes-niveaux-de-conscience-reunion-dopposes\/#primaryimage"},"image":{"@id":"https:\/\/www.ac-am.fr\/index.php\/1998\/08\/23\/ecrits-codes-niveaux-de-conscience-reunion-dopposes\/#primaryimage"},"thumbnailUrl":"http:\/\/www.ac-am.fr\/wp-content\/uploads\/2015\/09\/barre_vt.gif","datePublished":"1998-08-23T20:29:48+00:00","dateModified":"2016-02-29T09:03:59+00:00","breadcrumb":{"@id":"https:\/\/www.ac-am.fr\/index.php\/1998\/08\/23\/ecrits-codes-niveaux-de-conscience-reunion-dopposes\/#breadcrumb"},"inLanguage":"fr-FR","potentialAction":[{"@type":"ReadAction","target":["https:\/\/www.ac-am.fr\/index.php\/1998\/08\/23\/ecrits-codes-niveaux-de-conscience-reunion-dopposes\/"]}]},{"@type":"ImageObject","inLanguage":"fr-FR","@id":"https:\/\/www.ac-am.fr\/index.php\/1998\/08\/23\/ecrits-codes-niveaux-de-conscience-reunion-dopposes\/#primaryimage","url":"https:\/\/www.ac-am.fr\/wp-content\/uploads\/2015\/09\/barre_vt.gif","contentUrl":"https:\/\/www.ac-am.fr\/wp-content\/uploads\/2015\/09\/barre_vt.gif","width":550,"height":7,"caption":"Barre verte"},{"@type":"BreadcrumbList","@id":"https:\/\/www.ac-am.fr\/index.php\/1998\/08\/23\/ecrits-codes-niveaux-de-conscience-reunion-dopposes\/#breadcrumb","itemListElement":[{"@type":"ListItem","position":1,"name":"Accueil","item":"https:\/\/www.ac-am.fr\/"},{"@type":"ListItem","position":2,"name":"\u00c9crits cod\u00e9s, niveaux de conscience, r\u00e9union d&rsquo;oppos\u00e9s."}]},{"@type":"WebSite","@id":"https:\/\/www.ac-am.fr\/#website","url":"https:\/\/www.ac-am.fr\/","name":"Autre Conscience, Autre Monde","description":"","publisher":{"@id":"https:\/\/www.ac-am.fr\/#organization"},"potentialAction":[{"@type":"SearchAction","target":{"@type":"EntryPoint","urlTemplate":"https:\/\/www.ac-am.fr\/?s={search_term_string}"},"query-input":{"@type":"PropertyValueSpecification","valueRequired":true,"valueName":"search_term_string"}}],"inLanguage":"fr-FR"},{"@type":"Organization","@id":"https:\/\/www.ac-am.fr\/#organization","name":"Autre Conscience, Autre Monde","url":"https:\/\/www.ac-am.fr\/","logo":{"@type":"ImageObject","inLanguage":"fr-FR","@id":"https:\/\/www.ac-am.fr\/#\/schema\/logo\/image\/","url":"https:\/\/www.ac-am.fr\/wp-content\/uploads\/2015\/10\/bd_ac_am.gif","contentUrl":"https:\/\/www.ac-am.fr\/wp-content\/uploads\/2015\/10\/bd_ac_am.gif","width":370,"height":65,"caption":"Autre Conscience, Autre Monde"},"image":{"@id":"https:\/\/www.ac-am.fr\/#\/schema\/logo\/image\/"},"sameAs":["https:\/\/fr-fr.facebook.com\/claude.acam\/","https:\/\/www.youtube.com\/user\/consciencemonde"]},{"@type":"Person","@id":"https:\/\/www.ac-am.fr\/#\/schema\/person\/6b0f5d587e06c896140aee8ba5a142f2","name":"Le Mage Guerrier","image":{"@type":"ImageObject","inLanguage":"fr-FR","@id":"https:\/\/www.ac-am.fr\/#\/schema\/person\/image\/","url":"https:\/\/secure.gravatar.com\/avatar\/012995efb89c3438d6e0c59381effb977b7ce6666c954bdb22fcad37933f0a01?s=96&d=identicon&r=g","contentUrl":"https:\/\/secure.gravatar.com\/avatar\/012995efb89c3438d6e0c59381effb977b7ce6666c954bdb22fcad37933f0a01?s=96&d=identicon&r=g","caption":"Le Mage Guerrier"},"url":"https:\/\/www.ac-am.fr\/index.php\/author\/le-mage-guerrier\/"}]}},"_links":{"self":[{"href":"https:\/\/www.ac-am.fr\/index.php\/wp-json\/wp\/v2\/posts\/3007","targetHints":{"allow":["GET"]}}],"collection":[{"href":"https:\/\/www.ac-am.fr\/index.php\/wp-json\/wp\/v2\/posts"}],"about":[{"href":"https:\/\/www.ac-am.fr\/index.php\/wp-json\/wp\/v2\/types\/post"}],"author":[{"embeddable":true,"href":"https:\/\/www.ac-am.fr\/index.php\/wp-json\/wp\/v2\/users\/92"}],"replies":[{"embeddable":true,"href":"https:\/\/www.ac-am.fr\/index.php\/wp-json\/wp\/v2\/comments?post=3007"}],"version-history":[{"count":4,"href":"https:\/\/www.ac-am.fr\/index.php\/wp-json\/wp\/v2\/posts\/3007\/revisions"}],"predecessor-version":[{"id":3012,"href":"https:\/\/www.ac-am.fr\/index.php\/wp-json\/wp\/v2\/posts\/3007\/revisions\/3012"}],"wp:attachment":[{"href":"https:\/\/www.ac-am.fr\/index.php\/wp-json\/wp\/v2\/media?parent=3007"}],"wp:term":[{"taxonomy":"category","embeddable":true,"href":"https:\/\/www.ac-am.fr\/index.php\/wp-json\/wp\/v2\/categories?post=3007"},{"taxonomy":"post_tag","embeddable":true,"href":"https:\/\/www.ac-am.fr\/index.php\/wp-json\/wp\/v2\/tags?post=3007"}],"curies":[{"name":"wp","href":"https:\/\/api.w.org\/{rel}","templated":true}]}}