{"id":3023,"date":"1999-02-27T14:34:04","date_gmt":"1999-02-27T13:34:04","guid":{"rendered":"https:\/\/www.ac-am.fr\/?p=3023"},"modified":"2016-03-16T09:20:59","modified_gmt":"2016-03-16T08:20:59","slug":"nostradamus-une-certaine-interpretation","status":"publish","type":"post","link":"https:\/\/www.ac-am.fr\/index.php\/1999\/02\/27\/nostradamus-une-certaine-interpretation\/","title":{"rendered":"Nostradamus, une certaine interpr\u00e9tation."},"content":{"rendered":"<div id=\"destin\" style=\"background-attachment: fixed; border: 2px solid #dfe6de; border-radius: 10px; opacity: 0.90;\">\n<table class=\"aligncenter\" style=\"width: 600px;\" border=\"0\">\n<tbody>\n<tr>\n<td>\n<table class=\"aligncenter\" style=\"width: 567px; height: 190px;\" border=\"0\">\n<tbody>\n<tr>\n<td><img decoding=\"async\" class=\"aligncenter\" src=\"http:\/\/www.ac-am.fr\/wp-content\/uploads\/2015\/09\/barre_vt.gif\" alt=\"\" border=\"0\" \/><\/td>\n<\/tr>\n<tr>\n<td style=\"text-align: left;\"><img loading=\"lazy\" decoding=\"async\" src=\"http:\/\/www.ac-am.fr\/wp-content\/uploads\/2015\/11\/retedest.gif\" alt=\"R\u00e9flexions et T\u00e9moignages\" width=\"380\" height=\"100\" border=\"0\" \/><img loading=\"lazy\" decoding=\"async\" src=\"http:\/\/www.ac-am.fr\/wp-content\/uploads\/2015\/10\/cal1999.gif\" alt=\"Ann\u00e9e 1999\" width=\"150\" height=\"100\" border=\"0\" \/><\/td>\n<\/tr>\n<tr>\n<td><img decoding=\"async\" class=\"aligncenter\" src=\"http:\/\/www.ac-am.fr\/wp-content\/uploads\/2015\/09\/barre_vt.gif\" alt=\"\" border=\"0\" \/><\/td>\n<\/tr>\n<\/tbody>\n<\/table>\n<table class=\"aligncenter\" style=\"width: 590px;\" border=\"0\">\n<tbody>\n<tr>\n<td><a name=\"Patrick01F_destin98_01\"><\/a><b class=\"ntitre1\">Nostradamus, une certaine interpr\u00e9tation.<\/b><\/td>\n<\/tr>\n<tr>\n<td colspan=\"2\"><img decoding=\"async\" class=\"aligncenter\" src=\"http:\/\/www.ac-am.fr\/wp-content\/uploads\/2015\/09\/barre_vt.gif\" alt=\"\" border=\"0\" \/><\/td>\n<\/tr>\n<tr>\n<td style=\"text-align: left;\"><span class=\"gmoyen\" style=\"color: #94ebbb;\"><i>Nostradamus &#8211; Quatrain X.72 :<\/i><\/span><\/p>\n<p class=\"retrait\"><span class=\"gmoyen\" style=\"color: #94ebbb;\"><i>\u00ab\u00a0L&rsquo;an mil neuf cent nonante neuf sept mois,<\/i><\/span><br \/>\n <span class=\"gmoyen\" style=\"color: #94ebbb;\"><i>Du ciel viendra un grand roy d&rsquo;effrayeur :<\/i><\/span><br \/>\n <span class=\"gmoyen\" style=\"color: #94ebbb;\"><i>Ressusciter le grand Roy d&rsquo;Angolmois,<\/i><\/span><br \/>\n <span class=\"gmoyen\" style=\"color: #94ebbb;\"><i>Avant apres Mars regner par bonheur.\u00a0\u00bb<\/i><\/span><\/p>\n<p><span class=\"gmoyen\"><u>Interpr\u00e9tation<\/u> : Quelques \u00e9l\u00e9ments de plus \u00e0 verser au dossier de l&rsquo;interpr\u00e9tation du plus c\u00e9l\u00e8bre quatrain de <a href=\"http:\/\/www.ac-am.fr\/index.php\/les-enseignants\/#Fontbrune\">Nostradamus.<\/a><\/span><\/p>\n<p> <span class=\"gmoyen\" style=\"color: #94ebbb;\"><u>1. La date<\/u> :<\/span><\/p>\n<p> <span class=\"gmoyen\"><img decoding=\"async\" src=\"http:\/\/www.ac-am.fr\/wp-content\/uploads\/2016\/02\/ball_ro.gif\" alt=\"\" border=\"0\" \/> Pour l&rsquo;ann\u00e9e, elle est d&rsquo;une limpidit\u00e9 \u00e9tonnante pour Nostradamus : 1999. C&rsquo;est la seule fois qu&rsquo;il donne une date, et il ne se donne surtout pas la peine de la coder ou de la cacher. C&rsquo;est un signe d&rsquo;importance. Par contre, pour le mois, attention &#8230; je crains le pi\u00e8ge : beaucoup on vu dans le \u00ab\u00a0sept mois\u00a0\u00bb le mois de juillet : erreur ! en fait, il faut lire \u00ab\u00a0septembre\u00a0\u00bb. En effet, le 11 ao\u00fbt, comme chacun sait, il y aura une \u00e9clipse solaire totale en France. Or les ph\u00e9nom\u00e8nes astronomiques exceptionnels (Etoile du Berger, alignements plan\u00e9taires, \u00e9clipses &#8230;) ont, de tout temps, servi d&rsquo;annonce \u00e0 des \u00e9v\u00e9nements de grandes importances (voir <a href=\"http:\/\/www.ac-am.fr\/index.php\/cosmologie-cosmogonie\/#Chouraqui\">la Bible<\/a>). Donc si ce quatrain d\u00e9crit bien un \u00e9v\u00e9nement de grand importance, il sera obligatoirement annonc\u00e9 (symboliquement) avant par l&rsquo;\u00e9clipse du 11 ao\u00fbt. Donc l&rsquo;\u00e9v\u00e9nement se d\u00e9roulera en septembre 1999 et non en juillet.<\/span><\/p>\n<p> <span class=\"gmoyen\" style=\"color: #94ebbb;\"><u>2. Le Roi d&rsquo;Angolmois<\/u> :<\/span><\/p>\n<p> <span class=\"gmoyen\"><img decoding=\"async\" src=\"http:\/\/www.ac-am.fr\/wp-content\/uploads\/2016\/02\/ball_ro.gif\" alt=\"\" border=\"0\" \/> \u00c9crit avec une majuscule, il faut y voir ici un personnage au singulier. Il s&rsquo;agit ici manifestement de la naissance du Roi d&rsquo;Angolmois (aussi appel\u00e9 par ailleurs Grand Monarque) : mais cette \u00ab\u00a0naissance\u00a0\u00bb d&rsquo;un futur roi n&rsquo;est peut-\u00eatre pas \u00e0 prendre au sens litt\u00e9ral du terme; il s&rsquo;agira peut-\u00eatre d&rsquo;une \u00ab\u00a0naissance\u00a0\u00bb au sens m\u00e9diatique du terme . Par exemple J\u00e9sus n&rsquo;est v\u00e9ritablement devenu le <a href=\"http:\/\/www.ac-am.fr\/index.php\/linitiation\/#Faber_Kaiser\">Christ<\/a> qu&rsquo;\u00e0 l&rsquo;\u00e2ge de 30 ans, \u00e2ge o\u00f9 il a commenc\u00e9 \u00e0 pr\u00eacher; tout ce qu&rsquo;il a fait avant est demeur\u00e9 assez secret et myst\u00e9rieux (certains le voient m\u00eame en Inde) et n&rsquo;\u00e9tait que l&rsquo;\u00e9volution personnelle de la personnalit\u00e9 de J\u00e9sus, indispensable pour qu&rsquo;il puisse ensuite incarner le <a href=\"http:\/\/www.ac-am.fr\/index.php\/1998\/01\/01\/le-saint-suaire-polemiques-est-ce-reellement-jesus\/\">Christ<\/a>. La naissance physique de J\u00e9sus n&rsquo;est en fait qu&rsquo;une anecdote de l&rsquo;histoire (la preuve : on en conna\u00eet m\u00eame pas la date exacte &#8230; Alors que nous connaissons les dates pr\u00e9cises d&rsquo;\u00e9v\u00e9nements beaucoup plus anciens) . La m\u00eame chose doit sans doute se produire pour des personnages de cette importance. Nostradamus n&rsquo;aurait v\u00e9ritablement per\u00e7u que la vraie naissance de ce roi, au sens public du terme.<\/span><\/p>\n<p> <span class=\"gmoyen\"><img decoding=\"async\" src=\"http:\/\/www.ac-am.fr\/wp-content\/uploads\/2016\/02\/ball_ro.gif\" alt=\"\" border=\"0\" \/> Par ailleurs Nostradamus indique une \u00ab\u00a0r\u00e9surrection\u00a0\u00bb : ne s&rsquo;agirait-il pas de la r\u00e9incarnation d&rsquo;un ancien roi c\u00e9l\u00e8bre, qui dans un pass\u00e9 lointain aurait d\u00e9j\u00e0 tenu ce r\u00f4le (ou voulu le tenir) de roi aux aspirations tr\u00e8s spirituelles ? &#8230; Celui qui aurait invent\u00e9 le monoth\u00e9isme par exemple &#8230; Il y aurait m\u00eame l\u00e0 comme une extraordinaire revanche pour celui qui \u00e9tait trop en avance sur son temps. Il reviendra pour accomplir l&rsquo;oeuvre commenc\u00e9 il y a 3300 ans, mais sur les bases de l&rsquo;\u00e8re du Verseau (et non d&rsquo;un culte monoth\u00e9iste qui n&rsquo;est plus d&rsquo;actualit\u00e9).<\/span><\/p>\n<p> <span class=\"gmoyen\"><img decoding=\"async\" src=\"http:\/\/www.ac-am.fr\/wp-content\/uploads\/2016\/02\/ball_ro.gif\" alt=\"\" border=\"0\" \/> Juste une parenth\u00e8se : ce Grand Monarque est aussi appell\u00e9 \u00ab\u00a0Henry secondus\u00a0\u00bb par Nostradamus &#8230; Justement parce qu&rsquo;il sera la seconde apparition (incarnation) d&rsquo;un roi c\u00e9l\u00e8bre ! De plus, Angolmois est l&rsquo;anagramme de SOLMAIGNO, ce qui pourrait constituer les 3 premi\u00e8res lettres des trois mots suivants : SOLeil, MAIns et GNOse &#8230; (333 : 3 groupes de 3 lettres) c&rsquo;est \u00e0 dire la gnose du Soleil avec des mains. Or :<\/span><\/p>\n<p class=\"retrait\"><span class=\"gmoyen\">1. Gnose signifie \u00ab\u00a0science religieuse sup\u00e9rieure aux croyances vulgaires\u00a0\u00bb d&rsquo;apr\u00e8s le dictionnaire &#8230; Ce qui pr\u00e9cis\u00e9ment caract\u00e9rise le culte monoth\u00e9iste d&rsquo;Aton par rapport aux croyances polyth\u00e9istes \u00e9gyptiennes. Par ailleurs gnose \u00e9tait un terme tr\u00e8s usit\u00e9 du temps de Nostradamus.<\/span><\/p>\n<p class=\"retrait\"><span class=\"gmoyen\">2. Le culte d&rsquo;Aton (cher \u00e0 Akh\u00e9naton) \u00e9tait syst\u00e9matiquement symbolis\u00e9 par le soleil dont les rayons \u00e9taient prolong\u00e9s par des mains.<\/span><\/p>\n<p><span class=\"gmoyen\"><img decoding=\"async\" src=\"http:\/\/www.ac-am.fr\/wp-content\/uploads\/2016\/02\/ball_ro.gif\" alt=\"\" border=\"0\" \/> Bien s\u00fbr d&rsquo;un point de vue symbolique, Angoul\u00eame (Angolmois) fait probablement aussi allusion \u00e0 Fran\u00e7ois Ier contemporain de Nostradamus et Comte d&rsquo;Angoul\u00eame. Par ailleurs Fran\u00e7ois Ier a promulgu\u00e9 la langue fran\u00e7aise comme langue officielle dans les actes de l&rsquo;administration publique (Ordonnance de Villers-Cotter\u00eats de 1539). Peut-\u00eatre une allusion au fait que l&rsquo;\u00eatre qui incarnera ce Grand Monarque aura du sang fran\u00e7ais ou francophone dans les veines ?<\/span><\/p>\n<p> <span class=\"gmoyen\"><img decoding=\"async\" src=\"http:\/\/www.ac-am.fr\/wp-content\/uploads\/2016\/02\/ball_ro.gif\" alt=\"\" border=\"0\" \/> Ce Roi d&rsquo;Angolmois ne deviendra probablement pas roi du jour en lendemain (J\u00e9sus n&rsquo;a pas \u00e9t\u00e9 reconnu comme Christ d\u00e8s les premiers jours de son action) : il faudra sans doute attendre encore longtemps (sa victoire sur l&rsquo;Ant\u00e9christ ?) pour qu&rsquo;il le devienne effectivement. Notons bien que ce personnage n&rsquo;est probablement pas un messie (sauveur divin). Il a un r\u00f4le tr\u00e8s concret de premier unificateur de l&rsquo;humanit\u00e9 au sens social, politique et spirituel. Le r\u00f4le du messie (au sens divin) serait tenu, en parall\u00e8le, par quelqu&rsquo;un d&rsquo;autre (Christ, Ma\u00eftreya &#8230;); Nostradamus l&rsquo;indique clairement dans de nombreux quatrains, avec le Grand pape et de Grand monarque.<\/span><\/p>\n<p> <span class=\"gmoyen\" style=\"color: #94ebbb;\"><u>3. Le grand roi d&rsquo;effrayeur<\/u> :<\/span><\/p>\n<p> <span class=\"gmoyen\"><i>Ecrit avec une minuscule, il faut y voir ici des individus au pluriel.<\/i><\/span><\/p>\n<p> <span class=\"gmoyen\"><img decoding=\"async\" src=\"http:\/\/www.ac-am.fr\/wp-content\/uploads\/2016\/02\/ball_ro.gif\" alt=\"\" border=\"0\" \/> Pour ce qui est du grand roi d&rsquo;effrayeur venu du ciel &#8230; J&rsquo;y vois des <a href=\"http:\/\/a.c.a.m.free.fr\/vie_E_T.htm\" target=\"_top\">extra-terrestres<\/a> (pas forc\u00e9ment n\u00e9gatifs ou dangereux &#8230; Au contraire) qui justement mettraient le Roi d&rsquo;Angolmois sous les feux de l&rsquo;actualit\u00e9. Le terme \u00ab\u00a0effrayeur\u00a0\u00bb indiquant simplement que ces extra-terrestres provoqueraient de vastes mouvements de paniques dans l&rsquo;opinion publique et les autorit\u00e9s (peut-\u00eatre une vague d&rsquo;OVNI tr\u00e8s importantes ?). Ce Roi d&rsquo;Angolmois sera-t-il enlev\u00e9 par ces extra-terrestres ? Quel r\u00f4le pr\u00e9cis jouera-t-il \u00e0 propos de cette vague d&rsquo;OVNI ? Aura-t-il avec eux un contact pouss\u00e9 ? Ces extra-terrestres lui r\u00e9v\u00e9leront-ils des secrets qui lui permettront, plus tard, de vaincre l&rsquo;Ant\u00e9christ ou de mener \u00e0 bien sa mission spirituelle ? &#8230; ce quatrain ne le dit pas &#8230;<\/span><\/p>\n<p> <span class=\"gmoyen\"><img decoding=\"async\" src=\"http:\/\/www.ac-am.fr\/wp-content\/uploads\/2016\/02\/ball_ro.gif\" alt=\"\" border=\"0\" \/> Remarquons que tous les grands personnages de la Bible (entre autre) ont eu des contacts avec des \u00ab\u00a0puissances\u00a0\u00bb venus du ciel (c&rsquo;est bien connu) : ces contacts ont tr\u00e8s souvent constitu\u00e9 le d\u00e9marrage de leurs missions. Ils agissent sur eux comme des r\u00e9l\u00e9vateurs de ces missions, et peut-\u00eatre des r\u00e9l\u00e9vateurs de leur v\u00e9ritable identit\u00e9 (\u00ab\u00a0r\u00e9surrection\u00a0\u00bb).<\/span><\/p>\n<p> <span class=\"gmoyen\" style=\"color: #94ebbb;\"><u>4. Et apr\u00e8s &#8230;<\/u> :<\/span><\/p>\n<p> <span class=\"gmoyen\"><img decoding=\"async\" src=\"http:\/\/www.ac-am.fr\/wp-content\/uploads\/2016\/02\/ball_ro.gif\" alt=\"\" border=\"0\" \/> Quant \u00e0 la derni\u00e8re phrase \u00ab\u00a0avant apr\u00e8s Mars &#8230;\u00a0\u00bb ne pourrait-elle pas \u00eatre traduite par : Apr\u00e8s (cet \u00e9v\u00e9nement) la guerre (mars) r\u00e9gnera comme avant (la p\u00e9riode sans guerre mondiale 1946-1999). D\u00e8s lors o\u00f9 le Roi d&rsquo;Angolmois a re\u00e7u sa mission et a \u00e9t\u00e9 r\u00e9v\u00e9l\u00e9 comme tel, son combat contre l&rsquo;Ant\u00e9christ peut commencer &#8230; Donc pourquoi ne pas commencer par une petite guerre mondiale (de l&rsquo;Ant\u00e9christ) en guise de hors d&rsquo;oeuvre ? (c&rsquo;est une hypoth\u00e8se).<\/span><\/p>\n<p> <span class=\"gmoyen\"><img decoding=\"async\" src=\"http:\/\/www.ac-am.fr\/wp-content\/uploads\/2016\/02\/ball_ro.gif\" alt=\"\" border=\"0\" \/> Pour la suite du combat entre ce Roi d&rsquo;Angolmois (Grande Monarque) et l&rsquo;Ant\u00e9christ, il y a des dizaines d&rsquo;autres quatrains pour l&rsquo;\u00e9voquer : mais \u00e7a, c&rsquo;est sans doute pour le 21\u00e8me si\u00e8cle. Chaque chose en son temps &#8230;<\/span><\/p>\n<p> <span class=\"gmoyen\" style=\"color: #94ebbb;\"><u>5. Remarques pour conclure \u00e0 propos de ce quatrain<\/u> :<\/span><\/p>\n<p> <span class=\"gmoyen\"><img decoding=\"async\" src=\"http:\/\/www.ac-am.fr\/wp-content\/uploads\/2016\/02\/ball_ro.gif\" alt=\"\" border=\"0\" \/> Si ce quatrain est le seul que Nostradamus ait dat\u00e9, c&rsquo;est probablement que son d\u00e9cryptage et sa r\u00e9alisation seront d&rsquo;une importance capitale pour la suite. La pr\u00e9cision de la date permettra, \u00e0 ceux qui auront l&rsquo;esprit assez ouvert \u00e0 ces choses, de savoir que l&rsquo;\u00e9v\u00e9nement s&rsquo;est r\u00e9alis\u00e9 &#8230; Et par la m\u00eame de reconna\u00eetre ce Roi d&rsquo;Angolmois (ce qui lui apportera des premiers \u00ab\u00a0fid\u00e8les\u00a0\u00bb). Il est probable que cette reconnaissance ne sera pas g\u00e9n\u00e9rale, et m\u00eame que l&rsquo;\u00e9v\u00e9nement (le contact entre ce personnage et ces extra-terrestres), bien que m\u00e9diatis\u00e9, pourra passer relativement inaper\u00e7u dans le flot de l&rsquo;information quotidienne (comme toutes les infos relatives aux vagues d&rsquo;OVNI) : apr\u00e8s tout, il y a des dizaines de t\u00e9moignages de contact\u00e9s par an, m\u00eame relat\u00e9s dans les journaux.<\/span><\/p>\n<p> <span class=\"gmoyen\"><img decoding=\"async\" src=\"http:\/\/www.ac-am.fr\/wp-content\/uploads\/2016\/02\/ball_ro.gif\" alt=\"\" border=\"0\" \/> Donc ce quatrain donne une cl\u00e9 importante pour le futur : l&rsquo;identit\u00e9 du Grand Monarque, la date de son apparition publique, ainsi que l&rsquo;\u00e9v\u00e9nement qui lui apportera la r\u00e9v\u00e9lation (apocalypse) qu&rsquo;il portera ensuite \u00e0 la face du monde.<\/span><\/p>\n<p> <span class=\"gmoyen\"><i>[<span style=\"color: #ffff00;\">Interpr\u00e9tation de Patrick Faral. &#8211; le 27-02-99<\/span>]<\/i><\/span><\/td>\n<\/tr>\n<\/tbody>\n<\/table>\n<\/td>\n<\/tr>\n<\/tbody>\n<\/table>\n<\/div>\n<div style=\"padding-bottom:20px; padding-top:10px;\" class=\"hupso-share-buttons\"><!-- Hupso Share Buttons - https:\/\/www.hupso.com\/share\/ --><a class=\"hupso_toolbar\" href=\"https:\/\/www.hupso.com\/share\/\"><img decoding=\"async\" src=\"https:\/\/static.hupso.com\/share\/buttons\/lang\/fr\/share.png\" style=\"border:0px; padding-top: 5px; float:left;\" alt=\"Share Button\"\/><\/a><script type=\"text\/javascript\">var hupso_services_t=new Array(\"Twitter\",\"Facebook\",\"Google Plus\");var hupso_background_t=\"#EAF4FF\";var hupso_border_t=\"#66CCFF\";var hupso_toolbar_size_t=\"big\";var hupso_image_folder_url = \"\";var hupso_url_t=\"\";var hupso_title_t=\"Nostradamus%2C%20une%20certaine%20interpr%C3%A9tation.\";<\/script><script type=\"text\/javascript\" src=\"https:\/\/static.hupso.com\/share\/js\/share_toolbar.js\"><\/script><!-- Hupso Share Buttons --><\/div>","protected":false},"excerpt":{"rendered":"<p>Nostradamus, une certaine interpr\u00e9tation. Nostradamus &#8211; Quatrain X.72 : \u00ab\u00a0L&rsquo;an mil neuf cent nonante neuf&#8230;<\/p>\n","protected":false},"author":94,"featured_media":0,"comment_status":"closed","ping_status":"open","sticky":false,"template":"","format":"standard","meta":{"footnotes":""},"categories":[232],"tags":[],"class_list":["post-3023","post","type-post","status-publish","format-standard","hentry","category-1999-destin"],"yoast_head":"<!-- This site is optimized with the Yoast SEO plugin v26.9 - https:\/\/yoast.com\/product\/yoast-seo-wordpress\/ -->\n<title>Nostradamus, une certaine interpr\u00e9tation. - Autre Conscience, Autre Monde<\/title>\n<meta name=\"robots\" content=\"index, follow, max-snippet:-1, max-image-preview:large, max-video-preview:-1\" \/>\n<link rel=\"canonical\" href=\"https:\/\/www.ac-am.fr\/index.php\/1999\/02\/27\/nostradamus-une-certaine-interpretation\/\" \/>\n<meta property=\"og:locale\" content=\"fr_FR\" \/>\n<meta property=\"og:type\" content=\"article\" \/>\n<meta property=\"og:title\" content=\"Nostradamus, une certaine interpr\u00e9tation. - Autre Conscience, Autre Monde\" \/>\n<meta property=\"og:description\" content=\"Nostradamus, une certaine interpr\u00e9tation. Nostradamus &#8211; Quatrain X.72 : \u00ab\u00a0L&rsquo;an mil neuf cent nonante neuf...\" \/>\n<meta property=\"og:url\" content=\"https:\/\/www.ac-am.fr\/index.php\/1999\/02\/27\/nostradamus-une-certaine-interpretation\/\" \/>\n<meta property=\"og:site_name\" content=\"Autre Conscience, Autre Monde\" \/>\n<meta property=\"article:publisher\" content=\"https:\/\/fr-fr.facebook.com\/claude.acam\/\" \/>\n<meta property=\"article:published_time\" content=\"1999-02-27T13:34:04+00:00\" \/>\n<meta property=\"article:modified_time\" content=\"2016-03-16T08:20:59+00:00\" \/>\n<meta property=\"og:image\" content=\"http:\/\/www.ac-am.fr\/wp-content\/uploads\/2015\/09\/barre_vt.gif\" \/>\n<meta name=\"author\" content=\"Patrick Faral\" \/>\n<meta name=\"twitter:card\" content=\"summary_large_image\" \/>\n<meta name=\"twitter:label1\" content=\"\u00c9crit par\" \/>\n\t<meta name=\"twitter:data1\" content=\"Patrick Faral\" \/>\n\t<meta name=\"twitter:label2\" content=\"Dur\u00e9e de lecture estim\u00e9e\" \/>\n\t<meta name=\"twitter:data2\" content=\"7 minutes\" \/>\n<script type=\"application\/ld+json\" class=\"yoast-schema-graph\">{\"@context\":\"https:\/\/schema.org\",\"@graph\":[{\"@type\":\"Article\",\"@id\":\"https:\/\/www.ac-am.fr\/index.php\/1999\/02\/27\/nostradamus-une-certaine-interpretation\/#article\",\"isPartOf\":{\"@id\":\"https:\/\/www.ac-am.fr\/index.php\/1999\/02\/27\/nostradamus-une-certaine-interpretation\/\"},\"author\":{\"name\":\"Patrick Faral\",\"@id\":\"https:\/\/www.ac-am.fr\/#\/schema\/person\/34935a9783a130042707674df17e9f9f\"},\"headline\":\"Nostradamus, une certaine interpr\u00e9tation.\",\"datePublished\":\"1999-02-27T13:34:04+00:00\",\"dateModified\":\"2016-03-16T08:20:59+00:00\",\"mainEntityOfPage\":{\"@id\":\"https:\/\/www.ac-am.fr\/index.php\/1999\/02\/27\/nostradamus-une-certaine-interpretation\/\"},\"wordCount\":1427,\"publisher\":{\"@id\":\"https:\/\/www.ac-am.fr\/#organization\"},\"image\":{\"@id\":\"https:\/\/www.ac-am.fr\/index.php\/1999\/02\/27\/nostradamus-une-certaine-interpretation\/#primaryimage\"},\"thumbnailUrl\":\"http:\/\/www.ac-am.fr\/wp-content\/uploads\/2015\/09\/barre_vt.gif\",\"articleSection\":[\"1999 \u2013 DESTIN\"],\"inLanguage\":\"fr-FR\"},{\"@type\":\"WebPage\",\"@id\":\"https:\/\/www.ac-am.fr\/index.php\/1999\/02\/27\/nostradamus-une-certaine-interpretation\/\",\"url\":\"https:\/\/www.ac-am.fr\/index.php\/1999\/02\/27\/nostradamus-une-certaine-interpretation\/\",\"name\":\"Nostradamus, une certaine interpr\u00e9tation. - Autre Conscience, Autre Monde\",\"isPartOf\":{\"@id\":\"https:\/\/www.ac-am.fr\/#website\"},\"primaryImageOfPage\":{\"@id\":\"https:\/\/www.ac-am.fr\/index.php\/1999\/02\/27\/nostradamus-une-certaine-interpretation\/#primaryimage\"},\"image\":{\"@id\":\"https:\/\/www.ac-am.fr\/index.php\/1999\/02\/27\/nostradamus-une-certaine-interpretation\/#primaryimage\"},\"thumbnailUrl\":\"http:\/\/www.ac-am.fr\/wp-content\/uploads\/2015\/09\/barre_vt.gif\",\"datePublished\":\"1999-02-27T13:34:04+00:00\",\"dateModified\":\"2016-03-16T08:20:59+00:00\",\"breadcrumb\":{\"@id\":\"https:\/\/www.ac-am.fr\/index.php\/1999\/02\/27\/nostradamus-une-certaine-interpretation\/#breadcrumb\"},\"inLanguage\":\"fr-FR\",\"potentialAction\":[{\"@type\":\"ReadAction\",\"target\":[\"https:\/\/www.ac-am.fr\/index.php\/1999\/02\/27\/nostradamus-une-certaine-interpretation\/\"]}]},{\"@type\":\"ImageObject\",\"inLanguage\":\"fr-FR\",\"@id\":\"https:\/\/www.ac-am.fr\/index.php\/1999\/02\/27\/nostradamus-une-certaine-interpretation\/#primaryimage\",\"url\":\"https:\/\/www.ac-am.fr\/wp-content\/uploads\/2015\/09\/barre_vt.gif\",\"contentUrl\":\"https:\/\/www.ac-am.fr\/wp-content\/uploads\/2015\/09\/barre_vt.gif\",\"width\":550,\"height\":7,\"caption\":\"Barre verte\"},{\"@type\":\"BreadcrumbList\",\"@id\":\"https:\/\/www.ac-am.fr\/index.php\/1999\/02\/27\/nostradamus-une-certaine-interpretation\/#breadcrumb\",\"itemListElement\":[{\"@type\":\"ListItem\",\"position\":1,\"name\":\"Accueil\",\"item\":\"https:\/\/www.ac-am.fr\/\"},{\"@type\":\"ListItem\",\"position\":2,\"name\":\"Nostradamus, une certaine interpr\u00e9tation.\"}]},{\"@type\":\"WebSite\",\"@id\":\"https:\/\/www.ac-am.fr\/#website\",\"url\":\"https:\/\/www.ac-am.fr\/\",\"name\":\"Autre Conscience, Autre Monde\",\"description\":\"\",\"publisher\":{\"@id\":\"https:\/\/www.ac-am.fr\/#organization\"},\"potentialAction\":[{\"@type\":\"SearchAction\",\"target\":{\"@type\":\"EntryPoint\",\"urlTemplate\":\"https:\/\/www.ac-am.fr\/?s={search_term_string}\"},\"query-input\":{\"@type\":\"PropertyValueSpecification\",\"valueRequired\":true,\"valueName\":\"search_term_string\"}}],\"inLanguage\":\"fr-FR\"},{\"@type\":\"Organization\",\"@id\":\"https:\/\/www.ac-am.fr\/#organization\",\"name\":\"Autre Conscience, Autre Monde\",\"url\":\"https:\/\/www.ac-am.fr\/\",\"logo\":{\"@type\":\"ImageObject\",\"inLanguage\":\"fr-FR\",\"@id\":\"https:\/\/www.ac-am.fr\/#\/schema\/logo\/image\/\",\"url\":\"https:\/\/www.ac-am.fr\/wp-content\/uploads\/2015\/10\/bd_ac_am.gif\",\"contentUrl\":\"https:\/\/www.ac-am.fr\/wp-content\/uploads\/2015\/10\/bd_ac_am.gif\",\"width\":370,\"height\":65,\"caption\":\"Autre Conscience, Autre Monde\"},\"image\":{\"@id\":\"https:\/\/www.ac-am.fr\/#\/schema\/logo\/image\/\"},\"sameAs\":[\"https:\/\/fr-fr.facebook.com\/claude.acam\/\",\"https:\/\/www.youtube.com\/user\/consciencemonde\"]},{\"@type\":\"Person\",\"@id\":\"https:\/\/www.ac-am.fr\/#\/schema\/person\/34935a9783a130042707674df17e9f9f\",\"name\":\"Patrick Faral\",\"image\":{\"@type\":\"ImageObject\",\"inLanguage\":\"fr-FR\",\"@id\":\"https:\/\/www.ac-am.fr\/#\/schema\/person\/image\/\",\"url\":\"https:\/\/secure.gravatar.com\/avatar\/b206239ff74956bfd27f5be274b7dd1206ee67fd1c45b216d2ab2299525acfcd?s=96&d=identicon&r=g\",\"contentUrl\":\"https:\/\/secure.gravatar.com\/avatar\/b206239ff74956bfd27f5be274b7dd1206ee67fd1c45b216d2ab2299525acfcd?s=96&d=identicon&r=g\",\"caption\":\"Patrick Faral\"},\"url\":\"https:\/\/www.ac-am.fr\/index.php\/author\/patrick-faral\/\"}]}<\/script>\n<!-- \/ Yoast SEO plugin. -->","yoast_head_json":{"title":"Nostradamus, une certaine interpr\u00e9tation. - Autre Conscience, Autre Monde","robots":{"index":"index","follow":"follow","max-snippet":"max-snippet:-1","max-image-preview":"max-image-preview:large","max-video-preview":"max-video-preview:-1"},"canonical":"https:\/\/www.ac-am.fr\/index.php\/1999\/02\/27\/nostradamus-une-certaine-interpretation\/","og_locale":"fr_FR","og_type":"article","og_title":"Nostradamus, une certaine interpr\u00e9tation. - Autre Conscience, Autre Monde","og_description":"Nostradamus, une certaine interpr\u00e9tation. Nostradamus &#8211; Quatrain X.72 : \u00ab\u00a0L&rsquo;an mil neuf cent nonante neuf...","og_url":"https:\/\/www.ac-am.fr\/index.php\/1999\/02\/27\/nostradamus-une-certaine-interpretation\/","og_site_name":"Autre Conscience, Autre Monde","article_publisher":"https:\/\/fr-fr.facebook.com\/claude.acam\/","article_published_time":"1999-02-27T13:34:04+00:00","article_modified_time":"2016-03-16T08:20:59+00:00","og_image":[{"url":"http:\/\/www.ac-am.fr\/wp-content\/uploads\/2015\/09\/barre_vt.gif","type":"","width":"","height":""}],"author":"Patrick Faral","twitter_card":"summary_large_image","twitter_misc":{"\u00c9crit par":"Patrick Faral","Dur\u00e9e de lecture estim\u00e9e":"7 minutes"},"schema":{"@context":"https:\/\/schema.org","@graph":[{"@type":"Article","@id":"https:\/\/www.ac-am.fr\/index.php\/1999\/02\/27\/nostradamus-une-certaine-interpretation\/#article","isPartOf":{"@id":"https:\/\/www.ac-am.fr\/index.php\/1999\/02\/27\/nostradamus-une-certaine-interpretation\/"},"author":{"name":"Patrick Faral","@id":"https:\/\/www.ac-am.fr\/#\/schema\/person\/34935a9783a130042707674df17e9f9f"},"headline":"Nostradamus, une certaine interpr\u00e9tation.","datePublished":"1999-02-27T13:34:04+00:00","dateModified":"2016-03-16T08:20:59+00:00","mainEntityOfPage":{"@id":"https:\/\/www.ac-am.fr\/index.php\/1999\/02\/27\/nostradamus-une-certaine-interpretation\/"},"wordCount":1427,"publisher":{"@id":"https:\/\/www.ac-am.fr\/#organization"},"image":{"@id":"https:\/\/www.ac-am.fr\/index.php\/1999\/02\/27\/nostradamus-une-certaine-interpretation\/#primaryimage"},"thumbnailUrl":"http:\/\/www.ac-am.fr\/wp-content\/uploads\/2015\/09\/barre_vt.gif","articleSection":["1999 \u2013 DESTIN"],"inLanguage":"fr-FR"},{"@type":"WebPage","@id":"https:\/\/www.ac-am.fr\/index.php\/1999\/02\/27\/nostradamus-une-certaine-interpretation\/","url":"https:\/\/www.ac-am.fr\/index.php\/1999\/02\/27\/nostradamus-une-certaine-interpretation\/","name":"Nostradamus, une certaine interpr\u00e9tation. - Autre Conscience, Autre Monde","isPartOf":{"@id":"https:\/\/www.ac-am.fr\/#website"},"primaryImageOfPage":{"@id":"https:\/\/www.ac-am.fr\/index.php\/1999\/02\/27\/nostradamus-une-certaine-interpretation\/#primaryimage"},"image":{"@id":"https:\/\/www.ac-am.fr\/index.php\/1999\/02\/27\/nostradamus-une-certaine-interpretation\/#primaryimage"},"thumbnailUrl":"http:\/\/www.ac-am.fr\/wp-content\/uploads\/2015\/09\/barre_vt.gif","datePublished":"1999-02-27T13:34:04+00:00","dateModified":"2016-03-16T08:20:59+00:00","breadcrumb":{"@id":"https:\/\/www.ac-am.fr\/index.php\/1999\/02\/27\/nostradamus-une-certaine-interpretation\/#breadcrumb"},"inLanguage":"fr-FR","potentialAction":[{"@type":"ReadAction","target":["https:\/\/www.ac-am.fr\/index.php\/1999\/02\/27\/nostradamus-une-certaine-interpretation\/"]}]},{"@type":"ImageObject","inLanguage":"fr-FR","@id":"https:\/\/www.ac-am.fr\/index.php\/1999\/02\/27\/nostradamus-une-certaine-interpretation\/#primaryimage","url":"https:\/\/www.ac-am.fr\/wp-content\/uploads\/2015\/09\/barre_vt.gif","contentUrl":"https:\/\/www.ac-am.fr\/wp-content\/uploads\/2015\/09\/barre_vt.gif","width":550,"height":7,"caption":"Barre verte"},{"@type":"BreadcrumbList","@id":"https:\/\/www.ac-am.fr\/index.php\/1999\/02\/27\/nostradamus-une-certaine-interpretation\/#breadcrumb","itemListElement":[{"@type":"ListItem","position":1,"name":"Accueil","item":"https:\/\/www.ac-am.fr\/"},{"@type":"ListItem","position":2,"name":"Nostradamus, une certaine interpr\u00e9tation."}]},{"@type":"WebSite","@id":"https:\/\/www.ac-am.fr\/#website","url":"https:\/\/www.ac-am.fr\/","name":"Autre Conscience, Autre Monde","description":"","publisher":{"@id":"https:\/\/www.ac-am.fr\/#organization"},"potentialAction":[{"@type":"SearchAction","target":{"@type":"EntryPoint","urlTemplate":"https:\/\/www.ac-am.fr\/?s={search_term_string}"},"query-input":{"@type":"PropertyValueSpecification","valueRequired":true,"valueName":"search_term_string"}}],"inLanguage":"fr-FR"},{"@type":"Organization","@id":"https:\/\/www.ac-am.fr\/#organization","name":"Autre Conscience, Autre Monde","url":"https:\/\/www.ac-am.fr\/","logo":{"@type":"ImageObject","inLanguage":"fr-FR","@id":"https:\/\/www.ac-am.fr\/#\/schema\/logo\/image\/","url":"https:\/\/www.ac-am.fr\/wp-content\/uploads\/2015\/10\/bd_ac_am.gif","contentUrl":"https:\/\/www.ac-am.fr\/wp-content\/uploads\/2015\/10\/bd_ac_am.gif","width":370,"height":65,"caption":"Autre Conscience, Autre Monde"},"image":{"@id":"https:\/\/www.ac-am.fr\/#\/schema\/logo\/image\/"},"sameAs":["https:\/\/fr-fr.facebook.com\/claude.acam\/","https:\/\/www.youtube.com\/user\/consciencemonde"]},{"@type":"Person","@id":"https:\/\/www.ac-am.fr\/#\/schema\/person\/34935a9783a130042707674df17e9f9f","name":"Patrick Faral","image":{"@type":"ImageObject","inLanguage":"fr-FR","@id":"https:\/\/www.ac-am.fr\/#\/schema\/person\/image\/","url":"https:\/\/secure.gravatar.com\/avatar\/b206239ff74956bfd27f5be274b7dd1206ee67fd1c45b216d2ab2299525acfcd?s=96&d=identicon&r=g","contentUrl":"https:\/\/secure.gravatar.com\/avatar\/b206239ff74956bfd27f5be274b7dd1206ee67fd1c45b216d2ab2299525acfcd?s=96&d=identicon&r=g","caption":"Patrick Faral"},"url":"https:\/\/www.ac-am.fr\/index.php\/author\/patrick-faral\/"}]}},"_links":{"self":[{"href":"https:\/\/www.ac-am.fr\/index.php\/wp-json\/wp\/v2\/posts\/3023","targetHints":{"allow":["GET"]}}],"collection":[{"href":"https:\/\/www.ac-am.fr\/index.php\/wp-json\/wp\/v2\/posts"}],"about":[{"href":"https:\/\/www.ac-am.fr\/index.php\/wp-json\/wp\/v2\/types\/post"}],"author":[{"embeddable":true,"href":"https:\/\/www.ac-am.fr\/index.php\/wp-json\/wp\/v2\/users\/94"}],"replies":[{"embeddable":true,"href":"https:\/\/www.ac-am.fr\/index.php\/wp-json\/wp\/v2\/comments?post=3023"}],"version-history":[{"count":5,"href":"https:\/\/www.ac-am.fr\/index.php\/wp-json\/wp\/v2\/posts\/3023\/revisions"}],"predecessor-version":[{"id":3031,"href":"https:\/\/www.ac-am.fr\/index.php\/wp-json\/wp\/v2\/posts\/3023\/revisions\/3031"}],"wp:attachment":[{"href":"https:\/\/www.ac-am.fr\/index.php\/wp-json\/wp\/v2\/media?parent=3023"}],"wp:term":[{"taxonomy":"category","embeddable":true,"href":"https:\/\/www.ac-am.fr\/index.php\/wp-json\/wp\/v2\/categories?post=3023"},{"taxonomy":"post_tag","embeddable":true,"href":"https:\/\/www.ac-am.fr\/index.php\/wp-json\/wp\/v2\/tags?post=3023"}],"curies":[{"name":"wp","href":"https:\/\/api.w.org\/{rel}","templated":true}]}}