{"id":3035,"date":"1999-07-02T08:48:53","date_gmt":"1999-07-02T07:48:53","guid":{"rendered":"https:\/\/www.ac-am.fr\/?p=3035"},"modified":"2016-03-16T09:20:59","modified_gmt":"2016-03-16T08:20:59","slug":"un-cheminement-pas-tout-a-fait-ordinaire","status":"publish","type":"post","link":"https:\/\/www.ac-am.fr\/index.php\/1999\/07\/02\/un-cheminement-pas-tout-a-fait-ordinaire\/","title":{"rendered":"Un cheminement pas tout \u00e0 fait ordinaire."},"content":{"rendered":"<div id=\"destin\" style=\"background-attachment: fixed; border: 2px solid #dfe6de; border-radius: 10px; opacity: 0.90;\">\n<table class=\"aligncenter\" style=\"width: 600px;\" border=\"0\">\n<tbody>\n<tr>\n<td>\n<table class=\"aligncenter\" style=\"width: 567px; height: 190px;\" border=\"0\">\n<tbody>\n<tr>\n<td><img decoding=\"async\" class=\"aligncenter\" src=\"http:\/\/www.ac-am.fr\/wp-content\/uploads\/2015\/09\/barre_vt.gif\" alt=\"\" border=\"0\" \/><\/td>\n<\/tr>\n<tr>\n<td style=\"text-align: left;\"><img loading=\"lazy\" decoding=\"async\" src=\"http:\/\/www.ac-am.fr\/wp-content\/uploads\/2015\/11\/retedest.gif\" alt=\"R\u00e9flexions et T\u00e9moignages\" width=\"380\" height=\"100\" border=\"0\" \/><img loading=\"lazy\" decoding=\"async\" src=\"http:\/\/www.ac-am.fr\/wp-content\/uploads\/2015\/10\/cal1999.gif\" alt=\"Ann\u00e9e 1999\" width=\"150\" height=\"100\" border=\"0\" \/><\/td>\n<\/tr>\n<tr>\n<td><img decoding=\"async\" class=\"aligncenter\" src=\"http:\/\/www.ac-am.fr\/wp-content\/uploads\/2015\/09\/barre_vt.gif\" alt=\"\" border=\"0\" \/><\/td>\n<\/tr>\n<\/tbody>\n<\/table>\n<table class=\"aligncenter\" style=\"width: 590px;\" border=\"0\">\n<tbody>\n<tr>\n<td><a name=\"Michel01O_destin99_01\"><\/a><b class=\"ntitre1\">Un cheminement pas tout \u00e0 fait ordinaire.<\/b><\/td>\n<\/tr>\n<tr>\n<td colspan=\"2\"><img decoding=\"async\" class=\"aligncenter\" src=\"http:\/\/www.ac-am.fr\/wp-content\/uploads\/2015\/09\/barre_vt.gif\" alt=\"\" border=\"0\" \/><\/td>\n<\/tr>\n<tr>\n<td style=\"text-align: left;\"><span class=\"gmoyen\"><img decoding=\"async\" src=\"http:\/\/www.ac-am.fr\/wp-content\/uploads\/2016\/02\/ball_ro.gif\" alt=\"\" border=\"0\" \/> Je suis n\u00e9 au Maroc. \u00c0 l&rsquo;\u00e2ge de 18 mois, un ange de Lumi\u00e8re (tr\u00e8s blanche) m&rsquo;appar\u00fbt. J&rsquo;ai ador\u00e9 ensuite mon passage chez les carm\u00e9lites dans les premi\u00e8res ann\u00e9es de ma formation scolaire. J&rsquo;ai su, bien apr\u00e8s, que \u00ab\u00a0j&rsquo;avais eu une vie\u00a0\u00bb en tant que carm\u00e9lite. En formation scolaire j&rsquo;aimais les maths, la physique, le fran\u00e7ais et la philosophie.<\/span><\/p>\n<p> <span class=\"gmoyen\"><img decoding=\"async\" src=\"http:\/\/www.ac-am.fr\/wp-content\/uploads\/2016\/02\/ball_ro.gif\" alt=\"\" border=\"0\" \/> Je pratiquais le football et je voulais devenir footballeur professionnel. J&rsquo;ai arr\u00eat\u00e9 \u00e0 30 ans (j&rsquo;en ai presque 50).<\/span><\/p>\n<p> <span class=\"gmoyen\"><img decoding=\"async\" src=\"http:\/\/www.ac-am.fr\/wp-content\/uploads\/2016\/02\/ball_ro.gif\" alt=\"\" border=\"0\" \/> \u00c0 17 ans, toujours passionn\u00e9 de science (j&rsquo;ai invent\u00e9 de nombreux appareils), j&rsquo;observais de ma fen\u00eatre &#8211; un soir de pleine Lune, puis soudain l&rsquo;id\u00e9e me vint (ayant entendu parl\u00e9 des extraterrestres mais n&rsquo;en ayant jamais rencontr\u00e9), de communiquer avec ces suppos\u00e9s \u00eatres. Je me suis allong\u00e9 sur mon lit et ai d\u00e9cid\u00e9 de leur envoyer des messages t\u00e9l\u00e9pathiques : il s&rsquo;agissait de leur envoyer des images \u00ab\u00a0vues de la Lune\u00a0\u00bb de mon lieu d&rsquo;habitation. C&rsquo;\u00e9tait tr\u00e8s facile et tr\u00e8s clair. De fait, deux jours plus tard, les journaux annon\u00e7aient que de vives et fulgurantes lumi\u00e8res avaient \u00e9t\u00e9 aper\u00e7ues dans la vall\u00e9e de la Garonne (j&rsquo;habitait Toulouse alors). Je me suis fait la r\u00e9flexion que c&rsquo;\u00e9tait s\u00fbrement mon action qui avait d\u00e9clench\u00e9 leur venue, mais sans plus. Je n&rsquo;en tirait aucune vanit\u00e9 mais seulement que mon intime conviction \u00e9tait renforc\u00e9e.<\/span><\/p>\n<p> <span class=\"gmoyen\"><img decoding=\"async\" src=\"http:\/\/www.ac-am.fr\/wp-content\/uploads\/2016\/02\/ball_ro.gif\" alt=\"\" border=\"0\" \/> Un an apr\u00e8s, alors que je m&rsquo;\u00e9chinais \u00e0 comprendre les myst\u00e8res de l&rsquo;Inertie de la mati\u00e8re, (il me semblait que je per\u00e7ais le fameux myst\u00e8re), j&rsquo;\u00e9tais dans mes calculs math\u00e9matiques, quand apparut dans ma chambre un petit \u00eatre, tr\u00e8s fugitivement mais sa pr\u00e9sence f\u00fbt suffisante pour se graver dans ma m\u00e9moire. Ma main, alors, se mit \u00e0 \u00e9crire des formules math\u00e9matiques qui reprenaient les m\u00eames formes que celles d&rsquo;Einstein mais appliqu\u00e9es \u00e0 l&rsquo;\u00e9lectricit\u00e9. J&rsquo;\u00e9tais tr\u00e8s heureux de leur forme que je trouvais tr\u00e8s esth\u00e9tiques. Par la suite, je n&rsquo;ai jamais plus retrouv\u00e9 ces formules et n&rsquo;ai jamais pu les recomposer. Mais curieusement, toujours, je n&rsquo;en tirais aucune fiert\u00e9, ni vanit\u00e9. Cela me semblait acquis et en fait, pas surprenant du tout.<\/span><\/p>\n<p> <span class=\"gmoyen\"><img decoding=\"async\" src=\"http:\/\/www.ac-am.fr\/wp-content\/uploads\/2016\/02\/ball_ro.gif\" alt=\"\" border=\"0\" \/> J&rsquo;ai eu ensuite bien d&rsquo;autres contacts que je pourrai vous d\u00e9crire. Ma \u00ab\u00a0conversion\u00a0\u00bb v\u00e9ritable s&rsquo;est op\u00e9r\u00e9e \u00e0 30 ans dans des conditions \u00ab\u00a0bizarres\u00a0\u00bb : \u00e0 la FNAC Montparnasse \u00e0 Paris, dans une demi-conscience, j&rsquo;ai \u00e9t\u00e9 comme guid\u00e9 vers le rayon \u00e9sot\u00e9rique et ma main s&rsquo;est dirig\u00e9e vers un tout petit livre \u00ab\u00a0Fraternitatis Illuminatis\u00a0\u00bb ou quelque chose comme \u00e7a&#8230; J&rsquo;ai ainsi d\u00e9couvert la fraternit\u00e9 rosicrucienne (Max Heindel) \u00e0 laquelle j&rsquo;ai adh\u00e9r\u00e9 pendant deux ans et que j&rsquo;ai quitt\u00e9 pour certaines raisons&#8230;<\/span><\/p>\n<p> <span class=\"gmoyen\"><img decoding=\"async\" src=\"http:\/\/www.ac-am.fr\/wp-content\/uploads\/2016\/02\/ball_ro.gif\" alt=\"\" border=\"0\" \/> Pendant cette p\u00e9riode j&rsquo;ai \u00e9t\u00e9 comme observ\u00e9, poursuivi, harcel\u00e9 par de multiples groupes (officiels et non officiels).<\/span><\/p>\n<p> <span class=\"gmoyen\"><img decoding=\"async\" src=\"http:\/\/www.ac-am.fr\/wp-content\/uploads\/2016\/02\/ball_ro.gif\" alt=\"\" border=\"0\" \/> Ainsi, apr\u00e8s ma reconversion int\u00e9rieure brutale car tellement impr\u00e9vue (et fulgurante!!), je d\u00e9cidais de m&rsquo;informer s\u00e9rieusement sur cette fameuse fraternit\u00e9 rosicrucienne. De fait, je me procurais la <a href=\"http:\/\/www.ac-am.fr\/index.php\/cosmologie-cosmogonie\/#Heindel\">\u00ab\u00a0Cosmogonie des Rose-Croix\u00a0\u00bb<\/a>, et d\u00e8s les premi\u00e8res pages j&rsquo;en fus subjugu\u00e9! J&rsquo;en parlais na\u00efvement \u00e0 ma femme (catholique bon teint!), et les premi\u00e8res oppositions apparurent. Mais je persistais dans la Voie puisque tout ce qui \u00e9tait dit dans cette \u00ab\u00a0somme spirituelle\u00a0\u00bb me semblait (intuitivement) tr\u00e8s juste.<\/span><\/p>\n<p> <span class=\"gmoyen\"><img decoding=\"async\" src=\"http:\/\/www.ac-am.fr\/wp-content\/uploads\/2016\/02\/ball_ro.gif\" alt=\"\" border=\"0\" \/> J&rsquo;\u00e9tais \u00e0 Paris en ce temps, et par cons\u00e9quent, j&rsquo;assistais aux r\u00e9unions ouvertes aux \u00ab\u00a0candidats r\u00e9guliers\u00a0\u00bb. J&rsquo;ai ainsi d\u00e9couvert l&rsquo;Astrologie selon Max Heindel, et me suis lanc\u00e9 avec avidit\u00e9 dans cette \u00e9tude car comme toujours ma petite voix me disais de continuer. Vous savez, c&rsquo;est comme une certitude qui vous accompagne et que l&rsquo;on trouve tout \u00e0 fait naturel.<\/span><\/p>\n<p> <span class=\"gmoyen\"><img decoding=\"async\" src=\"http:\/\/www.ac-am.fr\/wp-content\/uploads\/2016\/02\/ball_ro.gif\" alt=\"\" border=\"0\" \/> Je prenais, donc, des cours par correspondance et suivais aussi les stages (une semaine en \u00e9t\u00e9 pendant 3 ans). Je dois dire que j&rsquo;appr\u00e9ciais surtout les rencontres fraternelles ainsi que les \u00e9changes divers et vari\u00e9s.<\/span><\/p>\n<p> <span class=\"gmoyen\"><img decoding=\"async\" src=\"http:\/\/www.ac-am.fr\/wp-content\/uploads\/2016\/02\/ball_ro.gif\" alt=\"\" border=\"0\" \/> Pendant ce temps (et c&rsquo;est difficile \u00e0 prouver par des faits mat\u00e9riels, vous vous en doutez!) tout allait de travers dans mon couple et au travail, alors que je ne faisais absolument pas de pros\u00e9lytisme, et je ne savais pas comment cela se pouvait, mais j&rsquo;\u00e9tais tr\u00e8s observ\u00e9 tant par des \u00ab\u00a0regards\u00a0\u00bb bienveillants que d&rsquo;autres tr\u00e8s malfaisants! J&rsquo;\u00e9tais alors exclus du monde professionnel tout en \u00e9tant int\u00e9gr\u00e9 dans la structure sociale.<\/span><\/p>\n<p> <span class=\"gmoyen\"><img decoding=\"async\" src=\"http:\/\/www.ac-am.fr\/wp-content\/uploads\/2016\/02\/ball_ro.gif\" alt=\"\" border=\"0\" \/> C&rsquo;est \u00e0 cette \u00e9poque que j&rsquo;ai eu des \u00ab\u00a0sorties astrales\u00a0\u00bb et rencontr\u00e9 des \u00catres d&rsquo;un autre monde, les tr\u00e8s grands et les tr\u00e8s petits. Du reste, au cours de certains stages, des personnes m&rsquo;ont dit m&rsquo;avoir vu avec ces grands \u00catres, et j&rsquo;intervenais pour les gu\u00e9rir. Cela me semblait tr\u00e8s \u00e9tonnant car de ce type d&rsquo;intervention, je n&rsquo;en avais aucun souvenir&#8230;<\/span><\/p>\n<p> <span class=\"gmoyen\"><img decoding=\"async\" src=\"http:\/\/www.ac-am.fr\/wp-content\/uploads\/2016\/02\/ball_ro.gif\" alt=\"\" border=\"0\" \/> En \u00ab\u00a0exil int\u00e9rieur\u00a0\u00bb et pour conserver mon \u00e9quilibre psychique, je me d\u00e9cidais \u00e0 \u00e9crire un livre sur l&rsquo;Astrologie apr\u00e8s avoir v\u00e9rifi\u00e9 maintes et maintes fois les lois et les r\u00e8gles de l&rsquo;Art, apr\u00e8s avoir interpr\u00e9t\u00e9 des centaines de th\u00e8mes et constat\u00e9 que la partie pr\u00e9visionnelle \u00e9tait \u00e9tonnamment juste (ce qui pour moi, en tant que scientifique, \u00e9tait un \u00e9l\u00e9ment fort comme preuve). Pensez donc, \u00e9crire un livre, moi qui \u00e9tait nul en orthographe avec un fran\u00e7ais des plus moyen!! Mais il fallait que je continue (c&rsquo;\u00e9tait en 1985). Je passe sur les \u00ab\u00a0gal\u00e8res\u00a0\u00bb et puis je trouve un \u00e9diteur, et miracle!! Guy Tr\u00e9daniel accepte de me publier!<\/span><\/p>\n<p> <span class=\"gmoyen\"><img decoding=\"async\" src=\"http:\/\/www.ac-am.fr\/wp-content\/uploads\/2016\/02\/ball_ro.gif\" alt=\"\" border=\"0\" \/> Vous imaginez ma joie lorsque mon premier livre est sorti&#8230; C&rsquo;est alors qu&rsquo;ont commenc\u00e9 les rencontres, les s\u00e9minaires, les clubs que je cr\u00e9ais ainsi que les passages sur Europe1, France Inter et autres radios p\u00e9riph\u00e9riques.<\/span><\/p>\n<p> <span class=\"gmoyen\"><i>[<a href=\"boites.htm#Michel01_O\">Michel O. &#8211; le 02-07-99<\/a>]<\/i><\/span><\/td>\n<\/tr>\n<\/tbody>\n<\/table>\n<\/td>\n<\/tr>\n<\/tbody>\n<\/table>\n<\/div>\n<div style=\"padding-bottom:20px; padding-top:10px;\" class=\"hupso-share-buttons\"><!-- Hupso Share Buttons - https:\/\/www.hupso.com\/share\/ --><a class=\"hupso_toolbar\" href=\"https:\/\/www.hupso.com\/share\/\"><img decoding=\"async\" src=\"https:\/\/static.hupso.com\/share\/buttons\/lang\/fr\/share.png\" style=\"border:0px; padding-top: 5px; float:left;\" alt=\"Share Button\"\/><\/a><script type=\"text\/javascript\">var hupso_services_t=new Array(\"Twitter\",\"Facebook\",\"Google Plus\");var hupso_background_t=\"#EAF4FF\";var hupso_border_t=\"#66CCFF\";var hupso_toolbar_size_t=\"big\";var hupso_image_folder_url = \"\";var hupso_url_t=\"\";var hupso_title_t=\"Un%20cheminement%20pas%20tout%20%C3%A0%20fait%20ordinaire.\";<\/script><script type=\"text\/javascript\" src=\"https:\/\/static.hupso.com\/share\/js\/share_toolbar.js\"><\/script><!-- Hupso Share Buttons --><\/div>","protected":false},"excerpt":{"rendered":"<p>Un cheminement pas tout \u00e0 fait ordinaire. Je suis n\u00e9 au Maroc. \u00c0 l&rsquo;\u00e2ge de&#8230;<\/p>\n","protected":false},"author":65,"featured_media":0,"comment_status":"closed","ping_status":"open","sticky":false,"template":"","format":"standard","meta":{"footnotes":""},"categories":[232],"tags":[],"class_list":["post-3035","post","type-post","status-publish","format-standard","hentry","category-1999-destin"],"yoast_head":"<!-- This site is optimized with the Yoast SEO plugin v26.9 - https:\/\/yoast.com\/product\/yoast-seo-wordpress\/ -->\n<title>Un cheminement pas tout \u00e0 fait ordinaire. - Autre Conscience, Autre Monde<\/title>\n<meta name=\"robots\" content=\"index, follow, max-snippet:-1, max-image-preview:large, max-video-preview:-1\" \/>\n<link rel=\"canonical\" href=\"https:\/\/www.ac-am.fr\/index.php\/1999\/07\/02\/un-cheminement-pas-tout-a-fait-ordinaire\/\" \/>\n<meta property=\"og:locale\" content=\"fr_FR\" \/>\n<meta property=\"og:type\" content=\"article\" \/>\n<meta property=\"og:title\" content=\"Un cheminement pas tout \u00e0 fait ordinaire. - Autre Conscience, Autre Monde\" \/>\n<meta property=\"og:description\" content=\"Un cheminement pas tout \u00e0 fait ordinaire. Je suis n\u00e9 au Maroc. \u00c0 l&rsquo;\u00e2ge de...\" \/>\n<meta property=\"og:url\" content=\"https:\/\/www.ac-am.fr\/index.php\/1999\/07\/02\/un-cheminement-pas-tout-a-fait-ordinaire\/\" \/>\n<meta property=\"og:site_name\" content=\"Autre Conscience, Autre Monde\" \/>\n<meta property=\"article:publisher\" content=\"https:\/\/fr-fr.facebook.com\/claude.acam\/\" \/>\n<meta property=\"article:published_time\" content=\"1999-07-02T07:48:53+00:00\" \/>\n<meta property=\"article:modified_time\" content=\"2016-03-16T08:20:59+00:00\" \/>\n<meta property=\"og:image\" content=\"http:\/\/www.ac-am.fr\/wp-content\/uploads\/2015\/09\/barre_vt.gif\" \/>\n<meta name=\"author\" content=\"Michel O.\" \/>\n<meta name=\"twitter:card\" content=\"summary_large_image\" \/>\n<meta name=\"twitter:label1\" content=\"\u00c9crit par\" \/>\n\t<meta name=\"twitter:data1\" content=\"Michel O.\" \/>\n\t<meta name=\"twitter:label2\" content=\"Dur\u00e9e de lecture estim\u00e9e\" \/>\n\t<meta name=\"twitter:data2\" content=\"5 minutes\" \/>\n<script type=\"application\/ld+json\" class=\"yoast-schema-graph\">{\"@context\":\"https:\/\/schema.org\",\"@graph\":[{\"@type\":\"Article\",\"@id\":\"https:\/\/www.ac-am.fr\/index.php\/1999\/07\/02\/un-cheminement-pas-tout-a-fait-ordinaire\/#article\",\"isPartOf\":{\"@id\":\"https:\/\/www.ac-am.fr\/index.php\/1999\/07\/02\/un-cheminement-pas-tout-a-fait-ordinaire\/\"},\"author\":{\"name\":\"Michel O.\",\"@id\":\"https:\/\/www.ac-am.fr\/#\/schema\/person\/24ab6470f137a4b865974f09aa354bbf\"},\"headline\":\"Un cheminement pas tout \u00e0 fait ordinaire.\",\"datePublished\":\"1999-07-02T07:48:53+00:00\",\"dateModified\":\"2016-03-16T08:20:59+00:00\",\"mainEntityOfPage\":{\"@id\":\"https:\/\/www.ac-am.fr\/index.php\/1999\/07\/02\/un-cheminement-pas-tout-a-fait-ordinaire\/\"},\"wordCount\":1026,\"publisher\":{\"@id\":\"https:\/\/www.ac-am.fr\/#organization\"},\"image\":{\"@id\":\"https:\/\/www.ac-am.fr\/index.php\/1999\/07\/02\/un-cheminement-pas-tout-a-fait-ordinaire\/#primaryimage\"},\"thumbnailUrl\":\"http:\/\/www.ac-am.fr\/wp-content\/uploads\/2015\/09\/barre_vt.gif\",\"articleSection\":[\"1999 \u2013 DESTIN\"],\"inLanguage\":\"fr-FR\"},{\"@type\":\"WebPage\",\"@id\":\"https:\/\/www.ac-am.fr\/index.php\/1999\/07\/02\/un-cheminement-pas-tout-a-fait-ordinaire\/\",\"url\":\"https:\/\/www.ac-am.fr\/index.php\/1999\/07\/02\/un-cheminement-pas-tout-a-fait-ordinaire\/\",\"name\":\"Un cheminement pas tout \u00e0 fait ordinaire. - Autre Conscience, Autre Monde\",\"isPartOf\":{\"@id\":\"https:\/\/www.ac-am.fr\/#website\"},\"primaryImageOfPage\":{\"@id\":\"https:\/\/www.ac-am.fr\/index.php\/1999\/07\/02\/un-cheminement-pas-tout-a-fait-ordinaire\/#primaryimage\"},\"image\":{\"@id\":\"https:\/\/www.ac-am.fr\/index.php\/1999\/07\/02\/un-cheminement-pas-tout-a-fait-ordinaire\/#primaryimage\"},\"thumbnailUrl\":\"http:\/\/www.ac-am.fr\/wp-content\/uploads\/2015\/09\/barre_vt.gif\",\"datePublished\":\"1999-07-02T07:48:53+00:00\",\"dateModified\":\"2016-03-16T08:20:59+00:00\",\"breadcrumb\":{\"@id\":\"https:\/\/www.ac-am.fr\/index.php\/1999\/07\/02\/un-cheminement-pas-tout-a-fait-ordinaire\/#breadcrumb\"},\"inLanguage\":\"fr-FR\",\"potentialAction\":[{\"@type\":\"ReadAction\",\"target\":[\"https:\/\/www.ac-am.fr\/index.php\/1999\/07\/02\/un-cheminement-pas-tout-a-fait-ordinaire\/\"]}]},{\"@type\":\"ImageObject\",\"inLanguage\":\"fr-FR\",\"@id\":\"https:\/\/www.ac-am.fr\/index.php\/1999\/07\/02\/un-cheminement-pas-tout-a-fait-ordinaire\/#primaryimage\",\"url\":\"https:\/\/www.ac-am.fr\/wp-content\/uploads\/2015\/09\/barre_vt.gif\",\"contentUrl\":\"https:\/\/www.ac-am.fr\/wp-content\/uploads\/2015\/09\/barre_vt.gif\",\"width\":550,\"height\":7,\"caption\":\"Barre verte\"},{\"@type\":\"BreadcrumbList\",\"@id\":\"https:\/\/www.ac-am.fr\/index.php\/1999\/07\/02\/un-cheminement-pas-tout-a-fait-ordinaire\/#breadcrumb\",\"itemListElement\":[{\"@type\":\"ListItem\",\"position\":1,\"name\":\"Accueil\",\"item\":\"https:\/\/www.ac-am.fr\/\"},{\"@type\":\"ListItem\",\"position\":2,\"name\":\"Un cheminement pas tout \u00e0 fait ordinaire.\"}]},{\"@type\":\"WebSite\",\"@id\":\"https:\/\/www.ac-am.fr\/#website\",\"url\":\"https:\/\/www.ac-am.fr\/\",\"name\":\"Autre Conscience, Autre Monde\",\"description\":\"\",\"publisher\":{\"@id\":\"https:\/\/www.ac-am.fr\/#organization\"},\"potentialAction\":[{\"@type\":\"SearchAction\",\"target\":{\"@type\":\"EntryPoint\",\"urlTemplate\":\"https:\/\/www.ac-am.fr\/?s={search_term_string}\"},\"query-input\":{\"@type\":\"PropertyValueSpecification\",\"valueRequired\":true,\"valueName\":\"search_term_string\"}}],\"inLanguage\":\"fr-FR\"},{\"@type\":\"Organization\",\"@id\":\"https:\/\/www.ac-am.fr\/#organization\",\"name\":\"Autre Conscience, Autre Monde\",\"url\":\"https:\/\/www.ac-am.fr\/\",\"logo\":{\"@type\":\"ImageObject\",\"inLanguage\":\"fr-FR\",\"@id\":\"https:\/\/www.ac-am.fr\/#\/schema\/logo\/image\/\",\"url\":\"https:\/\/www.ac-am.fr\/wp-content\/uploads\/2015\/10\/bd_ac_am.gif\",\"contentUrl\":\"https:\/\/www.ac-am.fr\/wp-content\/uploads\/2015\/10\/bd_ac_am.gif\",\"width\":370,\"height\":65,\"caption\":\"Autre Conscience, Autre Monde\"},\"image\":{\"@id\":\"https:\/\/www.ac-am.fr\/#\/schema\/logo\/image\/\"},\"sameAs\":[\"https:\/\/fr-fr.facebook.com\/claude.acam\/\",\"https:\/\/www.youtube.com\/user\/consciencemonde\"]},{\"@type\":\"Person\",\"@id\":\"https:\/\/www.ac-am.fr\/#\/schema\/person\/24ab6470f137a4b865974f09aa354bbf\",\"name\":\"Michel O.\",\"image\":{\"@type\":\"ImageObject\",\"inLanguage\":\"fr-FR\",\"@id\":\"https:\/\/www.ac-am.fr\/#\/schema\/person\/image\/\",\"url\":\"https:\/\/secure.gravatar.com\/avatar\/00bed1db60da435ea80afac9318f181cbd38b7eb37b49533db6310745494a634?s=96&d=identicon&r=g\",\"contentUrl\":\"https:\/\/secure.gravatar.com\/avatar\/00bed1db60da435ea80afac9318f181cbd38b7eb37b49533db6310745494a634?s=96&d=identicon&r=g\",\"caption\":\"Michel O.\"},\"url\":\"https:\/\/www.ac-am.fr\/index.php\/author\/michel-o\/\"}]}<\/script>\n<!-- \/ Yoast SEO plugin. -->","yoast_head_json":{"title":"Un cheminement pas tout \u00e0 fait ordinaire. - Autre Conscience, Autre Monde","robots":{"index":"index","follow":"follow","max-snippet":"max-snippet:-1","max-image-preview":"max-image-preview:large","max-video-preview":"max-video-preview:-1"},"canonical":"https:\/\/www.ac-am.fr\/index.php\/1999\/07\/02\/un-cheminement-pas-tout-a-fait-ordinaire\/","og_locale":"fr_FR","og_type":"article","og_title":"Un cheminement pas tout \u00e0 fait ordinaire. - Autre Conscience, Autre Monde","og_description":"Un cheminement pas tout \u00e0 fait ordinaire. Je suis n\u00e9 au Maroc. \u00c0 l&rsquo;\u00e2ge de...","og_url":"https:\/\/www.ac-am.fr\/index.php\/1999\/07\/02\/un-cheminement-pas-tout-a-fait-ordinaire\/","og_site_name":"Autre Conscience, Autre Monde","article_publisher":"https:\/\/fr-fr.facebook.com\/claude.acam\/","article_published_time":"1999-07-02T07:48:53+00:00","article_modified_time":"2016-03-16T08:20:59+00:00","og_image":[{"url":"http:\/\/www.ac-am.fr\/wp-content\/uploads\/2015\/09\/barre_vt.gif","type":"","width":"","height":""}],"author":"Michel O.","twitter_card":"summary_large_image","twitter_misc":{"\u00c9crit par":"Michel O.","Dur\u00e9e de lecture estim\u00e9e":"5 minutes"},"schema":{"@context":"https:\/\/schema.org","@graph":[{"@type":"Article","@id":"https:\/\/www.ac-am.fr\/index.php\/1999\/07\/02\/un-cheminement-pas-tout-a-fait-ordinaire\/#article","isPartOf":{"@id":"https:\/\/www.ac-am.fr\/index.php\/1999\/07\/02\/un-cheminement-pas-tout-a-fait-ordinaire\/"},"author":{"name":"Michel O.","@id":"https:\/\/www.ac-am.fr\/#\/schema\/person\/24ab6470f137a4b865974f09aa354bbf"},"headline":"Un cheminement pas tout \u00e0 fait ordinaire.","datePublished":"1999-07-02T07:48:53+00:00","dateModified":"2016-03-16T08:20:59+00:00","mainEntityOfPage":{"@id":"https:\/\/www.ac-am.fr\/index.php\/1999\/07\/02\/un-cheminement-pas-tout-a-fait-ordinaire\/"},"wordCount":1026,"publisher":{"@id":"https:\/\/www.ac-am.fr\/#organization"},"image":{"@id":"https:\/\/www.ac-am.fr\/index.php\/1999\/07\/02\/un-cheminement-pas-tout-a-fait-ordinaire\/#primaryimage"},"thumbnailUrl":"http:\/\/www.ac-am.fr\/wp-content\/uploads\/2015\/09\/barre_vt.gif","articleSection":["1999 \u2013 DESTIN"],"inLanguage":"fr-FR"},{"@type":"WebPage","@id":"https:\/\/www.ac-am.fr\/index.php\/1999\/07\/02\/un-cheminement-pas-tout-a-fait-ordinaire\/","url":"https:\/\/www.ac-am.fr\/index.php\/1999\/07\/02\/un-cheminement-pas-tout-a-fait-ordinaire\/","name":"Un cheminement pas tout \u00e0 fait ordinaire. - Autre Conscience, Autre Monde","isPartOf":{"@id":"https:\/\/www.ac-am.fr\/#website"},"primaryImageOfPage":{"@id":"https:\/\/www.ac-am.fr\/index.php\/1999\/07\/02\/un-cheminement-pas-tout-a-fait-ordinaire\/#primaryimage"},"image":{"@id":"https:\/\/www.ac-am.fr\/index.php\/1999\/07\/02\/un-cheminement-pas-tout-a-fait-ordinaire\/#primaryimage"},"thumbnailUrl":"http:\/\/www.ac-am.fr\/wp-content\/uploads\/2015\/09\/barre_vt.gif","datePublished":"1999-07-02T07:48:53+00:00","dateModified":"2016-03-16T08:20:59+00:00","breadcrumb":{"@id":"https:\/\/www.ac-am.fr\/index.php\/1999\/07\/02\/un-cheminement-pas-tout-a-fait-ordinaire\/#breadcrumb"},"inLanguage":"fr-FR","potentialAction":[{"@type":"ReadAction","target":["https:\/\/www.ac-am.fr\/index.php\/1999\/07\/02\/un-cheminement-pas-tout-a-fait-ordinaire\/"]}]},{"@type":"ImageObject","inLanguage":"fr-FR","@id":"https:\/\/www.ac-am.fr\/index.php\/1999\/07\/02\/un-cheminement-pas-tout-a-fait-ordinaire\/#primaryimage","url":"https:\/\/www.ac-am.fr\/wp-content\/uploads\/2015\/09\/barre_vt.gif","contentUrl":"https:\/\/www.ac-am.fr\/wp-content\/uploads\/2015\/09\/barre_vt.gif","width":550,"height":7,"caption":"Barre verte"},{"@type":"BreadcrumbList","@id":"https:\/\/www.ac-am.fr\/index.php\/1999\/07\/02\/un-cheminement-pas-tout-a-fait-ordinaire\/#breadcrumb","itemListElement":[{"@type":"ListItem","position":1,"name":"Accueil","item":"https:\/\/www.ac-am.fr\/"},{"@type":"ListItem","position":2,"name":"Un cheminement pas tout \u00e0 fait ordinaire."}]},{"@type":"WebSite","@id":"https:\/\/www.ac-am.fr\/#website","url":"https:\/\/www.ac-am.fr\/","name":"Autre Conscience, Autre Monde","description":"","publisher":{"@id":"https:\/\/www.ac-am.fr\/#organization"},"potentialAction":[{"@type":"SearchAction","target":{"@type":"EntryPoint","urlTemplate":"https:\/\/www.ac-am.fr\/?s={search_term_string}"},"query-input":{"@type":"PropertyValueSpecification","valueRequired":true,"valueName":"search_term_string"}}],"inLanguage":"fr-FR"},{"@type":"Organization","@id":"https:\/\/www.ac-am.fr\/#organization","name":"Autre Conscience, Autre Monde","url":"https:\/\/www.ac-am.fr\/","logo":{"@type":"ImageObject","inLanguage":"fr-FR","@id":"https:\/\/www.ac-am.fr\/#\/schema\/logo\/image\/","url":"https:\/\/www.ac-am.fr\/wp-content\/uploads\/2015\/10\/bd_ac_am.gif","contentUrl":"https:\/\/www.ac-am.fr\/wp-content\/uploads\/2015\/10\/bd_ac_am.gif","width":370,"height":65,"caption":"Autre Conscience, Autre Monde"},"image":{"@id":"https:\/\/www.ac-am.fr\/#\/schema\/logo\/image\/"},"sameAs":["https:\/\/fr-fr.facebook.com\/claude.acam\/","https:\/\/www.youtube.com\/user\/consciencemonde"]},{"@type":"Person","@id":"https:\/\/www.ac-am.fr\/#\/schema\/person\/24ab6470f137a4b865974f09aa354bbf","name":"Michel O.","image":{"@type":"ImageObject","inLanguage":"fr-FR","@id":"https:\/\/www.ac-am.fr\/#\/schema\/person\/image\/","url":"https:\/\/secure.gravatar.com\/avatar\/00bed1db60da435ea80afac9318f181cbd38b7eb37b49533db6310745494a634?s=96&d=identicon&r=g","contentUrl":"https:\/\/secure.gravatar.com\/avatar\/00bed1db60da435ea80afac9318f181cbd38b7eb37b49533db6310745494a634?s=96&d=identicon&r=g","caption":"Michel O."},"url":"https:\/\/www.ac-am.fr\/index.php\/author\/michel-o\/"}]}},"_links":{"self":[{"href":"https:\/\/www.ac-am.fr\/index.php\/wp-json\/wp\/v2\/posts\/3035","targetHints":{"allow":["GET"]}}],"collection":[{"href":"https:\/\/www.ac-am.fr\/index.php\/wp-json\/wp\/v2\/posts"}],"about":[{"href":"https:\/\/www.ac-am.fr\/index.php\/wp-json\/wp\/v2\/types\/post"}],"author":[{"embeddable":true,"href":"https:\/\/www.ac-am.fr\/index.php\/wp-json\/wp\/v2\/users\/65"}],"replies":[{"embeddable":true,"href":"https:\/\/www.ac-am.fr\/index.php\/wp-json\/wp\/v2\/comments?post=3035"}],"version-history":[{"count":3,"href":"https:\/\/www.ac-am.fr\/index.php\/wp-json\/wp\/v2\/posts\/3035\/revisions"}],"predecessor-version":[{"id":3038,"href":"https:\/\/www.ac-am.fr\/index.php\/wp-json\/wp\/v2\/posts\/3035\/revisions\/3038"}],"wp:attachment":[{"href":"https:\/\/www.ac-am.fr\/index.php\/wp-json\/wp\/v2\/media?parent=3035"}],"wp:term":[{"taxonomy":"category","embeddable":true,"href":"https:\/\/www.ac-am.fr\/index.php\/wp-json\/wp\/v2\/categories?post=3035"},{"taxonomy":"post_tag","embeddable":true,"href":"https:\/\/www.ac-am.fr\/index.php\/wp-json\/wp\/v2\/tags?post=3035"}],"curies":[{"name":"wp","href":"https:\/\/api.w.org\/{rel}","templated":true}]}}