{"id":3203,"date":"2005-12-28T20:04:19","date_gmt":"2005-12-28T19:04:19","guid":{"rendered":"https:\/\/www.ac-am.fr\/?p=3203"},"modified":"2016-05-03T17:01:27","modified_gmt":"2016-05-03T16:01:27","slug":"lenigme-de-baian-kara-oula-tibet-sommes","status":"publish","type":"post","link":"https:\/\/www.ac-am.fr\/index.php\/2005\/12\/28\/lenigme-de-baian-kara-oula-tibet-sommes\/","title":{"rendered":"L&rsquo;\u00e9nigme de Ba\u00efan Kara Oula au Tibet. O\u00f9 en sommes-nous ?"},"content":{"rendered":"<div id=\"histoire\" style=\"background-attachment: fixed; border: 2px solid #000000; border-radius: 10px; opacity: 0.90;\">\n<table class=\"aligncenter\" style=\"width: 600px;\" border=\"0\">\n<tbody>\n<tr>\n<td>\n<table class=\"aligncenter\" style=\"width: 567px; height: 190px;\" border=\"0\">\n<tbody>\n<tr>\n<td><img decoding=\"async\" class=\"aligncenter\" src=\"http:\/\/www.ac-am.fr\/wp-content\/uploads\/2015\/09\/barre01.gif\" alt=\"\" border=\"0\" \/><\/td>\n<\/tr>\n<tr>\n<td style=\"text-align: left;\"><img loading=\"lazy\" decoding=\"async\" src=\"http:\/\/www.ac-am.fr\/wp-content\/uploads\/2015\/10\/histoire.gif\" alt=\"\" width=\"380\" height=\"100\" border=\"0\" \/><img loading=\"lazy\" decoding=\"async\" src=\"http:\/\/www.ac-am.fr\/wp-content\/uploads\/2015\/10\/cal2005.gif\" alt=\"Ann\u00e9e 2005\" width=\"150\" height=\"100\" border=\"0\" \/><\/td>\n<\/tr>\n<tr>\n<td><img decoding=\"async\" class=\"aligncenter\" src=\"http:\/\/www.ac-am.fr\/wp-content\/uploads\/2015\/09\/barre01.gif\" alt=\"\" border=\"0\" \/><\/td>\n<\/tr>\n<\/tbody>\n<\/table>\n<table class=\"aligncenter\" style=\"width: 590px;\" border=\"0\">\n<tbody>\n<tr>\n<td><a name=\"Article02\"><\/a><b class=\"ntitre1\"><i>L&rsquo;\u00e9nigme de Ba\u00efan Kara Oula au Tibet. O\u00f9 en sommes-nous?<\/i><\/b><\/td>\n<\/tr>\n<tr>\n<td colspan=\"2\"><img decoding=\"async\" class=\"aligncenter\" src=\"http:\/\/www.ac-am.fr\/wp-content\/uploads\/2015\/09\/barre01.gif\" alt=\"\" border=\"0\" \/><\/td>\n<\/tr>\n<tr>\n<td style=\"text-align: left;\"><span class=\"gmoyen\"><img decoding=\"async\" src=\"http:\/\/www.ac-am.fr\/wp-content\/uploads\/2015\/09\/balle02.gif\" alt=\"\" border=\"0\" \/> Sungods in Exile (\u00ab L&rsquo;exil des dieux-soleil \u00bb) est un livre publi\u00e9 en 1978 sous le pseudonyme de David Agamon. Cet ouvrage pr\u00e9tend \u00eatre bas\u00e9 sur les notes d&rsquo;un Dr Karyl Robin-Evans, qui, selon Agamon, aurait \u00e9t\u00e9 professeur \u00e0 l&rsquo;universit\u00e9 d&rsquo;Oxford.<\/span><\/p>\n<p> <span class=\"gmoyen\"><img decoding=\"async\" src=\"http:\/\/www.ac-am.fr\/wp-content\/uploads\/2015\/09\/balle02.gif\" alt=\"\" border=\"0\" \/> L&rsquo;histoire est celle d&rsquo;une exp\u00e9dition men\u00e9e en 1947 au Tibet et pendant laquelle une \u00e9quipe scientifique visite la cordill\u00e8re de Bayan Har et rencontre la tribu Dropa, d&rsquo;origine extraterrestre et dont le vaisseau se serait \u00e9cras\u00e9 sur la Terre. Le livre pr\u00e9sente des photographies de <a href=\"http:\/\/www.ac-am.fr\/index.php\/2003\/07\/24\/lenigme-de-baian-kara-oula-au-tibet\/\" target=\"_self\">la tribu et de pierres circulaires (les dropas)<\/a> qui contiendraient des messages de ces entit\u00e9s.<\/span><\/td>\n<\/tr>\n<tr>\n<td style=\"text-align: center;\">\n<table border=\"0\">\n<tbody>\n<tr>\n<td><img loading=\"lazy\" decoding=\"async\" src=\"http:\/\/www.ac-am.fr\/wp-content\/uploads\/2016\/04\/disque_dropa02.jpg\" alt=\"\" width=\"272\" height=\"392\" border=\"0\" \/><\/td>\n<td><img loading=\"lazy\" decoding=\"async\" src=\"http:\/\/www.ac-am.fr\/wp-content\/uploads\/2016\/04\/disque_dopa04.png\" alt=\"\" width=\"272\" height=\"367\" border=\"0\" \/><\/td>\n<\/tr>\n<\/tbody>\n<\/table>\n<\/td>\n<\/tr>\n<tr>\n<td style=\"text-align: left;\"><span class=\"gmoyen\"><img decoding=\"async\" src=\"http:\/\/www.ac-am.fr\/wp-content\/uploads\/2015\/09\/balle02.gif\" alt=\"\" border=\"0\" \/> Les dropas apparaissent r\u00e9guli\u00e8rement dans la sous-culture ufologiste, et l&rsquo;auteur Hartwig Hausdorf en a popularis\u00e9 l&rsquo;histoire dans son livre Le Roswell chinois publi\u00e9 en 1998. Diverses variations sur le m\u00eame th\u00e8me ont par la suite ajout\u00e9 un professeur Tsum Um Nui de l&rsquo;universit\u00e9 de P\u00e9kin, qui aurait d\u00e9cod\u00e9 les inscriptions sur les pierres.<\/span><\/p>\n<p> <span class=\"gmoyen\"><img decoding=\"async\" src=\"http:\/\/www.ac-am.fr\/wp-content\/uploads\/2015\/09\/balle02.gif\" alt=\"\" border=\"0\" \/> En 1995, l&rsquo;auteur britannique David Gamon admit dans un entretien au magazine Fortean Times qu&rsquo;il \u00e9tait bel et bien l&rsquo;auteur de Sungods in exile1, inspir\u00e9 par la popularit\u00e9 d&rsquo;Erich von D\u00e4niken et sa th\u00e9orie des anciens astronautes. L&rsquo;essentiel des sources utilis\u00e9es pour la r\u00e9daction du livre proviennent d&rsquo;un article de Russian Digest des ann\u00e9es 1960 et d&rsquo;un livre de science-fiction de l&rsquo;auteur fran\u00e7ais Daniel Piret intitul\u00e9 Les disques de Biem-Kara.<\/span><\/p>\n<p> <span class=\"ntitre1\" style=\"color: #000000;\"><u>1947 &#8211; R\u00e9sum\u00e9:<\/u><\/span><\/p>\n<p> <span class=\"gmoyen\"><img decoding=\"async\" src=\"http:\/\/www.ac-am.fr\/wp-content\/uploads\/2015\/09\/balle02.gif\" alt=\"\" border=\"0\" \/> Le docteur Robin-Evans effectua un voyage pour le pays myst\u00e9rieux des Dzopas, traversant Lhasa (Tibet) o\u00f9 il obtint une audience avec le 14\u00e8me Dalai Lama. Sur la route de cette r\u00e9gion particuli\u00e8rement difficile d&rsquo;acc\u00e8s du nord-est de l&rsquo;Himalaya, le scientifique anglais fut abandonn\u00e9 par ses porteurs tib\u00e9tains \u2014 particuli\u00e8rement effray\u00e9s par Baian-Kara-Ula \u2014 et ce ne fut qu&rsquo;au terme d&rsquo;un incroyable effort qu&rsquo;il r\u00e9ussit \u00e0 gagner sa destination. Apr\u00e8s avoir gagn\u00e9 la confiance des indig\u00e8nes, le docteur Karyl Robin-Evans re\u00e7u les enseignements d&rsquo;un professeur de langue locale qui lui appris les bases de la langue Dzopa et il apprit de Lurgan-La, gardien de la religion des Dzopa, l&rsquo;histoire des Dzopas. Lurgan-La indiqua qu&rsquo;ils (les Dzopas) venaient originellement d&rsquo;un plan\u00e8te du syst\u00e8me de Sirius. Ils avaient entrepris \u2014 il y a environ 20 000 puis en l&rsquo;ann\u00e9e 1014 \u2014 2 missions d&rsquo;exploration sur Terre. En 1014 eu lieu un crash qui ne permit pas aux survivants de l&rsquo;accident de repartir de la Terre.<\/span><\/p>\n<p> <span class=\"ntitre1\" style=\"color: #000000;\"><u>1962 &#8211; R\u00e9sum\u00e9:<\/u><\/span><\/p>\n<p> <span class=\"gmoyen\"><img decoding=\"async\" src=\"http:\/\/www.ac-am.fr\/wp-content\/uploads\/2015\/09\/balle02.gif\" alt=\"\" border=\"0\" \/> En 1962, un autre scientifique chinois d\u00e9code finalement le message sur les disques.<\/span><\/td>\n<\/tr>\n<tr>\n<td style=\"text-align: center;\">\n<table border=\"0\">\n<tbody>\n<tr>\n<td><img decoding=\"async\" src=\"http:\/\/www.ac-am.fr\/wp-content\/uploads\/2016\/04\/disque_dropa03.jpg\" alt=\"\" width=\"544\" height=\"\" border=\"0\" \/><\/td>\n<\/tr>\n<\/tbody>\n<\/table>\n<\/td>\n<\/tr>\n<tr>\n<td style=\"text-align: left;\"><span class=\"gmoyen\"><img decoding=\"async\" src=\"http:\/\/www.ac-am.fr\/wp-content\/uploads\/2015\/09\/balle02.gif\" alt=\"\" border=\"0\" \/> Le professeur Tsum Um Nui entreprit de d\u00e9coder et traduire partiellement les disques de pierre et publia ses d\u00e9couvertes, qui furent si extraordinaires que l&rsquo;acad\u00e9mie des sciences de Pekin interdit tout d&rsquo;abord leur publication. Le rapport du professeur Tsum Um Nui racontait l&rsquo;histoire d&rsquo;un groupe d&rsquo;individus \u2014 appel\u00e9s les Dropas \u2014 dont le vaisseau spatial s&rsquo;\u00e9tait \u00e9cras\u00e9 dans les montagnes Baian-Kara-Ula il y a 12 000 ans de cela et qui, apr\u00e8s avoir r\u00e9alis\u00e9 l&rsquo;impossibilit\u00e9 de quitter la Terre \u00e0 nouveau, avait d\u00fb supporter un environnement assez hostile afin de survivre. Le professeur Tsum Um Nui publia son rapport apr\u00e8s en avoir re\u00e7u la permission de l&rsquo;acad\u00e9mie, ce qui lui valut la moquerie de nombreux arch\u00e9ologues. Attrist\u00e9 par ces \u00e9v\u00e9nements, le professeur Tsum Um Nui \u00e9migra au Japon, o\u00f9 il mourut en 1965.<\/span><\/p>\n<p> <span class=\"ntitre1\" style=\"color: #000000;\"><u>Les disques &#8211; R\u00e9sum\u00e9:<\/u><\/span><\/p>\n<p> <span class=\"gmoyen\"><img decoding=\"async\" src=\"http:\/\/www.ac-am.fr\/wp-content\/uploads\/2015\/09\/balle02.gif\" alt=\"\" border=\"0\" \/> A moiti\u00e9 enterr\u00e9 dans le sol de la caverne, un disque en pierre, \u00e9videmment fa\u00e7onn\u00e9 par la main d&rsquo;une cr\u00e9ature intelligente. Le disque faisait approximativement neuf pouces de diam\u00e8tre et trois quarts de pouce d\u2019\u00e9paisseur. Au centre exact du rond, un trou, et une cannelure fine se d\u00e9veloppant en spirales du centre jusqu\u2019au bord, comme un genre de disque primitif de phonographe.<\/span><\/p>\n<p> <span class=\"gmoyen\"><img decoding=\"async\" src=\"http:\/\/www.ac-am.fr\/wp-content\/uploads\/2015\/09\/balle02.gif\" alt=\"\" border=\"0\" \/> Le disque, est dat\u00e9s entre 10.000 et 12.000 ans, de loin plus vieux que les grandes pyramides d\u2019Egypte, c\u2019\u00e9tait fantastique, en tout, 716 disques ont \u00e9t\u00e9 trouv\u00e9s. Et chacun contient un secret incroyable. La cannelure, lors davantage d&rsquo;inspection, n&rsquo;\u00e9tait pas une cannelure du tout, mais une ligne continue de hi\u00e9roglyphes, \u00e9tranges \u00e9criture !<\/span><\/p>\n<p> <span class=\"gmoyen\"><img decoding=\"async\" src=\"http:\/\/www.ac-am.fr\/wp-content\/uploads\/2015\/09\/balle02.gif\" alt=\"\" border=\"0\" \/> Les caract\u00e8res minuscules et presque microscopiques \u00e9taient dans une langue jamais vue au paravent. Ce n&rsquo;est qu&rsquo;en 1962 qu&rsquo;un autre scientifique chinois pourra d\u00e9coder le message des disques en pierre &#8211; un message si incroyable que le d\u00e9partement de pr\u00e9histoire de l&rsquo;acad\u00e9mie de Beijing a interdit d\u2019\u00e9diter sa traduction. Par la suite, le message a \u00e9t\u00e9 enfin rendu public, et ce qui est indiqu\u00e9 vous \u00e9tonnera.<\/span><\/p>\n<p> <span class=\"ntitre1\" style=\"color: #000000;\"><u>1968 &#8211; R\u00e9sum\u00e9:<\/u><\/span><\/p>\n<p> <span class=\"gmoyen\"><img decoding=\"async\" src=\"http:\/\/www.ac-am.fr\/wp-content\/uploads\/2015\/09\/balle02.gif\" alt=\"\" border=\"0\" \/> En 1968 le scientifique russe W. Zaitsev publia un article \u00e0 sensation d\u00e9clenchant un grand int\u00e9r\u00eat quant au sujet des extraterrestres ayant visit\u00e9 la Terre par le pass\u00e9. Certaines informations pr\u00e9sent\u00e9es dans son article \u00e9taient bas\u00e9es sur les travaux qu&rsquo;effectua le professeur Tsum Um Nui en 1962.<\/span><\/td>\n<\/tr>\n<tr>\n<td style=\"text-align: center;\">\n<table border=\"0\">\n<tbody>\n<tr>\n<td><img loading=\"lazy\" decoding=\"async\" src=\"http:\/\/www.ac-am.fr\/wp-content\/uploads\/2016\/04\/disque_dropa01.jpg\" alt=\"\" width=\"221\" height=\"227\" border=\"0\" \/><\/td>\n<td><img loading=\"lazy\" decoding=\"async\" src=\"http:\/\/www.ac-am.fr\/wp-content\/uploads\/2016\/05\/disque_dropa05.jpg\" alt=\"\" width=\"318\" height=\"200\" border=\"0\" \/><\/td>\n<\/tr>\n<\/tbody>\n<\/table>\n<\/td>\n<\/tr>\n<tr>\n<td style=\"text-align: left;\"><span class=\"gmoyen\"><img decoding=\"async\" src=\"http:\/\/www.ac-am.fr\/wp-content\/uploads\/2015\/09\/balle02.gif\" alt=\"\" border=\"0\" \/> En examinant un disque avec un oscillographe, un rythme \u00e9tonnant d&rsquo;oscillation a \u00e9t\u00e9 enregistr\u00e9 comme si, par le pass\u00e9, ils avaient \u00e9t\u00e9 \u00e9lectriquement charg\u00e9s ou avaient fonctionn\u00e9 comme conducteurs \u00e9lectriques. Les pierres des Dropa ressembles \u00e0 un puzzle intrigant pour des arch\u00e9ologues et des anthropologues. Est-ce que les visiteurs de Dropa viennent vraiment d&rsquo;une certaine plan\u00e8te \u00e9loign\u00e9e, ou leur histoire est simplement un mythe de la cr\u00e9ation qui aurait \u00e9t\u00e9 imagin\u00e9 par une culture primitive ? Si c\u2019est le cas, il additionne un tel \u00ab\u00a0mythe\u00a0\u00bb au grand nombre d&rsquo;histoires de cultures antiques qui r\u00e9clament que leurs descendants sont venus des cieux. Si non, les pierres de Dropa pourraient repr\u00e9senter la premi\u00e8re visite enregistr\u00e9e d&rsquo;une civilisation \u00e9trang\u00e8re \u00e0 notre plan\u00e8te. Pour l\u2019instant, les pierres de Dropa restent non expliqu\u00e9es.<\/span><\/p>\n<p> <span class=\"ntitre1\" style=\"color: #000000;\"><u>1995 &#8211; R\u00e9sum\u00e9:<\/u><\/span><\/p>\n<p> <span class=\"gmoyen\"><img decoding=\"async\" src=\"http:\/\/www.ac-am.fr\/wp-content\/uploads\/2015\/09\/balle02.gif\" alt=\"\" border=\"0\" \/> En 1995 des nouvelles remarquables vinrent de Chine : dans la province de Sichuan, situ\u00e9e du c\u00f4t\u00e9 est des montagnes Baian-Kara-Ula, 120 membres d&rsquo;une tribu jusqu&rsquo;ici ethnologiquement non class\u00e9e furent d\u00e9couverts. L&rsquo;aspect le plus important de cette nouvelle tribu est la taille de ses membres : pas plus grands que 3 pieds 10 pouces, le plus petit adulte mesurant seulement 2 pieds 1 pouce !<\/span><\/p>\n<p> <span class=\"gmoyen\"><img decoding=\"async\" src=\"http:\/\/www.ac-am.fr\/wp-content\/uploads\/2015\/09\/balle02.gif\" alt=\"\" border=\"0\" \/> Cette d\u00e9couverte pourrait \u00eatre la premi\u00e8re preuve solide de l&rsquo;existence des Dropas\/Dzopas &#8211; un peuple dont les anc\u00eatres sont suppos\u00e9s \u00eatre venu de l&rsquo;espace.<\/span><\/p>\n<p> <span class=\"ntitre1\" style=\"color: #000000;\"><u>Conclusion:<\/u><\/span><\/p>\n<p> <span class=\"gmoyen\"><img decoding=\"async\" src=\"http:\/\/www.ac-am.fr\/wp-content\/uploads\/2015\/09\/balle02.gif\" alt=\"\" border=\"0\" \/> Toujours de la r\u00e9tention d&rsquo;information&#8230; D&rsquo;apr\u00e8s la description du peuple Dropa, ces \u00ab\u00a0Fr\u00e8res de l&rsquo;espace\u00a0\u00bb avaient de grosses t\u00eates et des corps fr\u00eales. Cela ne vous rappelle rien ? On en revient toujours aux m\u00eames conclusions, la non acceptation de races diff\u00e9rentes de la notre, provenant de l&rsquo;espace et ayant pour certaines, laiss\u00e9es des descendants&#8230;<\/span><\/td>\n<\/tr>\n<\/tbody>\n<\/table>\n<\/td>\n<\/tr>\n<\/tbody>\n<\/table>\n<\/div>\n<div style=\"padding-bottom:20px; padding-top:10px;\" class=\"hupso-share-buttons\"><!-- Hupso Share Buttons - https:\/\/www.hupso.com\/share\/ --><a class=\"hupso_toolbar\" href=\"https:\/\/www.hupso.com\/share\/\"><img decoding=\"async\" src=\"https:\/\/static.hupso.com\/share\/buttons\/lang\/fr\/share.png\" style=\"border:0px; padding-top: 5px; float:left;\" alt=\"Share Button\"\/><\/a><script type=\"text\/javascript\">var hupso_services_t=new Array(\"Twitter\",\"Facebook\",\"Google Plus\");var hupso_background_t=\"#EAF4FF\";var hupso_border_t=\"#66CCFF\";var hupso_toolbar_size_t=\"big\";var hupso_image_folder_url = \"\";var hupso_url_t=\"\";var hupso_title_t=\"L%27%C3%A9nigme%20de%20Ba%C3%AFan%20Kara%20Oula%20au%20Tibet.%20O%C3%B9%20en%20sommes-nous%20%3F\";<\/script><script type=\"text\/javascript\" src=\"https:\/\/static.hupso.com\/share\/js\/share_toolbar.js\"><\/script><!-- Hupso Share Buttons --><\/div>","protected":false},"excerpt":{"rendered":"<p>L&rsquo;\u00e9nigme de Ba\u00efan Kara Oula au Tibet. O\u00f9 en sommes-nous? Sungods in Exile (\u00ab L&rsquo;exil&#8230;<\/p>\n","protected":false},"author":1,"featured_media":0,"comment_status":"closed","ping_status":"open","sticky":false,"template":"","format":"standard","meta":{"footnotes":""},"categories":[288],"tags":[],"class_list":["post-3203","post","type-post","status-publish","format-standard","hentry","category-2005-petite-histoire-ou"],"yoast_head":"<!-- This site is optimized with the Yoast SEO plugin v26.9 - https:\/\/yoast.com\/product\/yoast-seo-wordpress\/ -->\n<title>L&#039;\u00e9nigme de Ba\u00efan Kara Oula au Tibet. O\u00f9 en sommes-nous ? - Autre Conscience, Autre Monde<\/title>\n<meta name=\"robots\" content=\"index, follow, max-snippet:-1, max-image-preview:large, max-video-preview:-1\" \/>\n<link rel=\"canonical\" href=\"https:\/\/www.ac-am.fr\/index.php\/2005\/12\/28\/lenigme-de-baian-kara-oula-tibet-sommes\/\" \/>\n<meta property=\"og:locale\" content=\"fr_FR\" \/>\n<meta property=\"og:type\" content=\"article\" \/>\n<meta property=\"og:title\" content=\"L&#039;\u00e9nigme de Ba\u00efan Kara Oula au Tibet. O\u00f9 en sommes-nous ? - Autre Conscience, Autre Monde\" \/>\n<meta property=\"og:description\" content=\"L&rsquo;\u00e9nigme de Ba\u00efan Kara Oula au Tibet. O\u00f9 en sommes-nous? Sungods in Exile (\u00ab L&rsquo;exil...\" \/>\n<meta property=\"og:url\" content=\"https:\/\/www.ac-am.fr\/index.php\/2005\/12\/28\/lenigme-de-baian-kara-oula-tibet-sommes\/\" \/>\n<meta property=\"og:site_name\" content=\"Autre Conscience, Autre Monde\" \/>\n<meta property=\"article:publisher\" content=\"https:\/\/fr-fr.facebook.com\/claude.acam\/\" \/>\n<meta property=\"article:published_time\" content=\"2005-12-28T19:04:19+00:00\" \/>\n<meta property=\"article:modified_time\" content=\"2016-05-03T16:01:27+00:00\" \/>\n<meta property=\"og:image\" content=\"http:\/\/www.ac-am.fr\/wp-content\/uploads\/2015\/09\/barre01.gif\" \/>\n<meta name=\"author\" content=\"Jupiter\" \/>\n<meta name=\"twitter:card\" content=\"summary_large_image\" \/>\n<meta name=\"twitter:label1\" content=\"\u00c9crit par\" \/>\n\t<meta name=\"twitter:data1\" content=\"Jupiter\" \/>\n\t<meta name=\"twitter:label2\" content=\"Dur\u00e9e de lecture estim\u00e9e\" \/>\n\t<meta name=\"twitter:data2\" content=\"6 minutes\" \/>\n<script type=\"application\/ld+json\" class=\"yoast-schema-graph\">{\"@context\":\"https:\/\/schema.org\",\"@graph\":[{\"@type\":\"Article\",\"@id\":\"https:\/\/www.ac-am.fr\/index.php\/2005\/12\/28\/lenigme-de-baian-kara-oula-tibet-sommes\/#article\",\"isPartOf\":{\"@id\":\"https:\/\/www.ac-am.fr\/index.php\/2005\/12\/28\/lenigme-de-baian-kara-oula-tibet-sommes\/\"},\"author\":{\"name\":\"Jupiter\",\"@id\":\"https:\/\/www.ac-am.fr\/#\/schema\/person\/29422e9df875986c42a1060d0eee5f89\"},\"headline\":\"L&rsquo;\u00e9nigme de Ba\u00efan Kara Oula au Tibet. O\u00f9 en sommes-nous ?\",\"datePublished\":\"2005-12-28T19:04:19+00:00\",\"dateModified\":\"2016-05-03T16:01:27+00:00\",\"mainEntityOfPage\":{\"@id\":\"https:\/\/www.ac-am.fr\/index.php\/2005\/12\/28\/lenigme-de-baian-kara-oula-tibet-sommes\/\"},\"wordCount\":1185,\"publisher\":{\"@id\":\"https:\/\/www.ac-am.fr\/#organization\"},\"image\":{\"@id\":\"https:\/\/www.ac-am.fr\/index.php\/2005\/12\/28\/lenigme-de-baian-kara-oula-tibet-sommes\/#primaryimage\"},\"thumbnailUrl\":\"http:\/\/www.ac-am.fr\/wp-content\/uploads\/2015\/09\/barre01.gif\",\"articleSection\":[\"2005 \u2013 PETITE HISTOIRE OU\u2026\"],\"inLanguage\":\"fr-FR\"},{\"@type\":\"WebPage\",\"@id\":\"https:\/\/www.ac-am.fr\/index.php\/2005\/12\/28\/lenigme-de-baian-kara-oula-tibet-sommes\/\",\"url\":\"https:\/\/www.ac-am.fr\/index.php\/2005\/12\/28\/lenigme-de-baian-kara-oula-tibet-sommes\/\",\"name\":\"L'\u00e9nigme de Ba\u00efan Kara Oula au Tibet. O\u00f9 en sommes-nous ? - Autre Conscience, Autre Monde\",\"isPartOf\":{\"@id\":\"https:\/\/www.ac-am.fr\/#website\"},\"primaryImageOfPage\":{\"@id\":\"https:\/\/www.ac-am.fr\/index.php\/2005\/12\/28\/lenigme-de-baian-kara-oula-tibet-sommes\/#primaryimage\"},\"image\":{\"@id\":\"https:\/\/www.ac-am.fr\/index.php\/2005\/12\/28\/lenigme-de-baian-kara-oula-tibet-sommes\/#primaryimage\"},\"thumbnailUrl\":\"http:\/\/www.ac-am.fr\/wp-content\/uploads\/2015\/09\/barre01.gif\",\"datePublished\":\"2005-12-28T19:04:19+00:00\",\"dateModified\":\"2016-05-03T16:01:27+00:00\",\"breadcrumb\":{\"@id\":\"https:\/\/www.ac-am.fr\/index.php\/2005\/12\/28\/lenigme-de-baian-kara-oula-tibet-sommes\/#breadcrumb\"},\"inLanguage\":\"fr-FR\",\"potentialAction\":[{\"@type\":\"ReadAction\",\"target\":[\"https:\/\/www.ac-am.fr\/index.php\/2005\/12\/28\/lenigme-de-baian-kara-oula-tibet-sommes\/\"]}]},{\"@type\":\"ImageObject\",\"inLanguage\":\"fr-FR\",\"@id\":\"https:\/\/www.ac-am.fr\/index.php\/2005\/12\/28\/lenigme-de-baian-kara-oula-tibet-sommes\/#primaryimage\",\"url\":\"https:\/\/www.ac-am.fr\/wp-content\/uploads\/2015\/09\/barre01.gif\",\"contentUrl\":\"https:\/\/www.ac-am.fr\/wp-content\/uploads\/2015\/09\/barre01.gif\",\"width\":550,\"height\":7,\"caption\":\"Barre couleur argent\"},{\"@type\":\"BreadcrumbList\",\"@id\":\"https:\/\/www.ac-am.fr\/index.php\/2005\/12\/28\/lenigme-de-baian-kara-oula-tibet-sommes\/#breadcrumb\",\"itemListElement\":[{\"@type\":\"ListItem\",\"position\":1,\"name\":\"Accueil\",\"item\":\"https:\/\/www.ac-am.fr\/\"},{\"@type\":\"ListItem\",\"position\":2,\"name\":\"L&rsquo;\u00e9nigme de Ba\u00efan Kara Oula au Tibet. O\u00f9 en sommes-nous ?\"}]},{\"@type\":\"WebSite\",\"@id\":\"https:\/\/www.ac-am.fr\/#website\",\"url\":\"https:\/\/www.ac-am.fr\/\",\"name\":\"Autre Conscience, Autre Monde\",\"description\":\"\",\"publisher\":{\"@id\":\"https:\/\/www.ac-am.fr\/#organization\"},\"potentialAction\":[{\"@type\":\"SearchAction\",\"target\":{\"@type\":\"EntryPoint\",\"urlTemplate\":\"https:\/\/www.ac-am.fr\/?s={search_term_string}\"},\"query-input\":{\"@type\":\"PropertyValueSpecification\",\"valueRequired\":true,\"valueName\":\"search_term_string\"}}],\"inLanguage\":\"fr-FR\"},{\"@type\":\"Organization\",\"@id\":\"https:\/\/www.ac-am.fr\/#organization\",\"name\":\"Autre Conscience, Autre Monde\",\"url\":\"https:\/\/www.ac-am.fr\/\",\"logo\":{\"@type\":\"ImageObject\",\"inLanguage\":\"fr-FR\",\"@id\":\"https:\/\/www.ac-am.fr\/#\/schema\/logo\/image\/\",\"url\":\"https:\/\/www.ac-am.fr\/wp-content\/uploads\/2015\/10\/bd_ac_am.gif\",\"contentUrl\":\"https:\/\/www.ac-am.fr\/wp-content\/uploads\/2015\/10\/bd_ac_am.gif\",\"width\":370,\"height\":65,\"caption\":\"Autre Conscience, Autre Monde\"},\"image\":{\"@id\":\"https:\/\/www.ac-am.fr\/#\/schema\/logo\/image\/\"},\"sameAs\":[\"https:\/\/fr-fr.facebook.com\/claude.acam\/\",\"https:\/\/www.youtube.com\/user\/consciencemonde\"]},{\"@type\":\"Person\",\"@id\":\"https:\/\/www.ac-am.fr\/#\/schema\/person\/29422e9df875986c42a1060d0eee5f89\",\"name\":\"Jupiter\",\"image\":{\"@type\":\"ImageObject\",\"inLanguage\":\"fr-FR\",\"@id\":\"https:\/\/www.ac-am.fr\/#\/schema\/person\/image\/\",\"url\":\"https:\/\/secure.gravatar.com\/avatar\/70703480c6cb33b9fbf7d4f0ab086cc57a26617a733df2c086d76758da6ac7aa?s=96&d=identicon&r=g\",\"contentUrl\":\"https:\/\/secure.gravatar.com\/avatar\/70703480c6cb33b9fbf7d4f0ab086cc57a26617a733df2c086d76758da6ac7aa?s=96&d=identicon&r=g\",\"caption\":\"Jupiter\"},\"url\":\"https:\/\/www.ac-am.fr\/index.php\/author\/acam\/\"}]}<\/script>\n<!-- \/ Yoast SEO plugin. -->","yoast_head_json":{"title":"L'\u00e9nigme de Ba\u00efan Kara Oula au Tibet. O\u00f9 en sommes-nous ? - Autre Conscience, Autre Monde","robots":{"index":"index","follow":"follow","max-snippet":"max-snippet:-1","max-image-preview":"max-image-preview:large","max-video-preview":"max-video-preview:-1"},"canonical":"https:\/\/www.ac-am.fr\/index.php\/2005\/12\/28\/lenigme-de-baian-kara-oula-tibet-sommes\/","og_locale":"fr_FR","og_type":"article","og_title":"L'\u00e9nigme de Ba\u00efan Kara Oula au Tibet. O\u00f9 en sommes-nous ? - Autre Conscience, Autre Monde","og_description":"L&rsquo;\u00e9nigme de Ba\u00efan Kara Oula au Tibet. O\u00f9 en sommes-nous? Sungods in Exile (\u00ab L&rsquo;exil...","og_url":"https:\/\/www.ac-am.fr\/index.php\/2005\/12\/28\/lenigme-de-baian-kara-oula-tibet-sommes\/","og_site_name":"Autre Conscience, Autre Monde","article_publisher":"https:\/\/fr-fr.facebook.com\/claude.acam\/","article_published_time":"2005-12-28T19:04:19+00:00","article_modified_time":"2016-05-03T16:01:27+00:00","og_image":[{"url":"http:\/\/www.ac-am.fr\/wp-content\/uploads\/2015\/09\/barre01.gif","type":"","width":"","height":""}],"author":"Jupiter","twitter_card":"summary_large_image","twitter_misc":{"\u00c9crit par":"Jupiter","Dur\u00e9e de lecture estim\u00e9e":"6 minutes"},"schema":{"@context":"https:\/\/schema.org","@graph":[{"@type":"Article","@id":"https:\/\/www.ac-am.fr\/index.php\/2005\/12\/28\/lenigme-de-baian-kara-oula-tibet-sommes\/#article","isPartOf":{"@id":"https:\/\/www.ac-am.fr\/index.php\/2005\/12\/28\/lenigme-de-baian-kara-oula-tibet-sommes\/"},"author":{"name":"Jupiter","@id":"https:\/\/www.ac-am.fr\/#\/schema\/person\/29422e9df875986c42a1060d0eee5f89"},"headline":"L&rsquo;\u00e9nigme de Ba\u00efan Kara Oula au Tibet. O\u00f9 en sommes-nous ?","datePublished":"2005-12-28T19:04:19+00:00","dateModified":"2016-05-03T16:01:27+00:00","mainEntityOfPage":{"@id":"https:\/\/www.ac-am.fr\/index.php\/2005\/12\/28\/lenigme-de-baian-kara-oula-tibet-sommes\/"},"wordCount":1185,"publisher":{"@id":"https:\/\/www.ac-am.fr\/#organization"},"image":{"@id":"https:\/\/www.ac-am.fr\/index.php\/2005\/12\/28\/lenigme-de-baian-kara-oula-tibet-sommes\/#primaryimage"},"thumbnailUrl":"http:\/\/www.ac-am.fr\/wp-content\/uploads\/2015\/09\/barre01.gif","articleSection":["2005 \u2013 PETITE HISTOIRE OU\u2026"],"inLanguage":"fr-FR"},{"@type":"WebPage","@id":"https:\/\/www.ac-am.fr\/index.php\/2005\/12\/28\/lenigme-de-baian-kara-oula-tibet-sommes\/","url":"https:\/\/www.ac-am.fr\/index.php\/2005\/12\/28\/lenigme-de-baian-kara-oula-tibet-sommes\/","name":"L'\u00e9nigme de Ba\u00efan Kara Oula au Tibet. O\u00f9 en sommes-nous ? - Autre Conscience, Autre Monde","isPartOf":{"@id":"https:\/\/www.ac-am.fr\/#website"},"primaryImageOfPage":{"@id":"https:\/\/www.ac-am.fr\/index.php\/2005\/12\/28\/lenigme-de-baian-kara-oula-tibet-sommes\/#primaryimage"},"image":{"@id":"https:\/\/www.ac-am.fr\/index.php\/2005\/12\/28\/lenigme-de-baian-kara-oula-tibet-sommes\/#primaryimage"},"thumbnailUrl":"http:\/\/www.ac-am.fr\/wp-content\/uploads\/2015\/09\/barre01.gif","datePublished":"2005-12-28T19:04:19+00:00","dateModified":"2016-05-03T16:01:27+00:00","breadcrumb":{"@id":"https:\/\/www.ac-am.fr\/index.php\/2005\/12\/28\/lenigme-de-baian-kara-oula-tibet-sommes\/#breadcrumb"},"inLanguage":"fr-FR","potentialAction":[{"@type":"ReadAction","target":["https:\/\/www.ac-am.fr\/index.php\/2005\/12\/28\/lenigme-de-baian-kara-oula-tibet-sommes\/"]}]},{"@type":"ImageObject","inLanguage":"fr-FR","@id":"https:\/\/www.ac-am.fr\/index.php\/2005\/12\/28\/lenigme-de-baian-kara-oula-tibet-sommes\/#primaryimage","url":"https:\/\/www.ac-am.fr\/wp-content\/uploads\/2015\/09\/barre01.gif","contentUrl":"https:\/\/www.ac-am.fr\/wp-content\/uploads\/2015\/09\/barre01.gif","width":550,"height":7,"caption":"Barre couleur argent"},{"@type":"BreadcrumbList","@id":"https:\/\/www.ac-am.fr\/index.php\/2005\/12\/28\/lenigme-de-baian-kara-oula-tibet-sommes\/#breadcrumb","itemListElement":[{"@type":"ListItem","position":1,"name":"Accueil","item":"https:\/\/www.ac-am.fr\/"},{"@type":"ListItem","position":2,"name":"L&rsquo;\u00e9nigme de Ba\u00efan Kara Oula au Tibet. O\u00f9 en sommes-nous ?"}]},{"@type":"WebSite","@id":"https:\/\/www.ac-am.fr\/#website","url":"https:\/\/www.ac-am.fr\/","name":"Autre Conscience, Autre Monde","description":"","publisher":{"@id":"https:\/\/www.ac-am.fr\/#organization"},"potentialAction":[{"@type":"SearchAction","target":{"@type":"EntryPoint","urlTemplate":"https:\/\/www.ac-am.fr\/?s={search_term_string}"},"query-input":{"@type":"PropertyValueSpecification","valueRequired":true,"valueName":"search_term_string"}}],"inLanguage":"fr-FR"},{"@type":"Organization","@id":"https:\/\/www.ac-am.fr\/#organization","name":"Autre Conscience, Autre Monde","url":"https:\/\/www.ac-am.fr\/","logo":{"@type":"ImageObject","inLanguage":"fr-FR","@id":"https:\/\/www.ac-am.fr\/#\/schema\/logo\/image\/","url":"https:\/\/www.ac-am.fr\/wp-content\/uploads\/2015\/10\/bd_ac_am.gif","contentUrl":"https:\/\/www.ac-am.fr\/wp-content\/uploads\/2015\/10\/bd_ac_am.gif","width":370,"height":65,"caption":"Autre Conscience, Autre Monde"},"image":{"@id":"https:\/\/www.ac-am.fr\/#\/schema\/logo\/image\/"},"sameAs":["https:\/\/fr-fr.facebook.com\/claude.acam\/","https:\/\/www.youtube.com\/user\/consciencemonde"]},{"@type":"Person","@id":"https:\/\/www.ac-am.fr\/#\/schema\/person\/29422e9df875986c42a1060d0eee5f89","name":"Jupiter","image":{"@type":"ImageObject","inLanguage":"fr-FR","@id":"https:\/\/www.ac-am.fr\/#\/schema\/person\/image\/","url":"https:\/\/secure.gravatar.com\/avatar\/70703480c6cb33b9fbf7d4f0ab086cc57a26617a733df2c086d76758da6ac7aa?s=96&d=identicon&r=g","contentUrl":"https:\/\/secure.gravatar.com\/avatar\/70703480c6cb33b9fbf7d4f0ab086cc57a26617a733df2c086d76758da6ac7aa?s=96&d=identicon&r=g","caption":"Jupiter"},"url":"https:\/\/www.ac-am.fr\/index.php\/author\/acam\/"}]}},"_links":{"self":[{"href":"https:\/\/www.ac-am.fr\/index.php\/wp-json\/wp\/v2\/posts\/3203","targetHints":{"allow":["GET"]}}],"collection":[{"href":"https:\/\/www.ac-am.fr\/index.php\/wp-json\/wp\/v2\/posts"}],"about":[{"href":"https:\/\/www.ac-am.fr\/index.php\/wp-json\/wp\/v2\/types\/post"}],"author":[{"embeddable":true,"href":"https:\/\/www.ac-am.fr\/index.php\/wp-json\/wp\/v2\/users\/1"}],"replies":[{"embeddable":true,"href":"https:\/\/www.ac-am.fr\/index.php\/wp-json\/wp\/v2\/comments?post=3203"}],"version-history":[{"count":6,"href":"https:\/\/www.ac-am.fr\/index.php\/wp-json\/wp\/v2\/posts\/3203\/revisions"}],"predecessor-version":[{"id":3209,"href":"https:\/\/www.ac-am.fr\/index.php\/wp-json\/wp\/v2\/posts\/3203\/revisions\/3209"}],"wp:attachment":[{"href":"https:\/\/www.ac-am.fr\/index.php\/wp-json\/wp\/v2\/media?parent=3203"}],"wp:term":[{"taxonomy":"category","embeddable":true,"href":"https:\/\/www.ac-am.fr\/index.php\/wp-json\/wp\/v2\/categories?post=3203"},{"taxonomy":"post_tag","embeddable":true,"href":"https:\/\/www.ac-am.fr\/index.php\/wp-json\/wp\/v2\/tags?post=3203"}],"curies":[{"name":"wp","href":"https:\/\/api.w.org\/{rel}","templated":true}]}}