{"id":3314,"date":"2012-03-01T10:47:31","date_gmt":"2012-03-01T09:47:31","guid":{"rendered":"https:\/\/www.ac-am.fr\/?p=3314"},"modified":"2016-05-15T09:39:37","modified_gmt":"2016-05-15T08:39:37","slug":"que-devient-notre-civilisation","status":"publish","type":"post","link":"https:\/\/www.ac-am.fr\/index.php\/2012\/03\/01\/que-devient-notre-civilisation\/","title":{"rendered":"Que devient notre civilisation ?"},"content":{"rendered":"<div id=\"destin\" style=\"background-attachment: fixed; border: 2px solid #dfe6de; border-radius: 10px; opacity: 0.90;\">\n<table class=\"aligncenter\" style=\"width: 600px;\" border=\"0\">\n<tbody>\n<tr>\n<td>\n<table class=\"aligncenter\" style=\"width: 567px; height: 190px;\" border=\"0\">\n<tbody>\n<tr>\n<td><img decoding=\"async\" class=\"aligncenter\" src=\"http:\/\/www.ac-am.fr\/wp-content\/uploads\/2015\/09\/barre_vt.gif\" alt=\"\" border=\"0\" \/><\/td>\n<\/tr>\n<tr>\n<td style=\"text-align: left;\"><img loading=\"lazy\" decoding=\"async\" src=\"http:\/\/www.ac-am.fr\/wp-content\/uploads\/2015\/11\/retedest.gif\" alt=\"R\u00e9flexions et T\u00e9moignages\" width=\"380\" height=\"100\" border=\"0\" \/><img loading=\"lazy\" decoding=\"async\" src=\"http:\/\/www.ac-am.fr\/wp-content\/uploads\/2015\/12\/cal2012.gif\" alt=\"Ann\u00e9e 2012\" width=\"150\" height=\"100\" border=\"0\" \/><\/td>\n<\/tr>\n<tr>\n<td><img decoding=\"async\" class=\"aligncenter\" src=\"http:\/\/www.ac-am.fr\/wp-content\/uploads\/2015\/09\/barre_vt.gif\" alt=\"\" border=\"0\" \/><\/td>\n<\/tr>\n<\/tbody>\n<\/table>\n<table class=\"aligncenter\" style=\"width: 590px;\" border=\"0\">\n<tbody>\n<tr>\n<td><a name=\"Claude01B_destin12_01\"><\/a><b class=\"ntitre1\">Que devient notre civilisation ?<\/b><\/td>\n<\/tr>\n<tr>\n<td colspan=\"2\"><img decoding=\"async\" class=\"aligncenter\" src=\"http:\/\/www.ac-am.fr\/wp-content\/uploads\/2015\/09\/barre_vt.gif\" alt=\"\" border=\"0\" \/><\/td>\n<\/tr>\n<tr>\n<td style=\"text-align: left;\"><span class=\"gmoyen\"><img decoding=\"async\" src=\"http:\/\/www.ac-am.fr\/wp-content\/uploads\/2015\/11\/ball_mf.gif\" alt=\"\" border=\"0\" \/> En ces temps tourment\u00e9s o\u00f9 notre civilisation vacille sur ses fondations, nous sommes rentr\u00e9s de plein pied dans l\u2019\u00e8re de la <span style=\"color: #000000;\">\u00ab\u00a0R\u00c9V\u00c9LATION\u00a0\u00bb<\/span>. Cela signifie quoi concr\u00e8tement ? Tout d\u2019abord nous arrivons \u00e0 la fin d\u2019un syst\u00e8me bas\u00e9 uniquement sur le pouvoir et l\u2019argent ce qui est en total contradiction avec l\u2019\u00e9volution humaine.<\/span><\/p>\n<p><span class=\"gmoyen\"><img decoding=\"async\" src=\"http:\/\/www.ac-am.fr\/wp-content\/uploads\/2015\/11\/ball_mf.gif\" alt=\"\" border=\"0\" \/> En premier lieu l\u2019\u00e9conomie mondiale va s\u2019effondrer et cela ne sera pas sans cons\u00e9quence sur notre vie de tous les jours. Les hommes politiques quels qu\u2019ils soient n\u2019ont pas assimil\u00e9 encore ce changement majeur et restent encr\u00e9s dans des principes archa\u00efques\u2026 Ils nous mentent en disant qu\u2019ils pourront redresser et changer notre destin.<\/span><\/p>\n<p><span class=\"gmoyen\"><img decoding=\"async\" src=\"http:\/\/www.ac-am.fr\/wp-content\/uploads\/2015\/11\/ball_mf.gif\" alt=\"\" border=\"0\" \/> Il y a des forces qui d\u00e9passent notre compr\u00e9hension et qui agissent \u00e0 notre d\u00e9pend. Aucun homme quel qu\u2019il soit ne peut aller contre\u2026<\/span><\/p>\n<p><span class=\"gmoyen\"><img decoding=\"async\" src=\"http:\/\/www.ac-am.fr\/wp-content\/uploads\/2015\/11\/ball_mf.gif\" alt=\"\" border=\"0\" \/> Notre destin est trac\u00e9. Nous avons d\u00e9pass\u00e9 la limite du tol\u00e9rable pour la plan\u00e8te TERRE\u2026 Il n\u2019y aura pas \u00ab\u00a0fin du monde\u00a0\u00bb mais \u00ab\u00a0fin d\u2019un monde\u00a0\u00bb tel que nous le connaissons\u2026<\/span><\/p>\n<p><span class=\"gmoyen\"><img decoding=\"async\" src=\"http:\/\/www.ac-am.fr\/wp-content\/uploads\/2015\/11\/ball_mf.gif\" alt=\"\" border=\"0\" \/> Mais ce qui est le plus grave c\u2019est le mensonge \u00e9hont\u00e9 des grands de ce monde sur nos origines, sur notre v\u00e9ritable cr\u00e9ation. Nous avons le droit de le savoir un peu comme un enfant recherchant ses parents sous X.<\/span><\/p>\n<p><span class=\"gmoyen\"><img decoding=\"async\" src=\"http:\/\/www.ac-am.fr\/wp-content\/uploads\/2015\/11\/ball_mf.gif\" alt=\"\" border=\"0\" \/> Dieu est un pr\u00e9cepte mais n\u2019a aucune existence r\u00e9elle. Certes, il existe une force colossale qui maintient l\u2019Univers, les galaxies, les soleils, les plan\u00e8tes et tout ce qui est vivant en \u00e9quilibre mais une force bienveillante qui prot\u00e8ge l\u2019homme n\u2019est qu\u2019une lubie des religieux\u2026<\/span><\/p>\n<p><span class=\"gmoyen\"><img decoding=\"async\" src=\"http:\/\/www.ac-am.fr\/wp-content\/uploads\/2015\/11\/ball_mf.gif\" alt=\"\" border=\"0\" \/> La cr\u00e9ation de l\u2019homme (attention je ne parle pas de la multi dimensionnalit\u00e9 de l\u2019\u00eatre) est purement g\u00e9n\u00e9tique. Nous avons \u00e9t\u00e9 cr\u00e9\u00e9s il y a des milliers ou peut-\u00eatre des centaines de milliers d&rsquo;ann\u00e9es, peu importe, par des <a href=\"http:\/\/www.ac-am.fr\/index.php\/laffaire-lacerta-les-interviews\/\" target=\"_self\">\u00ab\u00a0Aliens\u00a0\u00bb<\/a> pr\u00e9sents sur Terre depuis des millions d\u2019ann\u00e9es, qui se sont servis de la race animale la plus \u00e9volu\u00e9e comme support et ont jou\u00e9 les cr\u00e9ateurs, les <a href=\"http:\/\/www.ac-am.fr\/index.php\/l-caillot\/\" target=\"_self\">\u00ab\u00a0Elohims\u00a0\u00bb<\/a> , <a href=\"http:\/\/www.ac-am.fr\/index.php\/cosmologie-cosmogonie\/#Sitchin\" target=\"_self\">\u00ab\u00a0Nifilims\u00a0\u00bb<\/a>. Pour quelles raisons ? Cela n\u2019a pas d\u2019importance, les faits sont l\u00e0 et cela \u00ab\u00a0transpire\u00a0\u00bb partout, sur notre Plan\u00e8te, sur la Lune, sur Mars. Les Grands s\u2019\u00e9vertuent \u00e0 toujours nous cacher cette v\u00e9rit\u00e9 mais elle devient trop forte, trop puissante, trop envahissante avec le net\u2026 Les anciens pris au pi\u00e8ge dans ce mensonge parlent de plus en plus\u2026<\/span><\/p>\n<p><span class=\"gmoyen\"><img decoding=\"async\" src=\"http:\/\/www.ac-am.fr\/wp-content\/uploads\/2015\/11\/ball_mf.gif\" alt=\"\" border=\"0\" \/> Tout s\u2019\u00e9claire, d\u2019un coup\u2026 N\u2019avons-nous pas \u00e9t\u00e9 cr\u00e9\u00e9s \u00e0 l\u2019image des dieux, cela veut dire que nous ressemblons \u00e0 certaines races. Toute cette mythologie d\u00e9velopp\u00e9e autour d\u2019Adam et \u00c8ve n\u2019est que pure d\u00e9formation faite par des hommes primitifs incapables de comprendre la haute \u00e9volution m\u00e9taphysique et technologique de ces \u00ab\u00a0Cr\u00e9ateurs\u00a0\u00bb. L\u2019origine des religions provient \u00e9galement de cette incompr\u00e9hension. Elles ne devraient m\u00eame pas exister. Comment des humains sans connaissance scientifique et spirituelle peuvent-ils d\u2019\u00e9crire et laisser une trace de ce qu\u2019ils ne comprennent pas\u2026<\/span><\/p>\n<p><span class=\"gmoyen\"><img decoding=\"async\" src=\"http:\/\/www.ac-am.fr\/wp-content\/uploads\/2015\/11\/ball_mf.gif\" alt=\"\" border=\"0\" \/> Ne sommes-nous pas entrain de reproduire avec la g\u00e9n\u00e9tique, la th\u00e9rapie-g\u00e9n\u00e9tique, ce que ces \u00ab\u00a0Aliens\u00a0\u00bb ont ex\u00e9cut\u00e9s il y a tr\u00e8s longtemps ?<\/span><\/p>\n<p><span class=\"gmoyen\"><img decoding=\"async\" src=\"http:\/\/www.ac-am.fr\/wp-content\/uploads\/2015\/11\/ball_mf.gif\" alt=\"\" border=\"0\" \/> Je viens de lire un article sur le 70\u00e8me anniversaire de l\u2019apparition d\u2019un OVNI vu officiellement par un pilote. Je souris doucement car combien, de textes \u00e0 commencer par la bible, de dessins, de tableaux, d\u2019anciennes tablettes et j\u2019en passe, d\u00e9crivent sans retenue la manifestation des ces objets, si ce n\u2019est pas de leurs occupants, dans des temps d\u00e9j\u00e0 tr\u00e8s recul\u00e9s\u2026<\/span><\/p>\n<p><span class=\"gmoyen\"><img decoding=\"async\" src=\"http:\/\/www.ac-am.fr\/wp-content\/uploads\/2015\/11\/ball_mf.gif\" alt=\"\" border=\"0\" \/> Ces ing\u00e9nieurs, scientifiques et certains ufologues sont toujours aussi born\u00e9s. Heureusement certains pilotes osent t\u00e9moigner, maintenant, pour rehausser le niveau\u2026<\/span><\/p>\n<p><span class=\"gmoyen\"><img decoding=\"async\" src=\"http:\/\/www.ac-am.fr\/wp-content\/uploads\/2015\/11\/ball_mf.gif\" alt=\"\" border=\"0\" \/> La France n\u2019est pas un pays ouvert, trop cart\u00e9sien, qui n\u2019arrive pas \u00e0 sortir de ces principes archa\u00efques\u2026<\/span><\/p>\n<p><span class=\"gmoyen\"><img decoding=\"async\" src=\"http:\/\/www.ac-am.fr\/wp-content\/uploads\/2015\/11\/ball_mf.gif\" alt=\"\" border=\"0\" \/> La seule chose qui peut nous arriver de bien, est une apparition massive de ces \u00ab\u00a0OVNIs\u00a0\u00bb ou un gouvernement qui acceptent de passer outre et de r\u00e9v\u00e9ler cette r\u00e9alit\u00e9. Certes, cela cr\u00e9era une onde de choc mais ensuite le sujet pourra \u00eatre abord\u00e9 plus sereinement sans arri\u00e8re pens\u00e9e et en toute transparence. Il faut garder \u00e0 l\u2019esprit que ces \u00ab\u00a0Cr\u00e9ateurs\u00a0\u00bb sont li\u00e9s \u00e0 tout ce qui est vivant sur Terre, que se soit le r\u00e8gne min\u00e9ral, v\u00e9g\u00e9tal, animal et humain\u2026 Esp\u00e9rons que ce jour se rapproche enfin\u2026<\/span><\/p>\n<p><span class=\"gmoyen\"><i>[<a href=\"boites.htm#Claude01\">Claude B. &#8211; le 01-03-12<\/a>]<\/i><\/span><\/td>\n<\/tr>\n<\/tbody>\n<\/table>\n<\/td>\n<\/tr>\n<\/tbody>\n<\/table>\n<\/div>\n<div style=\"padding-bottom:20px; padding-top:10px;\" class=\"hupso-share-buttons\"><!-- Hupso Share Buttons - https:\/\/www.hupso.com\/share\/ --><a class=\"hupso_toolbar\" href=\"https:\/\/www.hupso.com\/share\/\"><img decoding=\"async\" src=\"https:\/\/static.hupso.com\/share\/buttons\/lang\/fr\/share.png\" style=\"border:0px; padding-top: 5px; float:left;\" alt=\"Share Button\"\/><\/a><script type=\"text\/javascript\">var hupso_services_t=new Array(\"Twitter\",\"Facebook\",\"Google Plus\");var hupso_background_t=\"#EAF4FF\";var hupso_border_t=\"#66CCFF\";var hupso_toolbar_size_t=\"big\";var hupso_image_folder_url = \"\";var hupso_url_t=\"\";var hupso_title_t=\"Que%20devient%20notre%20civilisation%20%3F\";<\/script><script type=\"text\/javascript\" src=\"https:\/\/static.hupso.com\/share\/js\/share_toolbar.js\"><\/script><!-- Hupso Share Buttons --><\/div>","protected":false},"excerpt":{"rendered":"<p>Que devient notre civilisation ? En ces temps tourment\u00e9s o\u00f9 notre civilisation vacille sur ses&#8230;<\/p>\n","protected":false},"author":2,"featured_media":0,"comment_status":"closed","ping_status":"open","sticky":false,"template":"","format":"standard","meta":{"footnotes":""},"categories":[245],"tags":[],"class_list":["post-3314","post","type-post","status-publish","format-standard","hentry","category-2012-destin"],"yoast_head":"<!-- This site is optimized with the Yoast SEO plugin v26.9 - https:\/\/yoast.com\/product\/yoast-seo-wordpress\/ -->\n<title>Que devient notre civilisation ? - Autre Conscience, Autre Monde<\/title>\n<meta name=\"robots\" content=\"index, follow, max-snippet:-1, max-image-preview:large, max-video-preview:-1\" \/>\n<link rel=\"canonical\" href=\"https:\/\/www.ac-am.fr\/index.php\/2012\/03\/01\/que-devient-notre-civilisation\/\" \/>\n<meta property=\"og:locale\" content=\"fr_FR\" \/>\n<meta property=\"og:type\" content=\"article\" \/>\n<meta property=\"og:title\" content=\"Que devient notre civilisation ? - Autre Conscience, Autre Monde\" \/>\n<meta property=\"og:description\" content=\"Que devient notre civilisation ? En ces temps tourment\u00e9s o\u00f9 notre civilisation vacille sur ses...\" \/>\n<meta property=\"og:url\" content=\"https:\/\/www.ac-am.fr\/index.php\/2012\/03\/01\/que-devient-notre-civilisation\/\" \/>\n<meta property=\"og:site_name\" content=\"Autre Conscience, Autre Monde\" \/>\n<meta property=\"article:publisher\" content=\"https:\/\/fr-fr.facebook.com\/claude.acam\/\" \/>\n<meta property=\"article:published_time\" content=\"2012-03-01T09:47:31+00:00\" \/>\n<meta property=\"article:modified_time\" content=\"2016-05-15T08:39:37+00:00\" \/>\n<meta property=\"og:image\" content=\"http:\/\/www.ac-am.fr\/wp-content\/uploads\/2015\/09\/barre_vt.gif\" \/>\n<meta name=\"author\" content=\"Claude ACAM\" \/>\n<meta name=\"twitter:card\" content=\"summary_large_image\" \/>\n<meta name=\"twitter:label1\" content=\"\u00c9crit par\" \/>\n\t<meta name=\"twitter:data1\" content=\"Claude ACAM\" \/>\n\t<meta name=\"twitter:label2\" content=\"Dur\u00e9e de lecture estim\u00e9e\" \/>\n\t<meta name=\"twitter:data2\" content=\"4 minutes\" \/>\n<script type=\"application\/ld+json\" class=\"yoast-schema-graph\">{\"@context\":\"https:\/\/schema.org\",\"@graph\":[{\"@type\":\"Article\",\"@id\":\"https:\/\/www.ac-am.fr\/index.php\/2012\/03\/01\/que-devient-notre-civilisation\/#article\",\"isPartOf\":{\"@id\":\"https:\/\/www.ac-am.fr\/index.php\/2012\/03\/01\/que-devient-notre-civilisation\/\"},\"author\":{\"name\":\"Claude ACAM\",\"@id\":\"https:\/\/www.ac-am.fr\/#\/schema\/person\/f6920100a1eee321181b2d8606edb6ee\"},\"headline\":\"Que devient notre civilisation ?\",\"datePublished\":\"2012-03-01T09:47:31+00:00\",\"dateModified\":\"2016-05-15T08:39:37+00:00\",\"mainEntityOfPage\":{\"@id\":\"https:\/\/www.ac-am.fr\/index.php\/2012\/03\/01\/que-devient-notre-civilisation\/\"},\"wordCount\":779,\"publisher\":{\"@id\":\"https:\/\/www.ac-am.fr\/#organization\"},\"image\":{\"@id\":\"https:\/\/www.ac-am.fr\/index.php\/2012\/03\/01\/que-devient-notre-civilisation\/#primaryimage\"},\"thumbnailUrl\":\"http:\/\/www.ac-am.fr\/wp-content\/uploads\/2015\/09\/barre_vt.gif\",\"articleSection\":[\"2012 \u2013 DESTIN\"],\"inLanguage\":\"fr-FR\"},{\"@type\":\"WebPage\",\"@id\":\"https:\/\/www.ac-am.fr\/index.php\/2012\/03\/01\/que-devient-notre-civilisation\/\",\"url\":\"https:\/\/www.ac-am.fr\/index.php\/2012\/03\/01\/que-devient-notre-civilisation\/\",\"name\":\"Que devient notre civilisation ? - Autre Conscience, Autre Monde\",\"isPartOf\":{\"@id\":\"https:\/\/www.ac-am.fr\/#website\"},\"primaryImageOfPage\":{\"@id\":\"https:\/\/www.ac-am.fr\/index.php\/2012\/03\/01\/que-devient-notre-civilisation\/#primaryimage\"},\"image\":{\"@id\":\"https:\/\/www.ac-am.fr\/index.php\/2012\/03\/01\/que-devient-notre-civilisation\/#primaryimage\"},\"thumbnailUrl\":\"http:\/\/www.ac-am.fr\/wp-content\/uploads\/2015\/09\/barre_vt.gif\",\"datePublished\":\"2012-03-01T09:47:31+00:00\",\"dateModified\":\"2016-05-15T08:39:37+00:00\",\"breadcrumb\":{\"@id\":\"https:\/\/www.ac-am.fr\/index.php\/2012\/03\/01\/que-devient-notre-civilisation\/#breadcrumb\"},\"inLanguage\":\"fr-FR\",\"potentialAction\":[{\"@type\":\"ReadAction\",\"target\":[\"https:\/\/www.ac-am.fr\/index.php\/2012\/03\/01\/que-devient-notre-civilisation\/\"]}]},{\"@type\":\"ImageObject\",\"inLanguage\":\"fr-FR\",\"@id\":\"https:\/\/www.ac-am.fr\/index.php\/2012\/03\/01\/que-devient-notre-civilisation\/#primaryimage\",\"url\":\"https:\/\/www.ac-am.fr\/wp-content\/uploads\/2015\/09\/barre_vt.gif\",\"contentUrl\":\"https:\/\/www.ac-am.fr\/wp-content\/uploads\/2015\/09\/barre_vt.gif\",\"width\":550,\"height\":7,\"caption\":\"Barre verte\"},{\"@type\":\"BreadcrumbList\",\"@id\":\"https:\/\/www.ac-am.fr\/index.php\/2012\/03\/01\/que-devient-notre-civilisation\/#breadcrumb\",\"itemListElement\":[{\"@type\":\"ListItem\",\"position\":1,\"name\":\"Accueil\",\"item\":\"https:\/\/www.ac-am.fr\/\"},{\"@type\":\"ListItem\",\"position\":2,\"name\":\"Que devient notre civilisation ?\"}]},{\"@type\":\"WebSite\",\"@id\":\"https:\/\/www.ac-am.fr\/#website\",\"url\":\"https:\/\/www.ac-am.fr\/\",\"name\":\"Autre Conscience, Autre Monde\",\"description\":\"\",\"publisher\":{\"@id\":\"https:\/\/www.ac-am.fr\/#organization\"},\"potentialAction\":[{\"@type\":\"SearchAction\",\"target\":{\"@type\":\"EntryPoint\",\"urlTemplate\":\"https:\/\/www.ac-am.fr\/?s={search_term_string}\"},\"query-input\":{\"@type\":\"PropertyValueSpecification\",\"valueRequired\":true,\"valueName\":\"search_term_string\"}}],\"inLanguage\":\"fr-FR\"},{\"@type\":\"Organization\",\"@id\":\"https:\/\/www.ac-am.fr\/#organization\",\"name\":\"Autre Conscience, Autre Monde\",\"url\":\"https:\/\/www.ac-am.fr\/\",\"logo\":{\"@type\":\"ImageObject\",\"inLanguage\":\"fr-FR\",\"@id\":\"https:\/\/www.ac-am.fr\/#\/schema\/logo\/image\/\",\"url\":\"https:\/\/www.ac-am.fr\/wp-content\/uploads\/2015\/10\/bd_ac_am.gif\",\"contentUrl\":\"https:\/\/www.ac-am.fr\/wp-content\/uploads\/2015\/10\/bd_ac_am.gif\",\"width\":370,\"height\":65,\"caption\":\"Autre Conscience, Autre Monde\"},\"image\":{\"@id\":\"https:\/\/www.ac-am.fr\/#\/schema\/logo\/image\/\"},\"sameAs\":[\"https:\/\/fr-fr.facebook.com\/claude.acam\/\",\"https:\/\/www.youtube.com\/user\/consciencemonde\"]},{\"@type\":\"Person\",\"@id\":\"https:\/\/www.ac-am.fr\/#\/schema\/person\/f6920100a1eee321181b2d8606edb6ee\",\"name\":\"Claude ACAM\",\"image\":{\"@type\":\"ImageObject\",\"inLanguage\":\"fr-FR\",\"@id\":\"https:\/\/www.ac-am.fr\/#\/schema\/person\/image\/\",\"url\":\"https:\/\/secure.gravatar.com\/avatar\/e09e4cf5d19c14eb87ca16e06420f2d1dfe3e8967072c4616fd0fdf3e8855650?s=96&d=identicon&r=g\",\"contentUrl\":\"https:\/\/secure.gravatar.com\/avatar\/e09e4cf5d19c14eb87ca16e06420f2d1dfe3e8967072c4616fd0fdf3e8855650?s=96&d=identicon&r=g\",\"caption\":\"Claude ACAM\"},\"sameAs\":[\"http:\/\/www.ac-am.fr\/\"],\"url\":\"https:\/\/www.ac-am.fr\/index.php\/author\/claude-b\/\"}]}<\/script>\n<!-- \/ Yoast SEO plugin. -->","yoast_head_json":{"title":"Que devient notre civilisation ? - Autre Conscience, Autre Monde","robots":{"index":"index","follow":"follow","max-snippet":"max-snippet:-1","max-image-preview":"max-image-preview:large","max-video-preview":"max-video-preview:-1"},"canonical":"https:\/\/www.ac-am.fr\/index.php\/2012\/03\/01\/que-devient-notre-civilisation\/","og_locale":"fr_FR","og_type":"article","og_title":"Que devient notre civilisation ? - Autre Conscience, Autre Monde","og_description":"Que devient notre civilisation ? En ces temps tourment\u00e9s o\u00f9 notre civilisation vacille sur ses...","og_url":"https:\/\/www.ac-am.fr\/index.php\/2012\/03\/01\/que-devient-notre-civilisation\/","og_site_name":"Autre Conscience, Autre Monde","article_publisher":"https:\/\/fr-fr.facebook.com\/claude.acam\/","article_published_time":"2012-03-01T09:47:31+00:00","article_modified_time":"2016-05-15T08:39:37+00:00","og_image":[{"url":"http:\/\/www.ac-am.fr\/wp-content\/uploads\/2015\/09\/barre_vt.gif","type":"","width":"","height":""}],"author":"Claude ACAM","twitter_card":"summary_large_image","twitter_misc":{"\u00c9crit par":"Claude ACAM","Dur\u00e9e de lecture estim\u00e9e":"4 minutes"},"schema":{"@context":"https:\/\/schema.org","@graph":[{"@type":"Article","@id":"https:\/\/www.ac-am.fr\/index.php\/2012\/03\/01\/que-devient-notre-civilisation\/#article","isPartOf":{"@id":"https:\/\/www.ac-am.fr\/index.php\/2012\/03\/01\/que-devient-notre-civilisation\/"},"author":{"name":"Claude ACAM","@id":"https:\/\/www.ac-am.fr\/#\/schema\/person\/f6920100a1eee321181b2d8606edb6ee"},"headline":"Que devient notre civilisation ?","datePublished":"2012-03-01T09:47:31+00:00","dateModified":"2016-05-15T08:39:37+00:00","mainEntityOfPage":{"@id":"https:\/\/www.ac-am.fr\/index.php\/2012\/03\/01\/que-devient-notre-civilisation\/"},"wordCount":779,"publisher":{"@id":"https:\/\/www.ac-am.fr\/#organization"},"image":{"@id":"https:\/\/www.ac-am.fr\/index.php\/2012\/03\/01\/que-devient-notre-civilisation\/#primaryimage"},"thumbnailUrl":"http:\/\/www.ac-am.fr\/wp-content\/uploads\/2015\/09\/barre_vt.gif","articleSection":["2012 \u2013 DESTIN"],"inLanguage":"fr-FR"},{"@type":"WebPage","@id":"https:\/\/www.ac-am.fr\/index.php\/2012\/03\/01\/que-devient-notre-civilisation\/","url":"https:\/\/www.ac-am.fr\/index.php\/2012\/03\/01\/que-devient-notre-civilisation\/","name":"Que devient notre civilisation ? - Autre Conscience, Autre Monde","isPartOf":{"@id":"https:\/\/www.ac-am.fr\/#website"},"primaryImageOfPage":{"@id":"https:\/\/www.ac-am.fr\/index.php\/2012\/03\/01\/que-devient-notre-civilisation\/#primaryimage"},"image":{"@id":"https:\/\/www.ac-am.fr\/index.php\/2012\/03\/01\/que-devient-notre-civilisation\/#primaryimage"},"thumbnailUrl":"http:\/\/www.ac-am.fr\/wp-content\/uploads\/2015\/09\/barre_vt.gif","datePublished":"2012-03-01T09:47:31+00:00","dateModified":"2016-05-15T08:39:37+00:00","breadcrumb":{"@id":"https:\/\/www.ac-am.fr\/index.php\/2012\/03\/01\/que-devient-notre-civilisation\/#breadcrumb"},"inLanguage":"fr-FR","potentialAction":[{"@type":"ReadAction","target":["https:\/\/www.ac-am.fr\/index.php\/2012\/03\/01\/que-devient-notre-civilisation\/"]}]},{"@type":"ImageObject","inLanguage":"fr-FR","@id":"https:\/\/www.ac-am.fr\/index.php\/2012\/03\/01\/que-devient-notre-civilisation\/#primaryimage","url":"https:\/\/www.ac-am.fr\/wp-content\/uploads\/2015\/09\/barre_vt.gif","contentUrl":"https:\/\/www.ac-am.fr\/wp-content\/uploads\/2015\/09\/barre_vt.gif","width":550,"height":7,"caption":"Barre verte"},{"@type":"BreadcrumbList","@id":"https:\/\/www.ac-am.fr\/index.php\/2012\/03\/01\/que-devient-notre-civilisation\/#breadcrumb","itemListElement":[{"@type":"ListItem","position":1,"name":"Accueil","item":"https:\/\/www.ac-am.fr\/"},{"@type":"ListItem","position":2,"name":"Que devient notre civilisation ?"}]},{"@type":"WebSite","@id":"https:\/\/www.ac-am.fr\/#website","url":"https:\/\/www.ac-am.fr\/","name":"Autre Conscience, Autre Monde","description":"","publisher":{"@id":"https:\/\/www.ac-am.fr\/#organization"},"potentialAction":[{"@type":"SearchAction","target":{"@type":"EntryPoint","urlTemplate":"https:\/\/www.ac-am.fr\/?s={search_term_string}"},"query-input":{"@type":"PropertyValueSpecification","valueRequired":true,"valueName":"search_term_string"}}],"inLanguage":"fr-FR"},{"@type":"Organization","@id":"https:\/\/www.ac-am.fr\/#organization","name":"Autre Conscience, Autre Monde","url":"https:\/\/www.ac-am.fr\/","logo":{"@type":"ImageObject","inLanguage":"fr-FR","@id":"https:\/\/www.ac-am.fr\/#\/schema\/logo\/image\/","url":"https:\/\/www.ac-am.fr\/wp-content\/uploads\/2015\/10\/bd_ac_am.gif","contentUrl":"https:\/\/www.ac-am.fr\/wp-content\/uploads\/2015\/10\/bd_ac_am.gif","width":370,"height":65,"caption":"Autre Conscience, Autre Monde"},"image":{"@id":"https:\/\/www.ac-am.fr\/#\/schema\/logo\/image\/"},"sameAs":["https:\/\/fr-fr.facebook.com\/claude.acam\/","https:\/\/www.youtube.com\/user\/consciencemonde"]},{"@type":"Person","@id":"https:\/\/www.ac-am.fr\/#\/schema\/person\/f6920100a1eee321181b2d8606edb6ee","name":"Claude ACAM","image":{"@type":"ImageObject","inLanguage":"fr-FR","@id":"https:\/\/www.ac-am.fr\/#\/schema\/person\/image\/","url":"https:\/\/secure.gravatar.com\/avatar\/e09e4cf5d19c14eb87ca16e06420f2d1dfe3e8967072c4616fd0fdf3e8855650?s=96&d=identicon&r=g","contentUrl":"https:\/\/secure.gravatar.com\/avatar\/e09e4cf5d19c14eb87ca16e06420f2d1dfe3e8967072c4616fd0fdf3e8855650?s=96&d=identicon&r=g","caption":"Claude ACAM"},"sameAs":["http:\/\/www.ac-am.fr\/"],"url":"https:\/\/www.ac-am.fr\/index.php\/author\/claude-b\/"}]}},"_links":{"self":[{"href":"https:\/\/www.ac-am.fr\/index.php\/wp-json\/wp\/v2\/posts\/3314","targetHints":{"allow":["GET"]}}],"collection":[{"href":"https:\/\/www.ac-am.fr\/index.php\/wp-json\/wp\/v2\/posts"}],"about":[{"href":"https:\/\/www.ac-am.fr\/index.php\/wp-json\/wp\/v2\/types\/post"}],"author":[{"embeddable":true,"href":"https:\/\/www.ac-am.fr\/index.php\/wp-json\/wp\/v2\/users\/2"}],"replies":[{"embeddable":true,"href":"https:\/\/www.ac-am.fr\/index.php\/wp-json\/wp\/v2\/comments?post=3314"}],"version-history":[{"count":7,"href":"https:\/\/www.ac-am.fr\/index.php\/wp-json\/wp\/v2\/posts\/3314\/revisions"}],"predecessor-version":[{"id":3328,"href":"https:\/\/www.ac-am.fr\/index.php\/wp-json\/wp\/v2\/posts\/3314\/revisions\/3328"}],"wp:attachment":[{"href":"https:\/\/www.ac-am.fr\/index.php\/wp-json\/wp\/v2\/media?parent=3314"}],"wp:term":[{"taxonomy":"category","embeddable":true,"href":"https:\/\/www.ac-am.fr\/index.php\/wp-json\/wp\/v2\/categories?post=3314"},{"taxonomy":"post_tag","embeddable":true,"href":"https:\/\/www.ac-am.fr\/index.php\/wp-json\/wp\/v2\/tags?post=3314"}],"curies":[{"name":"wp","href":"https:\/\/api.w.org\/{rel}","templated":true}]}}