{"id":3326,"date":"2013-08-23T08:35:13","date_gmt":"2013-08-23T07:35:13","guid":{"rendered":"https:\/\/www.ac-am.fr\/?p=3326"},"modified":"2016-05-15T13:14:32","modified_gmt":"2016-05-15T12:14:32","slug":"lettre-certain-devenir","status":"publish","type":"post","link":"https:\/\/www.ac-am.fr\/index.php\/2013\/08\/23\/lettre-certain-devenir\/","title":{"rendered":"Lettre sur un certain devenir!"},"content":{"rendered":"<div id=\"destin\" style=\"background-attachment: fixed; border: 2px solid #dfe6de; border-radius: 10px; opacity: 0.90;\">\n<table class=\"aligncenter\" style=\"width: 600px;\" border=\"0\">\n<tbody>\n<tr>\n<td>\n<table class=\"aligncenter\" style=\"width: 567px; height: 190px;\" border=\"0\">\n<tbody>\n<tr>\n<td><img decoding=\"async\" class=\"aligncenter\" src=\"http:\/\/www.ac-am.fr\/wp-content\/uploads\/2015\/09\/barre_vt.gif\" alt=\"\" border=\"0\" \/><\/td>\n<\/tr>\n<tr>\n<td style=\"text-align: left;\"><img loading=\"lazy\" decoding=\"async\" src=\"http:\/\/www.ac-am.fr\/wp-content\/uploads\/2015\/11\/retedest.gif\" alt=\"R\u00e9flexions et T\u00e9moignages\" width=\"380\" height=\"100\" border=\"0\" \/><img loading=\"lazy\" decoding=\"async\" src=\"http:\/\/www.ac-am.fr\/wp-content\/uploads\/2015\/12\/cal2013.gif\" alt=\"Ann\u00e9e 2013\" width=\"150\" height=\"100\" border=\"0\" \/><\/td>\n<\/tr>\n<tr>\n<td><img decoding=\"async\" class=\"aligncenter\" src=\"http:\/\/www.ac-am.fr\/wp-content\/uploads\/2015\/09\/barre_vt.gif\" alt=\"\" border=\"0\" \/><\/td>\n<\/tr>\n<\/tbody>\n<\/table>\n<table class=\"aligncenter\" style=\"width: 590px;\" border=\"0\">\n<tbody>\n<tr>\n<td><a name=\"Claude01B_destin13_01\"><\/a><b class=\"ntitre1\">Lettre sur un certain devenir!<\/b><\/td>\n<\/tr>\n<tr>\n<td colspan=\"2\"><img decoding=\"async\" class=\"aligncenter\" src=\"http:\/\/www.ac-am.fr\/wp-content\/uploads\/2015\/09\/barre_vt.gif\" alt=\"\" border=\"0\" \/><\/td>\n<\/tr>\n<tr>\n<td style=\"text-align: left;\"><span class=\"gmoyen\"><img decoding=\"async\" src=\"http:\/\/www.ac-am.fr\/wp-content\/uploads\/2015\/11\/ball_mf.gif\" alt=\"\" border=\"0\" \/> Cette lettre s&rsquo;adresse tout d&rsquo;abord au peuple de France. Pourquoi? Tout simplement parce que ce pays a une relation particuli\u00e8re avec le monde m\u00e9taphysique. Le monde dit \u00ab\u00a0ordinaire\u00a0\u00bb, dans lequel nous vivons tous, arrive \u00e0 sa fin. L&rsquo;homme a atteint le maximum de son \u00e9volution dans cette dimension.<\/span><\/p>\n<p><span class=\"gmoyen\"><img decoding=\"async\" src=\"http:\/\/www.ac-am.fr\/wp-content\/uploads\/2015\/11\/ball_mf.gif\" alt=\"\" border=\"0\" \/> En ces temps tourment\u00e9s, nous continuons \u00e0 vivre dans le monde ordinaire et \u00e0 suivre continuellement ce chemin tout trac\u00e9 qui s&rsquo;appelle \u00ab\u00a0conditionnement\u00a0\u00bb.<\/span><\/p>\n<p><span class=\"gmoyen\"><img decoding=\"async\" src=\"http:\/\/www.ac-am.fr\/wp-content\/uploads\/2015\/11\/ball_mf.gif\" alt=\"\" border=\"0\" \/> Depuis les ann\u00e9es 80, nous sommes entr\u00e9s dans l&rsquo;\u00c8re de l&rsquo;Apocalypse. Apocalypse ne signifiant pas fin du monde comme on veut bien vous le faire croire mais plut\u00f4t fin d&rsquo;un monde comme nous le connaissons, une fa\u00e7on de vivre, une fa\u00e7on de percevoir son environnement.<\/span><\/p>\n<p><span class=\"gmoyen\"><img decoding=\"async\" src=\"http:\/\/www.ac-am.fr\/wp-content\/uploads\/2015\/11\/ball_mf.gif\" alt=\"\" border=\"0\" \/> L&rsquo;\u00e9volution de notre civilisation est arriv\u00e9e au bout du voyage. Nous ne sommes plus appropri\u00e9s en tant qu&rsquo;humains \u00e0 continuer notre recherche, notre connaissance int\u00e9rieure parce que nous avons \u00e9t\u00e9 tromp\u00e9s par les gouvernements successifs cela sur toute la plan\u00e8te.<\/span><\/p>\n<p><span class=\"gmoyen\"><img decoding=\"async\" src=\"http:\/\/www.ac-am.fr\/wp-content\/uploads\/2015\/11\/ball_mf.gif\" alt=\"\" border=\"0\" \/> Tout ce qui se d\u00e9roule actuellement sous vos yeux n&rsquo;est que le reflet d&rsquo;une ignorance flagrante, d&rsquo;une absurdit\u00e9 cr\u00e9\u00e9e par les politiciens, les religieux, les scientifiques, tout cela par l\u00e2chet\u00e9, pour le pouvoir, la domination et le mensonge \u00e0 l&rsquo;\u00e9gard des peuples.<\/span><\/p>\n<p><span class=\"gmoyen\"><img decoding=\"async\" src=\"http:\/\/www.ac-am.fr\/wp-content\/uploads\/2015\/11\/ball_mf.gif\" alt=\"\" border=\"0\" \/> Commen\u00e7ons tout d&rsquo;abord par la \u00ab\u00a0crise\u00a0\u00bb. Contrairement \u00e0 tout ce que l&rsquo;on peut vous dire, il n&rsquo;y aura jamais de reprise. Tout est maintenu artificiellement. C&rsquo;est comme un immense bateau o\u00f9 chacun colmate les br\u00e8ches \u00e0 sa fa\u00e7on mais le navire continue de sombrer.<\/span><\/p>\n<p><span class=\"gmoyen\"><img decoding=\"async\" src=\"http:\/\/www.ac-am.fr\/wp-content\/uploads\/2015\/11\/ball_mf.gif\" alt=\"\" border=\"0\" \/> Pourquoi n&rsquo;y aura-t-il pas de reprise? Tout simplement parce ce syst\u00e8me de vie est obsol\u00e8te par rapport au grand changement qui est entrain de se produire. Il d\u00e9passe le cadre humain. Que ce soit du plus grand au-dessus des gouvernements au plus petit, personne n&rsquo;y \u00e9chappera. Cette crise existe tout simplement parce que les hommes ont cr\u00e9\u00e9 un pouvoir et une vie artificiels. Les hommes n&rsquo;ont pas eu l&rsquo;intelligence d&rsquo;esprit de se poser les questions suivantes:<\/span><\/p>\n<p><span class=\"gmoyen\">&#8211; Quel est notre rapport avec notre plan\u00e8te? <br \/>\n &#8211; la vie que nous menons est-elle en symbiose avec notre r\u00e9elle existence? <br \/>\n &#8211; sommes-nous seuls dans l&rsquo;univers? <br \/>\n &#8211; quelles sont nos origines? <br \/>\n &#8211; d&rsquo;o\u00f9 venons-nous r\u00e9ellement?<\/span><\/p>\n<p><span class=\"gmoyen\"><img decoding=\"async\" src=\"http:\/\/www.ac-am.fr\/wp-content\/uploads\/2015\/11\/ball_mf.gif\" alt=\"\" border=\"0\" \/> Combien de femmes et d&rsquo;hommes se posent de telles questions?<\/span><\/p>\n<p><span class=\"gmoyen\"><img decoding=\"async\" src=\"http:\/\/www.ac-am.fr\/wp-content\/uploads\/2015\/11\/ball_mf.gif\" alt=\"\" border=\"0\" \/> Nous sommes dans l&rsquo;ignorance la plus totale parce qu&rsquo;un certain groupe d&rsquo;hommes a toutes les r\u00e9ponses \u00e0 ces questions. Les personnes sinc\u00e8res qui font une tentative de recherche sur ces points se retrouvent pi\u00e9g\u00e9es par des manipulateurs ou des sectes qui vont leur proposer une utopie&#8230;<\/span><\/p>\n<p><span class=\"gmoyen\"><img decoding=\"async\" src=\"http:\/\/www.ac-am.fr\/wp-content\/uploads\/2015\/11\/ball_mf.gif\" alt=\"\" border=\"0\" \/> Cette crise est un des facteurs cl\u00e9s des plus visibles. Personne ne pourra y \u00e9chapper parce qu&rsquo;elle est un des leviers du changement radical qui se profile \u00e0 l&rsquo;horizon. L&rsquo;autre facteur o\u00f9 l&rsquo;on vous ment et o\u00f9 la manipulation est de mise est le r\u00e9chauffement climatique. Les \u00e9cologistes sont soit stupides soit ignorants&#8230; L&rsquo;homme n&rsquo;a aucun pouvoir sur la plan\u00e8te bien que certains pays comme l&rsquo;Am\u00e9rique essaient de manipuler le climat pour en faire une arme. C&rsquo;est notre plan\u00e8te qui nous dominent et non l&rsquo;inverse.<\/span><\/p>\n<p><span class=\"gmoyen\"><img decoding=\"async\" src=\"http:\/\/www.ac-am.fr\/wp-content\/uploads\/2015\/11\/ball_mf.gif\" alt=\"\" border=\"0\" \/> Si notre plan\u00e8te se r\u00e9chauffe c&rsquo;est tout simplement du \u00e0 <a href=\"destin08.htm#Claude01B_destin08_01\" target=\"_self\">une \u00e9l\u00e9vation de sa fr\u00e9quence<\/a>. Elle se transforme, se purifie \u00e0 l&rsquo;insu des humains pour la simple et bonne raison que nous ne sommes pas du tout en symbiose avec elle.<\/span><\/p>\n<p><span class=\"gmoyen\"><img decoding=\"async\" src=\"http:\/\/www.ac-am.fr\/wp-content\/uploads\/2015\/11\/ball_mf.gif\" alt=\"\" border=\"0\" \/> Le r\u00e9chauffement est en r\u00e9alit\u00e9 mal appropri\u00e9. Ce n&rsquo;est qu&rsquo;une des nombreuses cons\u00e9quences de la mutation de notre Terre. De plus tout notre syst\u00e8me solaire est concern\u00e9 \u00e0 commencer par <a href=\"histo10.htm#Article02\" target=\"_self\">notre soleil<\/a>. Quelles r\u00e9percussions cette \u00e9l\u00e9vation vibratoire va avoir sur l&rsquo;homme? Vous en avez d\u00e9j\u00e0 les effets qui deviennent de plus en plus visibles.<\/span><\/p>\n<p><span class=\"gmoyen\"><img decoding=\"async\" src=\"http:\/\/www.ac-am.fr\/wp-content\/uploads\/2015\/11\/ball_mf.gif\" alt=\"\" border=\"0\" \/> Tout d&rsquo;abord le comportement humain. Ce changement vibratoire a des effets d\u00e9vastateurs chez les personnes qui vont s&rsquo;accrocher \u00e0 tout pris \u00e0 leurs certitudes comme par exemple la famille qui vole en \u00e9clat, la folie sans explication possible, le suicide, les probl\u00e8mes de sant\u00e9, la violence. Plus la r\u00e9sistance et la non acceptation de ce changement seront grandes plus les cons\u00e9quences seront terribles pour la personne qui s&rsquo;y oppose.<\/span><\/p>\n<p><span class=\"gmoyen\"><img decoding=\"async\" src=\"http:\/\/www.ac-am.fr\/wp-content\/uploads\/2015\/11\/ball_mf.gif\" alt=\"\" border=\"0\" \/> Tous les r\u00e8gnes sont concern\u00e9s par ce changement, le min\u00e9ral, le v\u00e9g\u00e9tal, l&rsquo;animal et l&rsquo;homme.<\/span><\/p>\n<p><span class=\"gmoyen\"><img decoding=\"async\" src=\"http:\/\/www.ac-am.fr\/wp-content\/uploads\/2015\/11\/ball_mf.gif\" alt=\"\" border=\"0\" \/> Le climat et les r\u00e9actions de notre plan\u00e8te se font de plus en plus visibles. Les brusques variations de temp\u00e9rature, les nombreux tremblements de terre de forte magnitude ainsi que les trombes d&rsquo;eau ou de neige, les incendies de grande envergure. L\u00e0 encore les climatologues vous trompent. Il n&rsquo;est pas pensable qu&rsquo;il puisse exister de tels changements pour la bonne et simple raison qu&rsquo;il n&rsquo;y a pas de changement. Ce comportement va amener le doute et la fiabilit\u00e9 de ces pseudos scientifiques car les faits vont \u00eatre de plus en plus probants. \u00c0 l&rsquo;heure o\u00f9 je vous \u00e9cris, la Californie est entrain de lutter contre un 2\u00e9me incendie majeur qu&rsquo;elle ne peut arr\u00eater et pourtant notre technologie \u00e0 \u00e9voluer mais les hommes sont toujours aussi impuissants devant de telles catastrophes.<\/span><\/p>\n<p><span class=\"gmoyen\"><img decoding=\"async\" src=\"http:\/\/www.ac-am.fr\/wp-content\/uploads\/2015\/11\/ball_mf.gif\" alt=\"\" border=\"0\" \/> De toute fa\u00e7on nous allons payer tr\u00e8s cher ce comportement face \u00e0 un \u00eatre vivant et pensant qu&rsquo;est notre plan\u00e8te.<\/span><\/p>\n<p><span class=\"gmoyen\"><img decoding=\"async\" src=\"http:\/\/www.ac-am.fr\/wp-content\/uploads\/2015\/11\/ball_mf.gif\" alt=\"\" border=\"0\" \/> Pour continuer notre parcours, nous allons parler d&rsquo;un autre sujet tabou et pourtant cl\u00e9 de nos origines; les OVNIs.<\/span><\/p>\n<p><span class=\"gmoyen\"><img decoding=\"async\" src=\"http:\/\/www.ac-am.fr\/wp-content\/uploads\/2015\/11\/ball_mf.gif\" alt=\"\" border=\"0\" \/> Depuis quelques ann\u00e9es une recrudescence des apparitions sur toute la plan\u00e8te se fait sentir. Des milliers de t\u00e9moins se retrouvent face \u00e0 de tels objets. En ce moment c&rsquo;est le Canada&#8230; Internet est l\u00e0 pour en t\u00e9moigner. Les astronautes, les pilotes civils et militaires, certains responsables de la NASA et de l&rsquo;Arm\u00e9e commencent \u00e0 parler ouvertement ainsi que d&rsquo;anciens hommes politiques. Il faut arr\u00eater de cacher cette v\u00e9rit\u00e9. Elle existe depuis des mill\u00e9naires et est visible sur toute notre plan\u00e8te.<\/span><\/p>\n<p><span class=\"gmoyen\"><img decoding=\"async\" src=\"http:\/\/www.ac-am.fr\/wp-content\/uploads\/2015\/11\/ball_mf.gif\" alt=\"\" border=\"0\" \/> Pour enfoncer le clou, il passe actuellement une s\u00e9rie d&rsquo;\u00e9pisodes sur la cha\u00eene TNT 24, RMC D\u00e9couverte au doux nom de \u00ab\u00a0Aliens Theory\u00a0\u00bb. Nous avons un r\u00e9sum\u00e9 passionnant de nos origines et de l&rsquo;influence qu&rsquo;ont pu avoir les Aliens sur notre Plan\u00e8te et sur notre d\u00e9veloppement.<\/span><\/p>\n<p><span class=\"gmoyen\"><img decoding=\"async\" src=\"http:\/\/www.ac-am.fr\/wp-content\/uploads\/2015\/11\/ball_mf.gif\" alt=\"\" border=\"0\" \/> Combien vont comprendre ou plus pr\u00e9cis\u00e9ment accepter cette influence et peut-\u00eatre l&rsquo;origine de l&rsquo;\u00eatre humain, des divers civilisations et enfin l&rsquo;aboutissement de ce que nous sommes devenues aujourd&rsquo;hui?<\/span><\/p>\n<p><span class=\"gmoyen\"><img decoding=\"async\" src=\"http:\/\/www.ac-am.fr\/wp-content\/uploads\/2015\/11\/ball_mf.gif\" alt=\"\" border=\"0\" \/> Il y a \u00e9galement un lien tr\u00e8s puissant entre certains extraterrestres et la Terre comme si ils \u00e9taient en sommes devenues \u00ab\u00a0les Gardiens\u00a0\u00bb de note habitat. Pourquoi?<\/span><\/p>\n<p><span class=\"gmoyen\"><img decoding=\"async\" src=\"http:\/\/www.ac-am.fr\/wp-content\/uploads\/2015\/11\/ball_mf.gif\" alt=\"\" border=\"0\" \/> Est-ce le fait que le champ de conscience de notre plan\u00e8te est en relation avec eux. Nous, humains, sommes incapables d&rsquo;\u00eatre en symbiose avec Elle. Nous la d\u00e9truisons, massacrons ses diff\u00e9rents r\u00e8gnes, nous nous entretuons et nous multiplions \u00e0 outrance&#8230; Tout cela ne peut durer et le prix \u00e0 payer est entrain de prendre forme sous nos yeux&#8230;<\/span><\/p>\n<p><span class=\"gmoyen\"><img decoding=\"async\" src=\"http:\/\/www.ac-am.fr\/wp-content\/uploads\/2015\/11\/ball_mf.gif\" alt=\"\" border=\"0\" \/> Les Aliens attendent-ils que nous prenions conscience de tout cela? Attendent-ils le moment crucial pour intervenir? Cette question n&rsquo;a pas de r\u00e9ponse pour le commun des mortels que nous sommes. Seul un groupe de personnes le savent probablement.<\/span><\/p>\n<p><span class=\"gmoyen\"><img decoding=\"async\" src=\"http:\/\/www.ac-am.fr\/wp-content\/uploads\/2015\/11\/ball_mf.gif\" alt=\"\" border=\"0\" \/> Toutes les civilisations qui se sont d\u00e9velopp\u00e9es au cours de l\u2019histoire de notre plan\u00e8te ne l\u2019ont pas fait par elle-m\u00eame mais avec l\u2019aide de \u00ab Conseill\u00e9s \u00bb et lorsqu\u2019ils partaient ces civilisations livr\u00e9es \u00e0 elles-m\u00eames finissaient toujours par disparaitre. C\u2019est le cas actuellement, nous sommes entrain de perdre le contr\u00f4le de notre destin et tout se que peut vous dire les hommes politiques, les scientifiques, la religion, les arm\u00e9es deviendra alors lettre morte.<\/span><\/p>\n<p><span class=\"gmoyen\"><i>[<a href=\"boites.htm#Claude01\">Claude B. &#8211; le 23-08-13<\/a>]<\/i><\/span><\/td>\n<\/tr>\n<\/tbody>\n<\/table>\n<\/td>\n<\/tr>\n<\/tbody>\n<\/table>\n<\/div>\n<div style=\"padding-bottom:20px; padding-top:10px;\" class=\"hupso-share-buttons\"><!-- Hupso Share Buttons - https:\/\/www.hupso.com\/share\/ --><a class=\"hupso_toolbar\" href=\"https:\/\/www.hupso.com\/share\/\"><img decoding=\"async\" src=\"https:\/\/static.hupso.com\/share\/buttons\/lang\/fr\/share.png\" style=\"border:0px; padding-top: 5px; float:left;\" alt=\"Share Button\"\/><\/a><script type=\"text\/javascript\">var hupso_services_t=new Array(\"Twitter\",\"Facebook\",\"Google Plus\");var hupso_background_t=\"#EAF4FF\";var hupso_border_t=\"#66CCFF\";var hupso_toolbar_size_t=\"big\";var hupso_image_folder_url = \"\";var hupso_url_t=\"\";var hupso_title_t=\"Lettre%20sur%20un%20certain%20devenir%21\";<\/script><script type=\"text\/javascript\" src=\"https:\/\/static.hupso.com\/share\/js\/share_toolbar.js\"><\/script><!-- Hupso Share Buttons --><\/div>","protected":false},"excerpt":{"rendered":"<p>Lettre sur un certain devenir! Cette lettre s&rsquo;adresse tout d&rsquo;abord au peuple de France. Pourquoi?&#8230;<\/p>\n","protected":false},"author":2,"featured_media":0,"comment_status":"open","ping_status":"open","sticky":false,"template":"","format":"standard","meta":{"footnotes":""},"categories":[246],"tags":[],"class_list":["post-3326","post","type-post","status-publish","format-standard","hentry","category-2013-destin"],"yoast_head":"<!-- This site is optimized with the Yoast SEO plugin v26.9 - https:\/\/yoast.com\/product\/yoast-seo-wordpress\/ -->\n<title>Lettre sur un certain devenir! - Autre Conscience, Autre Monde<\/title>\n<meta name=\"robots\" content=\"index, follow, max-snippet:-1, max-image-preview:large, max-video-preview:-1\" \/>\n<link rel=\"canonical\" href=\"https:\/\/www.ac-am.fr\/index.php\/2013\/08\/23\/lettre-certain-devenir\/\" \/>\n<meta property=\"og:locale\" content=\"fr_FR\" \/>\n<meta property=\"og:type\" content=\"article\" \/>\n<meta property=\"og:title\" content=\"Lettre sur un certain devenir! - Autre Conscience, Autre Monde\" \/>\n<meta property=\"og:description\" content=\"Lettre sur un certain devenir! Cette lettre s&rsquo;adresse tout d&rsquo;abord au peuple de France. Pourquoi?...\" \/>\n<meta property=\"og:url\" content=\"https:\/\/www.ac-am.fr\/index.php\/2013\/08\/23\/lettre-certain-devenir\/\" \/>\n<meta property=\"og:site_name\" content=\"Autre Conscience, Autre Monde\" \/>\n<meta property=\"article:publisher\" content=\"https:\/\/fr-fr.facebook.com\/claude.acam\/\" \/>\n<meta property=\"article:published_time\" content=\"2013-08-23T07:35:13+00:00\" \/>\n<meta property=\"article:modified_time\" content=\"2016-05-15T12:14:32+00:00\" \/>\n<meta property=\"og:image\" content=\"http:\/\/www.ac-am.fr\/wp-content\/uploads\/2015\/09\/barre_vt.gif\" \/>\n<meta name=\"author\" content=\"Claude ACAM\" \/>\n<meta name=\"twitter:card\" content=\"summary_large_image\" \/>\n<meta name=\"twitter:label1\" content=\"\u00c9crit par\" \/>\n\t<meta name=\"twitter:data1\" content=\"Claude ACAM\" \/>\n\t<meta name=\"twitter:label2\" content=\"Dur\u00e9e de lecture estim\u00e9e\" \/>\n\t<meta name=\"twitter:data2\" content=\"6 minutes\" \/>\n<script type=\"application\/ld+json\" class=\"yoast-schema-graph\">{\"@context\":\"https:\/\/schema.org\",\"@graph\":[{\"@type\":\"Article\",\"@id\":\"https:\/\/www.ac-am.fr\/index.php\/2013\/08\/23\/lettre-certain-devenir\/#article\",\"isPartOf\":{\"@id\":\"https:\/\/www.ac-am.fr\/index.php\/2013\/08\/23\/lettre-certain-devenir\/\"},\"author\":{\"name\":\"Claude ACAM\",\"@id\":\"https:\/\/www.ac-am.fr\/#\/schema\/person\/f6920100a1eee321181b2d8606edb6ee\"},\"headline\":\"Lettre sur un certain devenir!\",\"datePublished\":\"2013-08-23T07:35:13+00:00\",\"dateModified\":\"2016-05-15T12:14:32+00:00\",\"mainEntityOfPage\":{\"@id\":\"https:\/\/www.ac-am.fr\/index.php\/2013\/08\/23\/lettre-certain-devenir\/\"},\"wordCount\":1349,\"commentCount\":0,\"publisher\":{\"@id\":\"https:\/\/www.ac-am.fr\/#organization\"},\"image\":{\"@id\":\"https:\/\/www.ac-am.fr\/index.php\/2013\/08\/23\/lettre-certain-devenir\/#primaryimage\"},\"thumbnailUrl\":\"http:\/\/www.ac-am.fr\/wp-content\/uploads\/2015\/09\/barre_vt.gif\",\"articleSection\":[\"2013 \u2013 DESTIN\"],\"inLanguage\":\"fr-FR\",\"potentialAction\":[{\"@type\":\"CommentAction\",\"name\":\"Comment\",\"target\":[\"https:\/\/www.ac-am.fr\/index.php\/2013\/08\/23\/lettre-certain-devenir\/#respond\"]}]},{\"@type\":\"WebPage\",\"@id\":\"https:\/\/www.ac-am.fr\/index.php\/2013\/08\/23\/lettre-certain-devenir\/\",\"url\":\"https:\/\/www.ac-am.fr\/index.php\/2013\/08\/23\/lettre-certain-devenir\/\",\"name\":\"Lettre sur un certain devenir! - Autre Conscience, Autre Monde\",\"isPartOf\":{\"@id\":\"https:\/\/www.ac-am.fr\/#website\"},\"primaryImageOfPage\":{\"@id\":\"https:\/\/www.ac-am.fr\/index.php\/2013\/08\/23\/lettre-certain-devenir\/#primaryimage\"},\"image\":{\"@id\":\"https:\/\/www.ac-am.fr\/index.php\/2013\/08\/23\/lettre-certain-devenir\/#primaryimage\"},\"thumbnailUrl\":\"http:\/\/www.ac-am.fr\/wp-content\/uploads\/2015\/09\/barre_vt.gif\",\"datePublished\":\"2013-08-23T07:35:13+00:00\",\"dateModified\":\"2016-05-15T12:14:32+00:00\",\"breadcrumb\":{\"@id\":\"https:\/\/www.ac-am.fr\/index.php\/2013\/08\/23\/lettre-certain-devenir\/#breadcrumb\"},\"inLanguage\":\"fr-FR\",\"potentialAction\":[{\"@type\":\"ReadAction\",\"target\":[\"https:\/\/www.ac-am.fr\/index.php\/2013\/08\/23\/lettre-certain-devenir\/\"]}]},{\"@type\":\"ImageObject\",\"inLanguage\":\"fr-FR\",\"@id\":\"https:\/\/www.ac-am.fr\/index.php\/2013\/08\/23\/lettre-certain-devenir\/#primaryimage\",\"url\":\"https:\/\/www.ac-am.fr\/wp-content\/uploads\/2015\/09\/barre_vt.gif\",\"contentUrl\":\"https:\/\/www.ac-am.fr\/wp-content\/uploads\/2015\/09\/barre_vt.gif\",\"width\":550,\"height\":7,\"caption\":\"Barre verte\"},{\"@type\":\"BreadcrumbList\",\"@id\":\"https:\/\/www.ac-am.fr\/index.php\/2013\/08\/23\/lettre-certain-devenir\/#breadcrumb\",\"itemListElement\":[{\"@type\":\"ListItem\",\"position\":1,\"name\":\"Accueil\",\"item\":\"https:\/\/www.ac-am.fr\/\"},{\"@type\":\"ListItem\",\"position\":2,\"name\":\"Lettre sur un certain devenir!\"}]},{\"@type\":\"WebSite\",\"@id\":\"https:\/\/www.ac-am.fr\/#website\",\"url\":\"https:\/\/www.ac-am.fr\/\",\"name\":\"Autre Conscience, Autre Monde\",\"description\":\"\",\"publisher\":{\"@id\":\"https:\/\/www.ac-am.fr\/#organization\"},\"potentialAction\":[{\"@type\":\"SearchAction\",\"target\":{\"@type\":\"EntryPoint\",\"urlTemplate\":\"https:\/\/www.ac-am.fr\/?s={search_term_string}\"},\"query-input\":{\"@type\":\"PropertyValueSpecification\",\"valueRequired\":true,\"valueName\":\"search_term_string\"}}],\"inLanguage\":\"fr-FR\"},{\"@type\":\"Organization\",\"@id\":\"https:\/\/www.ac-am.fr\/#organization\",\"name\":\"Autre Conscience, Autre Monde\",\"url\":\"https:\/\/www.ac-am.fr\/\",\"logo\":{\"@type\":\"ImageObject\",\"inLanguage\":\"fr-FR\",\"@id\":\"https:\/\/www.ac-am.fr\/#\/schema\/logo\/image\/\",\"url\":\"https:\/\/www.ac-am.fr\/wp-content\/uploads\/2015\/10\/bd_ac_am.gif\",\"contentUrl\":\"https:\/\/www.ac-am.fr\/wp-content\/uploads\/2015\/10\/bd_ac_am.gif\",\"width\":370,\"height\":65,\"caption\":\"Autre Conscience, Autre Monde\"},\"image\":{\"@id\":\"https:\/\/www.ac-am.fr\/#\/schema\/logo\/image\/\"},\"sameAs\":[\"https:\/\/fr-fr.facebook.com\/claude.acam\/\",\"https:\/\/www.youtube.com\/user\/consciencemonde\"]},{\"@type\":\"Person\",\"@id\":\"https:\/\/www.ac-am.fr\/#\/schema\/person\/f6920100a1eee321181b2d8606edb6ee\",\"name\":\"Claude ACAM\",\"image\":{\"@type\":\"ImageObject\",\"inLanguage\":\"fr-FR\",\"@id\":\"https:\/\/www.ac-am.fr\/#\/schema\/person\/image\/\",\"url\":\"https:\/\/secure.gravatar.com\/avatar\/e09e4cf5d19c14eb87ca16e06420f2d1dfe3e8967072c4616fd0fdf3e8855650?s=96&d=identicon&r=g\",\"contentUrl\":\"https:\/\/secure.gravatar.com\/avatar\/e09e4cf5d19c14eb87ca16e06420f2d1dfe3e8967072c4616fd0fdf3e8855650?s=96&d=identicon&r=g\",\"caption\":\"Claude ACAM\"},\"sameAs\":[\"http:\/\/www.ac-am.fr\/\"],\"url\":\"https:\/\/www.ac-am.fr\/index.php\/author\/claude-b\/\"}]}<\/script>\n<!-- \/ Yoast SEO plugin. -->","yoast_head_json":{"title":"Lettre sur un certain devenir! - Autre Conscience, Autre Monde","robots":{"index":"index","follow":"follow","max-snippet":"max-snippet:-1","max-image-preview":"max-image-preview:large","max-video-preview":"max-video-preview:-1"},"canonical":"https:\/\/www.ac-am.fr\/index.php\/2013\/08\/23\/lettre-certain-devenir\/","og_locale":"fr_FR","og_type":"article","og_title":"Lettre sur un certain devenir! - Autre Conscience, Autre Monde","og_description":"Lettre sur un certain devenir! Cette lettre s&rsquo;adresse tout d&rsquo;abord au peuple de France. Pourquoi?...","og_url":"https:\/\/www.ac-am.fr\/index.php\/2013\/08\/23\/lettre-certain-devenir\/","og_site_name":"Autre Conscience, Autre Monde","article_publisher":"https:\/\/fr-fr.facebook.com\/claude.acam\/","article_published_time":"2013-08-23T07:35:13+00:00","article_modified_time":"2016-05-15T12:14:32+00:00","og_image":[{"url":"http:\/\/www.ac-am.fr\/wp-content\/uploads\/2015\/09\/barre_vt.gif","type":"","width":"","height":""}],"author":"Claude ACAM","twitter_card":"summary_large_image","twitter_misc":{"\u00c9crit par":"Claude ACAM","Dur\u00e9e de lecture estim\u00e9e":"6 minutes"},"schema":{"@context":"https:\/\/schema.org","@graph":[{"@type":"Article","@id":"https:\/\/www.ac-am.fr\/index.php\/2013\/08\/23\/lettre-certain-devenir\/#article","isPartOf":{"@id":"https:\/\/www.ac-am.fr\/index.php\/2013\/08\/23\/lettre-certain-devenir\/"},"author":{"name":"Claude ACAM","@id":"https:\/\/www.ac-am.fr\/#\/schema\/person\/f6920100a1eee321181b2d8606edb6ee"},"headline":"Lettre sur un certain devenir!","datePublished":"2013-08-23T07:35:13+00:00","dateModified":"2016-05-15T12:14:32+00:00","mainEntityOfPage":{"@id":"https:\/\/www.ac-am.fr\/index.php\/2013\/08\/23\/lettre-certain-devenir\/"},"wordCount":1349,"commentCount":0,"publisher":{"@id":"https:\/\/www.ac-am.fr\/#organization"},"image":{"@id":"https:\/\/www.ac-am.fr\/index.php\/2013\/08\/23\/lettre-certain-devenir\/#primaryimage"},"thumbnailUrl":"http:\/\/www.ac-am.fr\/wp-content\/uploads\/2015\/09\/barre_vt.gif","articleSection":["2013 \u2013 DESTIN"],"inLanguage":"fr-FR","potentialAction":[{"@type":"CommentAction","name":"Comment","target":["https:\/\/www.ac-am.fr\/index.php\/2013\/08\/23\/lettre-certain-devenir\/#respond"]}]},{"@type":"WebPage","@id":"https:\/\/www.ac-am.fr\/index.php\/2013\/08\/23\/lettre-certain-devenir\/","url":"https:\/\/www.ac-am.fr\/index.php\/2013\/08\/23\/lettre-certain-devenir\/","name":"Lettre sur un certain devenir! - Autre Conscience, Autre Monde","isPartOf":{"@id":"https:\/\/www.ac-am.fr\/#website"},"primaryImageOfPage":{"@id":"https:\/\/www.ac-am.fr\/index.php\/2013\/08\/23\/lettre-certain-devenir\/#primaryimage"},"image":{"@id":"https:\/\/www.ac-am.fr\/index.php\/2013\/08\/23\/lettre-certain-devenir\/#primaryimage"},"thumbnailUrl":"http:\/\/www.ac-am.fr\/wp-content\/uploads\/2015\/09\/barre_vt.gif","datePublished":"2013-08-23T07:35:13+00:00","dateModified":"2016-05-15T12:14:32+00:00","breadcrumb":{"@id":"https:\/\/www.ac-am.fr\/index.php\/2013\/08\/23\/lettre-certain-devenir\/#breadcrumb"},"inLanguage":"fr-FR","potentialAction":[{"@type":"ReadAction","target":["https:\/\/www.ac-am.fr\/index.php\/2013\/08\/23\/lettre-certain-devenir\/"]}]},{"@type":"ImageObject","inLanguage":"fr-FR","@id":"https:\/\/www.ac-am.fr\/index.php\/2013\/08\/23\/lettre-certain-devenir\/#primaryimage","url":"https:\/\/www.ac-am.fr\/wp-content\/uploads\/2015\/09\/barre_vt.gif","contentUrl":"https:\/\/www.ac-am.fr\/wp-content\/uploads\/2015\/09\/barre_vt.gif","width":550,"height":7,"caption":"Barre verte"},{"@type":"BreadcrumbList","@id":"https:\/\/www.ac-am.fr\/index.php\/2013\/08\/23\/lettre-certain-devenir\/#breadcrumb","itemListElement":[{"@type":"ListItem","position":1,"name":"Accueil","item":"https:\/\/www.ac-am.fr\/"},{"@type":"ListItem","position":2,"name":"Lettre sur un certain devenir!"}]},{"@type":"WebSite","@id":"https:\/\/www.ac-am.fr\/#website","url":"https:\/\/www.ac-am.fr\/","name":"Autre Conscience, Autre Monde","description":"","publisher":{"@id":"https:\/\/www.ac-am.fr\/#organization"},"potentialAction":[{"@type":"SearchAction","target":{"@type":"EntryPoint","urlTemplate":"https:\/\/www.ac-am.fr\/?s={search_term_string}"},"query-input":{"@type":"PropertyValueSpecification","valueRequired":true,"valueName":"search_term_string"}}],"inLanguage":"fr-FR"},{"@type":"Organization","@id":"https:\/\/www.ac-am.fr\/#organization","name":"Autre Conscience, Autre Monde","url":"https:\/\/www.ac-am.fr\/","logo":{"@type":"ImageObject","inLanguage":"fr-FR","@id":"https:\/\/www.ac-am.fr\/#\/schema\/logo\/image\/","url":"https:\/\/www.ac-am.fr\/wp-content\/uploads\/2015\/10\/bd_ac_am.gif","contentUrl":"https:\/\/www.ac-am.fr\/wp-content\/uploads\/2015\/10\/bd_ac_am.gif","width":370,"height":65,"caption":"Autre Conscience, Autre Monde"},"image":{"@id":"https:\/\/www.ac-am.fr\/#\/schema\/logo\/image\/"},"sameAs":["https:\/\/fr-fr.facebook.com\/claude.acam\/","https:\/\/www.youtube.com\/user\/consciencemonde"]},{"@type":"Person","@id":"https:\/\/www.ac-am.fr\/#\/schema\/person\/f6920100a1eee321181b2d8606edb6ee","name":"Claude ACAM","image":{"@type":"ImageObject","inLanguage":"fr-FR","@id":"https:\/\/www.ac-am.fr\/#\/schema\/person\/image\/","url":"https:\/\/secure.gravatar.com\/avatar\/e09e4cf5d19c14eb87ca16e06420f2d1dfe3e8967072c4616fd0fdf3e8855650?s=96&d=identicon&r=g","contentUrl":"https:\/\/secure.gravatar.com\/avatar\/e09e4cf5d19c14eb87ca16e06420f2d1dfe3e8967072c4616fd0fdf3e8855650?s=96&d=identicon&r=g","caption":"Claude ACAM"},"sameAs":["http:\/\/www.ac-am.fr\/"],"url":"https:\/\/www.ac-am.fr\/index.php\/author\/claude-b\/"}]}},"_links":{"self":[{"href":"https:\/\/www.ac-am.fr\/index.php\/wp-json\/wp\/v2\/posts\/3326","targetHints":{"allow":["GET"]}}],"collection":[{"href":"https:\/\/www.ac-am.fr\/index.php\/wp-json\/wp\/v2\/posts"}],"about":[{"href":"https:\/\/www.ac-am.fr\/index.php\/wp-json\/wp\/v2\/types\/post"}],"author":[{"embeddable":true,"href":"https:\/\/www.ac-am.fr\/index.php\/wp-json\/wp\/v2\/users\/2"}],"replies":[{"embeddable":true,"href":"https:\/\/www.ac-am.fr\/index.php\/wp-json\/wp\/v2\/comments?post=3326"}],"version-history":[{"count":2,"href":"https:\/\/www.ac-am.fr\/index.php\/wp-json\/wp\/v2\/posts\/3326\/revisions"}],"predecessor-version":[{"id":3331,"href":"https:\/\/www.ac-am.fr\/index.php\/wp-json\/wp\/v2\/posts\/3326\/revisions\/3331"}],"wp:attachment":[{"href":"https:\/\/www.ac-am.fr\/index.php\/wp-json\/wp\/v2\/media?parent=3326"}],"wp:term":[{"taxonomy":"category","embeddable":true,"href":"https:\/\/www.ac-am.fr\/index.php\/wp-json\/wp\/v2\/categories?post=3326"},{"taxonomy":"post_tag","embeddable":true,"href":"https:\/\/www.ac-am.fr\/index.php\/wp-json\/wp\/v2\/tags?post=3326"}],"curies":[{"name":"wp","href":"https:\/\/api.w.org\/{rel}","templated":true}]}}