{"id":3476,"date":"2007-07-15T20:20:54","date_gmt":"2007-07-15T19:20:54","guid":{"rendered":"https:\/\/www.ac-am.fr\/?p=3476"},"modified":"2016-06-07T22:25:30","modified_gmt":"2016-06-07T21:25:30","slug":"observation-premonition-dimanche-2006","status":"publish","type":"post","link":"https:\/\/www.ac-am.fr\/index.php\/2007\/07\/15\/observation-premonition-dimanche-2006\/","title":{"rendered":"Observation et pr\u00e9monition, un dimanche 2006."},"content":{"rendered":"<div id=\"vie_ET\" style=\"background-attachment: fixed; border: 2px solid #dfe6de; border-radius: 10px; opacity: 0.90;\">\n<table class=\"aligncenter\" style=\"width: 600px;\" border=\"0\">\n<tbody>\n<tr>\n<td>\n<table class=\"aligncenter\" style=\"width: 567px; height: 190px;\" border=\"0\">\n<tbody>\n<tr>\n<td><img decoding=\"async\" class=\"aligncenter\" src=\"http:\/\/www.ac-am.fr\/wp-content\/uploads\/2015\/09\/barre_vt.gif\" alt=\"\" border=\"0\" \/><\/td>\n<\/tr>\n<tr>\n<td style=\"text-align: left;\"><img loading=\"lazy\" decoding=\"async\" src=\"http:\/\/www.ac-am.fr\/wp-content\/uploads\/2015\/11\/retedest.gif\" alt=\"R\u00e9flexions et T\u00e9moignages\" width=\"380\" height=\"100\" border=\"0\" \/><img loading=\"lazy\" decoding=\"async\" src=\"http:\/\/www.ac-am.fr\/wp-content\/uploads\/2015\/10\/cal2007.gif\" alt=\"Ann\u00e9e 2007\" width=\"150\" height=\"100\" border=\"0\" \/><\/td>\n<\/tr>\n<tr>\n<td><img decoding=\"async\" class=\"aligncenter\" src=\"http:\/\/www.ac-am.fr\/wp-content\/uploads\/2015\/09\/barre_vt.gif\" alt=\"\" border=\"0\" \/><\/td>\n<\/tr>\n<\/tbody>\n<\/table>\n<table class=\"aligncenter\" style=\"width: 590px;\" border=\"0\">\n<tbody>\n<tr>\n<td><a name=\"Nancy01T_ET07_01\"><\/a><b class=\"ntitre1\">Observation et pr\u00e9monition, un dimanche 2006.<\/b><\/td>\n<\/tr>\n<tr>\n<td style=\"text-align: left;\">\n<p><span class=\"gmoyen\"><img decoding=\"async\" src=\"http:\/\/www.ac-am.fr\/wp-content\/uploads\/2015\/09\/ball01.gif\" alt=\"\" border=\"0\" \/> Bonjour \u00e0 tous.<br \/> Je ne peux pas donner un nom \u00e0 ce \u00ab\u00a0ph\u00e9nom\u00e8ne\u00a0\u00bb&#8230; Croyez-vous en une possibilit\u00e9 de pr\u00e9monition (ou de pressentiment)\u00a0et qu&rsquo;il y a quelque chose sur\u00a0un fait qui se passe imm\u00e9diatement\u00a0??? Je ne sais pas\u00a0comment poser ma question, mais voil\u00e0, je vous raconte&#8230;<\/span><\/p>\n<p><span class=\"gmoyen\"><img decoding=\"async\" src=\"http:\/\/www.ac-am.fr\/wp-content\/uploads\/2015\/09\/ball01.gif\" alt=\"\" border=\"0\" \/> C&rsquo;\u00e9tait l&rsquo;ann\u00e9e pass\u00e9 en juin 2006. En fait, c&rsquo;\u00e9tait un dimanche (dr\u00f4le de co\u00efncidence vous allez me dire..). Il faisait tr\u00e8s beau dehors et je sortais de l&rsquo;\u00e9glise pour me rendre chez nous. Rendue chez nous, j&rsquo;allais dans ma chambre dont les stores des fen\u00eatres \u00e9taient enti\u00e8rement ferm\u00e9s. Je posais mon sac et le reste sur le bureau et sur le coup, j&rsquo;ai comme eu l&rsquo;impression que si j&rsquo;allais voir \u00e0 la fen\u00eatre, je verrais quelque chose passer&#8230; Je me suis comme ex\u00e9cut\u00e9e et j&rsquo;ai ouvert les stores. \u00c0 ma grande surprise, j&rsquo;ai pu voir une boule blanche passer \u00e0 basse altitude (selon ma perception, juste au-dessus du niveau des blocs appartements, mais qui pour de vrai, pouvait \u00eatre tr\u00e8s haut). Cela n&rsquo;avait rien d&rsquo;un dirigeable ou d&rsquo;un ballon ou rien puisque cette boule \u00e9tait m\u00e9tallique. Je dis cette boule parce c\u2019\u00e9tait vraiment une boule blanche m\u00e9tallique ! C&rsquo;est curieux, on aurait dit\u00a0une sonde de \u00ab\u00a0je ne sais pas trop ou&#8230; \u00a0\u00bb car elle allait en ligne tr\u00e8s droite, elle suivait sa trajectoire, et ce n&rsquo;\u00e9tait rien de nos lignes a\u00e9riennes.<\/span><\/p>\n<p><span class=\"gmoyen\"><img decoding=\"async\" src=\"http:\/\/www.ac-am.fr\/wp-content\/uploads\/2015\/09\/ball01.gif\" alt=\"\" border=\"0\" \/> J&rsquo;ai eu peur sur le coup quand j&rsquo;ai\u00a0vu cette boule car j&rsquo;ai pens\u00e9 en moi-m\u00eame : \u00ab\u00a0Mais comment pouvais-je savoir d&rsquo;avance qu&rsquo;il y avait quelque chose qui passait devant ma fen\u00eatre sans pouvoir le voir directement parce que mes stores \u00e9taient ferm\u00e9s ??!!\u00a0\u00bb J&rsquo;ai eu un frisson qui m&rsquo;a parcouru car je suis rest\u00e9e surprise ce matin-l\u00e0 de dimanche&#8230; Je me rappelle avoir sursaut\u00e9e quand j&rsquo;ai ouvert le store et ai aper\u00e7u cette boule.<\/span><\/p>\n<p><span class=\"gmoyen\"><img decoding=\"async\" src=\"http:\/\/www.ac-am.fr\/wp-content\/uploads\/2015\/09\/ball01.gif\" alt=\"\" border=\"0\" \/> Sinon, je me suis toujours demand\u00e9e comment j\u2019avais pu \u00ab\u00a0savoir\u00a0\u00bb qu&rsquo;elle passerait juste devant la fen\u00eatre de mon bloc (naturellement cette boule \u00e9tait \u00e0 des kilom\u00e8tres de moi&#8230;) et qu&rsquo;en plus, mes stores \u00e9taient rest\u00e9s ferm\u00e9s jusqu&rsquo;\u00e0 ce que je m\u2019approche, une impression que quelque chose passerait devant la fen\u00eatre&#8230;.. C&rsquo;est \u00e9vident que le ph\u00e9nom\u00e8ne n&rsquo;a pas dur\u00e9 tr\u00e8s longtemps, voir 2 minutes car cette boule allait plut\u00f4t vite et elle suivait sa trajectoire (pas une ligne a\u00e9rienne..). J&rsquo;ai juste trouv\u00e9 cela \u00e9trange&#8230; Vous \u00eates le seul \u00e0 qui je le raconte puisque vous traitez de divers sujets parapsychologiques et de conscience.<\/span><\/p>\n<p><span class=\"gmoyen\">[<span style=\"color: #ffff80;\">Nancy. &#8211; le 15-07-07<\/span>]<\/span><\/td>\n<\/tr>\n<\/tbody>\n<\/table>\n<\/td>\n<\/tr>\n<\/tbody>\n<\/table>\n<\/div>\n<div style=\"padding-bottom:20px; padding-top:10px;\" class=\"hupso-share-buttons\"><!-- Hupso Share Buttons - https:\/\/www.hupso.com\/share\/ --><a class=\"hupso_toolbar\" href=\"https:\/\/www.hupso.com\/share\/\"><img decoding=\"async\" src=\"https:\/\/static.hupso.com\/share\/buttons\/lang\/fr\/share.png\" style=\"border:0px; padding-top: 5px; float:left;\" alt=\"Share Button\"\/><\/a><script type=\"text\/javascript\">var hupso_services_t=new Array(\"Twitter\",\"Facebook\",\"Google Plus\");var hupso_background_t=\"#EAF4FF\";var hupso_border_t=\"#66CCFF\";var hupso_toolbar_size_t=\"big\";var hupso_image_folder_url = \"\";var hupso_url_t=\"\";var hupso_title_t=\"Observation%20et%20pr%C3%A9monition%2C%20un%20dimanche%202006.\";<\/script><script type=\"text\/javascript\" src=\"https:\/\/static.hupso.com\/share\/js\/share_toolbar.js\"><\/script><!-- Hupso Share Buttons --><\/div>","protected":false},"excerpt":{"rendered":"<p>Observation et pr\u00e9monition, un dimanche 2006. Bonjour \u00e0 tous. Je ne peux pas donner un&#8230;<\/p>\n","protected":false},"author":15,"featured_media":0,"comment_status":"closed","ping_status":"open","sticky":false,"template":"","format":"standard","meta":{"footnotes":""},"categories":[263],"tags":[],"class_list":["post-3476","post","type-post","status-publish","format-standard","hentry","category-2007-vie-extraterrestre"],"yoast_head":"<!-- This site is optimized with the Yoast SEO plugin v26.9 - https:\/\/yoast.com\/product\/yoast-seo-wordpress\/ -->\n<title>Observation et pr\u00e9monition, un dimanche 2006. - Autre Conscience, Autre Monde<\/title>\n<meta name=\"robots\" content=\"index, follow, max-snippet:-1, max-image-preview:large, max-video-preview:-1\" \/>\n<link rel=\"canonical\" href=\"https:\/\/www.ac-am.fr\/index.php\/2007\/07\/15\/observation-premonition-dimanche-2006\/\" \/>\n<meta property=\"og:locale\" content=\"fr_FR\" \/>\n<meta property=\"og:type\" content=\"article\" \/>\n<meta property=\"og:title\" content=\"Observation et pr\u00e9monition, un dimanche 2006. - Autre Conscience, Autre Monde\" \/>\n<meta property=\"og:description\" content=\"Observation et pr\u00e9monition, un dimanche 2006. Bonjour \u00e0 tous. Je ne peux pas donner un...\" \/>\n<meta property=\"og:url\" content=\"https:\/\/www.ac-am.fr\/index.php\/2007\/07\/15\/observation-premonition-dimanche-2006\/\" \/>\n<meta property=\"og:site_name\" content=\"Autre Conscience, Autre Monde\" \/>\n<meta property=\"article:publisher\" content=\"https:\/\/fr-fr.facebook.com\/claude.acam\/\" \/>\n<meta property=\"article:published_time\" content=\"2007-07-15T19:20:54+00:00\" \/>\n<meta property=\"article:modified_time\" content=\"2016-06-07T21:25:30+00:00\" \/>\n<meta property=\"og:image\" content=\"http:\/\/www.ac-am.fr\/wp-content\/uploads\/2015\/09\/barre_vt.gif\" \/>\n<meta name=\"author\" content=\"Nancy\" \/>\n<meta name=\"twitter:card\" content=\"summary_large_image\" \/>\n<meta name=\"twitter:label1\" content=\"\u00c9crit par\" \/>\n\t<meta name=\"twitter:data1\" content=\"Nancy\" \/>\n\t<meta name=\"twitter:label2\" content=\"Dur\u00e9e de lecture estim\u00e9e\" \/>\n\t<meta name=\"twitter:data2\" content=\"2 minutes\" \/>\n<script type=\"application\/ld+json\" class=\"yoast-schema-graph\">{\"@context\":\"https:\/\/schema.org\",\"@graph\":[{\"@type\":\"Article\",\"@id\":\"https:\/\/www.ac-am.fr\/index.php\/2007\/07\/15\/observation-premonition-dimanche-2006\/#article\",\"isPartOf\":{\"@id\":\"https:\/\/www.ac-am.fr\/index.php\/2007\/07\/15\/observation-premonition-dimanche-2006\/\"},\"author\":{\"name\":\"Nancy\",\"@id\":\"https:\/\/www.ac-am.fr\/#\/schema\/person\/01f960df2a7e4d9ec750be62ea485a3b\"},\"headline\":\"Observation et pr\u00e9monition, un dimanche 2006.\",\"datePublished\":\"2007-07-15T19:20:54+00:00\",\"dateModified\":\"2016-06-07T21:25:30+00:00\",\"mainEntityOfPage\":{\"@id\":\"https:\/\/www.ac-am.fr\/index.php\/2007\/07\/15\/observation-premonition-dimanche-2006\/\"},\"wordCount\":479,\"publisher\":{\"@id\":\"https:\/\/www.ac-am.fr\/#organization\"},\"image\":{\"@id\":\"https:\/\/www.ac-am.fr\/index.php\/2007\/07\/15\/observation-premonition-dimanche-2006\/#primaryimage\"},\"thumbnailUrl\":\"http:\/\/www.ac-am.fr\/wp-content\/uploads\/2015\/09\/barre_vt.gif\",\"articleSection\":[\"2007 \u2013 VIE EXTRATERRESTRE\"],\"inLanguage\":\"fr-FR\"},{\"@type\":\"WebPage\",\"@id\":\"https:\/\/www.ac-am.fr\/index.php\/2007\/07\/15\/observation-premonition-dimanche-2006\/\",\"url\":\"https:\/\/www.ac-am.fr\/index.php\/2007\/07\/15\/observation-premonition-dimanche-2006\/\",\"name\":\"Observation et pr\u00e9monition, un dimanche 2006. - Autre Conscience, Autre Monde\",\"isPartOf\":{\"@id\":\"https:\/\/www.ac-am.fr\/#website\"},\"primaryImageOfPage\":{\"@id\":\"https:\/\/www.ac-am.fr\/index.php\/2007\/07\/15\/observation-premonition-dimanche-2006\/#primaryimage\"},\"image\":{\"@id\":\"https:\/\/www.ac-am.fr\/index.php\/2007\/07\/15\/observation-premonition-dimanche-2006\/#primaryimage\"},\"thumbnailUrl\":\"http:\/\/www.ac-am.fr\/wp-content\/uploads\/2015\/09\/barre_vt.gif\",\"datePublished\":\"2007-07-15T19:20:54+00:00\",\"dateModified\":\"2016-06-07T21:25:30+00:00\",\"breadcrumb\":{\"@id\":\"https:\/\/www.ac-am.fr\/index.php\/2007\/07\/15\/observation-premonition-dimanche-2006\/#breadcrumb\"},\"inLanguage\":\"fr-FR\",\"potentialAction\":[{\"@type\":\"ReadAction\",\"target\":[\"https:\/\/www.ac-am.fr\/index.php\/2007\/07\/15\/observation-premonition-dimanche-2006\/\"]}]},{\"@type\":\"ImageObject\",\"inLanguage\":\"fr-FR\",\"@id\":\"https:\/\/www.ac-am.fr\/index.php\/2007\/07\/15\/observation-premonition-dimanche-2006\/#primaryimage\",\"url\":\"https:\/\/www.ac-am.fr\/wp-content\/uploads\/2015\/09\/barre_vt.gif\",\"contentUrl\":\"https:\/\/www.ac-am.fr\/wp-content\/uploads\/2015\/09\/barre_vt.gif\",\"width\":550,\"height\":7,\"caption\":\"Barre verte\"},{\"@type\":\"BreadcrumbList\",\"@id\":\"https:\/\/www.ac-am.fr\/index.php\/2007\/07\/15\/observation-premonition-dimanche-2006\/#breadcrumb\",\"itemListElement\":[{\"@type\":\"ListItem\",\"position\":1,\"name\":\"Accueil\",\"item\":\"https:\/\/www.ac-am.fr\/\"},{\"@type\":\"ListItem\",\"position\":2,\"name\":\"Observation et pr\u00e9monition, un dimanche 2006.\"}]},{\"@type\":\"WebSite\",\"@id\":\"https:\/\/www.ac-am.fr\/#website\",\"url\":\"https:\/\/www.ac-am.fr\/\",\"name\":\"Autre Conscience, Autre Monde\",\"description\":\"\",\"publisher\":{\"@id\":\"https:\/\/www.ac-am.fr\/#organization\"},\"potentialAction\":[{\"@type\":\"SearchAction\",\"target\":{\"@type\":\"EntryPoint\",\"urlTemplate\":\"https:\/\/www.ac-am.fr\/?s={search_term_string}\"},\"query-input\":{\"@type\":\"PropertyValueSpecification\",\"valueRequired\":true,\"valueName\":\"search_term_string\"}}],\"inLanguage\":\"fr-FR\"},{\"@type\":\"Organization\",\"@id\":\"https:\/\/www.ac-am.fr\/#organization\",\"name\":\"Autre Conscience, Autre Monde\",\"url\":\"https:\/\/www.ac-am.fr\/\",\"logo\":{\"@type\":\"ImageObject\",\"inLanguage\":\"fr-FR\",\"@id\":\"https:\/\/www.ac-am.fr\/#\/schema\/logo\/image\/\",\"url\":\"https:\/\/www.ac-am.fr\/wp-content\/uploads\/2015\/10\/bd_ac_am.gif\",\"contentUrl\":\"https:\/\/www.ac-am.fr\/wp-content\/uploads\/2015\/10\/bd_ac_am.gif\",\"width\":370,\"height\":65,\"caption\":\"Autre Conscience, Autre Monde\"},\"image\":{\"@id\":\"https:\/\/www.ac-am.fr\/#\/schema\/logo\/image\/\"},\"sameAs\":[\"https:\/\/fr-fr.facebook.com\/claude.acam\/\",\"https:\/\/www.youtube.com\/user\/consciencemonde\"]},{\"@type\":\"Person\",\"@id\":\"https:\/\/www.ac-am.fr\/#\/schema\/person\/01f960df2a7e4d9ec750be62ea485a3b\",\"name\":\"Nancy\",\"image\":{\"@type\":\"ImageObject\",\"inLanguage\":\"fr-FR\",\"@id\":\"https:\/\/www.ac-am.fr\/#\/schema\/person\/image\/\",\"url\":\"https:\/\/secure.gravatar.com\/avatar\/74c22283181bb6a52e78b293af4fabf0badbb7de75f22ff1fc5b4c411158871d?s=96&d=identicon&r=g\",\"contentUrl\":\"https:\/\/secure.gravatar.com\/avatar\/74c22283181bb6a52e78b293af4fabf0badbb7de75f22ff1fc5b4c411158871d?s=96&d=identicon&r=g\",\"caption\":\"Nancy\"},\"url\":\"https:\/\/www.ac-am.fr\/index.php\/author\/nancy\/\"}]}<\/script>\n<!-- \/ Yoast SEO plugin. -->","yoast_head_json":{"title":"Observation et pr\u00e9monition, un dimanche 2006. - Autre Conscience, Autre Monde","robots":{"index":"index","follow":"follow","max-snippet":"max-snippet:-1","max-image-preview":"max-image-preview:large","max-video-preview":"max-video-preview:-1"},"canonical":"https:\/\/www.ac-am.fr\/index.php\/2007\/07\/15\/observation-premonition-dimanche-2006\/","og_locale":"fr_FR","og_type":"article","og_title":"Observation et pr\u00e9monition, un dimanche 2006. - Autre Conscience, Autre Monde","og_description":"Observation et pr\u00e9monition, un dimanche 2006. Bonjour \u00e0 tous. Je ne peux pas donner un...","og_url":"https:\/\/www.ac-am.fr\/index.php\/2007\/07\/15\/observation-premonition-dimanche-2006\/","og_site_name":"Autre Conscience, Autre Monde","article_publisher":"https:\/\/fr-fr.facebook.com\/claude.acam\/","article_published_time":"2007-07-15T19:20:54+00:00","article_modified_time":"2016-06-07T21:25:30+00:00","og_image":[{"url":"http:\/\/www.ac-am.fr\/wp-content\/uploads\/2015\/09\/barre_vt.gif","type":"","width":"","height":""}],"author":"Nancy","twitter_card":"summary_large_image","twitter_misc":{"\u00c9crit par":"Nancy","Dur\u00e9e de lecture estim\u00e9e":"2 minutes"},"schema":{"@context":"https:\/\/schema.org","@graph":[{"@type":"Article","@id":"https:\/\/www.ac-am.fr\/index.php\/2007\/07\/15\/observation-premonition-dimanche-2006\/#article","isPartOf":{"@id":"https:\/\/www.ac-am.fr\/index.php\/2007\/07\/15\/observation-premonition-dimanche-2006\/"},"author":{"name":"Nancy","@id":"https:\/\/www.ac-am.fr\/#\/schema\/person\/01f960df2a7e4d9ec750be62ea485a3b"},"headline":"Observation et pr\u00e9monition, un dimanche 2006.","datePublished":"2007-07-15T19:20:54+00:00","dateModified":"2016-06-07T21:25:30+00:00","mainEntityOfPage":{"@id":"https:\/\/www.ac-am.fr\/index.php\/2007\/07\/15\/observation-premonition-dimanche-2006\/"},"wordCount":479,"publisher":{"@id":"https:\/\/www.ac-am.fr\/#organization"},"image":{"@id":"https:\/\/www.ac-am.fr\/index.php\/2007\/07\/15\/observation-premonition-dimanche-2006\/#primaryimage"},"thumbnailUrl":"http:\/\/www.ac-am.fr\/wp-content\/uploads\/2015\/09\/barre_vt.gif","articleSection":["2007 \u2013 VIE EXTRATERRESTRE"],"inLanguage":"fr-FR"},{"@type":"WebPage","@id":"https:\/\/www.ac-am.fr\/index.php\/2007\/07\/15\/observation-premonition-dimanche-2006\/","url":"https:\/\/www.ac-am.fr\/index.php\/2007\/07\/15\/observation-premonition-dimanche-2006\/","name":"Observation et pr\u00e9monition, un dimanche 2006. - Autre Conscience, Autre Monde","isPartOf":{"@id":"https:\/\/www.ac-am.fr\/#website"},"primaryImageOfPage":{"@id":"https:\/\/www.ac-am.fr\/index.php\/2007\/07\/15\/observation-premonition-dimanche-2006\/#primaryimage"},"image":{"@id":"https:\/\/www.ac-am.fr\/index.php\/2007\/07\/15\/observation-premonition-dimanche-2006\/#primaryimage"},"thumbnailUrl":"http:\/\/www.ac-am.fr\/wp-content\/uploads\/2015\/09\/barre_vt.gif","datePublished":"2007-07-15T19:20:54+00:00","dateModified":"2016-06-07T21:25:30+00:00","breadcrumb":{"@id":"https:\/\/www.ac-am.fr\/index.php\/2007\/07\/15\/observation-premonition-dimanche-2006\/#breadcrumb"},"inLanguage":"fr-FR","potentialAction":[{"@type":"ReadAction","target":["https:\/\/www.ac-am.fr\/index.php\/2007\/07\/15\/observation-premonition-dimanche-2006\/"]}]},{"@type":"ImageObject","inLanguage":"fr-FR","@id":"https:\/\/www.ac-am.fr\/index.php\/2007\/07\/15\/observation-premonition-dimanche-2006\/#primaryimage","url":"https:\/\/www.ac-am.fr\/wp-content\/uploads\/2015\/09\/barre_vt.gif","contentUrl":"https:\/\/www.ac-am.fr\/wp-content\/uploads\/2015\/09\/barre_vt.gif","width":550,"height":7,"caption":"Barre verte"},{"@type":"BreadcrumbList","@id":"https:\/\/www.ac-am.fr\/index.php\/2007\/07\/15\/observation-premonition-dimanche-2006\/#breadcrumb","itemListElement":[{"@type":"ListItem","position":1,"name":"Accueil","item":"https:\/\/www.ac-am.fr\/"},{"@type":"ListItem","position":2,"name":"Observation et pr\u00e9monition, un dimanche 2006."}]},{"@type":"WebSite","@id":"https:\/\/www.ac-am.fr\/#website","url":"https:\/\/www.ac-am.fr\/","name":"Autre Conscience, Autre Monde","description":"","publisher":{"@id":"https:\/\/www.ac-am.fr\/#organization"},"potentialAction":[{"@type":"SearchAction","target":{"@type":"EntryPoint","urlTemplate":"https:\/\/www.ac-am.fr\/?s={search_term_string}"},"query-input":{"@type":"PropertyValueSpecification","valueRequired":true,"valueName":"search_term_string"}}],"inLanguage":"fr-FR"},{"@type":"Organization","@id":"https:\/\/www.ac-am.fr\/#organization","name":"Autre Conscience, Autre Monde","url":"https:\/\/www.ac-am.fr\/","logo":{"@type":"ImageObject","inLanguage":"fr-FR","@id":"https:\/\/www.ac-am.fr\/#\/schema\/logo\/image\/","url":"https:\/\/www.ac-am.fr\/wp-content\/uploads\/2015\/10\/bd_ac_am.gif","contentUrl":"https:\/\/www.ac-am.fr\/wp-content\/uploads\/2015\/10\/bd_ac_am.gif","width":370,"height":65,"caption":"Autre Conscience, Autre Monde"},"image":{"@id":"https:\/\/www.ac-am.fr\/#\/schema\/logo\/image\/"},"sameAs":["https:\/\/fr-fr.facebook.com\/claude.acam\/","https:\/\/www.youtube.com\/user\/consciencemonde"]},{"@type":"Person","@id":"https:\/\/www.ac-am.fr\/#\/schema\/person\/01f960df2a7e4d9ec750be62ea485a3b","name":"Nancy","image":{"@type":"ImageObject","inLanguage":"fr-FR","@id":"https:\/\/www.ac-am.fr\/#\/schema\/person\/image\/","url":"https:\/\/secure.gravatar.com\/avatar\/74c22283181bb6a52e78b293af4fabf0badbb7de75f22ff1fc5b4c411158871d?s=96&d=identicon&r=g","contentUrl":"https:\/\/secure.gravatar.com\/avatar\/74c22283181bb6a52e78b293af4fabf0badbb7de75f22ff1fc5b4c411158871d?s=96&d=identicon&r=g","caption":"Nancy"},"url":"https:\/\/www.ac-am.fr\/index.php\/author\/nancy\/"}]}},"_links":{"self":[{"href":"https:\/\/www.ac-am.fr\/index.php\/wp-json\/wp\/v2\/posts\/3476","targetHints":{"allow":["GET"]}}],"collection":[{"href":"https:\/\/www.ac-am.fr\/index.php\/wp-json\/wp\/v2\/posts"}],"about":[{"href":"https:\/\/www.ac-am.fr\/index.php\/wp-json\/wp\/v2\/types\/post"}],"author":[{"embeddable":true,"href":"https:\/\/www.ac-am.fr\/index.php\/wp-json\/wp\/v2\/users\/15"}],"replies":[{"embeddable":true,"href":"https:\/\/www.ac-am.fr\/index.php\/wp-json\/wp\/v2\/comments?post=3476"}],"version-history":[{"count":2,"href":"https:\/\/www.ac-am.fr\/index.php\/wp-json\/wp\/v2\/posts\/3476\/revisions"}],"predecessor-version":[{"id":3478,"href":"https:\/\/www.ac-am.fr\/index.php\/wp-json\/wp\/v2\/posts\/3476\/revisions\/3478"}],"wp:attachment":[{"href":"https:\/\/www.ac-am.fr\/index.php\/wp-json\/wp\/v2\/media?parent=3476"}],"wp:term":[{"taxonomy":"category","embeddable":true,"href":"https:\/\/www.ac-am.fr\/index.php\/wp-json\/wp\/v2\/categories?post=3476"},{"taxonomy":"post_tag","embeddable":true,"href":"https:\/\/www.ac-am.fr\/index.php\/wp-json\/wp\/v2\/tags?post=3476"}],"curies":[{"name":"wp","href":"https:\/\/api.w.org\/{rel}","templated":true}]}}