{"id":3492,"date":"2013-08-18T22:38:48","date_gmt":"2013-08-18T21:38:48","guid":{"rendered":"https:\/\/www.ac-am.fr\/?p=3492"},"modified":"2016-06-07T23:11:43","modified_gmt":"2016-06-07T22:11:43","slug":"zone-51-existe-extraordinaire-64-ans-reveler","status":"publish","type":"post","link":"https:\/\/www.ac-am.fr\/index.php\/2013\/08\/18\/zone-51-existe-extraordinaire-64-ans-reveler\/","title":{"rendered":"La Zone 51 existe, extraordinaire&#8230; 64 ans pour la r\u00e9v\u00e9ler!"},"content":{"rendered":"<div id=\"vie_ET\" style=\"background-attachment: fixed; border: 2px solid #dfe6de; border-radius: 10px; opacity: 0.90;\">\n<table class=\"aligncenter\" style=\"width: 600px;\" border=\"0\">\n<tbody>\n<tr>\n<td>\n<table class=\"aligncenter\" style=\"width: 567px; height: 190px;\" border=\"0\">\n<tbody>\n<tr>\n<td><img decoding=\"async\" class=\"aligncenter\" src=\"http:\/\/www.ac-am.fr\/wp-content\/uploads\/2015\/09\/barre_vt.gif\" alt=\"\" border=\"0\" \/><\/td>\n<\/tr>\n<tr>\n<td style=\"text-align: left;\"><img loading=\"lazy\" decoding=\"async\" src=\"http:\/\/www.ac-am.fr\/wp-content\/uploads\/2015\/11\/retedest.gif\" alt=\"R\u00e9flexions et T\u00e9moignages\" width=\"380\" height=\"100\" border=\"0\" \/><img loading=\"lazy\" decoding=\"async\" src=\"http:\/\/www.ac-am.fr\/wp-content\/uploads\/2015\/12\/cal2013.gif\" alt=\"Ann\u00e9e 2013\" width=\"150\" height=\"100\" border=\"0\" \/><\/td>\n<\/tr>\n<tr>\n<td><img decoding=\"async\" class=\"aligncenter\" src=\"http:\/\/www.ac-am.fr\/wp-content\/uploads\/2015\/09\/barre_vt.gif\" alt=\"\" border=\"0\" \/><\/td>\n<\/tr>\n<\/tbody>\n<\/table>\n<table class=\"aligncenter\" style=\"width: 590px;\" border=\"0\">\n<tbody>\n<tr>\n<td><a name=\"Claude01B_ET13_01\"><\/a><b class=\"ntitre1\">La Zone 51 existe, extraordinaire&#8230; 64 ans pour la r\u00e9v\u00e9ler!<\/b><\/td>\n<\/tr>\n<tr>\n<td style=\"text-align: left;\">\n<p><span class=\"gmoyen\"><img decoding=\"async\" src=\"http:\/\/www.ac-am.fr\/wp-content\/uploads\/2015\/09\/ball01.gif\" alt=\"\" border=\"0\" \/> Et bien! Tout arrive. La CIA s&rsquo;en m\u00eale et comme par magie une d\u00e9classification de dossiers \u00ab\u00a0top secret\u00a0\u00bb appara\u00eet, curieux non?<\/span><\/p>\n<p><span class=\"gmoyen\"><img decoding=\"async\" src=\"http:\/\/www.ac-am.fr\/wp-content\/uploads\/2015\/09\/ball01.gif\" alt=\"\" border=\"0\" \/> Alors pourquoi maintenant? Mais en regardant de plus pr\u00e8s il est tr\u00e8s difficile de r\u00e9v\u00e9ler Roswell, n&rsquo;est-ce pas et de dire que certaines technologies d\u00e9coulent de ce fameux crash! <\/span><\/p>\n<p><span class=\"gmoyen\"><img decoding=\"async\" src=\"http:\/\/www.ac-am.fr\/wp-content\/uploads\/2015\/09\/ball01.gif\" alt=\"\" border=\"0\" \/> C&rsquo;est tr\u00e8s difficile \u00e9galement d&rsquo;admettre l&rsquo;existence de ce vaisseau spatial et des corps de ces occupants! Donc admettre l&rsquo;existence d&rsquo;extraterrestres. Je sens dans tout cela beaucoup de manipulation de la part des autorit\u00e9s am\u00e9ricaines, comme d&rsquo;habitude, l&rsquo;arm\u00e9e \u00e9tant derri\u00e8re tout cela. Les forces arm\u00e9es avec leur stupidit\u00e9 et parano\u00efa habituelle.<\/span><\/p>\n<p><span class=\"gmoyen\"><img decoding=\"async\" src=\"http:\/\/www.ac-am.fr\/wp-content\/uploads\/2015\/09\/ball01.gif\" alt=\"\" border=\"0\" \/> Bref, en tout cas voici l&rsquo;article paru dans le point du 16\/08\/2013. <\/span><\/p>\n<h1>La Zone 51 existe, c&rsquo;est la CIA qui le dit<\/h1>\n<p><span class=\"gmoyen\"><img decoding=\"async\" src=\"http:\/\/www.ac-am.fr\/wp-content\/uploads\/2015\/09\/ball01.gif\" alt=\"\" border=\"0\" \/> La myst\u00e9rieuse base militaire au centre des th\u00e9ories les plus folles sur les contacts avec les extraterrestres, notamment, existe bel et bien au Nevada.<\/span><\/p>\n<p><span class=\"gmoyen\"><img decoding=\"async\" src=\"http:\/\/www.ac-am.fr\/wp-content\/uploads\/2015\/09\/ball01.gif\" alt=\"\" border=\"0\" \/> Fox Mulder, l&rsquo;infatigable chasseur de soucoupes volantes de <a title=\"\" href=\"http:\/\/www.allocine.fr\/series\/ficheserie_gen_cserie=182.html\" target=\"_blank\">la s\u00e9rie <em>X-Files<\/em><\/a>, avait au moins raison sur un point : l&rsquo;arm\u00e9e am\u00e9ricaine dispose d&rsquo;une myst\u00e9rieuse base d&rsquo;essais au coeur du d\u00e9sert du Nevada. Ou plut\u00f4t, d&rsquo;une base d\u00e9sormais officielle, puisque son existence vient d&rsquo;\u00eatre reconnue par la CIA. L&rsquo;agence centrale de renseignements am\u00e9ricaine a d\u00e9classifi\u00e9 jeudi un document sur son avion-espion U-2 (qui avait \u00e9t\u00e9 au coeur de la crise des missiles de Cuba en 1962), dans lequel figurent plusieurs r\u00e9f\u00e9rences au lieu o\u00f9 l&rsquo;avion a effectu\u00e9 ses premiers essais. Il y a m\u00eame une carte des installations !<\/span><\/p>\n<\/td>\n<\/tr>\n<tr>\n<td>\n<table class=\"aligncenter\" style=\"width: 400px;\" border=\"0\">\n<tbody>\n<tr>\n<td style=\"text-align: left; width: 400px;\"><img loading=\"lazy\" decoding=\"async\" src=\"http:\/\/www.ac-am.fr\/wp-content\/uploads\/2016\/06\/zone51_plan.jpg\" alt=\"Plan de la Zone 51\" width=\"400\" height=\"250\" border=\"0\" \/><\/td>\n<\/tr>\n<\/tbody>\n<\/table>\n<\/td>\n<\/tr>\n<tr>\n<td style=\"text-align: left;\">\n<p><span class=\"gmoyen\"><img decoding=\"async\" src=\"http:\/\/www.ac-am.fr\/wp-content\/uploads\/2015\/09\/ball01.gif\" alt=\"\" border=\"0\" \/> La Zone 51 est situ\u00e9e, comme le supposaient les sp\u00e9cialistes, \u00e0 200 kilom\u00e8tres au nord-ouest de Las Vegas, dans une zone d\u00e9sertique, non loin d&rsquo;un lac ass\u00e9ch\u00e9. L&rsquo;acc\u00e8s aux alentours est de plus en plus r\u00e9glement\u00e9, difficile donc d&rsquo;avoir des informations fiables. Mais l&rsquo;installation disposerait aujourd&rsquo;hui de plusieurs pistes op\u00e9rationnelles, flanqu\u00e9es d&rsquo;un important complexe de soutien, en d\u00e9veloppement constant. Selon les th\u00e9ories plus ou moins fantaisistes des chasseurs d&rsquo;ovnis, la base aurait notamment accueilli un vaisseau spatial accident\u00e9 \u00e0 Roswell en 1947, \u00e0 des fins de r\u00e9tro-ing\u00e9nierie. Elle serait le si\u00e8ge d&rsquo;une unit\u00e9 sp\u00e9ciale charg\u00e9 d&rsquo;\u00e9tablir ou d&rsquo;entretenir le contact avec des civilisations extraterrestres. Ces th\u00e8ses sont largement utilis\u00e9es par le cin\u00e9ma et les auteurs de s\u00e9ries, dans <em>Independence Day<\/em> ou <em>X-Files<\/em>, par exemple.<\/span><\/p>\n<p><span class=\"gmoyen\"><img decoding=\"async\" src=\"http:\/\/www.ac-am.fr\/wp-content\/uploads\/2015\/09\/ball01.gif\" alt=\"\" border=\"0\" \/> Une reconnaissance symbolique:<\/span><\/p>\n<p><span class=\"gmoyen\"><img decoding=\"async\" src=\"http:\/\/www.ac-am.fr\/wp-content\/uploads\/2015\/09\/ball01.gif\" alt=\"\" border=\"0\" \/> Sur un plan plus terre-\u00e0-terre, si l&rsquo;on peut dire, la base aurait surtout servi \u00e0 effectuer les essais des a\u00e9ronefs les plus secrets de l&rsquo;arm\u00e9e am\u00e9ricaine. Parmi eux, l&rsquo;avion-espion U-2, c&rsquo;est d\u00e9sormais s\u00fbr, mais aussi les avions furtifs F-117, B-2, F-22, F-35 ou encore <a title=\"\" href=\"http:\/\/fr.wikipedia.org\/wiki\/Aurora_%28avion%29\" target=\"_blank\">l&rsquo;hypoth\u00e9tique projet Aurora<\/a>. La Zone 51 aurait aussi servi \u00e0 \u00e9tudier plusieurs avions russes durant la guerre froide, dont ceux des pilotes qui sont pass\u00e9s \u00e0 l&rsquo;Ouest.<\/span><\/p>\n<p><span class=\"gmoyen\"><img decoding=\"async\" src=\"http:\/\/www.ac-am.fr\/wp-content\/uploads\/2015\/09\/ball01.gif\" alt=\"\" border=\"0\" \/> \u00ab\u00a0Dans la culture populaire, la Zone 51 est synonyme de secret d&rsquo;\u00c9tat\u00a0\u00bb, <a title=\"\" href=\"http:\/\/edition.cnn.com\/2013\/08\/15\/us\/area-51-documents\/index.html\" target=\"_blank\">rel\u00e8ve CNN<\/a>. \u00ab\u00a0Nombreux sont ceux qui pensent que la base rec\u00e8le la r\u00e9ponse \u00e0 l&rsquo;une des questions les plus importantes de l&rsquo;humanit\u00e9 : <em>Sommes-nous seuls dans l&rsquo;univers ?<\/em>\u00a0\u00bb poursuit la cha\u00eene am\u00e9ricaine. L&rsquo;aveu de la CIA est plus symbolique qu&rsquo;autre chose : l&rsquo;existence de la base \u00e9tait largement connue, et une simple recherche sur un service de cartographie en ligne permettait de voir une photo a\u00e9rienne des installations. Et puis, si la CIA en parle, c&rsquo;est peut-\u00eatre qu&rsquo;une autre base a pris le relais. C&rsquo;est bien connu, la v\u00e9rit\u00e9 est ailleurs&#8230;<\/span><\/p>\n<p><span class=\"gmoyen\"><img decoding=\"async\" src=\"http:\/\/www.ac-am.fr\/wp-content\/uploads\/2015\/09\/ball01.gif\" alt=\"\" border=\"0\" \/> REGARDEZ la vue a\u00e9rienne de la zone 51 <a title=\"\" href=\"http:\/\/binged.it\/14FYime\" target\"_blank\">selon Bing Maps<\/a> :<\/span><\/p>\n<\/td>\n<\/tr>\n<tr>\n<td>\n<table class=\"aligncenter\" style=\"width: 550px;\" border=\"0\">\n<tbody>\n<tr>\n<td style=\"text-align: left; width: 550px;\"><img loading=\"lazy\" decoding=\"async\" src=\"http:\/\/www.ac-am.fr\/wp-content\/uploads\/2016\/06\/zone51.jpg\" alt=\"Zone 51\" width=\"550\" height=\"250\" border=\"0\" \/><\/td>\n<\/tr>\n<\/tbody>\n<\/table>\n<\/td>\n<\/tr>\n<tr>\n<td style=\"text-align: left;\">\n<p><span class=\"gmoyen\"><img decoding=\"async\" src=\"http:\/\/www.ac-am.fr\/wp-content\/uploads\/2015\/09\/ball01.gif\" alt=\"\" border=\"0\" \/> Mouais, c&rsquo;est effectivement une \u00ab\u00a0mini r\u00e9v\u00e9lation\u00a0\u00bbet je me pose la question suivante: Comment se fait-il qu&rsquo;en 2013, alors que 75% de la population croit en l&rsquo;existence de ces extraterrestres et que la religion n&rsquo;a apparemment pas de probl\u00e8me avec cette \u00e9ventualit\u00e9, les \u00ab\u00a0grands\u00a0\u00bb de ce monde sont incapables d&rsquo;admettre ce fait. Que nous cachent-ils en r\u00e9alit\u00e9?<\/span><\/p>\n<p><span class=\"gmoyen\"><img decoding=\"async\" src=\"http:\/\/www.ac-am.fr\/wp-content\/uploads\/2015\/09\/ball01.gif\" alt=\"\" border=\"0\" \/> Cette \u00ab\u00a0th\u00e9orie du complot\u00a0\u00bb existe-t-elle r\u00e9ellement? En tout cas de nombreux faits le laissent penser.<\/span><\/p>\n<p><span class=\"gmoyen\">[<span style=\"color: #ffff80;\">Claude B. &#8211; le 18-08-13<\/span>]<\/span><\/td>\n<\/tr>\n<\/tbody>\n<\/table>\n<\/td>\n<\/tr>\n<\/tbody>\n<\/table>\n<\/div>\n<div style=\"padding-bottom:20px; padding-top:10px;\" class=\"hupso-share-buttons\"><!-- Hupso Share Buttons - https:\/\/www.hupso.com\/share\/ --><a class=\"hupso_toolbar\" href=\"https:\/\/www.hupso.com\/share\/\"><img decoding=\"async\" src=\"https:\/\/static.hupso.com\/share\/buttons\/lang\/fr\/share.png\" style=\"border:0px; padding-top: 5px; float:left;\" alt=\"Share Button\"\/><\/a><script type=\"text\/javascript\">var hupso_services_t=new Array(\"Twitter\",\"Facebook\",\"Google Plus\");var hupso_background_t=\"#EAF4FF\";var hupso_border_t=\"#66CCFF\";var hupso_toolbar_size_t=\"big\";var hupso_image_folder_url = \"\";var hupso_url_t=\"\";var hupso_title_t=\"La%20Zone%2051%20existe%2C%20extraordinaire...%2064%20ans%20pour%20la%20r%C3%A9v%C3%A9ler%21\";<\/script><script type=\"text\/javascript\" src=\"https:\/\/static.hupso.com\/share\/js\/share_toolbar.js\"><\/script><!-- Hupso Share Buttons --><\/div>","protected":false},"excerpt":{"rendered":"<p>La Zone 51 existe, extraordinaire&#8230; 64 ans pour la r\u00e9v\u00e9ler! Et bien! Tout arrive. La&#8230;<\/p>\n","protected":false},"author":2,"featured_media":0,"comment_status":"closed","ping_status":"open","sticky":false,"template":"","format":"standard","meta":{"footnotes":""},"categories":[269],"tags":[],"class_list":["post-3492","post","type-post","status-publish","format-standard","hentry","category-2013-vie-extraterrestre"],"yoast_head":"<!-- This site is optimized with the Yoast SEO plugin v26.9 - https:\/\/yoast.com\/product\/yoast-seo-wordpress\/ -->\n<title>La Zone 51 existe, extraordinaire... 64 ans pour la r\u00e9v\u00e9ler! - Autre Conscience, Autre Monde<\/title>\n<meta name=\"robots\" content=\"index, follow, max-snippet:-1, max-image-preview:large, max-video-preview:-1\" \/>\n<link rel=\"canonical\" href=\"https:\/\/www.ac-am.fr\/index.php\/2013\/08\/18\/zone-51-existe-extraordinaire-64-ans-reveler\/\" \/>\n<meta property=\"og:locale\" content=\"fr_FR\" \/>\n<meta property=\"og:type\" content=\"article\" \/>\n<meta property=\"og:title\" content=\"La Zone 51 existe, extraordinaire... 64 ans pour la r\u00e9v\u00e9ler! - Autre Conscience, Autre Monde\" \/>\n<meta property=\"og:description\" content=\"La Zone 51 existe, extraordinaire&#8230; 64 ans pour la r\u00e9v\u00e9ler! Et bien! Tout arrive. La...\" \/>\n<meta property=\"og:url\" content=\"https:\/\/www.ac-am.fr\/index.php\/2013\/08\/18\/zone-51-existe-extraordinaire-64-ans-reveler\/\" \/>\n<meta property=\"og:site_name\" content=\"Autre Conscience, Autre Monde\" \/>\n<meta property=\"article:publisher\" content=\"https:\/\/fr-fr.facebook.com\/claude.acam\/\" \/>\n<meta property=\"article:published_time\" content=\"2013-08-18T21:38:48+00:00\" \/>\n<meta property=\"article:modified_time\" content=\"2016-06-07T22:11:43+00:00\" \/>\n<meta property=\"og:image\" content=\"http:\/\/www.ac-am.fr\/wp-content\/uploads\/2015\/09\/barre_vt.gif\" \/>\n<meta name=\"author\" content=\"Claude ACAM\" \/>\n<meta name=\"twitter:card\" content=\"summary_large_image\" \/>\n<meta name=\"twitter:label1\" content=\"\u00c9crit par\" \/>\n\t<meta name=\"twitter:data1\" content=\"Claude ACAM\" \/>\n\t<meta name=\"twitter:label2\" content=\"Dur\u00e9e de lecture estim\u00e9e\" \/>\n\t<meta name=\"twitter:data2\" content=\"3 minutes\" \/>\n<script type=\"application\/ld+json\" class=\"yoast-schema-graph\">{\"@context\":\"https:\/\/schema.org\",\"@graph\":[{\"@type\":\"Article\",\"@id\":\"https:\/\/www.ac-am.fr\/index.php\/2013\/08\/18\/zone-51-existe-extraordinaire-64-ans-reveler\/#article\",\"isPartOf\":{\"@id\":\"https:\/\/www.ac-am.fr\/index.php\/2013\/08\/18\/zone-51-existe-extraordinaire-64-ans-reveler\/\"},\"author\":{\"name\":\"Claude ACAM\",\"@id\":\"https:\/\/www.ac-am.fr\/#\/schema\/person\/f6920100a1eee321181b2d8606edb6ee\"},\"headline\":\"La Zone 51 existe, extraordinaire&#8230; 64 ans pour la r\u00e9v\u00e9ler!\",\"datePublished\":\"2013-08-18T21:38:48+00:00\",\"dateModified\":\"2016-06-07T22:11:43+00:00\",\"mainEntityOfPage\":{\"@id\":\"https:\/\/www.ac-am.fr\/index.php\/2013\/08\/18\/zone-51-existe-extraordinaire-64-ans-reveler\/\"},\"wordCount\":752,\"publisher\":{\"@id\":\"https:\/\/www.ac-am.fr\/#organization\"},\"image\":{\"@id\":\"https:\/\/www.ac-am.fr\/index.php\/2013\/08\/18\/zone-51-existe-extraordinaire-64-ans-reveler\/#primaryimage\"},\"thumbnailUrl\":\"http:\/\/www.ac-am.fr\/wp-content\/uploads\/2015\/09\/barre_vt.gif\",\"articleSection\":[\"2013 \u2013 VIE EXTRATERRESTRE\"],\"inLanguage\":\"fr-FR\"},{\"@type\":\"WebPage\",\"@id\":\"https:\/\/www.ac-am.fr\/index.php\/2013\/08\/18\/zone-51-existe-extraordinaire-64-ans-reveler\/\",\"url\":\"https:\/\/www.ac-am.fr\/index.php\/2013\/08\/18\/zone-51-existe-extraordinaire-64-ans-reveler\/\",\"name\":\"La Zone 51 existe, extraordinaire... 64 ans pour la r\u00e9v\u00e9ler! - Autre Conscience, Autre Monde\",\"isPartOf\":{\"@id\":\"https:\/\/www.ac-am.fr\/#website\"},\"primaryImageOfPage\":{\"@id\":\"https:\/\/www.ac-am.fr\/index.php\/2013\/08\/18\/zone-51-existe-extraordinaire-64-ans-reveler\/#primaryimage\"},\"image\":{\"@id\":\"https:\/\/www.ac-am.fr\/index.php\/2013\/08\/18\/zone-51-existe-extraordinaire-64-ans-reveler\/#primaryimage\"},\"thumbnailUrl\":\"http:\/\/www.ac-am.fr\/wp-content\/uploads\/2015\/09\/barre_vt.gif\",\"datePublished\":\"2013-08-18T21:38:48+00:00\",\"dateModified\":\"2016-06-07T22:11:43+00:00\",\"breadcrumb\":{\"@id\":\"https:\/\/www.ac-am.fr\/index.php\/2013\/08\/18\/zone-51-existe-extraordinaire-64-ans-reveler\/#breadcrumb\"},\"inLanguage\":\"fr-FR\",\"potentialAction\":[{\"@type\":\"ReadAction\",\"target\":[\"https:\/\/www.ac-am.fr\/index.php\/2013\/08\/18\/zone-51-existe-extraordinaire-64-ans-reveler\/\"]}]},{\"@type\":\"ImageObject\",\"inLanguage\":\"fr-FR\",\"@id\":\"https:\/\/www.ac-am.fr\/index.php\/2013\/08\/18\/zone-51-existe-extraordinaire-64-ans-reveler\/#primaryimage\",\"url\":\"https:\/\/www.ac-am.fr\/wp-content\/uploads\/2015\/09\/barre_vt.gif\",\"contentUrl\":\"https:\/\/www.ac-am.fr\/wp-content\/uploads\/2015\/09\/barre_vt.gif\",\"width\":550,\"height\":7,\"caption\":\"Barre verte\"},{\"@type\":\"BreadcrumbList\",\"@id\":\"https:\/\/www.ac-am.fr\/index.php\/2013\/08\/18\/zone-51-existe-extraordinaire-64-ans-reveler\/#breadcrumb\",\"itemListElement\":[{\"@type\":\"ListItem\",\"position\":1,\"name\":\"Accueil\",\"item\":\"https:\/\/www.ac-am.fr\/\"},{\"@type\":\"ListItem\",\"position\":2,\"name\":\"La Zone 51 existe, extraordinaire&#8230; 64 ans pour la r\u00e9v\u00e9ler!\"}]},{\"@type\":\"WebSite\",\"@id\":\"https:\/\/www.ac-am.fr\/#website\",\"url\":\"https:\/\/www.ac-am.fr\/\",\"name\":\"Autre Conscience, Autre Monde\",\"description\":\"\",\"publisher\":{\"@id\":\"https:\/\/www.ac-am.fr\/#organization\"},\"potentialAction\":[{\"@type\":\"SearchAction\",\"target\":{\"@type\":\"EntryPoint\",\"urlTemplate\":\"https:\/\/www.ac-am.fr\/?s={search_term_string}\"},\"query-input\":{\"@type\":\"PropertyValueSpecification\",\"valueRequired\":true,\"valueName\":\"search_term_string\"}}],\"inLanguage\":\"fr-FR\"},{\"@type\":\"Organization\",\"@id\":\"https:\/\/www.ac-am.fr\/#organization\",\"name\":\"Autre Conscience, Autre Monde\",\"url\":\"https:\/\/www.ac-am.fr\/\",\"logo\":{\"@type\":\"ImageObject\",\"inLanguage\":\"fr-FR\",\"@id\":\"https:\/\/www.ac-am.fr\/#\/schema\/logo\/image\/\",\"url\":\"https:\/\/www.ac-am.fr\/wp-content\/uploads\/2015\/10\/bd_ac_am.gif\",\"contentUrl\":\"https:\/\/www.ac-am.fr\/wp-content\/uploads\/2015\/10\/bd_ac_am.gif\",\"width\":370,\"height\":65,\"caption\":\"Autre Conscience, Autre Monde\"},\"image\":{\"@id\":\"https:\/\/www.ac-am.fr\/#\/schema\/logo\/image\/\"},\"sameAs\":[\"https:\/\/fr-fr.facebook.com\/claude.acam\/\",\"https:\/\/www.youtube.com\/user\/consciencemonde\"]},{\"@type\":\"Person\",\"@id\":\"https:\/\/www.ac-am.fr\/#\/schema\/person\/f6920100a1eee321181b2d8606edb6ee\",\"name\":\"Claude ACAM\",\"image\":{\"@type\":\"ImageObject\",\"inLanguage\":\"fr-FR\",\"@id\":\"https:\/\/www.ac-am.fr\/#\/schema\/person\/image\/\",\"url\":\"https:\/\/secure.gravatar.com\/avatar\/e09e4cf5d19c14eb87ca16e06420f2d1dfe3e8967072c4616fd0fdf3e8855650?s=96&d=identicon&r=g\",\"contentUrl\":\"https:\/\/secure.gravatar.com\/avatar\/e09e4cf5d19c14eb87ca16e06420f2d1dfe3e8967072c4616fd0fdf3e8855650?s=96&d=identicon&r=g\",\"caption\":\"Claude ACAM\"},\"sameAs\":[\"http:\/\/www.ac-am.fr\/\"],\"url\":\"https:\/\/www.ac-am.fr\/index.php\/author\/claude-b\/\"}]}<\/script>\n<!-- \/ Yoast SEO plugin. -->","yoast_head_json":{"title":"La Zone 51 existe, extraordinaire... 64 ans pour la r\u00e9v\u00e9ler! - Autre Conscience, Autre Monde","robots":{"index":"index","follow":"follow","max-snippet":"max-snippet:-1","max-image-preview":"max-image-preview:large","max-video-preview":"max-video-preview:-1"},"canonical":"https:\/\/www.ac-am.fr\/index.php\/2013\/08\/18\/zone-51-existe-extraordinaire-64-ans-reveler\/","og_locale":"fr_FR","og_type":"article","og_title":"La Zone 51 existe, extraordinaire... 64 ans pour la r\u00e9v\u00e9ler! - Autre Conscience, Autre Monde","og_description":"La Zone 51 existe, extraordinaire&#8230; 64 ans pour la r\u00e9v\u00e9ler! Et bien! Tout arrive. La...","og_url":"https:\/\/www.ac-am.fr\/index.php\/2013\/08\/18\/zone-51-existe-extraordinaire-64-ans-reveler\/","og_site_name":"Autre Conscience, Autre Monde","article_publisher":"https:\/\/fr-fr.facebook.com\/claude.acam\/","article_published_time":"2013-08-18T21:38:48+00:00","article_modified_time":"2016-06-07T22:11:43+00:00","og_image":[{"url":"http:\/\/www.ac-am.fr\/wp-content\/uploads\/2015\/09\/barre_vt.gif","type":"","width":"","height":""}],"author":"Claude ACAM","twitter_card":"summary_large_image","twitter_misc":{"\u00c9crit par":"Claude ACAM","Dur\u00e9e de lecture estim\u00e9e":"3 minutes"},"schema":{"@context":"https:\/\/schema.org","@graph":[{"@type":"Article","@id":"https:\/\/www.ac-am.fr\/index.php\/2013\/08\/18\/zone-51-existe-extraordinaire-64-ans-reveler\/#article","isPartOf":{"@id":"https:\/\/www.ac-am.fr\/index.php\/2013\/08\/18\/zone-51-existe-extraordinaire-64-ans-reveler\/"},"author":{"name":"Claude ACAM","@id":"https:\/\/www.ac-am.fr\/#\/schema\/person\/f6920100a1eee321181b2d8606edb6ee"},"headline":"La Zone 51 existe, extraordinaire&#8230; 64 ans pour la r\u00e9v\u00e9ler!","datePublished":"2013-08-18T21:38:48+00:00","dateModified":"2016-06-07T22:11:43+00:00","mainEntityOfPage":{"@id":"https:\/\/www.ac-am.fr\/index.php\/2013\/08\/18\/zone-51-existe-extraordinaire-64-ans-reveler\/"},"wordCount":752,"publisher":{"@id":"https:\/\/www.ac-am.fr\/#organization"},"image":{"@id":"https:\/\/www.ac-am.fr\/index.php\/2013\/08\/18\/zone-51-existe-extraordinaire-64-ans-reveler\/#primaryimage"},"thumbnailUrl":"http:\/\/www.ac-am.fr\/wp-content\/uploads\/2015\/09\/barre_vt.gif","articleSection":["2013 \u2013 VIE EXTRATERRESTRE"],"inLanguage":"fr-FR"},{"@type":"WebPage","@id":"https:\/\/www.ac-am.fr\/index.php\/2013\/08\/18\/zone-51-existe-extraordinaire-64-ans-reveler\/","url":"https:\/\/www.ac-am.fr\/index.php\/2013\/08\/18\/zone-51-existe-extraordinaire-64-ans-reveler\/","name":"La Zone 51 existe, extraordinaire... 64 ans pour la r\u00e9v\u00e9ler! - Autre Conscience, Autre Monde","isPartOf":{"@id":"https:\/\/www.ac-am.fr\/#website"},"primaryImageOfPage":{"@id":"https:\/\/www.ac-am.fr\/index.php\/2013\/08\/18\/zone-51-existe-extraordinaire-64-ans-reveler\/#primaryimage"},"image":{"@id":"https:\/\/www.ac-am.fr\/index.php\/2013\/08\/18\/zone-51-existe-extraordinaire-64-ans-reveler\/#primaryimage"},"thumbnailUrl":"http:\/\/www.ac-am.fr\/wp-content\/uploads\/2015\/09\/barre_vt.gif","datePublished":"2013-08-18T21:38:48+00:00","dateModified":"2016-06-07T22:11:43+00:00","breadcrumb":{"@id":"https:\/\/www.ac-am.fr\/index.php\/2013\/08\/18\/zone-51-existe-extraordinaire-64-ans-reveler\/#breadcrumb"},"inLanguage":"fr-FR","potentialAction":[{"@type":"ReadAction","target":["https:\/\/www.ac-am.fr\/index.php\/2013\/08\/18\/zone-51-existe-extraordinaire-64-ans-reveler\/"]}]},{"@type":"ImageObject","inLanguage":"fr-FR","@id":"https:\/\/www.ac-am.fr\/index.php\/2013\/08\/18\/zone-51-existe-extraordinaire-64-ans-reveler\/#primaryimage","url":"https:\/\/www.ac-am.fr\/wp-content\/uploads\/2015\/09\/barre_vt.gif","contentUrl":"https:\/\/www.ac-am.fr\/wp-content\/uploads\/2015\/09\/barre_vt.gif","width":550,"height":7,"caption":"Barre verte"},{"@type":"BreadcrumbList","@id":"https:\/\/www.ac-am.fr\/index.php\/2013\/08\/18\/zone-51-existe-extraordinaire-64-ans-reveler\/#breadcrumb","itemListElement":[{"@type":"ListItem","position":1,"name":"Accueil","item":"https:\/\/www.ac-am.fr\/"},{"@type":"ListItem","position":2,"name":"La Zone 51 existe, extraordinaire&#8230; 64 ans pour la r\u00e9v\u00e9ler!"}]},{"@type":"WebSite","@id":"https:\/\/www.ac-am.fr\/#website","url":"https:\/\/www.ac-am.fr\/","name":"Autre Conscience, Autre Monde","description":"","publisher":{"@id":"https:\/\/www.ac-am.fr\/#organization"},"potentialAction":[{"@type":"SearchAction","target":{"@type":"EntryPoint","urlTemplate":"https:\/\/www.ac-am.fr\/?s={search_term_string}"},"query-input":{"@type":"PropertyValueSpecification","valueRequired":true,"valueName":"search_term_string"}}],"inLanguage":"fr-FR"},{"@type":"Organization","@id":"https:\/\/www.ac-am.fr\/#organization","name":"Autre Conscience, Autre Monde","url":"https:\/\/www.ac-am.fr\/","logo":{"@type":"ImageObject","inLanguage":"fr-FR","@id":"https:\/\/www.ac-am.fr\/#\/schema\/logo\/image\/","url":"https:\/\/www.ac-am.fr\/wp-content\/uploads\/2015\/10\/bd_ac_am.gif","contentUrl":"https:\/\/www.ac-am.fr\/wp-content\/uploads\/2015\/10\/bd_ac_am.gif","width":370,"height":65,"caption":"Autre Conscience, Autre Monde"},"image":{"@id":"https:\/\/www.ac-am.fr\/#\/schema\/logo\/image\/"},"sameAs":["https:\/\/fr-fr.facebook.com\/claude.acam\/","https:\/\/www.youtube.com\/user\/consciencemonde"]},{"@type":"Person","@id":"https:\/\/www.ac-am.fr\/#\/schema\/person\/f6920100a1eee321181b2d8606edb6ee","name":"Claude ACAM","image":{"@type":"ImageObject","inLanguage":"fr-FR","@id":"https:\/\/www.ac-am.fr\/#\/schema\/person\/image\/","url":"https:\/\/secure.gravatar.com\/avatar\/e09e4cf5d19c14eb87ca16e06420f2d1dfe3e8967072c4616fd0fdf3e8855650?s=96&d=identicon&r=g","contentUrl":"https:\/\/secure.gravatar.com\/avatar\/e09e4cf5d19c14eb87ca16e06420f2d1dfe3e8967072c4616fd0fdf3e8855650?s=96&d=identicon&r=g","caption":"Claude ACAM"},"sameAs":["http:\/\/www.ac-am.fr\/"],"url":"https:\/\/www.ac-am.fr\/index.php\/author\/claude-b\/"}]}},"_links":{"self":[{"href":"https:\/\/www.ac-am.fr\/index.php\/wp-json\/wp\/v2\/posts\/3492","targetHints":{"allow":["GET"]}}],"collection":[{"href":"https:\/\/www.ac-am.fr\/index.php\/wp-json\/wp\/v2\/posts"}],"about":[{"href":"https:\/\/www.ac-am.fr\/index.php\/wp-json\/wp\/v2\/types\/post"}],"author":[{"embeddable":true,"href":"https:\/\/www.ac-am.fr\/index.php\/wp-json\/wp\/v2\/users\/2"}],"replies":[{"embeddable":true,"href":"https:\/\/www.ac-am.fr\/index.php\/wp-json\/wp\/v2\/comments?post=3492"}],"version-history":[{"count":6,"href":"https:\/\/www.ac-am.fr\/index.php\/wp-json\/wp\/v2\/posts\/3492\/revisions"}],"predecessor-version":[{"id":3500,"href":"https:\/\/www.ac-am.fr\/index.php\/wp-json\/wp\/v2\/posts\/3492\/revisions\/3500"}],"wp:attachment":[{"href":"https:\/\/www.ac-am.fr\/index.php\/wp-json\/wp\/v2\/media?parent=3492"}],"wp:term":[{"taxonomy":"category","embeddable":true,"href":"https:\/\/www.ac-am.fr\/index.php\/wp-json\/wp\/v2\/categories?post=3492"},{"taxonomy":"post_tag","embeddable":true,"href":"https:\/\/www.ac-am.fr\/index.php\/wp-json\/wp\/v2\/tags?post=3492"}],"curies":[{"name":"wp","href":"https:\/\/api.w.org\/{rel}","templated":true}]}}