{"id":3636,"date":"1997-07-24T21:46:36","date_gmt":"1997-07-24T20:46:36","guid":{"rendered":"https:\/\/www.ac-am.fr\/?p=3636"},"modified":"2016-08-02T23:16:46","modified_gmt":"2016-08-02T22:16:46","slug":"soleils-de-lapocalypse","status":"publish","type":"post","link":"https:\/\/www.ac-am.fr\/index.php\/1997\/07\/24\/soleils-de-lapocalypse\/","title":{"rendered":"\u00ab\u00a0Les Soleils de l&rsquo;Apocalypse\u00a0\u00bb"},"content":{"rendered":"<div id=\"bibliotheque\" style=\"background-attachment: fixed; border: 2px solid #000000; border-radius: 20px; opacity: 0.90;\">\n<table class=\"aligncenter\" style=\"width: 590px;\" border=\"0\">\n<tbody>\n<tr>\n<td><a name=\"Soleils_Apocalypse\"><\/a><span class=\"ggrand\">\u00ab\u00a0Les Soleils de l&rsquo;Apocalypse\u00a0\u00bb<\/span><\/td>\n<\/tr>\n<tr>\n<td><img decoding=\"async\" class=\"aligncenter\" src=\"http:\/\/www.ac-am.fr\/wp-content\/uploads\/2015\/09\/barre01.gif\" alt=\"\" border=\"0\" \/><\/td>\n<\/tr>\n<tr>\n<td style=\"text-align: left;\">\n<p><span class=\"gmoyen\"><img decoding=\"async\" src=\"http:\/\/www.ac-am.fr\/wp-content\/uploads\/2015\/09\/bal_bib1.gif\" alt=\"\" border=\"0\" \/> Je me permets de vous contacter, car je g\u00e8re un site dont le sujet pourrait vous int\u00e9resser : il pr\u00e9sente mon roman d&rsquo;anticipation \u00ab\u00a0Les Soleils de l&rsquo;Apocalypse\u00a0\u00bb; ce roman d&rsquo;aventure spirituelle est aussi un thriller \u00e9sot\u00e9rique et romanesque m\u00ealant science-fiction, aventures et spiritualit\u00e9 (voir le r\u00e9sume sur mon site <del>http:\/\/myweb.worldnet.fr\/~dhuicq<\/del>, ainsi que des extraits du roman et l&rsquo;avis des lecteurs). Il poss\u00e8de l&rsquo;originalit\u00e9 d&rsquo;\u00e9voquer des th\u00e8mes li\u00e9s \u00e0 l&rsquo;\u00e9sot\u00e9risme et \u00e0 la spiritualit\u00e9.<\/span><\/p>\n<p><span class=\"gmoyen\"><img decoding=\"async\" src=\"http:\/\/www.ac-am.fr\/wp-content\/uploads\/2015\/09\/bal_bib1.gif\" alt=\"\" border=\"0\" \/> Par ailleurs, le succ\u00e8s de cette publication en ligne (depuis plusieurs mois) m&rsquo;a permis de passer \u00e0 une \u00e9dition papier classique (merci Internet !) : il ne s&rsquo;agit pas d&rsquo;une \u00e9dition \u00e0 compte d&rsquo;auteur. Ainsi, j&rsquo;ai le plaisir de vous faire savoir que mon roman est actuellement disponible en librairie (FNAC, VIRGIN ..) et sera \u00e9voqu\u00e9 prochainement dans la presse (T\u00e9l\u00e9-magazine, Destins, Quel avenir, Psychologie, Netsurf &#8230;).<\/span><\/p>\n<p><span class=\"gmoyen\"><img decoding=\"async\" src=\"http:\/\/www.ac-am.fr\/wp-content\/uploads\/2015\/09\/bal_bib1.gif\" alt=\"\" border=\"0\" \/> Par ailleurs, mon site Internet pr\u00e9sente d&rsquo;autres volets pouvant vous int\u00e9resser :<\/span><\/p>\n<p class=\"retrait\"><span class=\"gmoyen\" style=\"color: #94ebbb;\">&#8211; Le roman \u00ab\u00a0Les Soleils de l&rsquo;Apocalypse\u00a0\u00bb : des extraits du roman, o\u00f9 le trouver ?, le dossier de presse, dialoguer avec l&rsquo;auteur, forum des lecteurs, l&rsquo;avis des lecteurs.<\/span><\/p>\n<p class=\"retrait\"><span class=\"gmoyen\" style=\"color: #94ebbb;\">&#8211; \u00ab\u00a0Proph\u00e9ties On Line\u00a0\u00bb, le site de toutes les proph\u00e9ties, y compris les v\u00f4tres : toutes les sources proph\u00e9tiques (pr\u00e8s de 200 proph\u00e9ties, 50 proph\u00e8tes &#8230;) qui m&rsquo;ont servi pour mon roman \u00ab\u00a0Les Soleils de l&rsquo;Apocalypse\u00a0\u00bb; toutes ces proph\u00e9ties en ligne sont class\u00e9es par th\u00e8me et par proph\u00e8te. Le texte de l&rsquo;Apocalypse de St Jean est \u00e9galement en ligne. Vous pouvez aussi publier sur le site vos propres proph\u00e9ties (voyance, r\u00eaves pr\u00e9monitoires &#8230;) et consulter les proph\u00e9ties des autres. Abonnez-vous au \u00ab\u00a0Journal des Proph\u00e9ties\u00a0\u00bb.<\/span><\/p>\n<p class=\"retrait\"><span class=\"gmoyen\" style=\"color: #94ebbb;\">&#8211; \u00ab\u00a0Nostradamus Web\u00a0\u00bb, tout sur le c\u00e9l\u00e8bre proph\u00e8te : biographie compl\u00e8te, ses oeuvres, les Centuries en ligne, liens.<\/span><\/p>\n<p><span class=\"gmoyen\">[<a href=\"boites.htm#Pascal01_D\">Pascal DHUICQ &#8211; le 24-07-97<\/a>]<\/span><\/p>\n<\/td>\n<\/tr>\n<\/tbody>\n<\/table>\n<\/div>\n<div style=\"padding-bottom:20px; padding-top:10px;\" class=\"hupso-share-buttons\"><!-- Hupso Share Buttons - https:\/\/www.hupso.com\/share\/ --><a class=\"hupso_toolbar\" href=\"https:\/\/www.hupso.com\/share\/\"><img decoding=\"async\" src=\"https:\/\/static.hupso.com\/share\/buttons\/lang\/fr\/share.png\" style=\"border:0px; padding-top: 5px; float:left;\" alt=\"Share Button\"\/><\/a><script type=\"text\/javascript\">var hupso_services_t=new Array(\"Twitter\",\"Facebook\",\"Google Plus\");var hupso_background_t=\"#EAF4FF\";var hupso_border_t=\"#66CCFF\";var hupso_toolbar_size_t=\"big\";var hupso_image_folder_url = \"\";var hupso_url_t=\"\";var hupso_title_t=\"%22Les%20Soleils%20de%20l%27Apocalypse%22\";<\/script><script type=\"text\/javascript\" src=\"https:\/\/static.hupso.com\/share\/js\/share_toolbar.js\"><\/script><!-- Hupso Share Buttons --><\/div>","protected":false},"excerpt":{"rendered":"<p>\u00ab\u00a0Les Soleils de l&rsquo;Apocalypse\u00a0\u00bb Je me permets de vous contacter, car je g\u00e8re un site&#8230;<\/p>\n","protected":false},"author":22,"featured_media":0,"comment_status":"closed","ping_status":"open","sticky":false,"template":"","format":"standard","meta":{"footnotes":""},"categories":[297],"tags":[],"class_list":["post-3636","post","type-post","status-publish","format-standard","hentry","category-avis-conseils-et-lectures"],"yoast_head":"<!-- This site is optimized with the Yoast SEO plugin v26.9 - https:\/\/yoast.com\/product\/yoast-seo-wordpress\/ -->\n<title>&quot;Les Soleils de l&#039;Apocalypse&quot; - Autre Conscience, Autre Monde<\/title>\n<meta name=\"robots\" content=\"index, follow, max-snippet:-1, max-image-preview:large, max-video-preview:-1\" \/>\n<link rel=\"canonical\" href=\"https:\/\/www.ac-am.fr\/index.php\/1997\/07\/24\/soleils-de-lapocalypse\/\" \/>\n<meta property=\"og:locale\" content=\"fr_FR\" \/>\n<meta property=\"og:type\" content=\"article\" \/>\n<meta property=\"og:title\" content=\"&quot;Les Soleils de l&#039;Apocalypse&quot; - Autre Conscience, Autre Monde\" \/>\n<meta property=\"og:description\" content=\"\u00ab\u00a0Les Soleils de l&rsquo;Apocalypse\u00a0\u00bb Je me permets de vous contacter, car je g\u00e8re un site...\" \/>\n<meta property=\"og:url\" content=\"https:\/\/www.ac-am.fr\/index.php\/1997\/07\/24\/soleils-de-lapocalypse\/\" \/>\n<meta property=\"og:site_name\" content=\"Autre Conscience, Autre Monde\" \/>\n<meta property=\"article:publisher\" content=\"https:\/\/fr-fr.facebook.com\/claude.acam\/\" \/>\n<meta property=\"article:published_time\" content=\"1997-07-24T20:46:36+00:00\" \/>\n<meta property=\"article:modified_time\" content=\"2016-08-02T22:16:46+00:00\" \/>\n<meta property=\"og:image\" content=\"http:\/\/www.ac-am.fr\/wp-content\/uploads\/2015\/09\/barre01.gif\" \/>\n<meta name=\"author\" content=\"Pascal Dhuicq\" \/>\n<meta name=\"twitter:card\" content=\"summary_large_image\" \/>\n<meta name=\"twitter:label1\" content=\"\u00c9crit par\" \/>\n\t<meta name=\"twitter:data1\" content=\"Pascal Dhuicq\" \/>\n\t<meta name=\"twitter:label2\" content=\"Dur\u00e9e de lecture estim\u00e9e\" \/>\n\t<meta name=\"twitter:data2\" content=\"2 minutes\" \/>\n<script type=\"application\/ld+json\" class=\"yoast-schema-graph\">{\"@context\":\"https:\/\/schema.org\",\"@graph\":[{\"@type\":\"Article\",\"@id\":\"https:\/\/www.ac-am.fr\/index.php\/1997\/07\/24\/soleils-de-lapocalypse\/#article\",\"isPartOf\":{\"@id\":\"https:\/\/www.ac-am.fr\/index.php\/1997\/07\/24\/soleils-de-lapocalypse\/\"},\"author\":{\"name\":\"Pascal Dhuicq\",\"@id\":\"https:\/\/www.ac-am.fr\/#\/schema\/person\/7907cab1a1a119e28a1bbe7e516ad69c\"},\"headline\":\"\u00ab\u00a0Les Soleils de l&rsquo;Apocalypse\u00a0\u00bb\",\"datePublished\":\"1997-07-24T20:46:36+00:00\",\"dateModified\":\"2016-08-02T22:16:46+00:00\",\"mainEntityOfPage\":{\"@id\":\"https:\/\/www.ac-am.fr\/index.php\/1997\/07\/24\/soleils-de-lapocalypse\/\"},\"wordCount\":339,\"publisher\":{\"@id\":\"https:\/\/www.ac-am.fr\/#organization\"},\"image\":{\"@id\":\"https:\/\/www.ac-am.fr\/index.php\/1997\/07\/24\/soleils-de-lapocalypse\/#primaryimage\"},\"thumbnailUrl\":\"http:\/\/www.ac-am.fr\/wp-content\/uploads\/2015\/09\/barre01.gif\",\"articleSection\":[\"Avis, Conseils et Lectures\"],\"inLanguage\":\"fr-FR\"},{\"@type\":\"WebPage\",\"@id\":\"https:\/\/www.ac-am.fr\/index.php\/1997\/07\/24\/soleils-de-lapocalypse\/\",\"url\":\"https:\/\/www.ac-am.fr\/index.php\/1997\/07\/24\/soleils-de-lapocalypse\/\",\"name\":\"\\\"Les Soleils de l'Apocalypse\\\" - Autre Conscience, Autre Monde\",\"isPartOf\":{\"@id\":\"https:\/\/www.ac-am.fr\/#website\"},\"primaryImageOfPage\":{\"@id\":\"https:\/\/www.ac-am.fr\/index.php\/1997\/07\/24\/soleils-de-lapocalypse\/#primaryimage\"},\"image\":{\"@id\":\"https:\/\/www.ac-am.fr\/index.php\/1997\/07\/24\/soleils-de-lapocalypse\/#primaryimage\"},\"thumbnailUrl\":\"http:\/\/www.ac-am.fr\/wp-content\/uploads\/2015\/09\/barre01.gif\",\"datePublished\":\"1997-07-24T20:46:36+00:00\",\"dateModified\":\"2016-08-02T22:16:46+00:00\",\"breadcrumb\":{\"@id\":\"https:\/\/www.ac-am.fr\/index.php\/1997\/07\/24\/soleils-de-lapocalypse\/#breadcrumb\"},\"inLanguage\":\"fr-FR\",\"potentialAction\":[{\"@type\":\"ReadAction\",\"target\":[\"https:\/\/www.ac-am.fr\/index.php\/1997\/07\/24\/soleils-de-lapocalypse\/\"]}]},{\"@type\":\"ImageObject\",\"inLanguage\":\"fr-FR\",\"@id\":\"https:\/\/www.ac-am.fr\/index.php\/1997\/07\/24\/soleils-de-lapocalypse\/#primaryimage\",\"url\":\"https:\/\/www.ac-am.fr\/wp-content\/uploads\/2015\/09\/barre01.gif\",\"contentUrl\":\"https:\/\/www.ac-am.fr\/wp-content\/uploads\/2015\/09\/barre01.gif\",\"width\":550,\"height\":7,\"caption\":\"Barre couleur argent\"},{\"@type\":\"BreadcrumbList\",\"@id\":\"https:\/\/www.ac-am.fr\/index.php\/1997\/07\/24\/soleils-de-lapocalypse\/#breadcrumb\",\"itemListElement\":[{\"@type\":\"ListItem\",\"position\":1,\"name\":\"Accueil\",\"item\":\"https:\/\/www.ac-am.fr\/\"},{\"@type\":\"ListItem\",\"position\":2,\"name\":\"\u00ab\u00a0Les Soleils de l&rsquo;Apocalypse\u00a0\u00bb\"}]},{\"@type\":\"WebSite\",\"@id\":\"https:\/\/www.ac-am.fr\/#website\",\"url\":\"https:\/\/www.ac-am.fr\/\",\"name\":\"Autre Conscience, Autre Monde\",\"description\":\"\",\"publisher\":{\"@id\":\"https:\/\/www.ac-am.fr\/#organization\"},\"potentialAction\":[{\"@type\":\"SearchAction\",\"target\":{\"@type\":\"EntryPoint\",\"urlTemplate\":\"https:\/\/www.ac-am.fr\/?s={search_term_string}\"},\"query-input\":{\"@type\":\"PropertyValueSpecification\",\"valueRequired\":true,\"valueName\":\"search_term_string\"}}],\"inLanguage\":\"fr-FR\"},{\"@type\":\"Organization\",\"@id\":\"https:\/\/www.ac-am.fr\/#organization\",\"name\":\"Autre Conscience, Autre Monde\",\"url\":\"https:\/\/www.ac-am.fr\/\",\"logo\":{\"@type\":\"ImageObject\",\"inLanguage\":\"fr-FR\",\"@id\":\"https:\/\/www.ac-am.fr\/#\/schema\/logo\/image\/\",\"url\":\"https:\/\/www.ac-am.fr\/wp-content\/uploads\/2015\/10\/bd_ac_am.gif\",\"contentUrl\":\"https:\/\/www.ac-am.fr\/wp-content\/uploads\/2015\/10\/bd_ac_am.gif\",\"width\":370,\"height\":65,\"caption\":\"Autre Conscience, Autre Monde\"},\"image\":{\"@id\":\"https:\/\/www.ac-am.fr\/#\/schema\/logo\/image\/\"},\"sameAs\":[\"https:\/\/fr-fr.facebook.com\/claude.acam\/\",\"https:\/\/www.youtube.com\/user\/consciencemonde\"]},{\"@type\":\"Person\",\"@id\":\"https:\/\/www.ac-am.fr\/#\/schema\/person\/7907cab1a1a119e28a1bbe7e516ad69c\",\"name\":\"Pascal Dhuicq\",\"image\":{\"@type\":\"ImageObject\",\"inLanguage\":\"fr-FR\",\"@id\":\"https:\/\/www.ac-am.fr\/#\/schema\/person\/image\/\",\"url\":\"https:\/\/secure.gravatar.com\/avatar\/fe49c0170b6b2a6a6687314d1500508eea21b622d1fd538350570c4bab5ca28d?s=96&d=identicon&r=g\",\"contentUrl\":\"https:\/\/secure.gravatar.com\/avatar\/fe49c0170b6b2a6a6687314d1500508eea21b622d1fd538350570c4bab5ca28d?s=96&d=identicon&r=g\",\"caption\":\"Pascal Dhuicq\"},\"url\":\"https:\/\/www.ac-am.fr\/index.php\/author\/pascal-dhuicq\/\"}]}<\/script>\n<!-- \/ Yoast SEO plugin. -->","yoast_head_json":{"title":"\"Les Soleils de l'Apocalypse\" - Autre Conscience, Autre Monde","robots":{"index":"index","follow":"follow","max-snippet":"max-snippet:-1","max-image-preview":"max-image-preview:large","max-video-preview":"max-video-preview:-1"},"canonical":"https:\/\/www.ac-am.fr\/index.php\/1997\/07\/24\/soleils-de-lapocalypse\/","og_locale":"fr_FR","og_type":"article","og_title":"\"Les Soleils de l'Apocalypse\" - Autre Conscience, Autre Monde","og_description":"\u00ab\u00a0Les Soleils de l&rsquo;Apocalypse\u00a0\u00bb Je me permets de vous contacter, car je g\u00e8re un site...","og_url":"https:\/\/www.ac-am.fr\/index.php\/1997\/07\/24\/soleils-de-lapocalypse\/","og_site_name":"Autre Conscience, Autre Monde","article_publisher":"https:\/\/fr-fr.facebook.com\/claude.acam\/","article_published_time":"1997-07-24T20:46:36+00:00","article_modified_time":"2016-08-02T22:16:46+00:00","og_image":[{"url":"http:\/\/www.ac-am.fr\/wp-content\/uploads\/2015\/09\/barre01.gif","type":"","width":"","height":""}],"author":"Pascal Dhuicq","twitter_card":"summary_large_image","twitter_misc":{"\u00c9crit par":"Pascal Dhuicq","Dur\u00e9e de lecture estim\u00e9e":"2 minutes"},"schema":{"@context":"https:\/\/schema.org","@graph":[{"@type":"Article","@id":"https:\/\/www.ac-am.fr\/index.php\/1997\/07\/24\/soleils-de-lapocalypse\/#article","isPartOf":{"@id":"https:\/\/www.ac-am.fr\/index.php\/1997\/07\/24\/soleils-de-lapocalypse\/"},"author":{"name":"Pascal Dhuicq","@id":"https:\/\/www.ac-am.fr\/#\/schema\/person\/7907cab1a1a119e28a1bbe7e516ad69c"},"headline":"\u00ab\u00a0Les Soleils de l&rsquo;Apocalypse\u00a0\u00bb","datePublished":"1997-07-24T20:46:36+00:00","dateModified":"2016-08-02T22:16:46+00:00","mainEntityOfPage":{"@id":"https:\/\/www.ac-am.fr\/index.php\/1997\/07\/24\/soleils-de-lapocalypse\/"},"wordCount":339,"publisher":{"@id":"https:\/\/www.ac-am.fr\/#organization"},"image":{"@id":"https:\/\/www.ac-am.fr\/index.php\/1997\/07\/24\/soleils-de-lapocalypse\/#primaryimage"},"thumbnailUrl":"http:\/\/www.ac-am.fr\/wp-content\/uploads\/2015\/09\/barre01.gif","articleSection":["Avis, Conseils et Lectures"],"inLanguage":"fr-FR"},{"@type":"WebPage","@id":"https:\/\/www.ac-am.fr\/index.php\/1997\/07\/24\/soleils-de-lapocalypse\/","url":"https:\/\/www.ac-am.fr\/index.php\/1997\/07\/24\/soleils-de-lapocalypse\/","name":"\"Les Soleils de l'Apocalypse\" - Autre Conscience, Autre Monde","isPartOf":{"@id":"https:\/\/www.ac-am.fr\/#website"},"primaryImageOfPage":{"@id":"https:\/\/www.ac-am.fr\/index.php\/1997\/07\/24\/soleils-de-lapocalypse\/#primaryimage"},"image":{"@id":"https:\/\/www.ac-am.fr\/index.php\/1997\/07\/24\/soleils-de-lapocalypse\/#primaryimage"},"thumbnailUrl":"http:\/\/www.ac-am.fr\/wp-content\/uploads\/2015\/09\/barre01.gif","datePublished":"1997-07-24T20:46:36+00:00","dateModified":"2016-08-02T22:16:46+00:00","breadcrumb":{"@id":"https:\/\/www.ac-am.fr\/index.php\/1997\/07\/24\/soleils-de-lapocalypse\/#breadcrumb"},"inLanguage":"fr-FR","potentialAction":[{"@type":"ReadAction","target":["https:\/\/www.ac-am.fr\/index.php\/1997\/07\/24\/soleils-de-lapocalypse\/"]}]},{"@type":"ImageObject","inLanguage":"fr-FR","@id":"https:\/\/www.ac-am.fr\/index.php\/1997\/07\/24\/soleils-de-lapocalypse\/#primaryimage","url":"https:\/\/www.ac-am.fr\/wp-content\/uploads\/2015\/09\/barre01.gif","contentUrl":"https:\/\/www.ac-am.fr\/wp-content\/uploads\/2015\/09\/barre01.gif","width":550,"height":7,"caption":"Barre couleur argent"},{"@type":"BreadcrumbList","@id":"https:\/\/www.ac-am.fr\/index.php\/1997\/07\/24\/soleils-de-lapocalypse\/#breadcrumb","itemListElement":[{"@type":"ListItem","position":1,"name":"Accueil","item":"https:\/\/www.ac-am.fr\/"},{"@type":"ListItem","position":2,"name":"\u00ab\u00a0Les Soleils de l&rsquo;Apocalypse\u00a0\u00bb"}]},{"@type":"WebSite","@id":"https:\/\/www.ac-am.fr\/#website","url":"https:\/\/www.ac-am.fr\/","name":"Autre Conscience, Autre Monde","description":"","publisher":{"@id":"https:\/\/www.ac-am.fr\/#organization"},"potentialAction":[{"@type":"SearchAction","target":{"@type":"EntryPoint","urlTemplate":"https:\/\/www.ac-am.fr\/?s={search_term_string}"},"query-input":{"@type":"PropertyValueSpecification","valueRequired":true,"valueName":"search_term_string"}}],"inLanguage":"fr-FR"},{"@type":"Organization","@id":"https:\/\/www.ac-am.fr\/#organization","name":"Autre Conscience, Autre Monde","url":"https:\/\/www.ac-am.fr\/","logo":{"@type":"ImageObject","inLanguage":"fr-FR","@id":"https:\/\/www.ac-am.fr\/#\/schema\/logo\/image\/","url":"https:\/\/www.ac-am.fr\/wp-content\/uploads\/2015\/10\/bd_ac_am.gif","contentUrl":"https:\/\/www.ac-am.fr\/wp-content\/uploads\/2015\/10\/bd_ac_am.gif","width":370,"height":65,"caption":"Autre Conscience, Autre Monde"},"image":{"@id":"https:\/\/www.ac-am.fr\/#\/schema\/logo\/image\/"},"sameAs":["https:\/\/fr-fr.facebook.com\/claude.acam\/","https:\/\/www.youtube.com\/user\/consciencemonde"]},{"@type":"Person","@id":"https:\/\/www.ac-am.fr\/#\/schema\/person\/7907cab1a1a119e28a1bbe7e516ad69c","name":"Pascal Dhuicq","image":{"@type":"ImageObject","inLanguage":"fr-FR","@id":"https:\/\/www.ac-am.fr\/#\/schema\/person\/image\/","url":"https:\/\/secure.gravatar.com\/avatar\/fe49c0170b6b2a6a6687314d1500508eea21b622d1fd538350570c4bab5ca28d?s=96&d=identicon&r=g","contentUrl":"https:\/\/secure.gravatar.com\/avatar\/fe49c0170b6b2a6a6687314d1500508eea21b622d1fd538350570c4bab5ca28d?s=96&d=identicon&r=g","caption":"Pascal Dhuicq"},"url":"https:\/\/www.ac-am.fr\/index.php\/author\/pascal-dhuicq\/"}]}},"_links":{"self":[{"href":"https:\/\/www.ac-am.fr\/index.php\/wp-json\/wp\/v2\/posts\/3636","targetHints":{"allow":["GET"]}}],"collection":[{"href":"https:\/\/www.ac-am.fr\/index.php\/wp-json\/wp\/v2\/posts"}],"about":[{"href":"https:\/\/www.ac-am.fr\/index.php\/wp-json\/wp\/v2\/types\/post"}],"author":[{"embeddable":true,"href":"https:\/\/www.ac-am.fr\/index.php\/wp-json\/wp\/v2\/users\/22"}],"replies":[{"embeddable":true,"href":"https:\/\/www.ac-am.fr\/index.php\/wp-json\/wp\/v2\/comments?post=3636"}],"version-history":[{"count":3,"href":"https:\/\/www.ac-am.fr\/index.php\/wp-json\/wp\/v2\/posts\/3636\/revisions"}],"predecessor-version":[{"id":3639,"href":"https:\/\/www.ac-am.fr\/index.php\/wp-json\/wp\/v2\/posts\/3636\/revisions\/3639"}],"wp:attachment":[{"href":"https:\/\/www.ac-am.fr\/index.php\/wp-json\/wp\/v2\/media?parent=3636"}],"wp:term":[{"taxonomy":"category","embeddable":true,"href":"https:\/\/www.ac-am.fr\/index.php\/wp-json\/wp\/v2\/categories?post=3636"},{"taxonomy":"post_tag","embeddable":true,"href":"https:\/\/www.ac-am.fr\/index.php\/wp-json\/wp\/v2\/tags?post=3636"}],"curies":[{"name":"wp","href":"https:\/\/api.w.org\/{rel}","templated":true}]}}