{"id":3665,"date":"2016-10-20T21:27:02","date_gmt":"2016-10-20T20:27:02","guid":{"rendered":"https:\/\/www.ac-am.fr\/?p=3665"},"modified":"2017-04-11T22:35:43","modified_gmt":"2017-04-11T21:35:43","slug":"edgar-d-mitchell-de-la-nasa-a-raconte-que-les-e-t-prevenaient-lhomme","status":"publish","type":"post","link":"https:\/\/www.ac-am.fr\/index.php\/2016\/10\/20\/edgar-d-mitchell-de-la-nasa-a-raconte-que-les-e-t-prevenaient-lhomme\/","title":{"rendered":"Edgar D. Mitchell de la NASA a racont\u00e9 que les E.T. pr\u00e9venaient l&rsquo;homme !"},"content":{"rendered":"<div id=\"vie_ET\" style=\"background-attachment: fixed; border: 2px solid #dfe6de; border-radius: 10px; opacity: 0.90;\">\n<table class=\"aligncenter\" style=\"width: 600px;\" border=\"0\">\n<tbody>\n<tr>\n<td>\n<table class=\"aligncenter\" style=\"width: 567px; height: 190px;\" border=\"0\">\n<tbody>\n<tr>\n<td><img decoding=\"async\" class=\"aligncenter\" src=\"http:\/\/www.ac-am.fr\/wp-content\/uploads\/2015\/09\/barre_vt.gif\" alt=\"\" border=\"0\" \/><\/td>\n<\/tr>\n<tr>\n<td style=\"text-align: left;\"><img loading=\"lazy\" decoding=\"async\" src=\"http:\/\/www.ac-am.fr\/wp-content\/uploads\/2015\/11\/retedest.gif\" alt=\"R\u00e9flexions et T\u00e9moignages\" width=\"380\" height=\"100\" border=\"0\" \/><img loading=\"lazy\" decoding=\"async\" src=\"http:\/\/www.ac-am.fr\/wp-content\/uploads\/2016\/02\/cal2016.gif\" alt=\"Ann\u00e9e 2016\" width=\"150\" height=\"100\" border=\"0\" \/><\/td>\n<\/tr>\n<tr>\n<td><img decoding=\"async\" class=\"aligncenter\" src=\"http:\/\/www.ac-am.fr\/wp-content\/uploads\/2015\/09\/barre_vt.gif\" alt=\"\" border=\"0\" \/><\/td>\n<\/tr>\n<\/tbody>\n<\/table>\n<table class=\"aligncenter\" style=\"width: 590px;\" border=\"0\">\n<tbody>\n<tr>\n<td><a name=\"Claude01_ET16_01\"><\/a><b class=\"ntitre1\">Edgar D. Mitchell de la NASA a racont\u00e9 que les E.T. pr\u00e9venaient l&rsquo;homme !<\/b><\/td>\n<\/tr>\n<tr>\n<td colspan=\"2\"><img decoding=\"async\" class=\"aligncenter\" src=\"http:\/\/www.ac-am.fr\/wp-content\/uploads\/2015\/09\/barre_mr.gif\" alt=\"\" border=\"0\" \/><\/td>\n<\/tr>\n<tr>\n<td style=\"text-align: left;\">\n<p><span class=\"gmoyen\"><img decoding=\"async\" src=\"http:\/\/www.ac-am.fr\/wp-content\/uploads\/2015\/09\/ball01.gif\" alt=\"\" border=\"0\" \/> WikiLeaks a fait ressurgir <a href=\"http:\/\/www.ac-am.fr\/wp-content\/uploads\/2016\/10\/wikileaks_Edgar_D_Mitchell.png\" target=\"_blank\">d&rsquo;\u00e9tranges mails<\/a> adress\u00e9s au directeur de campagne d&rsquo;Hillary Clinton de la part d&rsquo;un ancien astronaute de la NASA convaincu de la vie extraterrestre.<br \/>\n De Barack Obama \u00e0 Leonardo DiCaprio en passant par Elon Musk, tout le monde parle de la conqu\u00eate de l&rsquo;espace.<\/span><\/p>\n<p><span class=\"gmoyen\"><img decoding=\"async\" src=\"http:\/\/www.ac-am.fr\/wp-content\/uploads\/2015\/09\/ball01.gif\" alt=\"\" border=\"0\" \/> Dans une s\u00e9rie de mails envoy\u00e9s entre janvier et ao\u00fbt 2015 et publi\u00e9s il y a quelques jours par WikiLeaks, l&rsquo;ancien astronaute de la NASA <a href=\"https:\/\/www.youtube.com\/watch?v=MtBkBmaADoY\" target=\"_blank\">Edgar D. Mitchell<\/a> \u2013 d\u00e9c\u00e9d\u00e9 le 4 f\u00e9vrier 2016 \u2013 avait tenu \u00e0 informer le directeur de campagne d&rsquo;Hillary Clinton John Podesta sur un sujet primordial : la pr\u00e9sence d&rsquo;une intelligence extraterrestre dans notre univers, comme l&rsquo;a rep\u00e9r\u00e9 The Sun.<\/span><\/p>\n<\/td>\n<\/tr>\n<tr>\n<td>\n<table>\n<tbody>\n<tr>\n<td><img loading=\"lazy\" decoding=\"async\" class=\"aligncenter\" src=\"http:\/\/www.ac-am.fr\/wp-content\/uploads\/2016\/10\/Edgar_D_Mitchell.jpg\" alt=\"Edgar D. Mitchell\" width=\"535\" height=\"301\" border=\"0\" \/><\/td>\n<\/tr>\n<\/tbody>\n<\/table>\n<\/td>\n<\/tr>\n<tr>\n<td style=\"text-align: left;\"><span class=\"gmoyen\"><img decoding=\"async\" src=\"http:\/\/www.ac-am.fr\/wp-content\/uploads\/2015\/09\/ball01.gif\" alt=\"\" border=\"0\" \/> <i>\u00ab\u00a0Ils ne tol\u00e9reront aucun forme de violence militaire\u00a0\u00bb<\/i><\/span><\/p>\n<p><span class=\"gmoyen\"><img decoding=\"async\" src=\"http:\/\/www.ac-am.fr\/wp-content\/uploads\/2015\/09\/ball01.gif\" alt=\"\" border=\"0\" \/> \u00ab\u00a0Puisque la course \u00e0 la conqu\u00eate de l&rsquo;espace fait rage, j&rsquo;ai pens\u00e9 que vous aimeriez savoir quelques choses\u00a0\u00bb, \u00e9crivait Edgar D. Mitchell, pilote de la mission Apollo 14 et sixi\u00e8me homme \u00e0 poser le pied sur la Lune en 1971. Et de pr\u00e9venir : \u00ab\u00a0Souvenez-vous, une intelligence extraterrestre non-violente de l&rsquo;univers voisin veut nous aider \u00e0 amener la technologie de l&rsquo;\u00e9nergie du point z\u00e9ro (la plus faible \u00e9nergie possible d&rsquo;un syst\u00e8me quantique, ndlr) sur Terre. Et ils ne tol\u00e9reront aucun forme de violence militaire sur Terre comme dans l&rsquo;espace.\u00a0\u00bb<\/span><\/p>\n<p><span class=\"gmoyen\"><img decoding=\"async\" src=\"http:\/\/www.ac-am.fr\/wp-content\/uploads\/2015\/09\/ball01.gif\" alt=\"\" border=\"0\" \/> Edgard D. Mitchell esp\u00e9rait \u00e0 tout prix organiser un rendez-vous par Skype avec John Podesta pour l&rsquo;informer sur ce sujet. Il pr\u00e9voyait m\u00eame d&rsquo;y inviter son \u00ab\u00a0coll\u00e8gue catholique\u00a0\u00bb Terri Mansfield, pr\u00eat \u00e0 d\u00e9voiler \u00ab\u00a0les connaissances du Vatican sur la vie extraterrestre\u00a0\u00bb, indiquait-il dans un autre e-mail.<\/span><\/td>\n<\/tr>\n<tr>\n<td>\n<table>\n<tbody>\n<tr>\n<td><img loading=\"lazy\" decoding=\"async\" class=\"aligncenter\" src=\"http:\/\/www.ac-am.fr\/wp-content\/uploads\/2016\/10\/John_Podesta.jpg\" alt=\"Edgar D. Mitchell\" width=\"484\" height=\"350\" border=\"0\" \/><\/td>\n<\/tr>\n<\/tbody>\n<\/table>\n<\/td>\n<\/tr>\n<tr>\n<td style=\"text-align: left;\"><span class=\"gmoyen\"><img decoding=\"async\" src=\"http:\/\/www.ac-am.fr\/wp-content\/uploads\/2015\/09\/ball01.gif\" alt=\"\" border=\"0\" \/> Car oui, le Vatican dispose d&rsquo;un Observatoire astronomique depuis 1582. Install\u00e9s \u00e0 Castel Gandolfo, au sud de Rome, des hommes d&rsquo;\u00c9glise scrutent le ciel depuis cet institut de recherche scientifique. En 2015 d&rsquo;ailleurs, lorsque la mission Kepler-425b d\u00e9celait la pr\u00e9sence d&rsquo;une exoplan\u00e8te proche de la Terre, le cardinal Jos\u00e9 Gabriel Funes, \u00e0 la t\u00eate de l&rsquo;Observatoire, se disait \u00ab\u00a0ouvert \u00e0 la possibilit\u00e9 d&rsquo;une vie extraterrestre\u00a0\u00bb \u00e0 l&rsquo;AFP.<\/span><\/p>\n<p><span class=\"gmoyen\"><img decoding=\"async\" src=\"http:\/\/www.ac-am.fr\/wp-content\/uploads\/2015\/09\/ball01.gif\" alt=\"\" border=\"0\" \/> Tout au long de sa vie, l&rsquo;astronaute a tent\u00e9 de justifier l&rsquo;existence d&rsquo;une vie extraterrestre. Tant dans son livre \u00ab\u00a0The Way of the explorer\u00a0\u00bb, o\u00f9 il d\u00e9crit le \u00ab\u00a0sentiment de fusion avec l&rsquo;univers\u00a0\u00bb ressenti de retour d&rsquo;Apollo 14, que lors d&rsquo;interviews o\u00f9 il certifie que \u00ab\u00a0le crash de Roswell \u00e9tait r\u00e9el\u00a0\u00bb. On ne sait pas si cette entrevue tant esp\u00e9r\u00e9e avec le directeur de campagne de la possible future pr\u00e9sidente des \u00c9tats-Unis a finalement eu lieu.<\/span><\/p>\n<p><span class=\"gmoyen\">[<a href=\"http:\/\/www.ac-am.fr\/index.php\/contact-acam\/\">Claude B. &#8211; le 16-10-16<\/a>]<\/span><\/p>\n<\/td>\n<\/tr>\n<\/tbody>\n<\/table>\n<\/td>\n<\/tr>\n<\/tbody>\n<\/table>\n<\/div>\n<div style=\"padding-bottom:20px; padding-top:10px;\" class=\"hupso-share-buttons\"><!-- Hupso Share Buttons - https:\/\/www.hupso.com\/share\/ --><a class=\"hupso_toolbar\" href=\"https:\/\/www.hupso.com\/share\/\"><img decoding=\"async\" src=\"https:\/\/static.hupso.com\/share\/buttons\/lang\/fr\/share.png\" style=\"border:0px; padding-top: 5px; float:left;\" alt=\"Share Button\"\/><\/a><script type=\"text\/javascript\">var hupso_services_t=new Array(\"Twitter\",\"Facebook\",\"Google Plus\");var hupso_background_t=\"#EAF4FF\";var hupso_border_t=\"#66CCFF\";var hupso_toolbar_size_t=\"big\";var hupso_image_folder_url = \"\";var hupso_url_t=\"\";var hupso_title_t=\"Edgar%20D.%20Mitchell%20de%20la%20NASA%20a%20racont%C3%A9%20que%20les%20E.T.%20pr%C3%A9venaient%20l%27homme%20%21\";<\/script><script type=\"text\/javascript\" src=\"https:\/\/static.hupso.com\/share\/js\/share_toolbar.js\"><\/script><!-- Hupso Share Buttons --><\/div>","protected":false},"excerpt":{"rendered":"<p>Edgar D. Mitchell de la NASA a racont\u00e9 que les E.T. pr\u00e9venaient l&rsquo;homme ! WikiLeaks&#8230;<\/p>\n","protected":false},"author":2,"featured_media":0,"comment_status":"closed","ping_status":"open","sticky":false,"template":"","format":"standard","meta":{"footnotes":""},"categories":[298],"tags":[],"class_list":["post-3665","post","type-post","status-publish","format-standard","hentry","category-2016-vie-extraterrestre"],"yoast_head":"<!-- This site is optimized with the Yoast SEO plugin v26.9 - https:\/\/yoast.com\/product\/yoast-seo-wordpress\/ -->\n<title>Edgar D. Mitchell de la NASA a racont\u00e9 que les E.T. pr\u00e9venaient l&#039;homme ! - Autre Conscience, Autre Monde<\/title>\n<meta name=\"robots\" content=\"index, follow, max-snippet:-1, max-image-preview:large, max-video-preview:-1\" \/>\n<link rel=\"canonical\" href=\"https:\/\/www.ac-am.fr\/index.php\/2016\/10\/20\/edgar-d-mitchell-de-la-nasa-a-raconte-que-les-e-t-prevenaient-lhomme\/\" \/>\n<meta property=\"og:locale\" content=\"fr_FR\" \/>\n<meta property=\"og:type\" content=\"article\" \/>\n<meta property=\"og:title\" content=\"Edgar D. Mitchell de la NASA a racont\u00e9 que les E.T. pr\u00e9venaient l&#039;homme ! - Autre Conscience, Autre Monde\" \/>\n<meta property=\"og:description\" content=\"Edgar D. Mitchell de la NASA a racont\u00e9 que les E.T. pr\u00e9venaient l&rsquo;homme ! WikiLeaks...\" \/>\n<meta property=\"og:url\" content=\"https:\/\/www.ac-am.fr\/index.php\/2016\/10\/20\/edgar-d-mitchell-de-la-nasa-a-raconte-que-les-e-t-prevenaient-lhomme\/\" \/>\n<meta property=\"og:site_name\" content=\"Autre Conscience, Autre Monde\" \/>\n<meta property=\"article:publisher\" content=\"https:\/\/fr-fr.facebook.com\/claude.acam\/\" \/>\n<meta property=\"article:published_time\" content=\"2016-10-20T20:27:02+00:00\" \/>\n<meta property=\"article:modified_time\" content=\"2017-04-11T21:35:43+00:00\" \/>\n<meta property=\"og:image\" content=\"http:\/\/www.ac-am.fr\/wp-content\/uploads\/2015\/09\/barre_vt.gif\" \/>\n<meta name=\"author\" content=\"Claude ACAM\" \/>\n<meta name=\"twitter:card\" content=\"summary_large_image\" \/>\n<meta name=\"twitter:label1\" content=\"\u00c9crit par\" \/>\n\t<meta name=\"twitter:data1\" content=\"Claude ACAM\" \/>\n\t<meta name=\"twitter:label2\" content=\"Dur\u00e9e de lecture estim\u00e9e\" \/>\n\t<meta name=\"twitter:data2\" content=\"2 minutes\" \/>\n<script type=\"application\/ld+json\" class=\"yoast-schema-graph\">{\"@context\":\"https:\/\/schema.org\",\"@graph\":[{\"@type\":\"Article\",\"@id\":\"https:\/\/www.ac-am.fr\/index.php\/2016\/10\/20\/edgar-d-mitchell-de-la-nasa-a-raconte-que-les-e-t-prevenaient-lhomme\/#article\",\"isPartOf\":{\"@id\":\"https:\/\/www.ac-am.fr\/index.php\/2016\/10\/20\/edgar-d-mitchell-de-la-nasa-a-raconte-que-les-e-t-prevenaient-lhomme\/\"},\"author\":{\"name\":\"Claude ACAM\",\"@id\":\"https:\/\/www.ac-am.fr\/#\/schema\/person\/f6920100a1eee321181b2d8606edb6ee\"},\"headline\":\"Edgar D. Mitchell de la NASA a racont\u00e9 que les E.T. pr\u00e9venaient l&rsquo;homme !\",\"datePublished\":\"2016-10-20T20:27:02+00:00\",\"dateModified\":\"2017-04-11T21:35:43+00:00\",\"mainEntityOfPage\":{\"@id\":\"https:\/\/www.ac-am.fr\/index.php\/2016\/10\/20\/edgar-d-mitchell-de-la-nasa-a-raconte-que-les-e-t-prevenaient-lhomme\/\"},\"wordCount\":477,\"publisher\":{\"@id\":\"https:\/\/www.ac-am.fr\/#organization\"},\"image\":{\"@id\":\"https:\/\/www.ac-am.fr\/index.php\/2016\/10\/20\/edgar-d-mitchell-de-la-nasa-a-raconte-que-les-e-t-prevenaient-lhomme\/#primaryimage\"},\"thumbnailUrl\":\"http:\/\/www.ac-am.fr\/wp-content\/uploads\/2015\/09\/barre_vt.gif\",\"articleSection\":[\"2016 \u2013 VIE EXTRATERRESTRE\"],\"inLanguage\":\"fr-FR\"},{\"@type\":\"WebPage\",\"@id\":\"https:\/\/www.ac-am.fr\/index.php\/2016\/10\/20\/edgar-d-mitchell-de-la-nasa-a-raconte-que-les-e-t-prevenaient-lhomme\/\",\"url\":\"https:\/\/www.ac-am.fr\/index.php\/2016\/10\/20\/edgar-d-mitchell-de-la-nasa-a-raconte-que-les-e-t-prevenaient-lhomme\/\",\"name\":\"Edgar D. Mitchell de la NASA a racont\u00e9 que les E.T. pr\u00e9venaient l'homme ! - Autre Conscience, Autre Monde\",\"isPartOf\":{\"@id\":\"https:\/\/www.ac-am.fr\/#website\"},\"primaryImageOfPage\":{\"@id\":\"https:\/\/www.ac-am.fr\/index.php\/2016\/10\/20\/edgar-d-mitchell-de-la-nasa-a-raconte-que-les-e-t-prevenaient-lhomme\/#primaryimage\"},\"image\":{\"@id\":\"https:\/\/www.ac-am.fr\/index.php\/2016\/10\/20\/edgar-d-mitchell-de-la-nasa-a-raconte-que-les-e-t-prevenaient-lhomme\/#primaryimage\"},\"thumbnailUrl\":\"http:\/\/www.ac-am.fr\/wp-content\/uploads\/2015\/09\/barre_vt.gif\",\"datePublished\":\"2016-10-20T20:27:02+00:00\",\"dateModified\":\"2017-04-11T21:35:43+00:00\",\"breadcrumb\":{\"@id\":\"https:\/\/www.ac-am.fr\/index.php\/2016\/10\/20\/edgar-d-mitchell-de-la-nasa-a-raconte-que-les-e-t-prevenaient-lhomme\/#breadcrumb\"},\"inLanguage\":\"fr-FR\",\"potentialAction\":[{\"@type\":\"ReadAction\",\"target\":[\"https:\/\/www.ac-am.fr\/index.php\/2016\/10\/20\/edgar-d-mitchell-de-la-nasa-a-raconte-que-les-e-t-prevenaient-lhomme\/\"]}]},{\"@type\":\"ImageObject\",\"inLanguage\":\"fr-FR\",\"@id\":\"https:\/\/www.ac-am.fr\/index.php\/2016\/10\/20\/edgar-d-mitchell-de-la-nasa-a-raconte-que-les-e-t-prevenaient-lhomme\/#primaryimage\",\"url\":\"https:\/\/www.ac-am.fr\/wp-content\/uploads\/2015\/09\/barre_vt.gif\",\"contentUrl\":\"https:\/\/www.ac-am.fr\/wp-content\/uploads\/2015\/09\/barre_vt.gif\",\"width\":550,\"height\":7,\"caption\":\"Barre verte\"},{\"@type\":\"BreadcrumbList\",\"@id\":\"https:\/\/www.ac-am.fr\/index.php\/2016\/10\/20\/edgar-d-mitchell-de-la-nasa-a-raconte-que-les-e-t-prevenaient-lhomme\/#breadcrumb\",\"itemListElement\":[{\"@type\":\"ListItem\",\"position\":1,\"name\":\"Accueil\",\"item\":\"https:\/\/www.ac-am.fr\/\"},{\"@type\":\"ListItem\",\"position\":2,\"name\":\"Edgar D. Mitchell de la NASA a racont\u00e9 que les E.T. pr\u00e9venaient l&rsquo;homme !\"}]},{\"@type\":\"WebSite\",\"@id\":\"https:\/\/www.ac-am.fr\/#website\",\"url\":\"https:\/\/www.ac-am.fr\/\",\"name\":\"Autre Conscience, Autre Monde\",\"description\":\"\",\"publisher\":{\"@id\":\"https:\/\/www.ac-am.fr\/#organization\"},\"potentialAction\":[{\"@type\":\"SearchAction\",\"target\":{\"@type\":\"EntryPoint\",\"urlTemplate\":\"https:\/\/www.ac-am.fr\/?s={search_term_string}\"},\"query-input\":{\"@type\":\"PropertyValueSpecification\",\"valueRequired\":true,\"valueName\":\"search_term_string\"}}],\"inLanguage\":\"fr-FR\"},{\"@type\":\"Organization\",\"@id\":\"https:\/\/www.ac-am.fr\/#organization\",\"name\":\"Autre Conscience, Autre Monde\",\"url\":\"https:\/\/www.ac-am.fr\/\",\"logo\":{\"@type\":\"ImageObject\",\"inLanguage\":\"fr-FR\",\"@id\":\"https:\/\/www.ac-am.fr\/#\/schema\/logo\/image\/\",\"url\":\"https:\/\/www.ac-am.fr\/wp-content\/uploads\/2015\/10\/bd_ac_am.gif\",\"contentUrl\":\"https:\/\/www.ac-am.fr\/wp-content\/uploads\/2015\/10\/bd_ac_am.gif\",\"width\":370,\"height\":65,\"caption\":\"Autre Conscience, Autre Monde\"},\"image\":{\"@id\":\"https:\/\/www.ac-am.fr\/#\/schema\/logo\/image\/\"},\"sameAs\":[\"https:\/\/fr-fr.facebook.com\/claude.acam\/\",\"https:\/\/www.youtube.com\/user\/consciencemonde\"]},{\"@type\":\"Person\",\"@id\":\"https:\/\/www.ac-am.fr\/#\/schema\/person\/f6920100a1eee321181b2d8606edb6ee\",\"name\":\"Claude ACAM\",\"image\":{\"@type\":\"ImageObject\",\"inLanguage\":\"fr-FR\",\"@id\":\"https:\/\/www.ac-am.fr\/#\/schema\/person\/image\/\",\"url\":\"https:\/\/secure.gravatar.com\/avatar\/e09e4cf5d19c14eb87ca16e06420f2d1dfe3e8967072c4616fd0fdf3e8855650?s=96&d=identicon&r=g\",\"contentUrl\":\"https:\/\/secure.gravatar.com\/avatar\/e09e4cf5d19c14eb87ca16e06420f2d1dfe3e8967072c4616fd0fdf3e8855650?s=96&d=identicon&r=g\",\"caption\":\"Claude ACAM\"},\"sameAs\":[\"http:\/\/www.ac-am.fr\/\"],\"url\":\"https:\/\/www.ac-am.fr\/index.php\/author\/claude-b\/\"}]}<\/script>\n<!-- \/ Yoast SEO plugin. -->","yoast_head_json":{"title":"Edgar D. Mitchell de la NASA a racont\u00e9 que les E.T. pr\u00e9venaient l'homme ! - Autre Conscience, Autre Monde","robots":{"index":"index","follow":"follow","max-snippet":"max-snippet:-1","max-image-preview":"max-image-preview:large","max-video-preview":"max-video-preview:-1"},"canonical":"https:\/\/www.ac-am.fr\/index.php\/2016\/10\/20\/edgar-d-mitchell-de-la-nasa-a-raconte-que-les-e-t-prevenaient-lhomme\/","og_locale":"fr_FR","og_type":"article","og_title":"Edgar D. Mitchell de la NASA a racont\u00e9 que les E.T. pr\u00e9venaient l'homme ! - Autre Conscience, Autre Monde","og_description":"Edgar D. Mitchell de la NASA a racont\u00e9 que les E.T. pr\u00e9venaient l&rsquo;homme ! WikiLeaks...","og_url":"https:\/\/www.ac-am.fr\/index.php\/2016\/10\/20\/edgar-d-mitchell-de-la-nasa-a-raconte-que-les-e-t-prevenaient-lhomme\/","og_site_name":"Autre Conscience, Autre Monde","article_publisher":"https:\/\/fr-fr.facebook.com\/claude.acam\/","article_published_time":"2016-10-20T20:27:02+00:00","article_modified_time":"2017-04-11T21:35:43+00:00","og_image":[{"url":"http:\/\/www.ac-am.fr\/wp-content\/uploads\/2015\/09\/barre_vt.gif","type":"","width":"","height":""}],"author":"Claude ACAM","twitter_card":"summary_large_image","twitter_misc":{"\u00c9crit par":"Claude ACAM","Dur\u00e9e de lecture estim\u00e9e":"2 minutes"},"schema":{"@context":"https:\/\/schema.org","@graph":[{"@type":"Article","@id":"https:\/\/www.ac-am.fr\/index.php\/2016\/10\/20\/edgar-d-mitchell-de-la-nasa-a-raconte-que-les-e-t-prevenaient-lhomme\/#article","isPartOf":{"@id":"https:\/\/www.ac-am.fr\/index.php\/2016\/10\/20\/edgar-d-mitchell-de-la-nasa-a-raconte-que-les-e-t-prevenaient-lhomme\/"},"author":{"name":"Claude ACAM","@id":"https:\/\/www.ac-am.fr\/#\/schema\/person\/f6920100a1eee321181b2d8606edb6ee"},"headline":"Edgar D. Mitchell de la NASA a racont\u00e9 que les E.T. pr\u00e9venaient l&rsquo;homme !","datePublished":"2016-10-20T20:27:02+00:00","dateModified":"2017-04-11T21:35:43+00:00","mainEntityOfPage":{"@id":"https:\/\/www.ac-am.fr\/index.php\/2016\/10\/20\/edgar-d-mitchell-de-la-nasa-a-raconte-que-les-e-t-prevenaient-lhomme\/"},"wordCount":477,"publisher":{"@id":"https:\/\/www.ac-am.fr\/#organization"},"image":{"@id":"https:\/\/www.ac-am.fr\/index.php\/2016\/10\/20\/edgar-d-mitchell-de-la-nasa-a-raconte-que-les-e-t-prevenaient-lhomme\/#primaryimage"},"thumbnailUrl":"http:\/\/www.ac-am.fr\/wp-content\/uploads\/2015\/09\/barre_vt.gif","articleSection":["2016 \u2013 VIE EXTRATERRESTRE"],"inLanguage":"fr-FR"},{"@type":"WebPage","@id":"https:\/\/www.ac-am.fr\/index.php\/2016\/10\/20\/edgar-d-mitchell-de-la-nasa-a-raconte-que-les-e-t-prevenaient-lhomme\/","url":"https:\/\/www.ac-am.fr\/index.php\/2016\/10\/20\/edgar-d-mitchell-de-la-nasa-a-raconte-que-les-e-t-prevenaient-lhomme\/","name":"Edgar D. Mitchell de la NASA a racont\u00e9 que les E.T. pr\u00e9venaient l'homme ! - Autre Conscience, Autre Monde","isPartOf":{"@id":"https:\/\/www.ac-am.fr\/#website"},"primaryImageOfPage":{"@id":"https:\/\/www.ac-am.fr\/index.php\/2016\/10\/20\/edgar-d-mitchell-de-la-nasa-a-raconte-que-les-e-t-prevenaient-lhomme\/#primaryimage"},"image":{"@id":"https:\/\/www.ac-am.fr\/index.php\/2016\/10\/20\/edgar-d-mitchell-de-la-nasa-a-raconte-que-les-e-t-prevenaient-lhomme\/#primaryimage"},"thumbnailUrl":"http:\/\/www.ac-am.fr\/wp-content\/uploads\/2015\/09\/barre_vt.gif","datePublished":"2016-10-20T20:27:02+00:00","dateModified":"2017-04-11T21:35:43+00:00","breadcrumb":{"@id":"https:\/\/www.ac-am.fr\/index.php\/2016\/10\/20\/edgar-d-mitchell-de-la-nasa-a-raconte-que-les-e-t-prevenaient-lhomme\/#breadcrumb"},"inLanguage":"fr-FR","potentialAction":[{"@type":"ReadAction","target":["https:\/\/www.ac-am.fr\/index.php\/2016\/10\/20\/edgar-d-mitchell-de-la-nasa-a-raconte-que-les-e-t-prevenaient-lhomme\/"]}]},{"@type":"ImageObject","inLanguage":"fr-FR","@id":"https:\/\/www.ac-am.fr\/index.php\/2016\/10\/20\/edgar-d-mitchell-de-la-nasa-a-raconte-que-les-e-t-prevenaient-lhomme\/#primaryimage","url":"https:\/\/www.ac-am.fr\/wp-content\/uploads\/2015\/09\/barre_vt.gif","contentUrl":"https:\/\/www.ac-am.fr\/wp-content\/uploads\/2015\/09\/barre_vt.gif","width":550,"height":7,"caption":"Barre verte"},{"@type":"BreadcrumbList","@id":"https:\/\/www.ac-am.fr\/index.php\/2016\/10\/20\/edgar-d-mitchell-de-la-nasa-a-raconte-que-les-e-t-prevenaient-lhomme\/#breadcrumb","itemListElement":[{"@type":"ListItem","position":1,"name":"Accueil","item":"https:\/\/www.ac-am.fr\/"},{"@type":"ListItem","position":2,"name":"Edgar D. Mitchell de la NASA a racont\u00e9 que les E.T. pr\u00e9venaient l&rsquo;homme !"}]},{"@type":"WebSite","@id":"https:\/\/www.ac-am.fr\/#website","url":"https:\/\/www.ac-am.fr\/","name":"Autre Conscience, Autre Monde","description":"","publisher":{"@id":"https:\/\/www.ac-am.fr\/#organization"},"potentialAction":[{"@type":"SearchAction","target":{"@type":"EntryPoint","urlTemplate":"https:\/\/www.ac-am.fr\/?s={search_term_string}"},"query-input":{"@type":"PropertyValueSpecification","valueRequired":true,"valueName":"search_term_string"}}],"inLanguage":"fr-FR"},{"@type":"Organization","@id":"https:\/\/www.ac-am.fr\/#organization","name":"Autre Conscience, Autre Monde","url":"https:\/\/www.ac-am.fr\/","logo":{"@type":"ImageObject","inLanguage":"fr-FR","@id":"https:\/\/www.ac-am.fr\/#\/schema\/logo\/image\/","url":"https:\/\/www.ac-am.fr\/wp-content\/uploads\/2015\/10\/bd_ac_am.gif","contentUrl":"https:\/\/www.ac-am.fr\/wp-content\/uploads\/2015\/10\/bd_ac_am.gif","width":370,"height":65,"caption":"Autre Conscience, Autre Monde"},"image":{"@id":"https:\/\/www.ac-am.fr\/#\/schema\/logo\/image\/"},"sameAs":["https:\/\/fr-fr.facebook.com\/claude.acam\/","https:\/\/www.youtube.com\/user\/consciencemonde"]},{"@type":"Person","@id":"https:\/\/www.ac-am.fr\/#\/schema\/person\/f6920100a1eee321181b2d8606edb6ee","name":"Claude ACAM","image":{"@type":"ImageObject","inLanguage":"fr-FR","@id":"https:\/\/www.ac-am.fr\/#\/schema\/person\/image\/","url":"https:\/\/secure.gravatar.com\/avatar\/e09e4cf5d19c14eb87ca16e06420f2d1dfe3e8967072c4616fd0fdf3e8855650?s=96&d=identicon&r=g","contentUrl":"https:\/\/secure.gravatar.com\/avatar\/e09e4cf5d19c14eb87ca16e06420f2d1dfe3e8967072c4616fd0fdf3e8855650?s=96&d=identicon&r=g","caption":"Claude ACAM"},"sameAs":["http:\/\/www.ac-am.fr\/"],"url":"https:\/\/www.ac-am.fr\/index.php\/author\/claude-b\/"}]}},"_links":{"self":[{"href":"https:\/\/www.ac-am.fr\/index.php\/wp-json\/wp\/v2\/posts\/3665","targetHints":{"allow":["GET"]}}],"collection":[{"href":"https:\/\/www.ac-am.fr\/index.php\/wp-json\/wp\/v2\/posts"}],"about":[{"href":"https:\/\/www.ac-am.fr\/index.php\/wp-json\/wp\/v2\/types\/post"}],"author":[{"embeddable":true,"href":"https:\/\/www.ac-am.fr\/index.php\/wp-json\/wp\/v2\/users\/2"}],"replies":[{"embeddable":true,"href":"https:\/\/www.ac-am.fr\/index.php\/wp-json\/wp\/v2\/comments?post=3665"}],"version-history":[{"count":8,"href":"https:\/\/www.ac-am.fr\/index.php\/wp-json\/wp\/v2\/posts\/3665\/revisions"}],"predecessor-version":[{"id":4025,"href":"https:\/\/www.ac-am.fr\/index.php\/wp-json\/wp\/v2\/posts\/3665\/revisions\/4025"}],"wp:attachment":[{"href":"https:\/\/www.ac-am.fr\/index.php\/wp-json\/wp\/v2\/media?parent=3665"}],"wp:term":[{"taxonomy":"category","embeddable":true,"href":"https:\/\/www.ac-am.fr\/index.php\/wp-json\/wp\/v2\/categories?post=3665"},{"taxonomy":"post_tag","embeddable":true,"href":"https:\/\/www.ac-am.fr\/index.php\/wp-json\/wp\/v2\/tags?post=3665"}],"curies":[{"name":"wp","href":"https:\/\/api.w.org\/{rel}","templated":true}]}}