{"id":3817,"date":"1999-08-15T19:10:22","date_gmt":"1999-08-15T18:10:22","guid":{"rendered":"https:\/\/www.ac-am.fr\/?p=3817"},"modified":"2016-11-13T20:48:55","modified_gmt":"2016-11-13T19:48:55","slug":"vente-de-livres-lufologie","status":"publish","type":"post","link":"https:\/\/www.ac-am.fr\/index.php\/1999\/08\/15\/vente-de-livres-lufologie\/","title":{"rendered":"Vente de livres sur l&rsquo;Ufologie par Francis Valery."},"content":{"rendered":"<div id=\"bibliotheque\" style=\"background-attachment: fixed; border: 2px solid #000000; border-radius: 20px; opacity: 0.90;\">\n<table class=\"aligncenter\" style=\"width: 590px;\" border=\"0\">\n<tbody>\n<tr>\n<td><a name=\"ufologie_valery\"><\/a><span class=\"ggrand\">Vente de livres sur l&rsquo;Ufologie par Francis Valery.<\/span><\/td>\n<\/tr>\n<tr>\n<td><img decoding=\"async\" class=\"aligncenter\" src=\"http:\/\/www.ac-am.fr\/wp-content\/uploads\/2015\/09\/barre01.gif\" alt=\"\" border=\"0\" \/><\/td>\n<\/tr>\n<tr>\n<td style=\"text-align: left;\">\n<p><span class=\"gmoyen\"><img decoding=\"async\" src=\"http:\/\/www.ac-am.fr\/wp-content\/uploads\/2015\/09\/bal_bib1.gif\" alt=\"\" border=\"0\" \/> Quelques mots pour me pr\u00e9senter et pr\u00e9ciser ma d\u00e9marche. Je m&rsquo;appelle Francis Valery. Je suis \u00e9crivain. J&rsquo;ai publi\u00e9 une quarantaine de livres &#8211; dont une dizaine d&rsquo;ouvrages de r\u00e9f\u00e9rence sur les s\u00e9ries TV (Les Envahisseurs, V, X-Files, etc), en particulier dans la collection, que j&rsquo;ai \u00e9galement dirig\u00e9e, Les Guides du T\u00e9l\u00e9fan ; j&rsquo;ai \u00e9galement publi\u00e9 un essai sur Bob Morane, un autre sur le Saint, une dizaine de romans et recueils de nouvelles, quelques tonnes (!) d&rsquo;articles sur la SF, le cin\u00e9ma, la BD, etc.<\/span><\/p>\n<p><span class=\"gmoyen\"><img decoding=\"async\" src=\"http:\/\/www.ac-am.fr\/wp-content\/uploads\/2015\/09\/bal_bib1.gif\" alt=\"\" border=\"0\" \/> Actuellement je publie chez Magnard des livres fantastiques pour la jeunesse et mon prochain roman \u00ab\u00a0adulte\u00a0\u00bb sort chez Denoel en janvier, dans la collection de SF \u00ab\u00a0pr\u00e9sence du futur\u00a0\u00bb.<\/span><\/p>\n<p><span class=\"gmoyen\"><img decoding=\"async\" src=\"http:\/\/www.ac-am.fr\/wp-content\/uploads\/2015\/09\/bal_bib1.gif\" alt=\"\" border=\"0\" \/> Pour diverses raisons personnelles, je suis amen\u00e9 \u00e0 vendre une bonne partie de ma biblioth\u00e8que (environ cinq mille bouquins). Je compte essayer de faire des petites listes th\u00e9matiques et par centres d&rsquo;int\u00e9r\u00eat ; puis essayer de faire parvenir ces listes aux gens les plus \u00ab\u00a0concern\u00e9s\u00a0\u00bb. Ma biblioth\u00e8que &#8211; \u00e0 part la partie litt\u00e9rature, fantastique, BD qui est \u00ab\u00a0pour le plaisir\u00a0\u00bb &#8211; est avant tout une biblioth\u00e8que de travail \/ de r\u00e9f\u00e9rence : un outil constitu\u00e9 au fil des ann\u00e9es, qui m&rsquo;a servi \u00e0 \u00e9crire mes livres, mes articles, etc.<\/span><\/p>\n<p><span class=\"gmoyen\"><img decoding=\"async\" src=\"http:\/\/www.ac-am.fr\/wp-content\/uploads\/2015\/09\/bal_bib1.gif\" alt=\"\" border=\"0\" \/> J&rsquo;aimerais autant qu&rsquo;elle ne soit pas trop dispers\u00e9e et que les ouvrages (revues, dossiers constitu\u00e9s, etc), aillent, si possible, \u00e0 des gens susceptibles de s&rsquo;en servir \u00e0 nouveau &#8211; plut\u00f4t qu&rsquo;\u00e0 de simples collectionneurs (que je respecte, l\u00e0 n&rsquo;est pas le probl\u00e8me, mais ils ont parfois tendance \u00e0 enfermer les livres, \u00e0 les bloquer, alors qu&rsquo;ils pourraient \u00ab\u00a0servir\u00a0\u00bb).<\/span><\/p>\n<p><span class=\"gmoyen\"><img decoding=\"async\" src=\"http:\/\/www.ac-am.fr\/wp-content\/uploads\/2015\/09\/bal_bib1.gif\" alt=\"\" border=\"0\" \/> La liste des ouvrages et les modalit\u00e9s de vente sont disponibles sur le fichier que vous pouvez t\u00e9l\u00e9charger ci-dessous.<\/span><\/p>\n<p><span class=\"gmoyen\"><a href=\"http:\/\/www.ac-am.fr\/wp-content\/pdf\/Ufologie-aout_1999.pdf\" target=\"_blank\"><img loading=\"lazy\" decoding=\"async\" src=\"http:\/\/www.ac-am.fr\/wp-content\/uploads\/2016\/08\/chien.gif\" width=\"53\" height=\"65\" align=\"MIDDLE\" border=\"0\" hspace=\"5\" \/>[Ufologie-aout_1999.pdf (8Ko)]<\/a> (format .pdf)<\/span><\/p>\n<p><span class=\"gmoyen\">[<a href=\"boites.htm#Francis01_V\">Francis Valery. &#8211; le 15-08-99<\/a>]<\/span><\/p>\n<\/td>\n<\/tr>\n<\/tbody>\n<\/table>\n<\/div>\n<div style=\"padding-bottom:20px; padding-top:10px;\" class=\"hupso-share-buttons\"><!-- Hupso Share Buttons - https:\/\/www.hupso.com\/share\/ --><a class=\"hupso_toolbar\" href=\"https:\/\/www.hupso.com\/share\/\"><img decoding=\"async\" src=\"https:\/\/static.hupso.com\/share\/buttons\/lang\/fr\/share.png\" style=\"border:0px; padding-top: 5px; float:left;\" alt=\"Share Button\"\/><\/a><script type=\"text\/javascript\">var hupso_services_t=new Array(\"Twitter\",\"Facebook\",\"Google Plus\");var hupso_background_t=\"#EAF4FF\";var hupso_border_t=\"#66CCFF\";var hupso_toolbar_size_t=\"big\";var hupso_image_folder_url = \"\";var hupso_url_t=\"\";var hupso_title_t=\"Vente%20de%20livres%20sur%20l%27Ufologie%20par%20Francis%20Valery.\";<\/script><script type=\"text\/javascript\" src=\"https:\/\/static.hupso.com\/share\/js\/share_toolbar.js\"><\/script><!-- Hupso Share Buttons --><\/div>","protected":false},"excerpt":{"rendered":"<p>Vente de livres sur l&rsquo;Ufologie par Francis Valery. Quelques mots pour me pr\u00e9senter et pr\u00e9ciser&#8230;<\/p>\n","protected":false},"author":1,"featured_media":0,"comment_status":"closed","ping_status":"open","sticky":false,"template":"","format":"standard","meta":{"footnotes":""},"categories":[297],"tags":[],"class_list":["post-3817","post","type-post","status-publish","format-standard","hentry","category-avis-conseils-et-lectures"],"yoast_head":"<!-- This site is optimized with the Yoast SEO plugin v26.9 - https:\/\/yoast.com\/product\/yoast-seo-wordpress\/ -->\n<title>Vente de livres sur l&#039;Ufologie par Francis Valery. - Autre Conscience, Autre Monde<\/title>\n<meta name=\"robots\" content=\"index, follow, max-snippet:-1, max-image-preview:large, max-video-preview:-1\" \/>\n<link rel=\"canonical\" href=\"https:\/\/www.ac-am.fr\/index.php\/1999\/08\/15\/vente-de-livres-lufologie\/\" \/>\n<meta property=\"og:locale\" content=\"fr_FR\" \/>\n<meta property=\"og:type\" content=\"article\" \/>\n<meta property=\"og:title\" content=\"Vente de livres sur l&#039;Ufologie par Francis Valery. - Autre Conscience, Autre Monde\" \/>\n<meta property=\"og:description\" content=\"Vente de livres sur l&rsquo;Ufologie par Francis Valery. Quelques mots pour me pr\u00e9senter et pr\u00e9ciser...\" \/>\n<meta property=\"og:url\" content=\"https:\/\/www.ac-am.fr\/index.php\/1999\/08\/15\/vente-de-livres-lufologie\/\" \/>\n<meta property=\"og:site_name\" content=\"Autre Conscience, Autre Monde\" \/>\n<meta property=\"article:publisher\" content=\"https:\/\/fr-fr.facebook.com\/claude.acam\/\" \/>\n<meta property=\"article:published_time\" content=\"1999-08-15T18:10:22+00:00\" \/>\n<meta property=\"article:modified_time\" content=\"2016-11-13T19:48:55+00:00\" \/>\n<meta property=\"og:image\" content=\"http:\/\/www.ac-am.fr\/wp-content\/uploads\/2015\/09\/barre01.gif\" \/>\n<meta name=\"author\" content=\"Jupiter\" \/>\n<meta name=\"twitter:card\" content=\"summary_large_image\" \/>\n<meta name=\"twitter:label1\" content=\"\u00c9crit par\" \/>\n\t<meta name=\"twitter:data1\" content=\"Jupiter\" \/>\n\t<meta name=\"twitter:label2\" content=\"Dur\u00e9e de lecture estim\u00e9e\" \/>\n\t<meta name=\"twitter:data2\" content=\"2 minutes\" \/>\n<script type=\"application\/ld+json\" class=\"yoast-schema-graph\">{\"@context\":\"https:\/\/schema.org\",\"@graph\":[{\"@type\":\"Article\",\"@id\":\"https:\/\/www.ac-am.fr\/index.php\/1999\/08\/15\/vente-de-livres-lufologie\/#article\",\"isPartOf\":{\"@id\":\"https:\/\/www.ac-am.fr\/index.php\/1999\/08\/15\/vente-de-livres-lufologie\/\"},\"author\":{\"name\":\"Jupiter\",\"@id\":\"https:\/\/www.ac-am.fr\/#\/schema\/person\/29422e9df875986c42a1060d0eee5f89\"},\"headline\":\"Vente de livres sur l&rsquo;Ufologie par Francis Valery.\",\"datePublished\":\"1999-08-15T18:10:22+00:00\",\"dateModified\":\"2016-11-13T19:48:55+00:00\",\"mainEntityOfPage\":{\"@id\":\"https:\/\/www.ac-am.fr\/index.php\/1999\/08\/15\/vente-de-livres-lufologie\/\"},\"wordCount\":339,\"publisher\":{\"@id\":\"https:\/\/www.ac-am.fr\/#organization\"},\"image\":{\"@id\":\"https:\/\/www.ac-am.fr\/index.php\/1999\/08\/15\/vente-de-livres-lufologie\/#primaryimage\"},\"thumbnailUrl\":\"http:\/\/www.ac-am.fr\/wp-content\/uploads\/2015\/09\/barre01.gif\",\"articleSection\":[\"Avis, Conseils et Lectures\"],\"inLanguage\":\"fr-FR\"},{\"@type\":\"WebPage\",\"@id\":\"https:\/\/www.ac-am.fr\/index.php\/1999\/08\/15\/vente-de-livres-lufologie\/\",\"url\":\"https:\/\/www.ac-am.fr\/index.php\/1999\/08\/15\/vente-de-livres-lufologie\/\",\"name\":\"Vente de livres sur l'Ufologie par Francis Valery. - Autre Conscience, Autre Monde\",\"isPartOf\":{\"@id\":\"https:\/\/www.ac-am.fr\/#website\"},\"primaryImageOfPage\":{\"@id\":\"https:\/\/www.ac-am.fr\/index.php\/1999\/08\/15\/vente-de-livres-lufologie\/#primaryimage\"},\"image\":{\"@id\":\"https:\/\/www.ac-am.fr\/index.php\/1999\/08\/15\/vente-de-livres-lufologie\/#primaryimage\"},\"thumbnailUrl\":\"http:\/\/www.ac-am.fr\/wp-content\/uploads\/2015\/09\/barre01.gif\",\"datePublished\":\"1999-08-15T18:10:22+00:00\",\"dateModified\":\"2016-11-13T19:48:55+00:00\",\"breadcrumb\":{\"@id\":\"https:\/\/www.ac-am.fr\/index.php\/1999\/08\/15\/vente-de-livres-lufologie\/#breadcrumb\"},\"inLanguage\":\"fr-FR\",\"potentialAction\":[{\"@type\":\"ReadAction\",\"target\":[\"https:\/\/www.ac-am.fr\/index.php\/1999\/08\/15\/vente-de-livres-lufologie\/\"]}]},{\"@type\":\"ImageObject\",\"inLanguage\":\"fr-FR\",\"@id\":\"https:\/\/www.ac-am.fr\/index.php\/1999\/08\/15\/vente-de-livres-lufologie\/#primaryimage\",\"url\":\"https:\/\/www.ac-am.fr\/wp-content\/uploads\/2015\/09\/barre01.gif\",\"contentUrl\":\"https:\/\/www.ac-am.fr\/wp-content\/uploads\/2015\/09\/barre01.gif\",\"width\":550,\"height\":7,\"caption\":\"Barre couleur argent\"},{\"@type\":\"BreadcrumbList\",\"@id\":\"https:\/\/www.ac-am.fr\/index.php\/1999\/08\/15\/vente-de-livres-lufologie\/#breadcrumb\",\"itemListElement\":[{\"@type\":\"ListItem\",\"position\":1,\"name\":\"Accueil\",\"item\":\"https:\/\/www.ac-am.fr\/\"},{\"@type\":\"ListItem\",\"position\":2,\"name\":\"Vente de livres sur l&rsquo;Ufologie par Francis Valery.\"}]},{\"@type\":\"WebSite\",\"@id\":\"https:\/\/www.ac-am.fr\/#website\",\"url\":\"https:\/\/www.ac-am.fr\/\",\"name\":\"Autre Conscience, Autre Monde\",\"description\":\"\",\"publisher\":{\"@id\":\"https:\/\/www.ac-am.fr\/#organization\"},\"potentialAction\":[{\"@type\":\"SearchAction\",\"target\":{\"@type\":\"EntryPoint\",\"urlTemplate\":\"https:\/\/www.ac-am.fr\/?s={search_term_string}\"},\"query-input\":{\"@type\":\"PropertyValueSpecification\",\"valueRequired\":true,\"valueName\":\"search_term_string\"}}],\"inLanguage\":\"fr-FR\"},{\"@type\":\"Organization\",\"@id\":\"https:\/\/www.ac-am.fr\/#organization\",\"name\":\"Autre Conscience, Autre Monde\",\"url\":\"https:\/\/www.ac-am.fr\/\",\"logo\":{\"@type\":\"ImageObject\",\"inLanguage\":\"fr-FR\",\"@id\":\"https:\/\/www.ac-am.fr\/#\/schema\/logo\/image\/\",\"url\":\"https:\/\/www.ac-am.fr\/wp-content\/uploads\/2015\/10\/bd_ac_am.gif\",\"contentUrl\":\"https:\/\/www.ac-am.fr\/wp-content\/uploads\/2015\/10\/bd_ac_am.gif\",\"width\":370,\"height\":65,\"caption\":\"Autre Conscience, Autre Monde\"},\"image\":{\"@id\":\"https:\/\/www.ac-am.fr\/#\/schema\/logo\/image\/\"},\"sameAs\":[\"https:\/\/fr-fr.facebook.com\/claude.acam\/\",\"https:\/\/www.youtube.com\/user\/consciencemonde\"]},{\"@type\":\"Person\",\"@id\":\"https:\/\/www.ac-am.fr\/#\/schema\/person\/29422e9df875986c42a1060d0eee5f89\",\"name\":\"Jupiter\",\"image\":{\"@type\":\"ImageObject\",\"inLanguage\":\"fr-FR\",\"@id\":\"https:\/\/www.ac-am.fr\/#\/schema\/person\/image\/\",\"url\":\"https:\/\/secure.gravatar.com\/avatar\/70703480c6cb33b9fbf7d4f0ab086cc57a26617a733df2c086d76758da6ac7aa?s=96&d=identicon&r=g\",\"contentUrl\":\"https:\/\/secure.gravatar.com\/avatar\/70703480c6cb33b9fbf7d4f0ab086cc57a26617a733df2c086d76758da6ac7aa?s=96&d=identicon&r=g\",\"caption\":\"Jupiter\"},\"url\":\"https:\/\/www.ac-am.fr\/index.php\/author\/acam\/\"}]}<\/script>\n<!-- \/ Yoast SEO plugin. -->","yoast_head_json":{"title":"Vente de livres sur l'Ufologie par Francis Valery. - Autre Conscience, Autre Monde","robots":{"index":"index","follow":"follow","max-snippet":"max-snippet:-1","max-image-preview":"max-image-preview:large","max-video-preview":"max-video-preview:-1"},"canonical":"https:\/\/www.ac-am.fr\/index.php\/1999\/08\/15\/vente-de-livres-lufologie\/","og_locale":"fr_FR","og_type":"article","og_title":"Vente de livres sur l'Ufologie par Francis Valery. - Autre Conscience, Autre Monde","og_description":"Vente de livres sur l&rsquo;Ufologie par Francis Valery. Quelques mots pour me pr\u00e9senter et pr\u00e9ciser...","og_url":"https:\/\/www.ac-am.fr\/index.php\/1999\/08\/15\/vente-de-livres-lufologie\/","og_site_name":"Autre Conscience, Autre Monde","article_publisher":"https:\/\/fr-fr.facebook.com\/claude.acam\/","article_published_time":"1999-08-15T18:10:22+00:00","article_modified_time":"2016-11-13T19:48:55+00:00","og_image":[{"url":"http:\/\/www.ac-am.fr\/wp-content\/uploads\/2015\/09\/barre01.gif","type":"","width":"","height":""}],"author":"Jupiter","twitter_card":"summary_large_image","twitter_misc":{"\u00c9crit par":"Jupiter","Dur\u00e9e de lecture estim\u00e9e":"2 minutes"},"schema":{"@context":"https:\/\/schema.org","@graph":[{"@type":"Article","@id":"https:\/\/www.ac-am.fr\/index.php\/1999\/08\/15\/vente-de-livres-lufologie\/#article","isPartOf":{"@id":"https:\/\/www.ac-am.fr\/index.php\/1999\/08\/15\/vente-de-livres-lufologie\/"},"author":{"name":"Jupiter","@id":"https:\/\/www.ac-am.fr\/#\/schema\/person\/29422e9df875986c42a1060d0eee5f89"},"headline":"Vente de livres sur l&rsquo;Ufologie par Francis Valery.","datePublished":"1999-08-15T18:10:22+00:00","dateModified":"2016-11-13T19:48:55+00:00","mainEntityOfPage":{"@id":"https:\/\/www.ac-am.fr\/index.php\/1999\/08\/15\/vente-de-livres-lufologie\/"},"wordCount":339,"publisher":{"@id":"https:\/\/www.ac-am.fr\/#organization"},"image":{"@id":"https:\/\/www.ac-am.fr\/index.php\/1999\/08\/15\/vente-de-livres-lufologie\/#primaryimage"},"thumbnailUrl":"http:\/\/www.ac-am.fr\/wp-content\/uploads\/2015\/09\/barre01.gif","articleSection":["Avis, Conseils et Lectures"],"inLanguage":"fr-FR"},{"@type":"WebPage","@id":"https:\/\/www.ac-am.fr\/index.php\/1999\/08\/15\/vente-de-livres-lufologie\/","url":"https:\/\/www.ac-am.fr\/index.php\/1999\/08\/15\/vente-de-livres-lufologie\/","name":"Vente de livres sur l'Ufologie par Francis Valery. - Autre Conscience, Autre Monde","isPartOf":{"@id":"https:\/\/www.ac-am.fr\/#website"},"primaryImageOfPage":{"@id":"https:\/\/www.ac-am.fr\/index.php\/1999\/08\/15\/vente-de-livres-lufologie\/#primaryimage"},"image":{"@id":"https:\/\/www.ac-am.fr\/index.php\/1999\/08\/15\/vente-de-livres-lufologie\/#primaryimage"},"thumbnailUrl":"http:\/\/www.ac-am.fr\/wp-content\/uploads\/2015\/09\/barre01.gif","datePublished":"1999-08-15T18:10:22+00:00","dateModified":"2016-11-13T19:48:55+00:00","breadcrumb":{"@id":"https:\/\/www.ac-am.fr\/index.php\/1999\/08\/15\/vente-de-livres-lufologie\/#breadcrumb"},"inLanguage":"fr-FR","potentialAction":[{"@type":"ReadAction","target":["https:\/\/www.ac-am.fr\/index.php\/1999\/08\/15\/vente-de-livres-lufologie\/"]}]},{"@type":"ImageObject","inLanguage":"fr-FR","@id":"https:\/\/www.ac-am.fr\/index.php\/1999\/08\/15\/vente-de-livres-lufologie\/#primaryimage","url":"https:\/\/www.ac-am.fr\/wp-content\/uploads\/2015\/09\/barre01.gif","contentUrl":"https:\/\/www.ac-am.fr\/wp-content\/uploads\/2015\/09\/barre01.gif","width":550,"height":7,"caption":"Barre couleur argent"},{"@type":"BreadcrumbList","@id":"https:\/\/www.ac-am.fr\/index.php\/1999\/08\/15\/vente-de-livres-lufologie\/#breadcrumb","itemListElement":[{"@type":"ListItem","position":1,"name":"Accueil","item":"https:\/\/www.ac-am.fr\/"},{"@type":"ListItem","position":2,"name":"Vente de livres sur l&rsquo;Ufologie par Francis Valery."}]},{"@type":"WebSite","@id":"https:\/\/www.ac-am.fr\/#website","url":"https:\/\/www.ac-am.fr\/","name":"Autre Conscience, Autre Monde","description":"","publisher":{"@id":"https:\/\/www.ac-am.fr\/#organization"},"potentialAction":[{"@type":"SearchAction","target":{"@type":"EntryPoint","urlTemplate":"https:\/\/www.ac-am.fr\/?s={search_term_string}"},"query-input":{"@type":"PropertyValueSpecification","valueRequired":true,"valueName":"search_term_string"}}],"inLanguage":"fr-FR"},{"@type":"Organization","@id":"https:\/\/www.ac-am.fr\/#organization","name":"Autre Conscience, Autre Monde","url":"https:\/\/www.ac-am.fr\/","logo":{"@type":"ImageObject","inLanguage":"fr-FR","@id":"https:\/\/www.ac-am.fr\/#\/schema\/logo\/image\/","url":"https:\/\/www.ac-am.fr\/wp-content\/uploads\/2015\/10\/bd_ac_am.gif","contentUrl":"https:\/\/www.ac-am.fr\/wp-content\/uploads\/2015\/10\/bd_ac_am.gif","width":370,"height":65,"caption":"Autre Conscience, Autre Monde"},"image":{"@id":"https:\/\/www.ac-am.fr\/#\/schema\/logo\/image\/"},"sameAs":["https:\/\/fr-fr.facebook.com\/claude.acam\/","https:\/\/www.youtube.com\/user\/consciencemonde"]},{"@type":"Person","@id":"https:\/\/www.ac-am.fr\/#\/schema\/person\/29422e9df875986c42a1060d0eee5f89","name":"Jupiter","image":{"@type":"ImageObject","inLanguage":"fr-FR","@id":"https:\/\/www.ac-am.fr\/#\/schema\/person\/image\/","url":"https:\/\/secure.gravatar.com\/avatar\/70703480c6cb33b9fbf7d4f0ab086cc57a26617a733df2c086d76758da6ac7aa?s=96&d=identicon&r=g","contentUrl":"https:\/\/secure.gravatar.com\/avatar\/70703480c6cb33b9fbf7d4f0ab086cc57a26617a733df2c086d76758da6ac7aa?s=96&d=identicon&r=g","caption":"Jupiter"},"url":"https:\/\/www.ac-am.fr\/index.php\/author\/acam\/"}]}},"_links":{"self":[{"href":"https:\/\/www.ac-am.fr\/index.php\/wp-json\/wp\/v2\/posts\/3817","targetHints":{"allow":["GET"]}}],"collection":[{"href":"https:\/\/www.ac-am.fr\/index.php\/wp-json\/wp\/v2\/posts"}],"about":[{"href":"https:\/\/www.ac-am.fr\/index.php\/wp-json\/wp\/v2\/types\/post"}],"author":[{"embeddable":true,"href":"https:\/\/www.ac-am.fr\/index.php\/wp-json\/wp\/v2\/users\/1"}],"replies":[{"embeddable":true,"href":"https:\/\/www.ac-am.fr\/index.php\/wp-json\/wp\/v2\/comments?post=3817"}],"version-history":[{"count":3,"href":"https:\/\/www.ac-am.fr\/index.php\/wp-json\/wp\/v2\/posts\/3817\/revisions"}],"predecessor-version":[{"id":3819,"href":"https:\/\/www.ac-am.fr\/index.php\/wp-json\/wp\/v2\/posts\/3817\/revisions\/3819"}],"wp:attachment":[{"href":"https:\/\/www.ac-am.fr\/index.php\/wp-json\/wp\/v2\/media?parent=3817"}],"wp:term":[{"taxonomy":"category","embeddable":true,"href":"https:\/\/www.ac-am.fr\/index.php\/wp-json\/wp\/v2\/categories?post=3817"},{"taxonomy":"post_tag","embeddable":true,"href":"https:\/\/www.ac-am.fr\/index.php\/wp-json\/wp\/v2\/tags?post=3817"}],"curies":[{"name":"wp","href":"https:\/\/api.w.org\/{rel}","templated":true}]}}