{"id":3824,"date":"1999-09-28T19:47:29","date_gmt":"1999-09-28T18:47:29","guid":{"rendered":"https:\/\/www.ac-am.fr\/?p=3824"},"modified":"2019-01-19T10:39:42","modified_gmt":"2019-01-19T09:39:42","slug":"temps-de-reflexion","status":"publish","type":"post","link":"https:\/\/www.ac-am.fr\/index.php\/1999\/09\/28\/temps-de-reflexion\/","title":{"rendered":"Le temps de la r\u00e9flexion."},"content":{"rendered":"<div id=\"energies\" style=\"background-attachment: fixed; border: 2px solid #FF9900; border-radius: 10px; opacity: 0.90; width: 600px;\">\n<table class=\"aligncenter\" style=\"width: 600px;\" border=\"0\">\n<tbody>\n<tr>\n<td>\n<table class=\"aligncenter\" style=\"width: 567px; height: 190px;\" border=\"0\">\n<tbody>\n<tr>\n<td><img decoding=\"async\" class=\"aligncenter\" src=\"https:\/\/www.ac-am.fr\/wp-content\/uploads\/2015\/09\/barre_vt.gif\" alt=\"\" border=\"0\"><\/td>\n<\/tr>\n<tr>\n<td style=\"text-align: left;\"><img loading=\"lazy\" decoding=\"async\" src=\"https:\/\/www.ac-am.fr\/wp-content\/uploads\/2015\/09\/rete3re.gif\" alt=\"R\u00e9flexions et T\u00e9moignages\" width=\"380\" height=\"100\" border=\"0\"><img loading=\"lazy\" decoding=\"async\" src=\"https:\/\/www.ac-am.fr\/wp-content\/uploads\/2015\/10\/cal1999.gif\" alt=\"Ann\u00e9e 1999\" width=\"150\" height=\"100\" border=\"0\"><\/td>\n<\/tr>\n<tr>\n<td><img decoding=\"async\" class=\"aligncenter\" src=\"https:\/\/www.ac-am.fr\/wp-content\/uploads\/2015\/09\/barre_vt.gif\" alt=\"\" border=\"0\"><\/td>\n<\/tr>\n<\/tbody>\n<\/table>\n<table class=\"aligncenter\" style=\"width: 590px;\" border=\"0\">\n<tbody>\n<tr>\n<td><a name=\"temps_reflexion\"><\/a><b class=\"ntitre1\">Le temps de la r\u00e9flexion.<\/b><\/td>\n<\/tr>\n<tr>\n<td colspan=\"2\"><img decoding=\"async\" class=\"aligncenter\" src=\"https:\/\/www.ac-am.fr\/wp-content\/uploads\/2015\/09\/barre_vt.gif\" alt=\"\" border=\"0\"><\/td>\n<\/tr>\n<tr>\n<td style=\"text-align: left;\" colspan=\"2\"><span class=\"gmoyen\"><img decoding=\"async\" src=\"https:\/\/www.ac-am.fr\/wp-content\/uploads\/2015\/09\/balle02.gif\" alt=\"\" border=\"0\"> En cette p\u00e9riode d&rsquo;automne o\u00f9 les arbres perdent leurs feuilles, les humains doivent faire de m\u00eame et perdre leurs illusions, et en parlant d&rsquo;illusion en voici une de taille : <a href=\"https:\/\/www.ac-am.fr\/index.php\/1999\/08\/09\/eclipse-du-11-aout-et-apocalypse\/\" target=\"_self\">l&rsquo;\u00e9clipse<\/a> du 11 ao\u00fbt. Qui ne s&rsquo;est pas extasi\u00e9, la t\u00eate tourn\u00e9e vers le ciel ?<\/span><\/p>\n<p><span class=\"gmoyen\"><img decoding=\"async\" src=\"https:\/\/www.ac-am.fr\/wp-content\/uploads\/2015\/09\/balle02.gif\" alt=\"\" border=\"0\"> R\u00e9fl\u00e9chissons un peu : le soleil c&rsquo;est la vie, l&rsquo;\u00e9clipse du soleil cache la lumi\u00e8re et donc c&rsquo;est l&rsquo;ombre qui r\u00e8gne. En plus cela se passe en plein mois d&rsquo;ao\u00fbt, au moment o\u00f9 les \u00e9nergies sont les plus denses. Si comme moi vous avez ressenti une impression bizarre, d\u00e9sagr\u00e9able, peut-\u00eatre vous \u00eates vous interrog\u00e9 sur la signification de ce moment particulier ?<\/span><\/p>\n<p><span class=\"gmoyen\"><img decoding=\"async\" src=\"https:\/\/www.ac-am.fr\/wp-content\/uploads\/2015\/09\/balle02.gif\" alt=\"\" border=\"0\"> Pour illustrer cela voici un t\u00e9moignage du scientifique-astronaute, Jean-pierre Haigner\u00e9 paru dans le monde du 13\/08\/99 : \u00a0\u00bb Vue de la station spatiale Mir qui, l&rsquo;a survol\u00e9e \u00e0 deux reprises &#8211; au-dessus de Cherbourg, vers midi, puis de l&rsquo;Inde, vers 15 heures, l&rsquo;\u00e9clipse se pr\u00e9sentait comme une tache noire longue d&rsquo;environ 150 km.<\/span><\/p>\n<p><span class=\"gmoyen\"><img decoding=\"async\" src=\"https:\/\/www.ac-am.fr\/wp-content\/uploads\/2015\/09\/balle02.gif\" alt=\"\" border=\"0\"> Le fran\u00e7ais Jean-Pierre Haigner\u00e9, qui s\u00e9journe \u00e0 bord de Mir depuis le 22 f\u00e9vrier, l&rsquo;a compar\u00e9e \u00e0 \u00ab\u00a0un doigt noir pos\u00e9 sur la Terre comme un doigt de sorci\u00e8re. C&rsquo;est pour le moins inhabituel et assez d\u00e9sagr\u00e9able, a-t-il ajout\u00e9, lors d&rsquo;une liaison radio. Dans l&rsquo;espace, cette couleur laisse une impression assez n\u00e9gative. Cela nous remet \u00e0 notre dimension par rapport \u00e0 l&rsquo;\u00e9chelle de ces ph\u00e9nom\u00e8nes cosmiques. On voit tr\u00e8s bien, si on se croit les rois quand on a le nez au ras du bitume, que nous ne sommes que des fourmis. Cela devrait nous amener \u00e0 quelque humilit\u00e9, probablement\u00a0\u00bb.<\/span><\/p>\n<p><span class=\"gmoyen\"><img decoding=\"async\" src=\"https:\/\/www.ac-am.fr\/wp-content\/uploads\/2015\/09\/balle02.gif\" alt=\"\" border=\"0\"> Tout ceci me laisse, comme une impression de m&rsquo;\u00eatre fait avoir. Par manque de discernement. D\u00e9sormais avant de suivre ce que les m\u00e9dias et la masse veulent nous faire avaler, je ferais appel \u00e0 mon intuition.<\/span><\/p>\n<p><span class=\"gmoyen\">[<span style=\"color: #ffffdd;\">Fran\u00e7ois B. &#8211; le 28-09-99<\/span>]<\/span><\/td>\n<\/tr>\n<\/tbody>\n<\/table>\n<\/td>\n<\/tr>\n<\/tbody>\n<\/table>\n<\/div>\n<div style=\"padding-bottom:20px; padding-top:10px;\" class=\"hupso-share-buttons\"><!-- Hupso Share Buttons - https:\/\/www.hupso.com\/share\/ --><a class=\"hupso_toolbar\" href=\"https:\/\/www.hupso.com\/share\/\"><img decoding=\"async\" src=\"https:\/\/static.hupso.com\/share\/buttons\/lang\/fr\/share.png\" style=\"border:0px; padding-top: 5px; float:left;\" alt=\"Share Button\"\/><\/a><script type=\"text\/javascript\">var hupso_services_t=new Array(\"Twitter\",\"Facebook\",\"Google Plus\");var hupso_background_t=\"#EAF4FF\";var hupso_border_t=\"#66CCFF\";var hupso_toolbar_size_t=\"big\";var hupso_image_folder_url = \"\";var hupso_url_t=\"\";var hupso_title_t=\"Le%20temps%20de%20la%20r%C3%A9flexion.\";<\/script><script type=\"text\/javascript\" src=\"https:\/\/static.hupso.com\/share\/js\/share_toolbar.js\"><\/script><!-- Hupso Share Buttons --><\/div>","protected":false},"excerpt":{"rendered":"<p>Le temps de la r\u00e9flexion. En cette p\u00e9riode d&rsquo;automne o\u00f9 les arbres perdent leurs feuilles,&#8230;<\/p>\n","protected":false},"author":18,"featured_media":0,"comment_status":"closed","ping_status":"open","sticky":false,"template":"","format":"standard","meta":{"footnotes":""},"categories":[13],"tags":[],"class_list":["post-3824","post","type-post","status-publish","format-standard","hentry","category-1999-3-regnes-et-aux-energies"],"yoast_head":"<!-- This site is optimized with the Yoast SEO plugin v26.9 - https:\/\/yoast.com\/product\/yoast-seo-wordpress\/ -->\n<title>Le temps de la r\u00e9flexion. - Autre Conscience, Autre Monde<\/title>\n<meta name=\"robots\" content=\"index, follow, max-snippet:-1, max-image-preview:large, max-video-preview:-1\" \/>\n<link rel=\"canonical\" href=\"https:\/\/www.ac-am.fr\/index.php\/1999\/09\/28\/temps-de-reflexion\/\" \/>\n<meta property=\"og:locale\" content=\"fr_FR\" \/>\n<meta property=\"og:type\" content=\"article\" \/>\n<meta property=\"og:title\" content=\"Le temps de la r\u00e9flexion. - Autre Conscience, Autre Monde\" \/>\n<meta property=\"og:description\" content=\"Le temps de la r\u00e9flexion. En cette p\u00e9riode d&rsquo;automne o\u00f9 les arbres perdent leurs feuilles,...\" \/>\n<meta property=\"og:url\" content=\"https:\/\/www.ac-am.fr\/index.php\/1999\/09\/28\/temps-de-reflexion\/\" \/>\n<meta property=\"og:site_name\" content=\"Autre Conscience, Autre Monde\" \/>\n<meta property=\"article:publisher\" content=\"https:\/\/fr-fr.facebook.com\/claude.acam\/\" \/>\n<meta property=\"article:published_time\" content=\"1999-09-28T18:47:29+00:00\" \/>\n<meta property=\"article:modified_time\" content=\"2019-01-19T09:39:42+00:00\" \/>\n<meta property=\"og:image\" content=\"https:\/\/www.ac-am.fr\/wp-content\/uploads\/2015\/09\/barre_vt.gif\" \/>\n<meta name=\"author\" content=\"Francois B.\" \/>\n<meta name=\"twitter:card\" content=\"summary_large_image\" \/>\n<meta name=\"twitter:label1\" content=\"\u00c9crit par\" \/>\n\t<meta name=\"twitter:data1\" content=\"Francois B.\" \/>\n\t<meta name=\"twitter:label2\" content=\"Dur\u00e9e de lecture estim\u00e9e\" \/>\n\t<meta name=\"twitter:data2\" content=\"2 minutes\" \/>\n<script type=\"application\/ld+json\" class=\"yoast-schema-graph\">{\"@context\":\"https:\/\/schema.org\",\"@graph\":[{\"@type\":\"Article\",\"@id\":\"https:\/\/www.ac-am.fr\/index.php\/1999\/09\/28\/temps-de-reflexion\/#article\",\"isPartOf\":{\"@id\":\"https:\/\/www.ac-am.fr\/index.php\/1999\/09\/28\/temps-de-reflexion\/\"},\"author\":{\"name\":\"Francois B.\",\"@id\":\"https:\/\/www.ac-am.fr\/#\/schema\/person\/a27d92a78a52784063ed106b428a8408\"},\"headline\":\"Le temps de la r\u00e9flexion.\",\"datePublished\":\"1999-09-28T18:47:29+00:00\",\"dateModified\":\"2019-01-19T09:39:42+00:00\",\"mainEntityOfPage\":{\"@id\":\"https:\/\/www.ac-am.fr\/index.php\/1999\/09\/28\/temps-de-reflexion\/\"},\"wordCount\":346,\"publisher\":{\"@id\":\"https:\/\/www.ac-am.fr\/#organization\"},\"image\":{\"@id\":\"https:\/\/www.ac-am.fr\/index.php\/1999\/09\/28\/temps-de-reflexion\/#primaryimage\"},\"thumbnailUrl\":\"https:\/\/www.ac-am.fr\/wp-content\/uploads\/2015\/09\/barre_vt.gif\",\"articleSection\":[\"1999 \u2013 3 R\u00c8GNES et aux \u00c9NERGIES\"],\"inLanguage\":\"fr-FR\"},{\"@type\":\"WebPage\",\"@id\":\"https:\/\/www.ac-am.fr\/index.php\/1999\/09\/28\/temps-de-reflexion\/\",\"url\":\"https:\/\/www.ac-am.fr\/index.php\/1999\/09\/28\/temps-de-reflexion\/\",\"name\":\"Le temps de la r\u00e9flexion. - Autre Conscience, Autre Monde\",\"isPartOf\":{\"@id\":\"https:\/\/www.ac-am.fr\/#website\"},\"primaryImageOfPage\":{\"@id\":\"https:\/\/www.ac-am.fr\/index.php\/1999\/09\/28\/temps-de-reflexion\/#primaryimage\"},\"image\":{\"@id\":\"https:\/\/www.ac-am.fr\/index.php\/1999\/09\/28\/temps-de-reflexion\/#primaryimage\"},\"thumbnailUrl\":\"https:\/\/www.ac-am.fr\/wp-content\/uploads\/2015\/09\/barre_vt.gif\",\"datePublished\":\"1999-09-28T18:47:29+00:00\",\"dateModified\":\"2019-01-19T09:39:42+00:00\",\"breadcrumb\":{\"@id\":\"https:\/\/www.ac-am.fr\/index.php\/1999\/09\/28\/temps-de-reflexion\/#breadcrumb\"},\"inLanguage\":\"fr-FR\",\"potentialAction\":[{\"@type\":\"ReadAction\",\"target\":[\"https:\/\/www.ac-am.fr\/index.php\/1999\/09\/28\/temps-de-reflexion\/\"]}]},{\"@type\":\"ImageObject\",\"inLanguage\":\"fr-FR\",\"@id\":\"https:\/\/www.ac-am.fr\/index.php\/1999\/09\/28\/temps-de-reflexion\/#primaryimage\",\"url\":\"https:\/\/www.ac-am.fr\/wp-content\/uploads\/2015\/09\/barre_vt.gif\",\"contentUrl\":\"https:\/\/www.ac-am.fr\/wp-content\/uploads\/2015\/09\/barre_vt.gif\",\"width\":550,\"height\":7,\"caption\":\"Barre verte\"},{\"@type\":\"BreadcrumbList\",\"@id\":\"https:\/\/www.ac-am.fr\/index.php\/1999\/09\/28\/temps-de-reflexion\/#breadcrumb\",\"itemListElement\":[{\"@type\":\"ListItem\",\"position\":1,\"name\":\"Accueil\",\"item\":\"https:\/\/www.ac-am.fr\/\"},{\"@type\":\"ListItem\",\"position\":2,\"name\":\"Le temps de la r\u00e9flexion.\"}]},{\"@type\":\"WebSite\",\"@id\":\"https:\/\/www.ac-am.fr\/#website\",\"url\":\"https:\/\/www.ac-am.fr\/\",\"name\":\"Autre Conscience, Autre Monde\",\"description\":\"\",\"publisher\":{\"@id\":\"https:\/\/www.ac-am.fr\/#organization\"},\"potentialAction\":[{\"@type\":\"SearchAction\",\"target\":{\"@type\":\"EntryPoint\",\"urlTemplate\":\"https:\/\/www.ac-am.fr\/?s={search_term_string}\"},\"query-input\":{\"@type\":\"PropertyValueSpecification\",\"valueRequired\":true,\"valueName\":\"search_term_string\"}}],\"inLanguage\":\"fr-FR\"},{\"@type\":\"Organization\",\"@id\":\"https:\/\/www.ac-am.fr\/#organization\",\"name\":\"Autre Conscience, Autre Monde\",\"url\":\"https:\/\/www.ac-am.fr\/\",\"logo\":{\"@type\":\"ImageObject\",\"inLanguage\":\"fr-FR\",\"@id\":\"https:\/\/www.ac-am.fr\/#\/schema\/logo\/image\/\",\"url\":\"https:\/\/www.ac-am.fr\/wp-content\/uploads\/2015\/10\/bd_ac_am.gif\",\"contentUrl\":\"https:\/\/www.ac-am.fr\/wp-content\/uploads\/2015\/10\/bd_ac_am.gif\",\"width\":370,\"height\":65,\"caption\":\"Autre Conscience, Autre Monde\"},\"image\":{\"@id\":\"https:\/\/www.ac-am.fr\/#\/schema\/logo\/image\/\"},\"sameAs\":[\"https:\/\/fr-fr.facebook.com\/claude.acam\/\",\"https:\/\/www.youtube.com\/user\/consciencemonde\"]},{\"@type\":\"Person\",\"@id\":\"https:\/\/www.ac-am.fr\/#\/schema\/person\/a27d92a78a52784063ed106b428a8408\",\"name\":\"Francois B.\",\"image\":{\"@type\":\"ImageObject\",\"inLanguage\":\"fr-FR\",\"@id\":\"https:\/\/www.ac-am.fr\/#\/schema\/person\/image\/\",\"url\":\"https:\/\/secure.gravatar.com\/avatar\/05e352fcbf85f500ba1b1e19e90699ba9a87b906087ffa45797c41f48bd69dfa?s=96&d=identicon&r=g\",\"contentUrl\":\"https:\/\/secure.gravatar.com\/avatar\/05e352fcbf85f500ba1b1e19e90699ba9a87b906087ffa45797c41f48bd69dfa?s=96&d=identicon&r=g\",\"caption\":\"Francois B.\"},\"url\":\"https:\/\/www.ac-am.fr\/index.php\/author\/francois-b\/\"}]}<\/script>\n<!-- \/ Yoast SEO plugin. -->","yoast_head_json":{"title":"Le temps de la r\u00e9flexion. - Autre Conscience, Autre Monde","robots":{"index":"index","follow":"follow","max-snippet":"max-snippet:-1","max-image-preview":"max-image-preview:large","max-video-preview":"max-video-preview:-1"},"canonical":"https:\/\/www.ac-am.fr\/index.php\/1999\/09\/28\/temps-de-reflexion\/","og_locale":"fr_FR","og_type":"article","og_title":"Le temps de la r\u00e9flexion. - Autre Conscience, Autre Monde","og_description":"Le temps de la r\u00e9flexion. En cette p\u00e9riode d&rsquo;automne o\u00f9 les arbres perdent leurs feuilles,...","og_url":"https:\/\/www.ac-am.fr\/index.php\/1999\/09\/28\/temps-de-reflexion\/","og_site_name":"Autre Conscience, Autre Monde","article_publisher":"https:\/\/fr-fr.facebook.com\/claude.acam\/","article_published_time":"1999-09-28T18:47:29+00:00","article_modified_time":"2019-01-19T09:39:42+00:00","og_image":[{"url":"https:\/\/www.ac-am.fr\/wp-content\/uploads\/2015\/09\/barre_vt.gif","type":"","width":"","height":""}],"author":"Francois B.","twitter_card":"summary_large_image","twitter_misc":{"\u00c9crit par":"Francois B.","Dur\u00e9e de lecture estim\u00e9e":"2 minutes"},"schema":{"@context":"https:\/\/schema.org","@graph":[{"@type":"Article","@id":"https:\/\/www.ac-am.fr\/index.php\/1999\/09\/28\/temps-de-reflexion\/#article","isPartOf":{"@id":"https:\/\/www.ac-am.fr\/index.php\/1999\/09\/28\/temps-de-reflexion\/"},"author":{"name":"Francois B.","@id":"https:\/\/www.ac-am.fr\/#\/schema\/person\/a27d92a78a52784063ed106b428a8408"},"headline":"Le temps de la r\u00e9flexion.","datePublished":"1999-09-28T18:47:29+00:00","dateModified":"2019-01-19T09:39:42+00:00","mainEntityOfPage":{"@id":"https:\/\/www.ac-am.fr\/index.php\/1999\/09\/28\/temps-de-reflexion\/"},"wordCount":346,"publisher":{"@id":"https:\/\/www.ac-am.fr\/#organization"},"image":{"@id":"https:\/\/www.ac-am.fr\/index.php\/1999\/09\/28\/temps-de-reflexion\/#primaryimage"},"thumbnailUrl":"https:\/\/www.ac-am.fr\/wp-content\/uploads\/2015\/09\/barre_vt.gif","articleSection":["1999 \u2013 3 R\u00c8GNES et aux \u00c9NERGIES"],"inLanguage":"fr-FR"},{"@type":"WebPage","@id":"https:\/\/www.ac-am.fr\/index.php\/1999\/09\/28\/temps-de-reflexion\/","url":"https:\/\/www.ac-am.fr\/index.php\/1999\/09\/28\/temps-de-reflexion\/","name":"Le temps de la r\u00e9flexion. - Autre Conscience, Autre Monde","isPartOf":{"@id":"https:\/\/www.ac-am.fr\/#website"},"primaryImageOfPage":{"@id":"https:\/\/www.ac-am.fr\/index.php\/1999\/09\/28\/temps-de-reflexion\/#primaryimage"},"image":{"@id":"https:\/\/www.ac-am.fr\/index.php\/1999\/09\/28\/temps-de-reflexion\/#primaryimage"},"thumbnailUrl":"https:\/\/www.ac-am.fr\/wp-content\/uploads\/2015\/09\/barre_vt.gif","datePublished":"1999-09-28T18:47:29+00:00","dateModified":"2019-01-19T09:39:42+00:00","breadcrumb":{"@id":"https:\/\/www.ac-am.fr\/index.php\/1999\/09\/28\/temps-de-reflexion\/#breadcrumb"},"inLanguage":"fr-FR","potentialAction":[{"@type":"ReadAction","target":["https:\/\/www.ac-am.fr\/index.php\/1999\/09\/28\/temps-de-reflexion\/"]}]},{"@type":"ImageObject","inLanguage":"fr-FR","@id":"https:\/\/www.ac-am.fr\/index.php\/1999\/09\/28\/temps-de-reflexion\/#primaryimage","url":"https:\/\/www.ac-am.fr\/wp-content\/uploads\/2015\/09\/barre_vt.gif","contentUrl":"https:\/\/www.ac-am.fr\/wp-content\/uploads\/2015\/09\/barre_vt.gif","width":550,"height":7,"caption":"Barre verte"},{"@type":"BreadcrumbList","@id":"https:\/\/www.ac-am.fr\/index.php\/1999\/09\/28\/temps-de-reflexion\/#breadcrumb","itemListElement":[{"@type":"ListItem","position":1,"name":"Accueil","item":"https:\/\/www.ac-am.fr\/"},{"@type":"ListItem","position":2,"name":"Le temps de la r\u00e9flexion."}]},{"@type":"WebSite","@id":"https:\/\/www.ac-am.fr\/#website","url":"https:\/\/www.ac-am.fr\/","name":"Autre Conscience, Autre Monde","description":"","publisher":{"@id":"https:\/\/www.ac-am.fr\/#organization"},"potentialAction":[{"@type":"SearchAction","target":{"@type":"EntryPoint","urlTemplate":"https:\/\/www.ac-am.fr\/?s={search_term_string}"},"query-input":{"@type":"PropertyValueSpecification","valueRequired":true,"valueName":"search_term_string"}}],"inLanguage":"fr-FR"},{"@type":"Organization","@id":"https:\/\/www.ac-am.fr\/#organization","name":"Autre Conscience, Autre Monde","url":"https:\/\/www.ac-am.fr\/","logo":{"@type":"ImageObject","inLanguage":"fr-FR","@id":"https:\/\/www.ac-am.fr\/#\/schema\/logo\/image\/","url":"https:\/\/www.ac-am.fr\/wp-content\/uploads\/2015\/10\/bd_ac_am.gif","contentUrl":"https:\/\/www.ac-am.fr\/wp-content\/uploads\/2015\/10\/bd_ac_am.gif","width":370,"height":65,"caption":"Autre Conscience, Autre Monde"},"image":{"@id":"https:\/\/www.ac-am.fr\/#\/schema\/logo\/image\/"},"sameAs":["https:\/\/fr-fr.facebook.com\/claude.acam\/","https:\/\/www.youtube.com\/user\/consciencemonde"]},{"@type":"Person","@id":"https:\/\/www.ac-am.fr\/#\/schema\/person\/a27d92a78a52784063ed106b428a8408","name":"Francois B.","image":{"@type":"ImageObject","inLanguage":"fr-FR","@id":"https:\/\/www.ac-am.fr\/#\/schema\/person\/image\/","url":"https:\/\/secure.gravatar.com\/avatar\/05e352fcbf85f500ba1b1e19e90699ba9a87b906087ffa45797c41f48bd69dfa?s=96&d=identicon&r=g","contentUrl":"https:\/\/secure.gravatar.com\/avatar\/05e352fcbf85f500ba1b1e19e90699ba9a87b906087ffa45797c41f48bd69dfa?s=96&d=identicon&r=g","caption":"Francois B."},"url":"https:\/\/www.ac-am.fr\/index.php\/author\/francois-b\/"}]}},"_links":{"self":[{"href":"https:\/\/www.ac-am.fr\/index.php\/wp-json\/wp\/v2\/posts\/3824","targetHints":{"allow":["GET"]}}],"collection":[{"href":"https:\/\/www.ac-am.fr\/index.php\/wp-json\/wp\/v2\/posts"}],"about":[{"href":"https:\/\/www.ac-am.fr\/index.php\/wp-json\/wp\/v2\/types\/post"}],"author":[{"embeddable":true,"href":"https:\/\/www.ac-am.fr\/index.php\/wp-json\/wp\/v2\/users\/18"}],"replies":[{"embeddable":true,"href":"https:\/\/www.ac-am.fr\/index.php\/wp-json\/wp\/v2\/comments?post=3824"}],"version-history":[{"count":5,"href":"https:\/\/www.ac-am.fr\/index.php\/wp-json\/wp\/v2\/posts\/3824\/revisions"}],"predecessor-version":[{"id":4306,"href":"https:\/\/www.ac-am.fr\/index.php\/wp-json\/wp\/v2\/posts\/3824\/revisions\/4306"}],"wp:attachment":[{"href":"https:\/\/www.ac-am.fr\/index.php\/wp-json\/wp\/v2\/media?parent=3824"}],"wp:term":[{"taxonomy":"category","embeddable":true,"href":"https:\/\/www.ac-am.fr\/index.php\/wp-json\/wp\/v2\/categories?post=3824"},{"taxonomy":"post_tag","embeddable":true,"href":"https:\/\/www.ac-am.fr\/index.php\/wp-json\/wp\/v2\/tags?post=3824"}],"curies":[{"name":"wp","href":"https:\/\/api.w.org\/{rel}","templated":true}]}}