{"id":3833,"date":"1999-10-15T10:56:25","date_gmt":"1999-10-15T09:56:25","guid":{"rendered":"https:\/\/www.ac-am.fr\/?p=3833"},"modified":"2016-11-22T22:43:44","modified_gmt":"2016-11-22T21:43:44","slug":"testament-de-judas-daniel-easterman","status":"publish","type":"post","link":"https:\/\/www.ac-am.fr\/index.php\/1999\/10\/15\/testament-de-judas-daniel-easterman\/","title":{"rendered":"\u00a0\u00bb Le Testament de Judas, par Daniel Easterman \u00ab\u00a0"},"content":{"rendered":"<div id=\"bibliotheque\" style=\"background-attachment: fixed; border: 2px solid #000000; border-radius: 20px; opacity: 0.90;\">\n<table class=\"aligncenter\" style=\"width: 590px;\" border=\"0\">\n<tbody>\n<tr>\n<td><a name=\"Testament_judas\"><\/a><span class=\"ggrand\">\u00ab\u00a0Le Testament de Judas, par Daniel Easterman\u00a0\u00bb<\/span><\/td>\n<\/tr>\n<tr>\n<td><img decoding=\"async\" class=\"aligncenter\" src=\"http:\/\/www.ac-am.fr\/wp-content\/uploads\/2015\/09\/barre01.gif\" alt=\"\" border=\"0\" \/><\/td>\n<\/tr>\n<tr>\n<td style=\"text-align: left;\">\n<p><span class=\"gmoyen\"><img decoding=\"async\" src=\"http:\/\/www.ac-am.fr\/wp-content\/uploads\/2015\/09\/bal_bib1.gif\" alt=\"\" border=\"0\" \/> Voici un extrait de cet ouvrage; est-ce un roman, est-ce un suspense historique ?<\/span><\/p>\n<p><span class=\"gmoyen\">Chapitre 18.<\/span><\/p>\n<p><span class=\"gmoyen\"><img decoding=\"async\" src=\"http:\/\/www.ac-am.fr\/wp-content\/uploads\/2015\/09\/bal_bib1.gif\" alt=\"\" border=\"0\" \/> Sur une table \u00e0 part pr\u00e8s du mur se trouvait une petite collection de manuscrits. Iosif se pencha et en prit un. Il le d\u00e9roula soigneusement sur un coin de table libre.<\/span><\/p>\n<p><span class=\"gmoyen\"><img decoding=\"async\" src=\"http:\/\/www.ac-am.fr\/wp-content\/uploads\/2015\/09\/bal_bib1.gif\" alt=\"\" border=\"0\" \/> <i>\u00ab\u00a0Il n&rsquo;est pas difficile \u00e0 d\u00e9chiffrer, l&rsquo;\u00e9criture est lisible.\u00a0\u00bb<\/i><\/span><\/p>\n<p><span class=\"gmoyen\"><img decoding=\"async\" src=\"http:\/\/www.ac-am.fr\/wp-content\/uploads\/2015\/09\/bal_bib1.gif\" alt=\"\" border=\"0\" \/> Jack \u00e9claira le parchemin. L&rsquo;\u00e9criture, aram\u00e9enne, semblait \u00e0 premi\u00e8re vue dater du 1er si\u00e8cle. L&rsquo;encre, d&rsquo;un noir fonc\u00e9, \u00e9tait effac\u00e9e par endroits; mais, comme l&rsquo;avait dit Iosif, l&rsquo;ensemble demeurait lisible.<\/span><\/p>\n<p><span class=\"gmoyen\" style=\"color: #94fbbb;\"><img decoding=\"async\" src=\"http:\/\/www.ac-am.fr\/wp-content\/uploads\/2015\/09\/bal_bib1.gif\" alt=\"\" border=\"0\" \/> Ni le grondement des eaux d\u00e9cha\u00een\u00e9es, ni les flammes des feux les plus ardents ne me d\u00e9tourneront de mon Alliance avec Toi, \u00f4 mon Dieu, ni de ma foi en les Fils de la Lumi\u00e8re.<\/span><\/p>\n<p><span class=\"gmoyen\">\u00ab\u00a0\u00c7a me rappelle quelque chose, dit Jack&#8230; <br \/>\n&#8211; Impossible, r\u00e9torqua Iosif, Crois-moi, j&rsquo;ai cherch\u00e9. Mais peut-\u00eatre as-tu d\u00e9j\u00e0 entendu parler de Fils de la Lumi\u00e8re ? <br \/>\n&#8211; Qumr\u00e4n. <br \/>\n&#8211; Oui, Qumr\u00e4n. Il y en a d&rsquo;autres comme celui-ci. Beaucoup d&rsquo;autres. <br \/>\n&#8211; Tu insinues que ce serait un texte de Qumr\u00e4n ? Ou, pour le moins, un texte ess\u00e9nien ? <br \/>\n&#8211; Lis, ne pose pas autant de questions.\u00a0\u00bb<\/span><\/p>\n<p><span class=\"gmoyen\" style=\"color: #94fbbb;\"><img decoding=\"async\" src=\"http:\/\/www.ac-am.fr\/wp-content\/uploads\/2015\/09\/bal_bib1.gif\" alt=\"\" border=\"0\" \/> Je suis au milieu de mes ennemis, et cependant je vis dans une ville fortifi\u00e9e, car tu es, Toi, \u00f4 mon Dieu, mes murs et ma forteresse. J&rsquo;habite de sauvages contr\u00e9es, et cependant dans mon jardin coulent des eaux qui m&rsquo;abreuvent, car tu es, Toi, \u00f4 mon dieu, mon fleuve et mes cypr\u00e8s, mes pins et mes c\u00e8dres.<\/span><\/p>\n<p><span class=\"gmoyen\">\u00ab\u00a0Regarde cette ligne : on dirait que c&rsquo;est une lettre. <br \/>\n\u00c0 son Excellence le Grand-Pr\u00eatre, le Nasri, seigneur du Sanh\u00e9drin, Joseph, puisse Dieu le guider et le faire entrer dans la Loi. <br \/>\n&#8211; Joseph ? <br \/>\n&#8211; Joseph Caiaphas. Il fut grand-pr\u00eatre pendant une tr\u00e8s longue p\u00e9riode, entre 18 et 36 apr\u00e8s J\u00e9sus-Christ. <br \/>\n&#8211; On sait donc de quand date cette lettre. <br \/>\n&#8211; Tu vas voir.\u00a0\u00bb<\/span><\/p>\n<p><span class=\"gmoyen\"><img decoding=\"async\" src=\"http:\/\/www.ac-am.fr\/wp-content\/uploads\/2015\/09\/bal_bib1.gif\" alt=\"\" border=\"0\" \/> Jack regarda Iosif, Que se passait-il ? Qu&rsquo;est-ce qui l&rsquo;inqui\u00e9tait ?<\/span><\/p>\n<p><span class=\"gmoyen\" style=\"color: #94fbbb;\"><img decoding=\"async\" src=\"http:\/\/www.ac-am.fr\/wp-content\/uploads\/2015\/09\/bal_bib1.gif\" alt=\"\" border=\"0\" \/> Le proph\u00e8te a dit : \u00ab\u00a0Le pr\u00eatre et le proph\u00e8te ont err\u00e9 hors du droit chemin.\u00a0\u00bb<\/span><\/p>\n<p><span class=\"gmoyen\" style=\"color: #94fbbb;\"><img decoding=\"async\" src=\"http:\/\/www.ac-am.fr\/wp-content\/uploads\/2015\/09\/bal_bib1.gif\" alt=\"\" border=\"0\" \/> Ta lettre m&rsquo;est parvenue aujourd&rsquo;hui. Ton cousin Simon, le fr\u00e8re de mon \u00e9pouse, toujours bienvenu en ma maison me l&rsquo;a remise. C&rsquo;est un homme juste. Demain, il partira une fois encore pour J\u00e9rusalem, comme le lui a ordonn\u00e9 le procurateur .<\/span><\/p>\n<p><span class=\"gmoyen\"><img decoding=\"async\" src=\"http:\/\/www.ac-am.fr\/wp-content\/uploads\/2015\/09\/bal_bib1.gif\" alt=\"\" border=\"0\" \/> Jack h\u00e9sita,<\/span><\/p>\n<p><span class=\"gmoyen\">\u00ab\u00a0Je ne suis plus s\u00fbr du nom. Valerius, peut-\u00eatre ? <br \/>\n&#8211; Valerius Gratus, approuva Iosif. <br \/>\n&#8211; On conna\u00eet ses dates ? <br \/>\n&#8211; De 16 \u00e0 26 de notre \u00e8re. Ponce Pilate lui a succ\u00e9d\u00e9. <br \/>\n&#8211; C&rsquo;est de plus en plus pr\u00e9cis, Iosif, Si ce texte est ess\u00e9nien, il est \u00e0 peu pr\u00e8s unique. Aucun texte du Qumr\u00e4m ne comporte de nom ou de date. <br \/>\n&#8211; En effet. Mais, comme tu le vois, ce n&rsquo;est pas un document interne. C&rsquo;est une lettre adress\u00e9e \u00e0 Joseph Calphas, \u00e0 lui remettre par l&rsquo;interm\u00e9diaire de son cousin Simon. L&rsquo;auteur tient \u00e0 se faire comprendre, c&rsquo;est essentiel pour lui. Continue&#8230;\u00a0\u00bb<\/span><\/p>\n<p><span class=\"gmoyen\" style=\"color: #94fbbb;\"><img decoding=\"async\" src=\"http:\/\/www.ac-am.fr\/wp-content\/uploads\/2015\/09\/bal_bib1.gif\" alt=\"\" border=\"0\" \/> Nous avons pri\u00e9 ensembles pendant plus d&rsquo;une heure, et demand\u00e9 au Seigneur de nous guider. Car nous vivons en des jours de peur. La venue du Messie est annonc\u00e9e, et la Ville sainte et son peuple ont un cruel besoin de sagesse et de v\u00e9rit\u00e9. Beaucoup m&rsquo;\u00e9cartent de la Loi, et l&rsquo;on peut craindre que la main du Seigneur ne s&rsquo;abatte lourdement sur eux, et cause leur destruction, comme Elle a r\u00e9duit en cendres les g\u00e9n\u00e9ration pr\u00e9c\u00e9dentes. Ne crains pas, cousin Caiaphas, car, si tu honores Son Alliance comme Elle est honor\u00e9e par les Nozrim, le Seigneur sera avec toi.<\/span><span class=\"gmoyen\"> \u00ab\u00a0Les Nozrim ? <br \/>\n&#8211; Il parle des Nozrim ha-Brit, les gardiens de l&rsquo;Alliance. On appelait ainsi les Ess\u00e9niens, ne t&rsquo;en souviens-tu pas ? <br \/>\n&#8211; Si bien s\u00fbr !\u00a0\u00bb<\/span><\/p>\n<p><span class=\"gmoyen\" style=\"color: #94fbbb;\"><img decoding=\"async\" src=\"http:\/\/www.ac-am.fr\/wp-content\/uploads\/2015\/09\/bal_bib1.gif\" alt=\"\" border=\"0\" \/> Tu me demandes dans ta lettre de tout nous dire de moi, et de t&rsquo;expliquer comment j&rsquo;en suis venu \u00e0 me consid\u00e9rer comme le Ma\u00eetre de Justice.<\/span><\/p>\n<p><span class=\"gmoyen\">Jack interrompit sa lecture.<\/span><\/p>\n<p><span class=\"gmoyen\"><img decoding=\"async\" src=\"http:\/\/www.ac-am.fr\/wp-content\/uploads\/2015\/09\/bal_bib1.gif\" alt=\"\" border=\"0\" \/> <i>Alors mes grands amis en \u00c9sot\u00e9risme, doit-on consid\u00e9rer ce document comme roman ? Comme suspense ? L&rsquo;auteur a n\u00e9cessairement v\u00e9cu certaines exp\u00e9riences, certaines initiations, pour \u00eatre capable d&rsquo;\u00e9crire un tel texte. Certains noms sont peut-\u00eatre des emprunts, Les mises en situation sont peut-\u00eatre \u00ab\u00a0\u00e9sot\u00e9riques\u00a0\u00bb, mais si on se penche comme certains se sont pench\u00e9s sur la Lettre du Vatican, nous nous devons \u00e0 nous-m\u00eames de ne jamais se fermer, de refermer notre ESPRIT, sur les choses (quelques insolites quelles puissent para\u00eetre).<\/i><\/span><\/p>\n<p><span class=\"gmoyen\">\u00ab\u00a0Bon sang, Iosif ! Je comprends ton excitation. C&rsquo;est une lettre de Moreh ha-Zedek; le chef des Ess\u00e9niens en personne. Une lettre au grand-pr\u00eatre de J\u00e9rusalem.\u00a0\u00bb<\/span><\/p>\n<p><span class=\"gmoyen\"><img decoding=\"async\" src=\"http:\/\/www.ac-am.fr\/wp-content\/uploads\/2015\/09\/bal_bib1.gif\" alt=\"\" border=\"0\" \/> Iosif ne r\u00e9pondit rien. Jack le trouva p\u00e2le. Pourquoi \u00e9tait-il aussi boulevers\u00e9 par cette lettre ? Elle constituait une d\u00e9couverte fondamentale : \u00e0 elle seule, elle valait sans doute tout le reste de la collection. Mais Iosif semblait avoir \u00e9t\u00e9 mordu par un monstre issu des profondeurs.<\/span><\/p>\n<p><span class=\"gmoyen\">\u00ab\u00a0Tu connais ma famille. Tu sais que mon oncle Judas a men\u00e9 la r\u00e9volte contre les romains lorsque j&rsquo;\u00e9tais encore un enfant. <br \/>\n&#8211; Judas de Galil\u00e9s ? <br \/>\n&#8211; Je crois. <br \/>\n&#8211; \u00c0 quelle date a-t-il men\u00e9 une r\u00e9volte contre les romains ? <br \/>\n&#8211; En l&rsquo;an 6. <br \/>\n&#8211; Et le Ma\u00eetre de Justice serait son neveu ? <br \/>\n&#8211; On dirait bien.\u00a0\u00bb <br \/>\n&#8211; Mon p\u00e8re, le rabbin Joseph, fils de Jacob, \u00e9tait le cousin de ton \u00e9pouse. Ma m\u00e8re, Myriam, \u00e9tait \u00e9galement ta parente par alliance.<\/span><\/p>\n<p><span class=\"gmoyen\"><img decoding=\"async\" src=\"http:\/\/www.ac-am.fr\/wp-content\/uploads\/2015\/09\/bal_bib1.gif\" alt=\"\" border=\"0\" \/> Jack leva les yeux&#8230;<\/span><\/p>\n<p><span class=\"gmoyen\">\u00ab\u00a0C&rsquo;est bizarre, n&rsquo;est-ce pas ?<\/span><\/p>\n<p><span class=\"gmoyen\"><img decoding=\"async\" src=\"http:\/\/www.ac-am.fr\/wp-content\/uploads\/2015\/09\/bal_bib1.gif\" alt=\"\" border=\"0\" \/> Le visage de Iosif lui gla\u00e7a les sangs. Une terreur subite l&rsquo;envahit.<\/span><\/p>\n<p><span class=\"gmoyen\">\u00ab\u00a0Non, Iosif. Tu ne pas croire ? <br \/>\n&#8211; Lis, Jack. Lis. Tu Verras.\u00a0\u00bb <br \/>\n&#8211; Tu as toi-m\u00eame c\u00e9l\u00e9br\u00e9 ma naissance et offert des pr\u00e9sents pour participer \u00e0 la f\u00e9licit\u00e9 de mon p\u00e8re, dont j&rsquo;\u00e9tais le premier enfant. Tu lui as toi-m\u00eame ordonn\u00e9 de m&rsquo;appeler Yaschu, comme ton fr\u00e8re.<\/span><\/p>\n<p><span class=\"gmoyen\"><img decoding=\"async\" src=\"http:\/\/www.ac-am.fr\/wp-content\/uploads\/2015\/09\/bal_bib1.gif\" alt=\"\" border=\"0\" \/> Jack faillit l\u00e2cher le pr\u00e9cieux manuscrit, dont le poids, soudain lui semblait intol\u00e9rable.<\/span><\/p>\n<p><span class=\"gmoyen\">\u00ab\u00a0Yashu, murmura-t-il. J\u00e9sus. <br \/>\n&#8211; C&rsquo;est l&rsquo;histoire de sa vie, Jack, \u00e9crite de sa main. Je l&rsquo;ai lu, et je t&rsquo;affirme qu&rsquo;il n&rsquo;y a aucun doute possible. Tu tiens dans ta main, mon cher ami, le premier \u00c9vangile. L&rsquo;\u00c9vangile authentique. L&rsquo;unique r\u00e9cit v\u00e9ridique de la vie de J\u00e9sus-Christ. Son autobiographie, comme on dirait aujourd&rsquo;hui.\u00a0\u00bb<\/span><\/p>\n<p><span class=\"gmoyen\">[<a href=\"boites.htm#Jean_Samuel01_G\">Jean-Samuel G. &#8211; le 15-10-99<\/a>]<\/span><\/p>\n<\/td>\n<\/tr>\n<\/tbody>\n<\/table>\n<\/div>\n<div style=\"padding-bottom:20px; padding-top:10px;\" class=\"hupso-share-buttons\"><!-- Hupso Share Buttons - https:\/\/www.hupso.com\/share\/ --><a class=\"hupso_toolbar\" href=\"https:\/\/www.hupso.com\/share\/\"><img decoding=\"async\" src=\"https:\/\/static.hupso.com\/share\/buttons\/lang\/fr\/share.png\" style=\"border:0px; padding-top: 5px; float:left;\" alt=\"Share Button\"\/><\/a><script type=\"text\/javascript\">var hupso_services_t=new Array(\"Twitter\",\"Facebook\",\"Google Plus\");var hupso_background_t=\"#EAF4FF\";var hupso_border_t=\"#66CCFF\";var hupso_toolbar_size_t=\"big\";var hupso_image_folder_url = \"\";var hupso_url_t=\"\";var hupso_title_t=\"%22%20Le%20Testament%20de%20Judas%2C%20par%20Daniel%20Easterman%20%22\";<\/script><script type=\"text\/javascript\" src=\"https:\/\/static.hupso.com\/share\/js\/share_toolbar.js\"><\/script><!-- Hupso Share Buttons --><\/div>","protected":false},"excerpt":{"rendered":"<p>\u00ab\u00a0Le Testament de Judas, par Daniel Easterman\u00a0\u00bb Voici un extrait de cet ouvrage; est-ce un&#8230;<\/p>\n","protected":false},"author":4,"featured_media":0,"comment_status":"closed","ping_status":"open","sticky":false,"template":"","format":"standard","meta":{"footnotes":""},"categories":[297],"tags":[],"class_list":["post-3833","post","type-post","status-publish","format-standard","hentry","category-avis-conseils-et-lectures"],"yoast_head":"<!-- This site is optimized with the Yoast SEO plugin v26.9 - https:\/\/yoast.com\/product\/yoast-seo-wordpress\/ -->\n<title>&quot; Le Testament de Judas, par Daniel Easterman &quot; - Autre Conscience, Autre Monde<\/title>\n<meta name=\"robots\" content=\"index, follow, max-snippet:-1, max-image-preview:large, max-video-preview:-1\" \/>\n<link rel=\"canonical\" href=\"https:\/\/www.ac-am.fr\/index.php\/1999\/10\/15\/testament-de-judas-daniel-easterman\/\" \/>\n<meta property=\"og:locale\" content=\"fr_FR\" \/>\n<meta property=\"og:type\" content=\"article\" \/>\n<meta property=\"og:title\" content=\"&quot; Le Testament de Judas, par Daniel Easterman &quot; - Autre Conscience, Autre Monde\" \/>\n<meta property=\"og:description\" content=\"\u00ab\u00a0Le Testament de Judas, par Daniel Easterman\u00a0\u00bb Voici un extrait de cet ouvrage; est-ce un...\" \/>\n<meta property=\"og:url\" content=\"https:\/\/www.ac-am.fr\/index.php\/1999\/10\/15\/testament-de-judas-daniel-easterman\/\" \/>\n<meta property=\"og:site_name\" content=\"Autre Conscience, Autre Monde\" \/>\n<meta property=\"article:publisher\" content=\"https:\/\/fr-fr.facebook.com\/claude.acam\/\" \/>\n<meta property=\"article:published_time\" content=\"1999-10-15T09:56:25+00:00\" \/>\n<meta property=\"article:modified_time\" content=\"2016-11-22T21:43:44+00:00\" \/>\n<meta property=\"og:image\" content=\"http:\/\/www.ac-am.fr\/wp-content\/uploads\/2015\/09\/barre01.gif\" \/>\n<meta name=\"author\" content=\"Jean-Samuel G.\" \/>\n<meta name=\"twitter:card\" content=\"summary_large_image\" \/>\n<meta name=\"twitter:label1\" content=\"\u00c9crit par\" \/>\n\t<meta name=\"twitter:data1\" content=\"Jean-Samuel G.\" \/>\n\t<meta name=\"twitter:label2\" content=\"Dur\u00e9e de lecture estim\u00e9e\" \/>\n\t<meta name=\"twitter:data2\" content=\"5 minutes\" \/>\n<script type=\"application\/ld+json\" class=\"yoast-schema-graph\">{\"@context\":\"https:\/\/schema.org\",\"@graph\":[{\"@type\":\"Article\",\"@id\":\"https:\/\/www.ac-am.fr\/index.php\/1999\/10\/15\/testament-de-judas-daniel-easterman\/#article\",\"isPartOf\":{\"@id\":\"https:\/\/www.ac-am.fr\/index.php\/1999\/10\/15\/testament-de-judas-daniel-easterman\/\"},\"author\":{\"name\":\"Jean-Samuel G.\",\"@id\":\"https:\/\/www.ac-am.fr\/#\/schema\/person\/8ba4336baa9f23867a7f37ed189bef96\"},\"headline\":\"\u00a0\u00bb Le Testament de Judas, par Daniel Easterman \u00ab\u00a0\",\"datePublished\":\"1999-10-15T09:56:25+00:00\",\"dateModified\":\"2016-11-22T21:43:44+00:00\",\"mainEntityOfPage\":{\"@id\":\"https:\/\/www.ac-am.fr\/index.php\/1999\/10\/15\/testament-de-judas-daniel-easterman\/\"},\"wordCount\":1142,\"publisher\":{\"@id\":\"https:\/\/www.ac-am.fr\/#organization\"},\"image\":{\"@id\":\"https:\/\/www.ac-am.fr\/index.php\/1999\/10\/15\/testament-de-judas-daniel-easterman\/#primaryimage\"},\"thumbnailUrl\":\"http:\/\/www.ac-am.fr\/wp-content\/uploads\/2015\/09\/barre01.gif\",\"articleSection\":[\"Avis, Conseils et Lectures\"],\"inLanguage\":\"fr-FR\"},{\"@type\":\"WebPage\",\"@id\":\"https:\/\/www.ac-am.fr\/index.php\/1999\/10\/15\/testament-de-judas-daniel-easterman\/\",\"url\":\"https:\/\/www.ac-am.fr\/index.php\/1999\/10\/15\/testament-de-judas-daniel-easterman\/\",\"name\":\"\\\" Le Testament de Judas, par Daniel Easterman \\\" - Autre Conscience, Autre Monde\",\"isPartOf\":{\"@id\":\"https:\/\/www.ac-am.fr\/#website\"},\"primaryImageOfPage\":{\"@id\":\"https:\/\/www.ac-am.fr\/index.php\/1999\/10\/15\/testament-de-judas-daniel-easterman\/#primaryimage\"},\"image\":{\"@id\":\"https:\/\/www.ac-am.fr\/index.php\/1999\/10\/15\/testament-de-judas-daniel-easterman\/#primaryimage\"},\"thumbnailUrl\":\"http:\/\/www.ac-am.fr\/wp-content\/uploads\/2015\/09\/barre01.gif\",\"datePublished\":\"1999-10-15T09:56:25+00:00\",\"dateModified\":\"2016-11-22T21:43:44+00:00\",\"breadcrumb\":{\"@id\":\"https:\/\/www.ac-am.fr\/index.php\/1999\/10\/15\/testament-de-judas-daniel-easterman\/#breadcrumb\"},\"inLanguage\":\"fr-FR\",\"potentialAction\":[{\"@type\":\"ReadAction\",\"target\":[\"https:\/\/www.ac-am.fr\/index.php\/1999\/10\/15\/testament-de-judas-daniel-easterman\/\"]}]},{\"@type\":\"ImageObject\",\"inLanguage\":\"fr-FR\",\"@id\":\"https:\/\/www.ac-am.fr\/index.php\/1999\/10\/15\/testament-de-judas-daniel-easterman\/#primaryimage\",\"url\":\"https:\/\/www.ac-am.fr\/wp-content\/uploads\/2015\/09\/barre01.gif\",\"contentUrl\":\"https:\/\/www.ac-am.fr\/wp-content\/uploads\/2015\/09\/barre01.gif\",\"width\":550,\"height\":7,\"caption\":\"Barre couleur argent\"},{\"@type\":\"BreadcrumbList\",\"@id\":\"https:\/\/www.ac-am.fr\/index.php\/1999\/10\/15\/testament-de-judas-daniel-easterman\/#breadcrumb\",\"itemListElement\":[{\"@type\":\"ListItem\",\"position\":1,\"name\":\"Accueil\",\"item\":\"https:\/\/www.ac-am.fr\/\"},{\"@type\":\"ListItem\",\"position\":2,\"name\":\"\u00a0\u00bb Le Testament de Judas, par Daniel Easterman \u00ab\u00a0\"}]},{\"@type\":\"WebSite\",\"@id\":\"https:\/\/www.ac-am.fr\/#website\",\"url\":\"https:\/\/www.ac-am.fr\/\",\"name\":\"Autre Conscience, Autre Monde\",\"description\":\"\",\"publisher\":{\"@id\":\"https:\/\/www.ac-am.fr\/#organization\"},\"potentialAction\":[{\"@type\":\"SearchAction\",\"target\":{\"@type\":\"EntryPoint\",\"urlTemplate\":\"https:\/\/www.ac-am.fr\/?s={search_term_string}\"},\"query-input\":{\"@type\":\"PropertyValueSpecification\",\"valueRequired\":true,\"valueName\":\"search_term_string\"}}],\"inLanguage\":\"fr-FR\"},{\"@type\":\"Organization\",\"@id\":\"https:\/\/www.ac-am.fr\/#organization\",\"name\":\"Autre Conscience, Autre Monde\",\"url\":\"https:\/\/www.ac-am.fr\/\",\"logo\":{\"@type\":\"ImageObject\",\"inLanguage\":\"fr-FR\",\"@id\":\"https:\/\/www.ac-am.fr\/#\/schema\/logo\/image\/\",\"url\":\"https:\/\/www.ac-am.fr\/wp-content\/uploads\/2015\/10\/bd_ac_am.gif\",\"contentUrl\":\"https:\/\/www.ac-am.fr\/wp-content\/uploads\/2015\/10\/bd_ac_am.gif\",\"width\":370,\"height\":65,\"caption\":\"Autre Conscience, Autre Monde\"},\"image\":{\"@id\":\"https:\/\/www.ac-am.fr\/#\/schema\/logo\/image\/\"},\"sameAs\":[\"https:\/\/fr-fr.facebook.com\/claude.acam\/\",\"https:\/\/www.youtube.com\/user\/consciencemonde\"]},{\"@type\":\"Person\",\"@id\":\"https:\/\/www.ac-am.fr\/#\/schema\/person\/8ba4336baa9f23867a7f37ed189bef96\",\"name\":\"Jean-Samuel G.\",\"image\":{\"@type\":\"ImageObject\",\"inLanguage\":\"fr-FR\",\"@id\":\"https:\/\/www.ac-am.fr\/#\/schema\/person\/image\/\",\"url\":\"https:\/\/secure.gravatar.com\/avatar\/f2363bb60723dc8df83367598e801f39544f6ea45e89f440ded40fd90b76d38a?s=96&d=identicon&r=g\",\"contentUrl\":\"https:\/\/secure.gravatar.com\/avatar\/f2363bb60723dc8df83367598e801f39544f6ea45e89f440ded40fd90b76d38a?s=96&d=identicon&r=g\",\"caption\":\"Jean-Samuel G.\"},\"url\":\"https:\/\/www.ac-am.fr\/index.php\/author\/jean-samuel-g\/\"}]}<\/script>\n<!-- \/ Yoast SEO plugin. -->","yoast_head_json":{"title":"\" Le Testament de Judas, par Daniel Easterman \" - Autre Conscience, Autre Monde","robots":{"index":"index","follow":"follow","max-snippet":"max-snippet:-1","max-image-preview":"max-image-preview:large","max-video-preview":"max-video-preview:-1"},"canonical":"https:\/\/www.ac-am.fr\/index.php\/1999\/10\/15\/testament-de-judas-daniel-easterman\/","og_locale":"fr_FR","og_type":"article","og_title":"\" Le Testament de Judas, par Daniel Easterman \" - Autre Conscience, Autre Monde","og_description":"\u00ab\u00a0Le Testament de Judas, par Daniel Easterman\u00a0\u00bb Voici un extrait de cet ouvrage; est-ce un...","og_url":"https:\/\/www.ac-am.fr\/index.php\/1999\/10\/15\/testament-de-judas-daniel-easterman\/","og_site_name":"Autre Conscience, Autre Monde","article_publisher":"https:\/\/fr-fr.facebook.com\/claude.acam\/","article_published_time":"1999-10-15T09:56:25+00:00","article_modified_time":"2016-11-22T21:43:44+00:00","og_image":[{"url":"http:\/\/www.ac-am.fr\/wp-content\/uploads\/2015\/09\/barre01.gif","type":"","width":"","height":""}],"author":"Jean-Samuel G.","twitter_card":"summary_large_image","twitter_misc":{"\u00c9crit par":"Jean-Samuel G.","Dur\u00e9e de lecture estim\u00e9e":"5 minutes"},"schema":{"@context":"https:\/\/schema.org","@graph":[{"@type":"Article","@id":"https:\/\/www.ac-am.fr\/index.php\/1999\/10\/15\/testament-de-judas-daniel-easterman\/#article","isPartOf":{"@id":"https:\/\/www.ac-am.fr\/index.php\/1999\/10\/15\/testament-de-judas-daniel-easterman\/"},"author":{"name":"Jean-Samuel G.","@id":"https:\/\/www.ac-am.fr\/#\/schema\/person\/8ba4336baa9f23867a7f37ed189bef96"},"headline":"\u00a0\u00bb Le Testament de Judas, par Daniel Easterman \u00ab\u00a0","datePublished":"1999-10-15T09:56:25+00:00","dateModified":"2016-11-22T21:43:44+00:00","mainEntityOfPage":{"@id":"https:\/\/www.ac-am.fr\/index.php\/1999\/10\/15\/testament-de-judas-daniel-easterman\/"},"wordCount":1142,"publisher":{"@id":"https:\/\/www.ac-am.fr\/#organization"},"image":{"@id":"https:\/\/www.ac-am.fr\/index.php\/1999\/10\/15\/testament-de-judas-daniel-easterman\/#primaryimage"},"thumbnailUrl":"http:\/\/www.ac-am.fr\/wp-content\/uploads\/2015\/09\/barre01.gif","articleSection":["Avis, Conseils et Lectures"],"inLanguage":"fr-FR"},{"@type":"WebPage","@id":"https:\/\/www.ac-am.fr\/index.php\/1999\/10\/15\/testament-de-judas-daniel-easterman\/","url":"https:\/\/www.ac-am.fr\/index.php\/1999\/10\/15\/testament-de-judas-daniel-easterman\/","name":"\" Le Testament de Judas, par Daniel Easterman \" - Autre Conscience, Autre Monde","isPartOf":{"@id":"https:\/\/www.ac-am.fr\/#website"},"primaryImageOfPage":{"@id":"https:\/\/www.ac-am.fr\/index.php\/1999\/10\/15\/testament-de-judas-daniel-easterman\/#primaryimage"},"image":{"@id":"https:\/\/www.ac-am.fr\/index.php\/1999\/10\/15\/testament-de-judas-daniel-easterman\/#primaryimage"},"thumbnailUrl":"http:\/\/www.ac-am.fr\/wp-content\/uploads\/2015\/09\/barre01.gif","datePublished":"1999-10-15T09:56:25+00:00","dateModified":"2016-11-22T21:43:44+00:00","breadcrumb":{"@id":"https:\/\/www.ac-am.fr\/index.php\/1999\/10\/15\/testament-de-judas-daniel-easterman\/#breadcrumb"},"inLanguage":"fr-FR","potentialAction":[{"@type":"ReadAction","target":["https:\/\/www.ac-am.fr\/index.php\/1999\/10\/15\/testament-de-judas-daniel-easterman\/"]}]},{"@type":"ImageObject","inLanguage":"fr-FR","@id":"https:\/\/www.ac-am.fr\/index.php\/1999\/10\/15\/testament-de-judas-daniel-easterman\/#primaryimage","url":"https:\/\/www.ac-am.fr\/wp-content\/uploads\/2015\/09\/barre01.gif","contentUrl":"https:\/\/www.ac-am.fr\/wp-content\/uploads\/2015\/09\/barre01.gif","width":550,"height":7,"caption":"Barre couleur argent"},{"@type":"BreadcrumbList","@id":"https:\/\/www.ac-am.fr\/index.php\/1999\/10\/15\/testament-de-judas-daniel-easterman\/#breadcrumb","itemListElement":[{"@type":"ListItem","position":1,"name":"Accueil","item":"https:\/\/www.ac-am.fr\/"},{"@type":"ListItem","position":2,"name":"\u00a0\u00bb Le Testament de Judas, par Daniel Easterman \u00ab\u00a0"}]},{"@type":"WebSite","@id":"https:\/\/www.ac-am.fr\/#website","url":"https:\/\/www.ac-am.fr\/","name":"Autre Conscience, Autre Monde","description":"","publisher":{"@id":"https:\/\/www.ac-am.fr\/#organization"},"potentialAction":[{"@type":"SearchAction","target":{"@type":"EntryPoint","urlTemplate":"https:\/\/www.ac-am.fr\/?s={search_term_string}"},"query-input":{"@type":"PropertyValueSpecification","valueRequired":true,"valueName":"search_term_string"}}],"inLanguage":"fr-FR"},{"@type":"Organization","@id":"https:\/\/www.ac-am.fr\/#organization","name":"Autre Conscience, Autre Monde","url":"https:\/\/www.ac-am.fr\/","logo":{"@type":"ImageObject","inLanguage":"fr-FR","@id":"https:\/\/www.ac-am.fr\/#\/schema\/logo\/image\/","url":"https:\/\/www.ac-am.fr\/wp-content\/uploads\/2015\/10\/bd_ac_am.gif","contentUrl":"https:\/\/www.ac-am.fr\/wp-content\/uploads\/2015\/10\/bd_ac_am.gif","width":370,"height":65,"caption":"Autre Conscience, Autre Monde"},"image":{"@id":"https:\/\/www.ac-am.fr\/#\/schema\/logo\/image\/"},"sameAs":["https:\/\/fr-fr.facebook.com\/claude.acam\/","https:\/\/www.youtube.com\/user\/consciencemonde"]},{"@type":"Person","@id":"https:\/\/www.ac-am.fr\/#\/schema\/person\/8ba4336baa9f23867a7f37ed189bef96","name":"Jean-Samuel G.","image":{"@type":"ImageObject","inLanguage":"fr-FR","@id":"https:\/\/www.ac-am.fr\/#\/schema\/person\/image\/","url":"https:\/\/secure.gravatar.com\/avatar\/f2363bb60723dc8df83367598e801f39544f6ea45e89f440ded40fd90b76d38a?s=96&d=identicon&r=g","contentUrl":"https:\/\/secure.gravatar.com\/avatar\/f2363bb60723dc8df83367598e801f39544f6ea45e89f440ded40fd90b76d38a?s=96&d=identicon&r=g","caption":"Jean-Samuel G."},"url":"https:\/\/www.ac-am.fr\/index.php\/author\/jean-samuel-g\/"}]}},"_links":{"self":[{"href":"https:\/\/www.ac-am.fr\/index.php\/wp-json\/wp\/v2\/posts\/3833","targetHints":{"allow":["GET"]}}],"collection":[{"href":"https:\/\/www.ac-am.fr\/index.php\/wp-json\/wp\/v2\/posts"}],"about":[{"href":"https:\/\/www.ac-am.fr\/index.php\/wp-json\/wp\/v2\/types\/post"}],"author":[{"embeddable":true,"href":"https:\/\/www.ac-am.fr\/index.php\/wp-json\/wp\/v2\/users\/4"}],"replies":[{"embeddable":true,"href":"https:\/\/www.ac-am.fr\/index.php\/wp-json\/wp\/v2\/comments?post=3833"}],"version-history":[{"count":4,"href":"https:\/\/www.ac-am.fr\/index.php\/wp-json\/wp\/v2\/posts\/3833\/revisions"}],"predecessor-version":[{"id":3837,"href":"https:\/\/www.ac-am.fr\/index.php\/wp-json\/wp\/v2\/posts\/3833\/revisions\/3837"}],"wp:attachment":[{"href":"https:\/\/www.ac-am.fr\/index.php\/wp-json\/wp\/v2\/media?parent=3833"}],"wp:term":[{"taxonomy":"category","embeddable":true,"href":"https:\/\/www.ac-am.fr\/index.php\/wp-json\/wp\/v2\/categories?post=3833"},{"taxonomy":"post_tag","embeddable":true,"href":"https:\/\/www.ac-am.fr\/index.php\/wp-json\/wp\/v2\/tags?post=3833"}],"curies":[{"name":"wp","href":"https:\/\/api.w.org\/{rel}","templated":true}]}}