{"id":3883,"date":"2016-11-29T17:14:55","date_gmt":"2016-11-29T16:14:55","guid":{"rendered":"https:\/\/www.ac-am.fr\/?p=3883"},"modified":"2017-04-11T22:34:55","modified_gmt":"2017-04-11T21:34:55","slug":"chercheuse-de-reves","status":"publish","type":"post","link":"https:\/\/www.ac-am.fr\/index.php\/2016\/11\/29\/chercheuse-de-reves\/","title":{"rendered":"La chercheuse de R\u00eaves\u2026"},"content":{"rendered":"<div id=\"inities\" style=\"background-attachment: fixed; border: 2px solid #FF9900; border-radius: 10px; opacity: 0.90;\">\n<table class=\"aligncenter\" style=\"width: 600px;\" border=\"0\">\n<tbody>\n<tr>\n<td>\n<table class=\"aligncenter\" style=\"width: 567px; height: 190px;\" border=\"0\">\n<tbody>\n<tr>\n<td><img decoding=\"async\" class=\"aligncenter\" src=\"http:\/\/www.ac-am.fr\/wp-content\/uploads\/2015\/09\/barre_mr.gif\" alt=\"\" border=\"0\" \/><\/td>\n<\/tr>\n<tr>\n<td style=\"text-align: left;\"><img loading=\"lazy\" decoding=\"async\" src=\"http:\/\/www.ac-am.fr\/wp-content\/uploads\/2015\/10\/retepouv.gif\" alt=\"R\u00e9flexions et T\u00e9moignages\" width=\"380\" height=\"100\" border=\"0\" \/><img loading=\"lazy\" decoding=\"async\" src=\"http:\/\/www.ac-am.fr\/wp-content\/uploads\/2016\/02\/cal2016.gif\" alt=\"Ann\u00e9e 2016\" width=\"150\" height=\"100\" border=\"0\" \/><\/td>\n<\/tr>\n<tr>\n<td><img decoding=\"async\" class=\"aligncenter\" src=\"http:\/\/www.ac-am.fr\/wp-content\/uploads\/2015\/09\/barre_mr.gif\" alt=\"\" border=\"0\" \/><\/td>\n<\/tr>\n<\/tbody>\n<\/table>\n<table class=\"aligncenter\" style=\"width: 590px;\" border=\"0\">\n<tbody>\n<tr>\n<td><a name=\"Maia_Larzabal_Jude_initie16_01\"><\/a><b class=\"ntitre1\">La chercheuse de R\u00eaves\u2026<\/b><\/td>\n<\/tr>\n<tr>\n<td colspan=\"2\"><img decoding=\"async\" class=\"aligncenter\" src=\"http:\/\/www.ac-am.fr\/wp-content\/uploads\/2015\/09\/barre_rd.gif\" alt=\"\" border=\"0\" \/><\/td>\n<\/tr>\n<tr>\n<td style=\"text-align: left;\">\n<p><span class=\"gmoyen\"><img decoding=\"async\" src=\"http:\/\/www.ac-am.fr\/wp-content\/uploads\/2015\/09\/balle02.gif\" alt=\"\" border=\"0\" \/> Je suis avant tout une \u00ab\u00a0chercheuse de r\u00eaves\u00a0\u00bb, cela signifie que je cherche \u00e0 comprendre \u00e0 quoi peut servir le r\u00eave en dehors du c\u00f4t\u00e9 psychanalytique.<\/span><\/p>\n<p><span class=\"gmoyen\"><img decoding=\"async\" src=\"http:\/\/www.ac-am.fr\/wp-content\/uploads\/2015\/09\/balle02.gif\" alt=\"\" border=\"0\" \/> En 2007, je passe une p\u00e9riode, dit \u00ab\u00a0d\u2019Hermite\u00a0\u00bb, je deviens solitaire par choix, mon but \u00e9tant de vivre au maximum les r\u00eaves.<\/span><\/p>\n<p><span class=\"gmoyen\"><img decoding=\"async\" src=\"http:\/\/www.ac-am.fr\/wp-content\/uploads\/2015\/09\/balle02.gif\" alt=\"\" border=\"0\" \/> Je d\u00e9couvre, ce que j&rsquo;appelle les \u00ab\u00a0r\u00eaves de m\u00e9moire d&rsquo;ADN\u00a0\u00bb, quelque temps apr\u00e8s, j&rsquo;en parle \u00e0 une amie. Aucune preuve scientifique, mais je sais que j&rsquo;ai raison.<\/span><\/p>\n<p><span class=\"gmoyen\"><img decoding=\"async\" src=\"http:\/\/www.ac-am.fr\/wp-content\/uploads\/2015\/09\/balle02.gif\" alt=\"\" border=\"0\" \/> Quelques ann\u00e9es plus tard, confirmation scientifique, cette fois-ci, on en parle \u00e0 la t\u00e9l\u00e9vision, nous aurions une m\u00e9moire d&rsquo;ADN. Ce que j&rsquo;ai ressenti en entendant cette d\u00e9couverte ? De la joie, tout simplement.<\/span><\/p>\n<p><span class=\"gmoyen\"><img decoding=\"async\" src=\"http:\/\/www.ac-am.fr\/wp-content\/uploads\/2015\/09\/balle02.gif\" alt=\"\" border=\"0\" \/> Un des r\u00eaves, qui m&rsquo;a amen\u00e9 \u00e0 cette d\u00e9couverte, est li\u00e9 \u00e0 ma m\u00e8re, j&rsquo;avais fait un r\u00eave en noir et blanc, ce qui pour moi est assez exceptionnel. C&rsquo;\u00e9tait un r\u00eave o\u00f9 je me voyais en tant que \u00ab\u00a0cam\u00e9ra\u00a0\u00bb, ma m\u00e8re devait avoir 16 ans environ (9 ans avant ma naissance) et avait une discussion avec ses parents.<\/span><\/p>\n<p><span class=\"gmoyen\"><img decoding=\"async\" src=\"http:\/\/www.ac-am.fr\/wp-content\/uploads\/2015\/09\/balle02.gif\" alt=\"\" border=\"0\" \/> Au r\u00e9veil, tout \u00e9tait vraiment clair, les mots, les gestes, les ressentis. Dans la journ\u00e9e, je d\u00e9cide, d&rsquo;appeler ma m\u00e8re, pour savoir si c&rsquo;est un d\u00e9lire de ma part ou une r\u00e9alit\u00e9.<br \/>\n Confirmation, c&rsquo;\u00e9tait bien une r\u00e9alit\u00e9. Une r\u00e9alit\u00e9 que je ne connaissais pas, mais qui \u00e9tait inscrite en moi.<\/span><\/p>\n<p><span class=\"gmoyen\"><img decoding=\"async\" src=\"http:\/\/www.ac-am.fr\/wp-content\/uploads\/2015\/09\/balle02.gif\" alt=\"\" border=\"0\" \/> La m\u00e9moire des r\u00eaves est illimit\u00e9e, nous portons en nous, toutes les connaissances.<br \/>\n Un jour, on m&rsquo;a pos\u00e9 cette question : \u00ab\u00a0Pourquoi veux-tu te mettre \u00e0 ton compte, quelle est ta particularit\u00e9, que peux-tu apporter de nouveau ?\u00a0\u00bb<\/span><\/p>\n<p><span class=\"gmoyen\">Voici, ma r\u00e9ponse :<\/span><br \/>\n <span class=\"gmoyen\"><img decoding=\"async\" src=\"http:\/\/www.ac-am.fr\/wp-content\/uploads\/2015\/09\/balle02.gif\" alt=\"\" border=\"0\" \/> \u00ab\u00a0Parce que je n&rsquo;ai pas fait les choses dans l&rsquo;ordre, non, je n&rsquo;ai pas \u00e9tudi\u00e9 d&rsquo;abord la psychologie, ni comment il fallait r\u00eaver, j&rsquo;ai tout d&rsquo;abord v\u00e9cu, puis j&rsquo;ai fait des choix, certains lourds de cons\u00e9quences&#8230; Une vie souvent tr\u00e8s dure, mais je me suis toujours relev\u00e9e.<\/span><\/p>\n<p><span class=\"gmoyen\"><img decoding=\"async\" src=\"http:\/\/www.ac-am.fr\/wp-content\/uploads\/2015\/09\/balle02.gif\" alt=\"\" border=\"0\" \/> J&rsquo;ai bris\u00e9 la plupart de mes croyances et les r\u00eaves sont arriv\u00e9s \u00e0 un moment o\u00f9 je me sentais perdue. Ils sont arriv\u00e9s comme une lumi\u00e8re au bout du tunnel. Ils sont arriv\u00e9s sans que je ne demande rien. Ils sont venus me montrer ce que l&rsquo;homme ne me montrait pas.<\/span><\/p>\n<p><span class=\"gmoyen\"><img decoding=\"async\" src=\"http:\/\/www.ac-am.fr\/wp-content\/uploads\/2015\/09\/balle02.gif\" alt=\"\" border=\"0\" \/> Au lieu de prendre des livres pour comprendre mes r\u00eaves, j&rsquo;ai d\u00e9cid\u00e9 que mes r\u00eaves allaient me montrer ce qu&rsquo;ils \u00e9taient.<\/span><\/p>\n<p><span class=\"gmoyen\"><img decoding=\"async\" src=\"http:\/\/www.ac-am.fr\/wp-content\/uploads\/2015\/09\/balle02.gif\" alt=\"\" border=\"0\" \/> Je suis devenue \u00ab\u00a0Chercheuse de r\u00eaves\u00a0\u00bb, c&rsquo;est comme \u00e7a que j&rsquo;aime \u00e0 me d\u00e9finir. Chaque matin, je me r\u00e9veillais avec des connaissances que je n&rsquo;avais pas la veille, avec la compr\u00e9hension des r\u00eaves ou de symboles qui me faisaient d\u00e9faut.<\/span><\/p>\n<p><span class=\"gmoyen\"><img decoding=\"async\" src=\"http:\/\/www.ac-am.fr\/wp-content\/uploads\/2015\/09\/balle02.gif\" alt=\"\" border=\"0\" \/> Puis lorsque j&rsquo;ai compris le r\u00eave, que j&rsquo;ai su que cela m&rsquo;\u00e9tait acquis, qu&rsquo;il \u00e9tait devenu ma structure de base, que je savais que rien ne pouvait toucher \u00e0 ce que j&rsquo;avais compris, alors j&rsquo;ai d\u00e9cid\u00e9 de lire. Parce que j&rsquo;avais la foi.<\/span><\/p>\n<p><span class=\"gmoyen\"><img decoding=\"async\" src=\"http:\/\/www.ac-am.fr\/wp-content\/uploads\/2015\/09\/balle02.gif\" alt=\"\" border=\"0\" \/> J&rsquo;ai lu ce qu&rsquo;on appelle les ma\u00eetres, surtout un, Jung, et j&rsquo;ai vu que ce que j&rsquo;avais compris ressemblait \u00e9trangement \u00e0 ce que Jung avait \u00e9crit, mais pas sur tout. Un jour, une amie m&rsquo;a offert un livre sur les r\u00eaves, plus d\u2019anthropologie et de chamanisme. J&rsquo;ai vu que l\u00e0 aussi mes connaissances int\u00e9rieures, celles que j&rsquo;avais apprises seule, \u00e9taient les m\u00eames que ce qui \u00e9tait \u00e9crit. Alors j&rsquo;ai su que je ne me trompais pas.<\/span><\/p>\n<p><span class=\"gmoyen\"><img decoding=\"async\" src=\"http:\/\/www.ac-am.fr\/wp-content\/uploads\/2015\/09\/balle02.gif\" alt=\"\" border=\"0\" \/> Je pouvais entrer dans les r\u00eaves avec confiance, car ce que je savais, je ne le savais pas par lecture ou ce que j&rsquo;avais \u00e9tudi\u00e9, mais bien parce ce qu&rsquo;il faisait partie de moi, parce que j&rsquo;avais v\u00e9cu le R\u00eave.<\/span><\/p>\n<p><span class=\"gmoyen\"><img decoding=\"async\" src=\"http:\/\/www.ac-am.fr\/wp-content\/uploads\/2015\/09\/balle02.gif\" alt=\"\" border=\"0\" \/> J&rsquo;ai fini par associer mes propres recherches et mes connaissances \u00e0 ce qui \u00e9tait d\u00e9j\u00e0 connu.<\/span><\/p>\n<p><span class=\"gmoyen\"><img decoding=\"async\" src=\"http:\/\/www.ac-am.fr\/wp-content\/uploads\/2015\/09\/balle02.gif\" alt=\"\" border=\"0\" \/> \u00c0 la question \u00ab\u00a0Pourquoi ?\u00a0\u00bb&#8230; Ma r\u00e9ponse est \u00ab\u00a0Parce que je vis le r\u00eave et je suis s\u00fbre de pouvoir aider.\u00a0\u00bb<\/span><\/p>\n<p><span class=\"gmoyen\"><img decoding=\"async\" src=\"http:\/\/www.ac-am.fr\/wp-content\/uploads\/2015\/09\/balle02.gif\" alt=\"\" border=\"0\" \/> Je n&rsquo;ai pas de ma\u00eetre, si ce n&rsquo;est que le R\u00eave.<\/span><\/p>\n<p><span class=\"gmoyen\"><img decoding=\"async\" src=\"http:\/\/www.ac-am.fr\/wp-content\/uploads\/2015\/09\/balle02.gif\" alt=\"\" border=\"0\" \/> J\u2019ai parl\u00e9 plus haut de la m\u00e9moire de l&rsquo;ADN. Est-ce la seule m\u00e9moire qui existe en nous ?<\/span><\/p>\n<p> <span class=\"gmoyen\"><img decoding=\"async\" src=\"http:\/\/www.ac-am.fr\/wp-content\/uploads\/2015\/09\/balle02.gif\" alt=\"\" border=\"0\" \/> Partons du fait que le r\u00eave n&rsquo;a aucune limite espace-temps. Partant de ce principe, je peux dire qu&rsquo;en effet, nous avons en nous toutes les m\u00e9moires, lorsque je dis toutes les m\u00e9moires, je parle bien s\u00fbr, des m\u00e9moires des VIES ANT\u00c9RIEURES.<\/span><\/p>\n<p><span class=\"gmoyen\"><img decoding=\"async\" src=\"http:\/\/www.ac-am.fr\/wp-content\/uploads\/2015\/09\/balle02.gif\" alt=\"\" border=\"0\" \/> Je suis consciente que je pars sur un chemin, qui peut faire peur ou amener des r\u00e9fractaires quant \u00e0 ma fa\u00e7on d&rsquo;\u00eatre, mais le jour o\u00f9 j&rsquo;ai d\u00e9cid\u00e9 de cr\u00e9er cette page et me mettre \u00e0 mon compte, j&rsquo;ai aussi d\u00e9cid\u00e9 de faire voir le r\u00eave tel que je l&rsquo;ai v\u00e9cu ou tel que je le vis, sans aucune censure, ou presque.<\/span><\/p>\n<p><span class=\"gmoyen\"><img decoding=\"async\" src=\"http:\/\/www.ac-am.fr\/wp-content\/uploads\/2015\/09\/balle02.gif\" alt=\"\" border=\"0\" \/> Est-ce que je crois aux vies ant\u00e9rieures ? Oui. Est-ce que j&rsquo;y ai toujours cru ? Non.<br \/>\n Peut-on tous r\u00eaver de nos vies pass\u00e9es ? Oui, mais\u2026 Il y a une condition.<\/span><\/p>\n<p><span class=\"gmoyen\"><img decoding=\"async\" src=\"http:\/\/www.ac-am.fr\/wp-content\/uploads\/2015\/09\/balle02.gif\" alt=\"\" border=\"0\" \/> J&rsquo;ai commenc\u00e9 \u00e0 r\u00eaver en \u00ab costume \u00bb (j&rsquo;entends par l\u00e0, des v\u00eatements, r\u00f4les qui n&rsquo;appartiennent pas \u00e0 ma vie actuelle), \u00e0 certains moments de ma vie. Au d\u00e9but, m\u00eame si ce genre de r\u00eave me fascinait, je mettais \u00e7a, sur le compte de la symbolique, d&rsquo;\u00e9ducation jud\u00e9o-chr\u00e9tienne, la vie ant\u00e9rieure n&rsquo;existait pas.<\/span><\/p>\n<p><span class=\"gmoyen\"><img decoding=\"async\" src=\"http:\/\/www.ac-am.fr\/wp-content\/uploads\/2015\/09\/balle02.gif\" alt=\"\" border=\"0\" \/> Puis \u00e0 une \u00e9poque de ma vie, o\u00f9 j&rsquo;essayais de comprendre une histoire d&rsquo;amour dont je n&rsquo;arrivais pas \u00e0 me d\u00e9tacher. Une nuit, j&rsquo;ai fait trois r\u00eaves, \u00e0 chaque fois, j&rsquo;\u00e9tais avec cette personne, mais dans des lieux, des \u00e9poques diff\u00e9rentes. Le matin, au r\u00e9veil, j&rsquo;avais une clef en plus. Cette histoire se r\u00e9p\u00e9tait \u00e9poque apr\u00e8s \u00e9poque.<\/span><\/p>\n<p><span class=\"gmoyen\"><img decoding=\"async\" src=\"http:\/\/www.ac-am.fr\/wp-content\/uploads\/2015\/09\/balle02.gif\" alt=\"\" border=\"0\" \/> Malgr\u00e9 ces r\u00eaves, je suis un peu comme St Thomas, mes croyances \u00e9taient plus fortes que ce que les r\u00eaves me montraient.<\/span><\/p>\n<p><span class=\"gmoyen\"><img decoding=\"async\" src=\"http:\/\/www.ac-am.fr\/wp-content\/uploads\/2015\/09\/balle02.gif\" alt=\"\" border=\"0\" \/> Puis \u00e0 partir de 2007, l&rsquo;ann\u00e9e qui commen\u00e7a ma p\u00e9riode \u00ab\u00a0d&rsquo;Hermite\u00a0\u00bb, par choix, mes r\u00eaves sont devenus plus \u00ab\u00a0bavards\u00a0\u00bb.<\/span><\/p>\n<p><span class=\"gmoyen\"><img decoding=\"async\" src=\"http:\/\/www.ac-am.fr\/wp-content\/uploads\/2015\/09\/balle02.gif\" alt=\"\" border=\"0\" \/> C&rsquo;\u00e9tait l&rsquo;\u00e9poque aussi des m\u00e9moires d&rsquo;ADN. Je commen\u00e7ais \u00e0 me perdre dans toutes ces donn\u00e9es. Puis une nuit, je fis deux r\u00eaves \u00e0 la suite, l&rsquo;un de m\u00e9moire d&rsquo;ADN et l&rsquo;autre de vie ant\u00e9rieure. \u00c0 la fin du dernier r\u00eave, une personne dedans me disait, \u00ab tu comprends la diff\u00e9rence, maintenant tu y crois aux vies ant\u00e9rieures ? \u00bb. Depuis ce jour, je n&rsquo;ai plus aucun doute.<\/span><\/p>\n<p><span class=\"gmoyen\"><img decoding=\"async\" src=\"http:\/\/www.ac-am.fr\/wp-content\/uploads\/2015\/09\/balle02.gif\" alt=\"\" border=\"0\" \/> Deux des conditions, pour faire des r\u00eaves de ce type, sont, la premi\u00e8re, devoir comprendre, et d\u00e9passer une exp\u00e9rience qui se r\u00e9p\u00e8te, et la deuxi\u00e8me \u00e9largir notre plan de conscience.<\/span><\/p>\n<p> <span class=\"gmoyen\"><img decoding=\"async\" src=\"http:\/\/www.ac-am.fr\/wp-content\/uploads\/2015\/09\/balle02.gif\" alt=\"\" border=\"0\" \/> Brisons nos croyances, restons ouverts \u00e0 l&rsquo;inconnu.<\/span><\/p>\n<p><span class=\"gmoyen\"><i>[<span style=\"color: #94fbbb;\">Maia Larzabal Jude. &#8211; le 29-11-16<\/span>]<\/i><\/span><a target=\"_self\"><img loading=\"lazy\" decoding=\"async\" src=\"http:\/\/www.ac-am.fr\/wp-content\/uploads\/2015\/09\/sphere.gif\" alt=\"\" width=\"36\" height=\"36\" border=\"0\" hspace=\"10\" \/><\/a><a href=\"https:\/\/www.facebook.com\/mariepierrejudelarzabal\/\" target=\"_blank\"><img loading=\"lazy\" decoding=\"async\" src=\"http:\/\/www.ac-am.fr\/wp-content\/uploads\/2015\/12\/Facebook-icon.png\" alt=\"faceBook\" width=\"36\" height=\"36\" border=\"0\" \/><\/a><\/p>\n<\/td>\n<\/tr>\n<\/tbody>\n<\/table>\n<\/td>\n<\/tr>\n<\/tbody>\n<\/table>\n<\/div>\n<div style=\"padding-bottom:20px; padding-top:10px;\" class=\"hupso-share-buttons\"><!-- Hupso Share Buttons - https:\/\/www.hupso.com\/share\/ --><a class=\"hupso_toolbar\" href=\"https:\/\/www.hupso.com\/share\/\"><img decoding=\"async\" src=\"https:\/\/static.hupso.com\/share\/buttons\/lang\/fr\/share.png\" style=\"border:0px; padding-top: 5px; float:left;\" alt=\"Share Button\"\/><\/a><script type=\"text\/javascript\">var hupso_services_t=new Array(\"Twitter\",\"Facebook\",\"Google Plus\");var hupso_background_t=\"#EAF4FF\";var hupso_border_t=\"#66CCFF\";var hupso_toolbar_size_t=\"big\";var hupso_image_folder_url = \"\";var hupso_url_t=\"\";var hupso_title_t=\"La%20chercheuse%20de%20R%C3%AAves%E2%80%A6\";<\/script><script type=\"text\/javascript\" src=\"https:\/\/static.hupso.com\/share\/js\/share_toolbar.js\"><\/script><!-- Hupso Share Buttons --><\/div>","protected":false},"excerpt":{"rendered":"<p>La chercheuse de R\u00eaves\u2026 Je suis avant tout une \u00ab\u00a0chercheuse de r\u00eaves\u00a0\u00bb, cela signifie que&#8230;<\/p>\n","protected":false},"author":100,"featured_media":0,"comment_status":"closed","ping_status":"open","sticky":false,"template":"","format":"standard","meta":{"footnotes":""},"categories":[282],"tags":[],"class_list":["post-3883","post","type-post","status-publish","format-standard","hentry","category-2016-inities"],"yoast_head":"<!-- This site is optimized with the Yoast SEO plugin v26.9 - https:\/\/yoast.com\/product\/yoast-seo-wordpress\/ -->\n<title>La chercheuse de R\u00eaves\u2026 - Autre Conscience, Autre Monde<\/title>\n<meta name=\"robots\" content=\"index, follow, max-snippet:-1, max-image-preview:large, max-video-preview:-1\" \/>\n<link rel=\"canonical\" href=\"https:\/\/www.ac-am.fr\/index.php\/2016\/11\/29\/chercheuse-de-reves\/\" \/>\n<meta property=\"og:locale\" content=\"fr_FR\" \/>\n<meta property=\"og:type\" content=\"article\" \/>\n<meta property=\"og:title\" content=\"La chercheuse de R\u00eaves\u2026 - Autre Conscience, Autre Monde\" \/>\n<meta property=\"og:description\" content=\"La chercheuse de R\u00eaves\u2026 Je suis avant tout une \u00ab\u00a0chercheuse de r\u00eaves\u00a0\u00bb, cela signifie que...\" \/>\n<meta property=\"og:url\" content=\"https:\/\/www.ac-am.fr\/index.php\/2016\/11\/29\/chercheuse-de-reves\/\" \/>\n<meta property=\"og:site_name\" content=\"Autre Conscience, Autre Monde\" \/>\n<meta property=\"article:publisher\" content=\"https:\/\/fr-fr.facebook.com\/claude.acam\/\" \/>\n<meta property=\"article:published_time\" content=\"2016-11-29T16:14:55+00:00\" \/>\n<meta property=\"article:modified_time\" content=\"2017-04-11T21:34:55+00:00\" \/>\n<meta property=\"og:image\" content=\"http:\/\/www.ac-am.fr\/wp-content\/uploads\/2015\/09\/barre_mr.gif\" \/>\n<meta name=\"author\" content=\"Maia Larzabal Jude\" \/>\n<meta name=\"twitter:card\" content=\"summary_large_image\" \/>\n<meta name=\"twitter:label1\" content=\"\u00c9crit par\" \/>\n\t<meta name=\"twitter:data1\" content=\"Maia Larzabal Jude\" \/>\n\t<meta name=\"twitter:label2\" content=\"Dur\u00e9e de lecture estim\u00e9e\" \/>\n\t<meta name=\"twitter:data2\" content=\"6 minutes\" \/>\n<script type=\"application\/ld+json\" class=\"yoast-schema-graph\">{\"@context\":\"https:\/\/schema.org\",\"@graph\":[{\"@type\":\"Article\",\"@id\":\"https:\/\/www.ac-am.fr\/index.php\/2016\/11\/29\/chercheuse-de-reves\/#article\",\"isPartOf\":{\"@id\":\"https:\/\/www.ac-am.fr\/index.php\/2016\/11\/29\/chercheuse-de-reves\/\"},\"author\":{\"name\":\"Maia Larzabal Jude\",\"@id\":\"https:\/\/www.ac-am.fr\/#\/schema\/person\/1d352c8dd389d15aa75b2f568c60bd26\"},\"headline\":\"La chercheuse de R\u00eaves\u2026\",\"datePublished\":\"2016-11-29T16:14:55+00:00\",\"dateModified\":\"2017-04-11T21:34:55+00:00\",\"mainEntityOfPage\":{\"@id\":\"https:\/\/www.ac-am.fr\/index.php\/2016\/11\/29\/chercheuse-de-reves\/\"},\"wordCount\":1209,\"publisher\":{\"@id\":\"https:\/\/www.ac-am.fr\/#organization\"},\"image\":{\"@id\":\"https:\/\/www.ac-am.fr\/index.php\/2016\/11\/29\/chercheuse-de-reves\/#primaryimage\"},\"thumbnailUrl\":\"http:\/\/www.ac-am.fr\/wp-content\/uploads\/2015\/09\/barre_mr.gif\",\"articleSection\":[\"2016 \u2013 INITI\u00c9S\"],\"inLanguage\":\"fr-FR\"},{\"@type\":\"WebPage\",\"@id\":\"https:\/\/www.ac-am.fr\/index.php\/2016\/11\/29\/chercheuse-de-reves\/\",\"url\":\"https:\/\/www.ac-am.fr\/index.php\/2016\/11\/29\/chercheuse-de-reves\/\",\"name\":\"La chercheuse de R\u00eaves\u2026 - Autre Conscience, Autre Monde\",\"isPartOf\":{\"@id\":\"https:\/\/www.ac-am.fr\/#website\"},\"primaryImageOfPage\":{\"@id\":\"https:\/\/www.ac-am.fr\/index.php\/2016\/11\/29\/chercheuse-de-reves\/#primaryimage\"},\"image\":{\"@id\":\"https:\/\/www.ac-am.fr\/index.php\/2016\/11\/29\/chercheuse-de-reves\/#primaryimage\"},\"thumbnailUrl\":\"http:\/\/www.ac-am.fr\/wp-content\/uploads\/2015\/09\/barre_mr.gif\",\"datePublished\":\"2016-11-29T16:14:55+00:00\",\"dateModified\":\"2017-04-11T21:34:55+00:00\",\"breadcrumb\":{\"@id\":\"https:\/\/www.ac-am.fr\/index.php\/2016\/11\/29\/chercheuse-de-reves\/#breadcrumb\"},\"inLanguage\":\"fr-FR\",\"potentialAction\":[{\"@type\":\"ReadAction\",\"target\":[\"https:\/\/www.ac-am.fr\/index.php\/2016\/11\/29\/chercheuse-de-reves\/\"]}]},{\"@type\":\"ImageObject\",\"inLanguage\":\"fr-FR\",\"@id\":\"https:\/\/www.ac-am.fr\/index.php\/2016\/11\/29\/chercheuse-de-reves\/#primaryimage\",\"url\":\"https:\/\/www.ac-am.fr\/wp-content\/uploads\/2015\/09\/barre_mr.gif\",\"contentUrl\":\"https:\/\/www.ac-am.fr\/wp-content\/uploads\/2015\/09\/barre_mr.gif\",\"width\":550,\"height\":7,\"caption\":\"barre marron\"},{\"@type\":\"BreadcrumbList\",\"@id\":\"https:\/\/www.ac-am.fr\/index.php\/2016\/11\/29\/chercheuse-de-reves\/#breadcrumb\",\"itemListElement\":[{\"@type\":\"ListItem\",\"position\":1,\"name\":\"Accueil\",\"item\":\"https:\/\/www.ac-am.fr\/\"},{\"@type\":\"ListItem\",\"position\":2,\"name\":\"La chercheuse de R\u00eaves\u2026\"}]},{\"@type\":\"WebSite\",\"@id\":\"https:\/\/www.ac-am.fr\/#website\",\"url\":\"https:\/\/www.ac-am.fr\/\",\"name\":\"Autre Conscience, Autre Monde\",\"description\":\"\",\"publisher\":{\"@id\":\"https:\/\/www.ac-am.fr\/#organization\"},\"potentialAction\":[{\"@type\":\"SearchAction\",\"target\":{\"@type\":\"EntryPoint\",\"urlTemplate\":\"https:\/\/www.ac-am.fr\/?s={search_term_string}\"},\"query-input\":{\"@type\":\"PropertyValueSpecification\",\"valueRequired\":true,\"valueName\":\"search_term_string\"}}],\"inLanguage\":\"fr-FR\"},{\"@type\":\"Organization\",\"@id\":\"https:\/\/www.ac-am.fr\/#organization\",\"name\":\"Autre Conscience, Autre Monde\",\"url\":\"https:\/\/www.ac-am.fr\/\",\"logo\":{\"@type\":\"ImageObject\",\"inLanguage\":\"fr-FR\",\"@id\":\"https:\/\/www.ac-am.fr\/#\/schema\/logo\/image\/\",\"url\":\"https:\/\/www.ac-am.fr\/wp-content\/uploads\/2015\/10\/bd_ac_am.gif\",\"contentUrl\":\"https:\/\/www.ac-am.fr\/wp-content\/uploads\/2015\/10\/bd_ac_am.gif\",\"width\":370,\"height\":65,\"caption\":\"Autre Conscience, Autre Monde\"},\"image\":{\"@id\":\"https:\/\/www.ac-am.fr\/#\/schema\/logo\/image\/\"},\"sameAs\":[\"https:\/\/fr-fr.facebook.com\/claude.acam\/\",\"https:\/\/www.youtube.com\/user\/consciencemonde\"]},{\"@type\":\"Person\",\"@id\":\"https:\/\/www.ac-am.fr\/#\/schema\/person\/1d352c8dd389d15aa75b2f568c60bd26\",\"name\":\"Maia Larzabal Jude\",\"image\":{\"@type\":\"ImageObject\",\"inLanguage\":\"fr-FR\",\"@id\":\"https:\/\/www.ac-am.fr\/#\/schema\/person\/image\/\",\"url\":\"https:\/\/secure.gravatar.com\/avatar\/5b2494004bdb8019cdc4688403bc2f379c6d3e10fb6e7479a37508f038dd341f?s=96&d=identicon&r=g\",\"contentUrl\":\"https:\/\/secure.gravatar.com\/avatar\/5b2494004bdb8019cdc4688403bc2f379c6d3e10fb6e7479a37508f038dd341f?s=96&d=identicon&r=g\",\"caption\":\"Maia Larzabal Jude\"},\"url\":\"https:\/\/www.ac-am.fr\/index.php\/author\/maia-larzabal-jude\/\"}]}<\/script>\n<!-- \/ Yoast SEO plugin. -->","yoast_head_json":{"title":"La chercheuse de R\u00eaves\u2026 - Autre Conscience, Autre Monde","robots":{"index":"index","follow":"follow","max-snippet":"max-snippet:-1","max-image-preview":"max-image-preview:large","max-video-preview":"max-video-preview:-1"},"canonical":"https:\/\/www.ac-am.fr\/index.php\/2016\/11\/29\/chercheuse-de-reves\/","og_locale":"fr_FR","og_type":"article","og_title":"La chercheuse de R\u00eaves\u2026 - Autre Conscience, Autre Monde","og_description":"La chercheuse de R\u00eaves\u2026 Je suis avant tout une \u00ab\u00a0chercheuse de r\u00eaves\u00a0\u00bb, cela signifie que...","og_url":"https:\/\/www.ac-am.fr\/index.php\/2016\/11\/29\/chercheuse-de-reves\/","og_site_name":"Autre Conscience, Autre Monde","article_publisher":"https:\/\/fr-fr.facebook.com\/claude.acam\/","article_published_time":"2016-11-29T16:14:55+00:00","article_modified_time":"2017-04-11T21:34:55+00:00","og_image":[{"url":"http:\/\/www.ac-am.fr\/wp-content\/uploads\/2015\/09\/barre_mr.gif","type":"","width":"","height":""}],"author":"Maia Larzabal Jude","twitter_card":"summary_large_image","twitter_misc":{"\u00c9crit par":"Maia Larzabal Jude","Dur\u00e9e de lecture estim\u00e9e":"6 minutes"},"schema":{"@context":"https:\/\/schema.org","@graph":[{"@type":"Article","@id":"https:\/\/www.ac-am.fr\/index.php\/2016\/11\/29\/chercheuse-de-reves\/#article","isPartOf":{"@id":"https:\/\/www.ac-am.fr\/index.php\/2016\/11\/29\/chercheuse-de-reves\/"},"author":{"name":"Maia Larzabal Jude","@id":"https:\/\/www.ac-am.fr\/#\/schema\/person\/1d352c8dd389d15aa75b2f568c60bd26"},"headline":"La chercheuse de R\u00eaves\u2026","datePublished":"2016-11-29T16:14:55+00:00","dateModified":"2017-04-11T21:34:55+00:00","mainEntityOfPage":{"@id":"https:\/\/www.ac-am.fr\/index.php\/2016\/11\/29\/chercheuse-de-reves\/"},"wordCount":1209,"publisher":{"@id":"https:\/\/www.ac-am.fr\/#organization"},"image":{"@id":"https:\/\/www.ac-am.fr\/index.php\/2016\/11\/29\/chercheuse-de-reves\/#primaryimage"},"thumbnailUrl":"http:\/\/www.ac-am.fr\/wp-content\/uploads\/2015\/09\/barre_mr.gif","articleSection":["2016 \u2013 INITI\u00c9S"],"inLanguage":"fr-FR"},{"@type":"WebPage","@id":"https:\/\/www.ac-am.fr\/index.php\/2016\/11\/29\/chercheuse-de-reves\/","url":"https:\/\/www.ac-am.fr\/index.php\/2016\/11\/29\/chercheuse-de-reves\/","name":"La chercheuse de R\u00eaves\u2026 - Autre Conscience, Autre Monde","isPartOf":{"@id":"https:\/\/www.ac-am.fr\/#website"},"primaryImageOfPage":{"@id":"https:\/\/www.ac-am.fr\/index.php\/2016\/11\/29\/chercheuse-de-reves\/#primaryimage"},"image":{"@id":"https:\/\/www.ac-am.fr\/index.php\/2016\/11\/29\/chercheuse-de-reves\/#primaryimage"},"thumbnailUrl":"http:\/\/www.ac-am.fr\/wp-content\/uploads\/2015\/09\/barre_mr.gif","datePublished":"2016-11-29T16:14:55+00:00","dateModified":"2017-04-11T21:34:55+00:00","breadcrumb":{"@id":"https:\/\/www.ac-am.fr\/index.php\/2016\/11\/29\/chercheuse-de-reves\/#breadcrumb"},"inLanguage":"fr-FR","potentialAction":[{"@type":"ReadAction","target":["https:\/\/www.ac-am.fr\/index.php\/2016\/11\/29\/chercheuse-de-reves\/"]}]},{"@type":"ImageObject","inLanguage":"fr-FR","@id":"https:\/\/www.ac-am.fr\/index.php\/2016\/11\/29\/chercheuse-de-reves\/#primaryimage","url":"https:\/\/www.ac-am.fr\/wp-content\/uploads\/2015\/09\/barre_mr.gif","contentUrl":"https:\/\/www.ac-am.fr\/wp-content\/uploads\/2015\/09\/barre_mr.gif","width":550,"height":7,"caption":"barre marron"},{"@type":"BreadcrumbList","@id":"https:\/\/www.ac-am.fr\/index.php\/2016\/11\/29\/chercheuse-de-reves\/#breadcrumb","itemListElement":[{"@type":"ListItem","position":1,"name":"Accueil","item":"https:\/\/www.ac-am.fr\/"},{"@type":"ListItem","position":2,"name":"La chercheuse de R\u00eaves\u2026"}]},{"@type":"WebSite","@id":"https:\/\/www.ac-am.fr\/#website","url":"https:\/\/www.ac-am.fr\/","name":"Autre Conscience, Autre Monde","description":"","publisher":{"@id":"https:\/\/www.ac-am.fr\/#organization"},"potentialAction":[{"@type":"SearchAction","target":{"@type":"EntryPoint","urlTemplate":"https:\/\/www.ac-am.fr\/?s={search_term_string}"},"query-input":{"@type":"PropertyValueSpecification","valueRequired":true,"valueName":"search_term_string"}}],"inLanguage":"fr-FR"},{"@type":"Organization","@id":"https:\/\/www.ac-am.fr\/#organization","name":"Autre Conscience, Autre Monde","url":"https:\/\/www.ac-am.fr\/","logo":{"@type":"ImageObject","inLanguage":"fr-FR","@id":"https:\/\/www.ac-am.fr\/#\/schema\/logo\/image\/","url":"https:\/\/www.ac-am.fr\/wp-content\/uploads\/2015\/10\/bd_ac_am.gif","contentUrl":"https:\/\/www.ac-am.fr\/wp-content\/uploads\/2015\/10\/bd_ac_am.gif","width":370,"height":65,"caption":"Autre Conscience, Autre Monde"},"image":{"@id":"https:\/\/www.ac-am.fr\/#\/schema\/logo\/image\/"},"sameAs":["https:\/\/fr-fr.facebook.com\/claude.acam\/","https:\/\/www.youtube.com\/user\/consciencemonde"]},{"@type":"Person","@id":"https:\/\/www.ac-am.fr\/#\/schema\/person\/1d352c8dd389d15aa75b2f568c60bd26","name":"Maia Larzabal Jude","image":{"@type":"ImageObject","inLanguage":"fr-FR","@id":"https:\/\/www.ac-am.fr\/#\/schema\/person\/image\/","url":"https:\/\/secure.gravatar.com\/avatar\/5b2494004bdb8019cdc4688403bc2f379c6d3e10fb6e7479a37508f038dd341f?s=96&d=identicon&r=g","contentUrl":"https:\/\/secure.gravatar.com\/avatar\/5b2494004bdb8019cdc4688403bc2f379c6d3e10fb6e7479a37508f038dd341f?s=96&d=identicon&r=g","caption":"Maia Larzabal Jude"},"url":"https:\/\/www.ac-am.fr\/index.php\/author\/maia-larzabal-jude\/"}]}},"_links":{"self":[{"href":"https:\/\/www.ac-am.fr\/index.php\/wp-json\/wp\/v2\/posts\/3883","targetHints":{"allow":["GET"]}}],"collection":[{"href":"https:\/\/www.ac-am.fr\/index.php\/wp-json\/wp\/v2\/posts"}],"about":[{"href":"https:\/\/www.ac-am.fr\/index.php\/wp-json\/wp\/v2\/types\/post"}],"author":[{"embeddable":true,"href":"https:\/\/www.ac-am.fr\/index.php\/wp-json\/wp\/v2\/users\/100"}],"replies":[{"embeddable":true,"href":"https:\/\/www.ac-am.fr\/index.php\/wp-json\/wp\/v2\/comments?post=3883"}],"version-history":[{"count":6,"href":"https:\/\/www.ac-am.fr\/index.php\/wp-json\/wp\/v2\/posts\/3883\/revisions"}],"predecessor-version":[{"id":3889,"href":"https:\/\/www.ac-am.fr\/index.php\/wp-json\/wp\/v2\/posts\/3883\/revisions\/3889"}],"wp:attachment":[{"href":"https:\/\/www.ac-am.fr\/index.php\/wp-json\/wp\/v2\/media?parent=3883"}],"wp:term":[{"taxonomy":"category","embeddable":true,"href":"https:\/\/www.ac-am.fr\/index.php\/wp-json\/wp\/v2\/categories?post=3883"},{"taxonomy":"post_tag","embeddable":true,"href":"https:\/\/www.ac-am.fr\/index.php\/wp-json\/wp\/v2\/tags?post=3883"}],"curies":[{"name":"wp","href":"https:\/\/api.w.org\/{rel}","templated":true}]}}