{"id":3892,"date":"2016-11-30T18:25:16","date_gmt":"2016-11-30T17:25:16","guid":{"rendered":"https:\/\/www.ac-am.fr\/?p=3892"},"modified":"2017-04-11T22:34:03","modified_gmt":"2017-04-11T21:34:03","slug":"propos-reve-premonitoire","status":"publish","type":"post","link":"https:\/\/www.ac-am.fr\/index.php\/2016\/11\/30\/propos-reve-premonitoire\/","title":{"rendered":"Propos sur le r\u00eave pr\u00e9monitoire."},"content":{"rendered":"<div id=\"inities\" style=\"background-attachment: fixed; border: 2px solid #FF9900; border-radius: 10px; opacity: 0.90;\">\n<table class=\"aligncenter\" style=\"width: 600px;\" border=\"0\">\n<tbody>\n<tr>\n<td>\n<table class=\"aligncenter\" style=\"width: 567px; height: 190px;\" border=\"0\">\n<tbody>\n<tr>\n<td><img decoding=\"async\" class=\"aligncenter\" src=\"http:\/\/www.ac-am.fr\/wp-content\/uploads\/2015\/09\/barre_mr.gif\" alt=\"\" border=\"0\" \/><\/td>\n<\/tr>\n<tr>\n<td style=\"text-align: left;\"><img loading=\"lazy\" decoding=\"async\" src=\"http:\/\/www.ac-am.fr\/wp-content\/uploads\/2015\/10\/retepouv.gif\" alt=\"R\u00e9flexions et T\u00e9moignages\" width=\"380\" height=\"100\" border=\"0\" \/><img loading=\"lazy\" decoding=\"async\" src=\"http:\/\/www.ac-am.fr\/wp-content\/uploads\/2016\/02\/cal2016.gif\" alt=\"Ann\u00e9e 2016\" width=\"150\" height=\"100\" border=\"0\" \/><\/td>\n<\/tr>\n<tr>\n<td><img decoding=\"async\" class=\"aligncenter\" src=\"http:\/\/www.ac-am.fr\/wp-content\/uploads\/2015\/09\/barre_mr.gif\" alt=\"\" border=\"0\" \/><\/td>\n<\/tr>\n<\/tbody>\n<\/table>\n<table class=\"aligncenter\" style=\"width: 590px;\" border=\"0\">\n<tbody>\n<tr>\n<td><a name=\"Maia_Larzabal_Jude_initie16_01\"><\/a><b class=\"ntitre1\">Propos sur le r\u00eave pr\u00e9monitoire.<\/b><\/td>\n<\/tr>\n<tr>\n<td colspan=\"2\"><img decoding=\"async\" class=\"aligncenter\" src=\"http:\/\/www.ac-am.fr\/wp-content\/uploads\/2015\/09\/barre_rd.gif\" alt=\"\" border=\"0\" \/><\/td>\n<\/tr>\n<tr>\n<td style=\"text-align: left;\">\n<p><span class=\"gmoyen\"><img decoding=\"async\" src=\"http:\/\/www.ac-am.fr\/wp-content\/uploads\/2015\/09\/balle02.gif\" alt=\"\" border=\"0\" \/> I &#8211; Qu&rsquo;est-ce qu&rsquo;un r\u00eave pr\u00e9monitoire ?<\/span><\/p>\n<p><span class=\"gmoyen\"><img decoding=\"async\" src=\"http:\/\/www.ac-am.fr\/wp-content\/uploads\/2015\/09\/balle02.gif\" alt=\"\" border=\"0\" \/> Voici, la d\u00e9finition du Web. Un r\u00eave pr\u00e9monitoire est un r\u00eave pr\u00e9tendu traitant d&rsquo;un sujet r\u00e9el, parfois de nature symbolique et semblant \u00eatre une repr\u00e9sentation d&rsquo;une situation, d&rsquo;un \u00e9v\u00e9nement ext\u00e9rieur pr\u00e9sent ou futur dont le r\u00eaveur n&rsquo;avait pas conscience au moment de s&rsquo;endormir&#8230;<\/span><\/p>\n<p><span class=\"gmoyen\"><img decoding=\"async\" src=\"http:\/\/www.ac-am.fr\/wp-content\/uploads\/2015\/09\/balle02.gif\" alt=\"\" border=\"0\" \/> Cela explique bien, que le r\u00eave pr\u00e9monitoire ne peut \u00eatre consid\u00e9r\u00e9 comme tel, que si et je dis bien si, le r\u00eaveur n&rsquo;a aucune possibilit\u00e9 par la r\u00e9flexion d&rsquo;imaginer ce qui pourrait se produire.<\/span><\/p>\n<p><span class=\"gmoyen\"><img decoding=\"async\" src=\"http:\/\/www.ac-am.fr\/wp-content\/uploads\/2015\/09\/balle02.gif\" alt=\"\" border=\"0\" \/> Certains r\u00eaves que j\u2019appellerais de mise en garde, de d\u00e9duction ou d&rsquo;anticipation peuvent para\u00eetre parfois pr\u00e9monitoires, mais il n&rsquo;en est rien. Voici, des exemples\u2026<\/span><\/p>\n<p><span class=\"gmoyen\"><img decoding=\"async\" src=\"http:\/\/www.ac-am.fr\/wp-content\/uploads\/2015\/09\/balle02.gif\" alt=\"\" border=\"0\" \/> 1) Une personne ayant des probl\u00e8mes financiers, ne payant ni son loyer, ni ses factures, fait un cauchemar, il se retrouve \u00e0 la rue. Six mois plus tard, il est SDF. A-t-il fait un r\u00eave pr\u00e9monitoire ? Normalement non, le stress qu&rsquo;il vivait \u00e0 ce moment-l\u00e0, et les r\u00e9flexions qu&rsquo;il se faisait la journ\u00e9e ont amen\u00e9 ce r\u00eave. Il ne voulait pas voir son probl\u00e8me en face, son inconscient lui a simplement montr\u00e9 avec des images, ce qui risquait de lui arriver, s&rsquo;il ne se bougeait pas. On pourrait dire aussi que ce cauchemar \u00e9tait l\u00e0 pour lui dire de faire une action pour \u00e9viter que tout cela se r\u00e9alise.<\/span><\/p>\n<p><span class=\"gmoyen\"><img decoding=\"async\" src=\"http:\/\/www.ac-am.fr\/wp-content\/uploads\/2015\/09\/balle02.gif\" alt=\"\" border=\"0\" \/> 2) Une personne a pour habitude de conduire en \u00e9tat d&rsquo;\u00e9bri\u00e9t\u00e9. Son meilleur ami, lui raconte qu&rsquo;il a fait un cauchemar \u00e0 son sujet. Il avait un accident de voiture, et ne s&rsquo;en sortait pas. Deux mois apr\u00e8s, cet ami est \u00e0 son enterrement. Est-ce un r\u00eave pr\u00e9monitoire ? Normalement non, la constatation de sa conduite, ne pouvait qu&rsquo;amener ce genre de r\u00eave, li\u00e9 certainement \u00e0 l&rsquo;angoisse que vivait son meilleur ami, au vu de sa conduite.<\/span><\/p>\n<p><span class=\"gmoyen\"><img decoding=\"async\" src=\"http:\/\/www.ac-am.fr\/wp-content\/uploads\/2015\/09\/balle02.gif\" alt=\"\" border=\"0\" \/> Je mets \u00ab normalement non \u00bb parce que, dans les r\u00eaves, il peut y avoir, des faits non connus du r\u00eaveur, si par exemple on voit des d\u00e9tails dans le r\u00eave, dont on a aucune connaissance avant. Si par exemple, dans le r\u00eave de l&rsquo;accident, nous voyons une route pr\u00e9cise et que son ami ne passait jamais par l\u00e0, et que c&rsquo;est ici qu&rsquo;il est mort, nous pouvons le mettre dans les r\u00eaves pr\u00e9monitoires.<\/span><\/p>\n<p><span class=\"gmoyen\"><img decoding=\"async\" src=\"http:\/\/www.ac-am.fr\/wp-content\/uploads\/2015\/09\/balle02.gif\" alt=\"\" border=\"0\" \/> Un exemple de r\u00eave que l&rsquo;on peut consid\u00e9rer comme pr\u00e9monitoire, une personne se couche, tout va bien dans sa vie, et ce, depuis des ann\u00e9es, que ce soit professionnel, sant\u00e9, etc. Elle fait un cauchemar, elle se voit dans un lit d&rsquo;h\u00f4pital, \u00e9puis\u00e9e, elle touche son ventre, elle vient de se faire op\u00e9rer. Les mois passent. Un an apr\u00e8s, elle est \u00e0 l&rsquo;h\u00f4pital, elle pose sa main sur son ventre, et le r\u00eave qu&rsquo;elle avait oubli\u00e9 lui revient en m\u00e9moire. Tout y est dans les moindres d\u00e9tails.<\/span><\/p>\n<p><span class=\"gmoyen\"><img decoding=\"async\" src=\"http:\/\/www.ac-am.fr\/wp-content\/uploads\/2015\/09\/balle02.gif\" alt=\"\" border=\"0\" \/> Ce r\u00eave est pr\u00e9monitoire. Rien, ne lui permettait au moment du r\u00eave, puisque tout allait bien pour elle, de s&rsquo;imaginer qu&rsquo;elle aurait pu se faire op\u00e9rer.<\/span><\/p>\n<p><span class=\"gmoyen\"><img decoding=\"async\" src=\"http:\/\/www.ac-am.fr\/wp-content\/uploads\/2015\/09\/balle02.gif\" alt=\"\" border=\"0\" \/> Rassurez-vous le r\u00eave pr\u00e9monitoire n&rsquo;est pas que cauchemar, il peut aussi nous amener le bonheur.<\/span><\/p>\n<p><span class=\"gmoyen\"><img decoding=\"async\" src=\"http:\/\/www.ac-am.fr\/wp-content\/uploads\/2015\/09\/balle02.gif\" alt=\"\" border=\"0\" \/> Nous pouvons donc r\u00e9sumer le r\u00eave pr\u00e9monitoire, comme un r\u00eave qui nous donne des \u00e9l\u00e9ments du futur, dont on ne peut avoir aucune connaissance ext\u00e9rieure au moment o\u00f9 on le fait. Il n&rsquo;est pas de l&rsquo;ordre de la r\u00e9flexion ou de la d\u00e9duction.<\/span><\/p>\n<p><span class=\"gmoyen\"><img decoding=\"async\" src=\"http:\/\/www.ac-am.fr\/wp-content\/uploads\/2015\/09\/balle02.gif\" alt=\"\" border=\"0\" \/> Le seul inconv\u00e9nient, le plus souvent, nous ne pouvons pas savoir s&rsquo;il est pr\u00e9monitoire, avant qu&rsquo;il se produise dans la r\u00e9alit\u00e9.<\/span><\/p>\n<p><span class=\"gmoyen\"><img decoding=\"async\" src=\"http:\/\/www.ac-am.fr\/wp-content\/uploads\/2015\/09\/balle02.gif\" alt=\"\" border=\"0\" \/> II &#8211; Est-ce que le r\u00eave pr\u00e9monitoire existe ?<\/span><\/p>\n<p><span class=\"gmoyen\"><img decoding=\"async\" src=\"http:\/\/www.ac-am.fr\/wp-content\/uploads\/2015\/09\/balle02.gif\" alt=\"\" border=\"0\" \/> Si nous regardons les \u00e9tudes faites, nous nous rendons compte que certaines personnes refusent le r\u00eave pr\u00e9monitoire, il s&rsquo;agirait simplement d&rsquo;anticipation ou des choses que nous avons per\u00e7ues la journ\u00e9e.<\/span><\/p>\n<p><span class=\"gmoyen\"><img decoding=\"async\" src=\"http:\/\/www.ac-am.fr\/wp-content\/uploads\/2015\/09\/balle02.gif\" alt=\"\" border=\"0\" \/> En effet, cela viendrait d&rsquo;apr\u00e8s certains, de l&rsquo;inconscient, qui lui, enregistre tout, depuis notre naissance. Par exemple, nous ne pouvons pas r\u00eaver de personnes que nous n&rsquo;avons jamais vues. Toutes les personnes qui seraient dans nos r\u00eaves, nous les aurions crois\u00e9es un jour o\u00f9 l&rsquo;autre dans la vie, ou \u00e0 la t\u00e9l\u00e9vision&#8230;<\/span><\/p>\n<p><span class=\"gmoyen\"><img decoding=\"async\" src=\"http:\/\/www.ac-am.fr\/wp-content\/uploads\/2015\/09\/balle02.gif\" alt=\"\" border=\"0\" \/> Ou alors, cela n&rsquo;appartiendrait qu&rsquo;au personne qui ont une capacit\u00e9 particuli\u00e8re, un don tout simplement.<\/span><\/p>\n<p><span class=\"gmoyen\"><img decoding=\"async\" src=\"http:\/\/www.ac-am.fr\/wp-content\/uploads\/2015\/09\/balle02.gif\" alt=\"\" border=\"0\" \/> Je vais faire court, je ne suis pas d&rsquo;accord, nous avons tous, les m\u00eames capacit\u00e9s, \u00e0 nous de savoir si nous voulons les exploiter ou pas.<\/span><\/p>\n<p><span class=\"gmoyen\"><img decoding=\"async\" src=\"http:\/\/www.ac-am.fr\/wp-content\/uploads\/2015\/09\/balle02.gif\" alt=\"\" border=\"0\" \/> J&rsquo;avais pris contact avec Bernard Auriol (m\u00e9decin psychiatre) il y a quelques ann\u00e9es, il faisait une \u00e9tude sur les r\u00eaves pr\u00e9monitoires. Puis je me suis r\u00e9tract\u00e9e, pour une seule raison, ma libert\u00e9, mon besoin de travailler seule.<\/span><\/p>\n<p><span class=\"gmoyen\"><img decoding=\"async\" src=\"http:\/\/www.ac-am.fr\/wp-content\/uploads\/2015\/09\/balle02.gif\" alt=\"\" border=\"0\" \/> J&rsquo;ai fait des r\u00eaves pr\u00e9monitoires, certains qui ont \u00e9vit\u00e9 des catastrophes (personnelles), certains qui n&rsquo;ont aucun rapport avec moi, li\u00e9s par exemple \u00e0 des personnes publiques. J&rsquo;ai vu des endroits que je ne connaissais pas, j&rsquo;ai m\u00eame r\u00eav\u00e9 d&rsquo;une maladie et d&rsquo;un vaccin, bien avant qu&rsquo;il soit fait, etc.<\/span><\/p>\n<p><span class=\"gmoyen\"><img decoding=\"async\" src=\"http:\/\/www.ac-am.fr\/wp-content\/uploads\/2015\/09\/balle02.gif\" alt=\"\" border=\"0\" \/> Nul besoin d&rsquo;avoir un don pour faire des r\u00eaves pr\u00e9monitoires, il suffit seulement de s&rsquo;ouvrir \u00e0 l&rsquo;inconnu et de noter ses r\u00eaves.<\/span><\/p>\n<p><span class=\"gmoyen\"><img decoding=\"async\" src=\"http:\/\/www.ac-am.fr\/wp-content\/uploads\/2015\/09\/balle02.gif\" alt=\"\" border=\"0\" \/> Quelle est la meilleure preuve, que d&rsquo;avoir \u00e9crit un an avant quelque chose qui ne se produira qu&rsquo;un an apr\u00e8s ?<\/span><\/p>\n<p><span class=\"gmoyen\"><i>[<span style=\"color: #94fbbb;\">Maia Larzabal Jude. &#8211; le 30-11-16<\/span>]<\/i><\/span><a target=\"_self\"><img loading=\"lazy\" decoding=\"async\" src=\"http:\/\/www.ac-am.fr\/wp-content\/uploads\/2015\/09\/sphere.gif\" alt=\"\" width=\"36\" height=\"36\" border=\"0\" hspace=\"10\" \/><\/a><a href=\"https:\/\/www.facebook.com\/mariepierrejudelarzabal\/\" target=\"_blank\"><img loading=\"lazy\" decoding=\"async\" src=\"http:\/\/www.ac-am.fr\/wp-content\/uploads\/2015\/12\/Facebook-icon.png\" alt=\"faceBook\" width=\"36\" height=\"36\" border=\"0\" \/><\/a><\/p>\n<\/td>\n<\/tr>\n<\/tbody>\n<\/table>\n<\/td>\n<\/tr>\n<\/tbody>\n<\/table>\n<\/div>\n<div style=\"padding-bottom:20px; padding-top:10px;\" class=\"hupso-share-buttons\"><!-- Hupso Share Buttons - https:\/\/www.hupso.com\/share\/ --><a class=\"hupso_toolbar\" href=\"https:\/\/www.hupso.com\/share\/\"><img decoding=\"async\" src=\"https:\/\/static.hupso.com\/share\/buttons\/lang\/fr\/share.png\" style=\"border:0px; padding-top: 5px; float:left;\" alt=\"Share Button\"\/><\/a><script type=\"text\/javascript\">var hupso_services_t=new Array(\"Twitter\",\"Facebook\",\"Google Plus\");var hupso_background_t=\"#EAF4FF\";var hupso_border_t=\"#66CCFF\";var hupso_toolbar_size_t=\"big\";var hupso_image_folder_url = \"\";var hupso_url_t=\"\";var hupso_title_t=\"Propos%20sur%20le%20r%C3%AAve%20pr%C3%A9monitoire.\";<\/script><script type=\"text\/javascript\" src=\"https:\/\/static.hupso.com\/share\/js\/share_toolbar.js\"><\/script><!-- Hupso Share Buttons --><\/div>","protected":false},"excerpt":{"rendered":"<p>Propos sur le r\u00eave pr\u00e9monitoire. I &#8211; Qu&rsquo;est-ce qu&rsquo;un r\u00eave pr\u00e9monitoire ? Voici, la d\u00e9finition&#8230;<\/p>\n","protected":false},"author":100,"featured_media":0,"comment_status":"closed","ping_status":"open","sticky":false,"template":"","format":"standard","meta":{"footnotes":""},"categories":[282],"tags":[],"class_list":["post-3892","post","type-post","status-publish","format-standard","hentry","category-2016-inities"],"yoast_head":"<!-- This site is optimized with the Yoast SEO plugin v26.9 - https:\/\/yoast.com\/product\/yoast-seo-wordpress\/ -->\n<title>Propos sur le r\u00eave pr\u00e9monitoire. - Autre Conscience, Autre Monde<\/title>\n<meta name=\"robots\" content=\"index, follow, max-snippet:-1, max-image-preview:large, max-video-preview:-1\" \/>\n<link rel=\"canonical\" href=\"https:\/\/www.ac-am.fr\/index.php\/2016\/11\/30\/propos-reve-premonitoire\/\" \/>\n<meta property=\"og:locale\" content=\"fr_FR\" \/>\n<meta property=\"og:type\" content=\"article\" \/>\n<meta property=\"og:title\" content=\"Propos sur le r\u00eave pr\u00e9monitoire. - Autre Conscience, Autre Monde\" \/>\n<meta property=\"og:description\" content=\"Propos sur le r\u00eave pr\u00e9monitoire. I &#8211; Qu&rsquo;est-ce qu&rsquo;un r\u00eave pr\u00e9monitoire ? Voici, la d\u00e9finition...\" \/>\n<meta property=\"og:url\" content=\"https:\/\/www.ac-am.fr\/index.php\/2016\/11\/30\/propos-reve-premonitoire\/\" \/>\n<meta property=\"og:site_name\" content=\"Autre Conscience, Autre Monde\" \/>\n<meta property=\"article:publisher\" content=\"https:\/\/fr-fr.facebook.com\/claude.acam\/\" \/>\n<meta property=\"article:published_time\" content=\"2016-11-30T17:25:16+00:00\" \/>\n<meta property=\"article:modified_time\" content=\"2017-04-11T21:34:03+00:00\" \/>\n<meta property=\"og:image\" content=\"http:\/\/www.ac-am.fr\/wp-content\/uploads\/2015\/09\/barre_mr.gif\" \/>\n<meta name=\"author\" content=\"Maia Larzabal Jude\" \/>\n<meta name=\"twitter:card\" content=\"summary_large_image\" \/>\n<meta name=\"twitter:label1\" content=\"\u00c9crit par\" \/>\n\t<meta name=\"twitter:data1\" content=\"Maia Larzabal Jude\" \/>\n\t<meta name=\"twitter:label2\" content=\"Dur\u00e9e de lecture estim\u00e9e\" \/>\n\t<meta name=\"twitter:data2\" content=\"5 minutes\" \/>\n<script type=\"application\/ld+json\" class=\"yoast-schema-graph\">{\"@context\":\"https:\/\/schema.org\",\"@graph\":[{\"@type\":\"Article\",\"@id\":\"https:\/\/www.ac-am.fr\/index.php\/2016\/11\/30\/propos-reve-premonitoire\/#article\",\"isPartOf\":{\"@id\":\"https:\/\/www.ac-am.fr\/index.php\/2016\/11\/30\/propos-reve-premonitoire\/\"},\"author\":{\"name\":\"Maia Larzabal Jude\",\"@id\":\"https:\/\/www.ac-am.fr\/#\/schema\/person\/1d352c8dd389d15aa75b2f568c60bd26\"},\"headline\":\"Propos sur le r\u00eave pr\u00e9monitoire.\",\"datePublished\":\"2016-11-30T17:25:16+00:00\",\"dateModified\":\"2017-04-11T21:34:03+00:00\",\"mainEntityOfPage\":{\"@id\":\"https:\/\/www.ac-am.fr\/index.php\/2016\/11\/30\/propos-reve-premonitoire\/\"},\"wordCount\":982,\"publisher\":{\"@id\":\"https:\/\/www.ac-am.fr\/#organization\"},\"image\":{\"@id\":\"https:\/\/www.ac-am.fr\/index.php\/2016\/11\/30\/propos-reve-premonitoire\/#primaryimage\"},\"thumbnailUrl\":\"http:\/\/www.ac-am.fr\/wp-content\/uploads\/2015\/09\/barre_mr.gif\",\"articleSection\":[\"2016 \u2013 INITI\u00c9S\"],\"inLanguage\":\"fr-FR\"},{\"@type\":\"WebPage\",\"@id\":\"https:\/\/www.ac-am.fr\/index.php\/2016\/11\/30\/propos-reve-premonitoire\/\",\"url\":\"https:\/\/www.ac-am.fr\/index.php\/2016\/11\/30\/propos-reve-premonitoire\/\",\"name\":\"Propos sur le r\u00eave pr\u00e9monitoire. - Autre Conscience, Autre Monde\",\"isPartOf\":{\"@id\":\"https:\/\/www.ac-am.fr\/#website\"},\"primaryImageOfPage\":{\"@id\":\"https:\/\/www.ac-am.fr\/index.php\/2016\/11\/30\/propos-reve-premonitoire\/#primaryimage\"},\"image\":{\"@id\":\"https:\/\/www.ac-am.fr\/index.php\/2016\/11\/30\/propos-reve-premonitoire\/#primaryimage\"},\"thumbnailUrl\":\"http:\/\/www.ac-am.fr\/wp-content\/uploads\/2015\/09\/barre_mr.gif\",\"datePublished\":\"2016-11-30T17:25:16+00:00\",\"dateModified\":\"2017-04-11T21:34:03+00:00\",\"breadcrumb\":{\"@id\":\"https:\/\/www.ac-am.fr\/index.php\/2016\/11\/30\/propos-reve-premonitoire\/#breadcrumb\"},\"inLanguage\":\"fr-FR\",\"potentialAction\":[{\"@type\":\"ReadAction\",\"target\":[\"https:\/\/www.ac-am.fr\/index.php\/2016\/11\/30\/propos-reve-premonitoire\/\"]}]},{\"@type\":\"ImageObject\",\"inLanguage\":\"fr-FR\",\"@id\":\"https:\/\/www.ac-am.fr\/index.php\/2016\/11\/30\/propos-reve-premonitoire\/#primaryimage\",\"url\":\"https:\/\/www.ac-am.fr\/wp-content\/uploads\/2015\/09\/barre_mr.gif\",\"contentUrl\":\"https:\/\/www.ac-am.fr\/wp-content\/uploads\/2015\/09\/barre_mr.gif\",\"width\":550,\"height\":7,\"caption\":\"barre marron\"},{\"@type\":\"BreadcrumbList\",\"@id\":\"https:\/\/www.ac-am.fr\/index.php\/2016\/11\/30\/propos-reve-premonitoire\/#breadcrumb\",\"itemListElement\":[{\"@type\":\"ListItem\",\"position\":1,\"name\":\"Accueil\",\"item\":\"https:\/\/www.ac-am.fr\/\"},{\"@type\":\"ListItem\",\"position\":2,\"name\":\"Propos sur le r\u00eave pr\u00e9monitoire.\"}]},{\"@type\":\"WebSite\",\"@id\":\"https:\/\/www.ac-am.fr\/#website\",\"url\":\"https:\/\/www.ac-am.fr\/\",\"name\":\"Autre Conscience, Autre Monde\",\"description\":\"\",\"publisher\":{\"@id\":\"https:\/\/www.ac-am.fr\/#organization\"},\"potentialAction\":[{\"@type\":\"SearchAction\",\"target\":{\"@type\":\"EntryPoint\",\"urlTemplate\":\"https:\/\/www.ac-am.fr\/?s={search_term_string}\"},\"query-input\":{\"@type\":\"PropertyValueSpecification\",\"valueRequired\":true,\"valueName\":\"search_term_string\"}}],\"inLanguage\":\"fr-FR\"},{\"@type\":\"Organization\",\"@id\":\"https:\/\/www.ac-am.fr\/#organization\",\"name\":\"Autre Conscience, Autre Monde\",\"url\":\"https:\/\/www.ac-am.fr\/\",\"logo\":{\"@type\":\"ImageObject\",\"inLanguage\":\"fr-FR\",\"@id\":\"https:\/\/www.ac-am.fr\/#\/schema\/logo\/image\/\",\"url\":\"https:\/\/www.ac-am.fr\/wp-content\/uploads\/2015\/10\/bd_ac_am.gif\",\"contentUrl\":\"https:\/\/www.ac-am.fr\/wp-content\/uploads\/2015\/10\/bd_ac_am.gif\",\"width\":370,\"height\":65,\"caption\":\"Autre Conscience, Autre Monde\"},\"image\":{\"@id\":\"https:\/\/www.ac-am.fr\/#\/schema\/logo\/image\/\"},\"sameAs\":[\"https:\/\/fr-fr.facebook.com\/claude.acam\/\",\"https:\/\/www.youtube.com\/user\/consciencemonde\"]},{\"@type\":\"Person\",\"@id\":\"https:\/\/www.ac-am.fr\/#\/schema\/person\/1d352c8dd389d15aa75b2f568c60bd26\",\"name\":\"Maia Larzabal Jude\",\"image\":{\"@type\":\"ImageObject\",\"inLanguage\":\"fr-FR\",\"@id\":\"https:\/\/www.ac-am.fr\/#\/schema\/person\/image\/\",\"url\":\"https:\/\/secure.gravatar.com\/avatar\/5b2494004bdb8019cdc4688403bc2f379c6d3e10fb6e7479a37508f038dd341f?s=96&d=identicon&r=g\",\"contentUrl\":\"https:\/\/secure.gravatar.com\/avatar\/5b2494004bdb8019cdc4688403bc2f379c6d3e10fb6e7479a37508f038dd341f?s=96&d=identicon&r=g\",\"caption\":\"Maia Larzabal Jude\"},\"url\":\"https:\/\/www.ac-am.fr\/index.php\/author\/maia-larzabal-jude\/\"}]}<\/script>\n<!-- \/ Yoast SEO plugin. -->","yoast_head_json":{"title":"Propos sur le r\u00eave pr\u00e9monitoire. - Autre Conscience, Autre Monde","robots":{"index":"index","follow":"follow","max-snippet":"max-snippet:-1","max-image-preview":"max-image-preview:large","max-video-preview":"max-video-preview:-1"},"canonical":"https:\/\/www.ac-am.fr\/index.php\/2016\/11\/30\/propos-reve-premonitoire\/","og_locale":"fr_FR","og_type":"article","og_title":"Propos sur le r\u00eave pr\u00e9monitoire. - Autre Conscience, Autre Monde","og_description":"Propos sur le r\u00eave pr\u00e9monitoire. I &#8211; Qu&rsquo;est-ce qu&rsquo;un r\u00eave pr\u00e9monitoire ? Voici, la d\u00e9finition...","og_url":"https:\/\/www.ac-am.fr\/index.php\/2016\/11\/30\/propos-reve-premonitoire\/","og_site_name":"Autre Conscience, Autre Monde","article_publisher":"https:\/\/fr-fr.facebook.com\/claude.acam\/","article_published_time":"2016-11-30T17:25:16+00:00","article_modified_time":"2017-04-11T21:34:03+00:00","og_image":[{"url":"http:\/\/www.ac-am.fr\/wp-content\/uploads\/2015\/09\/barre_mr.gif","type":"","width":"","height":""}],"author":"Maia Larzabal Jude","twitter_card":"summary_large_image","twitter_misc":{"\u00c9crit par":"Maia Larzabal Jude","Dur\u00e9e de lecture estim\u00e9e":"5 minutes"},"schema":{"@context":"https:\/\/schema.org","@graph":[{"@type":"Article","@id":"https:\/\/www.ac-am.fr\/index.php\/2016\/11\/30\/propos-reve-premonitoire\/#article","isPartOf":{"@id":"https:\/\/www.ac-am.fr\/index.php\/2016\/11\/30\/propos-reve-premonitoire\/"},"author":{"name":"Maia Larzabal Jude","@id":"https:\/\/www.ac-am.fr\/#\/schema\/person\/1d352c8dd389d15aa75b2f568c60bd26"},"headline":"Propos sur le r\u00eave pr\u00e9monitoire.","datePublished":"2016-11-30T17:25:16+00:00","dateModified":"2017-04-11T21:34:03+00:00","mainEntityOfPage":{"@id":"https:\/\/www.ac-am.fr\/index.php\/2016\/11\/30\/propos-reve-premonitoire\/"},"wordCount":982,"publisher":{"@id":"https:\/\/www.ac-am.fr\/#organization"},"image":{"@id":"https:\/\/www.ac-am.fr\/index.php\/2016\/11\/30\/propos-reve-premonitoire\/#primaryimage"},"thumbnailUrl":"http:\/\/www.ac-am.fr\/wp-content\/uploads\/2015\/09\/barre_mr.gif","articleSection":["2016 \u2013 INITI\u00c9S"],"inLanguage":"fr-FR"},{"@type":"WebPage","@id":"https:\/\/www.ac-am.fr\/index.php\/2016\/11\/30\/propos-reve-premonitoire\/","url":"https:\/\/www.ac-am.fr\/index.php\/2016\/11\/30\/propos-reve-premonitoire\/","name":"Propos sur le r\u00eave pr\u00e9monitoire. - Autre Conscience, Autre Monde","isPartOf":{"@id":"https:\/\/www.ac-am.fr\/#website"},"primaryImageOfPage":{"@id":"https:\/\/www.ac-am.fr\/index.php\/2016\/11\/30\/propos-reve-premonitoire\/#primaryimage"},"image":{"@id":"https:\/\/www.ac-am.fr\/index.php\/2016\/11\/30\/propos-reve-premonitoire\/#primaryimage"},"thumbnailUrl":"http:\/\/www.ac-am.fr\/wp-content\/uploads\/2015\/09\/barre_mr.gif","datePublished":"2016-11-30T17:25:16+00:00","dateModified":"2017-04-11T21:34:03+00:00","breadcrumb":{"@id":"https:\/\/www.ac-am.fr\/index.php\/2016\/11\/30\/propos-reve-premonitoire\/#breadcrumb"},"inLanguage":"fr-FR","potentialAction":[{"@type":"ReadAction","target":["https:\/\/www.ac-am.fr\/index.php\/2016\/11\/30\/propos-reve-premonitoire\/"]}]},{"@type":"ImageObject","inLanguage":"fr-FR","@id":"https:\/\/www.ac-am.fr\/index.php\/2016\/11\/30\/propos-reve-premonitoire\/#primaryimage","url":"https:\/\/www.ac-am.fr\/wp-content\/uploads\/2015\/09\/barre_mr.gif","contentUrl":"https:\/\/www.ac-am.fr\/wp-content\/uploads\/2015\/09\/barre_mr.gif","width":550,"height":7,"caption":"barre marron"},{"@type":"BreadcrumbList","@id":"https:\/\/www.ac-am.fr\/index.php\/2016\/11\/30\/propos-reve-premonitoire\/#breadcrumb","itemListElement":[{"@type":"ListItem","position":1,"name":"Accueil","item":"https:\/\/www.ac-am.fr\/"},{"@type":"ListItem","position":2,"name":"Propos sur le r\u00eave pr\u00e9monitoire."}]},{"@type":"WebSite","@id":"https:\/\/www.ac-am.fr\/#website","url":"https:\/\/www.ac-am.fr\/","name":"Autre Conscience, Autre Monde","description":"","publisher":{"@id":"https:\/\/www.ac-am.fr\/#organization"},"potentialAction":[{"@type":"SearchAction","target":{"@type":"EntryPoint","urlTemplate":"https:\/\/www.ac-am.fr\/?s={search_term_string}"},"query-input":{"@type":"PropertyValueSpecification","valueRequired":true,"valueName":"search_term_string"}}],"inLanguage":"fr-FR"},{"@type":"Organization","@id":"https:\/\/www.ac-am.fr\/#organization","name":"Autre Conscience, Autre Monde","url":"https:\/\/www.ac-am.fr\/","logo":{"@type":"ImageObject","inLanguage":"fr-FR","@id":"https:\/\/www.ac-am.fr\/#\/schema\/logo\/image\/","url":"https:\/\/www.ac-am.fr\/wp-content\/uploads\/2015\/10\/bd_ac_am.gif","contentUrl":"https:\/\/www.ac-am.fr\/wp-content\/uploads\/2015\/10\/bd_ac_am.gif","width":370,"height":65,"caption":"Autre Conscience, Autre Monde"},"image":{"@id":"https:\/\/www.ac-am.fr\/#\/schema\/logo\/image\/"},"sameAs":["https:\/\/fr-fr.facebook.com\/claude.acam\/","https:\/\/www.youtube.com\/user\/consciencemonde"]},{"@type":"Person","@id":"https:\/\/www.ac-am.fr\/#\/schema\/person\/1d352c8dd389d15aa75b2f568c60bd26","name":"Maia Larzabal Jude","image":{"@type":"ImageObject","inLanguage":"fr-FR","@id":"https:\/\/www.ac-am.fr\/#\/schema\/person\/image\/","url":"https:\/\/secure.gravatar.com\/avatar\/5b2494004bdb8019cdc4688403bc2f379c6d3e10fb6e7479a37508f038dd341f?s=96&d=identicon&r=g","contentUrl":"https:\/\/secure.gravatar.com\/avatar\/5b2494004bdb8019cdc4688403bc2f379c6d3e10fb6e7479a37508f038dd341f?s=96&d=identicon&r=g","caption":"Maia Larzabal Jude"},"url":"https:\/\/www.ac-am.fr\/index.php\/author\/maia-larzabal-jude\/"}]}},"_links":{"self":[{"href":"https:\/\/www.ac-am.fr\/index.php\/wp-json\/wp\/v2\/posts\/3892","targetHints":{"allow":["GET"]}}],"collection":[{"href":"https:\/\/www.ac-am.fr\/index.php\/wp-json\/wp\/v2\/posts"}],"about":[{"href":"https:\/\/www.ac-am.fr\/index.php\/wp-json\/wp\/v2\/types\/post"}],"author":[{"embeddable":true,"href":"https:\/\/www.ac-am.fr\/index.php\/wp-json\/wp\/v2\/users\/100"}],"replies":[{"embeddable":true,"href":"https:\/\/www.ac-am.fr\/index.php\/wp-json\/wp\/v2\/comments?post=3892"}],"version-history":[{"count":2,"href":"https:\/\/www.ac-am.fr\/index.php\/wp-json\/wp\/v2\/posts\/3892\/revisions"}],"predecessor-version":[{"id":3894,"href":"https:\/\/www.ac-am.fr\/index.php\/wp-json\/wp\/v2\/posts\/3892\/revisions\/3894"}],"wp:attachment":[{"href":"https:\/\/www.ac-am.fr\/index.php\/wp-json\/wp\/v2\/media?parent=3892"}],"wp:term":[{"taxonomy":"category","embeddable":true,"href":"https:\/\/www.ac-am.fr\/index.php\/wp-json\/wp\/v2\/categories?post=3892"},{"taxonomy":"post_tag","embeddable":true,"href":"https:\/\/www.ac-am.fr\/index.php\/wp-json\/wp\/v2\/tags?post=3892"}],"curies":[{"name":"wp","href":"https:\/\/api.w.org\/{rel}","templated":true}]}}