{"id":4017,"date":"2017-02-06T21:27:01","date_gmt":"2017-02-06T20:27:01","guid":{"rendered":"https:\/\/www.ac-am.fr\/?p=4017"},"modified":"2017-02-14T22:45:41","modified_gmt":"2017-02-14T21:45:41","slug":"ovni-filme-marine-chilienne","status":"publish","type":"post","link":"https:\/\/www.ac-am.fr\/index.php\/2017\/02\/06\/ovni-filme-marine-chilienne\/","title":{"rendered":"Ovni film\u00e9 par la marine chilienne !"},"content":{"rendered":"<div id=\"vie_ET\" style=\"background-attachment: fixed; border: 2px solid #dfe6de; border-radius: 10px; opacity: 0.90;\">\n<table class=\"aligncenter\" style=\"width: 600px;\" border=\"0\">\n<tbody>\n<tr>\n<td>\n<table class=\"aligncenter\" style=\"width: 567px; height: 190px;\" border=\"0\">\n<tbody>\n<tr>\n<td><img decoding=\"async\" class=\"aligncenter\" src=\"http:\/\/www.ac-am.fr\/wp-content\/uploads\/2015\/09\/barre_vt.gif\" alt=\"\" border=\"0\" \/><\/td>\n<\/tr>\n<tr>\n<td style=\"text-align: left;\"><img loading=\"lazy\" decoding=\"async\" src=\"http:\/\/www.ac-am.fr\/wp-content\/uploads\/2015\/11\/retedest.gif\" alt=\"R\u00e9flexions et T\u00e9moignages\" width=\"380\" height=\"100\" border=\"0\" \/><img loading=\"lazy\" decoding=\"async\" src=\"http:\/\/www.ac-am.fr\/wp-content\/uploads\/2017\/02\/cal2017.gif\" alt=\"Ann\u00e9e 2017\" width=\"150\" height=\"100\" border=\"0\" \/><\/td>\n<\/tr>\n<tr>\n<td><img decoding=\"async\" class=\"aligncenter\" src=\"http:\/\/www.ac-am.fr\/wp-content\/uploads\/2015\/09\/barre_vt.gif\" alt=\"\" border=\"0\" \/><\/td>\n<\/tr>\n<\/tbody>\n<\/table>\n<table class=\"aligncenter\" style=\"width: 590px;\" border=\"0\">\n<tbody>\n<tr>\n<td><a name=\"Claude01_ET17_01\"><\/a><b class=\"ntitre1\">Ovni film\u00e9 par la marine chilienne !<\/b><\/td>\n<\/tr>\n<tr>\n<td colspan=\"2\"><img decoding=\"async\" class=\"aligncenter\" src=\"http:\/\/www.ac-am.fr\/wp-content\/uploads\/2015\/09\/barre_mr.gif\" alt=\"\" border=\"0\" \/><\/td>\n<\/tr>\n<tr>\n<td style=\"text-align: left;\">\n<p><span class=\"gmoyen\"><img decoding=\"async\" src=\"http:\/\/www.ac-am.fr\/wp-content\/uploads\/2015\/09\/ball01.gif\" alt=\"\" border=\"0\" \/> \u00ab\u00a0Le gouvernement Chilien d\u00e9classifie une myst\u00e9rieuse vid\u00e9o d\u2019Ovni !\u00a0\u00bb<br \/>\n En novembre 2014, un OVNI a \u00e9t\u00e9 film\u00e9 au large du Chili par un h\u00e9licopt\u00e8re de la marine, durant une patrouille. L\u2019arm\u00e9e chilienne a enqu\u00eat\u00e9 pendant deux ans, sans parvenir \u00e0 identifier l\u2019appareil. Faute de mieux, Santiago a pris la d\u00e9cision de rendre publique l\u2019affaire\u2026<\/span><\/p>\n<p><span class=\"gmoyen\"><img decoding=\"async\" src=\"http:\/\/www.ac-am.fr\/wp-content\/uploads\/2015\/09\/ball01.gif\" alt=\"\" border=\"0\" \/> Ce film de neuf minutes et vingt secondes dans sa version d\u2019origine est rest\u00e9 classifi\u00e9 pendant deux ans. Il a \u00e9t\u00e9 tourn\u00e9 le 11 novembre 2014 par un h\u00e9licopt\u00e8re Airbus Cougar AS-532 de la marine militaire, au large de Santiago. A bord de l\u2019appareil, un capitaine fort de plusieurs ann\u00e9es d\u2019exp\u00e9rience en vol et d\u2019un technicien charg\u00e9 de tester une cam\u00e9ra infrarouge WESCAM\u2019s MX-15 HD.<\/span><\/p>\n<p><span class=\"gmoyen\"><img decoding=\"async\" src=\"http:\/\/www.ac-am.fr\/wp-content\/uploads\/2015\/09\/ball01.gif\" alt=\"\" border=\"0\" \/> C\u2019est cette cam\u00e9ra qui a film\u00e9 l\u2019objet myst\u00e9rieux apparu \u00e0 13 h 52 pr\u00e9cise. Alors qu\u2019il enregistrait des images de la zone, le technicien a vu \u00e0 l\u2019\u0153il nu l\u2019objet situ\u00e9 selon ses estimations \u00e0 une distance comprise entre 55 et 65 km de l\u2019h\u00e9licopt\u00e8re.<\/span><\/p>\n<p><span class=\"gmoyen\"><img decoding=\"async\" src=\"http:\/\/www.ac-am.fr\/wp-content\/uploads\/2015\/09\/ball01.gif\" alt=\"\" border=\"0\" \/> Ils ont ensuite film\u00e9 l\u2019objet non identifi\u00e9 en utilisant une cam\u00e9ra infrarouge et ont notifi\u00e9 deux stations radar diff\u00e9rentes au sujet de l\u2019ovni, mais aucune des bases ne pouvait le d\u00e9tecter.<\/span><\/p>\n<\/td>\n<\/tr>\n<tr>\n<td>\n<table>\n<tbody>\n<tr>\n<td><img decoding=\"async\" class=\"aligncenter\" src=\"http:\/\/www.ac-am.fr\/wp-content\/uploads\/2017\/02\/ovni_chili_2014_rendu_public_03_16012017.jpg\" alt=\"OVNI du Chili\" width=\"534\" height=\"\" border=\"0\" \/><\/td>\n<\/tr>\n<\/tbody>\n<\/table>\n<\/td>\n<\/tr>\n<tr>\n<td style=\"text-align: left;\">\n<p><span class=\"gmoyen\"><img decoding=\"async\" src=\"http:\/\/www.ac-am.fr\/wp-content\/uploads\/2015\/09\/ball01.gif\" alt=\"\" border=\"0\" \/> Curieusement, le radar de l\u2019h\u00e9licopt\u00e8re ne pouvait pas non plus \u00abvoir\u00bb l\u2019objet, mais il \u00e9tait clairement visible par le pilote et le copilote \u00e0 bord gr\u00e2ce \u00e0 la cam\u00e9ra infrarouge.<\/span><\/p>\n<p><span class=\"gmoyen\"><img decoding=\"async\" src=\"http:\/\/www.ac-am.fr\/wp-content\/uploads\/2015\/09\/ball01.gif\" alt=\"\" border=\"0\" \/> La longue rencontre a pr\u00e9sent\u00e9 un d\u00e9tail suppl\u00e9mentaire et tr\u00e8s bizarre : l\u2019ovni a apparemment \u00e9ject\u00e9 un jet de gaz chaud ou d\u2019eau deux fois pendant qu\u2019il \u00e9tait film\u00e9 par la cam\u00e9ra infrarouge qui a collect\u00e9 la signature de la chaleur de l\u2019\u00e9chappement myst\u00e9rieux.<\/span><\/p>\n<\/td>\n<\/tr>\n<tr>\n<td>\n<table>\n<tbody>\n<tr>\n<td><img decoding=\"async\" class=\"aligncenter\" src=\"http:\/\/www.ac-am.fr\/wp-content\/uploads\/2017\/02\/ovni_chili_2014_rendu_public_02_16012017.jpg\" alt=\"OVNI du Chili\" width=\"534\" height=\"\" border=\"0\" \/><\/td>\n<\/tr>\n<\/tbody>\n<\/table>\n<\/td>\n<\/tr>\n<tr>\n<td style=\"text-align: left;\">\n<p><span class=\"gmoyen\"><img decoding=\"async\" src=\"http:\/\/www.ac-am.fr\/wp-content\/uploads\/2015\/09\/ball01.gif\" alt=\"\" border=\"0\" \/> Un avion, un drone, une d\u00e9bris spatial rentrant dans l\u2019atmosph\u00e8re et un ballon m\u00e9t\u00e9o ont tous \u00e9t\u00e9 rejet\u00e9s comme des possibilit\u00e9s et l\u2019analyse de la vid\u00e9o a d\u00e9termin\u00e9 que l\u2019ovni \u00e9tait bel et bien un objet tridimensionnel et que les images n\u2019ont pas \u00e9t\u00e9 truqu\u00e9es.<\/span><\/p>\n<p><span class=\"gmoyen\"><img decoding=\"async\" src=\"http:\/\/www.ac-am.fr\/wp-content\/uploads\/2015\/09\/ball01.gif\" alt=\"\" border=\"0\" \/> En fin de compte, n\u2019ayant eu aucune r\u00e9ponse possible, la conclusion finale du groupe \u00e9tait que l\u2019objet \u00e9tait un v\u00e9ritable \u00ab\u00a0objet volant non identifi\u00e9\u00a0\u00bb.<\/span><\/p>\n<p><span class=\"gmoyen\">Source : Secrets of the Fed \u2013 Huffington Post<\/span><\/p>\n<p><span class=\"gmoyen\">[<a href=\"http:\/\/www.ac-am.fr\/index.php\/contact-acam\/\">Claude B. &#8211; le 06-02-17<\/a>]<\/span><\/p>\n<\/td>\n<\/tr>\n<\/tbody>\n<\/table>\n<\/td>\n<\/tr>\n<\/tbody>\n<\/table>\n<\/div>\n<div style=\"padding-bottom:20px; padding-top:10px;\" class=\"hupso-share-buttons\"><!-- Hupso Share Buttons - https:\/\/www.hupso.com\/share\/ --><a class=\"hupso_toolbar\" href=\"https:\/\/www.hupso.com\/share\/\"><img decoding=\"async\" src=\"https:\/\/static.hupso.com\/share\/buttons\/lang\/fr\/share.png\" style=\"border:0px; padding-top: 5px; float:left;\" alt=\"Share Button\"\/><\/a><script type=\"text\/javascript\">var hupso_services_t=new Array(\"Twitter\",\"Facebook\",\"Google Plus\");var hupso_background_t=\"#EAF4FF\";var hupso_border_t=\"#66CCFF\";var hupso_toolbar_size_t=\"big\";var hupso_image_folder_url = \"\";var hupso_url_t=\"\";var hupso_title_t=\"Ovni%20film%C3%A9%20par%20la%20marine%20chilienne%20%21\";<\/script><script type=\"text\/javascript\" src=\"https:\/\/static.hupso.com\/share\/js\/share_toolbar.js\"><\/script><!-- Hupso Share Buttons --><\/div>","protected":false},"excerpt":{"rendered":"<p>Ovni film\u00e9 par la marine chilienne ! \u00ab\u00a0Le gouvernement Chilien d\u00e9classifie une myst\u00e9rieuse vid\u00e9o d\u2019Ovni&#8230;<\/p>\n","protected":false},"author":2,"featured_media":0,"comment_status":"closed","ping_status":"open","sticky":false,"template":"","format":"standard","meta":{"footnotes":""},"categories":[301,209],"tags":[],"class_list":["post-4017","post","type-post","status-publish","format-standard","hentry","category-2017-vie-extraterrestre","category-nouveautes-tr"],"yoast_head":"<!-- This site is optimized with the Yoast SEO plugin v26.9 - https:\/\/yoast.com\/product\/yoast-seo-wordpress\/ -->\n<title>Ovni film\u00e9 par la marine chilienne ! - Autre Conscience, Autre Monde<\/title>\n<meta name=\"robots\" content=\"index, follow, max-snippet:-1, max-image-preview:large, max-video-preview:-1\" \/>\n<link rel=\"canonical\" href=\"https:\/\/www.ac-am.fr\/index.php\/2017\/02\/06\/ovni-filme-marine-chilienne\/\" \/>\n<meta property=\"og:locale\" content=\"fr_FR\" \/>\n<meta property=\"og:type\" content=\"article\" \/>\n<meta property=\"og:title\" content=\"Ovni film\u00e9 par la marine chilienne ! - Autre Conscience, Autre Monde\" \/>\n<meta property=\"og:description\" content=\"Ovni film\u00e9 par la marine chilienne ! \u00ab\u00a0Le gouvernement Chilien d\u00e9classifie une myst\u00e9rieuse vid\u00e9o d\u2019Ovni...\" \/>\n<meta property=\"og:url\" content=\"https:\/\/www.ac-am.fr\/index.php\/2017\/02\/06\/ovni-filme-marine-chilienne\/\" \/>\n<meta property=\"og:site_name\" content=\"Autre Conscience, Autre Monde\" \/>\n<meta property=\"article:publisher\" content=\"https:\/\/fr-fr.facebook.com\/claude.acam\/\" \/>\n<meta property=\"article:published_time\" content=\"2017-02-06T20:27:01+00:00\" \/>\n<meta property=\"article:modified_time\" content=\"2017-02-14T21:45:41+00:00\" \/>\n<meta property=\"og:image\" content=\"http:\/\/www.ac-am.fr\/wp-content\/uploads\/2015\/09\/barre_vt.gif\" \/>\n<meta name=\"author\" content=\"Claude ACAM\" \/>\n<meta name=\"twitter:card\" content=\"summary_large_image\" \/>\n<meta name=\"twitter:label1\" content=\"\u00c9crit par\" \/>\n\t<meta name=\"twitter:data1\" content=\"Claude ACAM\" \/>\n\t<meta name=\"twitter:label2\" content=\"Dur\u00e9e de lecture estim\u00e9e\" \/>\n\t<meta name=\"twitter:data2\" content=\"2 minutes\" \/>\n<script type=\"application\/ld+json\" class=\"yoast-schema-graph\">{\"@context\":\"https:\/\/schema.org\",\"@graph\":[{\"@type\":\"Article\",\"@id\":\"https:\/\/www.ac-am.fr\/index.php\/2017\/02\/06\/ovni-filme-marine-chilienne\/#article\",\"isPartOf\":{\"@id\":\"https:\/\/www.ac-am.fr\/index.php\/2017\/02\/06\/ovni-filme-marine-chilienne\/\"},\"author\":{\"name\":\"Claude ACAM\",\"@id\":\"https:\/\/www.ac-am.fr\/#\/schema\/person\/f6920100a1eee321181b2d8606edb6ee\"},\"headline\":\"Ovni film\u00e9 par la marine chilienne !\",\"datePublished\":\"2017-02-06T20:27:01+00:00\",\"dateModified\":\"2017-02-14T21:45:41+00:00\",\"mainEntityOfPage\":{\"@id\":\"https:\/\/www.ac-am.fr\/index.php\/2017\/02\/06\/ovni-filme-marine-chilienne\/\"},\"wordCount\":419,\"publisher\":{\"@id\":\"https:\/\/www.ac-am.fr\/#organization\"},\"image\":{\"@id\":\"https:\/\/www.ac-am.fr\/index.php\/2017\/02\/06\/ovni-filme-marine-chilienne\/#primaryimage\"},\"thumbnailUrl\":\"http:\/\/www.ac-am.fr\/wp-content\/uploads\/2015\/09\/barre_vt.gif\",\"articleSection\":[\"2017 \u2013 VIE EXTRATERRESTRE\",\"NOUVEAUT\u00c9(S) T&amp;R\"],\"inLanguage\":\"fr-FR\"},{\"@type\":\"WebPage\",\"@id\":\"https:\/\/www.ac-am.fr\/index.php\/2017\/02\/06\/ovni-filme-marine-chilienne\/\",\"url\":\"https:\/\/www.ac-am.fr\/index.php\/2017\/02\/06\/ovni-filme-marine-chilienne\/\",\"name\":\"Ovni film\u00e9 par la marine chilienne ! - Autre Conscience, Autre Monde\",\"isPartOf\":{\"@id\":\"https:\/\/www.ac-am.fr\/#website\"},\"primaryImageOfPage\":{\"@id\":\"https:\/\/www.ac-am.fr\/index.php\/2017\/02\/06\/ovni-filme-marine-chilienne\/#primaryimage\"},\"image\":{\"@id\":\"https:\/\/www.ac-am.fr\/index.php\/2017\/02\/06\/ovni-filme-marine-chilienne\/#primaryimage\"},\"thumbnailUrl\":\"http:\/\/www.ac-am.fr\/wp-content\/uploads\/2015\/09\/barre_vt.gif\",\"datePublished\":\"2017-02-06T20:27:01+00:00\",\"dateModified\":\"2017-02-14T21:45:41+00:00\",\"breadcrumb\":{\"@id\":\"https:\/\/www.ac-am.fr\/index.php\/2017\/02\/06\/ovni-filme-marine-chilienne\/#breadcrumb\"},\"inLanguage\":\"fr-FR\",\"potentialAction\":[{\"@type\":\"ReadAction\",\"target\":[\"https:\/\/www.ac-am.fr\/index.php\/2017\/02\/06\/ovni-filme-marine-chilienne\/\"]}]},{\"@type\":\"ImageObject\",\"inLanguage\":\"fr-FR\",\"@id\":\"https:\/\/www.ac-am.fr\/index.php\/2017\/02\/06\/ovni-filme-marine-chilienne\/#primaryimage\",\"url\":\"https:\/\/www.ac-am.fr\/wp-content\/uploads\/2015\/09\/barre_vt.gif\",\"contentUrl\":\"https:\/\/www.ac-am.fr\/wp-content\/uploads\/2015\/09\/barre_vt.gif\",\"width\":550,\"height\":7,\"caption\":\"Barre verte\"},{\"@type\":\"BreadcrumbList\",\"@id\":\"https:\/\/www.ac-am.fr\/index.php\/2017\/02\/06\/ovni-filme-marine-chilienne\/#breadcrumb\",\"itemListElement\":[{\"@type\":\"ListItem\",\"position\":1,\"name\":\"Accueil\",\"item\":\"https:\/\/www.ac-am.fr\/\"},{\"@type\":\"ListItem\",\"position\":2,\"name\":\"Ovni film\u00e9 par la marine chilienne !\"}]},{\"@type\":\"WebSite\",\"@id\":\"https:\/\/www.ac-am.fr\/#website\",\"url\":\"https:\/\/www.ac-am.fr\/\",\"name\":\"Autre Conscience, Autre Monde\",\"description\":\"\",\"publisher\":{\"@id\":\"https:\/\/www.ac-am.fr\/#organization\"},\"potentialAction\":[{\"@type\":\"SearchAction\",\"target\":{\"@type\":\"EntryPoint\",\"urlTemplate\":\"https:\/\/www.ac-am.fr\/?s={search_term_string}\"},\"query-input\":{\"@type\":\"PropertyValueSpecification\",\"valueRequired\":true,\"valueName\":\"search_term_string\"}}],\"inLanguage\":\"fr-FR\"},{\"@type\":\"Organization\",\"@id\":\"https:\/\/www.ac-am.fr\/#organization\",\"name\":\"Autre Conscience, Autre Monde\",\"url\":\"https:\/\/www.ac-am.fr\/\",\"logo\":{\"@type\":\"ImageObject\",\"inLanguage\":\"fr-FR\",\"@id\":\"https:\/\/www.ac-am.fr\/#\/schema\/logo\/image\/\",\"url\":\"https:\/\/www.ac-am.fr\/wp-content\/uploads\/2015\/10\/bd_ac_am.gif\",\"contentUrl\":\"https:\/\/www.ac-am.fr\/wp-content\/uploads\/2015\/10\/bd_ac_am.gif\",\"width\":370,\"height\":65,\"caption\":\"Autre Conscience, Autre Monde\"},\"image\":{\"@id\":\"https:\/\/www.ac-am.fr\/#\/schema\/logo\/image\/\"},\"sameAs\":[\"https:\/\/fr-fr.facebook.com\/claude.acam\/\",\"https:\/\/www.youtube.com\/user\/consciencemonde\"]},{\"@type\":\"Person\",\"@id\":\"https:\/\/www.ac-am.fr\/#\/schema\/person\/f6920100a1eee321181b2d8606edb6ee\",\"name\":\"Claude ACAM\",\"image\":{\"@type\":\"ImageObject\",\"inLanguage\":\"fr-FR\",\"@id\":\"https:\/\/www.ac-am.fr\/#\/schema\/person\/image\/\",\"url\":\"https:\/\/secure.gravatar.com\/avatar\/e09e4cf5d19c14eb87ca16e06420f2d1dfe3e8967072c4616fd0fdf3e8855650?s=96&d=identicon&r=g\",\"contentUrl\":\"https:\/\/secure.gravatar.com\/avatar\/e09e4cf5d19c14eb87ca16e06420f2d1dfe3e8967072c4616fd0fdf3e8855650?s=96&d=identicon&r=g\",\"caption\":\"Claude ACAM\"},\"sameAs\":[\"http:\/\/www.ac-am.fr\/\"],\"url\":\"https:\/\/www.ac-am.fr\/index.php\/author\/claude-b\/\"}]}<\/script>\n<!-- \/ Yoast SEO plugin. -->","yoast_head_json":{"title":"Ovni film\u00e9 par la marine chilienne ! - Autre Conscience, Autre Monde","robots":{"index":"index","follow":"follow","max-snippet":"max-snippet:-1","max-image-preview":"max-image-preview:large","max-video-preview":"max-video-preview:-1"},"canonical":"https:\/\/www.ac-am.fr\/index.php\/2017\/02\/06\/ovni-filme-marine-chilienne\/","og_locale":"fr_FR","og_type":"article","og_title":"Ovni film\u00e9 par la marine chilienne ! - Autre Conscience, Autre Monde","og_description":"Ovni film\u00e9 par la marine chilienne ! \u00ab\u00a0Le gouvernement Chilien d\u00e9classifie une myst\u00e9rieuse vid\u00e9o d\u2019Ovni...","og_url":"https:\/\/www.ac-am.fr\/index.php\/2017\/02\/06\/ovni-filme-marine-chilienne\/","og_site_name":"Autre Conscience, Autre Monde","article_publisher":"https:\/\/fr-fr.facebook.com\/claude.acam\/","article_published_time":"2017-02-06T20:27:01+00:00","article_modified_time":"2017-02-14T21:45:41+00:00","og_image":[{"url":"http:\/\/www.ac-am.fr\/wp-content\/uploads\/2015\/09\/barre_vt.gif","type":"","width":"","height":""}],"author":"Claude ACAM","twitter_card":"summary_large_image","twitter_misc":{"\u00c9crit par":"Claude ACAM","Dur\u00e9e de lecture estim\u00e9e":"2 minutes"},"schema":{"@context":"https:\/\/schema.org","@graph":[{"@type":"Article","@id":"https:\/\/www.ac-am.fr\/index.php\/2017\/02\/06\/ovni-filme-marine-chilienne\/#article","isPartOf":{"@id":"https:\/\/www.ac-am.fr\/index.php\/2017\/02\/06\/ovni-filme-marine-chilienne\/"},"author":{"name":"Claude ACAM","@id":"https:\/\/www.ac-am.fr\/#\/schema\/person\/f6920100a1eee321181b2d8606edb6ee"},"headline":"Ovni film\u00e9 par la marine chilienne !","datePublished":"2017-02-06T20:27:01+00:00","dateModified":"2017-02-14T21:45:41+00:00","mainEntityOfPage":{"@id":"https:\/\/www.ac-am.fr\/index.php\/2017\/02\/06\/ovni-filme-marine-chilienne\/"},"wordCount":419,"publisher":{"@id":"https:\/\/www.ac-am.fr\/#organization"},"image":{"@id":"https:\/\/www.ac-am.fr\/index.php\/2017\/02\/06\/ovni-filme-marine-chilienne\/#primaryimage"},"thumbnailUrl":"http:\/\/www.ac-am.fr\/wp-content\/uploads\/2015\/09\/barre_vt.gif","articleSection":["2017 \u2013 VIE EXTRATERRESTRE","NOUVEAUT\u00c9(S) T&amp;R"],"inLanguage":"fr-FR"},{"@type":"WebPage","@id":"https:\/\/www.ac-am.fr\/index.php\/2017\/02\/06\/ovni-filme-marine-chilienne\/","url":"https:\/\/www.ac-am.fr\/index.php\/2017\/02\/06\/ovni-filme-marine-chilienne\/","name":"Ovni film\u00e9 par la marine chilienne ! - Autre Conscience, Autre Monde","isPartOf":{"@id":"https:\/\/www.ac-am.fr\/#website"},"primaryImageOfPage":{"@id":"https:\/\/www.ac-am.fr\/index.php\/2017\/02\/06\/ovni-filme-marine-chilienne\/#primaryimage"},"image":{"@id":"https:\/\/www.ac-am.fr\/index.php\/2017\/02\/06\/ovni-filme-marine-chilienne\/#primaryimage"},"thumbnailUrl":"http:\/\/www.ac-am.fr\/wp-content\/uploads\/2015\/09\/barre_vt.gif","datePublished":"2017-02-06T20:27:01+00:00","dateModified":"2017-02-14T21:45:41+00:00","breadcrumb":{"@id":"https:\/\/www.ac-am.fr\/index.php\/2017\/02\/06\/ovni-filme-marine-chilienne\/#breadcrumb"},"inLanguage":"fr-FR","potentialAction":[{"@type":"ReadAction","target":["https:\/\/www.ac-am.fr\/index.php\/2017\/02\/06\/ovni-filme-marine-chilienne\/"]}]},{"@type":"ImageObject","inLanguage":"fr-FR","@id":"https:\/\/www.ac-am.fr\/index.php\/2017\/02\/06\/ovni-filme-marine-chilienne\/#primaryimage","url":"https:\/\/www.ac-am.fr\/wp-content\/uploads\/2015\/09\/barre_vt.gif","contentUrl":"https:\/\/www.ac-am.fr\/wp-content\/uploads\/2015\/09\/barre_vt.gif","width":550,"height":7,"caption":"Barre verte"},{"@type":"BreadcrumbList","@id":"https:\/\/www.ac-am.fr\/index.php\/2017\/02\/06\/ovni-filme-marine-chilienne\/#breadcrumb","itemListElement":[{"@type":"ListItem","position":1,"name":"Accueil","item":"https:\/\/www.ac-am.fr\/"},{"@type":"ListItem","position":2,"name":"Ovni film\u00e9 par la marine chilienne !"}]},{"@type":"WebSite","@id":"https:\/\/www.ac-am.fr\/#website","url":"https:\/\/www.ac-am.fr\/","name":"Autre Conscience, Autre Monde","description":"","publisher":{"@id":"https:\/\/www.ac-am.fr\/#organization"},"potentialAction":[{"@type":"SearchAction","target":{"@type":"EntryPoint","urlTemplate":"https:\/\/www.ac-am.fr\/?s={search_term_string}"},"query-input":{"@type":"PropertyValueSpecification","valueRequired":true,"valueName":"search_term_string"}}],"inLanguage":"fr-FR"},{"@type":"Organization","@id":"https:\/\/www.ac-am.fr\/#organization","name":"Autre Conscience, Autre Monde","url":"https:\/\/www.ac-am.fr\/","logo":{"@type":"ImageObject","inLanguage":"fr-FR","@id":"https:\/\/www.ac-am.fr\/#\/schema\/logo\/image\/","url":"https:\/\/www.ac-am.fr\/wp-content\/uploads\/2015\/10\/bd_ac_am.gif","contentUrl":"https:\/\/www.ac-am.fr\/wp-content\/uploads\/2015\/10\/bd_ac_am.gif","width":370,"height":65,"caption":"Autre Conscience, Autre Monde"},"image":{"@id":"https:\/\/www.ac-am.fr\/#\/schema\/logo\/image\/"},"sameAs":["https:\/\/fr-fr.facebook.com\/claude.acam\/","https:\/\/www.youtube.com\/user\/consciencemonde"]},{"@type":"Person","@id":"https:\/\/www.ac-am.fr\/#\/schema\/person\/f6920100a1eee321181b2d8606edb6ee","name":"Claude ACAM","image":{"@type":"ImageObject","inLanguage":"fr-FR","@id":"https:\/\/www.ac-am.fr\/#\/schema\/person\/image\/","url":"https:\/\/secure.gravatar.com\/avatar\/e09e4cf5d19c14eb87ca16e06420f2d1dfe3e8967072c4616fd0fdf3e8855650?s=96&d=identicon&r=g","contentUrl":"https:\/\/secure.gravatar.com\/avatar\/e09e4cf5d19c14eb87ca16e06420f2d1dfe3e8967072c4616fd0fdf3e8855650?s=96&d=identicon&r=g","caption":"Claude ACAM"},"sameAs":["http:\/\/www.ac-am.fr\/"],"url":"https:\/\/www.ac-am.fr\/index.php\/author\/claude-b\/"}]}},"_links":{"self":[{"href":"https:\/\/www.ac-am.fr\/index.php\/wp-json\/wp\/v2\/posts\/4017","targetHints":{"allow":["GET"]}}],"collection":[{"href":"https:\/\/www.ac-am.fr\/index.php\/wp-json\/wp\/v2\/posts"}],"about":[{"href":"https:\/\/www.ac-am.fr\/index.php\/wp-json\/wp\/v2\/types\/post"}],"author":[{"embeddable":true,"href":"https:\/\/www.ac-am.fr\/index.php\/wp-json\/wp\/v2\/users\/2"}],"replies":[{"embeddable":true,"href":"https:\/\/www.ac-am.fr\/index.php\/wp-json\/wp\/v2\/comments?post=4017"}],"version-history":[{"count":4,"href":"https:\/\/www.ac-am.fr\/index.php\/wp-json\/wp\/v2\/posts\/4017\/revisions"}],"predecessor-version":[{"id":4023,"href":"https:\/\/www.ac-am.fr\/index.php\/wp-json\/wp\/v2\/posts\/4017\/revisions\/4023"}],"wp:attachment":[{"href":"https:\/\/www.ac-am.fr\/index.php\/wp-json\/wp\/v2\/media?parent=4017"}],"wp:term":[{"taxonomy":"category","embeddable":true,"href":"https:\/\/www.ac-am.fr\/index.php\/wp-json\/wp\/v2\/categories?post=4017"},{"taxonomy":"post_tag","embeddable":true,"href":"https:\/\/www.ac-am.fr\/index.php\/wp-json\/wp\/v2\/tags?post=4017"}],"curies":[{"name":"wp","href":"https:\/\/api.w.org\/{rel}","templated":true}]}}