{"id":4051,"date":"2017-01-02T08:18:12","date_gmt":"2017-01-02T07:18:12","guid":{"rendered":"https:\/\/www.ac-am.fr\/?p=4051"},"modified":"2017-05-17T10:18:21","modified_gmt":"2017-05-17T09:18:21","slug":"energies-recentes-derniers-mois","status":"publish","type":"post","link":"https:\/\/www.ac-am.fr\/index.php\/2017\/01\/02\/energies-recentes-derniers-mois\/","title":{"rendered":"\u00c9nergies r\u00e9centes ces derniers mois."},"content":{"rendered":"<div id=\"inities\" style=\"background-attachment: fixed; border: 2px solid #FF9900; border-radius: 10px; opacity: 0.90;\">\n<table class=\"aligncenter\" style=\"width: 600px;\" border=\"0\">\n<tbody>\n<tr>\n<td>\n<table class=\"aligncenter\" style=\"width: 567px; height: 190px;\" border=\"0\">\n<tbody>\n<tr>\n<td><img decoding=\"async\" class=\"aligncenter\" src=\"http:\/\/www.ac-am.fr\/wp-content\/uploads\/2015\/09\/barre_mr.gif\" alt=\"\" border=\"0\" \/><\/td>\n<\/tr>\n<tr>\n<td style=\"text-align: left;\"><img loading=\"lazy\" decoding=\"async\" src=\"http:\/\/www.ac-am.fr\/wp-content\/uploads\/2015\/10\/retepouv.gif\" alt=\"R\u00e9flexions et T\u00e9moignages\" width=\"380\" height=\"100\" border=\"0\" \/><img loading=\"lazy\" decoding=\"async\" src=\"http:\/\/www.ac-am.fr\/wp-content\/uploads\/2017\/02\/cal2017.gif\" alt=\"Ann\u00e9e 2017\" width=\"150\" height=\"100\" border=\"0\" \/><\/td>\n<\/tr>\n<tr>\n<td><img decoding=\"async\" class=\"aligncenter\" src=\"http:\/\/www.ac-am.fr\/wp-content\/uploads\/2015\/09\/barre_mr.gif\" alt=\"\" border=\"0\" \/><\/td>\n<\/tr>\n<\/tbody>\n<\/table>\n<table class=\"aligncenter\" style=\"width: 590px;\" border=\"0\">\n<tbody>\n<tr>\n<td><a name=\"Aluna_initie17_01\"><\/a><b class=\"ntitre1\">\u00c9nergies r\u00e9centes ces derniers mois.<\/b><\/td>\n<\/tr>\n<tr>\n<td colspan=\"2\"><img decoding=\"async\" class=\"aligncenter\" src=\"http:\/\/www.ac-am.fr\/wp-content\/uploads\/2015\/09\/barre_rd.gif\" alt=\"\" border=\"0\" \/><\/td>\n<\/tr>\n<tr>\n<td style=\"text-align: left;\">\n<p><span class=\"gmoyen\"><img decoding=\"async\" src=\"http:\/\/www.ac-am.fr\/wp-content\/uploads\/2015\/09\/balle02.gif\" alt=\"\" border=\"0\" \/> Les \u00e9nergies r\u00e9centes des derniers mois ont \u00e9t\u00e9 le contre-coup de l\u2019actualisation des lignes de temps. Elles nous entra\u00eenent vers des profondeurs que je n\u2019ai pas ressenties depuis 33 ans.<\/span><\/p>\n<p><span class=\"gmoyen\"><img decoding=\"async\" src=\"http:\/\/www.ac-am.fr\/wp-content\/uploads\/2015\/09\/balle02.gif\" alt=\"\" border=\"0\" \/> Nous sommes au milieu d\u2019un ouragan de changement de paradigme. C\u2019est cons\u00e9quent et s\u00e9rieusement inconfortable pour les sensibles, et c\u2019est cens\u00e9 \u00eatre ainsi.<\/span><\/p>\n<p><span class=\"gmoyen\"><img decoding=\"async\" src=\"http:\/\/www.ac-am.fr\/wp-content\/uploads\/2015\/09\/balle02.gif\" alt=\"\" border=\"0\" \/> Nous pouvons devenir un peu fou juste avant d\u2019avoir un r\u00e9veil quantique. Ce r\u00e9veil n\u2019est pas seulement pour l\u2019\u00e9lite et quelques conscients. Il est global, et la majeure partie de l\u2019humanit\u00e9 sera touch\u00e9e par cet \u00e9v\u00e9nement.<\/span><\/p>\n<p><span class=\"gmoyen\"><img decoding=\"async\" src=\"http:\/\/www.ac-am.fr\/wp-content\/uploads\/2015\/09\/balle02.gif\" alt=\"\" border=\"0\" \/> Il y a actuellement une refonte massive de tous les aspects obscurs de l\u2019humanit\u00e9. Ce qui \u00e9tait efficace auparavant ne l\u2018est plus car les co\u00fbts trop \u00e9lev\u00e9s ne peuvent pas \u00eatre support\u00e9s plus longtemps.<\/span><\/p>\n<p><span class=\"gmoyen\"><img decoding=\"async\" src=\"http:\/\/www.ac-am.fr\/wp-content\/uploads\/2015\/09\/balle02.gif\" alt=\"\" border=\"0\" \/> Les le\u00e7ons de l\u2018ego ont \u00e9t\u00e9 tout simplement brutales, et notre estime de soi \/ notre connaissance inn\u00e9e sont actuellement en r\u00e9paration et en r\u00e9\u00e9quilibrage.<\/span><\/p>\n<p><span class=\"gmoyen\"><img decoding=\"async\" src=\"http:\/\/www.ac-am.fr\/wp-content\/uploads\/2015\/09\/balle02.gif\" alt=\"\" border=\"0\" \/> Beaucoup ont eu une s\u00e9rie de probl\u00e8mes dans le corps qui commencent \u00e9galement \u00e0 s\u2019estomper. \u00c9motionnellement, \u00e7a a \u00e9t\u00e9 de la folie. Mais maintenant, nous savons o\u00f9 sont nos points faibles ou douloureux.<\/span><\/p>\n<p><span class=\"gmoyen\"><img decoding=\"async\" src=\"http:\/\/www.ac-am.fr\/wp-content\/uploads\/2015\/09\/balle02.gif\" alt=\"\" border=\"0\" \/> Cette fois, il nous a \u00e9t\u00e9 montr\u00e9 jusqu\u2019o\u00f9 nous nous \u00e9tions sortis de notre chemin en \u00e9tant aveugl\u00e9 par l\u2019ancien paradigme \u2026 en sommes-nous vraiment sortis? Avons-nous eu juste un gigantesque tsunami d\u2019\u00e9veil!<\/span><\/p>\n<p><span class=\"gmoyen\"><img decoding=\"async\" src=\"http:\/\/www.ac-am.fr\/wp-content\/uploads\/2015\/09\/balle02.gif\" alt=\"\" border=\"0\" \/> C\u2019est une acc\u00e9l\u00e9ration massive du f\u00e9minin divin. C\u2019est une r\u00e9volution de L\u2018AMOUR pur et du pouvoir CR\u00c9ATIF, un \u00e9veil qui englobe tout. Ce qui va faire appara\u00eetre tous les \u00e9l\u00e9ments obscurs qui ne sont pas align\u00e9s \u00e0 l\u2019actualisation de la loi de cr\u00e9ation du nouveau paradigme. La grande m\u00e8re, le divin f\u00e9minin, la force cr\u00e9atrice de l\u2019univers, Kali, Sekhmet, etc \u2026 pulse actuellement \u00e0 pleine force dans nos \u00e2mes.<\/span><\/p>\n<p><span class=\"gmoyen\"><img decoding=\"async\" src=\"http:\/\/www.ac-am.fr\/wp-content\/uploads\/2015\/09\/balle02.gif\" alt=\"\" border=\"0\" \/> Cette force se r\u00e9veille! L\u2019arc a \u00e9t\u00e9 tendu et elle est en train de d\u00e9cha\u00eener des quantit\u00e9s \u00e9normes de vertueuses et puissantes \u00e9nergies cr\u00e9atives qui avaient \u00e9t\u00e9 contenues. L\u2019humanit\u00e9 a abus\u00e9 de sa pr\u00e9cieuse \u00e9nergie. Nous avons entrav\u00e9 la grande m\u00e8re, et maintenant elle va circuler \u00e0 travers l\u2019humanit\u00e9 comme un train de marchandises pour ramener l\u2019\u00e9quilibre sur Terre.<\/span><\/p>\n<p><span class=\"gmoyen\"><img decoding=\"async\" src=\"http:\/\/www.ac-am.fr\/wp-content\/uploads\/2015\/09\/balle02.gif\" alt=\"\" border=\"0\" \/> \u00ab L\u2019\u00e9veil n\u2019est pas compliqu\u00e9. Il est simple et intuitif. La v\u00e9rit\u00e9 est vivante en vous. Elle ne vous parle pas par tons rythmiques et m\u00e9lodiques comme un ange. Elle est exp\u00e9riment\u00e9e instantan\u00e9ment, comme un \u00e9clair de la source. Et une fois exp\u00e9riment\u00e9e, personne ne peut revenir \u00e0 sa forme d\u2019avant \u00bb.<\/span><\/p>\n<p><span class=\"gmoyen\"><i>[<span style=\"color: #94fbbb;\">Aluna. &#8211; le 02-01-17<\/span>]<\/i><\/span><\/p>\n<\/td>\n<\/tr>\n<\/tbody>\n<\/table>\n<\/td>\n<\/tr>\n<\/tbody>\n<\/table>\n<\/div>\n<div style=\"padding-bottom:20px; padding-top:10px;\" class=\"hupso-share-buttons\"><!-- Hupso Share Buttons - https:\/\/www.hupso.com\/share\/ --><a class=\"hupso_toolbar\" href=\"https:\/\/www.hupso.com\/share\/\"><img decoding=\"async\" src=\"https:\/\/static.hupso.com\/share\/buttons\/lang\/fr\/share.png\" style=\"border:0px; padding-top: 5px; float:left;\" alt=\"Share Button\"\/><\/a><script type=\"text\/javascript\">var hupso_services_t=new Array(\"Twitter\",\"Facebook\",\"Google Plus\");var hupso_background_t=\"#EAF4FF\";var hupso_border_t=\"#66CCFF\";var hupso_toolbar_size_t=\"big\";var hupso_image_folder_url = \"\";var hupso_url_t=\"\";var hupso_title_t=\"%C3%89nergies%20r%C3%A9centes%20ces%20derniers%20mois.\";<\/script><script type=\"text\/javascript\" src=\"https:\/\/static.hupso.com\/share\/js\/share_toolbar.js\"><\/script><!-- Hupso Share Buttons --><\/div>","protected":false},"excerpt":{"rendered":"<p>\u00c9nergies r\u00e9centes ces derniers mois. Les \u00e9nergies r\u00e9centes des derniers mois ont \u00e9t\u00e9 le contre-coup&#8230;<\/p>\n","protected":false},"author":102,"featured_media":0,"comment_status":"closed","ping_status":"open","sticky":false,"template":"","format":"standard","meta":{"footnotes":""},"categories":[303,209],"tags":[],"class_list":["post-4051","post","type-post","status-publish","format-standard","hentry","category-2017-inities","category-nouveautes-tr"],"yoast_head":"<!-- This site is optimized with the Yoast SEO plugin v26.9 - https:\/\/yoast.com\/product\/yoast-seo-wordpress\/ -->\n<title>\u00c9nergies r\u00e9centes ces derniers mois. - Autre Conscience, Autre Monde<\/title>\n<meta name=\"robots\" content=\"index, follow, max-snippet:-1, max-image-preview:large, max-video-preview:-1\" \/>\n<link rel=\"canonical\" href=\"https:\/\/www.ac-am.fr\/index.php\/2017\/01\/02\/energies-recentes-derniers-mois\/\" \/>\n<meta property=\"og:locale\" content=\"fr_FR\" \/>\n<meta property=\"og:type\" content=\"article\" \/>\n<meta property=\"og:title\" content=\"\u00c9nergies r\u00e9centes ces derniers mois. - Autre Conscience, Autre Monde\" \/>\n<meta property=\"og:description\" content=\"\u00c9nergies r\u00e9centes ces derniers mois. Les \u00e9nergies r\u00e9centes des derniers mois ont \u00e9t\u00e9 le contre-coup...\" \/>\n<meta property=\"og:url\" content=\"https:\/\/www.ac-am.fr\/index.php\/2017\/01\/02\/energies-recentes-derniers-mois\/\" \/>\n<meta property=\"og:site_name\" content=\"Autre Conscience, Autre Monde\" \/>\n<meta property=\"article:publisher\" content=\"https:\/\/fr-fr.facebook.com\/claude.acam\/\" \/>\n<meta property=\"article:published_time\" content=\"2017-01-02T07:18:12+00:00\" \/>\n<meta property=\"article:modified_time\" content=\"2017-05-17T09:18:21+00:00\" \/>\n<meta property=\"og:image\" content=\"http:\/\/www.ac-am.fr\/wp-content\/uploads\/2015\/09\/barre_mr.gif\" \/>\n<meta name=\"author\" content=\"Aluna\" \/>\n<meta name=\"twitter:card\" content=\"summary_large_image\" \/>\n<meta name=\"twitter:label1\" content=\"\u00c9crit par\" \/>\n\t<meta name=\"twitter:data1\" content=\"Aluna\" \/>\n\t<meta name=\"twitter:label2\" content=\"Dur\u00e9e de lecture estim\u00e9e\" \/>\n\t<meta name=\"twitter:data2\" content=\"2 minutes\" \/>\n<script type=\"application\/ld+json\" class=\"yoast-schema-graph\">{\"@context\":\"https:\/\/schema.org\",\"@graph\":[{\"@type\":\"Article\",\"@id\":\"https:\/\/www.ac-am.fr\/index.php\/2017\/01\/02\/energies-recentes-derniers-mois\/#article\",\"isPartOf\":{\"@id\":\"https:\/\/www.ac-am.fr\/index.php\/2017\/01\/02\/energies-recentes-derniers-mois\/\"},\"author\":{\"name\":\"Aluna\",\"@id\":\"https:\/\/www.ac-am.fr\/#\/schema\/person\/00cd04f8d64ce7e4a3722a13cbf3b30a\"},\"headline\":\"\u00c9nergies r\u00e9centes ces derniers mois.\",\"datePublished\":\"2017-01-02T07:18:12+00:00\",\"dateModified\":\"2017-05-17T09:18:21+00:00\",\"mainEntityOfPage\":{\"@id\":\"https:\/\/www.ac-am.fr\/index.php\/2017\/01\/02\/energies-recentes-derniers-mois\/\"},\"wordCount\":471,\"publisher\":{\"@id\":\"https:\/\/www.ac-am.fr\/#organization\"},\"image\":{\"@id\":\"https:\/\/www.ac-am.fr\/index.php\/2017\/01\/02\/energies-recentes-derniers-mois\/#primaryimage\"},\"thumbnailUrl\":\"http:\/\/www.ac-am.fr\/wp-content\/uploads\/2015\/09\/barre_mr.gif\",\"articleSection\":[\"2017 \u2013 INITI\u00c9S\",\"NOUVEAUT\u00c9(S) T&amp;R\"],\"inLanguage\":\"fr-FR\"},{\"@type\":\"WebPage\",\"@id\":\"https:\/\/www.ac-am.fr\/index.php\/2017\/01\/02\/energies-recentes-derniers-mois\/\",\"url\":\"https:\/\/www.ac-am.fr\/index.php\/2017\/01\/02\/energies-recentes-derniers-mois\/\",\"name\":\"\u00c9nergies r\u00e9centes ces derniers mois. - Autre Conscience, Autre Monde\",\"isPartOf\":{\"@id\":\"https:\/\/www.ac-am.fr\/#website\"},\"primaryImageOfPage\":{\"@id\":\"https:\/\/www.ac-am.fr\/index.php\/2017\/01\/02\/energies-recentes-derniers-mois\/#primaryimage\"},\"image\":{\"@id\":\"https:\/\/www.ac-am.fr\/index.php\/2017\/01\/02\/energies-recentes-derniers-mois\/#primaryimage\"},\"thumbnailUrl\":\"http:\/\/www.ac-am.fr\/wp-content\/uploads\/2015\/09\/barre_mr.gif\",\"datePublished\":\"2017-01-02T07:18:12+00:00\",\"dateModified\":\"2017-05-17T09:18:21+00:00\",\"breadcrumb\":{\"@id\":\"https:\/\/www.ac-am.fr\/index.php\/2017\/01\/02\/energies-recentes-derniers-mois\/#breadcrumb\"},\"inLanguage\":\"fr-FR\",\"potentialAction\":[{\"@type\":\"ReadAction\",\"target\":[\"https:\/\/www.ac-am.fr\/index.php\/2017\/01\/02\/energies-recentes-derniers-mois\/\"]}]},{\"@type\":\"ImageObject\",\"inLanguage\":\"fr-FR\",\"@id\":\"https:\/\/www.ac-am.fr\/index.php\/2017\/01\/02\/energies-recentes-derniers-mois\/#primaryimage\",\"url\":\"https:\/\/www.ac-am.fr\/wp-content\/uploads\/2015\/09\/barre_mr.gif\",\"contentUrl\":\"https:\/\/www.ac-am.fr\/wp-content\/uploads\/2015\/09\/barre_mr.gif\",\"width\":550,\"height\":7,\"caption\":\"barre marron\"},{\"@type\":\"BreadcrumbList\",\"@id\":\"https:\/\/www.ac-am.fr\/index.php\/2017\/01\/02\/energies-recentes-derniers-mois\/#breadcrumb\",\"itemListElement\":[{\"@type\":\"ListItem\",\"position\":1,\"name\":\"Accueil\",\"item\":\"https:\/\/www.ac-am.fr\/\"},{\"@type\":\"ListItem\",\"position\":2,\"name\":\"\u00c9nergies r\u00e9centes ces derniers mois.\"}]},{\"@type\":\"WebSite\",\"@id\":\"https:\/\/www.ac-am.fr\/#website\",\"url\":\"https:\/\/www.ac-am.fr\/\",\"name\":\"Autre Conscience, Autre Monde\",\"description\":\"\",\"publisher\":{\"@id\":\"https:\/\/www.ac-am.fr\/#organization\"},\"potentialAction\":[{\"@type\":\"SearchAction\",\"target\":{\"@type\":\"EntryPoint\",\"urlTemplate\":\"https:\/\/www.ac-am.fr\/?s={search_term_string}\"},\"query-input\":{\"@type\":\"PropertyValueSpecification\",\"valueRequired\":true,\"valueName\":\"search_term_string\"}}],\"inLanguage\":\"fr-FR\"},{\"@type\":\"Organization\",\"@id\":\"https:\/\/www.ac-am.fr\/#organization\",\"name\":\"Autre Conscience, Autre Monde\",\"url\":\"https:\/\/www.ac-am.fr\/\",\"logo\":{\"@type\":\"ImageObject\",\"inLanguage\":\"fr-FR\",\"@id\":\"https:\/\/www.ac-am.fr\/#\/schema\/logo\/image\/\",\"url\":\"https:\/\/www.ac-am.fr\/wp-content\/uploads\/2015\/10\/bd_ac_am.gif\",\"contentUrl\":\"https:\/\/www.ac-am.fr\/wp-content\/uploads\/2015\/10\/bd_ac_am.gif\",\"width\":370,\"height\":65,\"caption\":\"Autre Conscience, Autre Monde\"},\"image\":{\"@id\":\"https:\/\/www.ac-am.fr\/#\/schema\/logo\/image\/\"},\"sameAs\":[\"https:\/\/fr-fr.facebook.com\/claude.acam\/\",\"https:\/\/www.youtube.com\/user\/consciencemonde\"]},{\"@type\":\"Person\",\"@id\":\"https:\/\/www.ac-am.fr\/#\/schema\/person\/00cd04f8d64ce7e4a3722a13cbf3b30a\",\"name\":\"Aluna\",\"image\":{\"@type\":\"ImageObject\",\"inLanguage\":\"fr-FR\",\"@id\":\"https:\/\/www.ac-am.fr\/#\/schema\/person\/image\/\",\"url\":\"https:\/\/secure.gravatar.com\/avatar\/b2dc5f83013756c248820dcb68337401f4bdac247fe92708cb7cfbe18ec68602?s=96&d=identicon&r=g\",\"contentUrl\":\"https:\/\/secure.gravatar.com\/avatar\/b2dc5f83013756c248820dcb68337401f4bdac247fe92708cb7cfbe18ec68602?s=96&d=identicon&r=g\",\"caption\":\"Aluna\"},\"url\":\"https:\/\/www.ac-am.fr\/index.php\/author\/aluna\/\"}]}<\/script>\n<!-- \/ Yoast SEO plugin. -->","yoast_head_json":{"title":"\u00c9nergies r\u00e9centes ces derniers mois. - Autre Conscience, Autre Monde","robots":{"index":"index","follow":"follow","max-snippet":"max-snippet:-1","max-image-preview":"max-image-preview:large","max-video-preview":"max-video-preview:-1"},"canonical":"https:\/\/www.ac-am.fr\/index.php\/2017\/01\/02\/energies-recentes-derniers-mois\/","og_locale":"fr_FR","og_type":"article","og_title":"\u00c9nergies r\u00e9centes ces derniers mois. - Autre Conscience, Autre Monde","og_description":"\u00c9nergies r\u00e9centes ces derniers mois. Les \u00e9nergies r\u00e9centes des derniers mois ont \u00e9t\u00e9 le contre-coup...","og_url":"https:\/\/www.ac-am.fr\/index.php\/2017\/01\/02\/energies-recentes-derniers-mois\/","og_site_name":"Autre Conscience, Autre Monde","article_publisher":"https:\/\/fr-fr.facebook.com\/claude.acam\/","article_published_time":"2017-01-02T07:18:12+00:00","article_modified_time":"2017-05-17T09:18:21+00:00","og_image":[{"url":"http:\/\/www.ac-am.fr\/wp-content\/uploads\/2015\/09\/barre_mr.gif","type":"","width":"","height":""}],"author":"Aluna","twitter_card":"summary_large_image","twitter_misc":{"\u00c9crit par":"Aluna","Dur\u00e9e de lecture estim\u00e9e":"2 minutes"},"schema":{"@context":"https:\/\/schema.org","@graph":[{"@type":"Article","@id":"https:\/\/www.ac-am.fr\/index.php\/2017\/01\/02\/energies-recentes-derniers-mois\/#article","isPartOf":{"@id":"https:\/\/www.ac-am.fr\/index.php\/2017\/01\/02\/energies-recentes-derniers-mois\/"},"author":{"name":"Aluna","@id":"https:\/\/www.ac-am.fr\/#\/schema\/person\/00cd04f8d64ce7e4a3722a13cbf3b30a"},"headline":"\u00c9nergies r\u00e9centes ces derniers mois.","datePublished":"2017-01-02T07:18:12+00:00","dateModified":"2017-05-17T09:18:21+00:00","mainEntityOfPage":{"@id":"https:\/\/www.ac-am.fr\/index.php\/2017\/01\/02\/energies-recentes-derniers-mois\/"},"wordCount":471,"publisher":{"@id":"https:\/\/www.ac-am.fr\/#organization"},"image":{"@id":"https:\/\/www.ac-am.fr\/index.php\/2017\/01\/02\/energies-recentes-derniers-mois\/#primaryimage"},"thumbnailUrl":"http:\/\/www.ac-am.fr\/wp-content\/uploads\/2015\/09\/barre_mr.gif","articleSection":["2017 \u2013 INITI\u00c9S","NOUVEAUT\u00c9(S) T&amp;R"],"inLanguage":"fr-FR"},{"@type":"WebPage","@id":"https:\/\/www.ac-am.fr\/index.php\/2017\/01\/02\/energies-recentes-derniers-mois\/","url":"https:\/\/www.ac-am.fr\/index.php\/2017\/01\/02\/energies-recentes-derniers-mois\/","name":"\u00c9nergies r\u00e9centes ces derniers mois. - Autre Conscience, Autre Monde","isPartOf":{"@id":"https:\/\/www.ac-am.fr\/#website"},"primaryImageOfPage":{"@id":"https:\/\/www.ac-am.fr\/index.php\/2017\/01\/02\/energies-recentes-derniers-mois\/#primaryimage"},"image":{"@id":"https:\/\/www.ac-am.fr\/index.php\/2017\/01\/02\/energies-recentes-derniers-mois\/#primaryimage"},"thumbnailUrl":"http:\/\/www.ac-am.fr\/wp-content\/uploads\/2015\/09\/barre_mr.gif","datePublished":"2017-01-02T07:18:12+00:00","dateModified":"2017-05-17T09:18:21+00:00","breadcrumb":{"@id":"https:\/\/www.ac-am.fr\/index.php\/2017\/01\/02\/energies-recentes-derniers-mois\/#breadcrumb"},"inLanguage":"fr-FR","potentialAction":[{"@type":"ReadAction","target":["https:\/\/www.ac-am.fr\/index.php\/2017\/01\/02\/energies-recentes-derniers-mois\/"]}]},{"@type":"ImageObject","inLanguage":"fr-FR","@id":"https:\/\/www.ac-am.fr\/index.php\/2017\/01\/02\/energies-recentes-derniers-mois\/#primaryimage","url":"https:\/\/www.ac-am.fr\/wp-content\/uploads\/2015\/09\/barre_mr.gif","contentUrl":"https:\/\/www.ac-am.fr\/wp-content\/uploads\/2015\/09\/barre_mr.gif","width":550,"height":7,"caption":"barre marron"},{"@type":"BreadcrumbList","@id":"https:\/\/www.ac-am.fr\/index.php\/2017\/01\/02\/energies-recentes-derniers-mois\/#breadcrumb","itemListElement":[{"@type":"ListItem","position":1,"name":"Accueil","item":"https:\/\/www.ac-am.fr\/"},{"@type":"ListItem","position":2,"name":"\u00c9nergies r\u00e9centes ces derniers mois."}]},{"@type":"WebSite","@id":"https:\/\/www.ac-am.fr\/#website","url":"https:\/\/www.ac-am.fr\/","name":"Autre Conscience, Autre Monde","description":"","publisher":{"@id":"https:\/\/www.ac-am.fr\/#organization"},"potentialAction":[{"@type":"SearchAction","target":{"@type":"EntryPoint","urlTemplate":"https:\/\/www.ac-am.fr\/?s={search_term_string}"},"query-input":{"@type":"PropertyValueSpecification","valueRequired":true,"valueName":"search_term_string"}}],"inLanguage":"fr-FR"},{"@type":"Organization","@id":"https:\/\/www.ac-am.fr\/#organization","name":"Autre Conscience, Autre Monde","url":"https:\/\/www.ac-am.fr\/","logo":{"@type":"ImageObject","inLanguage":"fr-FR","@id":"https:\/\/www.ac-am.fr\/#\/schema\/logo\/image\/","url":"https:\/\/www.ac-am.fr\/wp-content\/uploads\/2015\/10\/bd_ac_am.gif","contentUrl":"https:\/\/www.ac-am.fr\/wp-content\/uploads\/2015\/10\/bd_ac_am.gif","width":370,"height":65,"caption":"Autre Conscience, Autre Monde"},"image":{"@id":"https:\/\/www.ac-am.fr\/#\/schema\/logo\/image\/"},"sameAs":["https:\/\/fr-fr.facebook.com\/claude.acam\/","https:\/\/www.youtube.com\/user\/consciencemonde"]},{"@type":"Person","@id":"https:\/\/www.ac-am.fr\/#\/schema\/person\/00cd04f8d64ce7e4a3722a13cbf3b30a","name":"Aluna","image":{"@type":"ImageObject","inLanguage":"fr-FR","@id":"https:\/\/www.ac-am.fr\/#\/schema\/person\/image\/","url":"https:\/\/secure.gravatar.com\/avatar\/b2dc5f83013756c248820dcb68337401f4bdac247fe92708cb7cfbe18ec68602?s=96&d=identicon&r=g","contentUrl":"https:\/\/secure.gravatar.com\/avatar\/b2dc5f83013756c248820dcb68337401f4bdac247fe92708cb7cfbe18ec68602?s=96&d=identicon&r=g","caption":"Aluna"},"url":"https:\/\/www.ac-am.fr\/index.php\/author\/aluna\/"}]}},"_links":{"self":[{"href":"https:\/\/www.ac-am.fr\/index.php\/wp-json\/wp\/v2\/posts\/4051","targetHints":{"allow":["GET"]}}],"collection":[{"href":"https:\/\/www.ac-am.fr\/index.php\/wp-json\/wp\/v2\/posts"}],"about":[{"href":"https:\/\/www.ac-am.fr\/index.php\/wp-json\/wp\/v2\/types\/post"}],"author":[{"embeddable":true,"href":"https:\/\/www.ac-am.fr\/index.php\/wp-json\/wp\/v2\/users\/102"}],"replies":[{"embeddable":true,"href":"https:\/\/www.ac-am.fr\/index.php\/wp-json\/wp\/v2\/comments?post=4051"}],"version-history":[{"count":3,"href":"https:\/\/www.ac-am.fr\/index.php\/wp-json\/wp\/v2\/posts\/4051\/revisions"}],"predecessor-version":[{"id":4055,"href":"https:\/\/www.ac-am.fr\/index.php\/wp-json\/wp\/v2\/posts\/4051\/revisions\/4055"}],"wp:attachment":[{"href":"https:\/\/www.ac-am.fr\/index.php\/wp-json\/wp\/v2\/media?parent=4051"}],"wp:term":[{"taxonomy":"category","embeddable":true,"href":"https:\/\/www.ac-am.fr\/index.php\/wp-json\/wp\/v2\/categories?post=4051"},{"taxonomy":"post_tag","embeddable":true,"href":"https:\/\/www.ac-am.fr\/index.php\/wp-json\/wp\/v2\/tags?post=4051"}],"curies":[{"name":"wp","href":"https:\/\/api.w.org\/{rel}","templated":true}]}}