{"id":4060,"date":"2017-06-21T08:14:44","date_gmt":"2017-06-21T07:14:44","guid":{"rendered":"https:\/\/www.ac-am.fr\/?p=4060"},"modified":"2017-06-21T08:32:41","modified_gmt":"2017-06-21T07:32:41","slug":"se-passe-de-droles-de-choses-dessus-de-tete","status":"publish","type":"post","link":"https:\/\/www.ac-am.fr\/index.php\/2017\/06\/21\/se-passe-de-droles-de-choses-dessus-de-tete\/","title":{"rendered":"Il se passe de dr\u00f4les de choses au-dessus de notre t\u00eate !!!"},"content":{"rendered":"<div id=\"histoire\" style=\"background-attachment: fixed; border: 2px solid #000000; border-radius: 10px; opacity: 0.90;\">\n<table class=\"aligncenter\" style=\"width: 600px;\" border=\"0\">\n<tbody>\n<tr>\n<td>\n<table class=\"aligncenter\" style=\"width: 567px; height: 190px;\" border=\"0\">\n<tbody>\n<tr>\n<td><img decoding=\"async\" class=\"aligncenter\" src=\"http:\/\/www.ac-am.fr\/wp-content\/uploads\/2015\/09\/barre01.gif\" alt=\"\" border=\"0\" \/><\/td>\n<\/tr>\n<tr>\n<td style=\"text-align: left;\"><img loading=\"lazy\" decoding=\"async\" src=\"http:\/\/www.ac-am.fr\/wp-content\/uploads\/2015\/10\/histoire.gif\" alt=\"\" width=\"380\" height=\"100\" border=\"0\" \/><img loading=\"lazy\" decoding=\"async\" src=\"http:\/\/www.ac-am.fr\/wp-content\/uploads\/2017\/02\/cal2017.gif\" alt=\"Ann\u00e9e 2017\" width=\"150\" height=\"100\" border=\"0\" \/><\/td>\n<\/tr>\n<tr>\n<td><img decoding=\"async\" class=\"aligncenter\" src=\"http:\/\/www.ac-am.fr\/wp-content\/uploads\/2015\/09\/barre01.gif\" alt=\"\" border=\"0\" \/><\/td>\n<\/tr>\n<\/tbody>\n<\/table>\n<table class=\"aligncenter\" style=\"width: 590px;\" border=\"0\">\n<tbody>\n<tr>\n<td><a name=\"Claude01_02hist17\"><\/a><b class=\"ntitre1\">Il se passe de dr\u00f4les de choses au-dessus de notre t\u00eate<\/b><\/td>\n<\/tr>\n<tr>\n<td colspan=\"2\"><img decoding=\"async\" class=\"aligncenter\" src=\"http:\/\/www.ac-am.fr\/wp-content\/uploads\/2015\/09\/barre01.gif\" alt=\"\" border=\"0\" \/><\/td>\n<\/tr>\n<tr>\n<td style=\"text-align: left;\">\n<p><span class=\"gmoyen\"><img decoding=\"async\" src=\"http:\/\/www.ac-am.fr\/wp-content\/uploads\/2015\/09\/balle02.gif\" alt=\"\" border=\"0\" \/> Bonjour les Ami(e)s,<\/span><\/p>\n<p><span class=\"gmoyen\"><img decoding=\"async\" src=\"http:\/\/www.ac-am.fr\/wp-content\/uploads\/2015\/09\/balle02.gif\" alt=\"\" border=\"0\" \/> Je sais que vous \u00eates dans la tourmente de la politique \ud83d\ude09 et du quotidien mais savez-vous qu\u2019il se passe de dr\u00f4les de choses au-dessus de notre t\u00eate. Comme je le r\u00e9p\u00e8te encore et encore le d\u00e9r\u00e8glement climatique est une vaste fumisterie, c\u2019est tout simplement un changement de cycle et nous en sommes les t\u00e9moins. Notre soleil comme toutes les autres plan\u00e8tes sont \u00e9galement touch\u00e9es par cette transformation. Alors prenez quelques instants et levez le nez au ciel. Ne vous \u00eates vous pas rendu compte que notre cher Soleil \u00e9met une lumi\u00e8re blanche, difficilement supportable sans lunette de soleil. Ne vous \u00eates vous pas rendu compte qu\u2019il br\u00fble plus qu\u2019il ne chauffe. Je me rappelle il y a 40 ans o\u00f9 sa lumi\u00e8re \u00e9tait jaune. Mais plus extraordinaire encore c\u2019est qu\u2019il ne se d\u00e9place plus au m\u00eame endroit dans le ciel. Explications\u2026<\/span><\/p>\n<p><span class=\"gmoyen\"><img decoding=\"async\" src=\"http:\/\/www.ac-am.fr\/wp-content\/uploads\/2015\/09\/balle02.gif\" alt=\"\" border=\"0\" \/> Voici le t\u00e9moignage des observations des Inuits \u00e0 ce sujet (source : Des yeux pour voir) :<\/span><\/p>\n<p><span class=\"gmoyen\"><img decoding=\"async\" src=\"http:\/\/www.ac-am.fr\/wp-content\/uploads\/2015\/09\/balle02.gif\" alt=\"\" border=\"0\" \/> Loin de questionnement th\u00e9orique, des Inuits nous content ce qu\u2019ils observent concr\u00e8tement dans leur environnement et sur le soleil (traduction de la vid\u00e9o pour les anglophobes de mon esp\u00e8ce \ud83d\ude09 par \u00c9tat du monde, \u00e9tat d\u2019\u00eatre)\u2026<\/span><\/p>\n<\/td>\n<\/tr>\n<tr>\n<td>\n<table>\n<tbody>\n<tr>\n<td style=\"text-align: center; border: 0px;\"><a href=\"https:\/\/vimeo.com\/user64562519\/observations-des-inuits-sur-notre-soleil\">https:\/\/vimeo.com\/user64562519\/observations-des-inuits-sur-notre-soleil<\/a><\/td>\n<\/tr>\n<\/tbody>\n<\/table>\n<\/td>\n<\/tr>\n<tr>\n<td style=\"text-align: left;\">\n<p><span class=\"gmoyen\"><img decoding=\"async\" src=\"http:\/\/www.ac-am.fr\/wp-content\/uploads\/2015\/09\/balle02.gif\" alt=\"\" border=\"0\" \/> Ludy Pudluk raconte qu\u2019avant ils avaient une fen\u00eatre d\u2019une heure d\u2019ensoleillement pour chasser le phoque, qui est pass\u00e9 maintenant \u00e0 deux, la lumi\u00e8re \u00e9tant plus haute \u00e0 l\u2019horizon\u2026<\/span><\/p>\n<p><span class=\"gmoyen\"><img decoding=\"async\" src=\"http:\/\/www.ac-am.fr\/wp-content\/uploads\/2015\/09\/balle02.gif\" alt=\"\" border=\"0\" \/> Inookie Adamie raconte qu\u2019il ne connait vraiment pas grand chose, mais a bas\u00e9 sa vie sur l\u2019observation de la nature, du soleil et des \u00e9toiles, et qu\u2019il a remarqu\u00e9 derni\u00e8rement que le soleil se l\u00e8ve au m\u00eame endroit mais ne se couche plus au m\u00eame endroit, il se questionne sur un changement d\u2019axe de la Terre\u2026<\/span><\/p>\n<p><span class=\"gmoyen\"><img decoding=\"async\" src=\"http:\/\/www.ac-am.fr\/wp-content\/uploads\/2015\/09\/balle02.gif\" alt=\"\" border=\"0\" \/> Elijah Nodlak raconte que toute sa vie il a vu le soleil \u00eatre \u00e0 son max juste au dessus d\u2019un pic montagneux, il ne sait pas exactement quand c&rsquo;est arriv\u00e9, mais maintenant il est d\u00e9cal\u00e9 par rapport \u00e0 ce pic, le quatri\u00e8me explique que le soleil maintenant chauffe, qu\u2019il est plus haut et que \u00e7a r\u00e9chauffe diff\u00e9remment\u2026<\/span><\/p>\n<p><span class=\"gmoyen\"><img decoding=\"async\" src=\"http:\/\/www.ac-am.fr\/wp-content\/uploads\/2015\/09\/balle02.gif\" alt=\"\" border=\"0\" \/> Samueli Ammak de Igloouk explique que les inuits se sont toujours dirig\u00e9s par rapport \u00e0 certains bancs de neige, cr\u00e9es par le vent du nord, cela les aidaient \u00e0 se rep\u00e9rer quand les \u00e9toiles \u00e9taient invisible dans le ciel, hors le vent a chang\u00e9, m\u00eame la place des \u00e9toiles a chang\u00e9 selon lui\u2026<\/span><\/p>\n<p><span class=\"gmoyen\"><img decoding=\"async\" src=\"http:\/\/www.ac-am.fr\/wp-content\/uploads\/2015\/09\/balle02.gif\" alt=\"\" border=\"0\" \/> Herve Paniak revient sur les bancs de neige qui les aident \u00e0 se rep\u00e9rer, et note qu\u2019avant ils traversaient les bancs pour aller vers L\u2019Est, et maintenant les m\u00eames bancs pointent vers l\u2019Est, les vents ont chang\u00e9\u2026 il n\u2019y a plus de vent venant du nord, le vent dominant est maintenant celui de l\u2019Est qui n\u2019apporte que du mauvais temps\u2026<\/span><\/p>\n<p><span class=\"gmoyen\"><img decoding=\"async\" src=\"http:\/\/www.ac-am.fr\/wp-content\/uploads\/2015\/09\/balle02.gif\" alt=\"\" border=\"0\" \/> Un observateur canadien connu pour ses chroniques (les chroniques de Rorschach) sur youtube explique ceci :<\/span><\/p>\n<p><span class=\"gmoyen\"><img decoding=\"async\" src=\"http:\/\/www.ac-am.fr\/wp-content\/uploads\/2015\/09\/balle02.gif\" alt=\"\" border=\"0\" \/> La science reconna\u00eet de mani\u00e8re tout \u00e0 fait officielle que les p\u00f4les physiques ne sont pas des points fixes et que leurs emplacements puissent \u00e9voluer au fil du temps. Divers causes sont avanc\u00e9es pour l&rsquo;expliquer, on peut citer tout d&rsquo;abord le cycle de pr\u00e9cession des \u00e9quinoxes d&rsquo;une dur\u00e9e totale de 25 800 ans, l&rsquo;oscillation de Chandler d&rsquo;une dur\u00e9e de 14 mois sans oublier certains gros s\u00e9ismes capables de modifier l&rsquo;axe de rotation de la Terre tels que ceux de Mars 2011 et de F\u00e9vrier 2010.<\/span><\/p>\n<p><span class=\"gmoyen\"><img decoding=\"async\" src=\"http:\/\/www.ac-am.fr\/wp-content\/uploads\/2015\/09\/balle02.gif\" alt=\"\" border=\"0\" \/> Mais m\u00eame en prenant en compte ces divers facteurs, les scientifiques ne savent pas pourquoi la vitesse de ce d\u00e9placement a fortement augment\u00e9 ces derniers temps. Depuis 2005, il serait de 27 centim\u00e8tres par an au lieu de 6 soit une augmentation de 450% !<\/span><\/p>\n<p><span class=\"gmoyen\"><img decoding=\"async\" src=\"http:\/\/www.ac-am.fr\/wp-content\/uploads\/2015\/09\/balle02.gif\" alt=\"\" border=\"0\" \/> Voil\u00e0 pour les informations propag\u00e9es par les m\u00e9dias officiels, en r\u00e9alit\u00e9 certaines observations montrent que la situation est beaucoup plus dramatique qu&rsquo;on ne le pense. Nous serions en train d&rsquo;assister \u00e0 la phase pr\u00e9c\u00e9dant un v\u00e9ritable basculement de l&rsquo;axe de rotation de la Terre et celle ci s&rsquo;accompagne du basculement encore plus rapide des p\u00f4les magn\u00e9tiques. (d\u00e9j\u00e0 260 km en 6 mois).<\/span><\/p>\n<p><span class=\"gmoyen\"><img decoding=\"async\" src=\"http:\/\/www.ac-am.fr\/wp-content\/uploads\/2015\/09\/balle02.gif\" alt=\"\" border=\"0\" \/> D&rsquo;ores et d\u00e9j\u00e0, certains constatent de visu une modification dans la course du soleil. Vivants au niveau du cercle polaire arctique les Inuits furent parmi les premiers \u00e0 tirer la sonnette d&rsquo;alarme.<\/span><\/p>\n<p><span class=\"gmoyen\"><img decoding=\"async\" src=\"http:\/\/www.ac-am.fr\/wp-content\/uploads\/2015\/09\/balle02.gif\" alt=\"\" border=\"0\" \/> Mais d\u00e9sormais, m\u00eame ceux qui habitent \u00e0 des latitudes plus basses commencent \u00e0 se rendre compte du changement.<\/span><\/p>\n<p><span class=\"gmoyen\"><img decoding=\"async\" src=\"http:\/\/www.ac-am.fr\/wp-content\/uploads\/2015\/09\/balle02.gif\" alt=\"\" border=\"0\" \/> L&rsquo;image ci dessous montre diff\u00e9rents clich\u00e9s de la ville de Denver \u00e0 partir d&rsquo;une webcam le m\u00eame jour et \u00e0 la m\u00eame heure mais \u00e0 plusieurs ann\u00e9es d\u2019intervalle. Or, il appara\u00eet que plus les ann\u00e9es passent, plus le soleil se l\u00e8ve haut dans le ciel \u00e9clairant les buildings de mani\u00e8re diff\u00e9rente.<\/span><\/p>\n<\/td>\n<\/tr>\n<tr>\n<td>\n<table>\n<tbody>\n<tr>\n<td><img loading=\"lazy\" decoding=\"async\" class=\"aligncenter\" src=\"http:\/\/www.ac-am.fr\/wp-content\/uploads\/2017\/06\/axe_planetaire_01.jpg\" alt=\"Affichage de l'ombre du soleil sur des buildings \u00e0 Denver le m\u00eame jour, \u00e0 la m\u00eame heure sur diff\u00e9rentes ann\u00e9es\" width=\"534\" height=\"853\" border=\"0\" \/><\/td>\n<\/tr>\n<\/tbody>\n<\/table>\n<\/td>\n<\/tr>\n<tr>\n<td style=\"text-align: left;\">\n<p><span class=\"gmoyen\"><img decoding=\"async\" src=\"http:\/\/www.ac-am.fr\/wp-content\/uploads\/2015\/09\/balle02.gif\" alt=\"\" border=\"0\" \/> Mieux encore ! A Vancouver, le soleil affiche jusqu&rsquo;\u00e0 9 minutes de retard sur l&rsquo;horaire pr\u00e9vu (image ci-dessous).<\/span><\/p>\n<\/td>\n<\/tr>\n<tr>\n<td>\n<table>\n<tbody>\n<tr>\n<td><img loading=\"lazy\" decoding=\"async\" class=\"aligncenter\" src=\"http:\/\/www.ac-am.fr\/wp-content\/uploads\/2017\/06\/axe_planetaire_02.jpg\" alt=\"Affichage du lev\u00e9 du soleil \u00e0 Vancouver\" width=\"534\" height=\"909\" border=\"0\" \/><\/td>\n<\/tr>\n<\/tbody>\n<\/table>\n<\/td>\n<\/tr>\n<tr>\n<td style=\"text-align: left;\">\n<p><span class=\"gmoyen\"><img decoding=\"async\" src=\"http:\/\/www.ac-am.fr\/wp-content\/uploads\/2015\/09\/balle02.gif\" alt=\"\" border=\"0\" \/> M\u00eame en tenant compte des diff\u00e9rents facteurs qui induisent un d\u00e9placement des p\u00f4les, la science officielle ne fournit aucune explication valable \u00e0 ces changements de la position apparente du soleil dans le ciel.<\/span><\/p>\n<p><span class=\"gmoyen\"><img decoding=\"async\" src=\"http:\/\/www.ac-am.fr\/wp-content\/uploads\/2015\/09\/balle02.gif\" alt=\"\" border=\"0\" \/> Sous l&rsquo;effet d&rsquo;un facteur inconnu, l&rsquo;axe de rotation terrestre est en train de se d\u00e9placer \u00e0 une vitesse beaucoup plus importante que ne l&rsquo;admettent les autorit\u00e9s scientifiques. On a donc affaire \u00e0 un cover-up du m\u00eame genre que celui qui concerne la blancheur actuelle du soleil.<\/span><\/p>\n<p><span class=\"gmoyen\"><img decoding=\"async\" src=\"http:\/\/www.ac-am.fr\/wp-content\/uploads\/2015\/09\/balle02.gif\" alt=\"\" border=\"0\" \/> La diff\u00e9rence c&rsquo;est que si n&rsquo;importe qui peut se rendre compte instantan\u00e9ment que le soleil est blanc au lieu d&rsquo;\u00eatre jaune, il faut effectuer des recherches un peu plus pouss\u00e9es pour mettre en \u00e9vidence cette autre anomalie qu&rsquo;est le d\u00e9placement des p\u00f4les g\u00e9ographiques.<\/span><\/p>\n<p><span class=\"gmoyen\"><img decoding=\"async\" src=\"http:\/\/www.ac-am.fr\/wp-content\/uploads\/2015\/09\/balle02.gif\" alt=\"\" border=\"0\" \/> Je pourrais en conclusion me poser la question suivante : la fonte importante de la glace aux deux p\u00f4les ne provoque-t-elle pas un d\u00e9s\u00e9quilibre dans l\u2019inclinaison de notre plan\u00e8te par rapport au plan de l\u2019\u00e9cliptique. En tout cas il faut s\u2019attendre \u00e0 des changements particuli\u00e8rement brutaux dans les temps \u00e0 venir. De plus les m\u00e9dias comme \u00e0 leur habitude restent muets. Certains journalistes d\u2019investigations pourraient mener l\u2019enqu\u00eate sur ce sujet qui est vital pour notre devenir. Alors messieurs les journalistes au boulot !!!<\/span><\/p>\n<\/td>\n<\/tr>\n<\/tbody>\n<\/table>\n<\/td>\n<\/tr>\n<\/tbody>\n<\/table>\n<\/div>\n<div style=\"padding-bottom:20px; padding-top:10px;\" class=\"hupso-share-buttons\"><!-- Hupso Share Buttons - https:\/\/www.hupso.com\/share\/ --><a class=\"hupso_toolbar\" href=\"https:\/\/www.hupso.com\/share\/\"><img decoding=\"async\" src=\"https:\/\/static.hupso.com\/share\/buttons\/lang\/fr\/share.png\" style=\"border:0px; padding-top: 5px; float:left;\" alt=\"Share Button\"\/><\/a><script type=\"text\/javascript\">var hupso_services_t=new Array(\"Twitter\",\"Facebook\",\"Google Plus\");var hupso_background_t=\"#EAF4FF\";var hupso_border_t=\"#66CCFF\";var hupso_toolbar_size_t=\"big\";var hupso_image_folder_url = \"\";var hupso_url_t=\"\";var hupso_title_t=\"Il%20se%20passe%20de%20dr%C3%B4les%20de%20choses%20au-dessus%20de%20notre%20t%C3%AAte%20%21%21%21\";<\/script><script type=\"text\/javascript\" src=\"https:\/\/static.hupso.com\/share\/js\/share_toolbar.js\"><\/script><!-- Hupso Share Buttons --><\/div>","protected":false},"excerpt":{"rendered":"<p>Il se passe de dr\u00f4les de choses au-dessus de notre t\u00eate Bonjour les Ami(e)s, Je&#8230;<\/p>\n","protected":false},"author":1,"featured_media":0,"comment_status":"open","ping_status":"open","sticky":false,"template":"","format":"standard","meta":{"footnotes":""},"categories":[300,209],"tags":[],"class_list":["post-4060","post","type-post","status-publish","format-standard","hentry","category-2017-petite-histoire-ou","category-nouveautes-tr"],"yoast_head":"<!-- This site is optimized with the Yoast SEO plugin v26.9 - https:\/\/yoast.com\/product\/yoast-seo-wordpress\/ -->\n<title>Il se passe de dr\u00f4les de choses au-dessus de notre t\u00eate !!! - Autre Conscience, Autre Monde<\/title>\n<meta name=\"robots\" content=\"index, follow, max-snippet:-1, max-image-preview:large, max-video-preview:-1\" \/>\n<link rel=\"canonical\" href=\"https:\/\/www.ac-am.fr\/index.php\/2017\/06\/21\/se-passe-de-droles-de-choses-dessus-de-tete\/\" \/>\n<meta property=\"og:locale\" content=\"fr_FR\" \/>\n<meta property=\"og:type\" content=\"article\" \/>\n<meta property=\"og:title\" content=\"Il se passe de dr\u00f4les de choses au-dessus de notre t\u00eate !!! - Autre Conscience, Autre Monde\" \/>\n<meta property=\"og:description\" content=\"Il se passe de dr\u00f4les de choses au-dessus de notre t\u00eate Bonjour les Ami(e)s, Je...\" \/>\n<meta property=\"og:url\" content=\"https:\/\/www.ac-am.fr\/index.php\/2017\/06\/21\/se-passe-de-droles-de-choses-dessus-de-tete\/\" \/>\n<meta property=\"og:site_name\" content=\"Autre Conscience, Autre Monde\" \/>\n<meta property=\"article:publisher\" content=\"https:\/\/fr-fr.facebook.com\/claude.acam\/\" \/>\n<meta property=\"article:published_time\" content=\"2017-06-21T07:14:44+00:00\" \/>\n<meta property=\"article:modified_time\" content=\"2017-06-21T07:32:41+00:00\" \/>\n<meta property=\"og:image\" content=\"http:\/\/www.ac-am.fr\/wp-content\/uploads\/2015\/09\/barre01.gif\" \/>\n<meta name=\"author\" content=\"Jupiter\" \/>\n<meta name=\"twitter:card\" content=\"summary_large_image\" \/>\n<meta name=\"twitter:label1\" content=\"\u00c9crit par\" \/>\n\t<meta name=\"twitter:data1\" content=\"Jupiter\" \/>\n\t<meta name=\"twitter:label2\" content=\"Dur\u00e9e de lecture estim\u00e9e\" \/>\n\t<meta name=\"twitter:data2\" content=\"5 minutes\" \/>\n<script type=\"application\/ld+json\" class=\"yoast-schema-graph\">{\"@context\":\"https:\/\/schema.org\",\"@graph\":[{\"@type\":\"Article\",\"@id\":\"https:\/\/www.ac-am.fr\/index.php\/2017\/06\/21\/se-passe-de-droles-de-choses-dessus-de-tete\/#article\",\"isPartOf\":{\"@id\":\"https:\/\/www.ac-am.fr\/index.php\/2017\/06\/21\/se-passe-de-droles-de-choses-dessus-de-tete\/\"},\"author\":{\"name\":\"Jupiter\",\"@id\":\"https:\/\/www.ac-am.fr\/#\/schema\/person\/29422e9df875986c42a1060d0eee5f89\"},\"headline\":\"Il se passe de dr\u00f4les de choses au-dessus de notre t\u00eate !!!\",\"datePublished\":\"2017-06-21T07:14:44+00:00\",\"dateModified\":\"2017-06-21T07:32:41+00:00\",\"mainEntityOfPage\":{\"@id\":\"https:\/\/www.ac-am.fr\/index.php\/2017\/06\/21\/se-passe-de-droles-de-choses-dessus-de-tete\/\"},\"wordCount\":1121,\"commentCount\":0,\"publisher\":{\"@id\":\"https:\/\/www.ac-am.fr\/#organization\"},\"image\":{\"@id\":\"https:\/\/www.ac-am.fr\/index.php\/2017\/06\/21\/se-passe-de-droles-de-choses-dessus-de-tete\/#primaryimage\"},\"thumbnailUrl\":\"http:\/\/www.ac-am.fr\/wp-content\/uploads\/2015\/09\/barre01.gif\",\"articleSection\":[\"2017 \u2013 PETITE HISTOIRE OU\u2026\",\"NOUVEAUT\u00c9(S) T&amp;R\"],\"inLanguage\":\"fr-FR\",\"potentialAction\":[{\"@type\":\"CommentAction\",\"name\":\"Comment\",\"target\":[\"https:\/\/www.ac-am.fr\/index.php\/2017\/06\/21\/se-passe-de-droles-de-choses-dessus-de-tete\/#respond\"]}]},{\"@type\":\"WebPage\",\"@id\":\"https:\/\/www.ac-am.fr\/index.php\/2017\/06\/21\/se-passe-de-droles-de-choses-dessus-de-tete\/\",\"url\":\"https:\/\/www.ac-am.fr\/index.php\/2017\/06\/21\/se-passe-de-droles-de-choses-dessus-de-tete\/\",\"name\":\"Il se passe de dr\u00f4les de choses au-dessus de notre t\u00eate !!! - Autre Conscience, Autre Monde\",\"isPartOf\":{\"@id\":\"https:\/\/www.ac-am.fr\/#website\"},\"primaryImageOfPage\":{\"@id\":\"https:\/\/www.ac-am.fr\/index.php\/2017\/06\/21\/se-passe-de-droles-de-choses-dessus-de-tete\/#primaryimage\"},\"image\":{\"@id\":\"https:\/\/www.ac-am.fr\/index.php\/2017\/06\/21\/se-passe-de-droles-de-choses-dessus-de-tete\/#primaryimage\"},\"thumbnailUrl\":\"http:\/\/www.ac-am.fr\/wp-content\/uploads\/2015\/09\/barre01.gif\",\"datePublished\":\"2017-06-21T07:14:44+00:00\",\"dateModified\":\"2017-06-21T07:32:41+00:00\",\"breadcrumb\":{\"@id\":\"https:\/\/www.ac-am.fr\/index.php\/2017\/06\/21\/se-passe-de-droles-de-choses-dessus-de-tete\/#breadcrumb\"},\"inLanguage\":\"fr-FR\",\"potentialAction\":[{\"@type\":\"ReadAction\",\"target\":[\"https:\/\/www.ac-am.fr\/index.php\/2017\/06\/21\/se-passe-de-droles-de-choses-dessus-de-tete\/\"]}]},{\"@type\":\"ImageObject\",\"inLanguage\":\"fr-FR\",\"@id\":\"https:\/\/www.ac-am.fr\/index.php\/2017\/06\/21\/se-passe-de-droles-de-choses-dessus-de-tete\/#primaryimage\",\"url\":\"https:\/\/www.ac-am.fr\/wp-content\/uploads\/2015\/09\/barre01.gif\",\"contentUrl\":\"https:\/\/www.ac-am.fr\/wp-content\/uploads\/2015\/09\/barre01.gif\",\"width\":550,\"height\":7,\"caption\":\"Barre couleur argent\"},{\"@type\":\"BreadcrumbList\",\"@id\":\"https:\/\/www.ac-am.fr\/index.php\/2017\/06\/21\/se-passe-de-droles-de-choses-dessus-de-tete\/#breadcrumb\",\"itemListElement\":[{\"@type\":\"ListItem\",\"position\":1,\"name\":\"Accueil\",\"item\":\"https:\/\/www.ac-am.fr\/\"},{\"@type\":\"ListItem\",\"position\":2,\"name\":\"Il se passe de dr\u00f4les de choses au-dessus de notre t\u00eate !!!\"}]},{\"@type\":\"WebSite\",\"@id\":\"https:\/\/www.ac-am.fr\/#website\",\"url\":\"https:\/\/www.ac-am.fr\/\",\"name\":\"Autre Conscience, Autre Monde\",\"description\":\"\",\"publisher\":{\"@id\":\"https:\/\/www.ac-am.fr\/#organization\"},\"potentialAction\":[{\"@type\":\"SearchAction\",\"target\":{\"@type\":\"EntryPoint\",\"urlTemplate\":\"https:\/\/www.ac-am.fr\/?s={search_term_string}\"},\"query-input\":{\"@type\":\"PropertyValueSpecification\",\"valueRequired\":true,\"valueName\":\"search_term_string\"}}],\"inLanguage\":\"fr-FR\"},{\"@type\":\"Organization\",\"@id\":\"https:\/\/www.ac-am.fr\/#organization\",\"name\":\"Autre Conscience, Autre Monde\",\"url\":\"https:\/\/www.ac-am.fr\/\",\"logo\":{\"@type\":\"ImageObject\",\"inLanguage\":\"fr-FR\",\"@id\":\"https:\/\/www.ac-am.fr\/#\/schema\/logo\/image\/\",\"url\":\"https:\/\/www.ac-am.fr\/wp-content\/uploads\/2015\/10\/bd_ac_am.gif\",\"contentUrl\":\"https:\/\/www.ac-am.fr\/wp-content\/uploads\/2015\/10\/bd_ac_am.gif\",\"width\":370,\"height\":65,\"caption\":\"Autre Conscience, Autre Monde\"},\"image\":{\"@id\":\"https:\/\/www.ac-am.fr\/#\/schema\/logo\/image\/\"},\"sameAs\":[\"https:\/\/fr-fr.facebook.com\/claude.acam\/\",\"https:\/\/www.youtube.com\/user\/consciencemonde\"]},{\"@type\":\"Person\",\"@id\":\"https:\/\/www.ac-am.fr\/#\/schema\/person\/29422e9df875986c42a1060d0eee5f89\",\"name\":\"Jupiter\",\"image\":{\"@type\":\"ImageObject\",\"inLanguage\":\"fr-FR\",\"@id\":\"https:\/\/www.ac-am.fr\/#\/schema\/person\/image\/\",\"url\":\"https:\/\/secure.gravatar.com\/avatar\/70703480c6cb33b9fbf7d4f0ab086cc57a26617a733df2c086d76758da6ac7aa?s=96&d=identicon&r=g\",\"contentUrl\":\"https:\/\/secure.gravatar.com\/avatar\/70703480c6cb33b9fbf7d4f0ab086cc57a26617a733df2c086d76758da6ac7aa?s=96&d=identicon&r=g\",\"caption\":\"Jupiter\"},\"url\":\"https:\/\/www.ac-am.fr\/index.php\/author\/acam\/\"}]}<\/script>\n<!-- \/ Yoast SEO plugin. -->","yoast_head_json":{"title":"Il se passe de dr\u00f4les de choses au-dessus de notre t\u00eate !!! - Autre Conscience, Autre Monde","robots":{"index":"index","follow":"follow","max-snippet":"max-snippet:-1","max-image-preview":"max-image-preview:large","max-video-preview":"max-video-preview:-1"},"canonical":"https:\/\/www.ac-am.fr\/index.php\/2017\/06\/21\/se-passe-de-droles-de-choses-dessus-de-tete\/","og_locale":"fr_FR","og_type":"article","og_title":"Il se passe de dr\u00f4les de choses au-dessus de notre t\u00eate !!! - Autre Conscience, Autre Monde","og_description":"Il se passe de dr\u00f4les de choses au-dessus de notre t\u00eate Bonjour les Ami(e)s, Je...","og_url":"https:\/\/www.ac-am.fr\/index.php\/2017\/06\/21\/se-passe-de-droles-de-choses-dessus-de-tete\/","og_site_name":"Autre Conscience, Autre Monde","article_publisher":"https:\/\/fr-fr.facebook.com\/claude.acam\/","article_published_time":"2017-06-21T07:14:44+00:00","article_modified_time":"2017-06-21T07:32:41+00:00","og_image":[{"url":"http:\/\/www.ac-am.fr\/wp-content\/uploads\/2015\/09\/barre01.gif","type":"","width":"","height":""}],"author":"Jupiter","twitter_card":"summary_large_image","twitter_misc":{"\u00c9crit par":"Jupiter","Dur\u00e9e de lecture estim\u00e9e":"5 minutes"},"schema":{"@context":"https:\/\/schema.org","@graph":[{"@type":"Article","@id":"https:\/\/www.ac-am.fr\/index.php\/2017\/06\/21\/se-passe-de-droles-de-choses-dessus-de-tete\/#article","isPartOf":{"@id":"https:\/\/www.ac-am.fr\/index.php\/2017\/06\/21\/se-passe-de-droles-de-choses-dessus-de-tete\/"},"author":{"name":"Jupiter","@id":"https:\/\/www.ac-am.fr\/#\/schema\/person\/29422e9df875986c42a1060d0eee5f89"},"headline":"Il se passe de dr\u00f4les de choses au-dessus de notre t\u00eate !!!","datePublished":"2017-06-21T07:14:44+00:00","dateModified":"2017-06-21T07:32:41+00:00","mainEntityOfPage":{"@id":"https:\/\/www.ac-am.fr\/index.php\/2017\/06\/21\/se-passe-de-droles-de-choses-dessus-de-tete\/"},"wordCount":1121,"commentCount":0,"publisher":{"@id":"https:\/\/www.ac-am.fr\/#organization"},"image":{"@id":"https:\/\/www.ac-am.fr\/index.php\/2017\/06\/21\/se-passe-de-droles-de-choses-dessus-de-tete\/#primaryimage"},"thumbnailUrl":"http:\/\/www.ac-am.fr\/wp-content\/uploads\/2015\/09\/barre01.gif","articleSection":["2017 \u2013 PETITE HISTOIRE OU\u2026","NOUVEAUT\u00c9(S) T&amp;R"],"inLanguage":"fr-FR","potentialAction":[{"@type":"CommentAction","name":"Comment","target":["https:\/\/www.ac-am.fr\/index.php\/2017\/06\/21\/se-passe-de-droles-de-choses-dessus-de-tete\/#respond"]}]},{"@type":"WebPage","@id":"https:\/\/www.ac-am.fr\/index.php\/2017\/06\/21\/se-passe-de-droles-de-choses-dessus-de-tete\/","url":"https:\/\/www.ac-am.fr\/index.php\/2017\/06\/21\/se-passe-de-droles-de-choses-dessus-de-tete\/","name":"Il se passe de dr\u00f4les de choses au-dessus de notre t\u00eate !!! - Autre Conscience, Autre Monde","isPartOf":{"@id":"https:\/\/www.ac-am.fr\/#website"},"primaryImageOfPage":{"@id":"https:\/\/www.ac-am.fr\/index.php\/2017\/06\/21\/se-passe-de-droles-de-choses-dessus-de-tete\/#primaryimage"},"image":{"@id":"https:\/\/www.ac-am.fr\/index.php\/2017\/06\/21\/se-passe-de-droles-de-choses-dessus-de-tete\/#primaryimage"},"thumbnailUrl":"http:\/\/www.ac-am.fr\/wp-content\/uploads\/2015\/09\/barre01.gif","datePublished":"2017-06-21T07:14:44+00:00","dateModified":"2017-06-21T07:32:41+00:00","breadcrumb":{"@id":"https:\/\/www.ac-am.fr\/index.php\/2017\/06\/21\/se-passe-de-droles-de-choses-dessus-de-tete\/#breadcrumb"},"inLanguage":"fr-FR","potentialAction":[{"@type":"ReadAction","target":["https:\/\/www.ac-am.fr\/index.php\/2017\/06\/21\/se-passe-de-droles-de-choses-dessus-de-tete\/"]}]},{"@type":"ImageObject","inLanguage":"fr-FR","@id":"https:\/\/www.ac-am.fr\/index.php\/2017\/06\/21\/se-passe-de-droles-de-choses-dessus-de-tete\/#primaryimage","url":"https:\/\/www.ac-am.fr\/wp-content\/uploads\/2015\/09\/barre01.gif","contentUrl":"https:\/\/www.ac-am.fr\/wp-content\/uploads\/2015\/09\/barre01.gif","width":550,"height":7,"caption":"Barre couleur argent"},{"@type":"BreadcrumbList","@id":"https:\/\/www.ac-am.fr\/index.php\/2017\/06\/21\/se-passe-de-droles-de-choses-dessus-de-tete\/#breadcrumb","itemListElement":[{"@type":"ListItem","position":1,"name":"Accueil","item":"https:\/\/www.ac-am.fr\/"},{"@type":"ListItem","position":2,"name":"Il se passe de dr\u00f4les de choses au-dessus de notre t\u00eate !!!"}]},{"@type":"WebSite","@id":"https:\/\/www.ac-am.fr\/#website","url":"https:\/\/www.ac-am.fr\/","name":"Autre Conscience, Autre Monde","description":"","publisher":{"@id":"https:\/\/www.ac-am.fr\/#organization"},"potentialAction":[{"@type":"SearchAction","target":{"@type":"EntryPoint","urlTemplate":"https:\/\/www.ac-am.fr\/?s={search_term_string}"},"query-input":{"@type":"PropertyValueSpecification","valueRequired":true,"valueName":"search_term_string"}}],"inLanguage":"fr-FR"},{"@type":"Organization","@id":"https:\/\/www.ac-am.fr\/#organization","name":"Autre Conscience, Autre Monde","url":"https:\/\/www.ac-am.fr\/","logo":{"@type":"ImageObject","inLanguage":"fr-FR","@id":"https:\/\/www.ac-am.fr\/#\/schema\/logo\/image\/","url":"https:\/\/www.ac-am.fr\/wp-content\/uploads\/2015\/10\/bd_ac_am.gif","contentUrl":"https:\/\/www.ac-am.fr\/wp-content\/uploads\/2015\/10\/bd_ac_am.gif","width":370,"height":65,"caption":"Autre Conscience, Autre Monde"},"image":{"@id":"https:\/\/www.ac-am.fr\/#\/schema\/logo\/image\/"},"sameAs":["https:\/\/fr-fr.facebook.com\/claude.acam\/","https:\/\/www.youtube.com\/user\/consciencemonde"]},{"@type":"Person","@id":"https:\/\/www.ac-am.fr\/#\/schema\/person\/29422e9df875986c42a1060d0eee5f89","name":"Jupiter","image":{"@type":"ImageObject","inLanguage":"fr-FR","@id":"https:\/\/www.ac-am.fr\/#\/schema\/person\/image\/","url":"https:\/\/secure.gravatar.com\/avatar\/70703480c6cb33b9fbf7d4f0ab086cc57a26617a733df2c086d76758da6ac7aa?s=96&d=identicon&r=g","contentUrl":"https:\/\/secure.gravatar.com\/avatar\/70703480c6cb33b9fbf7d4f0ab086cc57a26617a733df2c086d76758da6ac7aa?s=96&d=identicon&r=g","caption":"Jupiter"},"url":"https:\/\/www.ac-am.fr\/index.php\/author\/acam\/"}]}},"_links":{"self":[{"href":"https:\/\/www.ac-am.fr\/index.php\/wp-json\/wp\/v2\/posts\/4060","targetHints":{"allow":["GET"]}}],"collection":[{"href":"https:\/\/www.ac-am.fr\/index.php\/wp-json\/wp\/v2\/posts"}],"about":[{"href":"https:\/\/www.ac-am.fr\/index.php\/wp-json\/wp\/v2\/types\/post"}],"author":[{"embeddable":true,"href":"https:\/\/www.ac-am.fr\/index.php\/wp-json\/wp\/v2\/users\/1"}],"replies":[{"embeddable":true,"href":"https:\/\/www.ac-am.fr\/index.php\/wp-json\/wp\/v2\/comments?post=4060"}],"version-history":[{"count":5,"href":"https:\/\/www.ac-am.fr\/index.php\/wp-json\/wp\/v2\/posts\/4060\/revisions"}],"predecessor-version":[{"id":4067,"href":"https:\/\/www.ac-am.fr\/index.php\/wp-json\/wp\/v2\/posts\/4060\/revisions\/4067"}],"wp:attachment":[{"href":"https:\/\/www.ac-am.fr\/index.php\/wp-json\/wp\/v2\/media?parent=4060"}],"wp:term":[{"taxonomy":"category","embeddable":true,"href":"https:\/\/www.ac-am.fr\/index.php\/wp-json\/wp\/v2\/categories?post=4060"},{"taxonomy":"post_tag","embeddable":true,"href":"https:\/\/www.ac-am.fr\/index.php\/wp-json\/wp\/v2\/tags?post=4060"}],"curies":[{"name":"wp","href":"https:\/\/api.w.org\/{rel}","templated":true}]}}