{"id":4077,"date":"2017-07-21T17:32:48","date_gmt":"2017-07-21T16:32:48","guid":{"rendered":"https:\/\/www.ac-am.fr\/?p=4077"},"modified":"2017-07-24T21:36:34","modified_gmt":"2017-07-24T20:36:34","slug":"savons-nos-blessures-gueries","status":"publish","type":"post","link":"https:\/\/www.ac-am.fr\/index.php\/2017\/07\/21\/savons-nos-blessures-gueries\/","title":{"rendered":"Comment savons nous si nos blessures sont \u00ab\u00a0gu\u00e9ries\u00a0\u00bb ?.."},"content":{"rendered":"<div id=\"inities\" style=\"background-attachment: fixed; border: 2px solid #FF9900; border-radius: 10px; opacity: 0.90;\">\n<table class=\"aligncenter\" style=\"width: 600px;\" border=\"0\">\n<tbody>\n<tr>\n<td>\n<table class=\"aligncenter\" style=\"width: 567px; height: 190px;\" border=\"0\">\n<tbody>\n<tr>\n<td><img decoding=\"async\" class=\"aligncenter\" src=\"http:\/\/www.ac-am.fr\/wp-content\/uploads\/2015\/09\/barre_mr.gif\" alt=\"\" border=\"0\" \/><\/td>\n<\/tr>\n<tr>\n<td style=\"text-align: left;\"><img loading=\"lazy\" decoding=\"async\" src=\"http:\/\/www.ac-am.fr\/wp-content\/uploads\/2015\/10\/retepouv.gif\" alt=\"R\u00e9flexions et T\u00e9moignages\" width=\"380\" height=\"100\" border=\"0\" \/><img loading=\"lazy\" decoding=\"async\" src=\"http:\/\/www.ac-am.fr\/wp-content\/uploads\/2017\/02\/cal2017.gif\" alt=\"Ann\u00e9e 2017\" width=\"150\" height=\"100\" border=\"0\" \/><\/td>\n<\/tr>\n<tr>\n<td><img decoding=\"async\" class=\"aligncenter\" src=\"http:\/\/www.ac-am.fr\/wp-content\/uploads\/2015\/09\/barre_mr.gif\" alt=\"\" border=\"0\" \/><\/td>\n<\/tr>\n<\/tbody>\n<\/table>\n<table class=\"aligncenter\" style=\"width: 590px;\" border=\"0\">\n<tbody>\n<tr>\n<td><a name=\"Marie_C01_initie17_01\"><\/a><b class=\"ntitre1\">Comment savons nous si nos blessures sont \u00ab\u00a0gu\u00e9ries\u00a0\u00bb ?..<\/b><\/td>\n<\/tr>\n<tr>\n<td colspan=\"2\"><img decoding=\"async\" class=\"aligncenter\" src=\"http:\/\/www.ac-am.fr\/wp-content\/uploads\/2015\/09\/barre_rd.gif\" alt=\"\" border=\"0\" \/><\/td>\n<\/tr>\n<tr>\n<td style=\"text-align: left;\">\n<p><span class=\"gmoyen\"><img decoding=\"async\" src=\"http:\/\/www.ac-am.fr\/wp-content\/uploads\/2015\/09\/balle02.gif\" alt=\"\" border=\"0\" \/> En ce qui concerne les blessures d&rsquo;\u00c2me du rejet, nous aurons clairement appris \u00e0 nous affirmer, \u00e0 affronter les situations, \u00e0 enfin prendre notre place. Cette place qu&rsquo;on nous a si souvent refus\u00e9 (consciemment ou pas). En communaut\u00e9, nous irons facilement vers les Autres, nous ne nous rejetterons plus tout seul.<\/span><\/p>\n<p><span class=\"gmoyen\"><img decoding=\"async\" src=\"http:\/\/www.ac-am.fr\/wp-content\/uploads\/2015\/09\/balle02.gif\" alt=\"\" border=\"0\" \/> Ce faisant, de part cette marque d\u2019Affirmation enfin assur\u00e9e, plus personne n\u2019abusera de notre timidit\u00e9, de nos silences.<\/span><\/p>\n<p><span class=\"gmoyen\"><img decoding=\"async\" src=\"http:\/\/www.ac-am.fr\/wp-content\/uploads\/2015\/09\/balle02.gif\" alt=\"\" border=\"0\" \/> Nos \u00e9nergies communiquent entre elles. \u00c0 notre insu&#8230; L&rsquo;Autre, inconsciemment, sentira qu&rsquo;il ne sera plus possible d&rsquo;abuser de notre \u00ab\u00a0mutisme\u00a0\u00bb. Il ne s&rsquo;y \u00ab\u00a0frottera\u00a0\u00bb plus.<\/span><\/p>\n<p><span class=\"gmoyen\"><img decoding=\"async\" src=\"http:\/\/www.ac-am.fr\/wp-content\/uploads\/2015\/09\/balle02.gif\" alt=\"\" border=\"0\" \/> Nous ne \u00ab\u00a0fuirons\u00a0\u00bb plus au moindre probl\u00e8me. Ou alors, nous nous serons tr\u00e8s clairement et respectablement affirm\u00e9 avant. Nous habiterons de mieux en mieux notre corps, notre expression, notre ancrage. Nous continuerons toujours \u00e0 appr\u00e9cier nos moments de solitude, mais ils auront un go\u00fbt meilleur encore et vraiment entier. Ces moments seront clairement choisis et plus, inconsciemment, subis.<\/span><\/p>\n<p><span class=\"gmoyen\"><img decoding=\"async\" src=\"http:\/\/www.ac-am.fr\/wp-content\/uploads\/2015\/09\/balle02.gif\" alt=\"\" border=\"0\" \/> Soyons rassur\u00e9, nous ne deviendrons jamais non plus des personnes intrusives et extraverties. L\u2019\u00e9quilibre parfait \u00e9tant le Juste Milieu.<\/span><\/p>\n<p><span class=\"gmoyen\"><img decoding=\"async\" src=\"http:\/\/www.ac-am.fr\/wp-content\/uploads\/2015\/09\/balle02.gif\" alt=\"\" border=\"0\" \/> Nous aurons, gr\u00e2ce \u00e0 cette blessure d&rsquo;\u00e2me, la capacit\u00e9 \u00e0 toujours bien nous en sortir seul, \u00e0 toujours bien r\u00e9agir.<\/span><\/p>\n<p><span class=\"gmoyen\"><img decoding=\"async\" src=\"http:\/\/www.ac-am.fr\/wp-content\/uploads\/2015\/09\/balle02.gif\" alt=\"\" border=\"0\" \/> Lorsque la blessure d&rsquo;\u00e2me de l&rsquo;abandon est gu\u00e9rie, nous aurons enfin appris \u00e0 nous sentir bien et entier seul. Le merveilleux avantage \u00e0 gu\u00e9rir cette blessure d&rsquo;\u00e2me est de ne plus \u00eatre d\u00e9pendant mais autonome. Une Lib\u00e9ration.<\/span><\/p>\n<p><span class=\"gmoyen\"><img decoding=\"async\" src=\"http:\/\/www.ac-am.fr\/wp-content\/uploads\/2015\/09\/balle02.gif\" alt=\"\" border=\"0\" \/> Les b\u00e9quilles psychologiques telles que nourriture, cigarettes, alcool, anti d\u00e9presseur, drogue, rencontres multiples ou diverses addictions auront, pour notre plus grand bien \u00eatre, disparues.<\/span><\/p>\n<p><span class=\"gmoyen\"><img decoding=\"async\" src=\"http:\/\/www.ac-am.fr\/wp-content\/uploads\/2015\/09\/balle02.gif\" alt=\"\" border=\"0\" \/> Les kilos \u00e9motionnels avec le temps, se seront dissous et nous retrouverons notre morphologie originelle.<\/span><\/p>\n<p><span class=\"gmoyen\"><img decoding=\"async\" src=\"http:\/\/www.ac-am.fr\/wp-content\/uploads\/2015\/09\/balle02.gif\" alt=\"\" border=\"0\" \/> Nous ne serons plus \u00ab\u00a0mendiant\u00a0\u00bb et \u00ab\u00a0esclave\u00a0\u00bb de l&rsquo;attention de l\u2019Autre, ni de ce qu&rsquo;il peut bien penser de nous.<\/span><\/p>\n<p><span class=\"gmoyen\"><img decoding=\"async\" src=\"http:\/\/www.ac-am.fr\/wp-content\/uploads\/2015\/09\/balle02.gif\" alt=\"\" border=\"0\" \/> La conscience collective n&rsquo;aura plus ce pouvoir sur Nous.<\/span><\/p>\n<p><span class=\"gmoyen\"><img decoding=\"async\" src=\"http:\/\/www.ac-am.fr\/wp-content\/uploads\/2015\/09\/balle02.gif\" alt=\"\" border=\"0\" \/> Notre \u00e9quilibre profond ne d\u00e9pendra plus de tout cela.<\/span><\/p>\n<p><span class=\"gmoyen\"><img decoding=\"async\" src=\"http:\/\/www.ac-am.fr\/wp-content\/uploads\/2015\/09\/balle02.gif\" alt=\"\" border=\"0\" \/> Nous aurons construit notre s\u00e9curit\u00e9 interne et aurons appris \u00e0 aimer l&rsquo;Autre pour ce qu\u2019il est vraiment, dans sa totalit\u00e9 d&rsquo;\u00catre et non plus pour cet apport affectif dont on se nourrissait en partie, souvent inconsciemment, pour combler notre propre manque affectif.<\/span><\/p>\n<p><span class=\"gmoyen\"><img decoding=\"async\" src=\"http:\/\/www.ac-am.fr\/wp-content\/uploads\/2015\/09\/balle02.gif\" alt=\"\" border=\"0\" \/> Nous aurons enfin appris \u00e0 apprivoiser la solitude et nous nous y sentirons vraiment bien. Nous la rechercherons parfois m\u00eame.<\/span><\/p>\n<p><span class=\"gmoyen\"><img decoding=\"async\" src=\"http:\/\/www.ac-am.fr\/wp-content\/uploads\/2015\/09\/balle02.gif\" alt=\"\" border=\"0\" \/> Nous aurons appris \u00e0 faire des choses seul et en toute s\u00e9curit\u00e9.<\/span><\/p>\n<p><span class=\"gmoyen\"><img decoding=\"async\" src=\"http:\/\/www.ac-am.fr\/wp-content\/uploads\/2015\/09\/balle02.gif\" alt=\"\" border=\"0\" \/> Nous serons enfin Un.<\/span><\/p>\n<p><span class=\"gmoyen\"><img decoding=\"async\" src=\"http:\/\/www.ac-am.fr\/wp-content\/uploads\/2015\/09\/balle02.gif\" alt=\"\" border=\"0\" \/> Cette blessure gu\u00e9rie, nous resterons une personne tr\u00e8s anim\u00e9e en allant toujours aussi facilement vers les autres mais pour le seul plaisir intense d&rsquo;\u00e9changer, de partager, de rire.. Une personne bien pr\u00e9sente dans cette assembl\u00e9e mais plus par besoin, entre autres, de plaire pour \u00eatre aim\u00e9. Juste par plaisir d&rsquo;\u00catre.<\/span><\/p>\n<p><span class=\"gmoyen\"><img decoding=\"async\" src=\"http:\/\/www.ac-am.fr\/wp-content\/uploads\/2015\/09\/balle02.gif\" alt=\"\" border=\"0\" \/> Cette blessure d&rsquo;\u00e2me peut d\u2019ailleurs r\u00e9v\u00e9ler des talents de com\u00e9diens, d&rsquo;artistes.<\/span><\/p>\n<p><span class=\"gmoyen\"><img decoding=\"async\" src=\"http:\/\/www.ac-am.fr\/wp-content\/uploads\/2015\/09\/balle02.gif\" alt=\"\" border=\"0\" \/> Elle d\u00e9livre aussi des capacit\u00e9s extra sensorielles. Il vaut mieux \u00catre au courant&#8230;<\/span><\/p>\n<p><span class=\"gmoyen\"><img decoding=\"async\" src=\"http:\/\/www.ac-am.fr\/wp-content\/uploads\/2015\/09\/balle02.gif\" alt=\"\" border=\"0\" \/> Pour la blessure d&rsquo;\u00e2me de l&rsquo;humiliation, nous aurons appris \u00e0 dire Non et \u00e0 enfin \u00e9couter nos besoins et nos envies. Nous n&rsquo;attirerons plus ainsi de situations d&rsquo;abus, de violences et de non respect, ce qui caract\u00e9rise fortement cette blessure.<\/span><\/p>\n<p><span class=\"gmoyen\"><img decoding=\"async\" src=\"http:\/\/www.ac-am.fr\/wp-content\/uploads\/2015\/09\/balle02.gif\" alt=\"\" border=\"0\" \/> Cette valeur, le respect, aura d&rsquo;ailleurs une grande importance. Plus que chez n&rsquo;importe qui&#8230;<\/span><\/p>\n<p><span class=\"gmoyen\"><img decoding=\"async\" src=\"http:\/\/www.ac-am.fr\/wp-content\/uploads\/2015\/09\/balle02.gif\" alt=\"\" border=\"0\" \/> Avec cette blessure, nous resterons des personnes altruistes, bienveillantes, m\u00e9diatrices, conciliatrices, un guide. Nous serons toujours guid\u00e9s par la voix du coeur mais on n&rsquo;abusera plus de notre gentillesse. Nous aurons enfin compris qu\u2019on nous aime pour ce qu\u2019on est et non pas pour ce qu\u2019on fait. Une lib\u00e9ration. Cette blessure gu\u00e9rie inspirera Respect et Admiration.<\/span><\/p>\n<p><span class=\"gmoyen\"><img decoding=\"async\" src=\"http:\/\/www.ac-am.fr\/wp-content\/uploads\/2015\/09\/balle02.gif\" alt=\"\" border=\"0\" \/> Pour ce qui est de la blessure d&rsquo;\u00e2me de la trahison, nous aurons enfin appris \u00e0 d\u00e9l\u00e9guer, \u00e0 l\u00e2cher prise. Nous ne passerons plus derri\u00e8re chaque chose pour qu&rsquo;elles soient faites \u00e0 notre fa\u00e7on.<\/span><\/p>\n<p><span class=\"gmoyen\"><img decoding=\"async\" src=\"http:\/\/www.ac-am.fr\/wp-content\/uploads\/2015\/09\/balle02.gif\" alt=\"\" border=\"0\" \/> Quelle tranquillit\u00e9 !<\/span><\/p>\n<p><span class=\"gmoyen\"><img decoding=\"async\" src=\"http:\/\/www.ac-am.fr\/wp-content\/uploads\/2015\/09\/balle02.gif\" alt=\"\" border=\"0\" \/> Notre anxi\u00e9t\u00e9 aura disparu ainsi que nos angoisses et ce sentiment d&rsquo;ins\u00e9curit\u00e9.<\/span><\/p>\n<p><span class=\"gmoyen\"><img decoding=\"async\" src=\"http:\/\/www.ac-am.fr\/wp-content\/uploads\/2015\/09\/balle02.gif\" alt=\"\" border=\"0\" \/> Plus peur de manquer d&rsquo;argent, plus peur du lendemain, plus peur de l&rsquo;inconnu.. Plus peur de la mort, plus peur des probl\u00e8mes de sant\u00e9, plus peur de prendre l&rsquo;avion, plus peur de partir en vacances en sac \u00e0 dos&#8230;<\/span><\/p>\n<p><span class=\"gmoyen\"><img decoding=\"async\" src=\"http:\/\/www.ac-am.fr\/wp-content\/uploads\/2015\/09\/balle02.gif\" alt=\"\" border=\"0\" \/> Une Vie tellement plus l\u00e9g\u00e8re et plus sereine.<\/span><\/p>\n<p><span class=\"gmoyen\"><img decoding=\"async\" src=\"http:\/\/www.ac-am.fr\/wp-content\/uploads\/2015\/09\/balle02.gif\" alt=\"\" border=\"0\" \/> Nous n&rsquo;aurons plus besoin de contr\u00f4ler pour \u00eatre rassur\u00e9. Pour les plus bless\u00e9s, plus besoin de manipuler, de poss\u00e9der. Le regard se sera adouci, ainsi que le ton de la voix. Plus de manipulation insidieuse.<\/span><\/p>\n<p><span class=\"gmoyen\"><img decoding=\"async\" src=\"http:\/\/www.ac-am.fr\/wp-content\/uploads\/2015\/09\/balle02.gif\" alt=\"\" border=\"0\" \/> Ce qu&rsquo;il restera en nous de cette blessure, sera de grandes qualit\u00e9s de chef respectueux, consciencieux et reconnu. Il n&rsquo;aura plus ce besoin de contr\u00f4ler, de manipuler ou de poss\u00e9der.<\/span><\/p>\n<p><span class=\"gmoyen\"><img decoding=\"async\" src=\"http:\/\/www.ac-am.fr\/wp-content\/uploads\/2015\/09\/balle02.gif\" alt=\"\" border=\"0\" \/> Il montrera l\u2019exemple, guidera.<\/span><\/p>\n<p><span class=\"gmoyen\"><img decoding=\"async\" src=\"http:\/\/www.ac-am.fr\/wp-content\/uploads\/2015\/09\/balle02.gif\" alt=\"\" border=\"0\" \/> Tout le c\u00f4t\u00e9 n\u00e9gatif de cette blessure aura disparu pour laisser place \u00e0 toute la beaut\u00e9, la Sagesse, la force et la lumi\u00e8re de l\u2019\u00c2me.<\/span><\/p>\n<p><span class=\"gmoyen\"><img decoding=\"async\" src=\"http:\/\/www.ac-am.fr\/wp-content\/uploads\/2015\/09\/balle02.gif\" alt=\"\" border=\"0\" \/> Et pour finir, la derni\u00e8re, lorsque la blessure d&rsquo;\u00e2me de l&rsquo;injustice sera gu\u00e9rie, nous aurons appris \u00e0 ouvrir notre coeur, \u00e0 parler de nos \u00e9motions, de nos ressentis, de nos sentiments, de nos \u201cfaiblesses\u201d.<\/span><\/p>\n<p><span class=\"gmoyen\"><img decoding=\"async\" src=\"http:\/\/www.ac-am.fr\/wp-content\/uploads\/2015\/09\/balle02.gif\" alt=\"\" border=\"0\" \/> Nous ne ferons plus semblant de laisser penser que tout va bien m\u00eame si ce n&rsquo;est pas le cas.<\/span><\/p>\n<p><span class=\"gmoyen\"><img decoding=\"async\" src=\"http:\/\/www.ac-am.fr\/wp-content\/uploads\/2015\/09\/balle02.gif\" alt=\"\" border=\"0\" \/> Nous nous accorderons le droit \u00e0 l&rsquo;erreur, nous ne nous mettrons plus sous notre propre pression de l&rsquo;exigence&#8230;<\/span><\/p>\n<p><span class=\"gmoyen\"><img decoding=\"async\" src=\"http:\/\/www.ac-am.fr\/wp-content\/uploads\/2015\/09\/balle02.gif\" alt=\"\" border=\"0\" \/> Nous ne ressentirons plus le besoin de nous cacher derri\u00e8re notre mur de protection. Il se sera volatilis\u00e9. La reconnexion \u00e0 nos \u00e9motions profondes aura permis cela.<\/span><\/p>\n<\/td>\n<\/tr>\n<tr>\n<td style=\"text-align: center;\">\n<table>\n<tbody>\n<tr>\n<td><img decoding=\"async\" class=\"aligncenter\" style=\"width: 416px; height: 599px;\" src=\"\/wp-content\/uploads\/2017\/07\/guerir_les_blessures_de_l-Ame.jpg\" alt=\"Gu\u00e9rir les blessures de l'\u00c2me\" border=\"0\" \/><\/td>\n<\/tr>\n<\/tbody>\n<\/table>\n<\/td>\n<\/tr>\n<tr>\n<td style=\"text-align: left;\">\n<p><span class=\"gmoyen\"><img decoding=\"async\" src=\"http:\/\/www.ac-am.fr\/wp-content\/uploads\/2015\/09\/balle02.gif\" alt=\"\" border=\"0\" \/> Nous aurons compris qu&rsquo;il n&rsquo;est pas besoin d&rsquo;\u00eatre parfait pour \u00eatre aim\u00e9. Que l\u2019on peut \u00eatre aim\u00e9 pour ce que l&rsquo;on est, tout simplement.<\/span><\/p>\n<p><span class=\"gmoyen\"><img decoding=\"async\" src=\"http:\/\/www.ac-am.fr\/wp-content\/uploads\/2015\/09\/balle02.gif\" alt=\"\" border=\"0\" \/> Nous aurons appris \u00e0 concr\u00e9tiser les projets qui nous tenaient vraiment \u00e0 coeur, \u00e0 aller au bout.<br \/>\n Nous n&rsquo;aurons plus peur de cet \u00e9ventuel \u00e9chec, celui qui nous mena\u00e7ait d&rsquo;un rejet imaginaire.<\/span><\/p>\n<p><span class=\"gmoyen\"><img decoding=\"async\" src=\"http:\/\/www.ac-am.fr\/wp-content\/uploads\/2015\/09\/balle02.gif\" alt=\"\" border=\"0\" \/> Nous ne nous sentirons plus piqu\u00e9 par les remarques, les r\u00e9flexions, les conseils. Vous vous rendez compte toutes ces disputes en moins ?<\/span><\/p>\n<p><span class=\"gmoyen\"><img decoding=\"async\" src=\"http:\/\/www.ac-am.fr\/wp-content\/uploads\/2015\/09\/balle02.gif\" alt=\"\" border=\"0\" \/> Ce qu&rsquo;il restera en nous de cette blessure sera cette grande Loyaut\u00e9, un grand Respect des situations Justes.<\/span><\/p>\n<p><span class=\"gmoyen\"><img decoding=\"async\" src=\"http:\/\/www.ac-am.fr\/wp-content\/uploads\/2015\/09\/balle02.gif\" alt=\"\" border=\"0\" \/> Derri\u00e8re cette blessure une fois gu\u00e9rie restera la notion de transmission de messages, d&rsquo;enseignement, que ce soit dans le monde visible ou invisible.<\/span><\/p>\n<p><span class=\"gmoyen\"><img decoding=\"async\" src=\"http:\/\/www.ac-am.fr\/wp-content\/uploads\/2015\/09\/balle02.gif\" alt=\"\" border=\"0\" \/> Oui cette blessure r\u00e9v\u00e8le des capacit\u00e9s d&rsquo;enseignement, des messages \u00e0 faire passer.<\/span><\/p>\n<p><span class=\"gmoyen\"><img decoding=\"async\" src=\"http:\/\/www.ac-am.fr\/wp-content\/uploads\/2015\/09\/balle02.gif\" alt=\"\" border=\"0\" \/> Des \u00e2mes errantes pourraient vous ressentir et tenter alors d\u2019entrer en contact avec vous. Car elles sauront que vous avez la capacit\u00e9 \u00e0 les entendre, \u00e0 les \u00e9couter, les rassurer et \u00e0 les faire passer \u00e0 la Lumi\u00e8re, en Paix.<\/span><\/p>\n<p><span class=\"gmoyen\"><img decoding=\"async\" src=\"http:\/\/www.ac-am.fr\/wp-content\/uploads\/2015\/09\/balle02.gif\" alt=\"\" border=\"0\" \/> En gu\u00e9rissant cette Blessure d&rsquo;\u00c2me, un sens prononc\u00e9 du mot, du verbe, de la phrase prendra plus encore sa place pour toujours mieux transmettre.<\/span><\/p>\n<p><span class=\"gmoyen\"><img decoding=\"async\" src=\"http:\/\/www.ac-am.fr\/wp-content\/uploads\/2015\/09\/balle02.gif\" alt=\"\" border=\"0\" \/> Des ressentis implacables.<\/span><\/p>\n<p><span class=\"gmoyen\"><img decoding=\"async\" src=\"http:\/\/www.ac-am.fr\/wp-content\/uploads\/2015\/09\/balle02.gif\" alt=\"\" border=\"0\" \/> Ressentir, pour aider, pour accompagner, pour guider.<\/span><\/p>\n<p><span class=\"gmoyen\"><img decoding=\"async\" src=\"http:\/\/www.ac-am.fr\/wp-content\/uploads\/2015\/09\/balle02.gif\" alt=\"\" border=\"0\" \/> Les Blessures de l&rsquo; \u00c2me ne se \u00ab\u00a0gu\u00e9rissent\u00a0\u00bb jamais vraiment. Elles feront toujours partie de Nous.. C&rsquo;est leurs c\u00f4t\u00e9s positifs que nous garderons.<\/span><\/p>\n<p><span class=\"gmoyen\"><img decoding=\"async\" src=\"http:\/\/www.ac-am.fr\/wp-content\/uploads\/2015\/09\/balle02.gif\" alt=\"\" border=\"0\" \/> Et si parfois, certaines pourraient encore l\u00e9g\u00e8rement s\u2019activer, nous les d\u00e9c\u00e9l\u00e9rons tout de suite et nous laisserons \u00e9chapper un Joli Sourire, tel un Souvenir Lointain.<\/span><\/p>\n<p><span class=\"gmoyen\"><img decoding=\"async\" src=\"http:\/\/www.ac-am.fr\/wp-content\/uploads\/2015\/09\/balle02.gif\" alt=\"\" border=\"0\" \/> Il est tr\u00e8s Lib\u00e9rateur et R\u00e9v\u00e9lateur de gu\u00e9rir ses Blessures d&rsquo;\u00c2me. Non seulement nous trouvons S\u00e9r\u00e9nit\u00e9, Harmonie et Libert\u00e9 Int\u00e9rieure mais aussi notre Taux Vibratoire s&rsquo;\u00e9l\u00e8vera, notre \u00c9lan Cr\u00e9ateur s&rsquo;exprimera enfin.<\/span><\/p>\n<p><span class=\"gmoyen\"><img decoding=\"async\" src=\"http:\/\/www.ac-am.fr\/wp-content\/uploads\/2015\/09\/balle02.gif\" alt=\"\" border=\"0\" \/> Avec un Taux Vibratoire \u00e9lev\u00e9, la Protection est grande. Il n&rsquo;y en a d&rsquo;ailleurs pas de plus grande.<\/span><\/p>\n<p><span class=\"gmoyen\"><img decoding=\"async\" src=\"http:\/\/www.ac-am.fr\/wp-content\/uploads\/2015\/09\/balle02.gif\" alt=\"\" border=\"0\" \/> Avec un Taux Vibratoire \u00e9lev\u00e9, la Loi de l&rsquo;Attraction devient Magique. Et puis nous atteignons enfin cet Amour Inconditionnel et Sans Attentes.<\/span><\/p>\n<p><span class=\"gmoyen\"><img decoding=\"async\" src=\"http:\/\/www.ac-am.fr\/wp-content\/uploads\/2015\/09\/balle02.gif\" alt=\"\" border=\"0\" \/> Ces purs moments de Partage, de Bonheur et de Complicit\u00e9 feront alors partie de notre quotidien.<\/span><\/p>\n<p><span class=\"gmoyen\"><img decoding=\"async\" src=\"http:\/\/www.ac-am.fr\/wp-content\/uploads\/2015\/09\/balle02.gif\" alt=\"\" border=\"0\" \/> Se retrouver d&rsquo;abord dans son Unit\u00e9 pour l&rsquo;Universalit\u00e9.\u2764<\/span><\/p>\n<p><span class=\"gmoyen\"><img decoding=\"async\" src=\"http:\/\/www.ac-am.fr\/wp-content\/uploads\/2015\/09\/balle02.gif\" alt=\"\" border=\"0\" \/> Nous sommes venus pour gu\u00e9rir nos blessures d&rsquo;\u00e2me. Pour \u00catre et ensuite Transmettre.<\/span><\/p>\n<p><span class=\"gmoyen\"><i>[<a href=\"http:\/\/www.ac-am.fr\/index.php\/contact-acam\/\">Les Blessures de l&rsquo;\u00c2me. &#8211; le 21-07-17<\/a>]<\/i><\/span><a href=\"https:\/\/www.facebook.com\/Les-Blessures-de-l\u00c2me-564183640380429\/\" target=\"_blank\" rel=\"noopener\"><img loading=\"lazy\" decoding=\"async\" src=\"http:\/\/www.ac-am.fr\/wp-content\/uploads\/2015\/12\/Facebook-icon.png\" alt=\"faceBook\" width=\"36\" height=\"36\" border=\"0\" hspace=\"10\" \/><\/a><\/p>\n<\/td>\n<\/tr>\n<\/tbody>\n<\/table>\n<\/td>\n<\/tr>\n<\/tbody>\n<\/table>\n<\/div>\n<div style=\"padding-bottom:20px; padding-top:10px;\" class=\"hupso-share-buttons\"><!-- Hupso Share Buttons - https:\/\/www.hupso.com\/share\/ --><a class=\"hupso_toolbar\" href=\"https:\/\/www.hupso.com\/share\/\"><img decoding=\"async\" src=\"https:\/\/static.hupso.com\/share\/buttons\/lang\/fr\/share.png\" style=\"border:0px; padding-top: 5px; float:left;\" alt=\"Share Button\"\/><\/a><script type=\"text\/javascript\">var hupso_services_t=new Array(\"Twitter\",\"Facebook\",\"Google Plus\");var hupso_background_t=\"#EAF4FF\";var hupso_border_t=\"#66CCFF\";var hupso_toolbar_size_t=\"big\";var hupso_image_folder_url = \"\";var hupso_url_t=\"\";var hupso_title_t=\"Comment%20savons%20nous%20si%20nos%20blessures%20sont%20%22gu%C3%A9ries%22%20%3F..\";<\/script><script type=\"text\/javascript\" src=\"https:\/\/static.hupso.com\/share\/js\/share_toolbar.js\"><\/script><!-- Hupso Share Buttons --><\/div>","protected":false},"excerpt":{"rendered":"<p>Comment savons nous si nos blessures sont \u00ab\u00a0gu\u00e9ries\u00a0\u00bb ?.. En ce qui concerne les blessures&#8230;<\/p>\n","protected":false},"author":101,"featured_media":0,"comment_status":"closed","ping_status":"open","sticky":false,"template":"","format":"standard","meta":{"footnotes":""},"categories":[303,209],"tags":[],"class_list":["post-4077","post","type-post","status-publish","format-standard","hentry","category-2017-inities","category-nouveautes-tr"],"yoast_head":"<!-- This site is optimized with the Yoast SEO plugin v26.9 - https:\/\/yoast.com\/product\/yoast-seo-wordpress\/ -->\n<title>Comment savons nous si nos blessures sont &quot;gu\u00e9ries&quot; ?.. - Autre Conscience, Autre Monde<\/title>\n<meta name=\"robots\" content=\"index, follow, max-snippet:-1, max-image-preview:large, max-video-preview:-1\" \/>\n<link rel=\"canonical\" href=\"https:\/\/www.ac-am.fr\/index.php\/2017\/07\/21\/savons-nos-blessures-gueries\/\" \/>\n<meta property=\"og:locale\" content=\"fr_FR\" \/>\n<meta property=\"og:type\" content=\"article\" \/>\n<meta property=\"og:title\" content=\"Comment savons nous si nos blessures sont &quot;gu\u00e9ries&quot; ?.. - Autre Conscience, Autre Monde\" \/>\n<meta property=\"og:description\" content=\"Comment savons nous si nos blessures sont \u00ab\u00a0gu\u00e9ries\u00a0\u00bb ?.. En ce qui concerne les blessures...\" \/>\n<meta property=\"og:url\" content=\"https:\/\/www.ac-am.fr\/index.php\/2017\/07\/21\/savons-nos-blessures-gueries\/\" \/>\n<meta property=\"og:site_name\" content=\"Autre Conscience, Autre Monde\" \/>\n<meta property=\"article:publisher\" content=\"https:\/\/fr-fr.facebook.com\/claude.acam\/\" \/>\n<meta property=\"article:published_time\" content=\"2017-07-21T16:32:48+00:00\" \/>\n<meta property=\"article:modified_time\" content=\"2017-07-24T20:36:34+00:00\" \/>\n<meta property=\"og:image\" content=\"http:\/\/www.ac-am.fr\/wp-content\/uploads\/2015\/09\/barre_mr.gif\" \/>\n<meta name=\"author\" content=\"Marie Chauderon\" \/>\n<meta name=\"twitter:card\" content=\"summary_large_image\" \/>\n<meta name=\"twitter:label1\" content=\"\u00c9crit par\" \/>\n\t<meta name=\"twitter:data1\" content=\"Marie Chauderon\" \/>\n\t<meta name=\"twitter:label2\" content=\"Dur\u00e9e de lecture estim\u00e9e\" \/>\n\t<meta name=\"twitter:data2\" content=\"7 minutes\" \/>\n<script type=\"application\/ld+json\" class=\"yoast-schema-graph\">{\"@context\":\"https:\/\/schema.org\",\"@graph\":[{\"@type\":\"Article\",\"@id\":\"https:\/\/www.ac-am.fr\/index.php\/2017\/07\/21\/savons-nos-blessures-gueries\/#article\",\"isPartOf\":{\"@id\":\"https:\/\/www.ac-am.fr\/index.php\/2017\/07\/21\/savons-nos-blessures-gueries\/\"},\"author\":{\"name\":\"Marie Chauderon\",\"@id\":\"https:\/\/www.ac-am.fr\/#\/schema\/person\/2ecd34e77cd34a50bfb6c2e9ff58ae16\"},\"headline\":\"Comment savons nous si nos blessures sont \u00ab\u00a0gu\u00e9ries\u00a0\u00bb ?..\",\"datePublished\":\"2017-07-21T16:32:48+00:00\",\"dateModified\":\"2017-07-24T20:36:34+00:00\",\"mainEntityOfPage\":{\"@id\":\"https:\/\/www.ac-am.fr\/index.php\/2017\/07\/21\/savons-nos-blessures-gueries\/\"},\"wordCount\":1368,\"publisher\":{\"@id\":\"https:\/\/www.ac-am.fr\/#organization\"},\"image\":{\"@id\":\"https:\/\/www.ac-am.fr\/index.php\/2017\/07\/21\/savons-nos-blessures-gueries\/#primaryimage\"},\"thumbnailUrl\":\"http:\/\/www.ac-am.fr\/wp-content\/uploads\/2015\/09\/barre_mr.gif\",\"articleSection\":[\"2017 \u2013 INITI\u00c9S\",\"NOUVEAUT\u00c9(S) T&amp;R\"],\"inLanguage\":\"fr-FR\"},{\"@type\":\"WebPage\",\"@id\":\"https:\/\/www.ac-am.fr\/index.php\/2017\/07\/21\/savons-nos-blessures-gueries\/\",\"url\":\"https:\/\/www.ac-am.fr\/index.php\/2017\/07\/21\/savons-nos-blessures-gueries\/\",\"name\":\"Comment savons nous si nos blessures sont \\\"gu\u00e9ries\\\" ?.. - Autre Conscience, Autre Monde\",\"isPartOf\":{\"@id\":\"https:\/\/www.ac-am.fr\/#website\"},\"primaryImageOfPage\":{\"@id\":\"https:\/\/www.ac-am.fr\/index.php\/2017\/07\/21\/savons-nos-blessures-gueries\/#primaryimage\"},\"image\":{\"@id\":\"https:\/\/www.ac-am.fr\/index.php\/2017\/07\/21\/savons-nos-blessures-gueries\/#primaryimage\"},\"thumbnailUrl\":\"http:\/\/www.ac-am.fr\/wp-content\/uploads\/2015\/09\/barre_mr.gif\",\"datePublished\":\"2017-07-21T16:32:48+00:00\",\"dateModified\":\"2017-07-24T20:36:34+00:00\",\"breadcrumb\":{\"@id\":\"https:\/\/www.ac-am.fr\/index.php\/2017\/07\/21\/savons-nos-blessures-gueries\/#breadcrumb\"},\"inLanguage\":\"fr-FR\",\"potentialAction\":[{\"@type\":\"ReadAction\",\"target\":[\"https:\/\/www.ac-am.fr\/index.php\/2017\/07\/21\/savons-nos-blessures-gueries\/\"]}]},{\"@type\":\"ImageObject\",\"inLanguage\":\"fr-FR\",\"@id\":\"https:\/\/www.ac-am.fr\/index.php\/2017\/07\/21\/savons-nos-blessures-gueries\/#primaryimage\",\"url\":\"https:\/\/www.ac-am.fr\/wp-content\/uploads\/2015\/09\/barre_mr.gif\",\"contentUrl\":\"https:\/\/www.ac-am.fr\/wp-content\/uploads\/2015\/09\/barre_mr.gif\",\"width\":550,\"height\":7,\"caption\":\"barre marron\"},{\"@type\":\"BreadcrumbList\",\"@id\":\"https:\/\/www.ac-am.fr\/index.php\/2017\/07\/21\/savons-nos-blessures-gueries\/#breadcrumb\",\"itemListElement\":[{\"@type\":\"ListItem\",\"position\":1,\"name\":\"Accueil\",\"item\":\"https:\/\/www.ac-am.fr\/\"},{\"@type\":\"ListItem\",\"position\":2,\"name\":\"Comment savons nous si nos blessures sont \u00ab\u00a0gu\u00e9ries\u00a0\u00bb ?..\"}]},{\"@type\":\"WebSite\",\"@id\":\"https:\/\/www.ac-am.fr\/#website\",\"url\":\"https:\/\/www.ac-am.fr\/\",\"name\":\"Autre Conscience, Autre Monde\",\"description\":\"\",\"publisher\":{\"@id\":\"https:\/\/www.ac-am.fr\/#organization\"},\"potentialAction\":[{\"@type\":\"SearchAction\",\"target\":{\"@type\":\"EntryPoint\",\"urlTemplate\":\"https:\/\/www.ac-am.fr\/?s={search_term_string}\"},\"query-input\":{\"@type\":\"PropertyValueSpecification\",\"valueRequired\":true,\"valueName\":\"search_term_string\"}}],\"inLanguage\":\"fr-FR\"},{\"@type\":\"Organization\",\"@id\":\"https:\/\/www.ac-am.fr\/#organization\",\"name\":\"Autre Conscience, Autre Monde\",\"url\":\"https:\/\/www.ac-am.fr\/\",\"logo\":{\"@type\":\"ImageObject\",\"inLanguage\":\"fr-FR\",\"@id\":\"https:\/\/www.ac-am.fr\/#\/schema\/logo\/image\/\",\"url\":\"https:\/\/www.ac-am.fr\/wp-content\/uploads\/2015\/10\/bd_ac_am.gif\",\"contentUrl\":\"https:\/\/www.ac-am.fr\/wp-content\/uploads\/2015\/10\/bd_ac_am.gif\",\"width\":370,\"height\":65,\"caption\":\"Autre Conscience, Autre Monde\"},\"image\":{\"@id\":\"https:\/\/www.ac-am.fr\/#\/schema\/logo\/image\/\"},\"sameAs\":[\"https:\/\/fr-fr.facebook.com\/claude.acam\/\",\"https:\/\/www.youtube.com\/user\/consciencemonde\"]},{\"@type\":\"Person\",\"@id\":\"https:\/\/www.ac-am.fr\/#\/schema\/person\/2ecd34e77cd34a50bfb6c2e9ff58ae16\",\"name\":\"Marie Chauderon\",\"image\":{\"@type\":\"ImageObject\",\"inLanguage\":\"fr-FR\",\"@id\":\"https:\/\/www.ac-am.fr\/#\/schema\/person\/image\/\",\"url\":\"https:\/\/secure.gravatar.com\/avatar\/55e909aae589d5bd9f92b4a82c18030b03b2c8c6da6e6d3f6a04239f80bf753f?s=96&d=identicon&r=g\",\"contentUrl\":\"https:\/\/secure.gravatar.com\/avatar\/55e909aae589d5bd9f92b4a82c18030b03b2c8c6da6e6d3f6a04239f80bf753f?s=96&d=identicon&r=g\",\"caption\":\"Marie Chauderon\"},\"url\":\"https:\/\/www.ac-am.fr\/index.php\/author\/les-blessures-de-l-ame\/\"}]}<\/script>\n<!-- \/ Yoast SEO plugin. -->","yoast_head_json":{"title":"Comment savons nous si nos blessures sont \"gu\u00e9ries\" ?.. - Autre Conscience, Autre Monde","robots":{"index":"index","follow":"follow","max-snippet":"max-snippet:-1","max-image-preview":"max-image-preview:large","max-video-preview":"max-video-preview:-1"},"canonical":"https:\/\/www.ac-am.fr\/index.php\/2017\/07\/21\/savons-nos-blessures-gueries\/","og_locale":"fr_FR","og_type":"article","og_title":"Comment savons nous si nos blessures sont \"gu\u00e9ries\" ?.. - Autre Conscience, Autre Monde","og_description":"Comment savons nous si nos blessures sont \u00ab\u00a0gu\u00e9ries\u00a0\u00bb ?.. En ce qui concerne les blessures...","og_url":"https:\/\/www.ac-am.fr\/index.php\/2017\/07\/21\/savons-nos-blessures-gueries\/","og_site_name":"Autre Conscience, Autre Monde","article_publisher":"https:\/\/fr-fr.facebook.com\/claude.acam\/","article_published_time":"2017-07-21T16:32:48+00:00","article_modified_time":"2017-07-24T20:36:34+00:00","og_image":[{"url":"http:\/\/www.ac-am.fr\/wp-content\/uploads\/2015\/09\/barre_mr.gif","type":"","width":"","height":""}],"author":"Marie Chauderon","twitter_card":"summary_large_image","twitter_misc":{"\u00c9crit par":"Marie Chauderon","Dur\u00e9e de lecture estim\u00e9e":"7 minutes"},"schema":{"@context":"https:\/\/schema.org","@graph":[{"@type":"Article","@id":"https:\/\/www.ac-am.fr\/index.php\/2017\/07\/21\/savons-nos-blessures-gueries\/#article","isPartOf":{"@id":"https:\/\/www.ac-am.fr\/index.php\/2017\/07\/21\/savons-nos-blessures-gueries\/"},"author":{"name":"Marie Chauderon","@id":"https:\/\/www.ac-am.fr\/#\/schema\/person\/2ecd34e77cd34a50bfb6c2e9ff58ae16"},"headline":"Comment savons nous si nos blessures sont \u00ab\u00a0gu\u00e9ries\u00a0\u00bb ?..","datePublished":"2017-07-21T16:32:48+00:00","dateModified":"2017-07-24T20:36:34+00:00","mainEntityOfPage":{"@id":"https:\/\/www.ac-am.fr\/index.php\/2017\/07\/21\/savons-nos-blessures-gueries\/"},"wordCount":1368,"publisher":{"@id":"https:\/\/www.ac-am.fr\/#organization"},"image":{"@id":"https:\/\/www.ac-am.fr\/index.php\/2017\/07\/21\/savons-nos-blessures-gueries\/#primaryimage"},"thumbnailUrl":"http:\/\/www.ac-am.fr\/wp-content\/uploads\/2015\/09\/barre_mr.gif","articleSection":["2017 \u2013 INITI\u00c9S","NOUVEAUT\u00c9(S) T&amp;R"],"inLanguage":"fr-FR"},{"@type":"WebPage","@id":"https:\/\/www.ac-am.fr\/index.php\/2017\/07\/21\/savons-nos-blessures-gueries\/","url":"https:\/\/www.ac-am.fr\/index.php\/2017\/07\/21\/savons-nos-blessures-gueries\/","name":"Comment savons nous si nos blessures sont \"gu\u00e9ries\" ?.. - Autre Conscience, Autre Monde","isPartOf":{"@id":"https:\/\/www.ac-am.fr\/#website"},"primaryImageOfPage":{"@id":"https:\/\/www.ac-am.fr\/index.php\/2017\/07\/21\/savons-nos-blessures-gueries\/#primaryimage"},"image":{"@id":"https:\/\/www.ac-am.fr\/index.php\/2017\/07\/21\/savons-nos-blessures-gueries\/#primaryimage"},"thumbnailUrl":"http:\/\/www.ac-am.fr\/wp-content\/uploads\/2015\/09\/barre_mr.gif","datePublished":"2017-07-21T16:32:48+00:00","dateModified":"2017-07-24T20:36:34+00:00","breadcrumb":{"@id":"https:\/\/www.ac-am.fr\/index.php\/2017\/07\/21\/savons-nos-blessures-gueries\/#breadcrumb"},"inLanguage":"fr-FR","potentialAction":[{"@type":"ReadAction","target":["https:\/\/www.ac-am.fr\/index.php\/2017\/07\/21\/savons-nos-blessures-gueries\/"]}]},{"@type":"ImageObject","inLanguage":"fr-FR","@id":"https:\/\/www.ac-am.fr\/index.php\/2017\/07\/21\/savons-nos-blessures-gueries\/#primaryimage","url":"https:\/\/www.ac-am.fr\/wp-content\/uploads\/2015\/09\/barre_mr.gif","contentUrl":"https:\/\/www.ac-am.fr\/wp-content\/uploads\/2015\/09\/barre_mr.gif","width":550,"height":7,"caption":"barre marron"},{"@type":"BreadcrumbList","@id":"https:\/\/www.ac-am.fr\/index.php\/2017\/07\/21\/savons-nos-blessures-gueries\/#breadcrumb","itemListElement":[{"@type":"ListItem","position":1,"name":"Accueil","item":"https:\/\/www.ac-am.fr\/"},{"@type":"ListItem","position":2,"name":"Comment savons nous si nos blessures sont \u00ab\u00a0gu\u00e9ries\u00a0\u00bb ?.."}]},{"@type":"WebSite","@id":"https:\/\/www.ac-am.fr\/#website","url":"https:\/\/www.ac-am.fr\/","name":"Autre Conscience, Autre Monde","description":"","publisher":{"@id":"https:\/\/www.ac-am.fr\/#organization"},"potentialAction":[{"@type":"SearchAction","target":{"@type":"EntryPoint","urlTemplate":"https:\/\/www.ac-am.fr\/?s={search_term_string}"},"query-input":{"@type":"PropertyValueSpecification","valueRequired":true,"valueName":"search_term_string"}}],"inLanguage":"fr-FR"},{"@type":"Organization","@id":"https:\/\/www.ac-am.fr\/#organization","name":"Autre Conscience, Autre Monde","url":"https:\/\/www.ac-am.fr\/","logo":{"@type":"ImageObject","inLanguage":"fr-FR","@id":"https:\/\/www.ac-am.fr\/#\/schema\/logo\/image\/","url":"https:\/\/www.ac-am.fr\/wp-content\/uploads\/2015\/10\/bd_ac_am.gif","contentUrl":"https:\/\/www.ac-am.fr\/wp-content\/uploads\/2015\/10\/bd_ac_am.gif","width":370,"height":65,"caption":"Autre Conscience, Autre Monde"},"image":{"@id":"https:\/\/www.ac-am.fr\/#\/schema\/logo\/image\/"},"sameAs":["https:\/\/fr-fr.facebook.com\/claude.acam\/","https:\/\/www.youtube.com\/user\/consciencemonde"]},{"@type":"Person","@id":"https:\/\/www.ac-am.fr\/#\/schema\/person\/2ecd34e77cd34a50bfb6c2e9ff58ae16","name":"Marie Chauderon","image":{"@type":"ImageObject","inLanguage":"fr-FR","@id":"https:\/\/www.ac-am.fr\/#\/schema\/person\/image\/","url":"https:\/\/secure.gravatar.com\/avatar\/55e909aae589d5bd9f92b4a82c18030b03b2c8c6da6e6d3f6a04239f80bf753f?s=96&d=identicon&r=g","contentUrl":"https:\/\/secure.gravatar.com\/avatar\/55e909aae589d5bd9f92b4a82c18030b03b2c8c6da6e6d3f6a04239f80bf753f?s=96&d=identicon&r=g","caption":"Marie Chauderon"},"url":"https:\/\/www.ac-am.fr\/index.php\/author\/les-blessures-de-l-ame\/"}]}},"_links":{"self":[{"href":"https:\/\/www.ac-am.fr\/index.php\/wp-json\/wp\/v2\/posts\/4077","targetHints":{"allow":["GET"]}}],"collection":[{"href":"https:\/\/www.ac-am.fr\/index.php\/wp-json\/wp\/v2\/posts"}],"about":[{"href":"https:\/\/www.ac-am.fr\/index.php\/wp-json\/wp\/v2\/types\/post"}],"author":[{"embeddable":true,"href":"https:\/\/www.ac-am.fr\/index.php\/wp-json\/wp\/v2\/users\/101"}],"replies":[{"embeddable":true,"href":"https:\/\/www.ac-am.fr\/index.php\/wp-json\/wp\/v2\/comments?post=4077"}],"version-history":[{"count":10,"href":"https:\/\/www.ac-am.fr\/index.php\/wp-json\/wp\/v2\/posts\/4077\/revisions"}],"predecessor-version":[{"id":4088,"href":"https:\/\/www.ac-am.fr\/index.php\/wp-json\/wp\/v2\/posts\/4077\/revisions\/4088"}],"wp:attachment":[{"href":"https:\/\/www.ac-am.fr\/index.php\/wp-json\/wp\/v2\/media?parent=4077"}],"wp:term":[{"taxonomy":"category","embeddable":true,"href":"https:\/\/www.ac-am.fr\/index.php\/wp-json\/wp\/v2\/categories?post=4077"},{"taxonomy":"post_tag","embeddable":true,"href":"https:\/\/www.ac-am.fr\/index.php\/wp-json\/wp\/v2\/tags?post=4077"}],"curies":[{"name":"wp","href":"https:\/\/api.w.org\/{rel}","templated":true}]}}