{"id":4983,"date":"2025-08-03T10:20:40","date_gmt":"2025-08-03T09:20:40","guid":{"rendered":"https:\/\/www.ac-am.fr\/?p=4983"},"modified":"2025-12-15T20:10:27","modified_gmt":"2025-12-15T19:10:27","slug":"les-anunnaki-le-film-que-penser","status":"publish","type":"post","link":"https:\/\/www.ac-am.fr\/index.php\/2025\/08\/03\/les-anunnaki-le-film-que-penser\/","title":{"rendered":"Les Anunnaki le film, que penser ?"},"content":{"rendered":"<div style=\"background-image: url('\/wp-content\/uploads\/1996\/12\/gra_bleu.gif'); background-attachment: fixed; border: 2px solid #000000; border-radius: 20px; opacity: 0.90;\">\n\n\n<figure class=\"wp-block-image aligncenter\"><img decoding=\"async\" src=\"https:\/\/www.ac-am.fr\/wp-content\/uploads\/2015\/09\/barre_vt.gif\" alt=\"barre verte\"\/><\/figure>\n\n\n\n<div class=\"wp-block-group is-content-justification-center is-nowrap is-layout-flex wp-container-core-group-is-layout-23441af8 wp-block-group-is-layout-flex\">\n<figure class=\"wp-block-image size-full\"><a href=\"https:\/\/www.ac-am.fr\/wp-content\/uploads\/2015\/11\/retedest.gif\"><img loading=\"lazy\" decoding=\"async\" width=\"380\" height=\"100\" src=\"https:\/\/www.ac-am.fr\/wp-content\/uploads\/2015\/11\/retedest.gif\" alt=\"Titre r\u00e9flexion et t\u00e9moignage vert\" class=\"wp-image-1954\"\/><\/a><\/figure>\n\n\n\n<figure class=\"wp-block-image size-full\"><a href=\"https:\/\/www.ac-am.fr\/wp-content\/uploads\/2015\/10\/cal1996.gif\"><img decoding=\"async\" src=\"https:\/\/www.ac-am.fr\/wp-content\/uploads\/2025\/08\/cal2025.gif\" alt=\"Calendrier ann\u00e9e 2025\" class=\"wp-image-900\"\/><\/a><\/figure>\n<\/div>\n\n\n\n<figure class=\"wp-block-image aligncenter\"><img decoding=\"async\" src=\"https:\/\/www.ac-am.fr\/wp-content\/uploads\/2015\/09\/barre_vt.gif\" alt=\"Barre_verte\"\/><\/figure>\n\n\n\n<p><img decoding=\"async\" src=\"http:\/\/www.ac-am.fr\/wp-content\/uploads\/2015\/09\/ball01.gif\" alt=\"\"> Le film Anunnaki 2025 est l\u2019adaptation la plus puissante et compl\u00e8te jamais r\u00e9alis\u00e9e de l\u2019histoire des Anunnaki \u2014 une exp\u00e9rience cin\u00e9matographique r\u00e9invent\u00e9e et mise \u00e0 jour de 2 heures et 20 minutes, qui donne vie \u00e0 cette ancienne saga comme jamais auparavant.<\/p>\n\n\n\n<p><img decoding=\"async\" src=\"http:\/\/www.ac-am.fr\/wp-content\/uploads\/2015\/09\/ball01.gif\" alt=\"\"> Bien que plus court que les versions pr\u00e9c\u00e9dentes, ce film pr\u00e9sente fid\u00e8lement toute la saga des Anunnaki, telle qu\u2019elle est r\u00e9v\u00e9l\u00e9e dans le Livre perdu d\u2019Enki. Chaque moment essentiel est pr\u00e9sent \u2014 simplifi\u00e9, restructur\u00e9 et pr\u00e9sent\u00e9 avec une narration des plus immersives. Il ne s\u2019agit pas seulement d\u2019un r\u00e9cit, mais d\u2019un travail de passion, con\u00e7u pour \u00eatre le documentaire Anunnaki le plus captivant et accessible \u00e0 ce jour.<\/p>\n\n\n\n<p><img decoding=\"async\" src=\"http:\/\/www.ac-am.fr\/wp-content\/uploads\/2015\/09\/ball01.gif\" alt=\"\"> Mon engagement pour ce projet a \u00e9t\u00e9 total : j\u2019ai travaill\u00e9 de longues journ\u00e9es, tard le soir et m\u00eame les week-ends pour donner vie \u00e0 ce film sur les Anunnaki. L\u2019un des moments forts du film est le mod\u00e8le du vaisseau spatial que vous verrez \u00e0 l\u2019\u00e9cran \u2014 un \u00e9l\u00e9ment visuel unique inspir\u00e9 du disque solaire ail\u00e9 que l\u2019on retrouve dans les mythologies \u00e9gyptienne, assyrienne, sum\u00e9rienne et zoroastrienne. Ce mod\u00e8le est une cr\u00e9ation originale, enti\u00e8rement r\u00e9imagin\u00e9e et d\u00e9velopp\u00e9e par mes soins apr\u00e8s de nombreuses tentatives et ajustements.<\/p>\n\n\n\n<p><img decoding=\"async\" src=\"http:\/\/www.ac-am.fr\/wp-content\/uploads\/2015\/09\/ball01.gif\" alt=\"\"> J\u2019ai cr\u00e9\u00e9 plusieurs versions avant d\u2019aboutir au design final, qui refl\u00e8te \u00e0 la fois le symbolisme ancien et l\u2019esth\u00e9tique narrative moderne.<\/p>\n\n\n\n<p><img decoding=\"async\" src=\"http:\/\/www.ac-am.fr\/wp-content\/uploads\/2015\/09\/ball01.gif\" alt=\"\"> Gr\u00e2ce aux derni\u00e8res avanc\u00e9es en mati\u00e8re d\u2019intelligence artificielle, j\u2019ai \u00e9galement pu cr\u00e9er des personnages r\u00e9alistes et coh\u00e9rents. Pour la premi\u00e8re fois, vous verrez des personnages tels qu\u2019Enki, Enlil, Anu, Adam, \u00c8ve, Adapa, Abraham, No\u00e9, et bien d\u2019autres, repr\u00e9sent\u00e9s de mani\u00e8re coh\u00e9rente tout au long du film, \u00e0 travers diff\u00e9rentes sc\u00e8nes et arcs \u00e9motionnels.<\/p>\n\n\n\n<p><img decoding=\"async\" src=\"http:\/\/www.ac-am.fr\/wp-content\/uploads\/2015\/09\/ball01.gif\" alt=\"\"> La couleur de peau des Anunnaki demeure un grand myst\u00e8re. Dans les cercles acad\u00e9miques et scientifiques, il n\u2019existe aucun consensus clair sur leur apparence ou leur teint. Pour beaucoup d\u2019\u00e9rudits \u2014 et m\u00eame pour moi \u2014 les Anunnaki auraient une teinte bleue, presque grise. Une couleur tr\u00e8s particuli\u00e8re qui change selon la lumi\u00e8re ambiante : parfois bleu fonc\u00e9, parfois bleu clair, parfois m\u00eame d\u2019un gris \u00e9clatant. Apr\u00e8s tout, ce sont les \u201c\u00eatres brillants\u201d.<\/p>\n\n\n\n<p><img decoding=\"async\" src=\"http:\/\/www.ac-am.fr\/wp-content\/uploads\/2015\/09\/ball01.gif\" alt=\"\"> C\u2019est pourquoi j\u2019ai longuement travaill\u00e9 pour trouver le mod\u00e8le visuel parfait pour chacun des Anunnaki pr\u00e9sents dans ce film \u2014 un \u00e9quilibre entre symbolisme mythologique, descriptions anciennes et expression cin\u00e9matographique.<\/p>\n\n\n\n<p><img decoding=\"async\" src=\"http:\/\/www.ac-am.fr\/wp-content\/uploads\/2015\/09\/ball01.gif\" alt=\"\"> Je tiens \u00e0 \u00eatre absolument clair : cette vid\u00e9o a \u00e9t\u00e9 r\u00e9alis\u00e9e avec l\u2019aide de l\u2019IA, mais jamais elle n\u2019aurait pu \u00eatre cr\u00e9\u00e9e uniquement par l\u2019IA. C\u2019est le fruit d\u2019un effort humain acharn\u00e9, d\u2019une vision cr\u00e9ative et d\u2019un profond d\u00e9vouement envers cette histoire et son public.<\/p>\n\n\n\n<p><img decoding=\"async\" src=\"http:\/\/www.ac-am.fr\/wp-content\/uploads\/2015\/09\/ball01.gif\" alt=\"\"> Tous les noms de personnages bibliques et de lieux anciens ont \u00e9t\u00e9 enti\u00e8rement adapt\u00e9s pour le public moderne, assurant clart\u00e9 tout en respectant les racines anciennes du r\u00e9cit.<\/p>\n\n\n\n<p><img decoding=\"async\" src=\"http:\/\/www.ac-am.fr\/wp-content\/uploads\/2015\/09\/ball01.gif\" alt=\"\"> Cette version s\u2019appuie sur l\u2019h\u00e9ritage de pr\u00e9c\u00e9dentes vid\u00e9os en plusieurs parties \u2014 autrefois pr\u00e9sent\u00e9es tablette par tablette, puis unifi\u00e9es dans un format complet de film Anunnaki \u2014 qui ont cumul\u00e9 plus de 9 millions de vues. Cette \u00e9dition est la plus affin\u00e9e, coh\u00e9rente et actuelle \u00e0 ce jour.<\/p>\n\n\n\n<p><img decoding=\"async\" src=\"http:\/\/www.ac-am.fr\/wp-content\/uploads\/2015\/09\/ball01.gif\" alt=\"\"> L\u2019histoire commence il y a plus de 445 000 ans, lorsque des astronautes antiques connus sous le nom d\u2019Anunnaki arrivent depuis la plan\u00e8te Nibiru, atterrissant dans le Golfe Persique et fondant \u00c9ridou \u2014 la premi\u00e8re ville de la Terre. Leur mission : extraire l\u2019or n\u00e9cessaire pour sauver leur monde natal.<\/p>\n\n\n\n<p><img decoding=\"async\" src=\"http:\/\/www.ac-am.fr\/wp-content\/uploads\/2015\/09\/ball01.gif\" alt=\"\"> Alors qu\u2019\u00c9ridou \u00e9volue en \u201cMission Terre\u201d, avec son spatioport, son centre de contr\u00f4le et sa base martienne, les Anunnaki font face \u00e0 une p\u00e9nurie de main-d\u2019\u0153uvre \u2014 ce qui les m\u00e8ne \u00e0 leur acte le plus controvers\u00e9 : l\u2019ing\u00e9nierie g\u00e9n\u00e9tique d\u2019un nouvel \u00eatre, l\u2019Homo sapiens.<\/p>\n\n\n\n<p><img decoding=\"async\" src=\"http:\/\/www.ac-am.fr\/wp-content\/uploads\/2015\/09\/ball01.gif\" alt=\"\"> De la cr\u00e9ation de l\u2019humanit\u00e9 au D\u00e9luge cataclysmique, en passant par l\u2019essor de la civilisation et un conflit nucl\u00e9aire d\u00e9vastateur n\u00e9 de rivalit\u00e9s divines \u2014 cette histoire couvre des \u00e8res enti\u00e8res, offrant une chronologie compl\u00e8te des Anunnaki et des \u00e9v\u00e9nements qui ont fa\u00e7onn\u00e9 notre pass\u00e9 ancien.<\/p>\n\n\n\n<p><img decoding=\"async\" src=\"http:\/\/www.ac-am.fr\/wp-content\/uploads\/2015\/09\/ball01.gif\" alt=\"\"> Voici la chronologie des Anunnaki expliqu\u00e9e comme jamais auparavant \u2014 cin\u00e9matographique, exhaustive, et profond\u00e9ment inspir\u00e9e par les \u0153uvres de Zecharia Sitchin. Bas\u00e9 sur des tablettes sum\u00e9riennes attribu\u00e9es \u00e0 Endubsar, qui \u00e9crivit sous la direction du dieu Enki, ce documentaire tisse ensemble mythologie, arch\u00e9ologie et th\u00e9orie des anciens astronautes.<\/p>\n\n\n\n<p><img decoding=\"async\" src=\"http:\/\/www.ac-am.fr\/wp-content\/uploads\/2015\/09\/ball01.gif\" alt=\"\"> Ces \u00e9v\u00e9nements ont \u00e9t\u00e9 longuement explor\u00e9s dans Les Chroniques de la Terre de Zecharia Sitchin, reliant la Bible, les mythes m\u00e9sopotamiens et les d\u00e9couvertes arch\u00e9ologiques pour proposer l\u2019une des th\u00e9ories alternatives les plus provocantes sur l\u2019origine de l\u2019humanit\u00e9.<\/p>\n\n\n\n<p><img decoding=\"async\" src=\"http:\/\/www.ac-am.fr\/wp-content\/uploads\/2015\/09\/ball01.gif\" alt=\"\"> Prenez votre boisson pr\u00e9f\u00e9r\u00e9e et installez-vous confortablement pour un voyage inoubliable de 2 heures \u00e0 travers le temps, les mythes et les myst\u00e8res \u2014 l\u2019exp\u00e9rience Anunnaki ultime.<\/p>\n\n\n\n<p class=\"has-text-align-right\"><span class=\"yt-core-attributed-string yt-core-attributed-string--white-space-pre-wrap\" dir=\"auto\" role=\"text\"><span class=\"yt-core-attributed-string--link-inherit-color\" dir=\"auto\">Sc\u00e9nario et montage : Lucas Martins Kern<\/span><\/span><\/p>\n\n\n\n<figure class=\"wp-block-image aligncenter\"><img decoding=\"async\" src=\"https:\/\/www.ac-am.fr\/wp-content\/uploads\/2015\/09\/barre_vt.gif\" alt=\"barre verte\"\/><\/figure>\n\n\n\n<figure class=\"wp-block-embed aligncenter is-type-rich is-provider-prise-en-charge-des-contenus-embarqu-s wp-block-embed-prise-en-charge-des-contenus-embarqu-s wp-embed-aspect-16-9 wp-has-aspect-ratio\"><div class=\"wp-block-embed__wrapper\">\n<iframe loading=\"lazy\" title=\"FILM ANUNNAKI 2025 | Film complet &amp; histoire int\u00e9grale en fran\u00e7ais\" width=\"640\" height=\"360\" src=\"https:\/\/www.youtube.com\/embed\/rJRy-Mz9tKA?feature=oembed\" frameborder=\"0\" allow=\"accelerometer; autoplay; clipboard-write; encrypted-media; gyroscope; picture-in-picture; web-share\" referrerpolicy=\"strict-origin-when-cross-origin\" allowfullscreen><\/iframe>\n<\/div><\/figure>\n\n\n\n<figure class=\"wp-block-image aligncenter\"><img decoding=\"async\" src=\"https:\/\/www.ac-am.fr\/wp-content\/uploads\/2015\/09\/barre_vt.gif\" alt=\"barre verte\"\/><\/figure>\n\n\n<\/div><div style=\"padding-bottom:20px; padding-top:10px;\" class=\"hupso-share-buttons\"><!-- Hupso Share Buttons - https:\/\/www.hupso.com\/share\/ --><a class=\"hupso_toolbar\" href=\"https:\/\/www.hupso.com\/share\/\"><img decoding=\"async\" src=\"https:\/\/static.hupso.com\/share\/buttons\/lang\/fr\/share.png\" style=\"border:0px; padding-top: 5px; float:left;\" alt=\"Share Button\"\/><\/a><script type=\"text\/javascript\">var hupso_services_t=new Array(\"Twitter\",\"Facebook\",\"Google Plus\");var hupso_background_t=\"#EAF4FF\";var hupso_border_t=\"#66CCFF\";var hupso_toolbar_size_t=\"big\";var hupso_image_folder_url = \"\";var hupso_url_t=\"\";var hupso_title_t=\"Les%20Anunnaki%20le%20film%2C%20que%20penser%20%3F\";<\/script><script type=\"text\/javascript\" src=\"https:\/\/static.hupso.com\/share\/js\/share_toolbar.js\"><\/script><!-- Hupso Share Buttons --><\/div>","protected":false},"excerpt":{"rendered":"<p>Le film Anunnaki 2025 est l\u2019adaptation la plus puissante et compl\u00e8te jamais r\u00e9alis\u00e9e de l\u2019histoire&#8230;<\/p>\n","protected":false},"author":2,"featured_media":4985,"comment_status":"closed","ping_status":"open","sticky":false,"template":"","format":"standard","meta":{"footnotes":""},"categories":[1009],"tags":[1605,1604,1599,1601,1596,1597,1603,1602,1598,1595],"class_list":["post-4983","post","type-post","status-publish","format-standard","has-post-thumbnail","hentry","category-2025-vie-extraterrestre","tag-astronautes-antiques","tag-disque-solaire-aile","tag-film-anunnaki-2025","tag-livre-perdu-denki","tag-lucas-martins-kern","tag-mythes-mesopotamiens","tag-mythologies-egyptienne","tag-symbolisme-mythologique","tag-tablettes-sumeriennes","tag-zecharia-sitchin"],"yoast_head":"<!-- This site is optimized with the Yoast SEO plugin v26.9 - https:\/\/yoast.com\/product\/yoast-seo-wordpress\/ -->\n<title>Les Anunnaki le film, que penser ? - Autre Conscience, Autre Monde<\/title>\n<meta name=\"description\" content=\"Dans les cercles acad\u00e9miques et scientifiques, il n\u2019existe aucun consensus clair sur leur apparence ou leur teint.\" \/>\n<meta name=\"robots\" content=\"index, follow, max-snippet:-1, max-image-preview:large, max-video-preview:-1\" \/>\n<link rel=\"canonical\" href=\"https:\/\/www.ac-am.fr\/index.php\/2025\/08\/03\/les-anunnaki-le-film-que-penser\/\" \/>\n<meta property=\"og:locale\" content=\"fr_FR\" \/>\n<meta property=\"og:type\" content=\"article\" \/>\n<meta property=\"og:title\" content=\"Les Anunnaki le film, que penser ? - Autre Conscience, Autre Monde\" \/>\n<meta property=\"og:description\" content=\"Dans les cercles acad\u00e9miques et scientifiques, il n\u2019existe aucun consensus clair sur leur apparence ou leur teint.\" \/>\n<meta property=\"og:url\" content=\"https:\/\/www.ac-am.fr\/index.php\/2025\/08\/03\/les-anunnaki-le-film-que-penser\/\" \/>\n<meta property=\"og:site_name\" content=\"Autre Conscience, Autre Monde\" \/>\n<meta property=\"article:publisher\" content=\"https:\/\/fr-fr.facebook.com\/claude.acam\/\" \/>\n<meta property=\"article:published_time\" content=\"2025-08-03T09:20:40+00:00\" \/>\n<meta property=\"article:modified_time\" content=\"2025-12-15T19:10:27+00:00\" \/>\n<meta property=\"og:image\" content=\"https:\/\/www.ac-am.fr\/wp-content\/uploads\/2025\/08\/vaisseau_anunnaki.jpg\" \/>\n\t<meta property=\"og:image:width\" content=\"1280\" \/>\n\t<meta property=\"og:image:height\" content=\"718\" \/>\n\t<meta property=\"og:image:type\" content=\"image\/jpeg\" \/>\n<meta name=\"author\" content=\"Claude ACAM\" \/>\n<meta name=\"twitter:card\" content=\"summary_large_image\" \/>\n<meta name=\"twitter:label1\" content=\"\u00c9crit par\" \/>\n\t<meta name=\"twitter:data1\" content=\"Claude ACAM\" \/>\n\t<meta name=\"twitter:label2\" content=\"Dur\u00e9e de lecture estim\u00e9e\" \/>\n\t<meta name=\"twitter:data2\" content=\"9 minutes\" \/>\n<script type=\"application\/ld+json\" class=\"yoast-schema-graph\">{\"@context\":\"https:\/\/schema.org\",\"@graph\":[{\"@type\":\"Article\",\"@id\":\"https:\/\/www.ac-am.fr\/index.php\/2025\/08\/03\/les-anunnaki-le-film-que-penser\/#article\",\"isPartOf\":{\"@id\":\"https:\/\/www.ac-am.fr\/index.php\/2025\/08\/03\/les-anunnaki-le-film-que-penser\/\"},\"author\":{\"name\":\"Claude ACAM\",\"@id\":\"https:\/\/www.ac-am.fr\/#\/schema\/person\/f6920100a1eee321181b2d8606edb6ee\"},\"headline\":\"Les Anunnaki le film, que penser ?\",\"datePublished\":\"2025-08-03T09:20:40+00:00\",\"dateModified\":\"2025-12-15T19:10:27+00:00\",\"mainEntityOfPage\":{\"@id\":\"https:\/\/www.ac-am.fr\/index.php\/2025\/08\/03\/les-anunnaki-le-film-que-penser\/\"},\"wordCount\":892,\"publisher\":{\"@id\":\"https:\/\/www.ac-am.fr\/#organization\"},\"image\":{\"@id\":\"https:\/\/www.ac-am.fr\/index.php\/2025\/08\/03\/les-anunnaki-le-film-que-penser\/#primaryimage\"},\"thumbnailUrl\":\"https:\/\/www.ac-am.fr\/wp-content\/uploads\/2025\/08\/vaisseau_anunnaki.jpg\",\"keywords\":[\"astronautes antiques\",\"disque solaire ail\u00e9\",\"film Anunnaki 2025\",\"livre perdu d\u2019Enki\",\"lucas martins kern\",\"mythes m\u00e9sopotamiens\",\"mythologies \u00e9gyptienne\",\"symbolisme mythologique\",\"tablettes sum\u00e9riennes\",\"zecharia sitchin\"],\"articleSection\":[\"2025 - VIE EXTRATERRESTRE\"],\"inLanguage\":\"fr-FR\"},{\"@type\":\"WebPage\",\"@id\":\"https:\/\/www.ac-am.fr\/index.php\/2025\/08\/03\/les-anunnaki-le-film-que-penser\/\",\"url\":\"https:\/\/www.ac-am.fr\/index.php\/2025\/08\/03\/les-anunnaki-le-film-que-penser\/\",\"name\":\"Les Anunnaki le film, que penser ? - Autre Conscience, Autre Monde\",\"isPartOf\":{\"@id\":\"https:\/\/www.ac-am.fr\/#website\"},\"primaryImageOfPage\":{\"@id\":\"https:\/\/www.ac-am.fr\/index.php\/2025\/08\/03\/les-anunnaki-le-film-que-penser\/#primaryimage\"},\"image\":{\"@id\":\"https:\/\/www.ac-am.fr\/index.php\/2025\/08\/03\/les-anunnaki-le-film-que-penser\/#primaryimage\"},\"thumbnailUrl\":\"https:\/\/www.ac-am.fr\/wp-content\/uploads\/2025\/08\/vaisseau_anunnaki.jpg\",\"datePublished\":\"2025-08-03T09:20:40+00:00\",\"dateModified\":\"2025-12-15T19:10:27+00:00\",\"description\":\"Dans les cercles acad\u00e9miques et scientifiques, il n\u2019existe aucun consensus clair sur leur apparence ou leur teint.\",\"breadcrumb\":{\"@id\":\"https:\/\/www.ac-am.fr\/index.php\/2025\/08\/03\/les-anunnaki-le-film-que-penser\/#breadcrumb\"},\"inLanguage\":\"fr-FR\",\"potentialAction\":[{\"@type\":\"ReadAction\",\"target\":[\"https:\/\/www.ac-am.fr\/index.php\/2025\/08\/03\/les-anunnaki-le-film-que-penser\/\"]}]},{\"@type\":\"ImageObject\",\"inLanguage\":\"fr-FR\",\"@id\":\"https:\/\/www.ac-am.fr\/index.php\/2025\/08\/03\/les-anunnaki-le-film-que-penser\/#primaryimage\",\"url\":\"https:\/\/www.ac-am.fr\/wp-content\/uploads\/2025\/08\/vaisseau_anunnaki.jpg\",\"contentUrl\":\"https:\/\/www.ac-am.fr\/wp-content\/uploads\/2025\/08\/vaisseau_anunnaki.jpg\",\"width\":1280,\"height\":718,\"caption\":\"Vaisseau Anunnaki\"},{\"@type\":\"BreadcrumbList\",\"@id\":\"https:\/\/www.ac-am.fr\/index.php\/2025\/08\/03\/les-anunnaki-le-film-que-penser\/#breadcrumb\",\"itemListElement\":[{\"@type\":\"ListItem\",\"position\":1,\"name\":\"Accueil\",\"item\":\"https:\/\/www.ac-am.fr\/\"},{\"@type\":\"ListItem\",\"position\":2,\"name\":\"Les Anunnaki le film, que penser ?\"}]},{\"@type\":\"WebSite\",\"@id\":\"https:\/\/www.ac-am.fr\/#website\",\"url\":\"https:\/\/www.ac-am.fr\/\",\"name\":\"Autre Conscience, Autre Monde\",\"description\":\"\",\"publisher\":{\"@id\":\"https:\/\/www.ac-am.fr\/#organization\"},\"potentialAction\":[{\"@type\":\"SearchAction\",\"target\":{\"@type\":\"EntryPoint\",\"urlTemplate\":\"https:\/\/www.ac-am.fr\/?s={search_term_string}\"},\"query-input\":{\"@type\":\"PropertyValueSpecification\",\"valueRequired\":true,\"valueName\":\"search_term_string\"}}],\"inLanguage\":\"fr-FR\"},{\"@type\":\"Organization\",\"@id\":\"https:\/\/www.ac-am.fr\/#organization\",\"name\":\"Autre Conscience, Autre Monde\",\"url\":\"https:\/\/www.ac-am.fr\/\",\"logo\":{\"@type\":\"ImageObject\",\"inLanguage\":\"fr-FR\",\"@id\":\"https:\/\/www.ac-am.fr\/#\/schema\/logo\/image\/\",\"url\":\"https:\/\/www.ac-am.fr\/wp-content\/uploads\/2015\/10\/bd_ac_am.gif\",\"contentUrl\":\"https:\/\/www.ac-am.fr\/wp-content\/uploads\/2015\/10\/bd_ac_am.gif\",\"width\":370,\"height\":65,\"caption\":\"Autre Conscience, Autre Monde\"},\"image\":{\"@id\":\"https:\/\/www.ac-am.fr\/#\/schema\/logo\/image\/\"},\"sameAs\":[\"https:\/\/fr-fr.facebook.com\/claude.acam\/\",\"https:\/\/www.youtube.com\/user\/consciencemonde\"]},{\"@type\":\"Person\",\"@id\":\"https:\/\/www.ac-am.fr\/#\/schema\/person\/f6920100a1eee321181b2d8606edb6ee\",\"name\":\"Claude ACAM\",\"image\":{\"@type\":\"ImageObject\",\"inLanguage\":\"fr-FR\",\"@id\":\"https:\/\/www.ac-am.fr\/#\/schema\/person\/image\/\",\"url\":\"https:\/\/secure.gravatar.com\/avatar\/e09e4cf5d19c14eb87ca16e06420f2d1dfe3e8967072c4616fd0fdf3e8855650?s=96&d=identicon&r=g\",\"contentUrl\":\"https:\/\/secure.gravatar.com\/avatar\/e09e4cf5d19c14eb87ca16e06420f2d1dfe3e8967072c4616fd0fdf3e8855650?s=96&d=identicon&r=g\",\"caption\":\"Claude ACAM\"},\"sameAs\":[\"http:\/\/www.ac-am.fr\/\"],\"url\":\"https:\/\/www.ac-am.fr\/index.php\/author\/claude-b\/\"}]}<\/script>\n<!-- \/ Yoast SEO plugin. -->","yoast_head_json":{"title":"Les Anunnaki le film, que penser ? - Autre Conscience, Autre Monde","description":"Dans les cercles acad\u00e9miques et scientifiques, il n\u2019existe aucun consensus clair sur leur apparence ou leur teint.","robots":{"index":"index","follow":"follow","max-snippet":"max-snippet:-1","max-image-preview":"max-image-preview:large","max-video-preview":"max-video-preview:-1"},"canonical":"https:\/\/www.ac-am.fr\/index.php\/2025\/08\/03\/les-anunnaki-le-film-que-penser\/","og_locale":"fr_FR","og_type":"article","og_title":"Les Anunnaki le film, que penser ? - Autre Conscience, Autre Monde","og_description":"Dans les cercles acad\u00e9miques et scientifiques, il n\u2019existe aucun consensus clair sur leur apparence ou leur teint.","og_url":"https:\/\/www.ac-am.fr\/index.php\/2025\/08\/03\/les-anunnaki-le-film-que-penser\/","og_site_name":"Autre Conscience, Autre Monde","article_publisher":"https:\/\/fr-fr.facebook.com\/claude.acam\/","article_published_time":"2025-08-03T09:20:40+00:00","article_modified_time":"2025-12-15T19:10:27+00:00","og_image":[{"width":1280,"height":718,"url":"https:\/\/www.ac-am.fr\/wp-content\/uploads\/2025\/08\/vaisseau_anunnaki.jpg","type":"image\/jpeg"}],"author":"Claude ACAM","twitter_card":"summary_large_image","twitter_misc":{"\u00c9crit par":"Claude ACAM","Dur\u00e9e de lecture estim\u00e9e":"9 minutes"},"schema":{"@context":"https:\/\/schema.org","@graph":[{"@type":"Article","@id":"https:\/\/www.ac-am.fr\/index.php\/2025\/08\/03\/les-anunnaki-le-film-que-penser\/#article","isPartOf":{"@id":"https:\/\/www.ac-am.fr\/index.php\/2025\/08\/03\/les-anunnaki-le-film-que-penser\/"},"author":{"name":"Claude ACAM","@id":"https:\/\/www.ac-am.fr\/#\/schema\/person\/f6920100a1eee321181b2d8606edb6ee"},"headline":"Les Anunnaki le film, que penser ?","datePublished":"2025-08-03T09:20:40+00:00","dateModified":"2025-12-15T19:10:27+00:00","mainEntityOfPage":{"@id":"https:\/\/www.ac-am.fr\/index.php\/2025\/08\/03\/les-anunnaki-le-film-que-penser\/"},"wordCount":892,"publisher":{"@id":"https:\/\/www.ac-am.fr\/#organization"},"image":{"@id":"https:\/\/www.ac-am.fr\/index.php\/2025\/08\/03\/les-anunnaki-le-film-que-penser\/#primaryimage"},"thumbnailUrl":"https:\/\/www.ac-am.fr\/wp-content\/uploads\/2025\/08\/vaisseau_anunnaki.jpg","keywords":["astronautes antiques","disque solaire ail\u00e9","film Anunnaki 2025","livre perdu d\u2019Enki","lucas martins kern","mythes m\u00e9sopotamiens","mythologies \u00e9gyptienne","symbolisme mythologique","tablettes sum\u00e9riennes","zecharia sitchin"],"articleSection":["2025 - VIE EXTRATERRESTRE"],"inLanguage":"fr-FR"},{"@type":"WebPage","@id":"https:\/\/www.ac-am.fr\/index.php\/2025\/08\/03\/les-anunnaki-le-film-que-penser\/","url":"https:\/\/www.ac-am.fr\/index.php\/2025\/08\/03\/les-anunnaki-le-film-que-penser\/","name":"Les Anunnaki le film, que penser ? - Autre Conscience, Autre Monde","isPartOf":{"@id":"https:\/\/www.ac-am.fr\/#website"},"primaryImageOfPage":{"@id":"https:\/\/www.ac-am.fr\/index.php\/2025\/08\/03\/les-anunnaki-le-film-que-penser\/#primaryimage"},"image":{"@id":"https:\/\/www.ac-am.fr\/index.php\/2025\/08\/03\/les-anunnaki-le-film-que-penser\/#primaryimage"},"thumbnailUrl":"https:\/\/www.ac-am.fr\/wp-content\/uploads\/2025\/08\/vaisseau_anunnaki.jpg","datePublished":"2025-08-03T09:20:40+00:00","dateModified":"2025-12-15T19:10:27+00:00","description":"Dans les cercles acad\u00e9miques et scientifiques, il n\u2019existe aucun consensus clair sur leur apparence ou leur teint.","breadcrumb":{"@id":"https:\/\/www.ac-am.fr\/index.php\/2025\/08\/03\/les-anunnaki-le-film-que-penser\/#breadcrumb"},"inLanguage":"fr-FR","potentialAction":[{"@type":"ReadAction","target":["https:\/\/www.ac-am.fr\/index.php\/2025\/08\/03\/les-anunnaki-le-film-que-penser\/"]}]},{"@type":"ImageObject","inLanguage":"fr-FR","@id":"https:\/\/www.ac-am.fr\/index.php\/2025\/08\/03\/les-anunnaki-le-film-que-penser\/#primaryimage","url":"https:\/\/www.ac-am.fr\/wp-content\/uploads\/2025\/08\/vaisseau_anunnaki.jpg","contentUrl":"https:\/\/www.ac-am.fr\/wp-content\/uploads\/2025\/08\/vaisseau_anunnaki.jpg","width":1280,"height":718,"caption":"Vaisseau Anunnaki"},{"@type":"BreadcrumbList","@id":"https:\/\/www.ac-am.fr\/index.php\/2025\/08\/03\/les-anunnaki-le-film-que-penser\/#breadcrumb","itemListElement":[{"@type":"ListItem","position":1,"name":"Accueil","item":"https:\/\/www.ac-am.fr\/"},{"@type":"ListItem","position":2,"name":"Les Anunnaki le film, que penser ?"}]},{"@type":"WebSite","@id":"https:\/\/www.ac-am.fr\/#website","url":"https:\/\/www.ac-am.fr\/","name":"Autre Conscience, Autre Monde","description":"","publisher":{"@id":"https:\/\/www.ac-am.fr\/#organization"},"potentialAction":[{"@type":"SearchAction","target":{"@type":"EntryPoint","urlTemplate":"https:\/\/www.ac-am.fr\/?s={search_term_string}"},"query-input":{"@type":"PropertyValueSpecification","valueRequired":true,"valueName":"search_term_string"}}],"inLanguage":"fr-FR"},{"@type":"Organization","@id":"https:\/\/www.ac-am.fr\/#organization","name":"Autre Conscience, Autre Monde","url":"https:\/\/www.ac-am.fr\/","logo":{"@type":"ImageObject","inLanguage":"fr-FR","@id":"https:\/\/www.ac-am.fr\/#\/schema\/logo\/image\/","url":"https:\/\/www.ac-am.fr\/wp-content\/uploads\/2015\/10\/bd_ac_am.gif","contentUrl":"https:\/\/www.ac-am.fr\/wp-content\/uploads\/2015\/10\/bd_ac_am.gif","width":370,"height":65,"caption":"Autre Conscience, Autre Monde"},"image":{"@id":"https:\/\/www.ac-am.fr\/#\/schema\/logo\/image\/"},"sameAs":["https:\/\/fr-fr.facebook.com\/claude.acam\/","https:\/\/www.youtube.com\/user\/consciencemonde"]},{"@type":"Person","@id":"https:\/\/www.ac-am.fr\/#\/schema\/person\/f6920100a1eee321181b2d8606edb6ee","name":"Claude ACAM","image":{"@type":"ImageObject","inLanguage":"fr-FR","@id":"https:\/\/www.ac-am.fr\/#\/schema\/person\/image\/","url":"https:\/\/secure.gravatar.com\/avatar\/e09e4cf5d19c14eb87ca16e06420f2d1dfe3e8967072c4616fd0fdf3e8855650?s=96&d=identicon&r=g","contentUrl":"https:\/\/secure.gravatar.com\/avatar\/e09e4cf5d19c14eb87ca16e06420f2d1dfe3e8967072c4616fd0fdf3e8855650?s=96&d=identicon&r=g","caption":"Claude ACAM"},"sameAs":["http:\/\/www.ac-am.fr\/"],"url":"https:\/\/www.ac-am.fr\/index.php\/author\/claude-b\/"}]}},"_links":{"self":[{"href":"https:\/\/www.ac-am.fr\/index.php\/wp-json\/wp\/v2\/posts\/4983","targetHints":{"allow":["GET"]}}],"collection":[{"href":"https:\/\/www.ac-am.fr\/index.php\/wp-json\/wp\/v2\/posts"}],"about":[{"href":"https:\/\/www.ac-am.fr\/index.php\/wp-json\/wp\/v2\/types\/post"}],"author":[{"embeddable":true,"href":"https:\/\/www.ac-am.fr\/index.php\/wp-json\/wp\/v2\/users\/2"}],"replies":[{"embeddable":true,"href":"https:\/\/www.ac-am.fr\/index.php\/wp-json\/wp\/v2\/comments?post=4983"}],"version-history":[{"count":6,"href":"https:\/\/www.ac-am.fr\/index.php\/wp-json\/wp\/v2\/posts\/4983\/revisions"}],"predecessor-version":[{"id":5004,"href":"https:\/\/www.ac-am.fr\/index.php\/wp-json\/wp\/v2\/posts\/4983\/revisions\/5004"}],"wp:featuredmedia":[{"embeddable":true,"href":"https:\/\/www.ac-am.fr\/index.php\/wp-json\/wp\/v2\/media\/4985"}],"wp:attachment":[{"href":"https:\/\/www.ac-am.fr\/index.php\/wp-json\/wp\/v2\/media?parent=4983"}],"wp:term":[{"taxonomy":"category","embeddable":true,"href":"https:\/\/www.ac-am.fr\/index.php\/wp-json\/wp\/v2\/categories?post=4983"},{"taxonomy":"post_tag","embeddable":true,"href":"https:\/\/www.ac-am.fr\/index.php\/wp-json\/wp\/v2\/tags?post=4983"}],"curies":[{"name":"wp","href":"https:\/\/api.w.org\/{rel}","templated":true}]}}