{"id":5145,"date":"2025-11-10T22:11:10","date_gmt":"2025-11-10T21:11:10","guid":{"rendered":"https:\/\/www.ac-am.fr\/?p=5145"},"modified":"2026-02-17T18:00:27","modified_gmt":"2026-02-17T17:00:27","slug":"elana-danaan-qui-etes-vous-doit-on-vous-croire","status":"publish","type":"post","link":"https:\/\/www.ac-am.fr\/index.php\/2025\/11\/10\/elana-danaan-qui-etes-vous-doit-on-vous-croire\/","title":{"rendered":"Elena Danaan ! Qui \u00eates-vous ? Doit-on vous croire ?"},"content":{"rendered":"<div style=\"background-image: url('\/wp-content\/uploads\/1996\/12\/gra_bleu.gif'); background-attachment: fixed; border: 2px solid #000000; border-radius: 20px; opacity: 0.90;\">\n\n\n<figure class=\"wp-block-image aligncenter\"><img decoding=\"async\" src=\"https:\/\/www.ac-am.fr\/wp-content\/uploads\/2015\/09\/barre_vt.gif\" alt=\"barre verte\"\/><\/figure>\n\n\n\n<div class=\"wp-block-group is-content-justification-center is-nowrap is-layout-flex wp-container-core-group-is-layout-23441af8 wp-block-group-is-layout-flex\">\n<figure class=\"wp-block-image size-full\"><a href=\"https:\/\/www.ac-am.fr\/wp-content\/uploads\/2015\/11\/retedest.gif\"><img loading=\"lazy\" decoding=\"async\" width=\"380\" height=\"100\" src=\"https:\/\/www.ac-am.fr\/wp-content\/uploads\/2015\/11\/retedest.gif\" alt=\"Titre r\u00e9flexion et t\u00e9moignage vert\" class=\"wp-image-1954\"\/><\/a><\/figure>\n\n\n\n<figure class=\"wp-block-image size-full\"><a href=\"https:\/\/www.ac-am.fr\/wp-content\/uploads\/2025\/11\/cal2025.gif\"><img decoding=\"async\" src=\"https:\/\/www.ac-am.fr\/wp-content\/uploads\/2025\/11\/cal2025.gif\" alt=\"Calendrier ann\u00e9e 2025\" class=\"wp-image-900\"\/><\/a><\/figure>\n<\/div>\n\n\n\n<figure class=\"wp-block-image aligncenter\"><img decoding=\"async\" src=\"https:\/\/www.ac-am.fr\/wp-content\/uploads\/2015\/09\/barre_vt.gif\" alt=\"Barre_verte\"\/><\/figure>\n\n\n\n<p><strong><img decoding=\"async\" border=\"0\" src=\"http:\/\/www.ac-am.fr\/wp-content\/uploads\/2015\/09\/ball01.gif\" alt=\"balle rouge\"> Qui \u00eates-vous ?<\/strong> Elena Danaan est arch\u00e9ologue de terrain, auteure \u00e0 succ\u00e8s, conf\u00e9renci\u00e8re internationale et personne ayant eu des contacts avec des extraterrestres. Elle est \u00e9galement une \u00e2me tr\u00e8s ancienne de la galaxie NGC 7331, qui a consacr\u00e9 plusieurs de ses vies \u00e0 la lib\u00e9ration de l&rsquo;humanit\u00e9. Dans cette vie, Elena a \u00e9t\u00e9 enlev\u00e9e enfant par des extraterrestres gris et secourue par un groupe bienveillant d&rsquo;extraterrestres avec lesquels elle reste en contact physique, voyageant r\u00e9guli\u00e8rement \u00e0 bord de leurs vaisseaux. Elena n&rsquo;est PAS une m\u00e9dium, elle ne promeut pas la m\u00e9diumnit\u00e9 et la d\u00e9conseille m\u00eame. Gr\u00e2ce \u00e0 ses rencontres physiques r\u00e9guli\u00e8res et \u00e0 ses communications via une technologie quantique avanc\u00e9e avec diverses organisations extraterrestres, Elena partage les secrets des technologies avanc\u00e9es et des informations pr\u00e9cieuses sur les \u00eatres stellaires, la connaissance de notre histoire cach\u00e9e et les cl\u00e9s de l&rsquo;\u00e9panouissement humain.<\/p>\n\n\n\n<p><strong><img decoding=\"async\" src=\"http:\/\/www.ac-am.fr\/wp-content\/uploads\/2015\/09\/ball01.gif\" alt=\"balle rouge\" border=\"0\"> Doit-on vous croire ?<\/strong> J&rsquo;ai d\u00e9couvert Elena il y a quelques semaines. Une apparition dans une vid\u00e9o qui est venue comme une notification&nbsp;\ud83d\ude09 sur mon Smartphone. J&rsquo;ai donc \u00e9cout\u00e9 cette vid\u00e9o ou plus exactement ce podcast. J&rsquo;ai toujours \u00e9t\u00e9 int\u00e9ress\u00e9 par la vie extraterrestre entre autre, vous le d\u00e9couvrez sur mon site&nbsp;:-), et cela depuis plus de 60 ans. Elle nous parle de cette fameuse conf\u00e9d\u00e9ration galactique des mondes ou des plan\u00e8tes qui pourrait s&rsquo;apparenter \u00e0 \u00ab\u00a0Starfleet\u00a0\u00bb dans la s\u00e9rie Star Treek.<\/p>\n\n\n\n<p><img decoding=\"async\" src=\"http:\/\/www.ac-am.fr\/wp-content\/uploads\/2015\/09\/ball01.gif\" alt=\"balle rouge\" border=\"0\"> Ce qui a attir\u00e9 mon attention est cette fameuse f\u00e9d\u00e9ration. Lorsque j&rsquo;avais 17 ans dans les ann\u00e9es 70, un soir alors que nous regardions une \u00e9mission de vari\u00e9t\u00e9 dans la soir\u00e9e avec ma famille, celle-ci fut interrompue par un flash sp\u00e9cial, nous annon\u00e7ant en gros que la principale chaine de TV anglaise avait \u00e9t\u00e9 pirat\u00e9e par un dr\u00f4le de message parlant de cette conf\u00e9d\u00e9ration annon\u00e7ant qu&rsquo;il fallait arr\u00eater notre attitude destructrice et nous orienter vers une \u00e8re de paix. Ce fut un grand \u00e9moi cot\u00e9 anglais, car comme tout le monde le sait les fran\u00e7ais sont assez cart\u00e9siens et longs \u00e0 la d\u00e9tente pour accepter des faits sortant de l&rsquo;ordinaire. Toujours est-il que les producteurs furent vraiment troubl\u00e9s que leur programme tv ait \u00e9t\u00e9 interrompu car la source ne fut absolument pas d\u00e9termin\u00e9e et de plus il fallait une \u00e9nergie consid\u00e9rable pour d\u00e9tourner une chaine de TV, ce qui n&rsquo;\u00e9tait pas possible en 1970. L&rsquo;est-ce maintenant en 2025, je ne sais pas.<\/p>\n\n\n\n<p><img decoding=\"async\" src=\"http:\/\/www.ac-am.fr\/wp-content\/uploads\/2015\/09\/ball01.gif\" alt=\"balle rouge\" border=\"0\"> Bref !  J&rsquo;ai \u00e9galement entendu parler pendant 60 ans d&rsquo;un certain Asthar Sheran commandeur d&rsquo;une flotte intergalactique. Elena n&rsquo;en dit mot dans les quelques vid\u00e9os que j&rsquo;ai pu regarder. Existe-t-il vraiment ? Je reste dans le doute.<\/p>\n\n\n\n<p><img decoding=\"async\" src=\"http:\/\/www.ac-am.fr\/wp-content\/uploads\/2015\/09\/ball01.gif\" alt=\"balle rouge\" border=\"0\"> \u00c0 l&rsquo;age de 12 ans, j&rsquo;ai d\u00e9couvert la vie extraterrestre gr\u00e2ce \u00e0 un pocket \u00ab\u00a0j&rsquo;ai lu\u00a0\u00bb que mon p\u00e8re avait achet\u00e9 et qu&rsquo;il m&rsquo;avait pr\u00eat\u00e9 sur ma demande. Ce fut un choc car tout cela me paraissait si \u00e9vident, si dingue et cela me parlait tellement. Auparavant je lisais beaucoup de livres de SF que je poss\u00e8de toujours en 2025. Entre les rencontres de contact\u00e9s, des fr\u00e8res Bogdanoff, de m\u00e9diums, des lectures et du dialogue avec certains initi\u00e9s canadiens entre autres par l&rsquo;interm\u00e9diaire de ce site cr\u00e9\u00e9 en 1995, j&rsquo;ai pris de la maturit\u00e9 mais c&rsquo;est surtout l&rsquo;apparition de recoupements qui confirmaient l&rsquo;existence de la vie extraterrestre bien au-del\u00e0 de la pr\u00e9sence des hommes sur terre et de l&rsquo;implication de ces \u00eatres dans l&rsquo;\u00e9volution de notre plan\u00e8te.<\/p>\n\n\n\n<p><img decoding=\"async\" src=\"http:\/\/www.ac-am.fr\/wp-content\/uploads\/2015\/09\/ball01.gif\" alt=\"balle rouge\" border=\"0\"> 60 ans de vie qui avec le recul apparaissent un peu fou. J&rsquo;ai scind\u00e9 le monde en deux parties : l&rsquo;un que j&rsquo;appelle le monde ordinaire, dimension tridimensionnelle, matrice dans laquelle nous sommes incarn\u00e9s et l&rsquo;autre que je nomme monde m\u00e9taphysique qui englobe, la vie extraterrestre, intraterrestre, l&rsquo;univers, le multivers, les dimensions, les plans vibratoires, le paranormal, la Force Cr\u00e9atrice, etc&#8230;   <\/p>\n\n\n\n<p><img decoding=\"async\" border=\"0\" src=\"http:\/\/www.ac-am.fr\/wp-content\/uploads\/2015\/09\/ball01.gif\" alt=\"balle rouge\"> Mais pourquoi Elena Danaan ? Que vient-elle faire dans cette histoire ? Eh ! Bien elle cl\u00f4ture 60 ans de connaissance, elle confirme ce que j&rsquo;ai toujours ressenti et d\u00e9couvert tout en y ajoutant un peu de doute. L&rsquo;existence de cette f\u00e9d\u00e9ration galactique des mondes, leur surveillance bien veillante, le fait que les militaires terriens comprenant des scientifiques, des ing\u00e9nieurs, des chercheurs, travaillent avec les \u00ab\u00a0Grands Blonds\u00a0\u00bb d\u00e9crits par <a href=\"https:\/\/www.ac-am.fr\/index.php\/1996\/03\/18\/adamski-verite-ou-arnaque\/\">Adamski<\/a>. Qu&rsquo;ils voyagent dans notre syst\u00e8me solaire. Qu&rsquo;il y a des bases sur la Lune, sur Mars et ailleurs, que notre syst\u00e8me stellaire fourmille de vies et que pour le moment les civils que nous sommes, sont maintenus dans l&rsquo;ignorance la plus totale par ce qu&rsquo;Elena nomme \u00ab\u00a0l&rsquo;\u00c9tat profond\u00a0\u00bb. C&rsquo;est une \u00e9missaire de cette fameuse conf\u00e9d\u00e9ration. Elle est l\u00e0 pour la grande divulgation, pour r\u00e9veiller les esprits en sommeil, pour ouvrir le champs de conscience de ceux qui seront pr\u00eat \u00e0 accepter mais surtout \u00e0 comprendre notre \u00e9volution, notre \u00e9l\u00e9vation vers un nouveau monde.<\/p>\n\n\n\n<p><img decoding=\"async\" src=\"http:\/\/www.ac-am.fr\/wp-content\/uploads\/2015\/09\/ball01.gif\" alt=\"balle rouge\" border=\"0\"> Pour vous donner une id\u00e9e de sa personnalit\u00e9 je vous joins une vid\u00e9o datant du 04 novembre 2021 o\u00f9 elle donne un aper\u00e7u de ce qu&rsquo;elle est.<\/p>\n\n\n\n<figure class=\"wp-block-embed is-type-video is-provider-youtube wp-block-embed-youtube wp-embed-aspect-16-9 wp-has-aspect-ratio\"><div class=\"wp-block-embed__wrapper\">\n<iframe loading=\"lazy\" title=\"Le don des \u00e9toiles avec Elena Danaan\" width=\"640\" height=\"360\" src=\"https:\/\/www.youtube.com\/embed\/qWgTEkF-E7c?feature=oembed\" frameborder=\"0\" allow=\"accelerometer; autoplay; clipboard-write; encrypted-media; gyroscope; picture-in-picture; web-share\" referrerpolicy=\"strict-origin-when-cross-origin\" allowfullscreen><\/iframe> \n<\/div><\/figure>\n\n\n\n<p><img decoding=\"async\" border=\"0\" src=\"http:\/\/www.ac-am.fr\/wp-content\/uploads\/2015\/09\/ball01.gif\" alt=\"balle rouge\"> Connaissez-vous \u00ab\u00a03I\/Atlas\u00a0\u00bb. Je d\u00e9velopperai un article \u00e0 son sujet mais avant tout je vous en donne un aper\u00e7u avec ce podcast sur cette fameuse com\u00e8te.<\/p>\n\n\n\n<figure class=\"wp-block-embed is-type-video is-provider-youtube wp-block-embed-youtube wp-embed-aspect-16-9 wp-has-aspect-ratio\"><div class=\"wp-block-embed__wrapper\">\n<iframe loading=\"lazy\" title=\"La NASA stup\u00e9faite : La sonde Chinoise r\u00e9v\u00e8le le secret de 3I\/ATLAS !\" width=\"640\" height=\"360\" src=\"https:\/\/www.youtube.com\/embed\/spLB86xmVnQ?feature=oembed\" frameborder=\"0\" allow=\"accelerometer; autoplay; clipboard-write; encrypted-media; gyroscope; picture-in-picture; web-share\" referrerpolicy=\"strict-origin-when-cross-origin\" allowfullscreen><\/iframe> \n<\/div><\/figure>\n\n\n\n<p>[<a href=\"https:\/\/www.ac-am.fr\/index.php\/contact-acam\/\">Claude B. &#8211; le 10-11-25<\/a>]<\/p>\n\n\n<div style=\"padding-bottom:20px; padding-top:10px;\" class=\"hupso-share-buttons\"><!-- Hupso Share Buttons - https:\/\/www.hupso.com\/share\/ --><a class=\"hupso_toolbar\" href=\"https:\/\/www.hupso.com\/share\/\"><img decoding=\"async\" src=\"https:\/\/static.hupso.com\/share\/buttons\/lang\/fr\/share.png\" style=\"border:0px; padding-top: 5px; float:left;\" alt=\"Share Button\"\/><\/a><script type=\"text\/javascript\">var hupso_services_t=new Array(\"Twitter\",\"Facebook\",\"Google Plus\");var hupso_background_t=\"#EAF4FF\";var hupso_border_t=\"#66CCFF\";var hupso_toolbar_size_t=\"big\";var hupso_image_folder_url = \"\";var hupso_url_t=\"\";var hupso_title_t=\"Elena%20Danaan%20%21%20Qui%20%C3%AAtes-vous%20%3F%20Doit-on%20vous%20croire%20%3F\";<\/script><script type=\"text\/javascript\" src=\"https:\/\/static.hupso.com\/share\/js\/share_toolbar.js\"><\/script><!-- Hupso Share Buttons --><\/div>","protected":false},"excerpt":{"rendered":"<p>Qui \u00eates-vous ? Elena Danaan est arch\u00e9ologue de terrain, auteure \u00e0 succ\u00e8s, conf\u00e9renci\u00e8re internationale et&#8230;<\/p>\n","protected":false},"author":2,"featured_media":5151,"comment_status":"closed","ping_status":"open","sticky":false,"template":"","format":"standard","meta":{"footnotes":""},"categories":[1582,1009],"tags":[1675,1672,1669,1667,1670,1673,1674,1668,1676,1671],"class_list":["post-5145","post","type-post","status-publish","format-standard","has-post-thumbnail","hentry","category-2025-petite-histoire-ou","category-2025-vie-extraterrestre","tag-3i-atlas","tag-confederation-galactique-des-mondes","tag-contact-physique","tag-elena-danaan","tag-etres-stellaires","tag-flotte-intergalactique","tag-freres-bogdanoff","tag-galaxie-ngc-7331","tag-nouveau-monde","tag-vie-extraterrestre"],"yoast_head":"<!-- This site is optimized with the Yoast SEO plugin v26.9 - https:\/\/yoast.com\/product\/yoast-seo-wordpress\/ -->\n<title>Elena Danaan ! Qui \u00eates-vous ? Doit-on vous croire ? - Autre Conscience, Autre Monde<\/title>\n<meta name=\"description\" content=\"Bref ! J&#039;ai \u00e9galement entendu parl\u00e9 pendant 60 ans d&#039;un certain Asthar Sheran commandeur d&#039;une flotte intergalactique.\" \/>\n<meta name=\"robots\" content=\"index, follow, max-snippet:-1, max-image-preview:large, max-video-preview:-1\" \/>\n<link rel=\"canonical\" href=\"https:\/\/www.ac-am.fr\/index.php\/2025\/11\/10\/elana-danaan-qui-etes-vous-doit-on-vous-croire\/\" \/>\n<meta property=\"og:locale\" content=\"fr_FR\" \/>\n<meta property=\"og:type\" content=\"article\" \/>\n<meta property=\"og:title\" content=\"Elena Danaan ! Qui \u00eates-vous ? Doit-on vous croire ? - Autre Conscience, Autre Monde\" \/>\n<meta property=\"og:description\" content=\"Bref ! J&#039;ai \u00e9galement entendu parl\u00e9 pendant 60 ans d&#039;un certain Asthar Sheran commandeur d&#039;une flotte intergalactique.\" \/>\n<meta property=\"og:url\" content=\"https:\/\/www.ac-am.fr\/index.php\/2025\/11\/10\/elana-danaan-qui-etes-vous-doit-on-vous-croire\/\" \/>\n<meta property=\"og:site_name\" content=\"Autre Conscience, Autre Monde\" \/>\n<meta property=\"article:publisher\" content=\"https:\/\/fr-fr.facebook.com\/claude.acam\/\" \/>\n<meta property=\"article:published_time\" content=\"2025-11-10T21:11:10+00:00\" \/>\n<meta property=\"article:modified_time\" content=\"2026-02-17T17:00:27+00:00\" \/>\n<meta property=\"og:image\" content=\"https:\/\/www.ac-am.fr\/wp-content\/uploads\/2025\/11\/federation_galactique_des_mondes_fabrique_par_IA.jpg\" \/>\n\t<meta property=\"og:image:width\" content=\"1024\" \/>\n\t<meta property=\"og:image:height\" content=\"1024\" \/>\n\t<meta property=\"og:image:type\" content=\"image\/jpeg\" \/>\n<meta name=\"author\" content=\"Claude ACAM\" \/>\n<meta name=\"twitter:card\" content=\"summary_large_image\" \/>\n<meta name=\"twitter:label1\" content=\"\u00c9crit par\" \/>\n\t<meta name=\"twitter:data1\" content=\"Claude ACAM\" \/>\n\t<meta name=\"twitter:label2\" content=\"Dur\u00e9e de lecture estim\u00e9e\" \/>\n\t<meta name=\"twitter:data2\" content=\"8 minutes\" \/>\n<script type=\"application\/ld+json\" class=\"yoast-schema-graph\">{\"@context\":\"https:\/\/schema.org\",\"@graph\":[{\"@type\":\"Article\",\"@id\":\"https:\/\/www.ac-am.fr\/index.php\/2025\/11\/10\/elana-danaan-qui-etes-vous-doit-on-vous-croire\/#article\",\"isPartOf\":{\"@id\":\"https:\/\/www.ac-am.fr\/index.php\/2025\/11\/10\/elana-danaan-qui-etes-vous-doit-on-vous-croire\/\"},\"author\":{\"name\":\"Claude ACAM\",\"@id\":\"https:\/\/www.ac-am.fr\/#\/schema\/person\/f6920100a1eee321181b2d8606edb6ee\"},\"headline\":\"Elena Danaan ! Qui \u00eates-vous ? Doit-on vous croire ?\",\"datePublished\":\"2025-11-10T21:11:10+00:00\",\"dateModified\":\"2026-02-17T17:00:27+00:00\",\"mainEntityOfPage\":{\"@id\":\"https:\/\/www.ac-am.fr\/index.php\/2025\/11\/10\/elana-danaan-qui-etes-vous-doit-on-vous-croire\/\"},\"wordCount\":958,\"publisher\":{\"@id\":\"https:\/\/www.ac-am.fr\/#organization\"},\"image\":{\"@id\":\"https:\/\/www.ac-am.fr\/index.php\/2025\/11\/10\/elana-danaan-qui-etes-vous-doit-on-vous-croire\/#primaryimage\"},\"thumbnailUrl\":\"https:\/\/www.ac-am.fr\/wp-content\/uploads\/2025\/11\/federation_galactique_des_mondes_fabrique_par_IA.jpg\",\"keywords\":[\"3i\/atlas\",\"conf\u00e9d\u00e9ration galactique des mondes\",\"contact physique\",\"elena danaan\",\"\u00eatres stellaires\",\"flotte intergalactique\",\"fr\u00e8res bogdanoff\",\"galaxie ngc 7331\",\"nouveau monde\",\"vie extraterrestre\"],\"articleSection\":[\"2025 - PETITE HISTOIRE OU...\",\"2025 - VIE EXTRATERRESTRE\"],\"inLanguage\":\"fr-FR\"},{\"@type\":\"WebPage\",\"@id\":\"https:\/\/www.ac-am.fr\/index.php\/2025\/11\/10\/elana-danaan-qui-etes-vous-doit-on-vous-croire\/\",\"url\":\"https:\/\/www.ac-am.fr\/index.php\/2025\/11\/10\/elana-danaan-qui-etes-vous-doit-on-vous-croire\/\",\"name\":\"Elena Danaan ! Qui \u00eates-vous ? Doit-on vous croire ? - Autre Conscience, Autre Monde\",\"isPartOf\":{\"@id\":\"https:\/\/www.ac-am.fr\/#website\"},\"primaryImageOfPage\":{\"@id\":\"https:\/\/www.ac-am.fr\/index.php\/2025\/11\/10\/elana-danaan-qui-etes-vous-doit-on-vous-croire\/#primaryimage\"},\"image\":{\"@id\":\"https:\/\/www.ac-am.fr\/index.php\/2025\/11\/10\/elana-danaan-qui-etes-vous-doit-on-vous-croire\/#primaryimage\"},\"thumbnailUrl\":\"https:\/\/www.ac-am.fr\/wp-content\/uploads\/2025\/11\/federation_galactique_des_mondes_fabrique_par_IA.jpg\",\"datePublished\":\"2025-11-10T21:11:10+00:00\",\"dateModified\":\"2026-02-17T17:00:27+00:00\",\"description\":\"Bref ! J'ai \u00e9galement entendu parl\u00e9 pendant 60 ans d'un certain Asthar Sheran commandeur d'une flotte intergalactique.\",\"breadcrumb\":{\"@id\":\"https:\/\/www.ac-am.fr\/index.php\/2025\/11\/10\/elana-danaan-qui-etes-vous-doit-on-vous-croire\/#breadcrumb\"},\"inLanguage\":\"fr-FR\",\"potentialAction\":[{\"@type\":\"ReadAction\",\"target\":[\"https:\/\/www.ac-am.fr\/index.php\/2025\/11\/10\/elana-danaan-qui-etes-vous-doit-on-vous-croire\/\"]}]},{\"@type\":\"ImageObject\",\"inLanguage\":\"fr-FR\",\"@id\":\"https:\/\/www.ac-am.fr\/index.php\/2025\/11\/10\/elana-danaan-qui-etes-vous-doit-on-vous-croire\/#primaryimage\",\"url\":\"https:\/\/www.ac-am.fr\/wp-content\/uploads\/2025\/11\/federation_galactique_des_mondes_fabrique_par_IA.jpg\",\"contentUrl\":\"https:\/\/www.ac-am.fr\/wp-content\/uploads\/2025\/11\/federation_galactique_des_mondes_fabrique_par_IA.jpg\",\"width\":1024,\"height\":1024,\"caption\":\"F\u00e9d\u00e9ration galactique des mondes fabriqu\u00e9e par l'IA\"},{\"@type\":\"BreadcrumbList\",\"@id\":\"https:\/\/www.ac-am.fr\/index.php\/2025\/11\/10\/elana-danaan-qui-etes-vous-doit-on-vous-croire\/#breadcrumb\",\"itemListElement\":[{\"@type\":\"ListItem\",\"position\":1,\"name\":\"Accueil\",\"item\":\"https:\/\/www.ac-am.fr\/\"},{\"@type\":\"ListItem\",\"position\":2,\"name\":\"Elena Danaan ! Qui \u00eates-vous ? Doit-on vous croire ?\"}]},{\"@type\":\"WebSite\",\"@id\":\"https:\/\/www.ac-am.fr\/#website\",\"url\":\"https:\/\/www.ac-am.fr\/\",\"name\":\"Autre Conscience, Autre Monde\",\"description\":\"\",\"publisher\":{\"@id\":\"https:\/\/www.ac-am.fr\/#organization\"},\"potentialAction\":[{\"@type\":\"SearchAction\",\"target\":{\"@type\":\"EntryPoint\",\"urlTemplate\":\"https:\/\/www.ac-am.fr\/?s={search_term_string}\"},\"query-input\":{\"@type\":\"PropertyValueSpecification\",\"valueRequired\":true,\"valueName\":\"search_term_string\"}}],\"inLanguage\":\"fr-FR\"},{\"@type\":\"Organization\",\"@id\":\"https:\/\/www.ac-am.fr\/#organization\",\"name\":\"Autre Conscience, Autre Monde\",\"url\":\"https:\/\/www.ac-am.fr\/\",\"logo\":{\"@type\":\"ImageObject\",\"inLanguage\":\"fr-FR\",\"@id\":\"https:\/\/www.ac-am.fr\/#\/schema\/logo\/image\/\",\"url\":\"https:\/\/www.ac-am.fr\/wp-content\/uploads\/2015\/10\/bd_ac_am.gif\",\"contentUrl\":\"https:\/\/www.ac-am.fr\/wp-content\/uploads\/2015\/10\/bd_ac_am.gif\",\"width\":370,\"height\":65,\"caption\":\"Autre Conscience, Autre Monde\"},\"image\":{\"@id\":\"https:\/\/www.ac-am.fr\/#\/schema\/logo\/image\/\"},\"sameAs\":[\"https:\/\/fr-fr.facebook.com\/claude.acam\/\",\"https:\/\/www.youtube.com\/user\/consciencemonde\"]},{\"@type\":\"Person\",\"@id\":\"https:\/\/www.ac-am.fr\/#\/schema\/person\/f6920100a1eee321181b2d8606edb6ee\",\"name\":\"Claude ACAM\",\"image\":{\"@type\":\"ImageObject\",\"inLanguage\":\"fr-FR\",\"@id\":\"https:\/\/www.ac-am.fr\/#\/schema\/person\/image\/\",\"url\":\"https:\/\/secure.gravatar.com\/avatar\/e09e4cf5d19c14eb87ca16e06420f2d1dfe3e8967072c4616fd0fdf3e8855650?s=96&d=identicon&r=g\",\"contentUrl\":\"https:\/\/secure.gravatar.com\/avatar\/e09e4cf5d19c14eb87ca16e06420f2d1dfe3e8967072c4616fd0fdf3e8855650?s=96&d=identicon&r=g\",\"caption\":\"Claude ACAM\"},\"sameAs\":[\"http:\/\/www.ac-am.fr\/\"],\"url\":\"https:\/\/www.ac-am.fr\/index.php\/author\/claude-b\/\"}]}<\/script>\n<!-- \/ Yoast SEO plugin. -->","yoast_head_json":{"title":"Elena Danaan ! Qui \u00eates-vous ? Doit-on vous croire ? - Autre Conscience, Autre Monde","description":"Bref ! J'ai \u00e9galement entendu parl\u00e9 pendant 60 ans d'un certain Asthar Sheran commandeur d'une flotte intergalactique.","robots":{"index":"index","follow":"follow","max-snippet":"max-snippet:-1","max-image-preview":"max-image-preview:large","max-video-preview":"max-video-preview:-1"},"canonical":"https:\/\/www.ac-am.fr\/index.php\/2025\/11\/10\/elana-danaan-qui-etes-vous-doit-on-vous-croire\/","og_locale":"fr_FR","og_type":"article","og_title":"Elena Danaan ! Qui \u00eates-vous ? Doit-on vous croire ? - Autre Conscience, Autre Monde","og_description":"Bref ! J'ai \u00e9galement entendu parl\u00e9 pendant 60 ans d'un certain Asthar Sheran commandeur d'une flotte intergalactique.","og_url":"https:\/\/www.ac-am.fr\/index.php\/2025\/11\/10\/elana-danaan-qui-etes-vous-doit-on-vous-croire\/","og_site_name":"Autre Conscience, Autre Monde","article_publisher":"https:\/\/fr-fr.facebook.com\/claude.acam\/","article_published_time":"2025-11-10T21:11:10+00:00","article_modified_time":"2026-02-17T17:00:27+00:00","og_image":[{"width":1024,"height":1024,"url":"https:\/\/www.ac-am.fr\/wp-content\/uploads\/2025\/11\/federation_galactique_des_mondes_fabrique_par_IA.jpg","type":"image\/jpeg"}],"author":"Claude ACAM","twitter_card":"summary_large_image","twitter_misc":{"\u00c9crit par":"Claude ACAM","Dur\u00e9e de lecture estim\u00e9e":"8 minutes"},"schema":{"@context":"https:\/\/schema.org","@graph":[{"@type":"Article","@id":"https:\/\/www.ac-am.fr\/index.php\/2025\/11\/10\/elana-danaan-qui-etes-vous-doit-on-vous-croire\/#article","isPartOf":{"@id":"https:\/\/www.ac-am.fr\/index.php\/2025\/11\/10\/elana-danaan-qui-etes-vous-doit-on-vous-croire\/"},"author":{"name":"Claude ACAM","@id":"https:\/\/www.ac-am.fr\/#\/schema\/person\/f6920100a1eee321181b2d8606edb6ee"},"headline":"Elena Danaan ! Qui \u00eates-vous ? Doit-on vous croire ?","datePublished":"2025-11-10T21:11:10+00:00","dateModified":"2026-02-17T17:00:27+00:00","mainEntityOfPage":{"@id":"https:\/\/www.ac-am.fr\/index.php\/2025\/11\/10\/elana-danaan-qui-etes-vous-doit-on-vous-croire\/"},"wordCount":958,"publisher":{"@id":"https:\/\/www.ac-am.fr\/#organization"},"image":{"@id":"https:\/\/www.ac-am.fr\/index.php\/2025\/11\/10\/elana-danaan-qui-etes-vous-doit-on-vous-croire\/#primaryimage"},"thumbnailUrl":"https:\/\/www.ac-am.fr\/wp-content\/uploads\/2025\/11\/federation_galactique_des_mondes_fabrique_par_IA.jpg","keywords":["3i\/atlas","conf\u00e9d\u00e9ration galactique des mondes","contact physique","elena danaan","\u00eatres stellaires","flotte intergalactique","fr\u00e8res bogdanoff","galaxie ngc 7331","nouveau monde","vie extraterrestre"],"articleSection":["2025 - PETITE HISTOIRE OU...","2025 - VIE EXTRATERRESTRE"],"inLanguage":"fr-FR"},{"@type":"WebPage","@id":"https:\/\/www.ac-am.fr\/index.php\/2025\/11\/10\/elana-danaan-qui-etes-vous-doit-on-vous-croire\/","url":"https:\/\/www.ac-am.fr\/index.php\/2025\/11\/10\/elana-danaan-qui-etes-vous-doit-on-vous-croire\/","name":"Elena Danaan ! Qui \u00eates-vous ? Doit-on vous croire ? - Autre Conscience, Autre Monde","isPartOf":{"@id":"https:\/\/www.ac-am.fr\/#website"},"primaryImageOfPage":{"@id":"https:\/\/www.ac-am.fr\/index.php\/2025\/11\/10\/elana-danaan-qui-etes-vous-doit-on-vous-croire\/#primaryimage"},"image":{"@id":"https:\/\/www.ac-am.fr\/index.php\/2025\/11\/10\/elana-danaan-qui-etes-vous-doit-on-vous-croire\/#primaryimage"},"thumbnailUrl":"https:\/\/www.ac-am.fr\/wp-content\/uploads\/2025\/11\/federation_galactique_des_mondes_fabrique_par_IA.jpg","datePublished":"2025-11-10T21:11:10+00:00","dateModified":"2026-02-17T17:00:27+00:00","description":"Bref ! J'ai \u00e9galement entendu parl\u00e9 pendant 60 ans d'un certain Asthar Sheran commandeur d'une flotte intergalactique.","breadcrumb":{"@id":"https:\/\/www.ac-am.fr\/index.php\/2025\/11\/10\/elana-danaan-qui-etes-vous-doit-on-vous-croire\/#breadcrumb"},"inLanguage":"fr-FR","potentialAction":[{"@type":"ReadAction","target":["https:\/\/www.ac-am.fr\/index.php\/2025\/11\/10\/elana-danaan-qui-etes-vous-doit-on-vous-croire\/"]}]},{"@type":"ImageObject","inLanguage":"fr-FR","@id":"https:\/\/www.ac-am.fr\/index.php\/2025\/11\/10\/elana-danaan-qui-etes-vous-doit-on-vous-croire\/#primaryimage","url":"https:\/\/www.ac-am.fr\/wp-content\/uploads\/2025\/11\/federation_galactique_des_mondes_fabrique_par_IA.jpg","contentUrl":"https:\/\/www.ac-am.fr\/wp-content\/uploads\/2025\/11\/federation_galactique_des_mondes_fabrique_par_IA.jpg","width":1024,"height":1024,"caption":"F\u00e9d\u00e9ration galactique des mondes fabriqu\u00e9e par l'IA"},{"@type":"BreadcrumbList","@id":"https:\/\/www.ac-am.fr\/index.php\/2025\/11\/10\/elana-danaan-qui-etes-vous-doit-on-vous-croire\/#breadcrumb","itemListElement":[{"@type":"ListItem","position":1,"name":"Accueil","item":"https:\/\/www.ac-am.fr\/"},{"@type":"ListItem","position":2,"name":"Elena Danaan ! Qui \u00eates-vous ? Doit-on vous croire ?"}]},{"@type":"WebSite","@id":"https:\/\/www.ac-am.fr\/#website","url":"https:\/\/www.ac-am.fr\/","name":"Autre Conscience, Autre Monde","description":"","publisher":{"@id":"https:\/\/www.ac-am.fr\/#organization"},"potentialAction":[{"@type":"SearchAction","target":{"@type":"EntryPoint","urlTemplate":"https:\/\/www.ac-am.fr\/?s={search_term_string}"},"query-input":{"@type":"PropertyValueSpecification","valueRequired":true,"valueName":"search_term_string"}}],"inLanguage":"fr-FR"},{"@type":"Organization","@id":"https:\/\/www.ac-am.fr\/#organization","name":"Autre Conscience, Autre Monde","url":"https:\/\/www.ac-am.fr\/","logo":{"@type":"ImageObject","inLanguage":"fr-FR","@id":"https:\/\/www.ac-am.fr\/#\/schema\/logo\/image\/","url":"https:\/\/www.ac-am.fr\/wp-content\/uploads\/2015\/10\/bd_ac_am.gif","contentUrl":"https:\/\/www.ac-am.fr\/wp-content\/uploads\/2015\/10\/bd_ac_am.gif","width":370,"height":65,"caption":"Autre Conscience, Autre Monde"},"image":{"@id":"https:\/\/www.ac-am.fr\/#\/schema\/logo\/image\/"},"sameAs":["https:\/\/fr-fr.facebook.com\/claude.acam\/","https:\/\/www.youtube.com\/user\/consciencemonde"]},{"@type":"Person","@id":"https:\/\/www.ac-am.fr\/#\/schema\/person\/f6920100a1eee321181b2d8606edb6ee","name":"Claude ACAM","image":{"@type":"ImageObject","inLanguage":"fr-FR","@id":"https:\/\/www.ac-am.fr\/#\/schema\/person\/image\/","url":"https:\/\/secure.gravatar.com\/avatar\/e09e4cf5d19c14eb87ca16e06420f2d1dfe3e8967072c4616fd0fdf3e8855650?s=96&d=identicon&r=g","contentUrl":"https:\/\/secure.gravatar.com\/avatar\/e09e4cf5d19c14eb87ca16e06420f2d1dfe3e8967072c4616fd0fdf3e8855650?s=96&d=identicon&r=g","caption":"Claude ACAM"},"sameAs":["http:\/\/www.ac-am.fr\/"],"url":"https:\/\/www.ac-am.fr\/index.php\/author\/claude-b\/"}]}},"_links":{"self":[{"href":"https:\/\/www.ac-am.fr\/index.php\/wp-json\/wp\/v2\/posts\/5145","targetHints":{"allow":["GET"]}}],"collection":[{"href":"https:\/\/www.ac-am.fr\/index.php\/wp-json\/wp\/v2\/posts"}],"about":[{"href":"https:\/\/www.ac-am.fr\/index.php\/wp-json\/wp\/v2\/types\/post"}],"author":[{"embeddable":true,"href":"https:\/\/www.ac-am.fr\/index.php\/wp-json\/wp\/v2\/users\/2"}],"replies":[{"embeddable":true,"href":"https:\/\/www.ac-am.fr\/index.php\/wp-json\/wp\/v2\/comments?post=5145"}],"version-history":[{"count":11,"href":"https:\/\/www.ac-am.fr\/index.php\/wp-json\/wp\/v2\/posts\/5145\/revisions"}],"predecessor-version":[{"id":5396,"href":"https:\/\/www.ac-am.fr\/index.php\/wp-json\/wp\/v2\/posts\/5145\/revisions\/5396"}],"wp:featuredmedia":[{"embeddable":true,"href":"https:\/\/www.ac-am.fr\/index.php\/wp-json\/wp\/v2\/media\/5151"}],"wp:attachment":[{"href":"https:\/\/www.ac-am.fr\/index.php\/wp-json\/wp\/v2\/media?parent=5145"}],"wp:term":[{"taxonomy":"category","embeddable":true,"href":"https:\/\/www.ac-am.fr\/index.php\/wp-json\/wp\/v2\/categories?post=5145"},{"taxonomy":"post_tag","embeddable":true,"href":"https:\/\/www.ac-am.fr\/index.php\/wp-json\/wp\/v2\/tags?post=5145"}],"curies":[{"name":"wp","href":"https:\/\/api.w.org\/{rel}","templated":true}]}}