{"id":741,"date":"1998-05-08T17:00:36","date_gmt":"1998-05-08T16:00:36","guid":{"rendered":"https:\/\/www.ac-am.fr\/?p=741"},"modified":"2018-05-23T17:53:17","modified_gmt":"2018-05-23T16:53:17","slug":"terre-que-nous-prepares-tu","status":"publish","type":"post","link":"https:\/\/www.ac-am.fr\/index.php\/1998\/05\/08\/terre-que-nous-prepares-tu\/","title":{"rendered":"Terre, que nous pr\u00e9pares-tu ?"},"content":{"rendered":"<div id=\"energies\" style=\"background-attachment: fixed; border: 2px solid #FF9900; border-radius : 10px; opacity: 0.90; width: 600px;\">\n<table class=\"aligncenter\" style=\"width: 600px;\" border=\"0\">\n<tbody>\n<tr>\n<td>\n<table class=\"aligncenter\" style=\"width: 567px; height: 190px;\" border=\"0\">\n<tbody>\n<tr>\n<td><img decoding=\"async\" class=\"aligncenter\" src=\"https:\/\/www.ac-am.fr\/wp-content\/uploads\/2015\/09\/barre_vt.gif\" alt=\"\" border=\"0\" \/><\/td>\n<\/tr>\n<tr>\n<td style=\"text-align: left;\"><img loading=\"lazy\" decoding=\"async\" src=\"https:\/\/www.ac-am.fr\/wp-content\/uploads\/2015\/09\/rete3re.gif\" alt=\"R\u00e9flexions et T\u00e9moignages\" width=\"380\" height=\"100\" border=\"0\" \/><img loading=\"lazy\" decoding=\"async\" src=\"https:\/\/www.ac-am.fr\/wp-content\/uploads\/2015\/10\/cal1998.gif\" alt=\"Ann\u00e9e 1998\" width=\"150\" height=\"100\" border=\"0\" \/><\/td>\n<\/tr>\n<tr>\n<td><img decoding=\"async\" class=\"aligncenter\" src=\"https:\/\/www.ac-am.fr\/wp-content\/uploads\/2015\/09\/barre_vt.gif\" alt=\"\" border=\"0\" \/><\/td>\n<\/tr>\n<\/tbody>\n<\/table>\n<table class=\"aligncenter\" style=\"width: 590px;\" border=\"0\">\n<tbody>\n<tr>\n<td><b class=\"ntitre1\"><a name=\"Claude01_3regnes_01\"><\/a>Terre, que nous pr\u00e9pares-tu ?<\/b><\/td>\n<\/tr>\n<tr>\n<td colspan=\"2\"><img decoding=\"async\" class=\"aligncenter\" src=\"https:\/\/www.ac-am.fr\/wp-content\/uploads\/2015\/09\/barre_vt.gif\" alt=\"\" border=\"0\" \/><\/td>\n<\/tr>\n<tr>\n<td style=\"text-align: left;\"><span class=\"gmoyen\"><img decoding=\"async\" src=\"https:\/\/www.ac-am.fr\/wp-content\/uploads\/2015\/09\/balle02.gif\" alt=\"\" border=\"0\" \/> Je voudrais faire une remarque \u00e0 propos des s\u00e9rieux probl\u00e8mes plan\u00e9taires qui se manifestent un peu partout&#8230;<\/span><\/p>\n<p> <span class=\"gmoyen\"><img decoding=\"async\" src=\"https:\/\/www.ac-am.fr\/wp-content\/uploads\/2015\/09\/balle02.gif\" alt=\"\" border=\"0\" \/> La s\u00e9cheresse, les inondations, les maladies, les tremblements de terre, la famine, les brusques changements de temps, les climats instables, le r\u00e9chauffement sont les signes pr\u00e9curseurs de grands changements plan\u00e9taires&#8230;<\/span><\/p>\n<p> <span class=\"gmoyen\"><img decoding=\"async\" src=\"https:\/\/www.ac-am.fr\/wp-content\/uploads\/2015\/09\/balle02.gif\" alt=\"\" border=\"0\" \/> Malheureusement peu de gens ont compris que tout cela vient de notre comportement ( et non de la pollution). Comme je l&rsquo;ai d\u00e9j\u00e0 dit, la Terre est un astre vivant avec une \u00e2me et une intelligence. Elle est aid\u00e9e en cela par une entit\u00e9 que l&rsquo;on pourrait appeler \u00ab\u00a0le prince plan\u00e9taire\u00a0\u00bb&#8230; Ce qui se passe actuellement est significatif&#8230; Les peuples se retournent vers les dirigeants, qui n&rsquo;ont pas toujours fait ce qu&rsquo;il fallait, mais ne se mettent jamais en cause dans leur comportement&#8230;<\/span><\/p>\n<table class=\"aligncenter\" style=\"width: 500px;\" border=\"0\">\n<tbody>\n<tr>\n<td><span class=\"gmoyen\">&#8211; Est-il tol\u00e9rable de voir le r\u00e8gne animal si mal trait\u00e9, lui qui est pr\u00e9sent pour nous aider dans notre \u00e9volution&#8230;<\/span><br \/>\n <span class=\"gmoyen\">&#8211; Est-il tol\u00e9rable de voir le r\u00e8gne v\u00e9g\u00e9tal massacr\u00e9, lui qui nous apporte un \u00e9quilibre pour notre corps et notre esprit&#8230;<\/span><br \/>\n <span class=\"gmoyen\">&#8211; Est-il tol\u00e9rable de voir le r\u00e8gne min\u00e9ral gaspill\u00e9 pour le pouvoir, lui qui est notre support et l&rsquo;essence m\u00eame de notre corps&#8230;<\/span><\/td>\n<\/tr>\n<\/tbody>\n<\/table>\n<p> <span class=\"gmoyen\"><img decoding=\"async\" src=\"https:\/\/www.ac-am.fr\/wp-content\/uploads\/2015\/09\/balle02.gif\" alt=\"\" border=\"0\" \/> Non&#8230; Tout cela a un prix et nous allons le payer&#8230; Je peux m\u00eame dire que dans les ann\u00e9es \u00e0 venir, s&rsquo;il n&rsquo;y a pas une prise de conscience g\u00e9n\u00e9rale, beaucoup pourront pleurer sur leur sort.<\/span><\/p>\n<p> <span class=\"gmoyen\"><img decoding=\"async\" src=\"https:\/\/www.ac-am.fr\/wp-content\/uploads\/2015\/09\/balle02.gif\" alt=\"\" border=\"0\" \/> L&rsquo;aura de la Terre (ou le champ \u00e9th\u00e9rique) n&rsquo;a jamais \u00e9t\u00e9 aussi noir. Nous alimentons sans cesse d&rsquo;une fa\u00e7on n\u00e9gative cette \u00e9nergie et comme elle nous enveloppe, nous nous en alimentons de nouveau&#8230; La plan\u00e8te Terre commence \u00e0 r\u00e9agir et cela deviendra de plus en plus visible mais ne sera-t-il pas trop tard ?<\/span><\/p>\n<p> <span class=\"gmoyen\"><i>[<a href=\"https:\/\/www.ac-am.fr\/index.php\/contact-acam\/\">Claude B. le 08-05-98<\/a>]<\/i><\/span><\/td>\n<\/tr>\n<\/tbody>\n<\/table>\n<\/td>\n<\/tr>\n<\/tbody>\n<\/table>\n<\/div>\n<div style=\"padding-bottom:20px; padding-top:10px;\" class=\"hupso-share-buttons\"><!-- Hupso Share Buttons - https:\/\/www.hupso.com\/share\/ --><a class=\"hupso_toolbar\" href=\"https:\/\/www.hupso.com\/share\/\"><img decoding=\"async\" src=\"https:\/\/static.hupso.com\/share\/buttons\/lang\/fr\/share.png\" style=\"border:0px; padding-top: 5px; float:left;\" alt=\"Share Button\"\/><\/a><script type=\"text\/javascript\">var hupso_services_t=new Array(\"Twitter\",\"Facebook\",\"Google Plus\");var hupso_background_t=\"#EAF4FF\";var hupso_border_t=\"#66CCFF\";var hupso_toolbar_size_t=\"big\";var hupso_image_folder_url = \"\";var hupso_url_t=\"\";var hupso_title_t=\"Terre%2C%20que%20nous%20pr%C3%A9pares-tu%20%3F\";<\/script><script type=\"text\/javascript\" src=\"https:\/\/static.hupso.com\/share\/js\/share_toolbar.js\"><\/script><!-- Hupso Share Buttons --><\/div>","protected":false},"excerpt":{"rendered":"<p>Terre, que nous pr\u00e9pares-tu ? Je voudrais faire une remarque \u00e0 propos des s\u00e9rieux probl\u00e8mes&#8230;<\/p>\n","protected":false},"author":2,"featured_media":0,"comment_status":"open","ping_status":"open","sticky":false,"template":"","format":"standard","meta":{"footnotes":""},"categories":[12],"tags":[],"class_list":["post-741","post","type-post","status-publish","format-standard","hentry","category-1998-3-regnes-et-aux-energies"],"yoast_head":"<!-- This site is optimized with the Yoast SEO plugin v26.9 - https:\/\/yoast.com\/product\/yoast-seo-wordpress\/ -->\n<title>Terre, que nous pr\u00e9pares-tu ? - Autre Conscience, Autre Monde<\/title>\n<meta name=\"robots\" content=\"index, follow, max-snippet:-1, max-image-preview:large, max-video-preview:-1\" \/>\n<link rel=\"canonical\" href=\"https:\/\/www.ac-am.fr\/index.php\/1998\/05\/08\/terre-que-nous-prepares-tu\/\" \/>\n<meta property=\"og:locale\" content=\"fr_FR\" \/>\n<meta property=\"og:type\" content=\"article\" \/>\n<meta property=\"og:title\" content=\"Terre, que nous pr\u00e9pares-tu ? - Autre Conscience, Autre Monde\" \/>\n<meta property=\"og:description\" content=\"Terre, que nous pr\u00e9pares-tu ? Je voudrais faire une remarque \u00e0 propos des s\u00e9rieux probl\u00e8mes...\" \/>\n<meta property=\"og:url\" content=\"https:\/\/www.ac-am.fr\/index.php\/1998\/05\/08\/terre-que-nous-prepares-tu\/\" \/>\n<meta property=\"og:site_name\" content=\"Autre Conscience, Autre Monde\" \/>\n<meta property=\"article:publisher\" content=\"https:\/\/fr-fr.facebook.com\/claude.acam\/\" \/>\n<meta property=\"article:published_time\" content=\"1998-05-08T16:00:36+00:00\" \/>\n<meta property=\"article:modified_time\" content=\"2018-05-23T16:53:17+00:00\" \/>\n<meta property=\"og:image\" content=\"https:\/\/www.ac-am.fr\/wp-content\/uploads\/2015\/09\/barre_vt.gif\" \/>\n<meta name=\"author\" content=\"Claude ACAM\" \/>\n<meta name=\"twitter:card\" content=\"summary_large_image\" \/>\n<meta name=\"twitter:label1\" content=\"\u00c9crit par\" \/>\n\t<meta name=\"twitter:data1\" content=\"Claude ACAM\" \/>\n\t<meta name=\"twitter:label2\" content=\"Dur\u00e9e de lecture estim\u00e9e\" \/>\n\t<meta name=\"twitter:data2\" content=\"2 minutes\" \/>\n<script type=\"application\/ld+json\" class=\"yoast-schema-graph\">{\"@context\":\"https:\/\/schema.org\",\"@graph\":[{\"@type\":\"Article\",\"@id\":\"https:\/\/www.ac-am.fr\/index.php\/1998\/05\/08\/terre-que-nous-prepares-tu\/#article\",\"isPartOf\":{\"@id\":\"https:\/\/www.ac-am.fr\/index.php\/1998\/05\/08\/terre-que-nous-prepares-tu\/\"},\"author\":{\"name\":\"Claude ACAM\",\"@id\":\"https:\/\/www.ac-am.fr\/#\/schema\/person\/f6920100a1eee321181b2d8606edb6ee\"},\"headline\":\"Terre, que nous pr\u00e9pares-tu ?\",\"datePublished\":\"1998-05-08T16:00:36+00:00\",\"dateModified\":\"2018-05-23T16:53:17+00:00\",\"mainEntityOfPage\":{\"@id\":\"https:\/\/www.ac-am.fr\/index.php\/1998\/05\/08\/terre-que-nous-prepares-tu\/\"},\"wordCount\":335,\"commentCount\":4,\"publisher\":{\"@id\":\"https:\/\/www.ac-am.fr\/#organization\"},\"image\":{\"@id\":\"https:\/\/www.ac-am.fr\/index.php\/1998\/05\/08\/terre-que-nous-prepares-tu\/#primaryimage\"},\"thumbnailUrl\":\"https:\/\/www.ac-am.fr\/wp-content\/uploads\/2015\/09\/barre_vt.gif\",\"articleSection\":[\"1998 \u2013 3 R\u00c8GNES et aux \u00c9NERGIES\"],\"inLanguage\":\"fr-FR\",\"potentialAction\":[{\"@type\":\"CommentAction\",\"name\":\"Comment\",\"target\":[\"https:\/\/www.ac-am.fr\/index.php\/1998\/05\/08\/terre-que-nous-prepares-tu\/#respond\"]}]},{\"@type\":\"WebPage\",\"@id\":\"https:\/\/www.ac-am.fr\/index.php\/1998\/05\/08\/terre-que-nous-prepares-tu\/\",\"url\":\"https:\/\/www.ac-am.fr\/index.php\/1998\/05\/08\/terre-que-nous-prepares-tu\/\",\"name\":\"Terre, que nous pr\u00e9pares-tu ? - Autre Conscience, Autre Monde\",\"isPartOf\":{\"@id\":\"https:\/\/www.ac-am.fr\/#website\"},\"primaryImageOfPage\":{\"@id\":\"https:\/\/www.ac-am.fr\/index.php\/1998\/05\/08\/terre-que-nous-prepares-tu\/#primaryimage\"},\"image\":{\"@id\":\"https:\/\/www.ac-am.fr\/index.php\/1998\/05\/08\/terre-que-nous-prepares-tu\/#primaryimage\"},\"thumbnailUrl\":\"https:\/\/www.ac-am.fr\/wp-content\/uploads\/2015\/09\/barre_vt.gif\",\"datePublished\":\"1998-05-08T16:00:36+00:00\",\"dateModified\":\"2018-05-23T16:53:17+00:00\",\"breadcrumb\":{\"@id\":\"https:\/\/www.ac-am.fr\/index.php\/1998\/05\/08\/terre-que-nous-prepares-tu\/#breadcrumb\"},\"inLanguage\":\"fr-FR\",\"potentialAction\":[{\"@type\":\"ReadAction\",\"target\":[\"https:\/\/www.ac-am.fr\/index.php\/1998\/05\/08\/terre-que-nous-prepares-tu\/\"]}]},{\"@type\":\"ImageObject\",\"inLanguage\":\"fr-FR\",\"@id\":\"https:\/\/www.ac-am.fr\/index.php\/1998\/05\/08\/terre-que-nous-prepares-tu\/#primaryimage\",\"url\":\"https:\/\/www.ac-am.fr\/wp-content\/uploads\/2015\/09\/barre_vt.gif\",\"contentUrl\":\"https:\/\/www.ac-am.fr\/wp-content\/uploads\/2015\/09\/barre_vt.gif\",\"width\":550,\"height\":7,\"caption\":\"Barre verte\"},{\"@type\":\"BreadcrumbList\",\"@id\":\"https:\/\/www.ac-am.fr\/index.php\/1998\/05\/08\/terre-que-nous-prepares-tu\/#breadcrumb\",\"itemListElement\":[{\"@type\":\"ListItem\",\"position\":1,\"name\":\"Accueil\",\"item\":\"https:\/\/www.ac-am.fr\/\"},{\"@type\":\"ListItem\",\"position\":2,\"name\":\"Terre, que nous pr\u00e9pares-tu ?\"}]},{\"@type\":\"WebSite\",\"@id\":\"https:\/\/www.ac-am.fr\/#website\",\"url\":\"https:\/\/www.ac-am.fr\/\",\"name\":\"Autre Conscience, Autre Monde\",\"description\":\"\",\"publisher\":{\"@id\":\"https:\/\/www.ac-am.fr\/#organization\"},\"potentialAction\":[{\"@type\":\"SearchAction\",\"target\":{\"@type\":\"EntryPoint\",\"urlTemplate\":\"https:\/\/www.ac-am.fr\/?s={search_term_string}\"},\"query-input\":{\"@type\":\"PropertyValueSpecification\",\"valueRequired\":true,\"valueName\":\"search_term_string\"}}],\"inLanguage\":\"fr-FR\"},{\"@type\":\"Organization\",\"@id\":\"https:\/\/www.ac-am.fr\/#organization\",\"name\":\"Autre Conscience, Autre Monde\",\"url\":\"https:\/\/www.ac-am.fr\/\",\"logo\":{\"@type\":\"ImageObject\",\"inLanguage\":\"fr-FR\",\"@id\":\"https:\/\/www.ac-am.fr\/#\/schema\/logo\/image\/\",\"url\":\"https:\/\/www.ac-am.fr\/wp-content\/uploads\/2015\/10\/bd_ac_am.gif\",\"contentUrl\":\"https:\/\/www.ac-am.fr\/wp-content\/uploads\/2015\/10\/bd_ac_am.gif\",\"width\":370,\"height\":65,\"caption\":\"Autre Conscience, Autre Monde\"},\"image\":{\"@id\":\"https:\/\/www.ac-am.fr\/#\/schema\/logo\/image\/\"},\"sameAs\":[\"https:\/\/fr-fr.facebook.com\/claude.acam\/\",\"https:\/\/www.youtube.com\/user\/consciencemonde\"]},{\"@type\":\"Person\",\"@id\":\"https:\/\/www.ac-am.fr\/#\/schema\/person\/f6920100a1eee321181b2d8606edb6ee\",\"name\":\"Claude ACAM\",\"image\":{\"@type\":\"ImageObject\",\"inLanguage\":\"fr-FR\",\"@id\":\"https:\/\/www.ac-am.fr\/#\/schema\/person\/image\/\",\"url\":\"https:\/\/secure.gravatar.com\/avatar\/e09e4cf5d19c14eb87ca16e06420f2d1dfe3e8967072c4616fd0fdf3e8855650?s=96&d=identicon&r=g\",\"contentUrl\":\"https:\/\/secure.gravatar.com\/avatar\/e09e4cf5d19c14eb87ca16e06420f2d1dfe3e8967072c4616fd0fdf3e8855650?s=96&d=identicon&r=g\",\"caption\":\"Claude ACAM\"},\"sameAs\":[\"http:\/\/www.ac-am.fr\/\"],\"url\":\"https:\/\/www.ac-am.fr\/index.php\/author\/claude-b\/\"}]}<\/script>\n<!-- \/ Yoast SEO plugin. -->","yoast_head_json":{"title":"Terre, que nous pr\u00e9pares-tu ? - Autre Conscience, Autre Monde","robots":{"index":"index","follow":"follow","max-snippet":"max-snippet:-1","max-image-preview":"max-image-preview:large","max-video-preview":"max-video-preview:-1"},"canonical":"https:\/\/www.ac-am.fr\/index.php\/1998\/05\/08\/terre-que-nous-prepares-tu\/","og_locale":"fr_FR","og_type":"article","og_title":"Terre, que nous pr\u00e9pares-tu ? - Autre Conscience, Autre Monde","og_description":"Terre, que nous pr\u00e9pares-tu ? Je voudrais faire une remarque \u00e0 propos des s\u00e9rieux probl\u00e8mes...","og_url":"https:\/\/www.ac-am.fr\/index.php\/1998\/05\/08\/terre-que-nous-prepares-tu\/","og_site_name":"Autre Conscience, Autre Monde","article_publisher":"https:\/\/fr-fr.facebook.com\/claude.acam\/","article_published_time":"1998-05-08T16:00:36+00:00","article_modified_time":"2018-05-23T16:53:17+00:00","og_image":[{"url":"https:\/\/www.ac-am.fr\/wp-content\/uploads\/2015\/09\/barre_vt.gif","type":"","width":"","height":""}],"author":"Claude ACAM","twitter_card":"summary_large_image","twitter_misc":{"\u00c9crit par":"Claude ACAM","Dur\u00e9e de lecture estim\u00e9e":"2 minutes"},"schema":{"@context":"https:\/\/schema.org","@graph":[{"@type":"Article","@id":"https:\/\/www.ac-am.fr\/index.php\/1998\/05\/08\/terre-que-nous-prepares-tu\/#article","isPartOf":{"@id":"https:\/\/www.ac-am.fr\/index.php\/1998\/05\/08\/terre-que-nous-prepares-tu\/"},"author":{"name":"Claude ACAM","@id":"https:\/\/www.ac-am.fr\/#\/schema\/person\/f6920100a1eee321181b2d8606edb6ee"},"headline":"Terre, que nous pr\u00e9pares-tu ?","datePublished":"1998-05-08T16:00:36+00:00","dateModified":"2018-05-23T16:53:17+00:00","mainEntityOfPage":{"@id":"https:\/\/www.ac-am.fr\/index.php\/1998\/05\/08\/terre-que-nous-prepares-tu\/"},"wordCount":335,"commentCount":4,"publisher":{"@id":"https:\/\/www.ac-am.fr\/#organization"},"image":{"@id":"https:\/\/www.ac-am.fr\/index.php\/1998\/05\/08\/terre-que-nous-prepares-tu\/#primaryimage"},"thumbnailUrl":"https:\/\/www.ac-am.fr\/wp-content\/uploads\/2015\/09\/barre_vt.gif","articleSection":["1998 \u2013 3 R\u00c8GNES et aux \u00c9NERGIES"],"inLanguage":"fr-FR","potentialAction":[{"@type":"CommentAction","name":"Comment","target":["https:\/\/www.ac-am.fr\/index.php\/1998\/05\/08\/terre-que-nous-prepares-tu\/#respond"]}]},{"@type":"WebPage","@id":"https:\/\/www.ac-am.fr\/index.php\/1998\/05\/08\/terre-que-nous-prepares-tu\/","url":"https:\/\/www.ac-am.fr\/index.php\/1998\/05\/08\/terre-que-nous-prepares-tu\/","name":"Terre, que nous pr\u00e9pares-tu ? - Autre Conscience, Autre Monde","isPartOf":{"@id":"https:\/\/www.ac-am.fr\/#website"},"primaryImageOfPage":{"@id":"https:\/\/www.ac-am.fr\/index.php\/1998\/05\/08\/terre-que-nous-prepares-tu\/#primaryimage"},"image":{"@id":"https:\/\/www.ac-am.fr\/index.php\/1998\/05\/08\/terre-que-nous-prepares-tu\/#primaryimage"},"thumbnailUrl":"https:\/\/www.ac-am.fr\/wp-content\/uploads\/2015\/09\/barre_vt.gif","datePublished":"1998-05-08T16:00:36+00:00","dateModified":"2018-05-23T16:53:17+00:00","breadcrumb":{"@id":"https:\/\/www.ac-am.fr\/index.php\/1998\/05\/08\/terre-que-nous-prepares-tu\/#breadcrumb"},"inLanguage":"fr-FR","potentialAction":[{"@type":"ReadAction","target":["https:\/\/www.ac-am.fr\/index.php\/1998\/05\/08\/terre-que-nous-prepares-tu\/"]}]},{"@type":"ImageObject","inLanguage":"fr-FR","@id":"https:\/\/www.ac-am.fr\/index.php\/1998\/05\/08\/terre-que-nous-prepares-tu\/#primaryimage","url":"https:\/\/www.ac-am.fr\/wp-content\/uploads\/2015\/09\/barre_vt.gif","contentUrl":"https:\/\/www.ac-am.fr\/wp-content\/uploads\/2015\/09\/barre_vt.gif","width":550,"height":7,"caption":"Barre verte"},{"@type":"BreadcrumbList","@id":"https:\/\/www.ac-am.fr\/index.php\/1998\/05\/08\/terre-que-nous-prepares-tu\/#breadcrumb","itemListElement":[{"@type":"ListItem","position":1,"name":"Accueil","item":"https:\/\/www.ac-am.fr\/"},{"@type":"ListItem","position":2,"name":"Terre, que nous pr\u00e9pares-tu ?"}]},{"@type":"WebSite","@id":"https:\/\/www.ac-am.fr\/#website","url":"https:\/\/www.ac-am.fr\/","name":"Autre Conscience, Autre Monde","description":"","publisher":{"@id":"https:\/\/www.ac-am.fr\/#organization"},"potentialAction":[{"@type":"SearchAction","target":{"@type":"EntryPoint","urlTemplate":"https:\/\/www.ac-am.fr\/?s={search_term_string}"},"query-input":{"@type":"PropertyValueSpecification","valueRequired":true,"valueName":"search_term_string"}}],"inLanguage":"fr-FR"},{"@type":"Organization","@id":"https:\/\/www.ac-am.fr\/#organization","name":"Autre Conscience, Autre Monde","url":"https:\/\/www.ac-am.fr\/","logo":{"@type":"ImageObject","inLanguage":"fr-FR","@id":"https:\/\/www.ac-am.fr\/#\/schema\/logo\/image\/","url":"https:\/\/www.ac-am.fr\/wp-content\/uploads\/2015\/10\/bd_ac_am.gif","contentUrl":"https:\/\/www.ac-am.fr\/wp-content\/uploads\/2015\/10\/bd_ac_am.gif","width":370,"height":65,"caption":"Autre Conscience, Autre Monde"},"image":{"@id":"https:\/\/www.ac-am.fr\/#\/schema\/logo\/image\/"},"sameAs":["https:\/\/fr-fr.facebook.com\/claude.acam\/","https:\/\/www.youtube.com\/user\/consciencemonde"]},{"@type":"Person","@id":"https:\/\/www.ac-am.fr\/#\/schema\/person\/f6920100a1eee321181b2d8606edb6ee","name":"Claude ACAM","image":{"@type":"ImageObject","inLanguage":"fr-FR","@id":"https:\/\/www.ac-am.fr\/#\/schema\/person\/image\/","url":"https:\/\/secure.gravatar.com\/avatar\/e09e4cf5d19c14eb87ca16e06420f2d1dfe3e8967072c4616fd0fdf3e8855650?s=96&d=identicon&r=g","contentUrl":"https:\/\/secure.gravatar.com\/avatar\/e09e4cf5d19c14eb87ca16e06420f2d1dfe3e8967072c4616fd0fdf3e8855650?s=96&d=identicon&r=g","caption":"Claude ACAM"},"sameAs":["http:\/\/www.ac-am.fr\/"],"url":"https:\/\/www.ac-am.fr\/index.php\/author\/claude-b\/"}]}},"_links":{"self":[{"href":"https:\/\/www.ac-am.fr\/index.php\/wp-json\/wp\/v2\/posts\/741","targetHints":{"allow":["GET"]}}],"collection":[{"href":"https:\/\/www.ac-am.fr\/index.php\/wp-json\/wp\/v2\/posts"}],"about":[{"href":"https:\/\/www.ac-am.fr\/index.php\/wp-json\/wp\/v2\/types\/post"}],"author":[{"embeddable":true,"href":"https:\/\/www.ac-am.fr\/index.php\/wp-json\/wp\/v2\/users\/2"}],"replies":[{"embeddable":true,"href":"https:\/\/www.ac-am.fr\/index.php\/wp-json\/wp\/v2\/comments?post=741"}],"version-history":[{"count":10,"href":"https:\/\/www.ac-am.fr\/index.php\/wp-json\/wp\/v2\/posts\/741\/revisions"}],"predecessor-version":[{"id":4221,"href":"https:\/\/www.ac-am.fr\/index.php\/wp-json\/wp\/v2\/posts\/741\/revisions\/4221"}],"wp:attachment":[{"href":"https:\/\/www.ac-am.fr\/index.php\/wp-json\/wp\/v2\/media?parent=741"}],"wp:term":[{"taxonomy":"category","embeddable":true,"href":"https:\/\/www.ac-am.fr\/index.php\/wp-json\/wp\/v2\/categories?post=741"},{"taxonomy":"post_tag","embeddable":true,"href":"https:\/\/www.ac-am.fr\/index.php\/wp-json\/wp\/v2\/tags?post=741"}],"curies":[{"name":"wp","href":"https:\/\/api.w.org\/{rel}","templated":true}]}}