{"id":752,"date":"1998-05-18T20:35:15","date_gmt":"1998-05-18T19:35:15","guid":{"rendered":"https:\/\/www.ac-am.fr\/?p=752"},"modified":"2018-05-13T21:41:09","modified_gmt":"2018-05-13T20:41:09","slug":"courants-telluriques-et-desorientation-des-mammiferes","status":"publish","type":"post","link":"https:\/\/www.ac-am.fr\/index.php\/1998\/05\/18\/courants-telluriques-et-desorientation-des-mammiferes\/","title":{"rendered":"Courants telluriques et d\u00e9sorientation des mammif\u00e8res."},"content":{"rendered":"<div id=\"energies\" style=\"background-attachment: fixed; border: 2px solid #FF9900; border-radius : 10px; opacity: 0.90; width: 600px;\">\n<table class=\"aligncenter\" style=\"width: 600px;\" border=\"0\">\n<tbody>\n<tr>\n<td>\n<table class=\"aligncenter\" style=\"width: 567px; height: 190px;\" border=\"0\">\n<tbody>\n<tr>\n<td><img decoding=\"async\" class=\"aligncenter\" src=\"https:\/\/www.ac-am.fr\/wp-content\/uploads\/2015\/09\/barre_vt.gif\" alt=\"\" border=\"0\" \/><\/td>\n<\/tr>\n<tr>\n<td style=\"text-align: left;\"><img loading=\"lazy\" decoding=\"async\" src=\"https:\/\/www.ac-am.fr\/wp-content\/uploads\/2015\/09\/rete3re.gif\" alt=\"R\u00e9flexions et T\u00e9moignages\" width=\"380\" height=\"100\" border=\"0\" \/><img loading=\"lazy\" decoding=\"async\" src=\"https:\/\/www.ac-am.fr\/wp-content\/uploads\/2015\/10\/cal1998.gif\" alt=\"Ann\u00e9e 1998\" width=\"150\" height=\"100\" border=\"0\" \/><\/td>\n<\/tr>\n<tr>\n<td><img decoding=\"async\" class=\"aligncenter\" src=\"https:\/\/www.ac-am.fr\/wp-content\/uploads\/2015\/09\/barre_vt.gif\" alt=\"\" border=\"0\" \/><\/td>\n<\/tr>\n<\/tbody>\n<\/table>\n<table class=\"aligncenter\" style=\"width: 590px;\" border=\"0\">\n<tbody>\n<tr>\n<td><a name=\"Jean_Samuel01_3regnes_01\"><\/a><b class=\"ntitre1\">Courants telluriques et<br \/>\nd\u00e9sorientation des<br \/>\nmammif\u00e8res.<\/b><\/td>\n<\/tr>\n<tr>\n<td colspan=\"2\"><img decoding=\"async\" class=\"aligncenter\" src=\"https:\/\/www.ac-am.fr\/wp-content\/uploads\/2015\/09\/barre_vt.gif\" alt=\"\" border=\"0\" \/><\/td>\n<\/tr>\n<tr>\n<td style=\"text-align: left;\"><span class=\"gmoyen\"><img decoding=\"async\" src=\"https:\/\/www.ac-am.fr\/wp-content\/uploads\/2015\/09\/balle02.gif\" alt=\"\" border=\"0\" \/> Depuis un nombre, un grand nombre d&rsquo;ann\u00e9es; j&rsquo;ai par ma PETITE conscience, pris connaissance d&rsquo;un \u00e9v\u00e9nement particulier, plusieurs me diront co\u00efncidences, mais je les consid\u00e8re comme ph\u00e9nom\u00e8nes et sur plus d&rsquo;un plan ils se r\u00e9f\u00e8rent \u00e0 ton <a href=\"https:\/\/www.ac-am.fr\/index.php\/1998\/05\/08\/terre-que-nous-prepares-tu\/\">\u00e9nonc\u00e9<\/a>.<\/span><\/p>\n<p> <span class=\"gmoyen\"><img decoding=\"async\" src=\"https:\/\/www.ac-am.fr\/wp-content\/uploads\/2015\/09\/balle02.gif\" alt=\"\" border=\"0\" \/> Tu as certes, d\u00e9j\u00e0 entendu parler, vu dans les journaux ou encore dans un reportage de T. V. que des mammif\u00e8res marins se seraient \u00e9chou\u00e9s sur un rivage, quelque part dans le monde. Parfois seulement quelques uns, parfois un nombre important, m\u00eame en Floride il y a plusieurs ann\u00e9es, ils \u00e9taient plus d&rsquo;une centaine. Un effort extraordinaire avait \u00e9t\u00e9 d\u00e9ploy\u00e9 pour les remettre \u00e0 flot, mais plusieurs \u00e9taient revenus s&rsquo;\u00e9chouer \u00e0 nouveau.<\/span><\/p>\n<p> <span class=\"gmoyen\"><img decoding=\"async\" src=\"https:\/\/www.ac-am.fr\/wp-content\/uploads\/2015\/09\/balle02.gif\" alt=\"\" border=\"0\" \/> Dans la petite conscience de Jean S., il se forge\u00e2t une esp\u00e8ce de logique.<\/span><\/p>\n<p> <span class=\"gmoyen\"><img decoding=\"async\" src=\"https:\/\/www.ac-am.fr\/wp-content\/uploads\/2015\/09\/balle02.gif\" alt=\"\" border=\"0\" \/> Ces mammif\u00e8res, dit-on selon les biologistes, poss\u00e8dent une merveilleuse facult\u00e9 \u00ab\u00a0RADAR\u00a0\u00bb; comment donc peut-il se produire une d\u00e9faillance particuli\u00e8re dans un tel syst\u00e8me aussi \u00e9volu\u00e9 (qui n&rsquo;a pas \u00e0 subir de d\u00e9faillance \u00e9lectrique).<\/span><\/p>\n<p> <span class=\"gmoyen\"><img decoding=\"async\" src=\"https:\/\/www.ac-am.fr\/wp-content\/uploads\/2015\/09\/balle02.gif\" alt=\"\" border=\"0\" \/> Donc Jean Samuel, a pens\u00e9 (ayant un peu \u00e9tudi\u00e9 ce qu&rsquo;on appelle \u00ab\u00a0les courants telluriques\u00a0\u00bb) qu&rsquo;\u00e0 un moment donn\u00e9, les \u00e9nergies du cosmos (surtout dans les Oc\u00e9ans) auraient frapp\u00e9 une INTERSECTION de courants telluriques, causant par le fait m\u00eame un choc. Un choc suffisant pour d\u00e9traquer cette glande particuli\u00e8re que serait ce RADAR chez ces mammif\u00e8res; et de l\u00e0 ne poss\u00e9dant plus de direction, ils ne peuvent plus manoeuvrer ad\u00e9quatement leurs \u00ab\u00a0gouvernails\u00a0\u00bb. Ils s&rsquo;\u00e9chouent donc un peu partout, mais habituellement pas tr\u00e8s loin du POINT D&rsquo;IMPACT.<\/span><\/p>\n<p> <span class=\"gmoyen\"><img decoding=\"async\" src=\"https:\/\/www.ac-am.fr\/wp-content\/uploads\/2015\/09\/balle02.gif\" alt=\"\" border=\"0\" \/> Mais en quoi cela vient-il rejoindre une certaine importance, pour notre civilisation ?<\/span><\/p>\n<p> <span class=\"gmoyen\"><u>Voici :<\/u><\/span><br \/>\n <span class=\"gmoyen\"><img decoding=\"async\" src=\"https:\/\/www.ac-am.fr\/wp-content\/uploads\/2015\/09\/balle02.gif\" alt=\"\" border=\"0\" \/> Mon attention depuis de nombreuses ann\u00e9es, en consid\u00e9rant ce d\u00e9routage marin, fut attir\u00e9 par le fait que lorsque ces mammif\u00e8res s&rsquo;\u00e9cartent et souvent p\u00e9rissent, j&rsquo;ai remarqu\u00e9 qu&rsquo;apr\u00e8s un certain nombre de semaines, de jours ou de mois, le globe subissait une perturbation, une catastrophe NATURELLE, un Cataclysme.<\/span><\/p>\n<p> <span class=\"gmoyen\"><img decoding=\"async\" src=\"https:\/\/www.ac-am.fr\/wp-content\/uploads\/2015\/09\/balle02.gif\" alt=\"\" border=\"0\" \/> La plupart du temps aux antipodes, de l\u00e0 o\u00f9 a eu lieu l&rsquo;incident des mammif\u00e8res. Serait-ce un HASARD ? Serait-ce une co\u00efncidence ?<\/span><\/p>\n<p> <span class=\"gmoyen\"><img decoding=\"async\" src=\"https:\/\/www.ac-am.fr\/wp-content\/uploads\/2015\/09\/balle02.gif\" alt=\"\" border=\"0\" \/> Ce qui me surprend, vient plut\u00f4t du monde SCIENTIFIQUE. Il me semble qu&rsquo;une telle co\u00efncidence aurait d\u00fb \u00eatre not\u00e9e, tout au moins aper\u00e7ue par les tenants de la g\u00e9od\u00e9sie ! On s&rsquo;inqui\u00e8te tellement de pollution, de conservation de la nature. Enfin un jour, peut-\u00eatre !<\/span><\/p>\n<p> <span class=\"gmoyen\"><i>[<a href=\"https:\/\/www.ac-am.fr\/index.php\/contact-acam\/\">Jean Samuel G. le 18-05-98<\/a>]<\/i><\/span><a href=\"https:\/\/www.ac-am.fr\/index.php\/jean-samuel-g-pardon\/\" target=\"_self\"><img loading=\"lazy\" decoding=\"async\" src=\"https:\/\/www.ac-am.fr\/wp-content\/uploads\/2015\/10\/ecrits2.gif\" alt=\"\" width=\"50\" height=\"36\" border=\"0\" hspace=\"10\" \/><\/a><\/td>\n<\/tr>\n<\/tbody>\n<\/table>\n<\/td>\n<\/tr>\n<\/tbody>\n<\/table>\n<\/div>\n<div style=\"padding-bottom:20px; padding-top:10px;\" class=\"hupso-share-buttons\"><!-- Hupso Share Buttons - https:\/\/www.hupso.com\/share\/ --><a class=\"hupso_toolbar\" href=\"https:\/\/www.hupso.com\/share\/\"><img decoding=\"async\" src=\"https:\/\/static.hupso.com\/share\/buttons\/lang\/fr\/share.png\" style=\"border:0px; padding-top: 5px; float:left;\" alt=\"Share Button\"\/><\/a><script type=\"text\/javascript\">var hupso_services_t=new Array(\"Twitter\",\"Facebook\",\"Google Plus\");var hupso_background_t=\"#EAF4FF\";var hupso_border_t=\"#66CCFF\";var hupso_toolbar_size_t=\"big\";var hupso_image_folder_url = \"\";var hupso_url_t=\"\";var hupso_title_t=\"Courants%20telluriques%20et%20d%C3%A9sorientation%20des%20mammif%C3%A8res.\";<\/script><script type=\"text\/javascript\" src=\"https:\/\/static.hupso.com\/share\/js\/share_toolbar.js\"><\/script><!-- Hupso Share Buttons --><\/div>","protected":false},"excerpt":{"rendered":"<p>Courants telluriques et d\u00e9sorientation des mammif\u00e8res. Depuis un nombre, un grand nombre d&rsquo;ann\u00e9es; j&rsquo;ai par&#8230;<\/p>\n","protected":false},"author":4,"featured_media":0,"comment_status":"closed","ping_status":"open","sticky":false,"template":"","format":"standard","meta":{"footnotes":""},"categories":[12],"tags":[],"class_list":["post-752","post","type-post","status-publish","format-standard","hentry","category-1998-3-regnes-et-aux-energies"],"yoast_head":"<!-- This site is optimized with the Yoast SEO plugin v26.9 - https:\/\/yoast.com\/product\/yoast-seo-wordpress\/ -->\n<title>Courants telluriques et d\u00e9sorientation des mammif\u00e8res. - Autre Conscience, Autre Monde<\/title>\n<meta name=\"robots\" content=\"index, follow, max-snippet:-1, max-image-preview:large, max-video-preview:-1\" \/>\n<link rel=\"canonical\" href=\"https:\/\/www.ac-am.fr\/index.php\/1998\/05\/18\/courants-telluriques-et-desorientation-des-mammiferes\/\" \/>\n<meta property=\"og:locale\" content=\"fr_FR\" \/>\n<meta property=\"og:type\" content=\"article\" \/>\n<meta property=\"og:title\" content=\"Courants telluriques et d\u00e9sorientation des mammif\u00e8res. - Autre Conscience, Autre Monde\" \/>\n<meta property=\"og:description\" content=\"Courants telluriques et d\u00e9sorientation des mammif\u00e8res. Depuis un nombre, un grand nombre d&rsquo;ann\u00e9es; j&rsquo;ai par...\" \/>\n<meta property=\"og:url\" content=\"https:\/\/www.ac-am.fr\/index.php\/1998\/05\/18\/courants-telluriques-et-desorientation-des-mammiferes\/\" \/>\n<meta property=\"og:site_name\" content=\"Autre Conscience, Autre Monde\" \/>\n<meta property=\"article:publisher\" content=\"https:\/\/fr-fr.facebook.com\/claude.acam\/\" \/>\n<meta property=\"article:published_time\" content=\"1998-05-18T19:35:15+00:00\" \/>\n<meta property=\"article:modified_time\" content=\"2018-05-13T20:41:09+00:00\" \/>\n<meta property=\"og:image\" content=\"https:\/\/www.ac-am.fr\/wp-content\/uploads\/2015\/09\/barre_vt.gif\" \/>\n<meta name=\"author\" content=\"Jean-Samuel G.\" \/>\n<meta name=\"twitter:card\" content=\"summary_large_image\" \/>\n<meta name=\"twitter:label1\" content=\"\u00c9crit par\" \/>\n\t<meta name=\"twitter:data1\" content=\"Jean-Samuel G.\" \/>\n\t<meta name=\"twitter:label2\" content=\"Dur\u00e9e de lecture estim\u00e9e\" \/>\n\t<meta name=\"twitter:data2\" content=\"2 minutes\" \/>\n<script type=\"application\/ld+json\" class=\"yoast-schema-graph\">{\"@context\":\"https:\/\/schema.org\",\"@graph\":[{\"@type\":\"Article\",\"@id\":\"https:\/\/www.ac-am.fr\/index.php\/1998\/05\/18\/courants-telluriques-et-desorientation-des-mammiferes\/#article\",\"isPartOf\":{\"@id\":\"https:\/\/www.ac-am.fr\/index.php\/1998\/05\/18\/courants-telluriques-et-desorientation-des-mammiferes\/\"},\"author\":{\"name\":\"Jean-Samuel G.\",\"@id\":\"https:\/\/www.ac-am.fr\/#\/schema\/person\/8ba4336baa9f23867a7f37ed189bef96\"},\"headline\":\"Courants telluriques et d\u00e9sorientation des mammif\u00e8res.\",\"datePublished\":\"1998-05-18T19:35:15+00:00\",\"dateModified\":\"2018-05-13T20:41:09+00:00\",\"mainEntityOfPage\":{\"@id\":\"https:\/\/www.ac-am.fr\/index.php\/1998\/05\/18\/courants-telluriques-et-desorientation-des-mammiferes\/\"},\"wordCount\":447,\"publisher\":{\"@id\":\"https:\/\/www.ac-am.fr\/#organization\"},\"image\":{\"@id\":\"https:\/\/www.ac-am.fr\/index.php\/1998\/05\/18\/courants-telluriques-et-desorientation-des-mammiferes\/#primaryimage\"},\"thumbnailUrl\":\"https:\/\/www.ac-am.fr\/wp-content\/uploads\/2015\/09\/barre_vt.gif\",\"articleSection\":[\"1998 \u2013 3 R\u00c8GNES et aux \u00c9NERGIES\"],\"inLanguage\":\"fr-FR\"},{\"@type\":\"WebPage\",\"@id\":\"https:\/\/www.ac-am.fr\/index.php\/1998\/05\/18\/courants-telluriques-et-desorientation-des-mammiferes\/\",\"url\":\"https:\/\/www.ac-am.fr\/index.php\/1998\/05\/18\/courants-telluriques-et-desorientation-des-mammiferes\/\",\"name\":\"Courants telluriques et d\u00e9sorientation des mammif\u00e8res. - Autre Conscience, Autre Monde\",\"isPartOf\":{\"@id\":\"https:\/\/www.ac-am.fr\/#website\"},\"primaryImageOfPage\":{\"@id\":\"https:\/\/www.ac-am.fr\/index.php\/1998\/05\/18\/courants-telluriques-et-desorientation-des-mammiferes\/#primaryimage\"},\"image\":{\"@id\":\"https:\/\/www.ac-am.fr\/index.php\/1998\/05\/18\/courants-telluriques-et-desorientation-des-mammiferes\/#primaryimage\"},\"thumbnailUrl\":\"https:\/\/www.ac-am.fr\/wp-content\/uploads\/2015\/09\/barre_vt.gif\",\"datePublished\":\"1998-05-18T19:35:15+00:00\",\"dateModified\":\"2018-05-13T20:41:09+00:00\",\"breadcrumb\":{\"@id\":\"https:\/\/www.ac-am.fr\/index.php\/1998\/05\/18\/courants-telluriques-et-desorientation-des-mammiferes\/#breadcrumb\"},\"inLanguage\":\"fr-FR\",\"potentialAction\":[{\"@type\":\"ReadAction\",\"target\":[\"https:\/\/www.ac-am.fr\/index.php\/1998\/05\/18\/courants-telluriques-et-desorientation-des-mammiferes\/\"]}]},{\"@type\":\"ImageObject\",\"inLanguage\":\"fr-FR\",\"@id\":\"https:\/\/www.ac-am.fr\/index.php\/1998\/05\/18\/courants-telluriques-et-desorientation-des-mammiferes\/#primaryimage\",\"url\":\"https:\/\/www.ac-am.fr\/wp-content\/uploads\/2015\/09\/barre_vt.gif\",\"contentUrl\":\"https:\/\/www.ac-am.fr\/wp-content\/uploads\/2015\/09\/barre_vt.gif\",\"width\":550,\"height\":7,\"caption\":\"Barre verte\"},{\"@type\":\"BreadcrumbList\",\"@id\":\"https:\/\/www.ac-am.fr\/index.php\/1998\/05\/18\/courants-telluriques-et-desorientation-des-mammiferes\/#breadcrumb\",\"itemListElement\":[{\"@type\":\"ListItem\",\"position\":1,\"name\":\"Accueil\",\"item\":\"https:\/\/www.ac-am.fr\/\"},{\"@type\":\"ListItem\",\"position\":2,\"name\":\"Courants telluriques et d\u00e9sorientation des mammif\u00e8res.\"}]},{\"@type\":\"WebSite\",\"@id\":\"https:\/\/www.ac-am.fr\/#website\",\"url\":\"https:\/\/www.ac-am.fr\/\",\"name\":\"Autre Conscience, Autre Monde\",\"description\":\"\",\"publisher\":{\"@id\":\"https:\/\/www.ac-am.fr\/#organization\"},\"potentialAction\":[{\"@type\":\"SearchAction\",\"target\":{\"@type\":\"EntryPoint\",\"urlTemplate\":\"https:\/\/www.ac-am.fr\/?s={search_term_string}\"},\"query-input\":{\"@type\":\"PropertyValueSpecification\",\"valueRequired\":true,\"valueName\":\"search_term_string\"}}],\"inLanguage\":\"fr-FR\"},{\"@type\":\"Organization\",\"@id\":\"https:\/\/www.ac-am.fr\/#organization\",\"name\":\"Autre Conscience, Autre Monde\",\"url\":\"https:\/\/www.ac-am.fr\/\",\"logo\":{\"@type\":\"ImageObject\",\"inLanguage\":\"fr-FR\",\"@id\":\"https:\/\/www.ac-am.fr\/#\/schema\/logo\/image\/\",\"url\":\"https:\/\/www.ac-am.fr\/wp-content\/uploads\/2015\/10\/bd_ac_am.gif\",\"contentUrl\":\"https:\/\/www.ac-am.fr\/wp-content\/uploads\/2015\/10\/bd_ac_am.gif\",\"width\":370,\"height\":65,\"caption\":\"Autre Conscience, Autre Monde\"},\"image\":{\"@id\":\"https:\/\/www.ac-am.fr\/#\/schema\/logo\/image\/\"},\"sameAs\":[\"https:\/\/fr-fr.facebook.com\/claude.acam\/\",\"https:\/\/www.youtube.com\/user\/consciencemonde\"]},{\"@type\":\"Person\",\"@id\":\"https:\/\/www.ac-am.fr\/#\/schema\/person\/8ba4336baa9f23867a7f37ed189bef96\",\"name\":\"Jean-Samuel G.\",\"image\":{\"@type\":\"ImageObject\",\"inLanguage\":\"fr-FR\",\"@id\":\"https:\/\/www.ac-am.fr\/#\/schema\/person\/image\/\",\"url\":\"https:\/\/secure.gravatar.com\/avatar\/f2363bb60723dc8df83367598e801f39544f6ea45e89f440ded40fd90b76d38a?s=96&d=identicon&r=g\",\"contentUrl\":\"https:\/\/secure.gravatar.com\/avatar\/f2363bb60723dc8df83367598e801f39544f6ea45e89f440ded40fd90b76d38a?s=96&d=identicon&r=g\",\"caption\":\"Jean-Samuel G.\"},\"url\":\"https:\/\/www.ac-am.fr\/index.php\/author\/jean-samuel-g\/\"}]}<\/script>\n<!-- \/ Yoast SEO plugin. -->","yoast_head_json":{"title":"Courants telluriques et d\u00e9sorientation des mammif\u00e8res. - Autre Conscience, Autre Monde","robots":{"index":"index","follow":"follow","max-snippet":"max-snippet:-1","max-image-preview":"max-image-preview:large","max-video-preview":"max-video-preview:-1"},"canonical":"https:\/\/www.ac-am.fr\/index.php\/1998\/05\/18\/courants-telluriques-et-desorientation-des-mammiferes\/","og_locale":"fr_FR","og_type":"article","og_title":"Courants telluriques et d\u00e9sorientation des mammif\u00e8res. - Autre Conscience, Autre Monde","og_description":"Courants telluriques et d\u00e9sorientation des mammif\u00e8res. Depuis un nombre, un grand nombre d&rsquo;ann\u00e9es; j&rsquo;ai par...","og_url":"https:\/\/www.ac-am.fr\/index.php\/1998\/05\/18\/courants-telluriques-et-desorientation-des-mammiferes\/","og_site_name":"Autre Conscience, Autre Monde","article_publisher":"https:\/\/fr-fr.facebook.com\/claude.acam\/","article_published_time":"1998-05-18T19:35:15+00:00","article_modified_time":"2018-05-13T20:41:09+00:00","og_image":[{"url":"https:\/\/www.ac-am.fr\/wp-content\/uploads\/2015\/09\/barre_vt.gif","type":"","width":"","height":""}],"author":"Jean-Samuel G.","twitter_card":"summary_large_image","twitter_misc":{"\u00c9crit par":"Jean-Samuel G.","Dur\u00e9e de lecture estim\u00e9e":"2 minutes"},"schema":{"@context":"https:\/\/schema.org","@graph":[{"@type":"Article","@id":"https:\/\/www.ac-am.fr\/index.php\/1998\/05\/18\/courants-telluriques-et-desorientation-des-mammiferes\/#article","isPartOf":{"@id":"https:\/\/www.ac-am.fr\/index.php\/1998\/05\/18\/courants-telluriques-et-desorientation-des-mammiferes\/"},"author":{"name":"Jean-Samuel G.","@id":"https:\/\/www.ac-am.fr\/#\/schema\/person\/8ba4336baa9f23867a7f37ed189bef96"},"headline":"Courants telluriques et d\u00e9sorientation des mammif\u00e8res.","datePublished":"1998-05-18T19:35:15+00:00","dateModified":"2018-05-13T20:41:09+00:00","mainEntityOfPage":{"@id":"https:\/\/www.ac-am.fr\/index.php\/1998\/05\/18\/courants-telluriques-et-desorientation-des-mammiferes\/"},"wordCount":447,"publisher":{"@id":"https:\/\/www.ac-am.fr\/#organization"},"image":{"@id":"https:\/\/www.ac-am.fr\/index.php\/1998\/05\/18\/courants-telluriques-et-desorientation-des-mammiferes\/#primaryimage"},"thumbnailUrl":"https:\/\/www.ac-am.fr\/wp-content\/uploads\/2015\/09\/barre_vt.gif","articleSection":["1998 \u2013 3 R\u00c8GNES et aux \u00c9NERGIES"],"inLanguage":"fr-FR"},{"@type":"WebPage","@id":"https:\/\/www.ac-am.fr\/index.php\/1998\/05\/18\/courants-telluriques-et-desorientation-des-mammiferes\/","url":"https:\/\/www.ac-am.fr\/index.php\/1998\/05\/18\/courants-telluriques-et-desorientation-des-mammiferes\/","name":"Courants telluriques et d\u00e9sorientation des mammif\u00e8res. - Autre Conscience, Autre Monde","isPartOf":{"@id":"https:\/\/www.ac-am.fr\/#website"},"primaryImageOfPage":{"@id":"https:\/\/www.ac-am.fr\/index.php\/1998\/05\/18\/courants-telluriques-et-desorientation-des-mammiferes\/#primaryimage"},"image":{"@id":"https:\/\/www.ac-am.fr\/index.php\/1998\/05\/18\/courants-telluriques-et-desorientation-des-mammiferes\/#primaryimage"},"thumbnailUrl":"https:\/\/www.ac-am.fr\/wp-content\/uploads\/2015\/09\/barre_vt.gif","datePublished":"1998-05-18T19:35:15+00:00","dateModified":"2018-05-13T20:41:09+00:00","breadcrumb":{"@id":"https:\/\/www.ac-am.fr\/index.php\/1998\/05\/18\/courants-telluriques-et-desorientation-des-mammiferes\/#breadcrumb"},"inLanguage":"fr-FR","potentialAction":[{"@type":"ReadAction","target":["https:\/\/www.ac-am.fr\/index.php\/1998\/05\/18\/courants-telluriques-et-desorientation-des-mammiferes\/"]}]},{"@type":"ImageObject","inLanguage":"fr-FR","@id":"https:\/\/www.ac-am.fr\/index.php\/1998\/05\/18\/courants-telluriques-et-desorientation-des-mammiferes\/#primaryimage","url":"https:\/\/www.ac-am.fr\/wp-content\/uploads\/2015\/09\/barre_vt.gif","contentUrl":"https:\/\/www.ac-am.fr\/wp-content\/uploads\/2015\/09\/barre_vt.gif","width":550,"height":7,"caption":"Barre verte"},{"@type":"BreadcrumbList","@id":"https:\/\/www.ac-am.fr\/index.php\/1998\/05\/18\/courants-telluriques-et-desorientation-des-mammiferes\/#breadcrumb","itemListElement":[{"@type":"ListItem","position":1,"name":"Accueil","item":"https:\/\/www.ac-am.fr\/"},{"@type":"ListItem","position":2,"name":"Courants telluriques et d\u00e9sorientation des mammif\u00e8res."}]},{"@type":"WebSite","@id":"https:\/\/www.ac-am.fr\/#website","url":"https:\/\/www.ac-am.fr\/","name":"Autre Conscience, Autre Monde","description":"","publisher":{"@id":"https:\/\/www.ac-am.fr\/#organization"},"potentialAction":[{"@type":"SearchAction","target":{"@type":"EntryPoint","urlTemplate":"https:\/\/www.ac-am.fr\/?s={search_term_string}"},"query-input":{"@type":"PropertyValueSpecification","valueRequired":true,"valueName":"search_term_string"}}],"inLanguage":"fr-FR"},{"@type":"Organization","@id":"https:\/\/www.ac-am.fr\/#organization","name":"Autre Conscience, Autre Monde","url":"https:\/\/www.ac-am.fr\/","logo":{"@type":"ImageObject","inLanguage":"fr-FR","@id":"https:\/\/www.ac-am.fr\/#\/schema\/logo\/image\/","url":"https:\/\/www.ac-am.fr\/wp-content\/uploads\/2015\/10\/bd_ac_am.gif","contentUrl":"https:\/\/www.ac-am.fr\/wp-content\/uploads\/2015\/10\/bd_ac_am.gif","width":370,"height":65,"caption":"Autre Conscience, Autre Monde"},"image":{"@id":"https:\/\/www.ac-am.fr\/#\/schema\/logo\/image\/"},"sameAs":["https:\/\/fr-fr.facebook.com\/claude.acam\/","https:\/\/www.youtube.com\/user\/consciencemonde"]},{"@type":"Person","@id":"https:\/\/www.ac-am.fr\/#\/schema\/person\/8ba4336baa9f23867a7f37ed189bef96","name":"Jean-Samuel G.","image":{"@type":"ImageObject","inLanguage":"fr-FR","@id":"https:\/\/www.ac-am.fr\/#\/schema\/person\/image\/","url":"https:\/\/secure.gravatar.com\/avatar\/f2363bb60723dc8df83367598e801f39544f6ea45e89f440ded40fd90b76d38a?s=96&d=identicon&r=g","contentUrl":"https:\/\/secure.gravatar.com\/avatar\/f2363bb60723dc8df83367598e801f39544f6ea45e89f440ded40fd90b76d38a?s=96&d=identicon&r=g","caption":"Jean-Samuel G."},"url":"https:\/\/www.ac-am.fr\/index.php\/author\/jean-samuel-g\/"}]}},"_links":{"self":[{"href":"https:\/\/www.ac-am.fr\/index.php\/wp-json\/wp\/v2\/posts\/752","targetHints":{"allow":["GET"]}}],"collection":[{"href":"https:\/\/www.ac-am.fr\/index.php\/wp-json\/wp\/v2\/posts"}],"about":[{"href":"https:\/\/www.ac-am.fr\/index.php\/wp-json\/wp\/v2\/types\/post"}],"author":[{"embeddable":true,"href":"https:\/\/www.ac-am.fr\/index.php\/wp-json\/wp\/v2\/users\/4"}],"replies":[{"embeddable":true,"href":"https:\/\/www.ac-am.fr\/index.php\/wp-json\/wp\/v2\/comments?post=752"}],"version-history":[{"count":11,"href":"https:\/\/www.ac-am.fr\/index.php\/wp-json\/wp\/v2\/posts\/752\/revisions"}],"predecessor-version":[{"id":4223,"href":"https:\/\/www.ac-am.fr\/index.php\/wp-json\/wp\/v2\/posts\/752\/revisions\/4223"}],"wp:attachment":[{"href":"https:\/\/www.ac-am.fr\/index.php\/wp-json\/wp\/v2\/media?parent=752"}],"wp:term":[{"taxonomy":"category","embeddable":true,"href":"https:\/\/www.ac-am.fr\/index.php\/wp-json\/wp\/v2\/categories?post=752"},{"taxonomy":"post_tag","embeddable":true,"href":"https:\/\/www.ac-am.fr\/index.php\/wp-json\/wp\/v2\/tags?post=752"}],"curies":[{"name":"wp","href":"https:\/\/api.w.org\/{rel}","templated":true}]}}