{"id":859,"date":"2002-05-26T23:32:55","date_gmt":"2002-05-26T22:32:55","guid":{"rendered":"https:\/\/www.ac-am.fr\/?p=859"},"modified":"2015-11-13T18:55:39","modified_gmt":"2015-11-13T17:55:39","slug":"notre-futur-se-dessine-t-il-maintenant","status":"publish","type":"post","link":"https:\/\/www.ac-am.fr\/index.php\/2002\/05\/26\/notre-futur-se-dessine-t-il-maintenant\/","title":{"rendered":"Notre futur se dessine-t-il maintenant ?"},"content":{"rendered":"<div id=\"energies\" style=\"background-attachment: fixed; border: 2px solid #FF9900; border-radius: 10px; opacity: 0.90;\">\n<table class=\"aligncenter\" style=\"width: 600px;\" border=\"0\">\n<tbody>\n<tr>\n<td>\n<table class=\"aligncenter\" style=\"width: 567px; height: 190px;\" border=\"0\">\n<tbody>\n<tr>\n<td><img decoding=\"async\" class=\"aligncenter\" src=\"http:\/\/www.ac-am.fr\/wp-content\/uploads\/2015\/09\/barre_vt.gif\" alt=\"\" border=\"0\" \/><\/td>\n<\/tr>\n<tr>\n<td style=\"text-align: left;\"><img loading=\"lazy\" decoding=\"async\" src=\"http:\/\/www.ac-am.fr\/wp-content\/uploads\/2015\/09\/rete3re.gif\" alt=\"R\u00e9flexions et T\u00e9moignages\" width=\"380\" height=\"100\" border=\"0\" \/><img loading=\"lazy\" decoding=\"async\" src=\"http:\/\/www.ac-am.fr\/wp-content\/uploads\/2015\/10\/cal2002.gif\" alt=\"Ann\u00e9e 2002\" width=\"150\" height=\"100\" border=\"0\" \/><\/td>\n<\/tr>\n<tr>\n<td><img decoding=\"async\" class=\"aligncenter\" src=\"http:\/\/www.ac-am.fr\/wp-content\/uploads\/2015\/09\/barre_vt.gif\" alt=\"\" border=\"0\" \/><\/td>\n<\/tr>\n<\/tbody>\n<\/table>\n<table class=\"aligncenter\" style=\"width: 590px;\" border=\"0\">\n<tbody>\n<tr>\n<td><a name=\"Claude01B_3regnes_01\"><\/a><b class=\"ntitre1\">Notre futur se dessine-t-il maintenant ?<\/b><\/td>\n<\/tr>\n<tr>\n<td colspan=\"2\"><img decoding=\"async\" class=\"aligncenter\" src=\"http:\/\/www.ac-am.fr\/wp-content\/uploads\/2015\/09\/barre_vt.gif\" alt=\"\" border=\"0\" \/><\/td>\n<\/tr>\n<tr>\n<td style=\"text-align: left;\"><span class=\"gmoyen\"><img decoding=\"async\" src=\"http:\/\/www.ac-am.fr\/wp-content\/uploads\/2015\/09\/balle02.gif\" alt=\"\" border=\"0\" \/> Il y a environ deux mois sur la radio France Info, j&rsquo;ai entendu parl\u00e9 d&rsquo;un m\u00e9t\u00e9ore de 300m de long qui est pass\u00e9 \u00e0 environ 800 000 Km de la Terre soit 2,67 fois la distance Terre-Lune. Les m\u00e9dias sont rest\u00e9s silencieux\u2026 Il y a environ un mois et demi, une plaque de glace grande comme la Corse s&rsquo;est d\u00e9tach\u00e9e du p\u00f4le Nord. TF1 a montr\u00e9e une photo satellite, France Info en a parl\u00e9 un peu plus longtemps.<\/span><\/p>\n<p> <span class=\"gmoyen\"><img decoding=\"async\" src=\"http:\/\/www.ac-am.fr\/wp-content\/uploads\/2015\/09\/balle02.gif\" alt=\"\" border=\"0\" \/> Il y a environ un mois, toujours sur France Info, les scientifiques s&rsquo;inqui\u00e8tent du d\u00e9placement plus rapide que la normale des p\u00f4les magn\u00e9tiques de la Plan\u00e8te\u2026 Silence complet de la part des m\u00e9dias\u2026<\/span><\/p>\n<p> <span class=\"gmoyen\"><img decoding=\"async\" src=\"http:\/\/www.ac-am.fr\/wp-content\/uploads\/2015\/09\/balle02.gif\" alt=\"\" border=\"0\" \/> Enfin, il y a trois semaines, un autre bloc de la banquise du p\u00f4le Nord (aussi gros qu&rsquo;un canton) se d\u00e9tachait de nouveau, dixie France Info\u2026<\/span><\/p>\n<p> <span class=\"gmoyen\"><img decoding=\"async\" src=\"http:\/\/www.ac-am.fr\/wp-content\/uploads\/2015\/09\/balle02.gif\" alt=\"\" border=\"0\" \/> Je vous parle de cela, pourquoi ? tout simplement \u00e0 cause d&rsquo;un <a href=\"ecrits\/kraspedo.htm\" target=\"_self\">contact OVNI vieux de 50 ans<\/a>, qui parle de cette \u00e9ventualit\u00e9, \u00e9tonnant n&rsquo;est-ce pas ? Jugez par vous m\u00eame\u2026<\/span><\/p>\n<p> <span class=\"gmoyen\" style=\"color: #e4ead6;\">\u2026\u2026\u2026\u2026\u2026\u2026\u2026\u2026\u2026\u2026<\/span><\/p>\n<p> <span class=\"gmoyen\" style=\"color: #e4ead6;\">-\u00ab\u00a0Ce qui veut dire, en fait, que l&rsquo;inclinaison axiale ne subit aucune variation annuelle ?\u00a0\u00bb<\/span><\/p>\n<p> <span class=\"gmoyen\" style=\"color: #e4ead6;\">-\u00ab\u00a0Il n&rsquo;y en a pas actuellement, mais elle pourrait se produire et ce serait se comparer \u00e0 un tel bouleversement dans vos temps modernes. C&rsquo;est d\u00e9j\u00e0 arriv\u00e9 dans l&rsquo;histoire de la TERRE, et plusieurs continents sont devenus le fond des oc\u00e9ans. Je vais vous r\u00e9v\u00e9ler comment elle pourrait se reproduire. Le P\u00f4le NORD et le p\u00f4le SUD sont couverts de glaces. Tous les tests atomiques ont lieu dans l&rsquo;h\u00e9misph\u00e8re bor\u00e9ale, et il s&rsquo;ensuit que les \u00e9l\u00e9ments radio-actifs (ou poussi\u00e8res atomiques, si vous voulez), retombent au P\u00f4le NORD plut\u00f4t qu&rsquo;au P\u00f4le SUD; il est bien connu que la radio-activit\u00e9 repousse le magn\u00e9tisme; aussi ces retomb\u00e9es radio-actives au P\u00f4le NORD provoqueront une \u00e9l\u00e9vation de la temp\u00e9rature, sous l&rsquo;influence du champ magn\u00e9tique qui s&rsquo;y trouve. Par r\u00e9action logique, la calotte glaciaire fondra, r\u00e9duisant consid\u00e9rablement la masse du p\u00f4le NORD. Les eaux en provenance de cette fonte iront se perdre dans les oc\u00e9ans. Cette r\u00e9duction de la masse du P\u00f4le NORD, affectera la quantit\u00e9 de force centrifuge qui s&rsquo;y d\u00e9veloppe, faisant ainsi varier l&rsquo;inclinaison de l&rsquo;axe de la TERRE. Quand ceci se produira, des terres \u00e9mergeront dans les oc\u00e9ans PACIFIQUES et ATLANTIQUE. L&rsquo;\u00e9mergence de ces nouvelles terres changera le niveau des oc\u00e9ans, provoquant la submersion des basses terres, Les courants actuels des oc\u00e9ans seront aussi chang\u00e9s, donnant lieu \u00e0 des conditions climatiques diff\u00e9rentes de celles d&rsquo;aujourd&rsquo;hui.\u00a0\u00bb<\/span><\/p>\n<p> <span class=\"gmoyen\" style=\"color: #e4ead6;\">-\u00ab\u00a0Pourquoi ces nouvelles terres \u00e9mergeront-elles ?\u00a0\u00bb<\/span><\/p>\n<p> <span class=\"gmoyen\" style=\"color: #e4ead6;\">-\u00ab\u00a0Je vous ai d\u00e9j\u00e0 dit qu&rsquo;une plan\u00e8te est un organisme d\u00e9licat. Un changement en produit d&rsquo;autres dans son sillage. M\u00eame les conditions biologiques peuvent en \u00eatre affect\u00e9es. Ce changement dans la masse du P\u00f4le NORD produira une r\u00e9duction de l&rsquo;angle d&rsquo;inclinaison de l&rsquo;axe terrestre. C&rsquo;est la rotation de la Terre qui engendre la force centrifuge formant les continents. L&rsquo;angle actuel de 23\u00b0 est responsable des terres existant dans l&rsquo;h\u00e9misph\u00e8re bor\u00e9ale. Si cet angle est alt\u00e9r\u00e9, des terres appara\u00eetront alors en d&rsquo;autres lieux, et d&rsquo;autres terres seront submerg\u00e9es jusqu&rsquo;au temps o\u00f9 l&rsquo;\u00e9quilibre aura \u00e9t\u00e9 r\u00e9tabli. Quelques continents r\u00e9appara\u00eetront. Le niveau moyen des continents sera alors l\u00e9g\u00e8rement plus bas, mais il n&rsquo;y aura pas de cataclysme mondial.\u00a0\u00bb<\/span><\/p>\n<p> <span class=\"gmoyen\" style=\"color: #e4ead6;\">-\u00ab\u00a0Ces changements se feront assez lentement, je suppose ?\u00a0\u00bb<\/span><\/p>\n<p> <span class=\"gmoyen\" style=\"color: #e4ead6;\">-\u00ab\u00a0Ce processus sera lent jusqu&rsquo;au moment o\u00f9 le P\u00f4le NORD atteindra une temp\u00e9rature assez \u00e9lev\u00e9e pour provoquer un d\u00e9gel g\u00e9n\u00e9ral; et alors, ils pourront se produire en une nuit. Je crois que cela pourra se produire dans un temps tr\u00e8s proche. Vous en aurez la connaissance par un tremblement de terre si violent qu&rsquo;il \u00e9branlera la TERRE jusque dans ces fondations. Des villes tomberont en ruines et de grandes failles appara\u00eetront \u00e0 la surface de la TERRE. Les effets en seraient catastrophiques. Le seul avis que je puisse vous donner serait que vous essayiez au moins, d&rsquo;\u00e9quilibrer la radio-activit\u00e9 aux p\u00f4les, pour qu&rsquo;il s&rsquo;y produise un d\u00e9gel \u00e9gal, emp\u00eachant ainsi un d\u00e9s\u00e9quilibre f\u00e2cheux dans leurs masses, et toute variation dans le mouvement en spirale de la Terre.\u00a0\u00bb<\/span><\/p>\n<p> <span class=\"gmoyen\" style=\"color: #e4ead6;\">-\u00ab\u00a0Si vous remarquez que les oc\u00e9ans de l&rsquo;h\u00e9misph\u00e8re bor\u00e9ale se r\u00e9chauffent anormalement, ou encore que les courants oc\u00e9aniques se d\u00e9placent irr\u00e9guli\u00e8rement cessez de faire exploser des bombes atomiques dans l&rsquo;h\u00e9misph\u00e8re bor\u00e9ale! SOYEZ RAISONNABLES, AU MOINS !\u2026\u2026\u00a0\u00bb<\/span><\/p>\n<p> <span class=\"gmoyen\" style=\"color: #e4ead6;\"><span style=\"color: #e4ead6;\">\u2026\u2026\u2026\u2026\u2026\u2026\u2026\u2026\u2026\u2026<\/span><\/p>\n<p> <span class=\"gmoyen\"><img decoding=\"async\" src=\"http:\/\/www.ac-am.fr\/wp-content\/uploads\/2015\/09\/balle02.gif\" alt=\"\" border=\"0\" \/> En conclusion, l&rsquo;on peut se demander pourquoi sommes-nous si peu inform\u00e9 sur <a href=\"histo02.htm#Article02\" target=\"_self\">notre devenir<\/a>. Y aurait-il une loi du silence mondiale ?<\/span><\/p>\n<p> <span class=\"gmoyen\"><i>[<a href=\"boites.htm#Claude01\">Claude B. le 26-05-02<\/a>]<\/i><\/span><\/span><\/td>\n<\/tr>\n<\/tbody>\n<\/table>\n<\/td>\n<\/tr>\n<\/tbody>\n<\/table>\n<\/div>\n<div style=\"padding-bottom:20px; padding-top:10px;\" class=\"hupso-share-buttons\"><!-- Hupso Share Buttons - https:\/\/www.hupso.com\/share\/ --><a class=\"hupso_toolbar\" href=\"https:\/\/www.hupso.com\/share\/\"><img decoding=\"async\" src=\"https:\/\/static.hupso.com\/share\/buttons\/lang\/fr\/share.png\" style=\"border:0px; padding-top: 5px; float:left;\" alt=\"Share Button\"\/><\/a><script type=\"text\/javascript\">var hupso_services_t=new Array(\"Twitter\",\"Facebook\",\"Google Plus\");var hupso_background_t=\"#EAF4FF\";var hupso_border_t=\"#66CCFF\";var hupso_toolbar_size_t=\"big\";var hupso_image_folder_url = \"\";var hupso_url_t=\"\";var hupso_title_t=\"Notre%20futur%20se%20dessine-t-il%20maintenant%20%3F\";<\/script><script type=\"text\/javascript\" src=\"https:\/\/static.hupso.com\/share\/js\/share_toolbar.js\"><\/script><!-- Hupso Share Buttons --><\/div>","protected":false},"excerpt":{"rendered":"<p>Notre futur se dessine-t-il maintenant ? Il y a environ deux mois sur la radio&#8230;<\/p>\n","protected":false},"author":2,"featured_media":0,"comment_status":"closed","ping_status":"open","sticky":false,"template":"","format":"standard","meta":{"footnotes":""},"categories":[16],"tags":[],"class_list":["post-859","post","type-post","status-publish","format-standard","hentry","category-2002-3-regnes-et-aux-energies"],"yoast_head":"<!-- This site is optimized with the Yoast SEO plugin v26.9 - https:\/\/yoast.com\/product\/yoast-seo-wordpress\/ -->\n<title>Notre futur se dessine-t-il maintenant ? - Autre Conscience, Autre Monde<\/title>\n<meta name=\"robots\" content=\"index, follow, max-snippet:-1, max-image-preview:large, max-video-preview:-1\" \/>\n<link rel=\"canonical\" href=\"https:\/\/www.ac-am.fr\/index.php\/2002\/05\/26\/notre-futur-se-dessine-t-il-maintenant\/\" \/>\n<meta property=\"og:locale\" content=\"fr_FR\" \/>\n<meta property=\"og:type\" content=\"article\" \/>\n<meta property=\"og:title\" content=\"Notre futur se dessine-t-il maintenant ? - Autre Conscience, Autre Monde\" \/>\n<meta property=\"og:description\" content=\"Notre futur se dessine-t-il maintenant ? Il y a environ deux mois sur la radio...\" \/>\n<meta property=\"og:url\" content=\"https:\/\/www.ac-am.fr\/index.php\/2002\/05\/26\/notre-futur-se-dessine-t-il-maintenant\/\" \/>\n<meta property=\"og:site_name\" content=\"Autre Conscience, Autre Monde\" \/>\n<meta property=\"article:publisher\" content=\"https:\/\/fr-fr.facebook.com\/claude.acam\/\" \/>\n<meta property=\"article:published_time\" content=\"2002-05-26T22:32:55+00:00\" \/>\n<meta property=\"article:modified_time\" content=\"2015-11-13T17:55:39+00:00\" \/>\n<meta property=\"og:image\" content=\"http:\/\/www.ac-am.fr\/wp-content\/uploads\/2015\/09\/barre_vt.gif\" \/>\n<meta name=\"author\" content=\"Claude ACAM\" \/>\n<meta name=\"twitter:card\" content=\"summary_large_image\" \/>\n<meta name=\"twitter:label1\" content=\"\u00c9crit par\" \/>\n\t<meta name=\"twitter:data1\" content=\"Claude ACAM\" \/>\n\t<meta name=\"twitter:label2\" content=\"Dur\u00e9e de lecture estim\u00e9e\" \/>\n\t<meta name=\"twitter:data2\" content=\"4 minutes\" \/>\n<script type=\"application\/ld+json\" class=\"yoast-schema-graph\">{\"@context\":\"https:\/\/schema.org\",\"@graph\":[{\"@type\":\"Article\",\"@id\":\"https:\/\/www.ac-am.fr\/index.php\/2002\/05\/26\/notre-futur-se-dessine-t-il-maintenant\/#article\",\"isPartOf\":{\"@id\":\"https:\/\/www.ac-am.fr\/index.php\/2002\/05\/26\/notre-futur-se-dessine-t-il-maintenant\/\"},\"author\":{\"name\":\"Claude ACAM\",\"@id\":\"https:\/\/www.ac-am.fr\/#\/schema\/person\/f6920100a1eee321181b2d8606edb6ee\"},\"headline\":\"Notre futur se dessine-t-il maintenant ?\",\"datePublished\":\"2002-05-26T22:32:55+00:00\",\"dateModified\":\"2015-11-13T17:55:39+00:00\",\"mainEntityOfPage\":{\"@id\":\"https:\/\/www.ac-am.fr\/index.php\/2002\/05\/26\/notre-futur-se-dessine-t-il-maintenant\/\"},\"wordCount\":862,\"publisher\":{\"@id\":\"https:\/\/www.ac-am.fr\/#organization\"},\"image\":{\"@id\":\"https:\/\/www.ac-am.fr\/index.php\/2002\/05\/26\/notre-futur-se-dessine-t-il-maintenant\/#primaryimage\"},\"thumbnailUrl\":\"http:\/\/www.ac-am.fr\/wp-content\/uploads\/2015\/09\/barre_vt.gif\",\"articleSection\":[\"2002 \u2013 3 R\u00c8GNES et aux \u00c9NERGIES\"],\"inLanguage\":\"fr-FR\"},{\"@type\":\"WebPage\",\"@id\":\"https:\/\/www.ac-am.fr\/index.php\/2002\/05\/26\/notre-futur-se-dessine-t-il-maintenant\/\",\"url\":\"https:\/\/www.ac-am.fr\/index.php\/2002\/05\/26\/notre-futur-se-dessine-t-il-maintenant\/\",\"name\":\"Notre futur se dessine-t-il maintenant ? - Autre Conscience, Autre Monde\",\"isPartOf\":{\"@id\":\"https:\/\/www.ac-am.fr\/#website\"},\"primaryImageOfPage\":{\"@id\":\"https:\/\/www.ac-am.fr\/index.php\/2002\/05\/26\/notre-futur-se-dessine-t-il-maintenant\/#primaryimage\"},\"image\":{\"@id\":\"https:\/\/www.ac-am.fr\/index.php\/2002\/05\/26\/notre-futur-se-dessine-t-il-maintenant\/#primaryimage\"},\"thumbnailUrl\":\"http:\/\/www.ac-am.fr\/wp-content\/uploads\/2015\/09\/barre_vt.gif\",\"datePublished\":\"2002-05-26T22:32:55+00:00\",\"dateModified\":\"2015-11-13T17:55:39+00:00\",\"breadcrumb\":{\"@id\":\"https:\/\/www.ac-am.fr\/index.php\/2002\/05\/26\/notre-futur-se-dessine-t-il-maintenant\/#breadcrumb\"},\"inLanguage\":\"fr-FR\",\"potentialAction\":[{\"@type\":\"ReadAction\",\"target\":[\"https:\/\/www.ac-am.fr\/index.php\/2002\/05\/26\/notre-futur-se-dessine-t-il-maintenant\/\"]}]},{\"@type\":\"ImageObject\",\"inLanguage\":\"fr-FR\",\"@id\":\"https:\/\/www.ac-am.fr\/index.php\/2002\/05\/26\/notre-futur-se-dessine-t-il-maintenant\/#primaryimage\",\"url\":\"https:\/\/www.ac-am.fr\/wp-content\/uploads\/2015\/09\/barre_vt.gif\",\"contentUrl\":\"https:\/\/www.ac-am.fr\/wp-content\/uploads\/2015\/09\/barre_vt.gif\",\"width\":550,\"height\":7,\"caption\":\"Barre verte\"},{\"@type\":\"BreadcrumbList\",\"@id\":\"https:\/\/www.ac-am.fr\/index.php\/2002\/05\/26\/notre-futur-se-dessine-t-il-maintenant\/#breadcrumb\",\"itemListElement\":[{\"@type\":\"ListItem\",\"position\":1,\"name\":\"Accueil\",\"item\":\"https:\/\/www.ac-am.fr\/\"},{\"@type\":\"ListItem\",\"position\":2,\"name\":\"Notre futur se dessine-t-il maintenant ?\"}]},{\"@type\":\"WebSite\",\"@id\":\"https:\/\/www.ac-am.fr\/#website\",\"url\":\"https:\/\/www.ac-am.fr\/\",\"name\":\"Autre Conscience, Autre Monde\",\"description\":\"\",\"publisher\":{\"@id\":\"https:\/\/www.ac-am.fr\/#organization\"},\"potentialAction\":[{\"@type\":\"SearchAction\",\"target\":{\"@type\":\"EntryPoint\",\"urlTemplate\":\"https:\/\/www.ac-am.fr\/?s={search_term_string}\"},\"query-input\":{\"@type\":\"PropertyValueSpecification\",\"valueRequired\":true,\"valueName\":\"search_term_string\"}}],\"inLanguage\":\"fr-FR\"},{\"@type\":\"Organization\",\"@id\":\"https:\/\/www.ac-am.fr\/#organization\",\"name\":\"Autre Conscience, Autre Monde\",\"url\":\"https:\/\/www.ac-am.fr\/\",\"logo\":{\"@type\":\"ImageObject\",\"inLanguage\":\"fr-FR\",\"@id\":\"https:\/\/www.ac-am.fr\/#\/schema\/logo\/image\/\",\"url\":\"https:\/\/www.ac-am.fr\/wp-content\/uploads\/2015\/10\/bd_ac_am.gif\",\"contentUrl\":\"https:\/\/www.ac-am.fr\/wp-content\/uploads\/2015\/10\/bd_ac_am.gif\",\"width\":370,\"height\":65,\"caption\":\"Autre Conscience, Autre Monde\"},\"image\":{\"@id\":\"https:\/\/www.ac-am.fr\/#\/schema\/logo\/image\/\"},\"sameAs\":[\"https:\/\/fr-fr.facebook.com\/claude.acam\/\",\"https:\/\/www.youtube.com\/user\/consciencemonde\"]},{\"@type\":\"Person\",\"@id\":\"https:\/\/www.ac-am.fr\/#\/schema\/person\/f6920100a1eee321181b2d8606edb6ee\",\"name\":\"Claude ACAM\",\"image\":{\"@type\":\"ImageObject\",\"inLanguage\":\"fr-FR\",\"@id\":\"https:\/\/www.ac-am.fr\/#\/schema\/person\/image\/\",\"url\":\"https:\/\/secure.gravatar.com\/avatar\/e09e4cf5d19c14eb87ca16e06420f2d1dfe3e8967072c4616fd0fdf3e8855650?s=96&d=identicon&r=g\",\"contentUrl\":\"https:\/\/secure.gravatar.com\/avatar\/e09e4cf5d19c14eb87ca16e06420f2d1dfe3e8967072c4616fd0fdf3e8855650?s=96&d=identicon&r=g\",\"caption\":\"Claude ACAM\"},\"sameAs\":[\"http:\/\/www.ac-am.fr\/\"],\"url\":\"https:\/\/www.ac-am.fr\/index.php\/author\/claude-b\/\"}]}<\/script>\n<!-- \/ Yoast SEO plugin. -->","yoast_head_json":{"title":"Notre futur se dessine-t-il maintenant ? - Autre Conscience, Autre Monde","robots":{"index":"index","follow":"follow","max-snippet":"max-snippet:-1","max-image-preview":"max-image-preview:large","max-video-preview":"max-video-preview:-1"},"canonical":"https:\/\/www.ac-am.fr\/index.php\/2002\/05\/26\/notre-futur-se-dessine-t-il-maintenant\/","og_locale":"fr_FR","og_type":"article","og_title":"Notre futur se dessine-t-il maintenant ? - Autre Conscience, Autre Monde","og_description":"Notre futur se dessine-t-il maintenant ? Il y a environ deux mois sur la radio...","og_url":"https:\/\/www.ac-am.fr\/index.php\/2002\/05\/26\/notre-futur-se-dessine-t-il-maintenant\/","og_site_name":"Autre Conscience, Autre Monde","article_publisher":"https:\/\/fr-fr.facebook.com\/claude.acam\/","article_published_time":"2002-05-26T22:32:55+00:00","article_modified_time":"2015-11-13T17:55:39+00:00","og_image":[{"url":"http:\/\/www.ac-am.fr\/wp-content\/uploads\/2015\/09\/barre_vt.gif","type":"","width":"","height":""}],"author":"Claude ACAM","twitter_card":"summary_large_image","twitter_misc":{"\u00c9crit par":"Claude ACAM","Dur\u00e9e de lecture estim\u00e9e":"4 minutes"},"schema":{"@context":"https:\/\/schema.org","@graph":[{"@type":"Article","@id":"https:\/\/www.ac-am.fr\/index.php\/2002\/05\/26\/notre-futur-se-dessine-t-il-maintenant\/#article","isPartOf":{"@id":"https:\/\/www.ac-am.fr\/index.php\/2002\/05\/26\/notre-futur-se-dessine-t-il-maintenant\/"},"author":{"name":"Claude ACAM","@id":"https:\/\/www.ac-am.fr\/#\/schema\/person\/f6920100a1eee321181b2d8606edb6ee"},"headline":"Notre futur se dessine-t-il maintenant ?","datePublished":"2002-05-26T22:32:55+00:00","dateModified":"2015-11-13T17:55:39+00:00","mainEntityOfPage":{"@id":"https:\/\/www.ac-am.fr\/index.php\/2002\/05\/26\/notre-futur-se-dessine-t-il-maintenant\/"},"wordCount":862,"publisher":{"@id":"https:\/\/www.ac-am.fr\/#organization"},"image":{"@id":"https:\/\/www.ac-am.fr\/index.php\/2002\/05\/26\/notre-futur-se-dessine-t-il-maintenant\/#primaryimage"},"thumbnailUrl":"http:\/\/www.ac-am.fr\/wp-content\/uploads\/2015\/09\/barre_vt.gif","articleSection":["2002 \u2013 3 R\u00c8GNES et aux \u00c9NERGIES"],"inLanguage":"fr-FR"},{"@type":"WebPage","@id":"https:\/\/www.ac-am.fr\/index.php\/2002\/05\/26\/notre-futur-se-dessine-t-il-maintenant\/","url":"https:\/\/www.ac-am.fr\/index.php\/2002\/05\/26\/notre-futur-se-dessine-t-il-maintenant\/","name":"Notre futur se dessine-t-il maintenant ? - Autre Conscience, Autre Monde","isPartOf":{"@id":"https:\/\/www.ac-am.fr\/#website"},"primaryImageOfPage":{"@id":"https:\/\/www.ac-am.fr\/index.php\/2002\/05\/26\/notre-futur-se-dessine-t-il-maintenant\/#primaryimage"},"image":{"@id":"https:\/\/www.ac-am.fr\/index.php\/2002\/05\/26\/notre-futur-se-dessine-t-il-maintenant\/#primaryimage"},"thumbnailUrl":"http:\/\/www.ac-am.fr\/wp-content\/uploads\/2015\/09\/barre_vt.gif","datePublished":"2002-05-26T22:32:55+00:00","dateModified":"2015-11-13T17:55:39+00:00","breadcrumb":{"@id":"https:\/\/www.ac-am.fr\/index.php\/2002\/05\/26\/notre-futur-se-dessine-t-il-maintenant\/#breadcrumb"},"inLanguage":"fr-FR","potentialAction":[{"@type":"ReadAction","target":["https:\/\/www.ac-am.fr\/index.php\/2002\/05\/26\/notre-futur-se-dessine-t-il-maintenant\/"]}]},{"@type":"ImageObject","inLanguage":"fr-FR","@id":"https:\/\/www.ac-am.fr\/index.php\/2002\/05\/26\/notre-futur-se-dessine-t-il-maintenant\/#primaryimage","url":"https:\/\/www.ac-am.fr\/wp-content\/uploads\/2015\/09\/barre_vt.gif","contentUrl":"https:\/\/www.ac-am.fr\/wp-content\/uploads\/2015\/09\/barre_vt.gif","width":550,"height":7,"caption":"Barre verte"},{"@type":"BreadcrumbList","@id":"https:\/\/www.ac-am.fr\/index.php\/2002\/05\/26\/notre-futur-se-dessine-t-il-maintenant\/#breadcrumb","itemListElement":[{"@type":"ListItem","position":1,"name":"Accueil","item":"https:\/\/www.ac-am.fr\/"},{"@type":"ListItem","position":2,"name":"Notre futur se dessine-t-il maintenant ?"}]},{"@type":"WebSite","@id":"https:\/\/www.ac-am.fr\/#website","url":"https:\/\/www.ac-am.fr\/","name":"Autre Conscience, Autre Monde","description":"","publisher":{"@id":"https:\/\/www.ac-am.fr\/#organization"},"potentialAction":[{"@type":"SearchAction","target":{"@type":"EntryPoint","urlTemplate":"https:\/\/www.ac-am.fr\/?s={search_term_string}"},"query-input":{"@type":"PropertyValueSpecification","valueRequired":true,"valueName":"search_term_string"}}],"inLanguage":"fr-FR"},{"@type":"Organization","@id":"https:\/\/www.ac-am.fr\/#organization","name":"Autre Conscience, Autre Monde","url":"https:\/\/www.ac-am.fr\/","logo":{"@type":"ImageObject","inLanguage":"fr-FR","@id":"https:\/\/www.ac-am.fr\/#\/schema\/logo\/image\/","url":"https:\/\/www.ac-am.fr\/wp-content\/uploads\/2015\/10\/bd_ac_am.gif","contentUrl":"https:\/\/www.ac-am.fr\/wp-content\/uploads\/2015\/10\/bd_ac_am.gif","width":370,"height":65,"caption":"Autre Conscience, Autre Monde"},"image":{"@id":"https:\/\/www.ac-am.fr\/#\/schema\/logo\/image\/"},"sameAs":["https:\/\/fr-fr.facebook.com\/claude.acam\/","https:\/\/www.youtube.com\/user\/consciencemonde"]},{"@type":"Person","@id":"https:\/\/www.ac-am.fr\/#\/schema\/person\/f6920100a1eee321181b2d8606edb6ee","name":"Claude ACAM","image":{"@type":"ImageObject","inLanguage":"fr-FR","@id":"https:\/\/www.ac-am.fr\/#\/schema\/person\/image\/","url":"https:\/\/secure.gravatar.com\/avatar\/e09e4cf5d19c14eb87ca16e06420f2d1dfe3e8967072c4616fd0fdf3e8855650?s=96&d=identicon&r=g","contentUrl":"https:\/\/secure.gravatar.com\/avatar\/e09e4cf5d19c14eb87ca16e06420f2d1dfe3e8967072c4616fd0fdf3e8855650?s=96&d=identicon&r=g","caption":"Claude ACAM"},"sameAs":["http:\/\/www.ac-am.fr\/"],"url":"https:\/\/www.ac-am.fr\/index.php\/author\/claude-b\/"}]}},"_links":{"self":[{"href":"https:\/\/www.ac-am.fr\/index.php\/wp-json\/wp\/v2\/posts\/859","targetHints":{"allow":["GET"]}}],"collection":[{"href":"https:\/\/www.ac-am.fr\/index.php\/wp-json\/wp\/v2\/posts"}],"about":[{"href":"https:\/\/www.ac-am.fr\/index.php\/wp-json\/wp\/v2\/types\/post"}],"author":[{"embeddable":true,"href":"https:\/\/www.ac-am.fr\/index.php\/wp-json\/wp\/v2\/users\/2"}],"replies":[{"embeddable":true,"href":"https:\/\/www.ac-am.fr\/index.php\/wp-json\/wp\/v2\/comments?post=859"}],"version-history":[{"count":8,"href":"https:\/\/www.ac-am.fr\/index.php\/wp-json\/wp\/v2\/posts\/859\/revisions"}],"predecessor-version":[{"id":1495,"href":"https:\/\/www.ac-am.fr\/index.php\/wp-json\/wp\/v2\/posts\/859\/revisions\/1495"}],"wp:attachment":[{"href":"https:\/\/www.ac-am.fr\/index.php\/wp-json\/wp\/v2\/media?parent=859"}],"wp:term":[{"taxonomy":"category","embeddable":true,"href":"https:\/\/www.ac-am.fr\/index.php\/wp-json\/wp\/v2\/categories?post=859"},{"taxonomy":"post_tag","embeddable":true,"href":"https:\/\/www.ac-am.fr\/index.php\/wp-json\/wp\/v2\/tags?post=859"}],"curies":[{"name":"wp","href":"https:\/\/api.w.org\/{rel}","templated":true}]}}