{"id":861,"date":"2002-07-30T23:34:33","date_gmt":"2002-07-30T22:34:33","guid":{"rendered":"https:\/\/www.ac-am.fr\/?p=861"},"modified":"2015-11-13T18:56:22","modified_gmt":"2015-11-13T17:56:22","slug":"les-scientifiques-se-perdent-en-conjecture-qui-devient-une-conjoncture","status":"publish","type":"post","link":"https:\/\/www.ac-am.fr\/index.php\/2002\/07\/30\/les-scientifiques-se-perdent-en-conjecture-qui-devient-une-conjoncture\/","title":{"rendered":"Les Scientifiques se perdent en conjecture qui devient une conjoncture."},"content":{"rendered":"<div id=\"energies\" style=\"background-attachment: fixed; border: 2px solid #FF9900; border-radius: 10px; opacity: 0.90;\">\n<table class=\"aligncenter\" style=\"width: 600px;\" border=\"0\">\n<tbody>\n<tr>\n<td>\n<table class=\"aligncenter\" style=\"width: 567px; height: 190px;\" border=\"0\">\n<tbody>\n<tr>\n<td><img decoding=\"async\" class=\"aligncenter\" src=\"http:\/\/www.ac-am.fr\/wp-content\/uploads\/2015\/09\/barre_vt.gif\" alt=\"\" border=\"0\" \/><\/td>\n<\/tr>\n<tr>\n<td style=\"text-align: left;\"><img loading=\"lazy\" decoding=\"async\" src=\"http:\/\/www.ac-am.fr\/wp-content\/uploads\/2015\/09\/rete3re.gif\" alt=\"R\u00e9flexions et T\u00e9moignages\" width=\"380\" height=\"100\" border=\"0\" \/><img loading=\"lazy\" decoding=\"async\" src=\"http:\/\/www.ac-am.fr\/wp-content\/uploads\/2015\/10\/cal2002.gif\" alt=\"Ann\u00e9e 2002\" width=\"150\" height=\"100\" border=\"0\" \/><\/td>\n<\/tr>\n<tr>\n<td><img decoding=\"async\" class=\"aligncenter\" src=\"http:\/\/www.ac-am.fr\/wp-content\/uploads\/2015\/09\/barre_vt.gif\" alt=\"\" border=\"0\" \/><\/td>\n<\/tr>\n<\/tbody>\n<\/table>\n<table class=\"aligncenter\" style=\"width: 590px;\" border=\"0\">\n<tbody>\n<tr>\n<td><a name=\"Jean_Samuel01_3regnes_01\"><\/a><b class=\"ntitre1\">Les Scientifiques se perdent en conjecture qui devient une conjoncture.<\/b><\/td>\n<\/tr>\n<tr>\n<td colspan=\"2\"><img decoding=\"async\" class=\"aligncenter\" src=\"http:\/\/www.ac-am.fr\/wp-content\/uploads\/2015\/09\/barre_vt.gif\" alt=\"\" border=\"0\" \/><\/td>\n<\/tr>\n<tr>\n<td style=\"text-align: left;\"><span class=\"gmoyen\"><img decoding=\"async\" src=\"http:\/\/www.ac-am.fr\/wp-content\/uploads\/2015\/09\/balle02.gif\" alt=\"\" border=\"0\" \/> Sur la C\u00f4te Est des \u00c9tats-Unis, dans les environs de Boston, plus pr\u00e9cis\u00e9ment sur les Plages de Cape Cod; une grande quantit\u00e9 de mammif\u00e8res marins se sont \u00e9chou\u00e9es sur les gr\u00e8ves.<\/span><\/p>\n<p> <span class=\"gmoyen\"><img decoding=\"async\" src=\"http:\/\/www.ac-am.fr\/wp-content\/uploads\/2015\/09\/balle02.gif\" alt=\"\" border=\"0\" \/> Les b\u00e9n\u00e9voles ont r\u00e9ussi \u00e0 replacer 46 de ces mammif\u00e8res \u00e0 la mer, mais on craint qu&rsquo;ils ne s&rsquo;\u00e9chouent \u00e0 nouveau bient\u00f4t. Plusieurs sont morts, n&rsquo;ayant pas pu \u00eatre renflou\u00e9s.<\/span><\/p>\n<p> <span class=\"gmoyen\"><img decoding=\"async\" src=\"http:\/\/www.ac-am.fr\/wp-content\/uploads\/2015\/09\/balle02.gif\" alt=\"\" border=\"0\" \/> Revenons \u00e0 nos \u00ab\u00a0Scientifiques\u00a0\u00bb qui disposent de tous les instruments, les \u00e9quipements, mais surtout l&rsquo;intelligence pour appliquer une bonne mesure de sens commun. Ont-ils consid\u00e9r\u00e9s les conjectures (suppos\u00e9es) avanc\u00e9es par les tenants d&rsquo;\u00c9sot\u00e9risme et de M\u00e9taphysique ?<\/span><\/p>\n<p> <span class=\"gmoyen\"><img decoding=\"async\" src=\"http:\/\/www.ac-am.fr\/wp-content\/uploads\/2015\/09\/balle02.gif\" alt=\"\" border=\"0\" \/> Il y a mati\u00e8re \u00e0 consid\u00e9rer, surtout qu&rsquo;il y a quelques jours \u00e0 peine, un objet non-identifi\u00e9 dans le ciel de l&rsquo;Ouest des Etats-Unis, a \u00e9t\u00e9 signal\u00e9 officiellement, et avec les \u00e9v\u00e9nements du 11 septembre, l&rsquo;ordre de chasse fut imm\u00e9diatement donn\u00e9. Rendu sur place, les pilotes n&rsquo;ont constat\u00e9 qu&rsquo;un \u00e9claire bleu qui s&rsquo;est manifest\u00e9 et l&rsquo;objet \u00e0 disparu.<\/span><\/p>\n<p> <span class=\"gmoyen\"><img decoding=\"async\" src=\"http:\/\/www.ac-am.fr\/wp-content\/uploads\/2015\/09\/balle02.gif\" alt=\"\" border=\"0\" \/> Non les tenants des sciences occultes sont des r\u00eaveurs, non initi\u00e9s aux Sciences Officielles. Alors quand la prochaine explication \u00e9chevel\u00e9e sur l&rsquo;\u00e9chouement des mammif\u00e8res marins.<\/span><\/p>\n<p> <span class=\"gmoyen\"><img decoding=\"async\" src=\"http:\/\/www.ac-am.fr\/wp-content\/uploads\/2015\/09\/balle02.gif\" alt=\"\" border=\"0\" \/> Claude, je me permets de te demander ceci\u2026 R\u00e9fl\u00e9chissons, et tenons-nous aux aguets d\u2019informations, si dans 30, 40, 60 ou 90 jours nous entendons parler de catastrophes plan\u00e9taires suite \u00e0 ce \u00ab\u00a0suicide\u00a0\u00bb collectif. Pour ma part, je suis convaincu de ma <a href=\"http:\/\/www.ac-am.fr\/index.php\/1998\/05\/18\/courants-telluriques-et-desorientation-des-mammiferes\/\" target=\"_self\">th\u00e8se<\/a>, reste \u00e0 la confirmer de fa\u00e7on structur\u00e9e, peut-\u00eatre pourrons-nous r\u00e9veiller les tenants du mat\u00e9rialisme\u2026<\/span><\/p>\n<p> <span class=\"gmoyen\"><i>[<a href=\"boites.htm#Jean_Samuel01_G\">Jean Samuel G. le 30-07-02<\/a>]<\/i><\/span><a href=\"http:\/\/www.ac-am.fr\/index.php\/jean-samuel-g-pardon\/\" target=\"_self\"><img loading=\"lazy\" decoding=\"async\" src=\"http:\/\/www.ac-am.fr\/wp-content\/uploads\/2015\/10\/ecrits2.gif\" alt=\"\" width=\"50\" height=\"36\" border=\"0\" hspace=\"10\" \/><\/a><\/td>\n<\/tr>\n<\/tbody>\n<\/table>\n<\/td>\n<\/tr>\n<\/tbody>\n<\/table>\n<\/div>\n<div style=\"padding-bottom:20px; padding-top:10px;\" class=\"hupso-share-buttons\"><!-- Hupso Share Buttons - https:\/\/www.hupso.com\/share\/ --><a class=\"hupso_toolbar\" href=\"https:\/\/www.hupso.com\/share\/\"><img decoding=\"async\" src=\"https:\/\/static.hupso.com\/share\/buttons\/lang\/fr\/share.png\" style=\"border:0px; padding-top: 5px; float:left;\" alt=\"Share Button\"\/><\/a><script type=\"text\/javascript\">var hupso_services_t=new Array(\"Twitter\",\"Facebook\",\"Google Plus\");var hupso_background_t=\"#EAF4FF\";var hupso_border_t=\"#66CCFF\";var hupso_toolbar_size_t=\"big\";var hupso_image_folder_url = \"\";var hupso_url_t=\"\";var hupso_title_t=\"Les%20Scientifiques%20se%20perdent%20en%20conjecture%20qui%20devient%20une%20conjoncture.\";<\/script><script type=\"text\/javascript\" src=\"https:\/\/static.hupso.com\/share\/js\/share_toolbar.js\"><\/script><!-- Hupso Share Buttons --><\/div>","protected":false},"excerpt":{"rendered":"<p>Les Scientifiques se perdent en conjecture qui devient une conjoncture. Sur la C\u00f4te Est des&#8230;<\/p>\n","protected":false},"author":4,"featured_media":0,"comment_status":"closed","ping_status":"open","sticky":false,"template":"","format":"standard","meta":{"footnotes":""},"categories":[16],"tags":[],"class_list":["post-861","post","type-post","status-publish","format-standard","hentry","category-2002-3-regnes-et-aux-energies"],"yoast_head":"<!-- This site is optimized with the Yoast SEO plugin v26.9 - https:\/\/yoast.com\/product\/yoast-seo-wordpress\/ -->\n<title>Les Scientifiques se perdent en conjecture qui devient une conjoncture. - Autre Conscience, Autre Monde<\/title>\n<meta name=\"robots\" content=\"index, follow, max-snippet:-1, max-image-preview:large, max-video-preview:-1\" \/>\n<link rel=\"canonical\" href=\"https:\/\/www.ac-am.fr\/index.php\/2002\/07\/30\/les-scientifiques-se-perdent-en-conjecture-qui-devient-une-conjoncture\/\" \/>\n<meta property=\"og:locale\" content=\"fr_FR\" \/>\n<meta property=\"og:type\" content=\"article\" \/>\n<meta property=\"og:title\" content=\"Les Scientifiques se perdent en conjecture qui devient une conjoncture. - Autre Conscience, Autre Monde\" \/>\n<meta property=\"og:description\" content=\"Les Scientifiques se perdent en conjecture qui devient une conjoncture. Sur la C\u00f4te Est des...\" \/>\n<meta property=\"og:url\" content=\"https:\/\/www.ac-am.fr\/index.php\/2002\/07\/30\/les-scientifiques-se-perdent-en-conjecture-qui-devient-une-conjoncture\/\" \/>\n<meta property=\"og:site_name\" content=\"Autre Conscience, Autre Monde\" \/>\n<meta property=\"article:publisher\" content=\"https:\/\/fr-fr.facebook.com\/claude.acam\/\" \/>\n<meta property=\"article:published_time\" content=\"2002-07-30T22:34:33+00:00\" \/>\n<meta property=\"article:modified_time\" content=\"2015-11-13T17:56:22+00:00\" \/>\n<meta property=\"og:image\" content=\"http:\/\/www.ac-am.fr\/wp-content\/uploads\/2015\/09\/barre_vt.gif\" \/>\n<meta name=\"author\" content=\"Jean-Samuel G.\" \/>\n<meta name=\"twitter:card\" content=\"summary_large_image\" \/>\n<meta name=\"twitter:label1\" content=\"\u00c9crit par\" \/>\n\t<meta name=\"twitter:data1\" content=\"Jean-Samuel G.\" \/>\n\t<meta name=\"twitter:label2\" content=\"Dur\u00e9e de lecture estim\u00e9e\" \/>\n\t<meta name=\"twitter:data2\" content=\"1 minute\" \/>\n<script type=\"application\/ld+json\" class=\"yoast-schema-graph\">{\"@context\":\"https:\/\/schema.org\",\"@graph\":[{\"@type\":\"Article\",\"@id\":\"https:\/\/www.ac-am.fr\/index.php\/2002\/07\/30\/les-scientifiques-se-perdent-en-conjecture-qui-devient-une-conjoncture\/#article\",\"isPartOf\":{\"@id\":\"https:\/\/www.ac-am.fr\/index.php\/2002\/07\/30\/les-scientifiques-se-perdent-en-conjecture-qui-devient-une-conjoncture\/\"},\"author\":{\"name\":\"Jean-Samuel G.\",\"@id\":\"https:\/\/www.ac-am.fr\/#\/schema\/person\/8ba4336baa9f23867a7f37ed189bef96\"},\"headline\":\"Les Scientifiques se perdent en conjecture qui devient une conjoncture.\",\"datePublished\":\"2002-07-30T22:34:33+00:00\",\"dateModified\":\"2015-11-13T17:56:22+00:00\",\"mainEntityOfPage\":{\"@id\":\"https:\/\/www.ac-am.fr\/index.php\/2002\/07\/30\/les-scientifiques-se-perdent-en-conjecture-qui-devient-une-conjoncture\/\"},\"wordCount\":296,\"publisher\":{\"@id\":\"https:\/\/www.ac-am.fr\/#organization\"},\"image\":{\"@id\":\"https:\/\/www.ac-am.fr\/index.php\/2002\/07\/30\/les-scientifiques-se-perdent-en-conjecture-qui-devient-une-conjoncture\/#primaryimage\"},\"thumbnailUrl\":\"http:\/\/www.ac-am.fr\/wp-content\/uploads\/2015\/09\/barre_vt.gif\",\"articleSection\":[\"2002 \u2013 3 R\u00c8GNES et aux \u00c9NERGIES\"],\"inLanguage\":\"fr-FR\"},{\"@type\":\"WebPage\",\"@id\":\"https:\/\/www.ac-am.fr\/index.php\/2002\/07\/30\/les-scientifiques-se-perdent-en-conjecture-qui-devient-une-conjoncture\/\",\"url\":\"https:\/\/www.ac-am.fr\/index.php\/2002\/07\/30\/les-scientifiques-se-perdent-en-conjecture-qui-devient-une-conjoncture\/\",\"name\":\"Les Scientifiques se perdent en conjecture qui devient une conjoncture. - Autre Conscience, Autre Monde\",\"isPartOf\":{\"@id\":\"https:\/\/www.ac-am.fr\/#website\"},\"primaryImageOfPage\":{\"@id\":\"https:\/\/www.ac-am.fr\/index.php\/2002\/07\/30\/les-scientifiques-se-perdent-en-conjecture-qui-devient-une-conjoncture\/#primaryimage\"},\"image\":{\"@id\":\"https:\/\/www.ac-am.fr\/index.php\/2002\/07\/30\/les-scientifiques-se-perdent-en-conjecture-qui-devient-une-conjoncture\/#primaryimage\"},\"thumbnailUrl\":\"http:\/\/www.ac-am.fr\/wp-content\/uploads\/2015\/09\/barre_vt.gif\",\"datePublished\":\"2002-07-30T22:34:33+00:00\",\"dateModified\":\"2015-11-13T17:56:22+00:00\",\"breadcrumb\":{\"@id\":\"https:\/\/www.ac-am.fr\/index.php\/2002\/07\/30\/les-scientifiques-se-perdent-en-conjecture-qui-devient-une-conjoncture\/#breadcrumb\"},\"inLanguage\":\"fr-FR\",\"potentialAction\":[{\"@type\":\"ReadAction\",\"target\":[\"https:\/\/www.ac-am.fr\/index.php\/2002\/07\/30\/les-scientifiques-se-perdent-en-conjecture-qui-devient-une-conjoncture\/\"]}]},{\"@type\":\"ImageObject\",\"inLanguage\":\"fr-FR\",\"@id\":\"https:\/\/www.ac-am.fr\/index.php\/2002\/07\/30\/les-scientifiques-se-perdent-en-conjecture-qui-devient-une-conjoncture\/#primaryimage\",\"url\":\"https:\/\/www.ac-am.fr\/wp-content\/uploads\/2015\/09\/barre_vt.gif\",\"contentUrl\":\"https:\/\/www.ac-am.fr\/wp-content\/uploads\/2015\/09\/barre_vt.gif\",\"width\":550,\"height\":7,\"caption\":\"Barre verte\"},{\"@type\":\"BreadcrumbList\",\"@id\":\"https:\/\/www.ac-am.fr\/index.php\/2002\/07\/30\/les-scientifiques-se-perdent-en-conjecture-qui-devient-une-conjoncture\/#breadcrumb\",\"itemListElement\":[{\"@type\":\"ListItem\",\"position\":1,\"name\":\"Accueil\",\"item\":\"https:\/\/www.ac-am.fr\/\"},{\"@type\":\"ListItem\",\"position\":2,\"name\":\"Les Scientifiques se perdent en conjecture qui devient une conjoncture.\"}]},{\"@type\":\"WebSite\",\"@id\":\"https:\/\/www.ac-am.fr\/#website\",\"url\":\"https:\/\/www.ac-am.fr\/\",\"name\":\"Autre Conscience, Autre Monde\",\"description\":\"\",\"publisher\":{\"@id\":\"https:\/\/www.ac-am.fr\/#organization\"},\"potentialAction\":[{\"@type\":\"SearchAction\",\"target\":{\"@type\":\"EntryPoint\",\"urlTemplate\":\"https:\/\/www.ac-am.fr\/?s={search_term_string}\"},\"query-input\":{\"@type\":\"PropertyValueSpecification\",\"valueRequired\":true,\"valueName\":\"search_term_string\"}}],\"inLanguage\":\"fr-FR\"},{\"@type\":\"Organization\",\"@id\":\"https:\/\/www.ac-am.fr\/#organization\",\"name\":\"Autre Conscience, Autre Monde\",\"url\":\"https:\/\/www.ac-am.fr\/\",\"logo\":{\"@type\":\"ImageObject\",\"inLanguage\":\"fr-FR\",\"@id\":\"https:\/\/www.ac-am.fr\/#\/schema\/logo\/image\/\",\"url\":\"https:\/\/www.ac-am.fr\/wp-content\/uploads\/2015\/10\/bd_ac_am.gif\",\"contentUrl\":\"https:\/\/www.ac-am.fr\/wp-content\/uploads\/2015\/10\/bd_ac_am.gif\",\"width\":370,\"height\":65,\"caption\":\"Autre Conscience, Autre Monde\"},\"image\":{\"@id\":\"https:\/\/www.ac-am.fr\/#\/schema\/logo\/image\/\"},\"sameAs\":[\"https:\/\/fr-fr.facebook.com\/claude.acam\/\",\"https:\/\/www.youtube.com\/user\/consciencemonde\"]},{\"@type\":\"Person\",\"@id\":\"https:\/\/www.ac-am.fr\/#\/schema\/person\/8ba4336baa9f23867a7f37ed189bef96\",\"name\":\"Jean-Samuel G.\",\"image\":{\"@type\":\"ImageObject\",\"inLanguage\":\"fr-FR\",\"@id\":\"https:\/\/www.ac-am.fr\/#\/schema\/person\/image\/\",\"url\":\"https:\/\/secure.gravatar.com\/avatar\/f2363bb60723dc8df83367598e801f39544f6ea45e89f440ded40fd90b76d38a?s=96&d=identicon&r=g\",\"contentUrl\":\"https:\/\/secure.gravatar.com\/avatar\/f2363bb60723dc8df83367598e801f39544f6ea45e89f440ded40fd90b76d38a?s=96&d=identicon&r=g\",\"caption\":\"Jean-Samuel G.\"},\"url\":\"https:\/\/www.ac-am.fr\/index.php\/author\/jean-samuel-g\/\"}]}<\/script>\n<!-- \/ Yoast SEO plugin. -->","yoast_head_json":{"title":"Les Scientifiques se perdent en conjecture qui devient une conjoncture. - Autre Conscience, Autre Monde","robots":{"index":"index","follow":"follow","max-snippet":"max-snippet:-1","max-image-preview":"max-image-preview:large","max-video-preview":"max-video-preview:-1"},"canonical":"https:\/\/www.ac-am.fr\/index.php\/2002\/07\/30\/les-scientifiques-se-perdent-en-conjecture-qui-devient-une-conjoncture\/","og_locale":"fr_FR","og_type":"article","og_title":"Les Scientifiques se perdent en conjecture qui devient une conjoncture. - Autre Conscience, Autre Monde","og_description":"Les Scientifiques se perdent en conjecture qui devient une conjoncture. Sur la C\u00f4te Est des...","og_url":"https:\/\/www.ac-am.fr\/index.php\/2002\/07\/30\/les-scientifiques-se-perdent-en-conjecture-qui-devient-une-conjoncture\/","og_site_name":"Autre Conscience, Autre Monde","article_publisher":"https:\/\/fr-fr.facebook.com\/claude.acam\/","article_published_time":"2002-07-30T22:34:33+00:00","article_modified_time":"2015-11-13T17:56:22+00:00","og_image":[{"url":"http:\/\/www.ac-am.fr\/wp-content\/uploads\/2015\/09\/barre_vt.gif","type":"","width":"","height":""}],"author":"Jean-Samuel G.","twitter_card":"summary_large_image","twitter_misc":{"\u00c9crit par":"Jean-Samuel G.","Dur\u00e9e de lecture estim\u00e9e":"1 minute"},"schema":{"@context":"https:\/\/schema.org","@graph":[{"@type":"Article","@id":"https:\/\/www.ac-am.fr\/index.php\/2002\/07\/30\/les-scientifiques-se-perdent-en-conjecture-qui-devient-une-conjoncture\/#article","isPartOf":{"@id":"https:\/\/www.ac-am.fr\/index.php\/2002\/07\/30\/les-scientifiques-se-perdent-en-conjecture-qui-devient-une-conjoncture\/"},"author":{"name":"Jean-Samuel G.","@id":"https:\/\/www.ac-am.fr\/#\/schema\/person\/8ba4336baa9f23867a7f37ed189bef96"},"headline":"Les Scientifiques se perdent en conjecture qui devient une conjoncture.","datePublished":"2002-07-30T22:34:33+00:00","dateModified":"2015-11-13T17:56:22+00:00","mainEntityOfPage":{"@id":"https:\/\/www.ac-am.fr\/index.php\/2002\/07\/30\/les-scientifiques-se-perdent-en-conjecture-qui-devient-une-conjoncture\/"},"wordCount":296,"publisher":{"@id":"https:\/\/www.ac-am.fr\/#organization"},"image":{"@id":"https:\/\/www.ac-am.fr\/index.php\/2002\/07\/30\/les-scientifiques-se-perdent-en-conjecture-qui-devient-une-conjoncture\/#primaryimage"},"thumbnailUrl":"http:\/\/www.ac-am.fr\/wp-content\/uploads\/2015\/09\/barre_vt.gif","articleSection":["2002 \u2013 3 R\u00c8GNES et aux \u00c9NERGIES"],"inLanguage":"fr-FR"},{"@type":"WebPage","@id":"https:\/\/www.ac-am.fr\/index.php\/2002\/07\/30\/les-scientifiques-se-perdent-en-conjecture-qui-devient-une-conjoncture\/","url":"https:\/\/www.ac-am.fr\/index.php\/2002\/07\/30\/les-scientifiques-se-perdent-en-conjecture-qui-devient-une-conjoncture\/","name":"Les Scientifiques se perdent en conjecture qui devient une conjoncture. - Autre Conscience, Autre Monde","isPartOf":{"@id":"https:\/\/www.ac-am.fr\/#website"},"primaryImageOfPage":{"@id":"https:\/\/www.ac-am.fr\/index.php\/2002\/07\/30\/les-scientifiques-se-perdent-en-conjecture-qui-devient-une-conjoncture\/#primaryimage"},"image":{"@id":"https:\/\/www.ac-am.fr\/index.php\/2002\/07\/30\/les-scientifiques-se-perdent-en-conjecture-qui-devient-une-conjoncture\/#primaryimage"},"thumbnailUrl":"http:\/\/www.ac-am.fr\/wp-content\/uploads\/2015\/09\/barre_vt.gif","datePublished":"2002-07-30T22:34:33+00:00","dateModified":"2015-11-13T17:56:22+00:00","breadcrumb":{"@id":"https:\/\/www.ac-am.fr\/index.php\/2002\/07\/30\/les-scientifiques-se-perdent-en-conjecture-qui-devient-une-conjoncture\/#breadcrumb"},"inLanguage":"fr-FR","potentialAction":[{"@type":"ReadAction","target":["https:\/\/www.ac-am.fr\/index.php\/2002\/07\/30\/les-scientifiques-se-perdent-en-conjecture-qui-devient-une-conjoncture\/"]}]},{"@type":"ImageObject","inLanguage":"fr-FR","@id":"https:\/\/www.ac-am.fr\/index.php\/2002\/07\/30\/les-scientifiques-se-perdent-en-conjecture-qui-devient-une-conjoncture\/#primaryimage","url":"https:\/\/www.ac-am.fr\/wp-content\/uploads\/2015\/09\/barre_vt.gif","contentUrl":"https:\/\/www.ac-am.fr\/wp-content\/uploads\/2015\/09\/barre_vt.gif","width":550,"height":7,"caption":"Barre verte"},{"@type":"BreadcrumbList","@id":"https:\/\/www.ac-am.fr\/index.php\/2002\/07\/30\/les-scientifiques-se-perdent-en-conjecture-qui-devient-une-conjoncture\/#breadcrumb","itemListElement":[{"@type":"ListItem","position":1,"name":"Accueil","item":"https:\/\/www.ac-am.fr\/"},{"@type":"ListItem","position":2,"name":"Les Scientifiques se perdent en conjecture qui devient une conjoncture."}]},{"@type":"WebSite","@id":"https:\/\/www.ac-am.fr\/#website","url":"https:\/\/www.ac-am.fr\/","name":"Autre Conscience, Autre Monde","description":"","publisher":{"@id":"https:\/\/www.ac-am.fr\/#organization"},"potentialAction":[{"@type":"SearchAction","target":{"@type":"EntryPoint","urlTemplate":"https:\/\/www.ac-am.fr\/?s={search_term_string}"},"query-input":{"@type":"PropertyValueSpecification","valueRequired":true,"valueName":"search_term_string"}}],"inLanguage":"fr-FR"},{"@type":"Organization","@id":"https:\/\/www.ac-am.fr\/#organization","name":"Autre Conscience, Autre Monde","url":"https:\/\/www.ac-am.fr\/","logo":{"@type":"ImageObject","inLanguage":"fr-FR","@id":"https:\/\/www.ac-am.fr\/#\/schema\/logo\/image\/","url":"https:\/\/www.ac-am.fr\/wp-content\/uploads\/2015\/10\/bd_ac_am.gif","contentUrl":"https:\/\/www.ac-am.fr\/wp-content\/uploads\/2015\/10\/bd_ac_am.gif","width":370,"height":65,"caption":"Autre Conscience, Autre Monde"},"image":{"@id":"https:\/\/www.ac-am.fr\/#\/schema\/logo\/image\/"},"sameAs":["https:\/\/fr-fr.facebook.com\/claude.acam\/","https:\/\/www.youtube.com\/user\/consciencemonde"]},{"@type":"Person","@id":"https:\/\/www.ac-am.fr\/#\/schema\/person\/8ba4336baa9f23867a7f37ed189bef96","name":"Jean-Samuel G.","image":{"@type":"ImageObject","inLanguage":"fr-FR","@id":"https:\/\/www.ac-am.fr\/#\/schema\/person\/image\/","url":"https:\/\/secure.gravatar.com\/avatar\/f2363bb60723dc8df83367598e801f39544f6ea45e89f440ded40fd90b76d38a?s=96&d=identicon&r=g","contentUrl":"https:\/\/secure.gravatar.com\/avatar\/f2363bb60723dc8df83367598e801f39544f6ea45e89f440ded40fd90b76d38a?s=96&d=identicon&r=g","caption":"Jean-Samuel G."},"url":"https:\/\/www.ac-am.fr\/index.php\/author\/jean-samuel-g\/"}]}},"_links":{"self":[{"href":"https:\/\/www.ac-am.fr\/index.php\/wp-json\/wp\/v2\/posts\/861","targetHints":{"allow":["GET"]}}],"collection":[{"href":"https:\/\/www.ac-am.fr\/index.php\/wp-json\/wp\/v2\/posts"}],"about":[{"href":"https:\/\/www.ac-am.fr\/index.php\/wp-json\/wp\/v2\/types\/post"}],"author":[{"embeddable":true,"href":"https:\/\/www.ac-am.fr\/index.php\/wp-json\/wp\/v2\/users\/4"}],"replies":[{"embeddable":true,"href":"https:\/\/www.ac-am.fr\/index.php\/wp-json\/wp\/v2\/comments?post=861"}],"version-history":[{"count":8,"href":"https:\/\/www.ac-am.fr\/index.php\/wp-json\/wp\/v2\/posts\/861\/revisions"}],"predecessor-version":[{"id":968,"href":"https:\/\/www.ac-am.fr\/index.php\/wp-json\/wp\/v2\/posts\/861\/revisions\/968"}],"wp:attachment":[{"href":"https:\/\/www.ac-am.fr\/index.php\/wp-json\/wp\/v2\/media?parent=861"}],"wp:term":[{"taxonomy":"category","embeddable":true,"href":"https:\/\/www.ac-am.fr\/index.php\/wp-json\/wp\/v2\/categories?post=861"},{"taxonomy":"post_tag","embeddable":true,"href":"https:\/\/www.ac-am.fr\/index.php\/wp-json\/wp\/v2\/tags?post=861"}],"curies":[{"name":"wp","href":"https:\/\/api.w.org\/{rel}","templated":true}]}}